{"id":4489,"date":"2023-01-18T14:03:31","date_gmt":"2023-01-18T14:03:31","guid":{"rendered":"https:\/\/blog.maciterneecolo.fr\/i-problemi-del-caldo-sul-consumo-di-acqua-potabile-in-giardino-e-nellorto\/"},"modified":"2023-08-28T12:35:17","modified_gmt":"2023-08-28T12:35:17","slug":"i-problemi-del-caldo-sul-consumo-di-acqua-potabile-in-giardino-e-nellorto","status":"publish","type":"post","link":"https:\/\/blog.maciterneecolo.fr\/it\/i-problemi-del-caldo-sul-consumo-di-acqua-potabile-in-giardino-e-nellorto\/","title":{"rendered":"I problemi del caldo sul consumo di acqua potabile in giardino e nell&#8217;orto"},"content":{"rendered":"\n<p>L&#8217;aumento del calore pu\u00f2 <strong>causare problemi di acqua potabile negli orti e nei giardini a<\/strong> causa dell&#8217;evaporazione accelerata dell&#8217;acqua. I giardini e gli orti potrebbero necessitare di maggiori irrigazioni per mantenere le piante in salute. Di conseguenza, si utilizza sempre pi\u00f9 acqua di rubinetto. \u00c8 importante <strong>monitorare il consumo eccessivo di acqua potabile<\/strong> in queste aree. Implementare strategie per ridurre il volume d&#8217;acqua utilizzato. Ci\u00f2 pu\u00f2 comportare l&#8217;acquisto di una cisterna flessibile o di un <a href=\"https:\/\/www.maciterneecolo.fr\/fr\/\" target=\"_blank\" rel=\"noreferrer noopener\">collettore di acqua piovana<\/a>. Che pu\u00f2 rivelarsi pratico ed economico in <strong>tempi di siccit\u00e0<\/strong>.<\/p>\n\n<h2 class=\"wp-block-heading\"><strong>Innaffiare e irrigare un giardino o un orto: siccit\u00e0 e consumo eccessivo di acqua potabile<\/strong><\/h2>\n\n<p>La <strong>siccit\u00e0<\/strong> \u00e8 un problema importante per molti aspetti dell&#8217;uso dell&#8217;acqua potabile. Il calore pu\u00f2 causare molti problemi per il <strong>consumo di acqua potabile nei giardini e negli orti<\/strong>. La siccit\u00e0 \u00e8 uno dei problemi principali. Pu\u00f2 portare a un abbassamento dei livelli di acqua nelle falde acquifere e a un costo sempre maggiore sulle bollette dell&#8217;acqua pubblica di anno in anno. Questo rende sempre pi\u00f9 costoso <strong>idratare i fiori e le piante<\/strong> del giardino. Ma anche le verdure dell&#8217;orto.<\/p>\n\n<h3 class=\"wp-block-heading\">Le sfide dell&#8217;irrigazione: consumo e allocazione dell&#8217;acqua<\/h3>\n\n<p>Il <strong>sistema di irrigazione<\/strong> \u00e8 un fattore chiave da considerare. Pu\u00f2 portare a un uso eccessivo di acqua e a una cattiva distribuzione dell&#8217;acqua nel terreno. Si tratta di una <strong>perdita considerevole di acqua durante la stagione calda<\/strong>. Oltre al consumo eccessivo di acqua potabile per il giardino. \u00c8 anche una questione cruciale. L&#8217;acqua del rubinetto \u00e8 spesso dura e ricca di sodio. Questo pu\u00f2 avere un <strong>effetto negativo sulle colture<\/strong>. \u00c8 importante monitorare la qualit\u00e0 dell&#8217;acqua utilizzata per irrigare giardini e orti. Garantire la salute delle piante e degli ortaggi prodotti.<\/p>\n\n<p>In caso di <strong>restrizione idrica dovuta alla siccit\u00e0<\/strong>. \u00c8 inoltre essenziale limitare l&#8217;uso dell&#8217;acqua per attivit\u00e0 non essenziali, come la manutenzione dell&#8217;erba sintetica. Ma anche per irrigare le colture, lavare i vestiti o i piatti,<strong>riempire una piscina<\/strong> o pulire l&#8217;auto. Anche la raccolta e il riciclo delle acque reflue possono essere una soluzione per ridurre il consumo di acqua potabile nei giardini e negli orti.<\/p>\n\n<h3 class=\"wp-block-heading\">Misure preventive: conservazione e monitoraggio dell&#8217;acqua<\/h3>\n\n<p>Si raccomanda di <strong>adottare misure per ridurre il consumo di acqua<\/strong>. Ad esempio, utilizzando un sistema di irrigazione a goccia per il terreno e installando un <a href=\"https:\/\/www.maciterneecolo.fr\/fr\/\" target=\"_blank\" rel=\"noreferrer noopener\">sistema di recupero dell&#8217;acqua piovana<\/a>. Resta fondamentale monitorare i livelli delle acque sotterranee. Ma anche di adottare misure per eliminare l&#8217;uso di queste <strong>perdite d&#8217;acqua considerate superficiali per la casa o il giardino<\/strong>.<\/p>\n\n<h3 class=\"wp-block-heading\">La qualit\u00e0 dell&#8217;acqua e il suo impatto: perch\u00e9 scegliere un serbatoio flessibile?<\/h3>\n\n<p>La qualit\u00e0 dell&#8217;acqua utilizzata per<strong> irrigare orti e<\/strong> giardini ha un impatto sulla qualit\u00e0 del cibo prodotto e sulla salute degli animali che vi vivono. \u00c8 quindi importante fermare la quantit\u00e0 di acqua potabile utilizzata per scopi di superficie. Il tutto utilizzando un volume d&#8217;acqua proveniente da una <strong>fonte economica ed ecologica<\/strong>. Il nostro serbatoio flessibile \u00e8 la <strong>soluzione perfetta<\/strong> per combinare tutto questo. Siamo la risposta perfetta al problema della distribuzione e del recupero di acqua sana e gratuita per la casa, il giardino o l&#8217;orto, grazie ai nostri <a href=\"https:\/\/www.maciterneecolo.fr\/fr\/\" target=\"_blank\" rel=\"noreferrer noopener\">serbatoi per<\/a> l&#8217;acqua piovana.<\/p>\n\n<h2 class=\"wp-block-heading\"><a><\/a><strong>Innaffiare e irrigare un giardino o un orto: perch\u00e9 \u00e8 fondamentale risparmiare l&#8217;acqua del rubinetto?<\/strong><\/h2>\n\n<p><strong>Risparmiare l&#8217;acqua del rubinetto<\/strong> \u00e8 fondamentale perch\u00e9 pu\u00f2 contribuire a <strong>ridurre i costi delle bollette<\/strong>, a conservare le risorse idriche e a ridurre la pressione sulle infrastrutture dell&#8217;acqua potabile.<\/p>\n\n<p>Inoltre, per quanto riguarda le acque reflue, ci\u00f2 pu\u00f2 provocare  <strong>questioni ambientali di fondo<\/strong>  Tra questi, l&#8217;inquinamento dei fiumi e delle falde acquifere, il sovraccarico degli impianti e dei sistemi di trattamento delle acque reflue, ma anche la<strong>aumento delle emissioni di gas serra<\/strong>  relativi al trasporto e al trattamento dell&#8217;acqua.<\/p>\n\n<p>In alcune <strong>regioni della Francia<\/strong>, la siccit\u00e0 \u00e8 un problema ricorrente. Risparmiando acqua attraverso l&#8217;<strong>uso della nostra <a href=\"https:\/\/www.maciterneecolo.fr\/fr\/\">vescica per l&#8217;acqua piovana<\/a><\/strong>, possiamo contribuire a preservare le risorse idriche per le generazioni future e a <strong>fare qualcosa di responsabile<\/strong> nei confronti degli impatti associati al cambiamento climatico.<\/p>\n\n<h2 class=\"wp-block-heading\"><a><\/a><strong>Innaffiare e irrigare un giardino o un orto: la cisterna flessibile per l&#8217;acqua piovana e i suoi accessori<\/strong><\/h2>\n\n<p>Un <strong>serbatoio di accumulo<\/strong> dell&#8217;acqua piovana \u00e8 un dispositivo utilizzato per raccogliere e immagazzinare l&#8217;acqua piovana per un uso successivo (manutenzione della casa, manutenzione esterna, manutenzione della piscina, ecc.) <strong>Sul mercato sono disponibili<\/strong> diversi tipi di <strong>serbatoi flessibili<\/strong>, che possono variare per dimensioni e capacit\u00e0.<\/p>\n\n<p>I principali <strong>accessori di un serbatoio flessibile<\/strong> per l&#8217;acqua piovana sono :<\/p>\n\n<ul class=\"wp-block-list\">\n<li><strong>Kit per la raccolta dell&#8217;acqua piovana<\/strong>: di solito comprende un sistema di grondaie (collettore), tubi e raccordi per portare l&#8217;acqua piovana alla cisterna.<\/li>\n\n\n\n<li><strong>Filtri per l&#8217;acqua<\/strong>: si tratta di un sistema che mira a rimuovere detriti e impurit\u00e0 dall&#8217;acqua piovana prima di immagazzinarla nella cisterna. I filtri possono essere installati sul tubo di ingresso o sul serbatoio stesso.<\/li>\n\n\n\n<li><strong>Pompe<\/strong>: la pompa trasporta l&#8217;acqua dal serbatoio ai punti di utilizzo. Le pompe possono essere elettriche o manuali.<\/li>\n<\/ul>\n\n<p>Se avete domande, non esitate a contattarci o a leggere gli articoli del nostro blog <a href=\"https:\/\/blog.maciterneecolo.fr\/it\/\" target=\"_blank\" rel=\"noreferrer noopener\">qui<\/a>.<\/p>\n\n<p><\/p>\n","protected":false},"excerpt":{"rendered":"<p>L&#8217;aumento del calore pu\u00f2 causare problemi di acqua potabile negli orti e nei giardini a causa dell&#8217;evaporazione accelerata dell&#8217;acqua. I giardini e gli orti potrebbero necessitare di maggiori irrigazioni per mantenere le piante in salute. Di conseguenza, si utilizza sempre pi\u00f9 acqua di rubinetto. \u00c8 importante monitorare il consumo eccessivo di acqua potabile in queste [&hellip;]<\/p>\n","protected":false},"author":2,"featured_media":4463,"comment_status":"closed","ping_status":"closed","sticky":false,"template":"","format":"standard","meta":{"inline_featured_image":false,"footnotes":""},"categories":[384],"tags":[64,1486,766,63],"class_list":["post-4489","post","type-post","status-publish","format-standard","has-post-thumbnail","hentry","category-tutto-quello-che-ce-da-sapere-sul-serbatoio-flessibile","tag-acqua-piovana","tag-acqua-potabile","tag-calore","tag-serbatoio-flessibile"],"yoast_head":"<!-- This site is optimized with the Yoast SEO plugin v27.5 - https:\/\/yoast.com\/product\/yoast-seo-wordpress\/ -->\n<title>L&#039;impatto del calore sul consumo di acqua<\/title>\n<meta name=\"description\" content=\"Scoprite come affrontare i vari problemi che il calore impone quotidianamente al consumo di acqua.\" \/>\n<meta name=\"robots\" content=\"index, follow, max-snippet:-1, max-image-preview:large, max-video-preview:-1\" \/>\n<link rel=\"canonical\" href=\"https:\/\/blog.maciterneecolo.fr\/it\/i-problemi-del-caldo-sul-consumo-di-acqua-potabile-in-giardino-e-nellorto\/\" \/>\n<meta property=\"og:locale\" content=\"it_IT\" \/>\n<meta property=\"og:type\" content=\"article\" \/>\n<meta property=\"og:title\" content=\"L&#039;impatto del calore sul consumo di acqua\" \/>\n<meta property=\"og:description\" content=\"Scoprite come affrontare i vari problemi che il calore impone quotidianamente al consumo di acqua.\" \/>\n<meta property=\"og:url\" content=\"https:\/\/blog.maciterneecolo.fr\/it\/i-problemi-del-caldo-sul-consumo-di-acqua-potabile-in-giardino-e-nellorto\/\" \/>\n<meta property=\"og:site_name\" content=\"Blog Ma Citerne Ecolo\" \/>\n<meta property=\"article:published_time\" content=\"2023-01-18T14:03:31+00:00\" \/>\n<meta property=\"article:modified_time\" content=\"2023-08-28T12:35:17+00:00\" \/>\n<meta property=\"og:image\" content=\"https:\/\/blog.maciterneecolo.fr\/wp-content\/uploads\/2023\/01\/thermometer-4294021_1920.jpg\" \/>\n\t<meta property=\"og:image:width\" content=\"1920\" \/>\n\t<meta property=\"og:image:height\" content=\"1117\" \/>\n\t<meta property=\"og:image:type\" content=\"image\/jpeg\" \/>\n<meta name=\"author\" content=\"Lucile\" \/>\n<meta name=\"twitter:card\" content=\"summary_large_image\" \/>\n<meta name=\"twitter:label1\" content=\"Scritto da\" \/>\n\t<meta name=\"twitter:data1\" content=\"Lucile\" \/>\n\t<meta name=\"twitter:label2\" content=\"Tempo di lettura stimato\" \/>\n\t<meta name=\"twitter:data2\" content=\"4 minuti\" \/>\n<script type=\"application\/ld+json\" class=\"yoast-schema-graph\">{\"@context\":\"https:\\\/\\\/schema.org\",\"@graph\":[{\"@type\":\"Article\",\"@id\":\"https:\\\/\\\/blog.maciterneecolo.fr\\\/it\\\/i-problemi-del-caldo-sul-consumo-di-acqua-potabile-in-giardino-e-nellorto\\\/#article\",\"isPartOf\":{\"@id\":\"https:\\\/\\\/blog.maciterneecolo.fr\\\/it\\\/i-problemi-del-caldo-sul-consumo-di-acqua-potabile-in-giardino-e-nellorto\\\/\"},\"author\":{\"name\":\"Lucile\",\"@id\":\"https:\\\/\\\/blog.maciterneecolo.fr\\\/it\\\/#\\\/schema\\\/person\\\/cfb93b191140c86292f0707edfd4b6fe\"},\"headline\":\"I problemi del caldo sul consumo di acqua potabile in giardino e nell&#8217;orto\",\"datePublished\":\"2023-01-18T14:03:31+00:00\",\"dateModified\":\"2023-08-28T12:35:17+00:00\",\"mainEntityOfPage\":{\"@id\":\"https:\\\/\\\/blog.maciterneecolo.fr\\\/it\\\/i-problemi-del-caldo-sul-consumo-di-acqua-potabile-in-giardino-e-nellorto\\\/\"},\"wordCount\":869,\"publisher\":{\"@id\":\"https:\\\/\\\/blog.maciterneecolo.fr\\\/it\\\/#organization\"},\"image\":{\"@id\":\"https:\\\/\\\/blog.maciterneecolo.fr\\\/it\\\/i-problemi-del-caldo-sul-consumo-di-acqua-potabile-in-giardino-e-nellorto\\\/#primaryimage\"},\"thumbnailUrl\":\"https:\\\/\\\/blog.maciterneecolo.fr\\\/wp-content\\\/uploads\\\/2023\\\/01\\\/thermometer-4294021_1920.jpg\",\"keywords\":[\"acqua piovana\",\"acqua potabile\",\"calore\",\"serbatoio flessibile\"],\"articleSection\":[\"Tutto quello che c'\u00e8 da sapere sul serbatoio flessibile\"],\"inLanguage\":\"it-IT\"},{\"@type\":\"WebPage\",\"@id\":\"https:\\\/\\\/blog.maciterneecolo.fr\\\/it\\\/i-problemi-del-caldo-sul-consumo-di-acqua-potabile-in-giardino-e-nellorto\\\/\",\"url\":\"https:\\\/\\\/blog.maciterneecolo.fr\\\/it\\\/i-problemi-del-caldo-sul-consumo-di-acqua-potabile-in-giardino-e-nellorto\\\/\",\"name\":\"L'impatto del calore sul consumo di acqua\",\"isPartOf\":{\"@id\":\"https:\\\/\\\/blog.maciterneecolo.fr\\\/it\\\/#website\"},\"primaryImageOfPage\":{\"@id\":\"https:\\\/\\\/blog.maciterneecolo.fr\\\/it\\\/i-problemi-del-caldo-sul-consumo-di-acqua-potabile-in-giardino-e-nellorto\\\/#primaryimage\"},\"image\":{\"@id\":\"https:\\\/\\\/blog.maciterneecolo.fr\\\/it\\\/i-problemi-del-caldo-sul-consumo-di-acqua-potabile-in-giardino-e-nellorto\\\/#primaryimage\"},\"thumbnailUrl\":\"https:\\\/\\\/blog.maciterneecolo.fr\\\/wp-content\\\/uploads\\\/2023\\\/01\\\/thermometer-4294021_1920.jpg\",\"datePublished\":\"2023-01-18T14:03:31+00:00\",\"dateModified\":\"2023-08-28T12:35:17+00:00\",\"description\":\"Scoprite come affrontare i vari problemi che il calore impone quotidianamente al consumo di acqua.\",\"breadcrumb\":{\"@id\":\"https:\\\/\\\/blog.maciterneecolo.fr\\\/it\\\/i-problemi-del-caldo-sul-consumo-di-acqua-potabile-in-giardino-e-nellorto\\\/#breadcrumb\"},\"inLanguage\":\"it-IT\",\"potentialAction\":[{\"@type\":\"ReadAction\",\"target\":[\"https:\\\/\\\/blog.maciterneecolo.fr\\\/it\\\/i-problemi-del-caldo-sul-consumo-di-acqua-potabile-in-giardino-e-nellorto\\\/\"]}]},{\"@type\":\"ImageObject\",\"inLanguage\":\"it-IT\",\"@id\":\"https:\\\/\\\/blog.maciterneecolo.fr\\\/it\\\/i-problemi-del-caldo-sul-consumo-di-acqua-potabile-in-giardino-e-nellorto\\\/#primaryimage\",\"url\":\"https:\\\/\\\/blog.maciterneecolo.fr\\\/wp-content\\\/uploads\\\/2023\\\/01\\\/thermometer-4294021_1920.jpg\",\"contentUrl\":\"https:\\\/\\\/blog.maciterneecolo.fr\\\/wp-content\\\/uploads\\\/2023\\\/01\\\/thermometer-4294021_1920.jpg\",\"width\":1920,\"height\":1117,\"caption\":\"Comment parer la chaleur au quotidien afin d'\u00e9viter une surconsommation d'eau\"},{\"@type\":\"BreadcrumbList\",\"@id\":\"https:\\\/\\\/blog.maciterneecolo.fr\\\/it\\\/i-problemi-del-caldo-sul-consumo-di-acqua-potabile-in-giardino-e-nellorto\\\/#breadcrumb\",\"itemListElement\":[{\"@type\":\"ListItem\",\"position\":1,\"name\":\"Accueil\",\"item\":\"https:\\\/\\\/blog.maciterneecolo.fr\\\/it\\\/\"},{\"@type\":\"ListItem\",\"position\":2,\"name\":\"I problemi del caldo sul consumo di acqua potabile in giardino e nell&#8217;orto\"}]},{\"@type\":\"WebSite\",\"@id\":\"https:\\\/\\\/blog.maciterneecolo.fr\\\/it\\\/#website\",\"url\":\"https:\\\/\\\/blog.maciterneecolo.fr\\\/it\\\/\",\"name\":\"Blog Ma Citerne Ecolo\",\"description\":\"Leader dans le domaine de la citerne souple d&#039;eau de pluie\",\"publisher\":{\"@id\":\"https:\\\/\\\/blog.maciterneecolo.fr\\\/it\\\/#organization\"},\"potentialAction\":[{\"@type\":\"SearchAction\",\"target\":{\"@type\":\"EntryPoint\",\"urlTemplate\":\"https:\\\/\\\/blog.maciterneecolo.fr\\\/it\\\/?s={search_term_string}\"},\"query-input\":{\"@type\":\"PropertyValueSpecification\",\"valueRequired\":true,\"valueName\":\"search_term_string\"}}],\"inLanguage\":\"it-IT\"},{\"@type\":\"Organization\",\"@id\":\"https:\\\/\\\/blog.maciterneecolo.fr\\\/it\\\/#organization\",\"name\":\"Blog Ma Citerne Ecolo\",\"url\":\"https:\\\/\\\/blog.maciterneecolo.fr\\\/it\\\/\",\"logo\":{\"@type\":\"ImageObject\",\"inLanguage\":\"it-IT\",\"@id\":\"https:\\\/\\\/blog.maciterneecolo.fr\\\/it\\\/#\\\/schema\\\/logo\\\/image\\\/\",\"url\":\"https:\\\/\\\/blog.maciterneecolo.fr\\\/wp-content\\\/uploads\\\/2022\\\/12\\\/cropped-favicon-blog.png\",\"contentUrl\":\"https:\\\/\\\/blog.maciterneecolo.fr\\\/wp-content\\\/uploads\\\/2022\\\/12\\\/cropped-favicon-blog.png\",\"width\":512,\"height\":512,\"caption\":\"Blog Ma Citerne Ecolo\"},\"image\":{\"@id\":\"https:\\\/\\\/blog.maciterneecolo.fr\\\/it\\\/#\\\/schema\\\/logo\\\/image\\\/\"}},{\"@type\":\"Person\",\"@id\":\"https:\\\/\\\/blog.maciterneecolo.fr\\\/it\\\/#\\\/schema\\\/person\\\/cfb93b191140c86292f0707edfd4b6fe\",\"name\":\"Lucile\",\"image\":{\"@type\":\"ImageObject\",\"inLanguage\":\"it-IT\",\"@id\":\"https:\\\/\\\/secure.gravatar.com\\\/avatar\\\/3c571ab7761bcc142db76a63f33a2a5ebee8b76990a871c9329e3e6df7ae9f3c?s=96&d=mm&r=g\",\"url\":\"https:\\\/\\\/secure.gravatar.com\\\/avatar\\\/3c571ab7761bcc142db76a63f33a2a5ebee8b76990a871c9329e3e6df7ae9f3c?s=96&d=mm&r=g\",\"contentUrl\":\"https:\\\/\\\/secure.gravatar.com\\\/avatar\\\/3c571ab7761bcc142db76a63f33a2a5ebee8b76990a871c9329e3e6df7ae9f3c?s=96&d=mm&r=g\",\"caption\":\"Lucile\"},\"url\":\"https:\\\/\\\/blog.maciterneecolo.fr\\\/it\\\/author\\\/lucilewerkeyn\\\/\"}]}<\/script>\n<!-- \/ Yoast SEO plugin. -->","yoast_head_json":{"title":"L'impatto del calore sul consumo di acqua","description":"Scoprite come affrontare i vari problemi che il calore impone quotidianamente al consumo di acqua.","robots":{"index":"index","follow":"follow","max-snippet":"max-snippet:-1","max-image-preview":"max-image-preview:large","max-video-preview":"max-video-preview:-1"},"canonical":"https:\/\/blog.maciterneecolo.fr\/it\/i-problemi-del-caldo-sul-consumo-di-acqua-potabile-in-giardino-e-nellorto\/","og_locale":"it_IT","og_type":"article","og_title":"L'impatto del calore sul consumo di acqua","og_description":"Scoprite come affrontare i vari problemi che il calore impone quotidianamente al consumo di acqua.","og_url":"https:\/\/blog.maciterneecolo.fr\/it\/i-problemi-del-caldo-sul-consumo-di-acqua-potabile-in-giardino-e-nellorto\/","og_site_name":"Blog Ma Citerne Ecolo","article_published_time":"2023-01-18T14:03:31+00:00","article_modified_time":"2023-08-28T12:35:17+00:00","og_image":[{"width":1920,"height":1117,"url":"https:\/\/blog.maciterneecolo.fr\/wp-content\/uploads\/2023\/01\/thermometer-4294021_1920.jpg","type":"image\/jpeg"}],"author":"Lucile","twitter_card":"summary_large_image","twitter_misc":{"Scritto da":"Lucile","Tempo di lettura stimato":"4 minuti"},"schema":{"@context":"https:\/\/schema.org","@graph":[{"@type":"Article","@id":"https:\/\/blog.maciterneecolo.fr\/it\/i-problemi-del-caldo-sul-consumo-di-acqua-potabile-in-giardino-e-nellorto\/#article","isPartOf":{"@id":"https:\/\/blog.maciterneecolo.fr\/it\/i-problemi-del-caldo-sul-consumo-di-acqua-potabile-in-giardino-e-nellorto\/"},"author":{"name":"Lucile","@id":"https:\/\/blog.maciterneecolo.fr\/it\/#\/schema\/person\/cfb93b191140c86292f0707edfd4b6fe"},"headline":"I problemi del caldo sul consumo di acqua potabile in giardino e nell&#8217;orto","datePublished":"2023-01-18T14:03:31+00:00","dateModified":"2023-08-28T12:35:17+00:00","mainEntityOfPage":{"@id":"https:\/\/blog.maciterneecolo.fr\/it\/i-problemi-del-caldo-sul-consumo-di-acqua-potabile-in-giardino-e-nellorto\/"},"wordCount":869,"publisher":{"@id":"https:\/\/blog.maciterneecolo.fr\/it\/#organization"},"image":{"@id":"https:\/\/blog.maciterneecolo.fr\/it\/i-problemi-del-caldo-sul-consumo-di-acqua-potabile-in-giardino-e-nellorto\/#primaryimage"},"thumbnailUrl":"https:\/\/blog.maciterneecolo.fr\/wp-content\/uploads\/2023\/01\/thermometer-4294021_1920.jpg","keywords":["acqua piovana","acqua potabile","calore","serbatoio flessibile"],"articleSection":["Tutto quello che c'\u00e8 da sapere sul serbatoio flessibile"],"inLanguage":"it-IT"},{"@type":"WebPage","@id":"https:\/\/blog.maciterneecolo.fr\/it\/i-problemi-del-caldo-sul-consumo-di-acqua-potabile-in-giardino-e-nellorto\/","url":"https:\/\/blog.maciterneecolo.fr\/it\/i-problemi-del-caldo-sul-consumo-di-acqua-potabile-in-giardino-e-nellorto\/","name":"L'impatto del calore sul consumo di acqua","isPartOf":{"@id":"https:\/\/blog.maciterneecolo.fr\/it\/#website"},"primaryImageOfPage":{"@id":"https:\/\/blog.maciterneecolo.fr\/it\/i-problemi-del-caldo-sul-consumo-di-acqua-potabile-in-giardino-e-nellorto\/#primaryimage"},"image":{"@id":"https:\/\/blog.maciterneecolo.fr\/it\/i-problemi-del-caldo-sul-consumo-di-acqua-potabile-in-giardino-e-nellorto\/#primaryimage"},"thumbnailUrl":"https:\/\/blog.maciterneecolo.fr\/wp-content\/uploads\/2023\/01\/thermometer-4294021_1920.jpg","datePublished":"2023-01-18T14:03:31+00:00","dateModified":"2023-08-28T12:35:17+00:00","description":"Scoprite come affrontare i vari problemi che il calore impone quotidianamente al consumo di acqua.","breadcrumb":{"@id":"https:\/\/blog.maciterneecolo.fr\/it\/i-problemi-del-caldo-sul-consumo-di-acqua-potabile-in-giardino-e-nellorto\/#breadcrumb"},"inLanguage":"it-IT","potentialAction":[{"@type":"ReadAction","target":["https:\/\/blog.maciterneecolo.fr\/it\/i-problemi-del-caldo-sul-consumo-di-acqua-potabile-in-giardino-e-nellorto\/"]}]},{"@type":"ImageObject","inLanguage":"it-IT","@id":"https:\/\/blog.maciterneecolo.fr\/it\/i-problemi-del-caldo-sul-consumo-di-acqua-potabile-in-giardino-e-nellorto\/#primaryimage","url":"https:\/\/blog.maciterneecolo.fr\/wp-content\/uploads\/2023\/01\/thermometer-4294021_1920.jpg","contentUrl":"https:\/\/blog.maciterneecolo.fr\/wp-content\/uploads\/2023\/01\/thermometer-4294021_1920.jpg","width":1920,"height":1117,"caption":"Comment parer la chaleur au quotidien afin d'\u00e9viter une surconsommation d'eau"},{"@type":"BreadcrumbList","@id":"https:\/\/blog.maciterneecolo.fr\/it\/i-problemi-del-caldo-sul-consumo-di-acqua-potabile-in-giardino-e-nellorto\/#breadcrumb","itemListElement":[{"@type":"ListItem","position":1,"name":"Accueil","item":"https:\/\/blog.maciterneecolo.fr\/it\/"},{"@type":"ListItem","position":2,"name":"I problemi del caldo sul consumo di acqua potabile in giardino e nell&#8217;orto"}]},{"@type":"WebSite","@id":"https:\/\/blog.maciterneecolo.fr\/it\/#website","url":"https:\/\/blog.maciterneecolo.fr\/it\/","name":"Blog Ma Citerne Ecolo","description":"Leader dans le domaine de la citerne souple d&#039;eau de pluie","publisher":{"@id":"https:\/\/blog.maciterneecolo.fr\/it\/#organization"},"potentialAction":[{"@type":"SearchAction","target":{"@type":"EntryPoint","urlTemplate":"https:\/\/blog.maciterneecolo.fr\/it\/?s={search_term_string}"},"query-input":{"@type":"PropertyValueSpecification","valueRequired":true,"valueName":"search_term_string"}}],"inLanguage":"it-IT"},{"@type":"Organization","@id":"https:\/\/blog.maciterneecolo.fr\/it\/#organization","name":"Blog Ma Citerne Ecolo","url":"https:\/\/blog.maciterneecolo.fr\/it\/","logo":{"@type":"ImageObject","inLanguage":"it-IT","@id":"https:\/\/blog.maciterneecolo.fr\/it\/#\/schema\/logo\/image\/","url":"https:\/\/blog.maciterneecolo.fr\/wp-content\/uploads\/2022\/12\/cropped-favicon-blog.png","contentUrl":"https:\/\/blog.maciterneecolo.fr\/wp-content\/uploads\/2022\/12\/cropped-favicon-blog.png","width":512,"height":512,"caption":"Blog Ma Citerne Ecolo"},"image":{"@id":"https:\/\/blog.maciterneecolo.fr\/it\/#\/schema\/logo\/image\/"}},{"@type":"Person","@id":"https:\/\/blog.maciterneecolo.fr\/it\/#\/schema\/person\/cfb93b191140c86292f0707edfd4b6fe","name":"Lucile","image":{"@type":"ImageObject","inLanguage":"it-IT","@id":"https:\/\/secure.gravatar.com\/avatar\/3c571ab7761bcc142db76a63f33a2a5ebee8b76990a871c9329e3e6df7ae9f3c?s=96&d=mm&r=g","url":"https:\/\/secure.gravatar.com\/avatar\/3c571ab7761bcc142db76a63f33a2a5ebee8b76990a871c9329e3e6df7ae9f3c?s=96&d=mm&r=g","contentUrl":"https:\/\/secure.gravatar.com\/avatar\/3c571ab7761bcc142db76a63f33a2a5ebee8b76990a871c9329e3e6df7ae9f3c?s=96&d=mm&r=g","caption":"Lucile"},"url":"https:\/\/blog.maciterneecolo.fr\/it\/author\/lucilewerkeyn\/"}]}},"_links":{"self":[{"href":"https:\/\/blog.maciterneecolo.fr\/it\/wp-json\/wp\/v2\/posts\/4489","targetHints":{"allow":["GET"]}}],"collection":[{"href":"https:\/\/blog.maciterneecolo.fr\/it\/wp-json\/wp\/v2\/posts"}],"about":[{"href":"https:\/\/blog.maciterneecolo.fr\/it\/wp-json\/wp\/v2\/types\/post"}],"author":[{"embeddable":true,"href":"https:\/\/blog.maciterneecolo.fr\/it\/wp-json\/wp\/v2\/users\/2"}],"replies":[{"embeddable":true,"href":"https:\/\/blog.maciterneecolo.fr\/it\/wp-json\/wp\/v2\/comments?post=4489"}],"version-history":[{"count":6,"href":"https:\/\/blog.maciterneecolo.fr\/it\/wp-json\/wp\/v2\/posts\/4489\/revisions"}],"predecessor-version":[{"id":8732,"href":"https:\/\/blog.maciterneecolo.fr\/it\/wp-json\/wp\/v2\/posts\/4489\/revisions\/8732"}],"wp:featuredmedia":[{"embeddable":true,"href":"https:\/\/blog.maciterneecolo.fr\/it\/wp-json\/wp\/v2\/media\/4463"}],"wp:attachment":[{"href":"https:\/\/blog.maciterneecolo.fr\/it\/wp-json\/wp\/v2\/media?parent=4489"}],"wp:term":[{"taxonomy":"category","embeddable":true,"href":"https:\/\/blog.maciterneecolo.fr\/it\/wp-json\/wp\/v2\/categories?post=4489"},{"taxonomy":"post_tag","embeddable":true,"href":"https:\/\/blog.maciterneecolo.fr\/it\/wp-json\/wp\/v2\/tags?post=4489"}],"curies":[{"name":"wp","href":"https:\/\/api.w.org\/{rel}","templated":true}]}}