{"id":14066,"date":"2025-07-22T12:00:00","date_gmt":"2025-07-22T12:00:00","guid":{"rendered":"https:\/\/blog.maciterneecolo.fr\/?p=14066"},"modified":"2025-04-07T13:15:40","modified_gmt":"2025-04-07T13:15:40","slug":"kunnen-we-een-wijdverspreid-watertekort-in-frankrijk-nog-voorkomen","status":"publish","type":"post","link":"https:\/\/blog.maciterneecolo.fr\/nl\/kunnen-we-een-wijdverspreid-watertekort-in-frankrijk-nog-voorkomen\/","title":{"rendered":"Kunnen we een wijdverspreid watertekort in Frankrijk nog voorkomen?"},"content":{"rendered":"\n<p>Frankrijk wordt geconfronteerd met een nieuwe realiteit: water, een vitale hulpbron die ooit overvloedig en drinkbaar was, staat nu onder druk. De oorzaak? Klimaatverandering, overmatige consumptie, soms slecht beheer en de toenemende risico&#8217;s die gepaard gaan met wijdverspreide schaarste.  <\/p>\n\n<p>Veel landen ondervinden nu al de dramatische gevolgen van de toenemende schaarste aan zoet water. De wereld gaat een tijdperk tegemoet waarin elke druppel telt. En Frankrijk, met zijn rijkdom aan rivieren, meren en grondwater, wordt niet langer gespaard.  <\/p>\n\n<p>Kunnen we een ramp nog voorkomen? Ja, als we onmiddellijk actie ondernemen om ons milieu te beschermen, ons gebruik aan te passen, onze infrastructuur te moderniseren en van water een nationale prioriteit te maken. <\/p>\n\n<h2 class=\"wp-block-heading\"><mark style=\"background-color:rgba(0, 0, 0, 0)\" class=\"has-inline-color has-vivid-cyan-blue-color\">Waarom er een re\u00ebel risico is op een watertekort in Frankrijk<\/mark><\/h2>\n\n<h3 class=\"wp-block-heading\"><mark style=\"background-color:rgba(0, 0, 0, 0);color:#2456ee\" class=\"has-inline-color\">Een watercyclus verstoord door klimaatverandering<\/mark><\/h3>\n\n<p>De watercyclus loopt uit de hand. De opwarming van de aarde leidt tot langere droogtes, minder frequente regenval en snellere verdamping. Als gevolg daarvan worden de grondwaterlagen niet meer voldoende aangevuld.  <\/p>\n\n<p>In Frankrijk bereikt het waterpeil in verschillende regio&#8217;s een alarmerend niveau, vooral in het zuidoosten, zuidwesten en een deel van het westen. In 2023 zijn er in meer dan 90 departementen beperkingen opgelegd aan het watergebruik. <\/p>\n\n<p>Meren zijn op hun dieptepunt, rivieren zijn kwetsbaar en zowel landelijke als stedelijke gebieden maken zich zorgen over hun toekomst. Deze situatie kan worden verklaard door een combinatie van opeenvolgende droogtes en intensief gebruik, maar ook door beheer dat nog steeds te gefragmenteerd is. <\/p>\n\n<h3 class=\"wp-block-heading\"><mark style=\"background-color:rgba(0, 0, 0, 0);color:#2456ee\" class=\"has-inline-color\">Te hoog en slecht verdeeld verbruik<\/mark><\/h3>\n\n<p>De landbouw is verantwoordelijk voor bijna 45% van het waterverbruik in Frankrijk, vooral voor de irrigatie van waterverslindende gewassen zoals ma\u00efs. En deze gewassen worden soms verbouwd in gebieden die al onder druk staan. <\/p>\n\n<p>Tegelijkertijd groeit de bevolking in Frankrijk, waardoor de vraag naar drinkwater toeneemt en de bodem wordt afgesloten, waardoor natuurlijke infiltratie in de grondwaterspiegel wordt verhinderd. Tegelijkertijd<a href=\"https:\/\/blog.maciterneecolo.fr\/nl\/regenwateropvang-een-oplossing-voor-stedelijk-waterverlies\/\"> verliezen de waternetwerken tot 1 miljard kubieke meter per jaar door lekken<\/a>: een echte verspilling die het tekort verergert. <\/p>\n\n<p>In veel huishoudens wordt water zonder onderscheid gebruikt: afwassen onder de kraan, midden op de dag water geven, lang douchen, tekortkomingen in het hergebruik van afvalwater. Dit gebruik draagt bij aan een toenemende druk op de hulpbron. <\/p>\n\n<h2 class=\"wp-block-heading\"><mark style=\"background-color:rgba(0, 0, 0, 0)\" class=\"has-inline-color has-vivid-cyan-blue-color\">Praktische oplossingen om watertekorten te voorkomen<\/mark><\/h2>\n\n<h3 class=\"wp-block-heading\"><mark style=\"background-color:rgba(0, 0, 0, 0);color:#2456ee\" class=\"has-inline-color\">Afval verminderen en netwerken moderniseren<\/mark><\/h3>\n\n<p>Het verminderen van lekken is een van de eerste manieren om actie te ondernemen. In Frankrijk vertegenwoordigt dit ongeveer 20% van het totale verbruik, of het equivalent van miljarden liters drinkwater die elk jaar verloren gaan. Renovatie van de infrastructuur zou onmiddellijke besparingen opleveren.  <\/p>\n\n<p>Het is ook dringend nodig om :<\/p>\n\n<ul class=\"wp-block-list\">\n<li>de ontwikkeling van hergebruik van afvalwater,<\/li>\n\n\n\n<li>modernisering van apparatuur in openbare en particuliere gebouwen,<\/li>\n\n\n\n<li>stimuleringsmaatregelen invoeren voor particulieren: energiebesparende toiletspoelingen, beluchters, terugwintanks, enz.<\/li>\n<\/ul>\n\n<p>Op lokaal niveau introduceren sommige regio&#8217;s ecologische oplossingen zoals retentiebekkens of kunstmatige meren om zoet water op te slaan tijdens regenperiodes.<\/p>\n\n<p>&#x1f449; Pour aller plus loin, d\u00e9couvrez sur <a class=\"\" href=\"https:\/\/www.maciterneecolo.fr\">maciterneecolo.fr<\/a> des syst\u00e8mes de r\u00e9cup\u00e9ration d\u2019eau de pluie efficaces et faciles \u00e0 installer dans votre jardin, votre exploitation ou vos locaux.<\/p>\n\n<h3 class=\"wp-block-heading\"><mark style=\"background-color:rgba(0, 0, 0, 0);color:#2456ee\" class=\"has-inline-color\">Adopter une consommation plus \u00e9cologique et responsable<\/mark><\/h3>\n\n<p>Chaque citoyen peut agir. R\u00e9duire sa consommation d\u2019eau, c\u2019est aussi limiter les risques de p\u00e9nurie. Voici quelques gestes simples et efficaces :<\/p>\n\n<ul class=\"wp-block-list\">\n<li>utiliser l\u2019eau de pluie pour le jardin,<\/li>\n\n\n\n<li>privil\u00e9gier les douches courtes,<\/li>\n\n\n\n<li>\u00e9viter le lavage des voitures avec de l\u2019eau potable,<\/li>\n\n\n\n<li>r\u00e9utiliser l\u2019eau douce de cuisson ou de rin\u00e7age pour arroser les plantes.<\/li>\n<\/ul>\n\n<p>Les collectivit\u00e9s peuvent, elles aussi, agir :<\/p>\n\n<ul class=\"wp-block-list\">\n<li>restreindre l\u2019arrosage public,<\/li>\n\n\n\n<li>v\u00e9g\u00e9taliser les villes avec des esp\u00e8ces r\u00e9sistantes \u00e0 la s\u00e9cheresse,<\/li>\n\n\n\n<li>adapter les horaires d\u2019arrosage pour \u00e9viter l\u2019\u00e9vaporation.<\/li>\n<\/ul>\n\n<p>La gestion de l\u2019eau doit devenir un enjeu \u00e9ducatif, enseign\u00e9 d\u00e8s l\u2019\u00e9cole, int\u00e9gr\u00e9 dans les programmes de sensibilisation, et accompagn\u00e9 de campagnes nationales pour informer sur les risques et les bons usages.<\/p>\n\n<h2 class=\"wp-block-heading\"><mark style=\"background-color:rgba(0, 0, 0, 0)\" class=\"has-inline-color has-vivid-cyan-blue-color\">La France peut-elle devenir un mod\u00e8le de r\u00e9silience hydrique ?<\/mark><\/h2>\n\n<h3 class=\"wp-block-heading\"><mark style=\"background-color:rgba(0, 0, 0, 0);color:#2456ee\" class=\"has-inline-color\">Des territoires exemplaires montrent la voie<\/mark><\/h3>\n\n<p>Certaines r\u00e9gions fran\u00e7aises sont d\u00e9j\u00e0 en avance. En Vend\u00e9e, par exemple, un vaste plan de s\u00e9curisation de l\u2019approvisionnement en eau a \u00e9t\u00e9 mis en \u0153uvre. Cela inclut :<\/p>\n\n<ul class=\"wp-block-list\">\n<li>des stations de traitement avanc\u00e9es,<\/li>\n\n\n\n<li>des interconnexions de r\u00e9seaux,<\/li>\n\n\n\n<li>des campagnes de r\u00e9duction de la consommation.<\/li>\n<\/ul>\n\n<p>D\u2019autres d\u00e9partements d\u00e9veloppent des solutions locales : plantations d\u2019arbres pour maintenir l\u2019humidit\u00e9 dans les sols, r\u00e9am\u00e9nagement de zones humides, ou restauration de zones d\u2019infiltration naturelles.<\/p>\n\n<p>Ces initiatives locales montrent qu\u2019avec une vision \u00e9cologique et une vraie coordination, il est possible de b\u00e2tir un mod\u00e8le r\u00e9silient, capable de r\u00e9pondre aux p\u00e9nuries et d\u2019affronter les al\u00e9as climatiques.<\/p>\n\n<h3 class=\"wp-block-heading\"><mark style=\"background-color:rgba(0, 0, 0, 0);color:#2456ee\" class=\"has-inline-color\">Une gouvernance de l\u2019eau \u00e0 repenser collectivement<\/mark><\/h3>\n\n<p>Aujourd\u2019hui, la gestion de l\u2019eau en France repose sur une multiplicit\u00e9 d\u2019acteurs. Il faut clarifier les responsabilit\u00e9s, mutualiser les moyens, et construire une vision partag\u00e9e.<\/p>\n\n<p>Cela implique :<\/p>\n\n<ul class=\"wp-block-list\">\n<li>des restrictions mieux anticip\u00e9es et mieux comprises,<\/li>\n\n\n\n<li>une r\u00e9vision des priorit\u00e9s entre usages agricoles, industriels et domestiques,<\/li>\n\n\n\n<li>une coop\u00e9ration entre les r\u00e9gions, les d\u00e9partements et l\u2019\u00c9tat.<\/li>\n<\/ul>\n\n<p>Il est \u00e9galement indispensable d\u2019int\u00e9grer l\u2019eau dans toutes les politiques publiques : urbanisme, environnement, sant\u00e9, \u00e9nergie. L\u2019eau ne peut plus \u00eatre pens\u00e9e en silo.<\/p>\n\n<h2 class=\"wp-block-heading\"><mark style=\"background-color:rgba(0, 0, 0, 0)\" class=\"has-inline-color has-vivid-cyan-blue-color\">Chaque goutte compte, chaque action aussi&#8230;<\/mark><\/h2>\n\n<p>La France, comme de nombreux pays, est confront\u00e9e \u00e0 une nouvelle urgence : celle de garantir l\u2019acc\u00e8s \u00e0 une eau douce, propre, accessible \u00e0 tous, et durable dans le temps.<\/p>\n\n<p>Face aux p\u00e9nuries, aux s\u00e9cheresses, aux restrictions, aux fuites, aux usages non ma\u00eetris\u00e9s, la mobilisation doit \u00eatre g\u00e9n\u00e9rale. Ce n\u2019est plus une simple question technique, mais un d\u00e9fi de soci\u00e9t\u00e9, un enjeu de survie \u00e9cologique et de justice territoriale.<\/p>\n\n<p>&#x1f4a7; Plus que jamais, chaque geste pour \u00e9conomiser l\u2019eau est un acte de r\u00e9silience.<br\/>&#x1f30d; Chaque litre pr\u00e9serv\u00e9 est une victoire pour notre environnement.<br\/>&#x1f3de;&#xfe0f; Et chaque solution locale contribue \u00e0 b\u00e2tir un mod\u00e8le fran\u00e7ais de gestion \u00e9cologique de l\u2019eau, reconnu dans le monde entier.<\/p>\n\n<p><\/p>\n","protected":false},"excerpt":{"rendered":"<p>Frankrijk wordt geconfronteerd met een nieuwe realiteit: water, een vitale hulpbron die ooit overvloedig en drinkbaar was, staat nu onder druk. De oorzaak? Klimaatverandering, overmatige consumptie, soms slecht beheer en de toenemende risico&#8217;s die gepaard gaan met wijdverspreide schaarste. Veel landen ondervinden nu al de dramatische gevolgen van de toenemende schaarste aan zoet water. De [&hellip;]<\/p>\n","protected":false},"author":4,"featured_media":14034,"comment_status":"open","ping_status":"closed","sticky":false,"template":"","format":"standard","meta":{"inline_featured_image":false,"footnotes":""},"categories":[722,703],"tags":[],"class_list":["post-14066","post","type-post","status-publish","format-standard","has-post-thumbnail","hentry","category-alles-over-regenwater","category-regenwater-oogstmachines"],"yoast_head":"<!-- This site is optimized with the Yoast SEO plugin v27.5 - https:\/\/yoast.com\/product\/yoast-seo-wordpress\/ -->\n<title>Kunnen we een wijdverspreid watertekort in Frankrijk nog voorkomen? - Blog Ma Citerne Ecolo<\/title>\n<meta name=\"description\" content=\"Is Frankrijk op weg naar een watertekort? Ontdek de oorzaken, de oplossingen en wat je kunt doen om water te besparen.\" \/>\n<meta name=\"robots\" content=\"index, follow, max-snippet:-1, max-image-preview:large, max-video-preview:-1\" \/>\n<link rel=\"canonical\" href=\"https:\/\/blog.maciterneecolo.fr\/nl\/kunnen-we-een-wijdverspreid-watertekort-in-frankrijk-nog-voorkomen\/\" \/>\n<meta property=\"og:locale\" content=\"nl_NL\" \/>\n<meta property=\"og:type\" content=\"article\" \/>\n<meta property=\"og:title\" content=\"Kunnen we een wijdverspreid watertekort in Frankrijk nog voorkomen? - Blog Ma Citerne Ecolo\" \/>\n<meta property=\"og:description\" content=\"Is Frankrijk op weg naar een watertekort? Ontdek de oorzaken, de oplossingen en wat je kunt doen om water te besparen.\" \/>\n<meta property=\"og:url\" content=\"https:\/\/blog.maciterneecolo.fr\/nl\/kunnen-we-een-wijdverspreid-watertekort-in-frankrijk-nog-voorkomen\/\" \/>\n<meta property=\"og:site_name\" content=\"Blog Ma Citerne Ecolo\" \/>\n<meta property=\"article:published_time\" content=\"2025-07-22T12:00:00+00:00\" \/>\n<meta property=\"og:image\" content=\"https:\/\/blog.maciterneecolo.fr\/wp-content\/uploads\/2025\/04\/earth-3545203_1280.jpg\" \/>\n\t<meta property=\"og:image:width\" content=\"1280\" \/>\n\t<meta property=\"og:image:height\" content=\"854\" \/>\n\t<meta property=\"og:image:type\" content=\"image\/jpeg\" \/>\n<meta name=\"author\" content=\"B\u00e9n\u00e9dicte Rebolloso\" \/>\n<meta name=\"twitter:card\" content=\"summary_large_image\" \/>\n<meta name=\"twitter:label1\" content=\"Geschreven door\" \/>\n\t<meta name=\"twitter:data1\" content=\"B\u00e9n\u00e9dicte Rebolloso\" \/>\n\t<meta name=\"twitter:label2\" content=\"Geschatte leestijd\" \/>\n\t<meta name=\"twitter:data2\" content=\"5 minuten\" \/>\n<script type=\"application\/ld+json\" class=\"yoast-schema-graph\">{\"@context\":\"https:\\\/\\\/schema.org\",\"@graph\":[{\"@type\":\"Article\",\"@id\":\"https:\\\/\\\/blog.maciterneecolo.fr\\\/nl\\\/kunnen-we-een-wijdverspreid-watertekort-in-frankrijk-nog-voorkomen\\\/#article\",\"isPartOf\":{\"@id\":\"https:\\\/\\\/blog.maciterneecolo.fr\\\/nl\\\/kunnen-we-een-wijdverspreid-watertekort-in-frankrijk-nog-voorkomen\\\/\"},\"author\":{\"name\":\"B\u00e9n\u00e9dicte Rebolloso\",\"@id\":\"https:\\\/\\\/blog.maciterneecolo.fr\\\/nl\\\/#\\\/schema\\\/person\\\/fe50d00b4e639107698e1ddead236943\"},\"headline\":\"Kunnen we een wijdverspreid watertekort in Frankrijk nog voorkomen?\",\"datePublished\":\"2025-07-22T12:00:00+00:00\",\"mainEntityOfPage\":{\"@id\":\"https:\\\/\\\/blog.maciterneecolo.fr\\\/nl\\\/kunnen-we-een-wijdverspreid-watertekort-in-frankrijk-nog-voorkomen\\\/\"},\"wordCount\":1030,\"commentCount\":0,\"publisher\":{\"@id\":\"https:\\\/\\\/blog.maciterneecolo.fr\\\/nl\\\/#organization\"},\"image\":{\"@id\":\"https:\\\/\\\/blog.maciterneecolo.fr\\\/nl\\\/kunnen-we-een-wijdverspreid-watertekort-in-frankrijk-nog-voorkomen\\\/#primaryimage\"},\"thumbnailUrl\":\"https:\\\/\\\/blog.maciterneecolo.fr\\\/wp-content\\\/uploads\\\/2025\\\/04\\\/earth-3545203_1280.jpg\",\"articleSection\":[\"Alles over regenwater\",\"Regenwater oogstmachines\"],\"inLanguage\":\"nl-NL\",\"potentialAction\":[{\"@type\":\"CommentAction\",\"name\":\"Comment\",\"target\":[\"https:\\\/\\\/blog.maciterneecolo.fr\\\/nl\\\/kunnen-we-een-wijdverspreid-watertekort-in-frankrijk-nog-voorkomen\\\/#respond\"]}]},{\"@type\":\"WebPage\",\"@id\":\"https:\\\/\\\/blog.maciterneecolo.fr\\\/nl\\\/kunnen-we-een-wijdverspreid-watertekort-in-frankrijk-nog-voorkomen\\\/\",\"url\":\"https:\\\/\\\/blog.maciterneecolo.fr\\\/nl\\\/kunnen-we-een-wijdverspreid-watertekort-in-frankrijk-nog-voorkomen\\\/\",\"name\":\"Kunnen we een wijdverspreid watertekort in Frankrijk nog voorkomen? - Blog Ma Citerne Ecolo\",\"isPartOf\":{\"@id\":\"https:\\\/\\\/blog.maciterneecolo.fr\\\/nl\\\/#website\"},\"primaryImageOfPage\":{\"@id\":\"https:\\\/\\\/blog.maciterneecolo.fr\\\/nl\\\/kunnen-we-een-wijdverspreid-watertekort-in-frankrijk-nog-voorkomen\\\/#primaryimage\"},\"image\":{\"@id\":\"https:\\\/\\\/blog.maciterneecolo.fr\\\/nl\\\/kunnen-we-een-wijdverspreid-watertekort-in-frankrijk-nog-voorkomen\\\/#primaryimage\"},\"thumbnailUrl\":\"https:\\\/\\\/blog.maciterneecolo.fr\\\/wp-content\\\/uploads\\\/2025\\\/04\\\/earth-3545203_1280.jpg\",\"datePublished\":\"2025-07-22T12:00:00+00:00\",\"description\":\"Is Frankrijk op weg naar een watertekort? Ontdek de oorzaken, de oplossingen en wat je kunt doen om water te besparen.\",\"breadcrumb\":{\"@id\":\"https:\\\/\\\/blog.maciterneecolo.fr\\\/nl\\\/kunnen-we-een-wijdverspreid-watertekort-in-frankrijk-nog-voorkomen\\\/#breadcrumb\"},\"inLanguage\":\"nl-NL\",\"potentialAction\":[{\"@type\":\"ReadAction\",\"target\":[\"https:\\\/\\\/blog.maciterneecolo.fr\\\/nl\\\/kunnen-we-een-wijdverspreid-watertekort-in-frankrijk-nog-voorkomen\\\/\"]}]},{\"@type\":\"ImageObject\",\"inLanguage\":\"nl-NL\",\"@id\":\"https:\\\/\\\/blog.maciterneecolo.fr\\\/nl\\\/kunnen-we-een-wijdverspreid-watertekort-in-frankrijk-nog-voorkomen\\\/#primaryimage\",\"url\":\"https:\\\/\\\/blog.maciterneecolo.fr\\\/wp-content\\\/uploads\\\/2025\\\/04\\\/earth-3545203_1280.jpg\",\"contentUrl\":\"https:\\\/\\\/blog.maciterneecolo.fr\\\/wp-content\\\/uploads\\\/2025\\\/04\\\/earth-3545203_1280.jpg\",\"width\":1280,\"height\":854},{\"@type\":\"BreadcrumbList\",\"@id\":\"https:\\\/\\\/blog.maciterneecolo.fr\\\/nl\\\/kunnen-we-een-wijdverspreid-watertekort-in-frankrijk-nog-voorkomen\\\/#breadcrumb\",\"itemListElement\":[{\"@type\":\"ListItem\",\"position\":1,\"name\":\"Accueil\",\"item\":\"https:\\\/\\\/blog.maciterneecolo.fr\\\/nl\\\/startpagina\\\/\"},{\"@type\":\"ListItem\",\"position\":2,\"name\":\"Kunnen we een wijdverspreid watertekort in Frankrijk nog voorkomen?\"}]},{\"@type\":\"WebSite\",\"@id\":\"https:\\\/\\\/blog.maciterneecolo.fr\\\/nl\\\/#website\",\"url\":\"https:\\\/\\\/blog.maciterneecolo.fr\\\/nl\\\/\",\"name\":\"Blog Ma Citerne Ecolo\",\"description\":\"Leader dans le domaine de la citerne souple d&#039;eau de pluie\",\"publisher\":{\"@id\":\"https:\\\/\\\/blog.maciterneecolo.fr\\\/nl\\\/#organization\"},\"potentialAction\":[{\"@type\":\"SearchAction\",\"target\":{\"@type\":\"EntryPoint\",\"urlTemplate\":\"https:\\\/\\\/blog.maciterneecolo.fr\\\/nl\\\/?s={search_term_string}\"},\"query-input\":{\"@type\":\"PropertyValueSpecification\",\"valueRequired\":true,\"valueName\":\"search_term_string\"}}],\"inLanguage\":\"nl-NL\"},{\"@type\":\"Organization\",\"@id\":\"https:\\\/\\\/blog.maciterneecolo.fr\\\/nl\\\/#organization\",\"name\":\"Blog Ma Citerne Ecolo\",\"url\":\"https:\\\/\\\/blog.maciterneecolo.fr\\\/nl\\\/\",\"logo\":{\"@type\":\"ImageObject\",\"inLanguage\":\"nl-NL\",\"@id\":\"https:\\\/\\\/blog.maciterneecolo.fr\\\/nl\\\/#\\\/schema\\\/logo\\\/image\\\/\",\"url\":\"https:\\\/\\\/blog.maciterneecolo.fr\\\/wp-content\\\/uploads\\\/2022\\\/12\\\/cropped-favicon-blog.png\",\"contentUrl\":\"https:\\\/\\\/blog.maciterneecolo.fr\\\/wp-content\\\/uploads\\\/2022\\\/12\\\/cropped-favicon-blog.png\",\"width\":512,\"height\":512,\"caption\":\"Blog Ma Citerne Ecolo\"},\"image\":{\"@id\":\"https:\\\/\\\/blog.maciterneecolo.fr\\\/nl\\\/#\\\/schema\\\/logo\\\/image\\\/\"}},{\"@type\":\"Person\",\"@id\":\"https:\\\/\\\/blog.maciterneecolo.fr\\\/nl\\\/#\\\/schema\\\/person\\\/fe50d00b4e639107698e1ddead236943\",\"name\":\"B\u00e9n\u00e9dicte Rebolloso\",\"image\":{\"@type\":\"ImageObject\",\"inLanguage\":\"nl-NL\",\"@id\":\"https:\\\/\\\/secure.gravatar.com\\\/avatar\\\/ffa759db2a4d8ebb52a58b89d3dc2a9f0395a5122bb839045a145d6585de1126?s=96&d=mm&r=g\",\"url\":\"https:\\\/\\\/secure.gravatar.com\\\/avatar\\\/ffa759db2a4d8ebb52a58b89d3dc2a9f0395a5122bb839045a145d6585de1126?s=96&d=mm&r=g\",\"contentUrl\":\"https:\\\/\\\/secure.gravatar.com\\\/avatar\\\/ffa759db2a4d8ebb52a58b89d3dc2a9f0395a5122bb839045a145d6585de1126?s=96&d=mm&r=g\",\"caption\":\"B\u00e9n\u00e9dicte Rebolloso\"},\"url\":\"https:\\\/\\\/blog.maciterneecolo.fr\\\/nl\\\/author\\\/benedicterebolloso\\\/\"}]}<\/script>\n<!-- \/ Yoast SEO plugin. -->","yoast_head_json":{"title":"Kunnen we een wijdverspreid watertekort in Frankrijk nog voorkomen? - Blog Ma Citerne Ecolo","description":"Is Frankrijk op weg naar een watertekort? Ontdek de oorzaken, de oplossingen en wat je kunt doen om water te besparen.","robots":{"index":"index","follow":"follow","max-snippet":"max-snippet:-1","max-image-preview":"max-image-preview:large","max-video-preview":"max-video-preview:-1"},"canonical":"https:\/\/blog.maciterneecolo.fr\/nl\/kunnen-we-een-wijdverspreid-watertekort-in-frankrijk-nog-voorkomen\/","og_locale":"nl_NL","og_type":"article","og_title":"Kunnen we een wijdverspreid watertekort in Frankrijk nog voorkomen? - Blog Ma Citerne Ecolo","og_description":"Is Frankrijk op weg naar een watertekort? Ontdek de oorzaken, de oplossingen en wat je kunt doen om water te besparen.","og_url":"https:\/\/blog.maciterneecolo.fr\/nl\/kunnen-we-een-wijdverspreid-watertekort-in-frankrijk-nog-voorkomen\/","og_site_name":"Blog Ma Citerne Ecolo","article_published_time":"2025-07-22T12:00:00+00:00","og_image":[{"width":1280,"height":854,"url":"https:\/\/blog.maciterneecolo.fr\/wp-content\/uploads\/2025\/04\/earth-3545203_1280.jpg","type":"image\/jpeg"}],"author":"B\u00e9n\u00e9dicte Rebolloso","twitter_card":"summary_large_image","twitter_misc":{"Geschreven door":"B\u00e9n\u00e9dicte Rebolloso","Geschatte leestijd":"5 minuten"},"schema":{"@context":"https:\/\/schema.org","@graph":[{"@type":"Article","@id":"https:\/\/blog.maciterneecolo.fr\/nl\/kunnen-we-een-wijdverspreid-watertekort-in-frankrijk-nog-voorkomen\/#article","isPartOf":{"@id":"https:\/\/blog.maciterneecolo.fr\/nl\/kunnen-we-een-wijdverspreid-watertekort-in-frankrijk-nog-voorkomen\/"},"author":{"name":"B\u00e9n\u00e9dicte Rebolloso","@id":"https:\/\/blog.maciterneecolo.fr\/nl\/#\/schema\/person\/fe50d00b4e639107698e1ddead236943"},"headline":"Kunnen we een wijdverspreid watertekort in Frankrijk nog voorkomen?","datePublished":"2025-07-22T12:00:00+00:00","mainEntityOfPage":{"@id":"https:\/\/blog.maciterneecolo.fr\/nl\/kunnen-we-een-wijdverspreid-watertekort-in-frankrijk-nog-voorkomen\/"},"wordCount":1030,"commentCount":0,"publisher":{"@id":"https:\/\/blog.maciterneecolo.fr\/nl\/#organization"},"image":{"@id":"https:\/\/blog.maciterneecolo.fr\/nl\/kunnen-we-een-wijdverspreid-watertekort-in-frankrijk-nog-voorkomen\/#primaryimage"},"thumbnailUrl":"https:\/\/blog.maciterneecolo.fr\/wp-content\/uploads\/2025\/04\/earth-3545203_1280.jpg","articleSection":["Alles over regenwater","Regenwater oogstmachines"],"inLanguage":"nl-NL","potentialAction":[{"@type":"CommentAction","name":"Comment","target":["https:\/\/blog.maciterneecolo.fr\/nl\/kunnen-we-een-wijdverspreid-watertekort-in-frankrijk-nog-voorkomen\/#respond"]}]},{"@type":"WebPage","@id":"https:\/\/blog.maciterneecolo.fr\/nl\/kunnen-we-een-wijdverspreid-watertekort-in-frankrijk-nog-voorkomen\/","url":"https:\/\/blog.maciterneecolo.fr\/nl\/kunnen-we-een-wijdverspreid-watertekort-in-frankrijk-nog-voorkomen\/","name":"Kunnen we een wijdverspreid watertekort in Frankrijk nog voorkomen? - Blog Ma Citerne Ecolo","isPartOf":{"@id":"https:\/\/blog.maciterneecolo.fr\/nl\/#website"},"primaryImageOfPage":{"@id":"https:\/\/blog.maciterneecolo.fr\/nl\/kunnen-we-een-wijdverspreid-watertekort-in-frankrijk-nog-voorkomen\/#primaryimage"},"image":{"@id":"https:\/\/blog.maciterneecolo.fr\/nl\/kunnen-we-een-wijdverspreid-watertekort-in-frankrijk-nog-voorkomen\/#primaryimage"},"thumbnailUrl":"https:\/\/blog.maciterneecolo.fr\/wp-content\/uploads\/2025\/04\/earth-3545203_1280.jpg","datePublished":"2025-07-22T12:00:00+00:00","description":"Is Frankrijk op weg naar een watertekort? Ontdek de oorzaken, de oplossingen en wat je kunt doen om water te besparen.","breadcrumb":{"@id":"https:\/\/blog.maciterneecolo.fr\/nl\/kunnen-we-een-wijdverspreid-watertekort-in-frankrijk-nog-voorkomen\/#breadcrumb"},"inLanguage":"nl-NL","potentialAction":[{"@type":"ReadAction","target":["https:\/\/blog.maciterneecolo.fr\/nl\/kunnen-we-een-wijdverspreid-watertekort-in-frankrijk-nog-voorkomen\/"]}]},{"@type":"ImageObject","inLanguage":"nl-NL","@id":"https:\/\/blog.maciterneecolo.fr\/nl\/kunnen-we-een-wijdverspreid-watertekort-in-frankrijk-nog-voorkomen\/#primaryimage","url":"https:\/\/blog.maciterneecolo.fr\/wp-content\/uploads\/2025\/04\/earth-3545203_1280.jpg","contentUrl":"https:\/\/blog.maciterneecolo.fr\/wp-content\/uploads\/2025\/04\/earth-3545203_1280.jpg","width":1280,"height":854},{"@type":"BreadcrumbList","@id":"https:\/\/blog.maciterneecolo.fr\/nl\/kunnen-we-een-wijdverspreid-watertekort-in-frankrijk-nog-voorkomen\/#breadcrumb","itemListElement":[{"@type":"ListItem","position":1,"name":"Accueil","item":"https:\/\/blog.maciterneecolo.fr\/nl\/startpagina\/"},{"@type":"ListItem","position":2,"name":"Kunnen we een wijdverspreid watertekort in Frankrijk nog voorkomen?"}]},{"@type":"WebSite","@id":"https:\/\/blog.maciterneecolo.fr\/nl\/#website","url":"https:\/\/blog.maciterneecolo.fr\/nl\/","name":"Blog Ma Citerne Ecolo","description":"Leader dans le domaine de la citerne souple d&#039;eau de pluie","publisher":{"@id":"https:\/\/blog.maciterneecolo.fr\/nl\/#organization"},"potentialAction":[{"@type":"SearchAction","target":{"@type":"EntryPoint","urlTemplate":"https:\/\/blog.maciterneecolo.fr\/nl\/?s={search_term_string}"},"query-input":{"@type":"PropertyValueSpecification","valueRequired":true,"valueName":"search_term_string"}}],"inLanguage":"nl-NL"},{"@type":"Organization","@id":"https:\/\/blog.maciterneecolo.fr\/nl\/#organization","name":"Blog Ma Citerne Ecolo","url":"https:\/\/blog.maciterneecolo.fr\/nl\/","logo":{"@type":"ImageObject","inLanguage":"nl-NL","@id":"https:\/\/blog.maciterneecolo.fr\/nl\/#\/schema\/logo\/image\/","url":"https:\/\/blog.maciterneecolo.fr\/wp-content\/uploads\/2022\/12\/cropped-favicon-blog.png","contentUrl":"https:\/\/blog.maciterneecolo.fr\/wp-content\/uploads\/2022\/12\/cropped-favicon-blog.png","width":512,"height":512,"caption":"Blog Ma Citerne Ecolo"},"image":{"@id":"https:\/\/blog.maciterneecolo.fr\/nl\/#\/schema\/logo\/image\/"}},{"@type":"Person","@id":"https:\/\/blog.maciterneecolo.fr\/nl\/#\/schema\/person\/fe50d00b4e639107698e1ddead236943","name":"B\u00e9n\u00e9dicte Rebolloso","image":{"@type":"ImageObject","inLanguage":"nl-NL","@id":"https:\/\/secure.gravatar.com\/avatar\/ffa759db2a4d8ebb52a58b89d3dc2a9f0395a5122bb839045a145d6585de1126?s=96&d=mm&r=g","url":"https:\/\/secure.gravatar.com\/avatar\/ffa759db2a4d8ebb52a58b89d3dc2a9f0395a5122bb839045a145d6585de1126?s=96&d=mm&r=g","contentUrl":"https:\/\/secure.gravatar.com\/avatar\/ffa759db2a4d8ebb52a58b89d3dc2a9f0395a5122bb839045a145d6585de1126?s=96&d=mm&r=g","caption":"B\u00e9n\u00e9dicte Rebolloso"},"url":"https:\/\/blog.maciterneecolo.fr\/nl\/author\/benedicterebolloso\/"}]}},"_links":{"self":[{"href":"https:\/\/blog.maciterneecolo.fr\/nl\/wp-json\/wp\/v2\/posts\/14066","targetHints":{"allow":["GET"]}}],"collection":[{"href":"https:\/\/blog.maciterneecolo.fr\/nl\/wp-json\/wp\/v2\/posts"}],"about":[{"href":"https:\/\/blog.maciterneecolo.fr\/nl\/wp-json\/wp\/v2\/types\/post"}],"author":[{"embeddable":true,"href":"https:\/\/blog.maciterneecolo.fr\/nl\/wp-json\/wp\/v2\/users\/4"}],"replies":[{"embeddable":true,"href":"https:\/\/blog.maciterneecolo.fr\/nl\/wp-json\/wp\/v2\/comments?post=14066"}],"version-history":[{"count":1,"href":"https:\/\/blog.maciterneecolo.fr\/nl\/wp-json\/wp\/v2\/posts\/14066\/revisions"}],"predecessor-version":[{"id":14067,"href":"https:\/\/blog.maciterneecolo.fr\/nl\/wp-json\/wp\/v2\/posts\/14066\/revisions\/14067"}],"wp:featuredmedia":[{"embeddable":true,"href":"https:\/\/blog.maciterneecolo.fr\/nl\/wp-json\/wp\/v2\/media\/14034"}],"wp:attachment":[{"href":"https:\/\/blog.maciterneecolo.fr\/nl\/wp-json\/wp\/v2\/media?parent=14066"}],"wp:term":[{"taxonomy":"category","embeddable":true,"href":"https:\/\/blog.maciterneecolo.fr\/nl\/wp-json\/wp\/v2\/categories?post=14066"},{"taxonomy":"post_tag","embeddable":true,"href":"https:\/\/blog.maciterneecolo.fr\/nl\/wp-json\/wp\/v2\/tags?post=14066"}],"curies":[{"name":"wp","href":"https:\/\/api.w.org\/{rel}","templated":true}]}}