{"id":14572,"date":"2025-09-09T11:00:00","date_gmt":"2025-09-09T11:00:00","guid":{"rendered":"https:\/\/blog.maciterneecolo.fr\/?p=14572"},"modified":"2025-05-09T12:30:57","modified_gmt":"2025-05-09T12:30:57","slug":"waterbestendigheid-in-lokale-overheden-waarom-ze-moeten-denken-als-individuen","status":"publish","type":"post","link":"https:\/\/blog.maciterneecolo.fr\/nl\/waterbestendigheid-in-lokale-overheden-waarom-ze-moeten-denken-als-individuen\/","title":{"rendered":"Waterbestendigheid in lokale overheden: waarom ze moeten denken als individuen"},"content":{"rendered":"\n<h2 class=\"wp-block-heading\"><mark style=\"background-color:rgba(0, 0, 0, 0)\" class=\"has-inline-color has-vivid-cyan-blue-color\">De watercrisis: een groeiende uitdaging voor Franse lokale overheden<\/mark><\/h2>\n\n<h3 class=\"wp-block-heading\">Ongekende druk op watervoorraden<\/h3>\n\n<p>Sinds enkele jaren heeft Frankrijk te maken met een toenemend aantal <a href=\"https:\/\/blog.maciterneecolo.fr\/nl\/de-impact-van-droogte-op-ons-dagelijks-leven-wat-je-moet-weten\/\">droogtes, die een blijvende impact hebben op de watervoorraden<\/a>. Dit fenomeen, dat nog versterkt wordt door de klimaatverandering, ondermijnt de regio&#8217;s en de lokale overheden, die moeite hebben om een openbare waterbeheerdienst van hoge kwaliteit in stand te houden. <\/p>\n\n<p>Door de lagere grondwateraanvulling, de verminderde rivierstromen en de toegenomen verdamping uit opslagfaciliteiten komt de hele watercyclus onder druk te staan. Lokale overheden, vooral in landelijke gebieden, moeten hun watergebruik snel aanpassen, omdat hun verbruik vaak afhankelijk is van verouderende netwerken en minder veerkrachtige infrastructuur. <\/p>\n\n<h3 class=\"wp-block-heading\">Steeds vaker gebruiksbeperkingen<\/h3>\n\n<p>Elk jaar is een groot aantal Franse steden verplicht om verordeningen te publiceren die het gebruik van water beperken. Of het nu gaat om het beperken van besproeiing, het sluiten van fonteinen of het beperken van het vullen van zwembaden, deze beslissingen worden genomen in een noodsituatie. Deze maatregelen hebben gevolgen voor openbare diensten, burgers, bedrijven en boeren.  <\/p>\n\n<p>Het beheer van de watervoorziening is een pijler geworden van de veerkrachtplannen. Lokale en regionale spelers moeten deze kwesties integreren in hun ontwikkelingsprojecten en de rol van watervoorraden in hun beleid herzien. Een progressieve prijsstelling voor drinkwater is bijvoorbeeld een essenti\u00eble aanpassingsmaatregel.  <\/p>\n\n<h3 class=\"wp-block-heading\">Dure afhankelijkheid van openbare netwerken<\/h3>\n\n<p>Waternetwerken in Frankrijk worden voornamelijk beheerd door lokale overheden, vaak gegroepeerd in syndicaten of intercommunales. De investeringskosten in infrastructuur &#8211; leidingen, pompstations, reservoirs &#8211; zijn hoog, net als de onderhoudskosten. Bovendien stelt elke verslechtering van de dienstverlening door een gebrek aan modernisering gebruikers bloot aan het risico van onderbreking van de dienstverlening.  <\/p>\n\n<p>Geconfronteerd met deze uitdagingen moet het gecentraliseerde beheermodel evolueren. Lokale overheden moeten aanvullende oplossingen overwegen, zoals secundaire netwerken, lokale opslagfaciliteiten en opvang van regenwater. Dit veronderstelt de implementatie van proactief beleid op lokaal niveau.  <\/p>\n\n<h2 class=\"wp-block-heading\"><mark style=\"background-color:rgba(0, 0, 0, 0)\" class=\"has-inline-color has-vivid-cyan-blue-color\">Denken als een particulier: een noodzakelijke paradigmaverschuiving<\/mark><\/h2>\n\n<h3 class=\"wp-block-heading\">Het nationale model: een bron van inspiratie voor lokale overheden<\/h3>\n\n<p>Sinds enkele jaren gebruiken veel Franse huishoudens waterterugwinningssystemen, met name flexibele reservoirs, voor bijvoorbeeld besproeiing, reiniging en toiletten. Met deze oplossingen kunnen ze hun drinkwaterverbruik verminderen en tegelijkertijd hun watervoorziening veiligstellen. <\/p>\n\n<p>Dit model, gebaseerd op soberheid, eenvoud en snelle implementatie, inspireert nu enkele lokale overheden. Door te denken als een particulier kan een gemeentehuis, technisch centrum of school zichzelf uitrusten met een autonoom systeem. Dit betekent lagere rekeningen, meer veerkracht en concrete actie om klimaatverandering tegen te gaan.  <\/p>\n\n<h3 class=\"wp-block-heading\">Geschikt openbaar gebruik: groene ruimten, scholen, faciliteiten<\/h3>\n\n<p>Het installeren van <a href=\"https:\/\/www.maciterneecolo.fr\/fr\/3-citernes-souples\">flexibele tanks<\/a> in openbare voorzieningen is een effectieve oplossing om periodes van spanning op te vangen. Met deze tanks kan regenwater worden opgeslagen in de onmiddellijke nabijheid van de plaats waar het wordt verbruikt. Technische diensten kunnen dan rechtstreeks uit deze reserves putten om groenvoorzieningen te onderhouden, wegen te wassen of openbare toiletten te bevoorraden.  <\/p>\n\n<p>Deze gerichte toepassingen maken een betere verdeling van de hulpbron mogelijk en voorkomen dat het drinkwaternetwerk wordt gebruikt voor secundaire behoeften. Door projecten te bundelen kunnen verschillende gemeenten in hetzelfde stroomgebied de apparatuur delen. Het is een flexibele, kosteneffectieve aanpak die in overeenstemming is met de klimaatdoelstellingen van het land.  <\/p>\n\n<h3 class=\"wp-block-heading\">Onmiddellijke voordelen voor de gemeenschap en haar gebruikers<\/h3>\n\n<p>Lokale overheden die deze waterprojecten uitvoeren, zien al snel een daling van hun verbruik, een daling van hun uitgaven in euro&#8217;s en een verbetering van hun imago. Deze acties zijn zichtbaar en concreet en helpen om gebruikers te mobiliseren rond een kader van duurzame ontwikkeling. <\/p>\n\n<p>Dit stimuleert ook de betrokkenheid van burgers, die inspiratie kunnen putten uit de publieke aanpak voor hun eigen gebruik. Op deze manier wordt veerkracht gedeeld en draagt het bij aan de algehele transformatie van waterdiensten. Deze initiatieven sluiten perfect aan bij de regionale klimaat-lucht-energieplannen die door de staatsagentschappen worden gepilot.  <\/p>\n\n<h2 class=\"wp-block-heading\"><mark style=\"background-color:rgba(0, 0, 0, 0)\" class=\"has-inline-color has-vivid-cyan-blue-color\">Organiseren van waterbestendigheid op regionaal niveau<\/mark><\/h2>\n\n<h3 class=\"wp-block-heading\">Steun beschikbaar voor projecten van lokale overheden<\/h3>\n\n<p>Er is allerlei financi\u00eble hulp beschikbaar voor lokale overheden om hun waterbestendigheid te versterken. Wateragentschappen, regio&#8217;s, departementen en regionale natuurparken bieden projectoproepen en gerichte subsidies aan. <\/p>\n\n<p>Deze steun kan tot 80% van de investering in concrete acties financieren, zoals de installatie van waterterugwinningssystemen, de aanleg van secundaire netwerken en de uitvoering van watereffici\u00ebntieplannen. Om in aanmerking te komen moeten lokale autoriteiten een samenhangend project opzetten, kwaliteitsindicatoren opnemen en hun betrokkenheid bij het lokale gebied aantonen. <\/p>\n\n<h3 class=\"wp-block-heading\">Gedeelde projecten voor meer lokale effici\u00ebntie<\/h3>\n\n<p>Apparatuur zoals flexibele tanks, afstandsbedieningssystemen, pompen en filters kunnen in een hele regio worden samengevoegd. Een intergemeentelijk model optimaliseert het gebruik van middelen, beperkt redundanties en zorgt voor collectieve soberheid. <\/p>\n\n<p>Deze systemische aanpak kan worden ge\u00efntegreerd in een algemeen waterbeheerplan, in overeenstemming met bestaande netwerken. De voordelen zijn talrijk: schaalvoordelen, beter infrastructuurbeheer, co\u00f6rdinatie tussen belanghebbenden. Dit cre\u00ebert een opwaartse dynamiek, waarbij elke gemeente bijdraagt aan de veerkracht van de regio als geheel.  <\/p>\n\n<h3 class=\"wp-block-heading\">Voorbeeldige lokale overheden wijzen de weg<\/h3>\n\n<p>Sommige Franse steden zijn pioniers op het gebied van waterbestendigheid. Door het installeren van reservoirs, secundaire netwerken en een progressief prijsbeleid verminderen ze hun afhankelijkheid van drinkwater en houden ze hun verbruik onder controle. <\/p>\n\n<p>Ze zijn er ook in geslaagd om deze initiatieven te integreren in een algemeen overheidsbeleid en om de voordelen van de nieuwe praktijken over te brengen aan de lokale bevolking. Deze lokale modellen inspireren andere regio&#8217;s en worden regelmatig geprezen door regionale agentschappen, de regering en verenigingen van gekozen vertegenwoordigers. Ze laten zien dat veerkracht een kwestie is van wilskracht, strategie en pragmatisme.  <\/p>\n\n<h2 class=\"wp-block-heading\"><mark style=\"background-color:rgba(0, 0, 0, 0)\" class=\"has-inline-color has-vivid-cyan-blue-color\">Naar een nieuwe publieke watercultuur<\/mark><\/h2>\n\n<p>Franse lokale overheden staan op een keerpunt. Waterbestendigheid kan niet langer een aanpassingsvariabele zijn. Het moet een politieke prioriteit worden, ge\u00efntegreerd in elk ontwikkelingskader, elk territoriaal project en elke openbare dienst.  <\/p>\n\n<p>Denken als een particulier betekent een concrete, zuinige, effici\u00ebnte visie aannemen. Het betekent eenvoudige maar krachtige oplossingen invoeren: reservoirs, terugwinningssystemen, onafhankelijke netwerken, gedifferentieerd gebruik. Het betekent ook een ambitieus soberheidsbeleid voeren dat gebruikers aanmoedigt om hun gewoonten te veranderen.  <\/p>\n\n<p>Tegen de achtergrond van klimaatverandering, slinkende hulpbronnen en toenemende druk op netwerken is deze transformatie onvermijdelijk. Door lokale spelers te betrekken, financi\u00eble hefbomen te activeren en beste praktijken te promoten, kunnen lokale overheden de drijvende kracht worden achter een nieuwe publieke watercultuur in Frankrijk. <\/p>\n","protected":false},"excerpt":{"rendered":"<p>De watercrisis: een groeiende uitdaging voor Franse lokale overheden Ongekende druk op watervoorraden Sinds enkele jaren heeft Frankrijk te maken met een toenemend aantal droogtes, die een blijvende impact hebben op de watervoorraden. Dit fenomeen, dat nog versterkt wordt door de klimaatverandering, ondermijnt de regio&#8217;s en de lokale overheden, die moeite hebben om een openbare [&hellip;]<\/p>\n","protected":false},"author":4,"featured_media":14554,"comment_status":"open","ping_status":"closed","sticky":false,"template":"","format":"standard","meta":{"inline_featured_image":false,"footnotes":""},"categories":[1027,752,2624],"tags":[],"class_list":["post-14572","post","type-post","status-publish","format-standard","has-post-thumbnail","hentry","category-flexibele-tanks","category-hoe-een-flexibele-tank-werkt","category-waterbeheer-nl"],"yoast_head":"<!-- This site is optimized with the Yoast SEO plugin v27.4 - https:\/\/yoast.com\/product\/yoast-seo-wordpress\/ -->\n<title>Waterbestendigheid in lokale overheden: waarom ze moeten denken als individuen - Blog Ma Citerne Ecolo<\/title>\n<meta name=\"description\" content=\"Franse lokale overheden moeten denken als individuen om te zorgen voor veerkrachtig waterbeheer bij droogte.\" \/>\n<meta name=\"robots\" content=\"index, follow, max-snippet:-1, max-image-preview:large, max-video-preview:-1\" \/>\n<link rel=\"canonical\" href=\"https:\/\/blog.maciterneecolo.fr\/nl\/waterbestendigheid-in-lokale-overheden-waarom-ze-moeten-denken-als-individuen\/\" \/>\n<meta property=\"og:locale\" content=\"nl_NL\" \/>\n<meta property=\"og:type\" content=\"article\" \/>\n<meta property=\"og:title\" content=\"Waterbestendigheid in lokale overheden: waarom ze moeten denken als individuen - Blog Ma Citerne Ecolo\" \/>\n<meta property=\"og:description\" content=\"Franse lokale overheden moeten denken als individuen om te zorgen voor veerkrachtig waterbeheer bij droogte.\" \/>\n<meta property=\"og:url\" content=\"https:\/\/blog.maciterneecolo.fr\/nl\/waterbestendigheid-in-lokale-overheden-waarom-ze-moeten-denken-als-individuen\/\" \/>\n<meta property=\"og:site_name\" content=\"Blog Ma Citerne Ecolo\" \/>\n<meta property=\"article:published_time\" content=\"2025-09-09T11:00:00+00:00\" \/>\n<meta property=\"og:image\" content=\"https:\/\/blog.maciterneecolo.fr\/wp-content\/uploads\/2025\/05\/pexels-scottwebb-137582-scaled.jpg\" \/>\n\t<meta property=\"og:image:width\" content=\"2560\" \/>\n\t<meta property=\"og:image:height\" content=\"1698\" \/>\n\t<meta property=\"og:image:type\" content=\"image\/jpeg\" \/>\n<meta name=\"author\" content=\"B\u00e9n\u00e9dicte Rebolloso\" \/>\n<meta name=\"twitter:card\" content=\"summary_large_image\" \/>\n<meta name=\"twitter:label1\" content=\"Geschreven door\" \/>\n\t<meta name=\"twitter:data1\" content=\"B\u00e9n\u00e9dicte Rebolloso\" \/>\n\t<meta name=\"twitter:label2\" content=\"Geschatte leestijd\" \/>\n\t<meta name=\"twitter:data2\" content=\"5 minuten\" \/>\n<script type=\"application\/ld+json\" class=\"yoast-schema-graph\">{\"@context\":\"https:\\\/\\\/schema.org\",\"@graph\":[{\"@type\":\"Article\",\"@id\":\"https:\\\/\\\/blog.maciterneecolo.fr\\\/nl\\\/waterbestendigheid-in-lokale-overheden-waarom-ze-moeten-denken-als-individuen\\\/#article\",\"isPartOf\":{\"@id\":\"https:\\\/\\\/blog.maciterneecolo.fr\\\/nl\\\/waterbestendigheid-in-lokale-overheden-waarom-ze-moeten-denken-als-individuen\\\/\"},\"author\":{\"name\":\"B\u00e9n\u00e9dicte Rebolloso\",\"@id\":\"https:\\\/\\\/blog.maciterneecolo.fr\\\/nl\\\/#\\\/schema\\\/person\\\/fe50d00b4e639107698e1ddead236943\"},\"headline\":\"Waterbestendigheid in lokale overheden: waarom ze moeten denken als individuen\",\"datePublished\":\"2025-09-09T11:00:00+00:00\",\"mainEntityOfPage\":{\"@id\":\"https:\\\/\\\/blog.maciterneecolo.fr\\\/nl\\\/waterbestendigheid-in-lokale-overheden-waarom-ze-moeten-denken-als-individuen\\\/\"},\"wordCount\":1026,\"commentCount\":0,\"publisher\":{\"@id\":\"https:\\\/\\\/blog.maciterneecolo.fr\\\/nl\\\/#organization\"},\"image\":{\"@id\":\"https:\\\/\\\/blog.maciterneecolo.fr\\\/nl\\\/waterbestendigheid-in-lokale-overheden-waarom-ze-moeten-denken-als-individuen\\\/#primaryimage\"},\"thumbnailUrl\":\"https:\\\/\\\/blog.maciterneecolo.fr\\\/wp-content\\\/uploads\\\/2025\\\/05\\\/pexels-scottwebb-137582-scaled.jpg\",\"articleSection\":[\"Flexibele tanks\",\"Hoe een flexibele tank werkt\",\"Waterbeheer\"],\"inLanguage\":\"nl-NL\",\"potentialAction\":[{\"@type\":\"CommentAction\",\"name\":\"Comment\",\"target\":[\"https:\\\/\\\/blog.maciterneecolo.fr\\\/nl\\\/waterbestendigheid-in-lokale-overheden-waarom-ze-moeten-denken-als-individuen\\\/#respond\"]}]},{\"@type\":\"WebPage\",\"@id\":\"https:\\\/\\\/blog.maciterneecolo.fr\\\/nl\\\/waterbestendigheid-in-lokale-overheden-waarom-ze-moeten-denken-als-individuen\\\/\",\"url\":\"https:\\\/\\\/blog.maciterneecolo.fr\\\/nl\\\/waterbestendigheid-in-lokale-overheden-waarom-ze-moeten-denken-als-individuen\\\/\",\"name\":\"Waterbestendigheid in lokale overheden: waarom ze moeten denken als individuen - Blog Ma Citerne Ecolo\",\"isPartOf\":{\"@id\":\"https:\\\/\\\/blog.maciterneecolo.fr\\\/nl\\\/#website\"},\"primaryImageOfPage\":{\"@id\":\"https:\\\/\\\/blog.maciterneecolo.fr\\\/nl\\\/waterbestendigheid-in-lokale-overheden-waarom-ze-moeten-denken-als-individuen\\\/#primaryimage\"},\"image\":{\"@id\":\"https:\\\/\\\/blog.maciterneecolo.fr\\\/nl\\\/waterbestendigheid-in-lokale-overheden-waarom-ze-moeten-denken-als-individuen\\\/#primaryimage\"},\"thumbnailUrl\":\"https:\\\/\\\/blog.maciterneecolo.fr\\\/wp-content\\\/uploads\\\/2025\\\/05\\\/pexels-scottwebb-137582-scaled.jpg\",\"datePublished\":\"2025-09-09T11:00:00+00:00\",\"description\":\"Franse lokale overheden moeten denken als individuen om te zorgen voor veerkrachtig waterbeheer bij droogte.\",\"breadcrumb\":{\"@id\":\"https:\\\/\\\/blog.maciterneecolo.fr\\\/nl\\\/waterbestendigheid-in-lokale-overheden-waarom-ze-moeten-denken-als-individuen\\\/#breadcrumb\"},\"inLanguage\":\"nl-NL\",\"potentialAction\":[{\"@type\":\"ReadAction\",\"target\":[\"https:\\\/\\\/blog.maciterneecolo.fr\\\/nl\\\/waterbestendigheid-in-lokale-overheden-waarom-ze-moeten-denken-als-individuen\\\/\"]}]},{\"@type\":\"ImageObject\",\"inLanguage\":\"nl-NL\",\"@id\":\"https:\\\/\\\/blog.maciterneecolo.fr\\\/nl\\\/waterbestendigheid-in-lokale-overheden-waarom-ze-moeten-denken-als-individuen\\\/#primaryimage\",\"url\":\"https:\\\/\\\/blog.maciterneecolo.fr\\\/wp-content\\\/uploads\\\/2025\\\/05\\\/pexels-scottwebb-137582-scaled.jpg\",\"contentUrl\":\"https:\\\/\\\/blog.maciterneecolo.fr\\\/wp-content\\\/uploads\\\/2025\\\/05\\\/pexels-scottwebb-137582-scaled.jpg\",\"width\":2560,\"height\":1698},{\"@type\":\"BreadcrumbList\",\"@id\":\"https:\\\/\\\/blog.maciterneecolo.fr\\\/nl\\\/waterbestendigheid-in-lokale-overheden-waarom-ze-moeten-denken-als-individuen\\\/#breadcrumb\",\"itemListElement\":[{\"@type\":\"ListItem\",\"position\":1,\"name\":\"Accueil\",\"item\":\"https:\\\/\\\/blog.maciterneecolo.fr\\\/nl\\\/startpagina\\\/\"},{\"@type\":\"ListItem\",\"position\":2,\"name\":\"Waterbestendigheid in lokale overheden: waarom ze moeten denken als individuen\"}]},{\"@type\":\"WebSite\",\"@id\":\"https:\\\/\\\/blog.maciterneecolo.fr\\\/nl\\\/#website\",\"url\":\"https:\\\/\\\/blog.maciterneecolo.fr\\\/nl\\\/\",\"name\":\"Blog Ma Citerne Ecolo\",\"description\":\"Leader dans le domaine de la citerne souple d&#039;eau de pluie\",\"publisher\":{\"@id\":\"https:\\\/\\\/blog.maciterneecolo.fr\\\/nl\\\/#organization\"},\"potentialAction\":[{\"@type\":\"SearchAction\",\"target\":{\"@type\":\"EntryPoint\",\"urlTemplate\":\"https:\\\/\\\/blog.maciterneecolo.fr\\\/nl\\\/?s={search_term_string}\"},\"query-input\":{\"@type\":\"PropertyValueSpecification\",\"valueRequired\":true,\"valueName\":\"search_term_string\"}}],\"inLanguage\":\"nl-NL\"},{\"@type\":\"Organization\",\"@id\":\"https:\\\/\\\/blog.maciterneecolo.fr\\\/nl\\\/#organization\",\"name\":\"Blog Ma Citerne Ecolo\",\"url\":\"https:\\\/\\\/blog.maciterneecolo.fr\\\/nl\\\/\",\"logo\":{\"@type\":\"ImageObject\",\"inLanguage\":\"nl-NL\",\"@id\":\"https:\\\/\\\/blog.maciterneecolo.fr\\\/nl\\\/#\\\/schema\\\/logo\\\/image\\\/\",\"url\":\"https:\\\/\\\/blog.maciterneecolo.fr\\\/wp-content\\\/uploads\\\/2022\\\/12\\\/cropped-favicon-blog.png\",\"contentUrl\":\"https:\\\/\\\/blog.maciterneecolo.fr\\\/wp-content\\\/uploads\\\/2022\\\/12\\\/cropped-favicon-blog.png\",\"width\":512,\"height\":512,\"caption\":\"Blog Ma Citerne Ecolo\"},\"image\":{\"@id\":\"https:\\\/\\\/blog.maciterneecolo.fr\\\/nl\\\/#\\\/schema\\\/logo\\\/image\\\/\"}},{\"@type\":\"Person\",\"@id\":\"https:\\\/\\\/blog.maciterneecolo.fr\\\/nl\\\/#\\\/schema\\\/person\\\/fe50d00b4e639107698e1ddead236943\",\"name\":\"B\u00e9n\u00e9dicte Rebolloso\",\"image\":{\"@type\":\"ImageObject\",\"inLanguage\":\"nl-NL\",\"@id\":\"https:\\\/\\\/secure.gravatar.com\\\/avatar\\\/ffa759db2a4d8ebb52a58b89d3dc2a9f0395a5122bb839045a145d6585de1126?s=96&d=mm&r=g\",\"url\":\"https:\\\/\\\/secure.gravatar.com\\\/avatar\\\/ffa759db2a4d8ebb52a58b89d3dc2a9f0395a5122bb839045a145d6585de1126?s=96&d=mm&r=g\",\"contentUrl\":\"https:\\\/\\\/secure.gravatar.com\\\/avatar\\\/ffa759db2a4d8ebb52a58b89d3dc2a9f0395a5122bb839045a145d6585de1126?s=96&d=mm&r=g\",\"caption\":\"B\u00e9n\u00e9dicte Rebolloso\"},\"url\":\"https:\\\/\\\/blog.maciterneecolo.fr\\\/nl\\\/author\\\/benedicterebolloso\\\/\"}]}<\/script>\n<!-- \/ Yoast SEO plugin. -->","yoast_head_json":{"title":"Waterbestendigheid in lokale overheden: waarom ze moeten denken als individuen - Blog Ma Citerne Ecolo","description":"Franse lokale overheden moeten denken als individuen om te zorgen voor veerkrachtig waterbeheer bij droogte.","robots":{"index":"index","follow":"follow","max-snippet":"max-snippet:-1","max-image-preview":"max-image-preview:large","max-video-preview":"max-video-preview:-1"},"canonical":"https:\/\/blog.maciterneecolo.fr\/nl\/waterbestendigheid-in-lokale-overheden-waarom-ze-moeten-denken-als-individuen\/","og_locale":"nl_NL","og_type":"article","og_title":"Waterbestendigheid in lokale overheden: waarom ze moeten denken als individuen - Blog Ma Citerne Ecolo","og_description":"Franse lokale overheden moeten denken als individuen om te zorgen voor veerkrachtig waterbeheer bij droogte.","og_url":"https:\/\/blog.maciterneecolo.fr\/nl\/waterbestendigheid-in-lokale-overheden-waarom-ze-moeten-denken-als-individuen\/","og_site_name":"Blog Ma Citerne Ecolo","article_published_time":"2025-09-09T11:00:00+00:00","og_image":[{"width":2560,"height":1698,"url":"https:\/\/blog.maciterneecolo.fr\/wp-content\/uploads\/2025\/05\/pexels-scottwebb-137582-scaled.jpg","type":"image\/jpeg"}],"author":"B\u00e9n\u00e9dicte Rebolloso","twitter_card":"summary_large_image","twitter_misc":{"Geschreven door":"B\u00e9n\u00e9dicte Rebolloso","Geschatte leestijd":"5 minuten"},"schema":{"@context":"https:\/\/schema.org","@graph":[{"@type":"Article","@id":"https:\/\/blog.maciterneecolo.fr\/nl\/waterbestendigheid-in-lokale-overheden-waarom-ze-moeten-denken-als-individuen\/#article","isPartOf":{"@id":"https:\/\/blog.maciterneecolo.fr\/nl\/waterbestendigheid-in-lokale-overheden-waarom-ze-moeten-denken-als-individuen\/"},"author":{"name":"B\u00e9n\u00e9dicte Rebolloso","@id":"https:\/\/blog.maciterneecolo.fr\/nl\/#\/schema\/person\/fe50d00b4e639107698e1ddead236943"},"headline":"Waterbestendigheid in lokale overheden: waarom ze moeten denken als individuen","datePublished":"2025-09-09T11:00:00+00:00","mainEntityOfPage":{"@id":"https:\/\/blog.maciterneecolo.fr\/nl\/waterbestendigheid-in-lokale-overheden-waarom-ze-moeten-denken-als-individuen\/"},"wordCount":1026,"commentCount":0,"publisher":{"@id":"https:\/\/blog.maciterneecolo.fr\/nl\/#organization"},"image":{"@id":"https:\/\/blog.maciterneecolo.fr\/nl\/waterbestendigheid-in-lokale-overheden-waarom-ze-moeten-denken-als-individuen\/#primaryimage"},"thumbnailUrl":"https:\/\/blog.maciterneecolo.fr\/wp-content\/uploads\/2025\/05\/pexels-scottwebb-137582-scaled.jpg","articleSection":["Flexibele tanks","Hoe een flexibele tank werkt","Waterbeheer"],"inLanguage":"nl-NL","potentialAction":[{"@type":"CommentAction","name":"Comment","target":["https:\/\/blog.maciterneecolo.fr\/nl\/waterbestendigheid-in-lokale-overheden-waarom-ze-moeten-denken-als-individuen\/#respond"]}]},{"@type":"WebPage","@id":"https:\/\/blog.maciterneecolo.fr\/nl\/waterbestendigheid-in-lokale-overheden-waarom-ze-moeten-denken-als-individuen\/","url":"https:\/\/blog.maciterneecolo.fr\/nl\/waterbestendigheid-in-lokale-overheden-waarom-ze-moeten-denken-als-individuen\/","name":"Waterbestendigheid in lokale overheden: waarom ze moeten denken als individuen - Blog Ma Citerne Ecolo","isPartOf":{"@id":"https:\/\/blog.maciterneecolo.fr\/nl\/#website"},"primaryImageOfPage":{"@id":"https:\/\/blog.maciterneecolo.fr\/nl\/waterbestendigheid-in-lokale-overheden-waarom-ze-moeten-denken-als-individuen\/#primaryimage"},"image":{"@id":"https:\/\/blog.maciterneecolo.fr\/nl\/waterbestendigheid-in-lokale-overheden-waarom-ze-moeten-denken-als-individuen\/#primaryimage"},"thumbnailUrl":"https:\/\/blog.maciterneecolo.fr\/wp-content\/uploads\/2025\/05\/pexels-scottwebb-137582-scaled.jpg","datePublished":"2025-09-09T11:00:00+00:00","description":"Franse lokale overheden moeten denken als individuen om te zorgen voor veerkrachtig waterbeheer bij droogte.","breadcrumb":{"@id":"https:\/\/blog.maciterneecolo.fr\/nl\/waterbestendigheid-in-lokale-overheden-waarom-ze-moeten-denken-als-individuen\/#breadcrumb"},"inLanguage":"nl-NL","potentialAction":[{"@type":"ReadAction","target":["https:\/\/blog.maciterneecolo.fr\/nl\/waterbestendigheid-in-lokale-overheden-waarom-ze-moeten-denken-als-individuen\/"]}]},{"@type":"ImageObject","inLanguage":"nl-NL","@id":"https:\/\/blog.maciterneecolo.fr\/nl\/waterbestendigheid-in-lokale-overheden-waarom-ze-moeten-denken-als-individuen\/#primaryimage","url":"https:\/\/blog.maciterneecolo.fr\/wp-content\/uploads\/2025\/05\/pexels-scottwebb-137582-scaled.jpg","contentUrl":"https:\/\/blog.maciterneecolo.fr\/wp-content\/uploads\/2025\/05\/pexels-scottwebb-137582-scaled.jpg","width":2560,"height":1698},{"@type":"BreadcrumbList","@id":"https:\/\/blog.maciterneecolo.fr\/nl\/waterbestendigheid-in-lokale-overheden-waarom-ze-moeten-denken-als-individuen\/#breadcrumb","itemListElement":[{"@type":"ListItem","position":1,"name":"Accueil","item":"https:\/\/blog.maciterneecolo.fr\/nl\/startpagina\/"},{"@type":"ListItem","position":2,"name":"Waterbestendigheid in lokale overheden: waarom ze moeten denken als individuen"}]},{"@type":"WebSite","@id":"https:\/\/blog.maciterneecolo.fr\/nl\/#website","url":"https:\/\/blog.maciterneecolo.fr\/nl\/","name":"Blog Ma Citerne Ecolo","description":"Leader dans le domaine de la citerne souple d&#039;eau de pluie","publisher":{"@id":"https:\/\/blog.maciterneecolo.fr\/nl\/#organization"},"potentialAction":[{"@type":"SearchAction","target":{"@type":"EntryPoint","urlTemplate":"https:\/\/blog.maciterneecolo.fr\/nl\/?s={search_term_string}"},"query-input":{"@type":"PropertyValueSpecification","valueRequired":true,"valueName":"search_term_string"}}],"inLanguage":"nl-NL"},{"@type":"Organization","@id":"https:\/\/blog.maciterneecolo.fr\/nl\/#organization","name":"Blog Ma Citerne Ecolo","url":"https:\/\/blog.maciterneecolo.fr\/nl\/","logo":{"@type":"ImageObject","inLanguage":"nl-NL","@id":"https:\/\/blog.maciterneecolo.fr\/nl\/#\/schema\/logo\/image\/","url":"https:\/\/blog.maciterneecolo.fr\/wp-content\/uploads\/2022\/12\/cropped-favicon-blog.png","contentUrl":"https:\/\/blog.maciterneecolo.fr\/wp-content\/uploads\/2022\/12\/cropped-favicon-blog.png","width":512,"height":512,"caption":"Blog Ma Citerne Ecolo"},"image":{"@id":"https:\/\/blog.maciterneecolo.fr\/nl\/#\/schema\/logo\/image\/"}},{"@type":"Person","@id":"https:\/\/blog.maciterneecolo.fr\/nl\/#\/schema\/person\/fe50d00b4e639107698e1ddead236943","name":"B\u00e9n\u00e9dicte Rebolloso","image":{"@type":"ImageObject","inLanguage":"nl-NL","@id":"https:\/\/secure.gravatar.com\/avatar\/ffa759db2a4d8ebb52a58b89d3dc2a9f0395a5122bb839045a145d6585de1126?s=96&d=mm&r=g","url":"https:\/\/secure.gravatar.com\/avatar\/ffa759db2a4d8ebb52a58b89d3dc2a9f0395a5122bb839045a145d6585de1126?s=96&d=mm&r=g","contentUrl":"https:\/\/secure.gravatar.com\/avatar\/ffa759db2a4d8ebb52a58b89d3dc2a9f0395a5122bb839045a145d6585de1126?s=96&d=mm&r=g","caption":"B\u00e9n\u00e9dicte Rebolloso"},"url":"https:\/\/blog.maciterneecolo.fr\/nl\/author\/benedicterebolloso\/"}]}},"_links":{"self":[{"href":"https:\/\/blog.maciterneecolo.fr\/nl\/wp-json\/wp\/v2\/posts\/14572","targetHints":{"allow":["GET"]}}],"collection":[{"href":"https:\/\/blog.maciterneecolo.fr\/nl\/wp-json\/wp\/v2\/posts"}],"about":[{"href":"https:\/\/blog.maciterneecolo.fr\/nl\/wp-json\/wp\/v2\/types\/post"}],"author":[{"embeddable":true,"href":"https:\/\/blog.maciterneecolo.fr\/nl\/wp-json\/wp\/v2\/users\/4"}],"replies":[{"embeddable":true,"href":"https:\/\/blog.maciterneecolo.fr\/nl\/wp-json\/wp\/v2\/comments?post=14572"}],"version-history":[{"count":1,"href":"https:\/\/blog.maciterneecolo.fr\/nl\/wp-json\/wp\/v2\/posts\/14572\/revisions"}],"predecessor-version":[{"id":14573,"href":"https:\/\/blog.maciterneecolo.fr\/nl\/wp-json\/wp\/v2\/posts\/14572\/revisions\/14573"}],"wp:featuredmedia":[{"embeddable":true,"href":"https:\/\/blog.maciterneecolo.fr\/nl\/wp-json\/wp\/v2\/media\/14554"}],"wp:attachment":[{"href":"https:\/\/blog.maciterneecolo.fr\/nl\/wp-json\/wp\/v2\/media?parent=14572"}],"wp:term":[{"taxonomy":"category","embeddable":true,"href":"https:\/\/blog.maciterneecolo.fr\/nl\/wp-json\/wp\/v2\/categories?post=14572"},{"taxonomy":"post_tag","embeddable":true,"href":"https:\/\/blog.maciterneecolo.fr\/nl\/wp-json\/wp\/v2\/tags?post=14572"}],"curies":[{"name":"wp","href":"https:\/\/api.w.org\/{rel}","templated":true}]}}