{"id":15171,"date":"2025-12-03T08:00:00","date_gmt":"2025-12-03T08:00:00","guid":{"rendered":"https:\/\/blog.maciterneecolo.fr\/?p=15171"},"modified":"2025-09-11T12:20:08","modified_gmt":"2025-09-11T12:20:08","slug":"wat-is-de-levenscyclus-van-een-flexibele-tank-van-productie-tot-recycling","status":"publish","type":"post","link":"https:\/\/blog.maciterneecolo.fr\/nl\/wat-is-de-levenscyclus-van-een-flexibele-tank-van-productie-tot-recycling\/","title":{"rendered":"Wat is de levenscyclus van een flexibele tank? Van productie tot recycling"},"content":{"rendered":"\n<h2 class=\"wp-block-heading\">Inleiding<\/h2>\n\n<p>De levenscyclus van een <a href=\"https:\/\/www.maciterneecolo.fr\/fr\/3-citernes-souples\">flexibele tank<\/a> staat centraal in het waterbeheer. Van productie tot recycling, elke fase speelt een essenti\u00eble rol. Deze tanks vormen een duurzame oplossing voor het opslaan van regenwater of drinkwater. Maar wat is hun echte levenscyclus, van ontwerp tot einde levensduur?   <\/p>\n\n<p>In Frankrijk gebruiken veel professionals en particulieren deze apparatuur al. Ze zien het als een praktisch antwoord op de uitdagingen van de klimaatverandering en de behoefte aan meer liters water. Inzicht in de watercyclus is de sleutel tot het optimaliseren van het gebruik ervan, het verminderen van afval en het verbeteren van de veiligheid van installaties.  <\/p>\n\n<h2 class=\"wp-block-heading\">Het ontwerp van een flexibele tank<\/h2>\n\n<h3 class=\"wp-block-heading\">Gebruikte materialen: plastic, textiel en hout<\/h3>\n\n<p>Een flexibel inbouwreservoir is gemaakt van stevige materialen: pvc, technisch textiel en soms versterkend hout. Deze producten zorgen voor waterdichtheid en beschermen het opgeslagen water tegen hitte en regen. Recente innovaties moedigen het gebruik van recyclebare materialen aan, waardoor afval wordt beperkt en de impact op het milieu wordt verbeterd.  <\/p>\n\n<h3 class=\"wp-block-heading\">Productiefasen en -normen<\/h3>\n\n<p>De productie verloopt volgens een streng proces: snijden, lassen, weerstandstesten en stromingscontrole. In Frankrijk leggen veiligheidsnormen strenge controles op. Elke <a href=\"https:\/\/www.maciterneecolo.fr\/fr\/\">flexibele tank<\/a> is ontworpen om lang mee te gaan, van modellen van een paar honderd liter tot grote tanks. Fabrikanten leveren ook nauwkeurige offertes om je te helpen de beste opslagoplossing te kiezen.   <\/p>\n\n<h3 class=\"wp-block-heading\">Producten ontworpen voor veiligheid<\/h3>\n\n<p>Het ontwerp omvat essenti\u00eble accessoires: regenwaterskimmers, kleppen en infiltratiesystemen. Sommige modellen bevatten IBC-modules, handig voor het transporteren en vasthouden van vloeistoffen. Deze technische oplossingen garanderen een veilig gebruik, aangepast aan de uiteenlopende behoeften van professionals en\/of particulieren.  <\/p>\n\n<h2 class=\"wp-block-heading\">Het gebruik en de levensduur van een flexibele tank<\/h2>\n\n<h3 class=\"wp-block-heading\">Snelle en eenvoudige installatie<\/h3>\n\n<p><a href=\"https:\/\/blog.maciterneecolo.fr\/nl\/hoe-bereid-ik-mijn-ontvangstplatform-voor-op-mijn-flexibele-tank\/\">Installatie is eenvoudig<\/a>. Het enige wat je moet voorbereiden is een stabiele ondergrond en een vlakke ondergrond. Deze eenvoud maakt de flexibele tank ideaal voor een tuin, boerderij of industrieterrein. Elk project kan profiteren van een duidelijke offerte en professionele ondersteuning. Houten steunen of IBC-steunen vergroten de stabiliteit en vergemakkelijken het transport.    <\/p>\n\n<h3 class=\"wp-block-heading\">Meervoudig gebruik voor optimaal waterbeheer<\/h3>\n\n<p>Flexibele tanks voldoen aan uiteenlopende behoeften:<\/p>\n\n<ul class=\"wp-block-list\">\n<li>regenwaterterugwinning voor besproeiing,<\/li>\n\n\n\n<li>drinkwatervoorziening voor plattelandsgemeenschappen,<\/li>\n\n\n\n<li>oplossing voor brandveiligheid,<\/li>\n\n\n\n<li>opvang van afvalwater of vloeibaar afval,<\/li>\n\n\n\n<li>transport van vloeistoffen voor de industrie.<\/li>\n<\/ul>\n\n<p>Deze toepassingen tonen de veelzijdigheid van dit systeem. In Frankrijk is het een essentieel antwoord op de uitdagingen van de klimaatverandering. <\/p>\n\n<h3 class=\"wp-block-heading\">Factoren die de levensduur be\u00efnvloeden<\/h3>\n\n<p>Een goed onderhouden tank kan 15 tot 20 jaar meegaan. De levensduur hangt af van hoe goed hij is ge\u00efnstalleerd, de kwaliteit van de gebruikte materialen, het bodemtype en de grillen van de regenval. Oplossingen zijn onder andere de installatie van houten beschermingen en het gebruik van IBC-modules. Met deze technieken wordt het uitvalpercentage verlaagd en de veiligheid van de opslag verbeterd.   <\/p>\n\n<h2 class=\"wp-block-heading\">Onderhoud om de levensduur van de tank te verlengen<\/h2>\n\n<h3 class=\"wp-block-heading\">Regelmatig onderhoud en afvalpreventie<\/h3>\n\n<p>Goed onderhoud verlengt de levensduur. Dit omvat het controleren van de stroomsnelheid, het schoonmaken van de tank en het voorkomen van de ophoping van afval zoals bladeren. Eenvoudige oplossingen volstaan om een goede waterkwaliteit te behouden. Fabrikanten bieden zelfs onderhoudsgidsen en offertes aan om gebruikers te ondersteunen.   <\/p>\n\n<h3 class=\"wp-block-heading\">Repareren in plaats van vervangen<\/h3>\n\n<p>Als er een lek is, hoef je het niet meteen te vervangen. Er zijn lapmiddelen en reparatietechnieken beschikbaar. Franse professionals bieden snelle antwoorden om te voorkomen dat een tank die nog functioneert wordt weggegooid. Houten verstevigingen of IBC-zakken verbeteren de sterkte en vergemakkelijken het transport.   <\/p>\n\n<h3 class=\"wp-block-heading\">Prestaties over meerdere jaren optimaliseren<\/h3>\n\n<p>De prestaties worden op peil gehouden door regelmatige controles. Het gebruik van filtersystemen en stootbescherming optimaliseert de opslag. Recente innovaties zijn modulaire accessoires en houten steunen die een grotere duurzaamheid garanderen, zelfs bij zware regenval.  <\/p>\n\n<h2 class=\"wp-block-heading\">Einde levensduur en recycling van flexibele tanks<\/h2>\n\n<h3 class=\"wp-block-heading\">Wat gebeurt er met een gebruikte tank?<\/h3>\n\n<p>Aan het einde van zijn levenscyclus wordt een tank minder veilig. Maar het is niet zomaar afval. Verwerkingscentra verzamelen deze producten en recyclen ze. De reacties bevatten ook terugnamequota, zodat gebruikers hun vervanging kunnen plannen.   <\/p>\n\n<h3 class=\"wp-block-heading\">Recycling van materialen<\/h3>\n\n<p>In Frankrijk recyclen gespecialiseerde bedrijven plastic en textiel uit flexibele tanks. Het plastic wordt omgezet in nieuwe producten, terwijl het textiel een tweede bestemming krijgt. Houten of IBC-containers worden hergebruikt voor transport. Deze initiatieven verminderen de impact van afval en bieden een echt antwoord voor het milieu.   <\/p>\n\n<h3 class=\"wp-block-heading\">Naar een duurzame circulaire economie<\/h3>\n\n<p>De trend gaat in de richting van een circulaire economie. Fabrikanten ontwikkelen volledig recyclebare oplossingen. De integratie van materialen uit afval en het gebruik van IBC-modules bieden nieuwe praktische oplossingen. Deze innovaties beperken de impact van onregelmatige regenval en klimaatcrises en bevorderen tegelijkertijd een beter beheer van hulpbronnen.   <\/p>\n\n<h2 class=\"wp-block-heading\">Conclusie<\/h2>\n\n<p>De levenscyclus van een flexibele tank is een voorbeeld van een duurzame oplossing. Van productie tot installatie, van gebruik tot onderhoud en recycling, elke fase draagt bij aan minder afval en meer veiligheid. <\/p>\n\n<p>Door voor deze tanks te kiezen, hebben particulieren en professionals toegang tot een betrouwbare oplossing voor het opslaan van regenwater of drinkwater. Dankzij innovatieve oplossingen, duidelijke offertes en kanalen voor materiaalterugwinning maken flexibele tanks deel uit van een circulaire economie. <\/p>\n\n<p>In een wereld die gekenmerkt wordt door klimaatverandering zullen deze faciliteiten zich uitbreiden. Ze bieden praktische oplossingen voor een beter beheer van hulpbronnen in Frankrijk en elders. <\/p>\n","protected":false},"excerpt":{"rendered":"<p>Inleiding De levenscyclus van een flexibele tank staat centraal in het waterbeheer. Van productie tot recycling, elke fase speelt een essenti\u00eble rol. Deze tanks vormen een duurzame oplossing voor het opslaan van regenwater of drinkwater. Maar wat is hun echte levenscyclus, van ontwerp tot einde levensduur? In Frankrijk gebruiken veel professionals en particulieren deze apparatuur [&hellip;]<\/p>\n","protected":false},"author":4,"featured_media":15132,"comment_status":"open","ping_status":"closed","sticky":false,"template":"","format":"standard","meta":{"inline_featured_image":false,"footnotes":""},"categories":[643,1027],"tags":[655],"class_list":["post-15171","post","type-post","status-publish","format-standard","has-post-thumbnail","hentry","category-alles-wat-u-moet-weten-over-de-flexibele-tank","category-flexibele-tanks","tag-regenwateropvang"],"yoast_head":"<!-- This site is optimized with the Yoast SEO plugin v27.4 - https:\/\/yoast.com\/product\/yoast-seo-wordpress\/ -->\n<title>Wat is de levenscyclus van een flexibele tank? Van productie tot recycling - Blog Ma Citerne Ecolo<\/title>\n<meta name=\"description\" content=\"Flexibele tanks kunnen worden gerecycled. Lees meer over het productieproces om te begrijpen hoe ze kunnen worden gerecycled.\" \/>\n<meta name=\"robots\" content=\"index, follow, max-snippet:-1, max-image-preview:large, max-video-preview:-1\" \/>\n<link rel=\"canonical\" href=\"https:\/\/blog.maciterneecolo.fr\/nl\/wat-is-de-levenscyclus-van-een-flexibele-tank-van-productie-tot-recycling\/\" \/>\n<meta property=\"og:locale\" content=\"nl_NL\" \/>\n<meta property=\"og:type\" content=\"article\" \/>\n<meta property=\"og:title\" content=\"Wat is de levenscyclus van een flexibele tank? Van productie tot recycling - Blog Ma Citerne Ecolo\" \/>\n<meta property=\"og:description\" content=\"Flexibele tanks kunnen worden gerecycled. Lees meer over het productieproces om te begrijpen hoe ze kunnen worden gerecycled.\" \/>\n<meta property=\"og:url\" content=\"https:\/\/blog.maciterneecolo.fr\/nl\/wat-is-de-levenscyclus-van-een-flexibele-tank-van-productie-tot-recycling\/\" \/>\n<meta property=\"og:site_name\" content=\"Blog Ma Citerne Ecolo\" \/>\n<meta property=\"article:published_time\" content=\"2025-12-03T08:00:00+00:00\" \/>\n<meta property=\"og:image\" content=\"https:\/\/blog.maciterneecolo.fr\/wp-content\/uploads\/2025\/09\/pexels-cottonbro-6591427-scaled.jpg\" \/>\n\t<meta property=\"og:image:width\" content=\"2560\" \/>\n\t<meta property=\"og:image:height\" content=\"1707\" \/>\n\t<meta property=\"og:image:type\" content=\"image\/jpeg\" \/>\n<meta name=\"author\" content=\"B\u00e9n\u00e9dicte Rebolloso\" \/>\n<meta name=\"twitter:card\" content=\"summary_large_image\" \/>\n<meta name=\"twitter:label1\" content=\"Geschreven door\" \/>\n\t<meta name=\"twitter:data1\" content=\"B\u00e9n\u00e9dicte Rebolloso\" \/>\n\t<meta name=\"twitter:label2\" content=\"Geschatte leestijd\" \/>\n\t<meta name=\"twitter:data2\" content=\"4 minuten\" \/>\n<script type=\"application\/ld+json\" class=\"yoast-schema-graph\">{\"@context\":\"https:\\\/\\\/schema.org\",\"@graph\":[{\"@type\":\"Article\",\"@id\":\"https:\\\/\\\/blog.maciterneecolo.fr\\\/nl\\\/wat-is-de-levenscyclus-van-een-flexibele-tank-van-productie-tot-recycling\\\/#article\",\"isPartOf\":{\"@id\":\"https:\\\/\\\/blog.maciterneecolo.fr\\\/nl\\\/wat-is-de-levenscyclus-van-een-flexibele-tank-van-productie-tot-recycling\\\/\"},\"author\":{\"name\":\"B\u00e9n\u00e9dicte Rebolloso\",\"@id\":\"https:\\\/\\\/blog.maciterneecolo.fr\\\/nl\\\/#\\\/schema\\\/person\\\/fe50d00b4e639107698e1ddead236943\"},\"headline\":\"Wat is de levenscyclus van een flexibele tank? Van productie tot recycling\",\"datePublished\":\"2025-12-03T08:00:00+00:00\",\"mainEntityOfPage\":{\"@id\":\"https:\\\/\\\/blog.maciterneecolo.fr\\\/nl\\\/wat-is-de-levenscyclus-van-een-flexibele-tank-van-productie-tot-recycling\\\/\"},\"wordCount\":864,\"commentCount\":0,\"publisher\":{\"@id\":\"https:\\\/\\\/blog.maciterneecolo.fr\\\/nl\\\/#organization\"},\"image\":{\"@id\":\"https:\\\/\\\/blog.maciterneecolo.fr\\\/nl\\\/wat-is-de-levenscyclus-van-een-flexibele-tank-van-productie-tot-recycling\\\/#primaryimage\"},\"thumbnailUrl\":\"https:\\\/\\\/blog.maciterneecolo.fr\\\/wp-content\\\/uploads\\\/2025\\\/09\\\/pexels-cottonbro-6591427-scaled.jpg\",\"keywords\":[\"regenwateropvang\"],\"articleSection\":[\"Alles wat u moet weten over de flexibele tank\",\"Flexibele tanks\"],\"inLanguage\":\"nl-NL\",\"potentialAction\":[{\"@type\":\"CommentAction\",\"name\":\"Comment\",\"target\":[\"https:\\\/\\\/blog.maciterneecolo.fr\\\/nl\\\/wat-is-de-levenscyclus-van-een-flexibele-tank-van-productie-tot-recycling\\\/#respond\"]}]},{\"@type\":\"WebPage\",\"@id\":\"https:\\\/\\\/blog.maciterneecolo.fr\\\/nl\\\/wat-is-de-levenscyclus-van-een-flexibele-tank-van-productie-tot-recycling\\\/\",\"url\":\"https:\\\/\\\/blog.maciterneecolo.fr\\\/nl\\\/wat-is-de-levenscyclus-van-een-flexibele-tank-van-productie-tot-recycling\\\/\",\"name\":\"Wat is de levenscyclus van een flexibele tank? Van productie tot recycling - Blog Ma Citerne Ecolo\",\"isPartOf\":{\"@id\":\"https:\\\/\\\/blog.maciterneecolo.fr\\\/nl\\\/#website\"},\"primaryImageOfPage\":{\"@id\":\"https:\\\/\\\/blog.maciterneecolo.fr\\\/nl\\\/wat-is-de-levenscyclus-van-een-flexibele-tank-van-productie-tot-recycling\\\/#primaryimage\"},\"image\":{\"@id\":\"https:\\\/\\\/blog.maciterneecolo.fr\\\/nl\\\/wat-is-de-levenscyclus-van-een-flexibele-tank-van-productie-tot-recycling\\\/#primaryimage\"},\"thumbnailUrl\":\"https:\\\/\\\/blog.maciterneecolo.fr\\\/wp-content\\\/uploads\\\/2025\\\/09\\\/pexels-cottonbro-6591427-scaled.jpg\",\"datePublished\":\"2025-12-03T08:00:00+00:00\",\"description\":\"Flexibele tanks kunnen worden gerecycled. Lees meer over het productieproces om te begrijpen hoe ze kunnen worden gerecycled.\",\"breadcrumb\":{\"@id\":\"https:\\\/\\\/blog.maciterneecolo.fr\\\/nl\\\/wat-is-de-levenscyclus-van-een-flexibele-tank-van-productie-tot-recycling\\\/#breadcrumb\"},\"inLanguage\":\"nl-NL\",\"potentialAction\":[{\"@type\":\"ReadAction\",\"target\":[\"https:\\\/\\\/blog.maciterneecolo.fr\\\/nl\\\/wat-is-de-levenscyclus-van-een-flexibele-tank-van-productie-tot-recycling\\\/\"]}]},{\"@type\":\"ImageObject\",\"inLanguage\":\"nl-NL\",\"@id\":\"https:\\\/\\\/blog.maciterneecolo.fr\\\/nl\\\/wat-is-de-levenscyclus-van-een-flexibele-tank-van-productie-tot-recycling\\\/#primaryimage\",\"url\":\"https:\\\/\\\/blog.maciterneecolo.fr\\\/wp-content\\\/uploads\\\/2025\\\/09\\\/pexels-cottonbro-6591427-scaled.jpg\",\"contentUrl\":\"https:\\\/\\\/blog.maciterneecolo.fr\\\/wp-content\\\/uploads\\\/2025\\\/09\\\/pexels-cottonbro-6591427-scaled.jpg\",\"width\":2560,\"height\":1707},{\"@type\":\"BreadcrumbList\",\"@id\":\"https:\\\/\\\/blog.maciterneecolo.fr\\\/nl\\\/wat-is-de-levenscyclus-van-een-flexibele-tank-van-productie-tot-recycling\\\/#breadcrumb\",\"itemListElement\":[{\"@type\":\"ListItem\",\"position\":1,\"name\":\"Accueil\",\"item\":\"https:\\\/\\\/blog.maciterneecolo.fr\\\/nl\\\/startpagina\\\/\"},{\"@type\":\"ListItem\",\"position\":2,\"name\":\"Wat is de levenscyclus van een flexibele tank? Van productie tot recycling\"}]},{\"@type\":\"WebSite\",\"@id\":\"https:\\\/\\\/blog.maciterneecolo.fr\\\/nl\\\/#website\",\"url\":\"https:\\\/\\\/blog.maciterneecolo.fr\\\/nl\\\/\",\"name\":\"Blog Ma Citerne Ecolo\",\"description\":\"Leader dans le domaine de la citerne souple d&#039;eau de pluie\",\"publisher\":{\"@id\":\"https:\\\/\\\/blog.maciterneecolo.fr\\\/nl\\\/#organization\"},\"potentialAction\":[{\"@type\":\"SearchAction\",\"target\":{\"@type\":\"EntryPoint\",\"urlTemplate\":\"https:\\\/\\\/blog.maciterneecolo.fr\\\/nl\\\/?s={search_term_string}\"},\"query-input\":{\"@type\":\"PropertyValueSpecification\",\"valueRequired\":true,\"valueName\":\"search_term_string\"}}],\"inLanguage\":\"nl-NL\"},{\"@type\":\"Organization\",\"@id\":\"https:\\\/\\\/blog.maciterneecolo.fr\\\/nl\\\/#organization\",\"name\":\"Blog Ma Citerne Ecolo\",\"url\":\"https:\\\/\\\/blog.maciterneecolo.fr\\\/nl\\\/\",\"logo\":{\"@type\":\"ImageObject\",\"inLanguage\":\"nl-NL\",\"@id\":\"https:\\\/\\\/blog.maciterneecolo.fr\\\/nl\\\/#\\\/schema\\\/logo\\\/image\\\/\",\"url\":\"https:\\\/\\\/blog.maciterneecolo.fr\\\/wp-content\\\/uploads\\\/2022\\\/12\\\/cropped-favicon-blog.png\",\"contentUrl\":\"https:\\\/\\\/blog.maciterneecolo.fr\\\/wp-content\\\/uploads\\\/2022\\\/12\\\/cropped-favicon-blog.png\",\"width\":512,\"height\":512,\"caption\":\"Blog Ma Citerne Ecolo\"},\"image\":{\"@id\":\"https:\\\/\\\/blog.maciterneecolo.fr\\\/nl\\\/#\\\/schema\\\/logo\\\/image\\\/\"}},{\"@type\":\"Person\",\"@id\":\"https:\\\/\\\/blog.maciterneecolo.fr\\\/nl\\\/#\\\/schema\\\/person\\\/fe50d00b4e639107698e1ddead236943\",\"name\":\"B\u00e9n\u00e9dicte Rebolloso\",\"image\":{\"@type\":\"ImageObject\",\"inLanguage\":\"nl-NL\",\"@id\":\"https:\\\/\\\/secure.gravatar.com\\\/avatar\\\/ffa759db2a4d8ebb52a58b89d3dc2a9f0395a5122bb839045a145d6585de1126?s=96&d=mm&r=g\",\"url\":\"https:\\\/\\\/secure.gravatar.com\\\/avatar\\\/ffa759db2a4d8ebb52a58b89d3dc2a9f0395a5122bb839045a145d6585de1126?s=96&d=mm&r=g\",\"contentUrl\":\"https:\\\/\\\/secure.gravatar.com\\\/avatar\\\/ffa759db2a4d8ebb52a58b89d3dc2a9f0395a5122bb839045a145d6585de1126?s=96&d=mm&r=g\",\"caption\":\"B\u00e9n\u00e9dicte Rebolloso\"},\"url\":\"https:\\\/\\\/blog.maciterneecolo.fr\\\/nl\\\/author\\\/benedicterebolloso\\\/\"}]}<\/script>\n<!-- \/ Yoast SEO plugin. -->","yoast_head_json":{"title":"Wat is de levenscyclus van een flexibele tank? Van productie tot recycling - Blog Ma Citerne Ecolo","description":"Flexibele tanks kunnen worden gerecycled. Lees meer over het productieproces om te begrijpen hoe ze kunnen worden gerecycled.","robots":{"index":"index","follow":"follow","max-snippet":"max-snippet:-1","max-image-preview":"max-image-preview:large","max-video-preview":"max-video-preview:-1"},"canonical":"https:\/\/blog.maciterneecolo.fr\/nl\/wat-is-de-levenscyclus-van-een-flexibele-tank-van-productie-tot-recycling\/","og_locale":"nl_NL","og_type":"article","og_title":"Wat is de levenscyclus van een flexibele tank? Van productie tot recycling - Blog Ma Citerne Ecolo","og_description":"Flexibele tanks kunnen worden gerecycled. Lees meer over het productieproces om te begrijpen hoe ze kunnen worden gerecycled.","og_url":"https:\/\/blog.maciterneecolo.fr\/nl\/wat-is-de-levenscyclus-van-een-flexibele-tank-van-productie-tot-recycling\/","og_site_name":"Blog Ma Citerne Ecolo","article_published_time":"2025-12-03T08:00:00+00:00","og_image":[{"width":2560,"height":1707,"url":"https:\/\/blog.maciterneecolo.fr\/wp-content\/uploads\/2025\/09\/pexels-cottonbro-6591427-scaled.jpg","type":"image\/jpeg"}],"author":"B\u00e9n\u00e9dicte Rebolloso","twitter_card":"summary_large_image","twitter_misc":{"Geschreven door":"B\u00e9n\u00e9dicte Rebolloso","Geschatte leestijd":"4 minuten"},"schema":{"@context":"https:\/\/schema.org","@graph":[{"@type":"Article","@id":"https:\/\/blog.maciterneecolo.fr\/nl\/wat-is-de-levenscyclus-van-een-flexibele-tank-van-productie-tot-recycling\/#article","isPartOf":{"@id":"https:\/\/blog.maciterneecolo.fr\/nl\/wat-is-de-levenscyclus-van-een-flexibele-tank-van-productie-tot-recycling\/"},"author":{"name":"B\u00e9n\u00e9dicte Rebolloso","@id":"https:\/\/blog.maciterneecolo.fr\/nl\/#\/schema\/person\/fe50d00b4e639107698e1ddead236943"},"headline":"Wat is de levenscyclus van een flexibele tank? Van productie tot recycling","datePublished":"2025-12-03T08:00:00+00:00","mainEntityOfPage":{"@id":"https:\/\/blog.maciterneecolo.fr\/nl\/wat-is-de-levenscyclus-van-een-flexibele-tank-van-productie-tot-recycling\/"},"wordCount":864,"commentCount":0,"publisher":{"@id":"https:\/\/blog.maciterneecolo.fr\/nl\/#organization"},"image":{"@id":"https:\/\/blog.maciterneecolo.fr\/nl\/wat-is-de-levenscyclus-van-een-flexibele-tank-van-productie-tot-recycling\/#primaryimage"},"thumbnailUrl":"https:\/\/blog.maciterneecolo.fr\/wp-content\/uploads\/2025\/09\/pexels-cottonbro-6591427-scaled.jpg","keywords":["regenwateropvang"],"articleSection":["Alles wat u moet weten over de flexibele tank","Flexibele tanks"],"inLanguage":"nl-NL","potentialAction":[{"@type":"CommentAction","name":"Comment","target":["https:\/\/blog.maciterneecolo.fr\/nl\/wat-is-de-levenscyclus-van-een-flexibele-tank-van-productie-tot-recycling\/#respond"]}]},{"@type":"WebPage","@id":"https:\/\/blog.maciterneecolo.fr\/nl\/wat-is-de-levenscyclus-van-een-flexibele-tank-van-productie-tot-recycling\/","url":"https:\/\/blog.maciterneecolo.fr\/nl\/wat-is-de-levenscyclus-van-een-flexibele-tank-van-productie-tot-recycling\/","name":"Wat is de levenscyclus van een flexibele tank? Van productie tot recycling - Blog Ma Citerne Ecolo","isPartOf":{"@id":"https:\/\/blog.maciterneecolo.fr\/nl\/#website"},"primaryImageOfPage":{"@id":"https:\/\/blog.maciterneecolo.fr\/nl\/wat-is-de-levenscyclus-van-een-flexibele-tank-van-productie-tot-recycling\/#primaryimage"},"image":{"@id":"https:\/\/blog.maciterneecolo.fr\/nl\/wat-is-de-levenscyclus-van-een-flexibele-tank-van-productie-tot-recycling\/#primaryimage"},"thumbnailUrl":"https:\/\/blog.maciterneecolo.fr\/wp-content\/uploads\/2025\/09\/pexels-cottonbro-6591427-scaled.jpg","datePublished":"2025-12-03T08:00:00+00:00","description":"Flexibele tanks kunnen worden gerecycled. Lees meer over het productieproces om te begrijpen hoe ze kunnen worden gerecycled.","breadcrumb":{"@id":"https:\/\/blog.maciterneecolo.fr\/nl\/wat-is-de-levenscyclus-van-een-flexibele-tank-van-productie-tot-recycling\/#breadcrumb"},"inLanguage":"nl-NL","potentialAction":[{"@type":"ReadAction","target":["https:\/\/blog.maciterneecolo.fr\/nl\/wat-is-de-levenscyclus-van-een-flexibele-tank-van-productie-tot-recycling\/"]}]},{"@type":"ImageObject","inLanguage":"nl-NL","@id":"https:\/\/blog.maciterneecolo.fr\/nl\/wat-is-de-levenscyclus-van-een-flexibele-tank-van-productie-tot-recycling\/#primaryimage","url":"https:\/\/blog.maciterneecolo.fr\/wp-content\/uploads\/2025\/09\/pexels-cottonbro-6591427-scaled.jpg","contentUrl":"https:\/\/blog.maciterneecolo.fr\/wp-content\/uploads\/2025\/09\/pexels-cottonbro-6591427-scaled.jpg","width":2560,"height":1707},{"@type":"BreadcrumbList","@id":"https:\/\/blog.maciterneecolo.fr\/nl\/wat-is-de-levenscyclus-van-een-flexibele-tank-van-productie-tot-recycling\/#breadcrumb","itemListElement":[{"@type":"ListItem","position":1,"name":"Accueil","item":"https:\/\/blog.maciterneecolo.fr\/nl\/startpagina\/"},{"@type":"ListItem","position":2,"name":"Wat is de levenscyclus van een flexibele tank? Van productie tot recycling"}]},{"@type":"WebSite","@id":"https:\/\/blog.maciterneecolo.fr\/nl\/#website","url":"https:\/\/blog.maciterneecolo.fr\/nl\/","name":"Blog Ma Citerne Ecolo","description":"Leader dans le domaine de la citerne souple d&#039;eau de pluie","publisher":{"@id":"https:\/\/blog.maciterneecolo.fr\/nl\/#organization"},"potentialAction":[{"@type":"SearchAction","target":{"@type":"EntryPoint","urlTemplate":"https:\/\/blog.maciterneecolo.fr\/nl\/?s={search_term_string}"},"query-input":{"@type":"PropertyValueSpecification","valueRequired":true,"valueName":"search_term_string"}}],"inLanguage":"nl-NL"},{"@type":"Organization","@id":"https:\/\/blog.maciterneecolo.fr\/nl\/#organization","name":"Blog Ma Citerne Ecolo","url":"https:\/\/blog.maciterneecolo.fr\/nl\/","logo":{"@type":"ImageObject","inLanguage":"nl-NL","@id":"https:\/\/blog.maciterneecolo.fr\/nl\/#\/schema\/logo\/image\/","url":"https:\/\/blog.maciterneecolo.fr\/wp-content\/uploads\/2022\/12\/cropped-favicon-blog.png","contentUrl":"https:\/\/blog.maciterneecolo.fr\/wp-content\/uploads\/2022\/12\/cropped-favicon-blog.png","width":512,"height":512,"caption":"Blog Ma Citerne Ecolo"},"image":{"@id":"https:\/\/blog.maciterneecolo.fr\/nl\/#\/schema\/logo\/image\/"}},{"@type":"Person","@id":"https:\/\/blog.maciterneecolo.fr\/nl\/#\/schema\/person\/fe50d00b4e639107698e1ddead236943","name":"B\u00e9n\u00e9dicte Rebolloso","image":{"@type":"ImageObject","inLanguage":"nl-NL","@id":"https:\/\/secure.gravatar.com\/avatar\/ffa759db2a4d8ebb52a58b89d3dc2a9f0395a5122bb839045a145d6585de1126?s=96&d=mm&r=g","url":"https:\/\/secure.gravatar.com\/avatar\/ffa759db2a4d8ebb52a58b89d3dc2a9f0395a5122bb839045a145d6585de1126?s=96&d=mm&r=g","contentUrl":"https:\/\/secure.gravatar.com\/avatar\/ffa759db2a4d8ebb52a58b89d3dc2a9f0395a5122bb839045a145d6585de1126?s=96&d=mm&r=g","caption":"B\u00e9n\u00e9dicte Rebolloso"},"url":"https:\/\/blog.maciterneecolo.fr\/nl\/author\/benedicterebolloso\/"}]}},"_links":{"self":[{"href":"https:\/\/blog.maciterneecolo.fr\/nl\/wp-json\/wp\/v2\/posts\/15171","targetHints":{"allow":["GET"]}}],"collection":[{"href":"https:\/\/blog.maciterneecolo.fr\/nl\/wp-json\/wp\/v2\/posts"}],"about":[{"href":"https:\/\/blog.maciterneecolo.fr\/nl\/wp-json\/wp\/v2\/types\/post"}],"author":[{"embeddable":true,"href":"https:\/\/blog.maciterneecolo.fr\/nl\/wp-json\/wp\/v2\/users\/4"}],"replies":[{"embeddable":true,"href":"https:\/\/blog.maciterneecolo.fr\/nl\/wp-json\/wp\/v2\/comments?post=15171"}],"version-history":[{"count":1,"href":"https:\/\/blog.maciterneecolo.fr\/nl\/wp-json\/wp\/v2\/posts\/15171\/revisions"}],"predecessor-version":[{"id":15172,"href":"https:\/\/blog.maciterneecolo.fr\/nl\/wp-json\/wp\/v2\/posts\/15171\/revisions\/15172"}],"wp:featuredmedia":[{"embeddable":true,"href":"https:\/\/blog.maciterneecolo.fr\/nl\/wp-json\/wp\/v2\/media\/15132"}],"wp:attachment":[{"href":"https:\/\/blog.maciterneecolo.fr\/nl\/wp-json\/wp\/v2\/media?parent=15171"}],"wp:term":[{"taxonomy":"category","embeddable":true,"href":"https:\/\/blog.maciterneecolo.fr\/nl\/wp-json\/wp\/v2\/categories?post=15171"},{"taxonomy":"post_tag","embeddable":true,"href":"https:\/\/blog.maciterneecolo.fr\/nl\/wp-json\/wp\/v2\/tags?post=15171"}],"curies":[{"name":"wp","href":"https:\/\/api.w.org\/{rel}","templated":true}]}}