{"id":10562,"date":"2024-01-27T07:43:03","date_gmt":"2024-01-27T07:43:03","guid":{"rendered":"https:\/\/blog.maciterneecolo.fr\/durante-quanto-tempo-se-pode-conservar-a-agua-da-chuva-na-cisterna-flexivel\/"},"modified":"2024-02-14T10:24:05","modified_gmt":"2024-02-14T10:24:05","slug":"durante-quanto-tempo-se-pode-conservar-a-agua-da-chuva-na-cisterna-flexivel","status":"publish","type":"post","link":"https:\/\/blog.maciterneecolo.fr\/pt-pt\/durante-quanto-tempo-se-pode-conservar-a-agua-da-chuva-na-cisterna-flexivel\/","title":{"rendered":"Durante quanto tempo se pode conservar a \u00e1gua da chuva na cisterna flex\u00edvel?"},"content":{"rendered":"\n<h2 class=\"wp-block-heading has-vivid-cyan-blue-color has-text-color has-link-color wp-elements-0b0d9303b5336cfe85611b2b159f79c4\" style=\"font-size:30px\">Introdu\u00e7\u00e3o<\/h2>\n\n<div class=\"wp-block-group\"><div class=\"wp-block-group__inner-container is-layout-constrained wp-block-group-is-layout-constrained\">\n<p class=\"has-black-color has-text-color has-link-color wp-elements-7d0b4231b3b381a668382f40648d2df8\">Recupera\u00e7\u00e3o da \u00e1gua da chuva num tanque flex\u00edvel <strong>\n  <a href=\"https:\/\/www.maciterneecolo.fr\/fr\/3-citernes-souples\">\n    <mark style=\"background-color:#ffffff;color:#35879e\" class=\"has-inline-color\">reservat\u00f3rio flex\u00edvel<\/mark>\n  <\/a>\n<\/strong> \u00e9 uma solu\u00e7\u00e3o ecol\u00f3gica eficaz. Este m\u00e9todo de armazenamento da \u00e1gua da chuva ajuda-o a ter uma certa autonomia no seu consumo de \u00e1gua. Permite-lhe igualmente fazer face \u00e0 seca, nomeadamente atrav\u00e9s de <strong>\n  <a href=\"https:\/\/blog.maciterneecolo.fr\/comment-ne-pas-subir-les-restrictions-sur-leau-potable-en-2023\/\">\n    <mark style=\"background-color:#ffffff;color:#35879e\" class=\"has-inline-color\">restri\u00e7\u00f5es de \u00e1gua<\/mark>\n  <\/a>\n<\/strong> que est\u00e3o a aumentar.  <\/p>\n\n\n\n<p class=\"has-black-color has-text-color has-link-color wp-elements-b6adf9098ad33a9d7b18f0fd9fa7ae3c\">Ao recuperar a \u00e1gua da chuva, pode regar o seu jardim ou horta, encher a sua piscina, lavar o seu carro e at\u00e9 abastecer as suas instala\u00e7\u00f5es sanit\u00e1rias. No entanto, \u00e9 importante saber quanto tempo a \u00e1gua da chuva pode ser armazenada numa cisterna flex\u00edvel. A resposta \u00e9 : <mark style=\"background-color:#ffffff;color:#35879e\" class=\"has-inline-color\"><strong>pelo menos<\/strong> <strong>durante 6 meses<\/strong><\/mark>dependendo de v\u00e1rios factores. Este per\u00edodo pode ser <strong>\n  <mark style=\"background-color:#ffffff;color:#35879e\" class=\"has-inline-color\">alargado a um ano.<\/mark>\n<\/strong><\/p>\n<\/div><\/div>\n<div class=\"wp-block-image\">\n<figure class=\"aligncenter size-full\"><img fetchpriority=\"high\" decoding=\"async\" width=\"944\" height=\"504\" src=\"https:\/\/blog.maciterneecolo.fr\/wp-content\/uploads\/2024\/01\/Visuel-1.png\" alt=\"Ilustra&#xE7;&#xE3;o das poss&#xED;veis utiliza&#xE7;&#xF5;es da &#xE1;gua da chuva recolhida\" class=\"wp-image-10406\" srcset=\"https:\/\/blog.maciterneecolo.fr\/wp-content\/uploads\/2024\/01\/Visuel-1.png 944w, https:\/\/blog.maciterneecolo.fr\/wp-content\/uploads\/2024\/01\/Visuel-1-300x160.png 300w, https:\/\/blog.maciterneecolo.fr\/wp-content\/uploads\/2024\/01\/Visuel-1-768x410.png 768w\" sizes=\"(max-width: 944px) 100vw, 944px\" \/><\/figure>\n<\/div>\n<h2 class=\"wp-block-heading has-vivid-cyan-blue-color has-text-color has-link-color wp-elements-d7ab725aa196d13571c331fc4514e7e3\" style=\"font-size:30px\">Porqu\u00ea armazenar e conservar a \u00e1gua da chuva?<\/h2>\n\n<div class=\"wp-block-group\"><div class=\"wp-block-group__inner-container is-layout-constrained wp-block-group-is-layout-constrained\">\n<p class=\"has-black-color has-text-color has-link-color wp-elements-325af9a5398953c7062cfc5d51e5f902\">Armazenar a \u00e1gua da chuva num reservat\u00f3rio flex\u00edvel \u00e9 uma solu\u00e7\u00e3o econ\u00f3mica <mark style=\"background-color:#ffffff;color:#35879e\" class=\"has-inline-color\"><strong>econ\u00f3mica<\/strong> <\/mark>econ\u00f3mica e <strong>\n  <mark style=\"background-color:#ffffff;color:#35879e\" class=\"has-inline-color\">e amiga do ambiente<\/mark>\n<\/strong>. Tanto mais que, na maioria dos casos, a \u00e1gua n\u00e3o tem de ser pot\u00e1vel.<\/p>\n\n\n\n<p class=\"has-black-color has-text-color has-link-color wp-elements-3b1810656fd95665961c047f8a443770\">E sim, n\u00e3o nos limitamos a beber a nossa \u00e1gua, que, neste caso, tem de ser pot\u00e1vel. Pense em regar o seu jardim, utilizar essa \u00e1gua para limpar a sua casa ou abastecer as suas instala\u00e7\u00f5es sanit\u00e1rias, por exemplo. A recolha e o armazenamento da \u00e1gua da chuva num tanque deste tipo <mark style=\"background-color:#ffffff;color:#35879e\" class=\"has-inline-color\"><strong>reduz<\/strong> <\/mark>a sua fatura de \u00e1gua <mark style=\"background-color:#ffffff;color:#35879e\" class=\"has-inline-color\"><strong>de \u00e1gua<\/strong> <\/mark>a sua fatura de \u00e1gua.  <\/p>\n\n\n\n<p class=\"has-black-color has-text-color has-link-color wp-elements-3bea66e1bccbc9ed38d1b9c1fb2192ac\">Al\u00e9m disso, a utiliza\u00e7\u00e3o de um reservat\u00f3rio flex\u00edvel de recolha de \u00e1guas pluviais significa que est\u00e1 a fazer a sua parte pelo ambiente. Com o aquecimento global, o volume de \u00e1gua doce est\u00e1 a diminuir. Assim, investir numa cisterna flex\u00edvel significa contribuir para <mark style=\"background-color:#ffffff;color:#35879e\" class=\"has-inline-color\"><strong>preserva\u00e7\u00e3o<\/strong> <\/mark>o meio ambiente. Estas instala\u00e7\u00f5es permitem igualmente fazer face \u00e0s restri\u00e7\u00f5es de \u00e1gua durante os per\u00edodos de seca.<\/p>\n<\/div><\/div>\n\n<h2 class=\"wp-block-heading has-vivid-cyan-blue-color has-text-color has-link-color wp-elements-1fcfd6e8f2e0d77ccfb86d8f1f37756b\" style=\"font-size:30px\">Factores que afectam o prazo de validade da \u00e1gua da chuva<\/h2>\n\n<h3 class=\"wp-block-heading has-text-color has-link-color wp-elements-f96e060fa27b1c902e077e375f096da3\" style=\"color:#35879e;font-size:25px\">O prazo de validade inicial da \u00e1gua da chuva<\/h3>\n\n<div class=\"wp-block-group\"><div class=\"wp-block-group__inner-container is-layout-constrained wp-block-group-is-layout-constrained\">\n<p class=\"has-black-color has-text-color has-link-color wp-elements-2e1c7c69ab3b474dbc8e0983d1c2e6f8\">O prazo de validade global da \u00e1gua depende de uma s\u00e9rie de factores. Em m\u00e9dia, pode ser armazenado <strong>\n  <mark style=\"background-color:#ffffff;color:#35879e\" class=\"has-inline-color\">durante pelo menos 6 meses <\/mark>\n<\/strong>neste tipo de instala\u00e7\u00e3o. No entanto, o tempo de armazenamento varia em fun\u00e7\u00e3o do volume do reservat\u00f3rio flex\u00edvel. Depende tamb\u00e9m da exposi\u00e7\u00e3o do reservat\u00f3rio \u00e0 luz UV ou de quaisquer outras condi\u00e7\u00f5es de armazenamento (exposi\u00e7\u00e3o ao ar, presen\u00e7a de microrganismos, limpeza das caleiras e dos esgotos, etc.).<\/p>\n<\/div><\/div>\n\n<h3 class=\"wp-block-heading has-text-color has-link-color wp-elements-2267b9cabdaafd3f06a0a873c18cb79f\" style=\"color:#35879e;font-size:25px\">Prolongar o prazo de validade da \u00e1gua da chuva<\/h3>\n\n<div class=\"wp-block-group\"><div class=\"wp-block-group__inner-container is-layout-constrained wp-block-group-is-layout-constrained\">\n<p class=\"has-black-color has-text-color has-link-color wp-elements-60a21e1700c82f876b77cf3c5c9e688b\">H\u00e1 uma s\u00e9rie de truques que pode utilizar para manter a \u00e1gua da chuva no seu tanque durante mais tempo.<\/p>\n\n\n\n<p class=\"has-black-color has-text-color has-link-color wp-elements-97a00d4a058c0c46a5febca34b8ac938\">A \u00e1gua neste equipamento tende a ficar estagnada. Este facto tende a favorecer o crescimento de algas. Para limitar o crescimento destas bact\u00e9rias, o reservat\u00f3rio flex\u00edvel deve ser <strong>\n  <mark style=\"background-color:#ffffff;color:#35879e\" class=\"has-inline-color\">opaco<\/mark>\n<\/strong>. Esta prote\u00e7\u00e3o impede que os raios UV cheguem \u00e0 \u00e1gua. Em <a href=\"https:\/\/www.maciterneecolo.fr\/fr\/\">\n  <mark style=\"background-color:#ffffff;color:#35879e\" class=\"has-inline-color\">\n    <strong>maciterneecolo.fr<\/strong>\n  <\/mark>\n<\/a>os nossos reservat\u00f3rios flex\u00edveis oferecem todas estas vantagens. Os nossos skimmers s\u00e3o fabricados em PVC opaco e estanque e s\u00e3o resistentes ao gelo, \u00e0 rutura e ao rasgamento.<\/p>\n\n\n\n<p class=\"has-black-color has-text-color has-link-color wp-elements-a453b3cced6149af652d5ef3e3e5e7c9\">Para al\u00e9m do filtro inicialmente instalado, a utiliza\u00e7\u00e3o de um filtro ou de uma rede de prote\u00e7\u00e3o contra insectos nas sa\u00eddas da caleira pode melhorar a qualidade da \u00e1gua armazenada. Isto limita a quantidade de res\u00edduos org\u00e2nicos que entopem os tanques de \u00e1guas pluviais. Esta a\u00e7\u00e3o pode ser combinada com a manuten\u00e7\u00e3o regular das caleiras.<\/p>\n\n\n\n<p class=\"has-black-color has-text-color has-link-color wp-elements-23dd4edc31fe2ecc50aff9ad8e5376c4\">Um \u00faltimo conselho \u00e9 cobrir os escumadores de \u00e1gua, especialmente durante a vaga de calor do ver\u00e3o. A \u00e1gua evapora-se durante estes per\u00edodos. Isto reduz o volume de \u00e1gua nas cisternas em v\u00e1rios cent\u00edmetros por dia, o que equivale a v\u00e1rios litros.<\/p>\n<\/div><\/div>\n\n<h2 class=\"wp-block-heading has-vivid-cyan-blue-color has-text-color has-link-color wp-elements-01ac2173aaff67bb0eb9026069b825a8\" style=\"font-size:28px\">Como se instala um sistema de recolha de \u00e1guas pluviais?<\/h2>\n\n<div class=\"wp-block-group\"><div class=\"wp-block-group__inner-container is-layout-constrained wp-block-group-is-layout-constrained\">\n<p class=\"has-black-color has-text-color has-link-color wp-elements-16e60c6aac78ab5db424384fe225448b\">Existem v\u00e1rios tipos de reservat\u00f3rios para recolher e armazenar a \u00e1gua da chuva:<\/p>\n\n\n\n<ul class=\"wp-block-list\">\n<li style=\"font-size:26px\"><strong><mark style=\"background-color:#ffffff;color:#35879e\" class=\"has-inline-color\">IBC ou cisternas suspensas<\/mark><\/strong> <\/li>\n<\/ul>\n\n\n\n<p class=\"has-black-color has-text-color has-link-color wp-elements-b0f00c46efe7195fc48e122ee4764ce7\">Trata-se de um reservat\u00f3rio montado no solo para utiliza\u00e7\u00e3o exclusiva no exterior. Pode regar o seu jardim, encher a sua piscina ou limpar o seu terra\u00e7o. Este dep\u00f3sito deve ser limpo e esvaziado todos os Invernos. Bastante imponentes, estes tanques t\u00eam um aspeto maci\u00e7o e desajeitado. No entanto, foram desenvolvidos sistemas de camuflagem para tornar a sua presen\u00e7a menos vis\u00edvel.<\/p>\n\n\n<div class=\"wp-block-image\">\n<figure class=\"aligncenter size-full\"><img decoding=\"async\" width=\"216\" height=\"261\" src=\"https:\/\/blog.maciterneecolo.fr\/wp-content\/uploads\/2024\/01\/Combien-de-temps-peut-on-conserver-leau-de-pluie-visuel-cuve-aerienne.png\" alt=\"IBC ou reservat&#xF3;rio suspenso\" class=\"wp-image-10420\" style=\"aspect-ratio:3\/4;object-fit:cover\"\/><figcaption class=\"wp-element-caption\"><em>Tanque suspenso<\/em><\/figcaption><\/figure>\n<\/div>\n\n\n<ul class=\"wp-block-list\">\n<li style=\"font-size:25px\"><strong><mark style=\"background-color:#ffffff;color:#35879e\" class=\"has-inline-color\">Tanques subterr\u00e2neos<\/mark><\/strong><\/li>\n<\/ul>\n\n\n\n<p class=\"has-black-color has-text-color has-link-color wp-elements-28fd6fc8d8795505d36adf487ab6646b\">Trata-se de reservat\u00f3rios relativamente caros, instalados no solo na sequ\u00eancia de trabalhos de terraplanagem. Foi concebido para ser utilizado exclusivamente no interior da sua casa. A \u00e1gua armazenada neste tipo de reservat\u00f3rio pode ser utilizada para a limpeza e manuten\u00e7\u00e3o da sua propriedade ou para o abastecimento das suas instala\u00e7\u00f5es sanit\u00e1rias. Mesmo que as vantagens desta instala\u00e7\u00e3o sejam a prote\u00e7\u00e3o do reservat\u00f3rio de \u00e1gua contra os raios UV e a geada, o custo do trabalho tem de ser tido em conta. Longe de ser insignificante, este condicionalismo obriga a ter em conta n\u00e3o s\u00f3 o custo da cisterna em si, mas tamb\u00e9m o custo das obras.<\/p>\n\n\n<div class=\"wp-block-image\">\n<figure class=\"aligncenter size-full\"><img decoding=\"async\" width=\"404\" height=\"317\" src=\"https:\/\/blog.maciterneecolo.fr\/wp-content\/uploads\/2024\/01\/Combien-de-temps-peut-on-conserver-leau-de-pluie-visuel-cuve-enterree-1.png\" alt=\"Dep&#xF3;sito subterr&#xE2;neo  \" class=\"wp-image-10466\" srcset=\"https:\/\/blog.maciterneecolo.fr\/wp-content\/uploads\/2024\/01\/Combien-de-temps-peut-on-conserver-leau-de-pluie-visuel-cuve-enterree-1.png 404w, https:\/\/blog.maciterneecolo.fr\/wp-content\/uploads\/2024\/01\/Combien-de-temps-peut-on-conserver-leau-de-pluie-visuel-cuve-enterree-1-300x235.png 300w\" sizes=\"(max-width: 404px) 100vw, 404px\" \/><figcaption class=\"wp-element-caption\"><em>Dep\u00f3sito subterr\u00e2neo<\/em><\/figcaption><\/figure>\n<\/div>\n\n\n<ul class=\"wp-block-list\">\n<li style=\"font-size:25px\"><mark style=\"background-color:#ffffff;color:#35879e\" class=\"has-inline-color\"><strong>Reservat\u00f3rios flex\u00edveis<\/strong><\/mark><\/li>\n<\/ul>\n\n\n\n<p class=\"has-black-color has-text-color has-link-color wp-elements-0e477ba1a7d32e04cc654aca05dab779\">Estes reservat\u00f3rios flex\u00edveis &#8211; ou <a href=\"https:\/\/www.maciterneecolo.fr\/fr\/3-citernes-souples\">\n  <mark style=\"background-color:#ffffff;color:#35879e\" class=\"has-inline-color\">\n    <strong>reservat\u00f3rios flex\u00edveis<\/strong>\n  <\/mark>\n<\/a> &#8211; s\u00e3o os produtos de refer\u00eancia da <strong>\n  <mark style=\"background-color:#ffffff;color:#35879e\" class=\"has-inline-color\">maciterneecolo.fr<\/mark>\n<\/strong>. Trata-se de reservat\u00f3rios em tecido PVC flex\u00edvel, resistentes ao gelo e aos raios UV. Podem ser instalados no exterior ou num espa\u00e7o de rastejamento. Para al\u00e9m de serem acess\u00edveis, a variedade de volumes dispon\u00edveis significa que estes produtos podem ser personalizados de acordo com as suas necessidades. Al\u00e9m disso, \u00e9 muito f\u00e1cil de instalar. Tudo o que tem de fazer \u00e9 nivelar a futura localiza\u00e7\u00e3o do tanque flex\u00edvel e, em seguida, fazer as liga\u00e7\u00f5es a uma bomba e aos colectores de caleira utilizando diferentes tipos de tubos.  <\/p>\n\n\n<div class=\"wp-block-image\">\n<figure class=\"aligncenter size-large is-resized\"><img loading=\"lazy\" decoding=\"async\" width=\"1024\" height=\"819\" src=\"https:\/\/blog.maciterneecolo.fr\/wp-content\/uploads\/2024\/01\/Combien-de-temps-peut-on-conserver-leau-de-pluie-visuel-cuve-souple-1024x819.png\" alt=\"Dep&#xF3;sito flex&#xED;vel\" class=\"wp-image-10477\" style=\"width:358px;height:auto\" srcset=\"https:\/\/blog.maciterneecolo.fr\/wp-content\/uploads\/2024\/01\/Combien-de-temps-peut-on-conserver-leau-de-pluie-visuel-cuve-souple-1024x819.png 1024w, https:\/\/blog.maciterneecolo.fr\/wp-content\/uploads\/2024\/01\/Combien-de-temps-peut-on-conserver-leau-de-pluie-visuel-cuve-souple-300x240.png 300w, https:\/\/blog.maciterneecolo.fr\/wp-content\/uploads\/2024\/01\/Combien-de-temps-peut-on-conserver-leau-de-pluie-visuel-cuve-souple-768x614.png 768w, https:\/\/blog.maciterneecolo.fr\/wp-content\/uploads\/2024\/01\/Combien-de-temps-peut-on-conserver-leau-de-pluie-visuel-cuve-souple-1536x1229.png 1536w, https:\/\/blog.maciterneecolo.fr\/wp-content\/uploads\/2024\/01\/Combien-de-temps-peut-on-conserver-leau-de-pluie-visuel-cuve-souple.png 2000w\" sizes=\"(max-width: 1024px) 100vw, 1024px\" \/><figcaption class=\"wp-element-caption\"><em>Dep\u00f3sito flex\u00edvel<\/em><\/figcaption><\/figure>\n<\/div><\/div><\/div>\n\n<h2 class=\"wp-block-heading has-vivid-cyan-blue-color has-text-color has-link-color wp-elements-488ffd3e9dcca317f560b7174ff04269\" style=\"font-size:29px\">Conclus\u00e3o<\/h2>\n\n<div class=\"wp-block-group\"><div class=\"wp-block-group__inner-container is-layout-constrained wp-block-group-is-layout-constrained\">\n<p class=\"has-black-color has-text-color has-link-color wp-elements-fb6bfcbaa8372d13c00f36012e7889bb\">Em suma, a \u00e1gua da chuva pode ser armazenada numa cisterna flex\u00edvel durante <em>pelo menos 6 meses e at\u00e9 1 ano<\/em>. Em <mark style=\"background-color:#ffffff;color:#35879e\" class=\"has-inline-color\">\n  <strong>\n    <a href=\"https:\/\/www.maciterneecolo.fr\/fr\/\">maciterneecolo.fr<\/a>\n  <\/strong>\n<\/mark>os nossos reservat\u00f3rios flex\u00edveis s\u00e3o concebidos para preservar a qualidade da \u00e1gua durante um longo per\u00edodo, sendo f\u00e1ceis de instalar e de manter. Explore a nossa vasta gama de reservat\u00f3rios e acess\u00f3rios para os ligar.  <\/p>\n\n\n\n<p class=\"has-text-align-center has-black-color has-text-color has-link-color has-medium-font-size wp-elements-661973ab783a40639851ba16b7238df8\"><em>N\u00e3o espere mais! O autoclismo flex\u00edvel \u00e9 a solu\u00e7\u00e3o ideal para dar um passo em dire\u00e7\u00e3o \u00e0 autonomia da \u00e1gua e contribuir para a prote\u00e7\u00e3o do ambiente.<\/em><\/p>\n<\/div><\/div>\n","protected":false},"excerpt":{"rendered":"<p>Introdu\u00e7\u00e3o Recupera\u00e7\u00e3o da \u00e1gua da chuva num tanque flex\u00edvel reservat\u00f3rio flex\u00edvel \u00e9 uma solu\u00e7\u00e3o ecol\u00f3gica eficaz. Este m\u00e9todo de armazenamento da \u00e1gua da chuva ajuda-o a ter uma certa autonomia no seu consumo de \u00e1gua. Permite-lhe igualmente fazer face \u00e0 seca, nomeadamente atrav\u00e9s de restri\u00e7\u00f5es de \u00e1gua que est\u00e3o a aumentar. Ao recuperar a \u00e1gua [&hellip;]<\/p>\n","protected":false},"author":8,"featured_media":9449,"comment_status":"open","ping_status":"closed","sticky":false,"template":"","format":"standard","meta":{"inline_featured_image":false,"footnotes":""},"categories":[3,88,105],"tags":[314,67,335,2295,433,66],"class_list":["post-10562","post","type-post","status-publish","format-standard","has-post-thumbnail","hentry","category-sem-categoria","category-tanques-flexiveis","category-tudo-sobre-a-agua-da-chuva","tag-agua","tag-agua-da-chuva","tag-armazenamento","tag-conservacao","tag-petroleiro","tag-tanque-flexivel"],"yoast_head":"<!-- This site is optimized with the Yoast SEO plugin v27.4 - https:\/\/yoast.com\/product\/yoast-seo-wordpress\/ -->\n<title>Durante quanto tempo se pode conservar a \u00e1gua da chuva.. - Blog Ma Citerne Ecolo<\/title>\n<meta name=\"description\" content=\"A recolha da \u00e1gua da chuva \u00e9 uma solu\u00e7\u00e3o ecol\u00f3gica e econ\u00f3mica. Mas quanto tempo pode a \u00e1gua da chuva ser armazenada numa cisterna?\" \/>\n<meta name=\"robots\" content=\"index, follow, max-snippet:-1, max-image-preview:large, max-video-preview:-1\" \/>\n<link rel=\"canonical\" href=\"https:\/\/blog.maciterneecolo.fr\/pt-pt\/durante-quanto-tempo-se-pode-conservar-a-agua-da-chuva-na-cisterna-flexivel\/\" \/>\n<meta property=\"og:locale\" content=\"pt_PT\" \/>\n<meta property=\"og:type\" content=\"article\" \/>\n<meta property=\"og:title\" content=\"Durante quanto tempo se pode conservar a \u00e1gua da chuva.. - Blog Ma Citerne Ecolo\" \/>\n<meta property=\"og:description\" content=\"A recolha da \u00e1gua da chuva \u00e9 uma solu\u00e7\u00e3o ecol\u00f3gica e econ\u00f3mica. Mas quanto tempo pode a \u00e1gua da chuva ser armazenada numa cisterna?\" \/>\n<meta property=\"og:url\" content=\"https:\/\/blog.maciterneecolo.fr\/pt-pt\/durante-quanto-tempo-se-pode-conservar-a-agua-da-chuva-na-cisterna-flexivel\/\" \/>\n<meta property=\"og:site_name\" content=\"Blog Ma Citerne Ecolo\" \/>\n<meta property=\"article:published_time\" content=\"2024-01-27T07:43:03+00:00\" \/>\n<meta property=\"article:modified_time\" content=\"2024-02-14T10:24:05+00:00\" \/>\n<meta property=\"og:image\" content=\"https:\/\/blog.maciterneecolo.fr\/wp-content\/uploads\/2023\/10\/photo-eau-de-pluie-.jpeg\" \/>\n\t<meta property=\"og:image:width\" content=\"275\" \/>\n\t<meta property=\"og:image:height\" content=\"183\" \/>\n\t<meta property=\"og:image:type\" content=\"image\/jpeg\" \/>\n<meta name=\"author\" content=\"Alicia Cavallo\" \/>\n<meta name=\"twitter:card\" content=\"summary_large_image\" \/>\n<meta name=\"twitter:label1\" content=\"Escrito por\" \/>\n\t<meta name=\"twitter:data1\" content=\"Alicia Cavallo\" \/>\n\t<meta name=\"twitter:label2\" content=\"Tempo estimado de leitura\" \/>\n\t<meta name=\"twitter:data2\" content=\"5 minutos\" \/>\n<script type=\"application\/ld+json\" class=\"yoast-schema-graph\">{\"@context\":\"https:\\\/\\\/schema.org\",\"@graph\":[{\"@type\":\"Article\",\"@id\":\"https:\\\/\\\/blog.maciterneecolo.fr\\\/pt-pt\\\/durante-quanto-tempo-se-pode-conservar-a-agua-da-chuva-na-cisterna-flexivel\\\/#article\",\"isPartOf\":{\"@id\":\"https:\\\/\\\/blog.maciterneecolo.fr\\\/pt-pt\\\/durante-quanto-tempo-se-pode-conservar-a-agua-da-chuva-na-cisterna-flexivel\\\/\"},\"author\":{\"name\":\"Alicia Cavallo\",\"@id\":\"https:\\\/\\\/blog.maciterneecolo.fr\\\/pt-pt\\\/#\\\/schema\\\/person\\\/80935ff9939143428267eca56e45282f\"},\"headline\":\"Durante quanto tempo se pode conservar a \u00e1gua da chuva na cisterna flex\u00edvel?\",\"datePublished\":\"2024-01-27T07:43:03+00:00\",\"dateModified\":\"2024-02-14T10:24:05+00:00\",\"mainEntityOfPage\":{\"@id\":\"https:\\\/\\\/blog.maciterneecolo.fr\\\/pt-pt\\\/durante-quanto-tempo-se-pode-conservar-a-agua-da-chuva-na-cisterna-flexivel\\\/\"},\"wordCount\":1090,\"commentCount\":0,\"publisher\":{\"@id\":\"https:\\\/\\\/blog.maciterneecolo.fr\\\/pt-pt\\\/#organization\"},\"image\":{\"@id\":\"https:\\\/\\\/blog.maciterneecolo.fr\\\/pt-pt\\\/durante-quanto-tempo-se-pode-conservar-a-agua-da-chuva-na-cisterna-flexivel\\\/#primaryimage\"},\"thumbnailUrl\":\"https:\\\/\\\/blog.maciterneecolo.fr\\\/wp-content\\\/uploads\\\/2023\\\/10\\\/photo-eau-de-pluie-.jpeg\",\"keywords\":[\"\u00e1gua\",\"\u00e1gua da chuva\",\"armazenamento\",\"conserva\u00e7\u00e3o\",\"petroleiro\",\"tanque flex\u00edvel\"],\"articleSection\":{\"1\":\"Tanques Flex\u00edveis\",\"2\":\"Tudo sobre a \u00e1gua da chuva\"},\"inLanguage\":\"pt-PT\",\"potentialAction\":[{\"@type\":\"CommentAction\",\"name\":\"Comment\",\"target\":[\"https:\\\/\\\/blog.maciterneecolo.fr\\\/pt-pt\\\/durante-quanto-tempo-se-pode-conservar-a-agua-da-chuva-na-cisterna-flexivel\\\/#respond\"]}]},{\"@type\":\"WebPage\",\"@id\":\"https:\\\/\\\/blog.maciterneecolo.fr\\\/pt-pt\\\/durante-quanto-tempo-se-pode-conservar-a-agua-da-chuva-na-cisterna-flexivel\\\/\",\"url\":\"https:\\\/\\\/blog.maciterneecolo.fr\\\/pt-pt\\\/durante-quanto-tempo-se-pode-conservar-a-agua-da-chuva-na-cisterna-flexivel\\\/\",\"name\":\"Durante quanto tempo se pode conservar a \u00e1gua da chuva.. - Blog Ma Citerne Ecolo\",\"isPartOf\":{\"@id\":\"https:\\\/\\\/blog.maciterneecolo.fr\\\/pt-pt\\\/#website\"},\"primaryImageOfPage\":{\"@id\":\"https:\\\/\\\/blog.maciterneecolo.fr\\\/pt-pt\\\/durante-quanto-tempo-se-pode-conservar-a-agua-da-chuva-na-cisterna-flexivel\\\/#primaryimage\"},\"image\":{\"@id\":\"https:\\\/\\\/blog.maciterneecolo.fr\\\/pt-pt\\\/durante-quanto-tempo-se-pode-conservar-a-agua-da-chuva-na-cisterna-flexivel\\\/#primaryimage\"},\"thumbnailUrl\":\"https:\\\/\\\/blog.maciterneecolo.fr\\\/wp-content\\\/uploads\\\/2023\\\/10\\\/photo-eau-de-pluie-.jpeg\",\"datePublished\":\"2024-01-27T07:43:03+00:00\",\"dateModified\":\"2024-02-14T10:24:05+00:00\",\"description\":\"A recolha da \u00e1gua da chuva \u00e9 uma solu\u00e7\u00e3o ecol\u00f3gica e econ\u00f3mica. Mas quanto tempo pode a \u00e1gua da chuva ser armazenada numa cisterna?\",\"breadcrumb\":{\"@id\":\"https:\\\/\\\/blog.maciterneecolo.fr\\\/pt-pt\\\/durante-quanto-tempo-se-pode-conservar-a-agua-da-chuva-na-cisterna-flexivel\\\/#breadcrumb\"},\"inLanguage\":\"pt-PT\",\"potentialAction\":[{\"@type\":\"ReadAction\",\"target\":[\"https:\\\/\\\/blog.maciterneecolo.fr\\\/pt-pt\\\/durante-quanto-tempo-se-pode-conservar-a-agua-da-chuva-na-cisterna-flexivel\\\/\"]}]},{\"@type\":\"ImageObject\",\"inLanguage\":\"pt-PT\",\"@id\":\"https:\\\/\\\/blog.maciterneecolo.fr\\\/pt-pt\\\/durante-quanto-tempo-se-pode-conservar-a-agua-da-chuva-na-cisterna-flexivel\\\/#primaryimage\",\"url\":\"https:\\\/\\\/blog.maciterneecolo.fr\\\/wp-content\\\/uploads\\\/2023\\\/10\\\/photo-eau-de-pluie-.jpeg\",\"contentUrl\":\"https:\\\/\\\/blog.maciterneecolo.fr\\\/wp-content\\\/uploads\\\/2023\\\/10\\\/photo-eau-de-pluie-.jpeg\",\"width\":275,\"height\":183,\"caption\":\"Eau de pluie, quel est la r\u00e9forme\"},{\"@type\":\"BreadcrumbList\",\"@id\":\"https:\\\/\\\/blog.maciterneecolo.fr\\\/pt-pt\\\/durante-quanto-tempo-se-pode-conservar-a-agua-da-chuva-na-cisterna-flexivel\\\/#breadcrumb\",\"itemListElement\":[{\"@type\":\"ListItem\",\"position\":1,\"name\":\"Accueil\",\"item\":\"https:\\\/\\\/blog.maciterneecolo.fr\\\/pt-pt\\\/\"},{\"@type\":\"ListItem\",\"position\":2,\"name\":\"Durante quanto tempo se pode conservar a \u00e1gua da chuva na cisterna flex\u00edvel?\"}]},{\"@type\":\"WebSite\",\"@id\":\"https:\\\/\\\/blog.maciterneecolo.fr\\\/pt-pt\\\/#website\",\"url\":\"https:\\\/\\\/blog.maciterneecolo.fr\\\/pt-pt\\\/\",\"name\":\"Blog Ma Citerne Ecolo\",\"description\":\"Leader dans le domaine de la citerne souple d&#039;eau de pluie\",\"publisher\":{\"@id\":\"https:\\\/\\\/blog.maciterneecolo.fr\\\/pt-pt\\\/#organization\"},\"potentialAction\":[{\"@type\":\"SearchAction\",\"target\":{\"@type\":\"EntryPoint\",\"urlTemplate\":\"https:\\\/\\\/blog.maciterneecolo.fr\\\/pt-pt\\\/?s={search_term_string}\"},\"query-input\":{\"@type\":\"PropertyValueSpecification\",\"valueRequired\":true,\"valueName\":\"search_term_string\"}}],\"inLanguage\":\"pt-PT\"},{\"@type\":\"Organization\",\"@id\":\"https:\\\/\\\/blog.maciterneecolo.fr\\\/pt-pt\\\/#organization\",\"name\":\"Blog Ma Citerne Ecolo\",\"url\":\"https:\\\/\\\/blog.maciterneecolo.fr\\\/pt-pt\\\/\",\"logo\":{\"@type\":\"ImageObject\",\"inLanguage\":\"pt-PT\",\"@id\":\"https:\\\/\\\/blog.maciterneecolo.fr\\\/pt-pt\\\/#\\\/schema\\\/logo\\\/image\\\/\",\"url\":\"https:\\\/\\\/blog.maciterneecolo.fr\\\/wp-content\\\/uploads\\\/2022\\\/12\\\/cropped-favicon-blog.png\",\"contentUrl\":\"https:\\\/\\\/blog.maciterneecolo.fr\\\/wp-content\\\/uploads\\\/2022\\\/12\\\/cropped-favicon-blog.png\",\"width\":512,\"height\":512,\"caption\":\"Blog Ma Citerne Ecolo\"},\"image\":{\"@id\":\"https:\\\/\\\/blog.maciterneecolo.fr\\\/pt-pt\\\/#\\\/schema\\\/logo\\\/image\\\/\"}},{\"@type\":\"Person\",\"@id\":\"https:\\\/\\\/blog.maciterneecolo.fr\\\/pt-pt\\\/#\\\/schema\\\/person\\\/80935ff9939143428267eca56e45282f\",\"name\":\"Alicia Cavallo\",\"image\":{\"@type\":\"ImageObject\",\"inLanguage\":\"pt-PT\",\"@id\":\"https:\\\/\\\/secure.gravatar.com\\\/avatar\\\/cbad1a76721b6622ee16d4032bb5f69fa54cfb317ed64ea0531092c0cece86de?s=96&d=mm&r=g\",\"url\":\"https:\\\/\\\/secure.gravatar.com\\\/avatar\\\/cbad1a76721b6622ee16d4032bb5f69fa54cfb317ed64ea0531092c0cece86de?s=96&d=mm&r=g\",\"contentUrl\":\"https:\\\/\\\/secure.gravatar.com\\\/avatar\\\/cbad1a76721b6622ee16d4032bb5f69fa54cfb317ed64ea0531092c0cece86de?s=96&d=mm&r=g\",\"caption\":\"Alicia Cavallo\"},\"url\":\"https:\\\/\\\/blog.maciterneecolo.fr\\\/pt-pt\\\/author\\\/alicia-cavallo\\\/\"}]}<\/script>\n<!-- \/ Yoast SEO plugin. -->","yoast_head_json":{"title":"Durante quanto tempo se pode conservar a \u00e1gua da chuva.. - Blog Ma Citerne Ecolo","description":"A recolha da \u00e1gua da chuva \u00e9 uma solu\u00e7\u00e3o ecol\u00f3gica e econ\u00f3mica. Mas quanto tempo pode a \u00e1gua da chuva ser armazenada numa cisterna?","robots":{"index":"index","follow":"follow","max-snippet":"max-snippet:-1","max-image-preview":"max-image-preview:large","max-video-preview":"max-video-preview:-1"},"canonical":"https:\/\/blog.maciterneecolo.fr\/pt-pt\/durante-quanto-tempo-se-pode-conservar-a-agua-da-chuva-na-cisterna-flexivel\/","og_locale":"pt_PT","og_type":"article","og_title":"Durante quanto tempo se pode conservar a \u00e1gua da chuva.. - Blog Ma Citerne Ecolo","og_description":"A recolha da \u00e1gua da chuva \u00e9 uma solu\u00e7\u00e3o ecol\u00f3gica e econ\u00f3mica. Mas quanto tempo pode a \u00e1gua da chuva ser armazenada numa cisterna?","og_url":"https:\/\/blog.maciterneecolo.fr\/pt-pt\/durante-quanto-tempo-se-pode-conservar-a-agua-da-chuva-na-cisterna-flexivel\/","og_site_name":"Blog Ma Citerne Ecolo","article_published_time":"2024-01-27T07:43:03+00:00","article_modified_time":"2024-02-14T10:24:05+00:00","og_image":[{"width":275,"height":183,"url":"https:\/\/blog.maciterneecolo.fr\/wp-content\/uploads\/2023\/10\/photo-eau-de-pluie-.jpeg","type":"image\/jpeg"}],"author":"Alicia Cavallo","twitter_card":"summary_large_image","twitter_misc":{"Escrito por":"Alicia Cavallo","Tempo estimado de leitura":"5 minutos"},"schema":{"@context":"https:\/\/schema.org","@graph":[{"@type":"Article","@id":"https:\/\/blog.maciterneecolo.fr\/pt-pt\/durante-quanto-tempo-se-pode-conservar-a-agua-da-chuva-na-cisterna-flexivel\/#article","isPartOf":{"@id":"https:\/\/blog.maciterneecolo.fr\/pt-pt\/durante-quanto-tempo-se-pode-conservar-a-agua-da-chuva-na-cisterna-flexivel\/"},"author":{"name":"Alicia Cavallo","@id":"https:\/\/blog.maciterneecolo.fr\/pt-pt\/#\/schema\/person\/80935ff9939143428267eca56e45282f"},"headline":"Durante quanto tempo se pode conservar a \u00e1gua da chuva na cisterna flex\u00edvel?","datePublished":"2024-01-27T07:43:03+00:00","dateModified":"2024-02-14T10:24:05+00:00","mainEntityOfPage":{"@id":"https:\/\/blog.maciterneecolo.fr\/pt-pt\/durante-quanto-tempo-se-pode-conservar-a-agua-da-chuva-na-cisterna-flexivel\/"},"wordCount":1090,"commentCount":0,"publisher":{"@id":"https:\/\/blog.maciterneecolo.fr\/pt-pt\/#organization"},"image":{"@id":"https:\/\/blog.maciterneecolo.fr\/pt-pt\/durante-quanto-tempo-se-pode-conservar-a-agua-da-chuva-na-cisterna-flexivel\/#primaryimage"},"thumbnailUrl":"https:\/\/blog.maciterneecolo.fr\/wp-content\/uploads\/2023\/10\/photo-eau-de-pluie-.jpeg","keywords":["\u00e1gua","\u00e1gua da chuva","armazenamento","conserva\u00e7\u00e3o","petroleiro","tanque flex\u00edvel"],"articleSection":{"1":"Tanques Flex\u00edveis","2":"Tudo sobre a \u00e1gua da chuva"},"inLanguage":"pt-PT","potentialAction":[{"@type":"CommentAction","name":"Comment","target":["https:\/\/blog.maciterneecolo.fr\/pt-pt\/durante-quanto-tempo-se-pode-conservar-a-agua-da-chuva-na-cisterna-flexivel\/#respond"]}]},{"@type":"WebPage","@id":"https:\/\/blog.maciterneecolo.fr\/pt-pt\/durante-quanto-tempo-se-pode-conservar-a-agua-da-chuva-na-cisterna-flexivel\/","url":"https:\/\/blog.maciterneecolo.fr\/pt-pt\/durante-quanto-tempo-se-pode-conservar-a-agua-da-chuva-na-cisterna-flexivel\/","name":"Durante quanto tempo se pode conservar a \u00e1gua da chuva.. - Blog Ma Citerne Ecolo","isPartOf":{"@id":"https:\/\/blog.maciterneecolo.fr\/pt-pt\/#website"},"primaryImageOfPage":{"@id":"https:\/\/blog.maciterneecolo.fr\/pt-pt\/durante-quanto-tempo-se-pode-conservar-a-agua-da-chuva-na-cisterna-flexivel\/#primaryimage"},"image":{"@id":"https:\/\/blog.maciterneecolo.fr\/pt-pt\/durante-quanto-tempo-se-pode-conservar-a-agua-da-chuva-na-cisterna-flexivel\/#primaryimage"},"thumbnailUrl":"https:\/\/blog.maciterneecolo.fr\/wp-content\/uploads\/2023\/10\/photo-eau-de-pluie-.jpeg","datePublished":"2024-01-27T07:43:03+00:00","dateModified":"2024-02-14T10:24:05+00:00","description":"A recolha da \u00e1gua da chuva \u00e9 uma solu\u00e7\u00e3o ecol\u00f3gica e econ\u00f3mica. Mas quanto tempo pode a \u00e1gua da chuva ser armazenada numa cisterna?","breadcrumb":{"@id":"https:\/\/blog.maciterneecolo.fr\/pt-pt\/durante-quanto-tempo-se-pode-conservar-a-agua-da-chuva-na-cisterna-flexivel\/#breadcrumb"},"inLanguage":"pt-PT","potentialAction":[{"@type":"ReadAction","target":["https:\/\/blog.maciterneecolo.fr\/pt-pt\/durante-quanto-tempo-se-pode-conservar-a-agua-da-chuva-na-cisterna-flexivel\/"]}]},{"@type":"ImageObject","inLanguage":"pt-PT","@id":"https:\/\/blog.maciterneecolo.fr\/pt-pt\/durante-quanto-tempo-se-pode-conservar-a-agua-da-chuva-na-cisterna-flexivel\/#primaryimage","url":"https:\/\/blog.maciterneecolo.fr\/wp-content\/uploads\/2023\/10\/photo-eau-de-pluie-.jpeg","contentUrl":"https:\/\/blog.maciterneecolo.fr\/wp-content\/uploads\/2023\/10\/photo-eau-de-pluie-.jpeg","width":275,"height":183,"caption":"Eau de pluie, quel est la r\u00e9forme"},{"@type":"BreadcrumbList","@id":"https:\/\/blog.maciterneecolo.fr\/pt-pt\/durante-quanto-tempo-se-pode-conservar-a-agua-da-chuva-na-cisterna-flexivel\/#breadcrumb","itemListElement":[{"@type":"ListItem","position":1,"name":"Accueil","item":"https:\/\/blog.maciterneecolo.fr\/pt-pt\/"},{"@type":"ListItem","position":2,"name":"Durante quanto tempo se pode conservar a \u00e1gua da chuva na cisterna flex\u00edvel?"}]},{"@type":"WebSite","@id":"https:\/\/blog.maciterneecolo.fr\/pt-pt\/#website","url":"https:\/\/blog.maciterneecolo.fr\/pt-pt\/","name":"Blog Ma Citerne Ecolo","description":"Leader dans le domaine de la citerne souple d&#039;eau de pluie","publisher":{"@id":"https:\/\/blog.maciterneecolo.fr\/pt-pt\/#organization"},"potentialAction":[{"@type":"SearchAction","target":{"@type":"EntryPoint","urlTemplate":"https:\/\/blog.maciterneecolo.fr\/pt-pt\/?s={search_term_string}"},"query-input":{"@type":"PropertyValueSpecification","valueRequired":true,"valueName":"search_term_string"}}],"inLanguage":"pt-PT"},{"@type":"Organization","@id":"https:\/\/blog.maciterneecolo.fr\/pt-pt\/#organization","name":"Blog Ma Citerne Ecolo","url":"https:\/\/blog.maciterneecolo.fr\/pt-pt\/","logo":{"@type":"ImageObject","inLanguage":"pt-PT","@id":"https:\/\/blog.maciterneecolo.fr\/pt-pt\/#\/schema\/logo\/image\/","url":"https:\/\/blog.maciterneecolo.fr\/wp-content\/uploads\/2022\/12\/cropped-favicon-blog.png","contentUrl":"https:\/\/blog.maciterneecolo.fr\/wp-content\/uploads\/2022\/12\/cropped-favicon-blog.png","width":512,"height":512,"caption":"Blog Ma Citerne Ecolo"},"image":{"@id":"https:\/\/blog.maciterneecolo.fr\/pt-pt\/#\/schema\/logo\/image\/"}},{"@type":"Person","@id":"https:\/\/blog.maciterneecolo.fr\/pt-pt\/#\/schema\/person\/80935ff9939143428267eca56e45282f","name":"Alicia Cavallo","image":{"@type":"ImageObject","inLanguage":"pt-PT","@id":"https:\/\/secure.gravatar.com\/avatar\/cbad1a76721b6622ee16d4032bb5f69fa54cfb317ed64ea0531092c0cece86de?s=96&d=mm&r=g","url":"https:\/\/secure.gravatar.com\/avatar\/cbad1a76721b6622ee16d4032bb5f69fa54cfb317ed64ea0531092c0cece86de?s=96&d=mm&r=g","contentUrl":"https:\/\/secure.gravatar.com\/avatar\/cbad1a76721b6622ee16d4032bb5f69fa54cfb317ed64ea0531092c0cece86de?s=96&d=mm&r=g","caption":"Alicia Cavallo"},"url":"https:\/\/blog.maciterneecolo.fr\/pt-pt\/author\/alicia-cavallo\/"}]}},"_links":{"self":[{"href":"https:\/\/blog.maciterneecolo.fr\/pt-pt\/wp-json\/wp\/v2\/posts\/10562","targetHints":{"allow":["GET"]}}],"collection":[{"href":"https:\/\/blog.maciterneecolo.fr\/pt-pt\/wp-json\/wp\/v2\/posts"}],"about":[{"href":"https:\/\/blog.maciterneecolo.fr\/pt-pt\/wp-json\/wp\/v2\/types\/post"}],"author":[{"embeddable":true,"href":"https:\/\/blog.maciterneecolo.fr\/pt-pt\/wp-json\/wp\/v2\/users\/8"}],"replies":[{"embeddable":true,"href":"https:\/\/blog.maciterneecolo.fr\/pt-pt\/wp-json\/wp\/v2\/comments?post=10562"}],"version-history":[{"count":6,"href":"https:\/\/blog.maciterneecolo.fr\/pt-pt\/wp-json\/wp\/v2\/posts\/10562\/revisions"}],"predecessor-version":[{"id":11173,"href":"https:\/\/blog.maciterneecolo.fr\/pt-pt\/wp-json\/wp\/v2\/posts\/10562\/revisions\/11173"}],"wp:featuredmedia":[{"embeddable":true,"href":"https:\/\/blog.maciterneecolo.fr\/pt-pt\/wp-json\/wp\/v2\/media\/9449"}],"wp:attachment":[{"href":"https:\/\/blog.maciterneecolo.fr\/pt-pt\/wp-json\/wp\/v2\/media?parent=10562"}],"wp:term":[{"taxonomy":"category","embeddable":true,"href":"https:\/\/blog.maciterneecolo.fr\/pt-pt\/wp-json\/wp\/v2\/categories?post=10562"},{"taxonomy":"post_tag","embeddable":true,"href":"https:\/\/blog.maciterneecolo.fr\/pt-pt\/wp-json\/wp\/v2\/tags?post=10562"}],"curies":[{"name":"wp","href":"https:\/\/api.w.org\/{rel}","templated":true}]}}