{"id":13425,"date":"2025-02-18T08:30:00","date_gmt":"2025-02-18T08:30:00","guid":{"rendered":"https:\/\/blog.maciterneecolo.fr\/?p=13425"},"modified":"2025-02-07T15:49:50","modified_gmt":"2025-02-07T15:49:50","slug":"o-ciclo-da-agua-de-onde-vem-a-agua-que-usamos-todos-os-dias","status":"publish","type":"post","link":"https:\/\/blog.maciterneecolo.fr\/pt-pt\/o-ciclo-da-agua-de-onde-vem-a-agua-que-usamos-todos-os-dias\/","title":{"rendered":"O ciclo da \u00e1gua: de onde vem a \u00e1gua que usamos todos os dias?"},"content":{"rendered":"\n<p>A \u00e1gua \u00e9 um recurso essencial na nossa vida quotidiana, mas ser\u00e1 que sabemos realmente de onde vem e como chega \u00e0s nossas torneiras? O ciclo da \u00e1gua \u00e9 um fen\u00f3meno natural fascinante que permite a regenera\u00e7\u00e3o deste precioso recurso. Da evapora\u00e7\u00e3o \u00e0 precipita\u00e7\u00e3o, passando pela infiltra\u00e7\u00e3o nos len\u00e7\u00f3is fre\u00e1ticos, a \u00e1gua percorre um longo caminho antes de ser captada, tratada e distribu\u00edda para nosso consumo.  <\/p>\n\n<p>Neste artigo, vamos explorar em pormenor o ciclo da \u00e1gua e compreender as v\u00e1rias fases envolvidas na garantia de acesso a \u00e1gua de qualidade para uso dom\u00e9stico e industrial.<\/p>\n\n<h2 class=\"wp-block-heading\"><mark style=\"background-color:rgba(0, 0, 0, 0)\" class=\"has-inline-color has-vivid-cyan-blue-color\">1. A origem da \u00e1gua: um elemento em movimento perp\u00e9tuo<\/mark><\/h2>\n\n<p>A \u00e1gua na Terra apresenta-se sob v\u00e1rias formas: l\u00edquida, s\u00f3lida e gasosa. Todos os anos, milhares de milh\u00f5es de litros de \u00e1gua evaporam-se dos oceanos e das superf\u00edcies terrestres, perpetuando um ciclo essencial \u00e0 vida. Esta transforma\u00e7\u00e3o cont\u00ednua da \u00e1gua \u00e9 estudada pelas ci\u00eancias hidrol\u00f3gicas, que analisam os seus efeitos no ambiente e nos recursos naturais.  <\/p>\n\n<p>O ciclo da \u00e1gua \u00e9 um fen\u00f3meno que assegura a distribui\u00e7\u00e3o cont\u00ednua da \u00e1gua entre os diferentes reservat\u00f3rios naturais do planeta. O seu estudo permite aos cientistas e \u00e0s equipas de investiga\u00e7\u00e3o compreender melhor o impacto do clima na gest\u00e3o deste recurso precioso. <\/p>\n\n<h3 class=\"wp-block-heading\">Evapora\u00e7\u00e3o e condensa\u00e7\u00e3o<\/h3>\n\n<p>A evapora\u00e7\u00e3o \u00e9 um processo natural em que a \u00e1gua l\u00edquida passa para o estado gasoso sob a a\u00e7\u00e3o do calor solar. Esta transforma\u00e7\u00e3o desempenha um papel fundamental na manuten\u00e7\u00e3o do equil\u00edbrio clim\u00e1tico. Os oceanos s\u00e3o os principais respons\u00e1veis por este fen\u00f3meno, mas os rios, os lagos e at\u00e9 o solo tamb\u00e9m est\u00e3o envolvidos na evapora\u00e7\u00e3o.  <\/p>\n\n<p>Em certas regi\u00f5es do mundo, a evapora\u00e7\u00e3o \u00e9 mais intensa devido \u00e0s temperaturas elevadas, alterando assim a quantidade de \u00e1gua dispon\u00edvel na atmosfera. A condensa\u00e7\u00e3o, que se segue \u00e0 evapora\u00e7\u00e3o, permite que o vapor de \u00e1gua se junte em got\u00edculas finas, formando as nuvens. Esta fase \u00e9 crucial para o transporte de \u00e1gua a longas dist\u00e2ncias.  <\/p>\n\n<p>Tudo come\u00e7a com a evapora\u00e7\u00e3o da \u00e1gua dos oceanos, rios e lagos sob o efeito do sol. Este vapor de \u00e1gua sobe para a atmosfera onde arrefece e condensa, formando nuvens. Este processo \u00e9 essencial para manter o equil\u00edbrio h\u00eddrico do nosso planeta.  <\/p>\n\n<h3 class=\"wp-block-heading\">Precipita\u00e7\u00e3o e sua distribui\u00e7\u00e3o<\/h3>\n\n<p>Quando as got\u00edculas de \u00e1gua nas nuvens se tornam demasiado pesadas, caem sob a forma de precipita\u00e7\u00e3o. Esta precipita\u00e7\u00e3o pode assumir a forma de chuva, neve ou granizo, consoante a temperatura ambiente e as condi\u00e7\u00f5es meteorol\u00f3gicas. <\/p>\n\n<p>Em m\u00e9dia, v\u00e1rios trili\u00f5es de litros de \u00e1gua caem sobre a Terra todos os anos. A distribui\u00e7\u00e3o da precipita\u00e7\u00e3o varia consoante o clima e a esta\u00e7\u00e3o do ano. As regi\u00f5es equatoriais recebem grandes quantidades de \u00e1gua, enquanto as zonas des\u00e9rticas recebem muito pouca. Esta distribui\u00e7\u00e3o desigual tem um impacto direto no acesso \u00e0 \u00e1gua pot\u00e1vel e na gest\u00e3o dos recursos h\u00eddricos.   <\/p>\n\n<p>Uma vez condensado, o vapor de \u00e1gua transforma-se em precipita\u00e7\u00e3o sob a forma de chuva, neve ou granizo. Esta precipita\u00e7\u00e3o \u00e9 redistribu\u00edda pela superf\u00edcie da terra, alimentando o solo, os rios e as \u00e1guas subterr\u00e2neas. A distribui\u00e7\u00e3o da precipita\u00e7\u00e3o varia de regi\u00e3o para regi\u00e3o, influenciando a disponibilidade de \u00e1gua pot\u00e1vel.  <\/p>\n\n<h2 class=\"wp-block-heading\"><mark style=\"background-color:rgba(0, 0, 0, 0)\" class=\"has-inline-color has-vivid-cyan-blue-color\">2. Infiltra\u00e7\u00e3o e armazenamento natural de \u00e1gua<\/mark><\/h2>\n\n<p>Parte da \u00e1gua que chega ao solo infiltra-se no solo, ajudando a repor o len\u00e7ol fre\u00e1tico. Este fen\u00f3meno \u00e9 crucial para o equil\u00edbrio h\u00eddrico em muitas regi\u00f5es. A \u00e1gua que n\u00e3o se infiltra escorre para os rios e ribeiros, voltando a entrar no ciclo natural da \u00e1gua.  <\/p>\n\n<p>O estudo dos mecanismos de infiltra\u00e7\u00e3o e armazenamento da \u00e1gua \u00e9 essencial para a gest\u00e3o sustent\u00e1vel dos recursos h\u00eddricos. Os diferentes tipos de solo influenciam a velocidade com que a \u00e1gua se infiltra. Os solos arenosos absorvem a \u00e1gua rapidamente, enquanto os solos argilosos abrandam este processo, aumentando o escoamento superficial e o risco de inunda\u00e7\u00f5es.  <\/p>\n\n<h3 class=\"wp-block-heading\">\u00c1guas subterr\u00e2neas e len\u00e7\u00f3is fre\u00e1ticos<\/h3>\n\n<p>Parte da precipita\u00e7\u00e3o infiltra-se no solo e atinge o len\u00e7ol fre\u00e1tico. Estas reservas subterr\u00e2neas desempenham um papel fundamental no armazenamento de \u00e1gua doce e s\u00e3o frequentemente utilizadas para o abastecimento de \u00e1gua pot\u00e1vel. A qualidade das \u00e1guas subterr\u00e2neas depende da natureza do solo e da sua capacidade de filtrar as impurezas.  <\/p>\n\n<h3 class=\"wp-block-heading\">Rios e lagos: reservat\u00f3rios naturais<\/h3>\n\n<p>Outra parte da \u00e1gua corre para os rios e lagos, que s\u00e3o grandes reservat\u00f3rios naturais. Estas massas de \u00e1gua s\u00e3o utilizadas para a agricultura, a ind\u00fastria e o consumo humano. A gest\u00e3o sustent\u00e1vel \u00e9 essencial para preservar este recurso vital.  <\/p>\n\n<h2 class=\"wp-block-heading\"><mark style=\"background-color:rgba(0, 0, 0, 0)\" class=\"has-inline-color has-vivid-cyan-blue-color\">3. Tratamento da \u00e1gua: da natureza para as nossas torneiras<\/mark><\/h2>\n\n<h3 class=\"wp-block-heading\">Recolha e transporte de \u00e1gua<\/h3>\n\n<p>Antes de chegar \u00e0s nossas casas, a \u00e1gua tem de ser retirada do seu ambiente natural. A \u00e1gua \u00e9 retirada de aqu\u00edferos subterr\u00e2neos, rios ou reservat\u00f3rios artificiais. Depois, \u00e9 transportada atrav\u00e9s de uma rede de abastecimento at\u00e9 \u00e0s esta\u00e7\u00f5es de tratamento.  <\/p>\n\n<h3 class=\"wp-block-heading\">Purifica\u00e7\u00e3o e distribui\u00e7\u00e3o<\/h3>\n\n<p>Para garantir uma \u00e1gua pot\u00e1vel de qualidade, a \u00e1gua bruta \u00e9 submetida a v\u00e1rios tratamentos: filtra\u00e7\u00e3o, desinfe\u00e7\u00e3o e regula\u00e7\u00e3o do pH. Estes processos eliminam as bact\u00e9rias, as part\u00edculas e todos os poluentes. Uma vez tratada, a \u00e1gua \u00e9 armazenada em reservat\u00f3rios antes de ser distribu\u00edda atrav\u00e9s de uma rede de condutas para as nossas casas.  <\/p>\n\n<h2 class=\"wp-block-heading\"><mark style=\"background-color:rgba(0, 0, 0, 0)\" class=\"has-inline-color has-vivid-cyan-blue-color\">4. Gest\u00e3o respons\u00e1vel da \u00e1gua: um grande desafio<\/mark><\/h2>\n\n<p>Todos os anos, milhares de milh\u00f5es de litros de \u00e1gua s\u00e3o utilizados para fins dom\u00e9sticos, industriais e agr\u00edcolas. Grande parte desta \u00e1gua transforma-se em \u00e1guas residuais, necessitando de tratamento antes de poder ser devolvida ao ciclo natural. Estes sistemas de tratamento s\u00e3o essenciais para evitar a contamina\u00e7\u00e3o das fontes de \u00e1gua pot\u00e1vel e para preservar os ecossistemas aqu\u00e1ticos.  <\/p>\n\n<p><a href=\"https:\/\/blog.maciterneecolo.fr\/pt-pt\/impacto-das-alteracoes-climaticas-nas-reservas-mundiais-de-agua\/\">O impacto das altera\u00e7\u00f5es clim\u00e1ticas no ciclo da \u00e1gua<\/a> \u00e9 tamb\u00e9m objeto de estudo de muitas equipas de investiga\u00e7\u00e3o. As altera\u00e7\u00f5es das temperaturas globais est\u00e3o a alterar os ciclos de precipita\u00e7\u00e3o, conduzindo a per\u00edodos de seca mais longos e a fen\u00f3menos meteorol\u00f3gicos extremos mais frequentes. Isto obriga as sociedades a repensar a utiliza\u00e7\u00e3o dos recursos h\u00eddricos para garantir um consumo sustent\u00e1vel para as gera\u00e7\u00f5es futuras.  <\/p>\n\n<h3 class=\"wp-block-heading\">Os desafios do consumo de \u00e1gua<\/h3>\n\n<p>Com o crescimento da popula\u00e7\u00e3o e as altera\u00e7\u00f5es clim\u00e1ticas, a gest\u00e3o da \u00e1gua est\u00e1 a tornar-se um problema importante. A sobre-explora\u00e7\u00e3o dos recursos subterr\u00e2neos e a polui\u00e7\u00e3o est\u00e3o a amea\u00e7ar a disponibilidade de \u00e1gua pot\u00e1vel. Por conseguinte, \u00e9 fundamental adotar pr\u00e1ticas mais sustent\u00e1veis para preservar este recurso essencial.  <\/p>\n\n<p>Entre as solu\u00e7\u00f5es sustent\u00e1veis, \u00e9 essencial adotar um comportamento mais respons\u00e1vel no dia a dia. A redu\u00e7\u00e3o do desperd\u00edcio de \u00e1gua atrav\u00e9s do controlo das fugas dom\u00e9sticas e da utiliza\u00e7\u00e3o de aparelhos economizadores de \u00e1gua \u00e9 um primeiro passo. Por exemplo, as torneiras e os chuveiros de baixo fluxo podem poupar centenas de litros de \u00e1gua por ano. A instala\u00e7\u00e3o de contadores de \u00e1gua inteligentes tamb\u00e9m ajuda a monitorizar o consumo e a identificar perdas desnecess\u00e1rias.   <\/p>\n\n<p>Nos espa\u00e7os exteriores, a rega racional dos jardins com sistemas de gotejamento ou a utiliza\u00e7\u00e3o de \u00e1guas residuais tratadas para a irriga\u00e7\u00e3o reduz consideravelmente o consumo de \u00e1gua pot\u00e1vel. Al\u00e9m disso, a utiliza\u00e7\u00e3o de plantas adaptadas a climas \u00e1ridos ajuda a limitar as necessidades de \u00e1gua, mantendo espa\u00e7os verdes agrad\u00e1veis. <\/p>\n\n<p>A n\u00edvel coletivo, \u00e9 indispens\u00e1vel modernizar as infra-estruturas h\u00eddricas. Muitas cidades perdem uma parte significativa do seu abastecimento de \u00e1gua devido a fugas nas redes de distribui\u00e7\u00e3o. O investimento em tecnologias avan\u00e7adas de dete\u00e7\u00e3o e repara\u00e7\u00e3o de condutas danificadas permitiria limitar este desperd\u00edcio.  <\/p>\n\n<p>Por \u00faltimo, a educa\u00e7\u00e3o e a sensibiliza\u00e7\u00e3o s\u00e3o poderosas alavancas para uma mudan\u00e7a duradoura. As campanhas p\u00fablicas e os programas educativos nas escolas podem ajudar a desenvolver uma consci\u00eancia ecol\u00f3gica e incentivar pr\u00e1ticas mais respeitadoras da \u00e1gua. A ado\u00e7\u00e3o destas pr\u00e1ticas \u00e9 essencial para garantir um acesso equitativo \u00e0 \u00e1gua pot\u00e1vel para as gera\u00e7\u00f5es futuras.  <\/p>\n\n<p>Com o crescimento da popula\u00e7\u00e3o e as altera\u00e7\u00f5es clim\u00e1ticas, a gest\u00e3o da \u00e1gua est\u00e1 a tornar-se um problema importante. A sobre-explora\u00e7\u00e3o dos recursos subterr\u00e2neos e a polui\u00e7\u00e3o est\u00e3o a amea\u00e7ar a disponibilidade de \u00e1gua pot\u00e1vel. Por conseguinte, \u00e9 fundamental adotar pr\u00e1ticas mais sustent\u00e1veis para preservar este recurso essencial.  <\/p>\n\n<h3 class=\"wp-block-heading\">Solu\u00e7\u00f5es para poupar \u00e1gua<\/h3>\n\n<p>A instala\u00e7\u00e3o de colectores de \u00e1guas pluviais, a moderniza\u00e7\u00e3o das redes para limitar as fugas e a sensibiliza\u00e7\u00e3o para um consumo mais respons\u00e1vel s\u00e3o formas de preservar os nossos recursos h\u00eddricos. Cada gesto conta para garantir um futuro mais sustent\u00e1vel. F\u00e1ceis de instalar e com uma excelente rela\u00e7\u00e3o qualidade\/pre\u00e7o, os <a href=\"https:\/\/www.maciterneecolo.fr\/fr\/3-citernes-souples\">reservat\u00f3rios flex\u00edveis<\/a> da maciterneecolo.fr s\u00e3o uma excelente solu\u00e7\u00e3o para armazenar a \u00e1gua da chuva e poupar preciosos litros de \u00e1gua pot\u00e1vel.  <\/p>\n\n<p>Com as restri\u00e7\u00f5es impostas durante os per\u00edodos de seca cada vez mais frequentes e o esgotamento progressivo dos recursos h\u00eddricos, vale a pena estudar este tipo de solu\u00e7\u00e3o sustent\u00e1vel. Afinal, para qu\u00ea utilizar \u00e1gua pot\u00e1vel para fins que n\u00e3o a requerem? Quando sabes que cerca de 100 litros de \u00e1gua pot\u00e1vel por pessoa e por dia s\u00e3o utilizados para fins dom\u00e9sticos que n\u00e3o requerem \u00e1gua pot\u00e1vel. Para al\u00e9m de poupares muito na tua conta da \u00e1gua, est\u00e1s a contribuir para a preserva\u00e7\u00e3o dos recursos h\u00eddricos, o que \u00e9 uma quest\u00e3o fundamental para toda a sociedade.   <\/p>\n\n<h2 class=\"wp-block-heading\"><mark style=\"background-color:rgba(0, 0, 0, 0)\" class=\"has-inline-color has-vivid-cyan-blue-color\">Conclus\u00e3o<\/mark><\/h2>\n\n<p>O ciclo da \u00e1gua \u00e9 um processo natural que assegura a renova\u00e7\u00e3o e a distribui\u00e7\u00e3o deste recurso vital. Desde a evapora\u00e7\u00e3o at\u00e9 \u00e0 infiltra\u00e7\u00e3o nos len\u00e7\u00f3is fre\u00e1ticos, a \u00e1gua percorre um caminho complexo at\u00e9 chegar \u00e0s nossas torneiras. A compreens\u00e3o deste ciclo permite-nos compreender melhor os desafios actuais relacionados com a \u00e1gua e a import\u00e2ncia de uma gest\u00e3o sustent\u00e1vel. Ao adotar pr\u00e1ticas respons\u00e1veis, todos n\u00f3s podemos ajudar a preservar este recurso vital.   <\/p>\n\n<p><\/p>\n","protected":false},"excerpt":{"rendered":"<p>A \u00e1gua \u00e9 um recurso essencial na nossa vida quotidiana, mas ser\u00e1 que sabemos realmente de onde vem e como chega \u00e0s nossas torneiras? O ciclo da \u00e1gua \u00e9 um fen\u00f3meno natural fascinante que permite a regenera\u00e7\u00e3o deste precioso recurso. Da evapora\u00e7\u00e3o \u00e0 precipita\u00e7\u00e3o, passando pela infiltra\u00e7\u00e3o nos len\u00e7\u00f3is fre\u00e1ticos, a \u00e1gua percorre um longo [&hellip;]<\/p>\n","protected":false},"author":4,"featured_media":13409,"comment_status":"open","ping_status":"closed","sticky":false,"template":"","format":"standard","meta":{"inline_featured_image":false,"footnotes":""},"categories":[88,105],"tags":[67,1487,2609],"class_list":["post-13425","post","type-post","status-publish","format-standard","has-post-thumbnail","hentry","category-tanques-flexiveis","category-tudo-sobre-a-agua-da-chuva","tag-agua-da-chuva","tag-agua-potavel","tag-ciclo-da-agua"],"yoast_head":"<!-- This site is optimized with the Yoast SEO plugin v27.5 - https:\/\/yoast.com\/product\/yoast-seo-wordpress\/ -->\n<title>O ciclo da \u00e1gua: de onde vem a \u00e1gua que usamos todos os dias? - Blog Ma Citerne Ecolo<\/title>\n<meta name=\"description\" content=\"Usamos \u00e1gua todos os dias, mas ser\u00e1 que sabemos realmente de onde ela vem? Descobre todos os segredos do ciclo da \u00e1gua.\" \/>\n<meta name=\"robots\" content=\"index, follow, max-snippet:-1, max-image-preview:large, max-video-preview:-1\" \/>\n<link rel=\"canonical\" href=\"https:\/\/blog.maciterneecolo.fr\/pt-pt\/o-ciclo-da-agua-de-onde-vem-a-agua-que-usamos-todos-os-dias\/\" \/>\n<meta property=\"og:locale\" content=\"pt_PT\" \/>\n<meta property=\"og:type\" content=\"article\" \/>\n<meta property=\"og:title\" content=\"O ciclo da \u00e1gua: de onde vem a \u00e1gua que usamos todos os dias? - Blog Ma Citerne Ecolo\" \/>\n<meta property=\"og:description\" content=\"Usamos \u00e1gua todos os dias, mas ser\u00e1 que sabemos realmente de onde ela vem? Descobre todos os segredos do ciclo da \u00e1gua.\" \/>\n<meta property=\"og:url\" content=\"https:\/\/blog.maciterneecolo.fr\/pt-pt\/o-ciclo-da-agua-de-onde-vem-a-agua-que-usamos-todos-os-dias\/\" \/>\n<meta property=\"og:site_name\" content=\"Blog Ma Citerne Ecolo\" \/>\n<meta property=\"article:published_time\" content=\"2025-02-18T08:30:00+00:00\" \/>\n<meta property=\"og:image\" content=\"https:\/\/blog.maciterneecolo.fr\/wp-content\/uploads\/2025\/02\/cycle-de-leau-scaled.jpg\" \/>\n\t<meta property=\"og:image:width\" content=\"2560\" \/>\n\t<meta property=\"og:image:height\" content=\"1704\" \/>\n\t<meta property=\"og:image:type\" content=\"image\/jpeg\" \/>\n<meta name=\"author\" content=\"B\u00e9n\u00e9dicte Rebolloso\" \/>\n<meta name=\"twitter:card\" content=\"summary_large_image\" \/>\n<meta name=\"twitter:label1\" content=\"Escrito por\" \/>\n\t<meta name=\"twitter:data1\" content=\"B\u00e9n\u00e9dicte Rebolloso\" \/>\n\t<meta name=\"twitter:label2\" content=\"Tempo estimado de leitura\" \/>\n\t<meta name=\"twitter:data2\" content=\"9 minutos\" \/>\n<script type=\"application\/ld+json\" class=\"yoast-schema-graph\">{\"@context\":\"https:\\\/\\\/schema.org\",\"@graph\":[{\"@type\":\"Article\",\"@id\":\"https:\\\/\\\/blog.maciterneecolo.fr\\\/pt-pt\\\/o-ciclo-da-agua-de-onde-vem-a-agua-que-usamos-todos-os-dias\\\/#article\",\"isPartOf\":{\"@id\":\"https:\\\/\\\/blog.maciterneecolo.fr\\\/pt-pt\\\/o-ciclo-da-agua-de-onde-vem-a-agua-que-usamos-todos-os-dias\\\/\"},\"author\":{\"name\":\"B\u00e9n\u00e9dicte Rebolloso\",\"@id\":\"https:\\\/\\\/blog.maciterneecolo.fr\\\/pt-pt\\\/#\\\/schema\\\/person\\\/fe50d00b4e639107698e1ddead236943\"},\"headline\":\"O ciclo da \u00e1gua: de onde vem a \u00e1gua que usamos todos os dias?\",\"datePublished\":\"2025-02-18T08:30:00+00:00\",\"mainEntityOfPage\":{\"@id\":\"https:\\\/\\\/blog.maciterneecolo.fr\\\/pt-pt\\\/o-ciclo-da-agua-de-onde-vem-a-agua-que-usamos-todos-os-dias\\\/\"},\"wordCount\":1780,\"commentCount\":0,\"publisher\":{\"@id\":\"https:\\\/\\\/blog.maciterneecolo.fr\\\/pt-pt\\\/#organization\"},\"image\":{\"@id\":\"https:\\\/\\\/blog.maciterneecolo.fr\\\/pt-pt\\\/o-ciclo-da-agua-de-onde-vem-a-agua-que-usamos-todos-os-dias\\\/#primaryimage\"},\"thumbnailUrl\":\"https:\\\/\\\/blog.maciterneecolo.fr\\\/wp-content\\\/uploads\\\/2025\\\/02\\\/cycle-de-leau-scaled.jpg\",\"keywords\":[\"\u00e1gua da chuva\",\"\u00e1gua pot\u00e1vel\",\"ciclo da \u00e1gua\"],\"articleSection\":[\"Tanques Flex\u00edveis\",\"Tudo sobre a \u00e1gua da chuva\"],\"inLanguage\":\"pt-PT\",\"potentialAction\":[{\"@type\":\"CommentAction\",\"name\":\"Comment\",\"target\":[\"https:\\\/\\\/blog.maciterneecolo.fr\\\/pt-pt\\\/o-ciclo-da-agua-de-onde-vem-a-agua-que-usamos-todos-os-dias\\\/#respond\"]}]},{\"@type\":\"WebPage\",\"@id\":\"https:\\\/\\\/blog.maciterneecolo.fr\\\/pt-pt\\\/o-ciclo-da-agua-de-onde-vem-a-agua-que-usamos-todos-os-dias\\\/\",\"url\":\"https:\\\/\\\/blog.maciterneecolo.fr\\\/pt-pt\\\/o-ciclo-da-agua-de-onde-vem-a-agua-que-usamos-todos-os-dias\\\/\",\"name\":\"O ciclo da \u00e1gua: de onde vem a \u00e1gua que usamos todos os dias? - Blog Ma Citerne Ecolo\",\"isPartOf\":{\"@id\":\"https:\\\/\\\/blog.maciterneecolo.fr\\\/pt-pt\\\/#website\"},\"primaryImageOfPage\":{\"@id\":\"https:\\\/\\\/blog.maciterneecolo.fr\\\/pt-pt\\\/o-ciclo-da-agua-de-onde-vem-a-agua-que-usamos-todos-os-dias\\\/#primaryimage\"},\"image\":{\"@id\":\"https:\\\/\\\/blog.maciterneecolo.fr\\\/pt-pt\\\/o-ciclo-da-agua-de-onde-vem-a-agua-que-usamos-todos-os-dias\\\/#primaryimage\"},\"thumbnailUrl\":\"https:\\\/\\\/blog.maciterneecolo.fr\\\/wp-content\\\/uploads\\\/2025\\\/02\\\/cycle-de-leau-scaled.jpg\",\"datePublished\":\"2025-02-18T08:30:00+00:00\",\"description\":\"Usamos \u00e1gua todos os dias, mas ser\u00e1 que sabemos realmente de onde ela vem? Descobre todos os segredos do ciclo da \u00e1gua.\",\"breadcrumb\":{\"@id\":\"https:\\\/\\\/blog.maciterneecolo.fr\\\/pt-pt\\\/o-ciclo-da-agua-de-onde-vem-a-agua-que-usamos-todos-os-dias\\\/#breadcrumb\"},\"inLanguage\":\"pt-PT\",\"potentialAction\":[{\"@type\":\"ReadAction\",\"target\":[\"https:\\\/\\\/blog.maciterneecolo.fr\\\/pt-pt\\\/o-ciclo-da-agua-de-onde-vem-a-agua-que-usamos-todos-os-dias\\\/\"]}]},{\"@type\":\"ImageObject\",\"inLanguage\":\"pt-PT\",\"@id\":\"https:\\\/\\\/blog.maciterneecolo.fr\\\/pt-pt\\\/o-ciclo-da-agua-de-onde-vem-a-agua-que-usamos-todos-os-dias\\\/#primaryimage\",\"url\":\"https:\\\/\\\/blog.maciterneecolo.fr\\\/wp-content\\\/uploads\\\/2025\\\/02\\\/cycle-de-leau-scaled.jpg\",\"contentUrl\":\"https:\\\/\\\/blog.maciterneecolo.fr\\\/wp-content\\\/uploads\\\/2025\\\/02\\\/cycle-de-leau-scaled.jpg\",\"width\":2560,\"height\":1704},{\"@type\":\"BreadcrumbList\",\"@id\":\"https:\\\/\\\/blog.maciterneecolo.fr\\\/pt-pt\\\/o-ciclo-da-agua-de-onde-vem-a-agua-que-usamos-todos-os-dias\\\/#breadcrumb\",\"itemListElement\":[{\"@type\":\"ListItem\",\"position\":1,\"name\":\"Accueil\",\"item\":\"https:\\\/\\\/blog.maciterneecolo.fr\\\/pt-pt\\\/\"},{\"@type\":\"ListItem\",\"position\":2,\"name\":\"O ciclo da \u00e1gua: de onde vem a \u00e1gua que usamos todos os dias?\"}]},{\"@type\":\"WebSite\",\"@id\":\"https:\\\/\\\/blog.maciterneecolo.fr\\\/pt-pt\\\/#website\",\"url\":\"https:\\\/\\\/blog.maciterneecolo.fr\\\/pt-pt\\\/\",\"name\":\"Blog Ma Citerne Ecolo\",\"description\":\"Leader dans le domaine de la citerne souple d&#039;eau de pluie\",\"publisher\":{\"@id\":\"https:\\\/\\\/blog.maciterneecolo.fr\\\/pt-pt\\\/#organization\"},\"potentialAction\":[{\"@type\":\"SearchAction\",\"target\":{\"@type\":\"EntryPoint\",\"urlTemplate\":\"https:\\\/\\\/blog.maciterneecolo.fr\\\/pt-pt\\\/?s={search_term_string}\"},\"query-input\":{\"@type\":\"PropertyValueSpecification\",\"valueRequired\":true,\"valueName\":\"search_term_string\"}}],\"inLanguage\":\"pt-PT\"},{\"@type\":\"Organization\",\"@id\":\"https:\\\/\\\/blog.maciterneecolo.fr\\\/pt-pt\\\/#organization\",\"name\":\"Blog Ma Citerne Ecolo\",\"url\":\"https:\\\/\\\/blog.maciterneecolo.fr\\\/pt-pt\\\/\",\"logo\":{\"@type\":\"ImageObject\",\"inLanguage\":\"pt-PT\",\"@id\":\"https:\\\/\\\/blog.maciterneecolo.fr\\\/pt-pt\\\/#\\\/schema\\\/logo\\\/image\\\/\",\"url\":\"https:\\\/\\\/blog.maciterneecolo.fr\\\/wp-content\\\/uploads\\\/2022\\\/12\\\/cropped-favicon-blog.png\",\"contentUrl\":\"https:\\\/\\\/blog.maciterneecolo.fr\\\/wp-content\\\/uploads\\\/2022\\\/12\\\/cropped-favicon-blog.png\",\"width\":512,\"height\":512,\"caption\":\"Blog Ma Citerne Ecolo\"},\"image\":{\"@id\":\"https:\\\/\\\/blog.maciterneecolo.fr\\\/pt-pt\\\/#\\\/schema\\\/logo\\\/image\\\/\"}},{\"@type\":\"Person\",\"@id\":\"https:\\\/\\\/blog.maciterneecolo.fr\\\/pt-pt\\\/#\\\/schema\\\/person\\\/fe50d00b4e639107698e1ddead236943\",\"name\":\"B\u00e9n\u00e9dicte Rebolloso\",\"image\":{\"@type\":\"ImageObject\",\"inLanguage\":\"pt-PT\",\"@id\":\"https:\\\/\\\/secure.gravatar.com\\\/avatar\\\/ffa759db2a4d8ebb52a58b89d3dc2a9f0395a5122bb839045a145d6585de1126?s=96&d=mm&r=g\",\"url\":\"https:\\\/\\\/secure.gravatar.com\\\/avatar\\\/ffa759db2a4d8ebb52a58b89d3dc2a9f0395a5122bb839045a145d6585de1126?s=96&d=mm&r=g\",\"contentUrl\":\"https:\\\/\\\/secure.gravatar.com\\\/avatar\\\/ffa759db2a4d8ebb52a58b89d3dc2a9f0395a5122bb839045a145d6585de1126?s=96&d=mm&r=g\",\"caption\":\"B\u00e9n\u00e9dicte Rebolloso\"},\"url\":\"https:\\\/\\\/blog.maciterneecolo.fr\\\/pt-pt\\\/author\\\/benedicterebolloso\\\/\"}]}<\/script>\n<!-- \/ Yoast SEO plugin. -->","yoast_head_json":{"title":"O ciclo da \u00e1gua: de onde vem a \u00e1gua que usamos todos os dias? - Blog Ma Citerne Ecolo","description":"Usamos \u00e1gua todos os dias, mas ser\u00e1 que sabemos realmente de onde ela vem? Descobre todos os segredos do ciclo da \u00e1gua.","robots":{"index":"index","follow":"follow","max-snippet":"max-snippet:-1","max-image-preview":"max-image-preview:large","max-video-preview":"max-video-preview:-1"},"canonical":"https:\/\/blog.maciterneecolo.fr\/pt-pt\/o-ciclo-da-agua-de-onde-vem-a-agua-que-usamos-todos-os-dias\/","og_locale":"pt_PT","og_type":"article","og_title":"O ciclo da \u00e1gua: de onde vem a \u00e1gua que usamos todos os dias? - Blog Ma Citerne Ecolo","og_description":"Usamos \u00e1gua todos os dias, mas ser\u00e1 que sabemos realmente de onde ela vem? Descobre todos os segredos do ciclo da \u00e1gua.","og_url":"https:\/\/blog.maciterneecolo.fr\/pt-pt\/o-ciclo-da-agua-de-onde-vem-a-agua-que-usamos-todos-os-dias\/","og_site_name":"Blog Ma Citerne Ecolo","article_published_time":"2025-02-18T08:30:00+00:00","og_image":[{"width":2560,"height":1704,"url":"https:\/\/blog.maciterneecolo.fr\/wp-content\/uploads\/2025\/02\/cycle-de-leau-scaled.jpg","type":"image\/jpeg"}],"author":"B\u00e9n\u00e9dicte Rebolloso","twitter_card":"summary_large_image","twitter_misc":{"Escrito por":"B\u00e9n\u00e9dicte Rebolloso","Tempo estimado de leitura":"9 minutos"},"schema":{"@context":"https:\/\/schema.org","@graph":[{"@type":"Article","@id":"https:\/\/blog.maciterneecolo.fr\/pt-pt\/o-ciclo-da-agua-de-onde-vem-a-agua-que-usamos-todos-os-dias\/#article","isPartOf":{"@id":"https:\/\/blog.maciterneecolo.fr\/pt-pt\/o-ciclo-da-agua-de-onde-vem-a-agua-que-usamos-todos-os-dias\/"},"author":{"name":"B\u00e9n\u00e9dicte Rebolloso","@id":"https:\/\/blog.maciterneecolo.fr\/pt-pt\/#\/schema\/person\/fe50d00b4e639107698e1ddead236943"},"headline":"O ciclo da \u00e1gua: de onde vem a \u00e1gua que usamos todos os dias?","datePublished":"2025-02-18T08:30:00+00:00","mainEntityOfPage":{"@id":"https:\/\/blog.maciterneecolo.fr\/pt-pt\/o-ciclo-da-agua-de-onde-vem-a-agua-que-usamos-todos-os-dias\/"},"wordCount":1780,"commentCount":0,"publisher":{"@id":"https:\/\/blog.maciterneecolo.fr\/pt-pt\/#organization"},"image":{"@id":"https:\/\/blog.maciterneecolo.fr\/pt-pt\/o-ciclo-da-agua-de-onde-vem-a-agua-que-usamos-todos-os-dias\/#primaryimage"},"thumbnailUrl":"https:\/\/blog.maciterneecolo.fr\/wp-content\/uploads\/2025\/02\/cycle-de-leau-scaled.jpg","keywords":["\u00e1gua da chuva","\u00e1gua pot\u00e1vel","ciclo da \u00e1gua"],"articleSection":["Tanques Flex\u00edveis","Tudo sobre a \u00e1gua da chuva"],"inLanguage":"pt-PT","potentialAction":[{"@type":"CommentAction","name":"Comment","target":["https:\/\/blog.maciterneecolo.fr\/pt-pt\/o-ciclo-da-agua-de-onde-vem-a-agua-que-usamos-todos-os-dias\/#respond"]}]},{"@type":"WebPage","@id":"https:\/\/blog.maciterneecolo.fr\/pt-pt\/o-ciclo-da-agua-de-onde-vem-a-agua-que-usamos-todos-os-dias\/","url":"https:\/\/blog.maciterneecolo.fr\/pt-pt\/o-ciclo-da-agua-de-onde-vem-a-agua-que-usamos-todos-os-dias\/","name":"O ciclo da \u00e1gua: de onde vem a \u00e1gua que usamos todos os dias? - Blog Ma Citerne Ecolo","isPartOf":{"@id":"https:\/\/blog.maciterneecolo.fr\/pt-pt\/#website"},"primaryImageOfPage":{"@id":"https:\/\/blog.maciterneecolo.fr\/pt-pt\/o-ciclo-da-agua-de-onde-vem-a-agua-que-usamos-todos-os-dias\/#primaryimage"},"image":{"@id":"https:\/\/blog.maciterneecolo.fr\/pt-pt\/o-ciclo-da-agua-de-onde-vem-a-agua-que-usamos-todos-os-dias\/#primaryimage"},"thumbnailUrl":"https:\/\/blog.maciterneecolo.fr\/wp-content\/uploads\/2025\/02\/cycle-de-leau-scaled.jpg","datePublished":"2025-02-18T08:30:00+00:00","description":"Usamos \u00e1gua todos os dias, mas ser\u00e1 que sabemos realmente de onde ela vem? Descobre todos os segredos do ciclo da \u00e1gua.","breadcrumb":{"@id":"https:\/\/blog.maciterneecolo.fr\/pt-pt\/o-ciclo-da-agua-de-onde-vem-a-agua-que-usamos-todos-os-dias\/#breadcrumb"},"inLanguage":"pt-PT","potentialAction":[{"@type":"ReadAction","target":["https:\/\/blog.maciterneecolo.fr\/pt-pt\/o-ciclo-da-agua-de-onde-vem-a-agua-que-usamos-todos-os-dias\/"]}]},{"@type":"ImageObject","inLanguage":"pt-PT","@id":"https:\/\/blog.maciterneecolo.fr\/pt-pt\/o-ciclo-da-agua-de-onde-vem-a-agua-que-usamos-todos-os-dias\/#primaryimage","url":"https:\/\/blog.maciterneecolo.fr\/wp-content\/uploads\/2025\/02\/cycle-de-leau-scaled.jpg","contentUrl":"https:\/\/blog.maciterneecolo.fr\/wp-content\/uploads\/2025\/02\/cycle-de-leau-scaled.jpg","width":2560,"height":1704},{"@type":"BreadcrumbList","@id":"https:\/\/blog.maciterneecolo.fr\/pt-pt\/o-ciclo-da-agua-de-onde-vem-a-agua-que-usamos-todos-os-dias\/#breadcrumb","itemListElement":[{"@type":"ListItem","position":1,"name":"Accueil","item":"https:\/\/blog.maciterneecolo.fr\/pt-pt\/"},{"@type":"ListItem","position":2,"name":"O ciclo da \u00e1gua: de onde vem a \u00e1gua que usamos todos os dias?"}]},{"@type":"WebSite","@id":"https:\/\/blog.maciterneecolo.fr\/pt-pt\/#website","url":"https:\/\/blog.maciterneecolo.fr\/pt-pt\/","name":"Blog Ma Citerne Ecolo","description":"Leader dans le domaine de la citerne souple d&#039;eau de pluie","publisher":{"@id":"https:\/\/blog.maciterneecolo.fr\/pt-pt\/#organization"},"potentialAction":[{"@type":"SearchAction","target":{"@type":"EntryPoint","urlTemplate":"https:\/\/blog.maciterneecolo.fr\/pt-pt\/?s={search_term_string}"},"query-input":{"@type":"PropertyValueSpecification","valueRequired":true,"valueName":"search_term_string"}}],"inLanguage":"pt-PT"},{"@type":"Organization","@id":"https:\/\/blog.maciterneecolo.fr\/pt-pt\/#organization","name":"Blog Ma Citerne Ecolo","url":"https:\/\/blog.maciterneecolo.fr\/pt-pt\/","logo":{"@type":"ImageObject","inLanguage":"pt-PT","@id":"https:\/\/blog.maciterneecolo.fr\/pt-pt\/#\/schema\/logo\/image\/","url":"https:\/\/blog.maciterneecolo.fr\/wp-content\/uploads\/2022\/12\/cropped-favicon-blog.png","contentUrl":"https:\/\/blog.maciterneecolo.fr\/wp-content\/uploads\/2022\/12\/cropped-favicon-blog.png","width":512,"height":512,"caption":"Blog Ma Citerne Ecolo"},"image":{"@id":"https:\/\/blog.maciterneecolo.fr\/pt-pt\/#\/schema\/logo\/image\/"}},{"@type":"Person","@id":"https:\/\/blog.maciterneecolo.fr\/pt-pt\/#\/schema\/person\/fe50d00b4e639107698e1ddead236943","name":"B\u00e9n\u00e9dicte Rebolloso","image":{"@type":"ImageObject","inLanguage":"pt-PT","@id":"https:\/\/secure.gravatar.com\/avatar\/ffa759db2a4d8ebb52a58b89d3dc2a9f0395a5122bb839045a145d6585de1126?s=96&d=mm&r=g","url":"https:\/\/secure.gravatar.com\/avatar\/ffa759db2a4d8ebb52a58b89d3dc2a9f0395a5122bb839045a145d6585de1126?s=96&d=mm&r=g","contentUrl":"https:\/\/secure.gravatar.com\/avatar\/ffa759db2a4d8ebb52a58b89d3dc2a9f0395a5122bb839045a145d6585de1126?s=96&d=mm&r=g","caption":"B\u00e9n\u00e9dicte Rebolloso"},"url":"https:\/\/blog.maciterneecolo.fr\/pt-pt\/author\/benedicterebolloso\/"}]}},"_links":{"self":[{"href":"https:\/\/blog.maciterneecolo.fr\/pt-pt\/wp-json\/wp\/v2\/posts\/13425","targetHints":{"allow":["GET"]}}],"collection":[{"href":"https:\/\/blog.maciterneecolo.fr\/pt-pt\/wp-json\/wp\/v2\/posts"}],"about":[{"href":"https:\/\/blog.maciterneecolo.fr\/pt-pt\/wp-json\/wp\/v2\/types\/post"}],"author":[{"embeddable":true,"href":"https:\/\/blog.maciterneecolo.fr\/pt-pt\/wp-json\/wp\/v2\/users\/4"}],"replies":[{"embeddable":true,"href":"https:\/\/blog.maciterneecolo.fr\/pt-pt\/wp-json\/wp\/v2\/comments?post=13425"}],"version-history":[{"count":1,"href":"https:\/\/blog.maciterneecolo.fr\/pt-pt\/wp-json\/wp\/v2\/posts\/13425\/revisions"}],"predecessor-version":[{"id":13426,"href":"https:\/\/blog.maciterneecolo.fr\/pt-pt\/wp-json\/wp\/v2\/posts\/13425\/revisions\/13426"}],"wp:featuredmedia":[{"embeddable":true,"href":"https:\/\/blog.maciterneecolo.fr\/pt-pt\/wp-json\/wp\/v2\/media\/13409"}],"wp:attachment":[{"href":"https:\/\/blog.maciterneecolo.fr\/pt-pt\/wp-json\/wp\/v2\/media?parent=13425"}],"wp:term":[{"taxonomy":"category","embeddable":true,"href":"https:\/\/blog.maciterneecolo.fr\/pt-pt\/wp-json\/wp\/v2\/categories?post=13425"},{"taxonomy":"post_tag","embeddable":true,"href":"https:\/\/blog.maciterneecolo.fr\/pt-pt\/wp-json\/wp\/v2\/tags?post=13425"}],"curies":[{"name":"wp","href":"https:\/\/api.w.org\/{rel}","templated":true}]}}