{"id":13471,"date":"2025-03-05T10:00:00","date_gmt":"2025-03-05T10:00:00","guid":{"rendered":"https:\/\/blog.maciterneecolo.fr\/?p=13471"},"modified":"2025-02-10T10:26:22","modified_gmt":"2025-02-10T10:26:22","slug":"os-desafios-da-gestao-da-agua-nas-cidades-inteligentes","status":"publish","type":"post","link":"https:\/\/blog.maciterneecolo.fr\/pt-pt\/os-desafios-da-gestao-da-agua-nas-cidades-inteligentes\/","title":{"rendered":"Os desafios da gest\u00e3o da \u00e1gua nas cidades inteligentes"},"content":{"rendered":"\n<p>Num contexto de <strong>aquecimento global<\/strong> e de<strong>crescente urbaniza\u00e7\u00e3o<\/strong>, a gest\u00e3o sustent\u00e1vel da \u00e1gua \u00e9 uma <strong>quest\u00e3o crucial<\/strong> para as cidades modernas. <strong>As cidades inteligentes<\/strong> utilizam tecnologias <strong>digitais e conectadas<\/strong> para otimizar a <strong>distribui\u00e7\u00e3o, o consumo e a conserva\u00e7\u00e3o<\/strong> dos recursos h\u00eddricos. Gra\u00e7as \u00e0s inova\u00e7\u00f5es <strong>digitais e ecol\u00f3gicas<\/strong>, podem antecipar melhor as crises, limitar o desperd\u00edcio e melhorar o acesso \u00e0 \u00e1gua para todos.  <\/p>\n\n<p><strong>As autoridades locais<\/strong> em Fran\u00e7a e noutros pa\u00edses est\u00e3o a investir cada vez mais no desenvolvimento de solu\u00e7\u00f5es inteligentes para garantir um acesso justo \u00e0 \u00e1gua. Ao apoiarem-se em <strong>redes conectadas<\/strong>, as cidades inteligentes est\u00e3o a melhorar a gest\u00e3o dos servi\u00e7os p\u00fablicos relacionados com a \u00e1gua e a garantir uma maior efici\u00eancia energ\u00e9tica. Este artigo explora os <strong>principais desafios<\/strong> da gest\u00e3o da \u00e1gua nas <strong>cidades inteligentes<\/strong>, bem como as <strong>solu\u00e7\u00f5es tecnol\u00f3gicas e ecol\u00f3gicas<\/strong> que est\u00e3o a ser implementadas para garantir um consumo mais <strong>sustent\u00e1vel e eficiente<\/strong>.  <\/p>\n\n<h2 class=\"wp-block-heading\"><strong><mark style=\"background-color:rgba(0, 0, 0, 0)\" class=\"has-inline-color has-vivid-cyan-blue-color\">1. Os desafios da gest\u00e3o das \u00e1guas urbanas<\/mark><\/strong><\/h2>\n\n<h3 class=\"wp-block-heading\"><strong>1.1. Aumento acentuado do consumo <\/strong><\/h3>\n\n<p>A r\u00e1pida urbaniza\u00e7\u00e3o est\u00e1 a conduzir a um <strong>aumento da procura de \u00e1gua<\/strong>, tanto para as necessidades dom\u00e9sticas como industriais. Com <strong>milh\u00f5es de habitantes<\/strong> para abastecer, as cidades precisam de evitar o desperd\u00edcio e garantir <strong>uma distribui\u00e7\u00e3o \u00f3ptima<\/strong>. <\/p>\n\n<p><strong>As autoridades locais<\/strong> e <strong>as empresas<\/strong> est\u00e3o a investir em infra-estruturas mais resilientes para garantir uma melhor gest\u00e3o dos <strong>servi\u00e7os p\u00fablicos<\/strong> relacionados com a \u00e1gua. Ao desenvolver solu\u00e7\u00f5es <strong>digitais e conectadas<\/strong>, as cidades podem monitorizar o consumo de \u00e1gua em tempo real e otimizar os processos <strong>de recolha e distribui\u00e7\u00e3o<\/strong>. O surgimento de cidades inteligentes pode melhorar a qualidade de vida e, ao mesmo tempo, reduzir a pegada ambiental associada ao consumo excessivo de \u00e1gua.  <\/p>\n\n<h3 class=\"wp-block-heading\"><strong>1.2. Os efeitos das altera\u00e7\u00f5es clim\u00e1ticas nos recursos h\u00eddricos <\/strong><\/h3>\n\n<p><strong>O aquecimento global<\/strong> est\u00e1 a provocar <strong>secas mais longas<\/strong>, <strong>len\u00e7\u00f3is fre\u00e1ticos<\/strong> mais baixos e <strong>chuvas irregulares<\/strong>. Esta situa\u00e7\u00e3o aumenta o <strong>risco de escassez<\/strong>, obrigando os munic\u00edpios a rever as suas estrat\u00e9gias de gest\u00e3o da \u00e1gua. <\/p>\n\n<p>Perante estes desafios, <strong>as zonas urbanas<\/strong> t\u00eam de adaptar as suas infra-estruturas, integrando <strong>solu\u00e7\u00f5es inteligentes<\/strong> capazes de gerir de forma mais flex\u00edvel o abastecimento de \u00e1gua. A<strong>utiliza\u00e7\u00e3o de ferramentas de previs\u00e3o<\/strong> baseadas na<strong>intelig\u00eancia artificial<\/strong> permite \u00e0s colectividades locais antecipar melhor as flutua\u00e7\u00f5es dos recursos h\u00eddricos. A otimiza\u00e7\u00e3o das redes de \u00e1gua est\u00e1 a tornar-se um <strong>desafio importante<\/strong> para garantir a seguran\u00e7a e a sustentabilidade do abastecimento de \u00e1gua pot\u00e1vel.  <\/p>\n\n<h3 class=\"wp-block-heading\"><strong>1.3. A necessidade de modernizar as infra-estruturas <\/strong><\/h3>\n\n<p>Muitas redes urbanas de \u00e1gua est\u00e3o <strong>obsoletas<\/strong> e sofrem <strong>perdas<\/strong> significativas devido a fugas. Ao adotar <strong>solu\u00e7\u00f5es digitais e conectadas<\/strong>, podemos <strong>monitorizar melhor<\/strong> estas infra-estruturas e garantir uma maior efici\u00eancia. <\/p>\n\n<p>Nas <strong>cidades inteligentes<\/strong>, o investimento em sensores e <strong>redes inteligentes<\/strong> ajuda a identificar fugas em tempo real, reduzindo assim as perdas de \u00e1gua e os custos de manuten\u00e7\u00e3o. Ao mesmo tempo, <strong>as autoridades locais<\/strong> devem promover a inova\u00e7\u00e3o e incentivar o desenvolvimento de infra-estruturas capazes de recuperar e reciclar a \u00e1gua, optimizando assim a sua <strong>utiliza\u00e7\u00e3o nos servi\u00e7os p\u00fablicos<\/strong> e <strong>nos<\/strong> edif\u00edcios residenciais e comerciais. <\/p>\n\n<h2 class=\"wp-block-heading\"><strong><mark style=\"background-color:rgba(0, 0, 0, 0)\" class=\"has-inline-color has-vivid-cyan-blue-color\">2. Tecnologias inteligentes para otimizar a gest\u00e3o da \u00e1gua<\/mark><\/strong><\/h2>\n\n<h3 class=\"wp-block-heading\"><strong>2.1. Sensores IoT para monitorizar as redes <\/strong><\/h3>\n\n<p><strong>Os sensores inteligentes<\/strong> permitem <strong>a monitoriza\u00e7\u00e3o em tempo real das<\/strong> infra-estruturas de \u00e1gua pot\u00e1vel e de \u00e1guas residuais, detectando <strong>fugas, anomalias de press\u00e3o e a qualidade da \u00e1gua<\/strong>.<\/p>\n\n<p>Estes sistemas digitais permitem \u00e0s <strong>cidades<\/strong> gerir as suas infra-estruturas com maior precis\u00e3o, garantindo maior <strong>seguran\u00e7a e fiabilidade<\/strong> dos servi\u00e7os de \u00e1gua. A integra\u00e7\u00e3o de <strong>redes inteligentes<\/strong> contribui tamb\u00e9m para uma maior efici\u00eancia energ\u00e9tica e para a redu\u00e7\u00e3o das perdas na distribui\u00e7\u00e3o de \u00e1gua. <\/p>\n\n<h3 class=\"wp-block-heading\"><strong>2.2. Intelig\u00eancia artificial para prever o consumo <\/strong><\/h3>\n\n<p>Gra\u00e7as \u00e0<strong>IA e<\/strong> ao<strong>Big Data<\/strong>, as cidades podem <strong>analisar as tend\u00eancias de consumo<\/strong> e antecipar as necessidades com base em <strong>factores clim\u00e1ticos e demogr\u00e1ficos<\/strong>.<\/p>\n\n<p><strong>A intelig\u00eancia artificial<\/strong> permite o cruzamento de v\u00e1rios par\u00e2metros (clima, n\u00famero de habitantes, utiliza\u00e7\u00e3o industrial) para otimizar a gest\u00e3o dos recursos. Esta tecnologia permite igualmente tomar <strong>medidas preventivas<\/strong> em per\u00edodos de stress h\u00eddrico e propor solu\u00e7\u00f5es adaptadas \u00e0s necessidades espec\u00edficas de cada regi\u00e3o. <\/p>\n\n<h3 class=\"wp-block-heading\"><strong>2.3. Contadores de \u00e1gua ligados para consumo controlado <\/strong><\/h3>\n\n<p><strong>Os contadores inteligentes<\/strong> permitem aos residentes monitorizar o seu <strong>consumo em tempo real<\/strong>, incentivando-os a adotar <strong>pr\u00e1ticas mais eficientes em termos energ\u00e9ticos<\/strong>.<\/p>\n\n<p><strong>As autoridades locais<\/strong> est\u00e3o a incentivar a instala\u00e7\u00e3o destes dispositivos para regular melhor<strong>a utiliza\u00e7\u00e3o da \u00e1gua<\/strong> nas casas e nas empresas. Ao encorajar um consumo mais respons\u00e1vel, estas solu\u00e7\u00f5es ajudam a reduzir <strong>a depend\u00eancia das infra-estruturas tradicionais<\/strong> e a evitar desperd\u00edcios desnecess\u00e1rios. <\/p>\n\n<h2 class=\"wp-block-heading\"><strong><mark style=\"background-color:rgba(0, 0, 0, 0)\" class=\"has-inline-color has-vivid-cyan-blue-color\">3. Solu\u00e7\u00f5es sustent\u00e1veis para uma melhor gest\u00e3o da \u00e1gua nas cidades inteligentes<\/mark><\/strong><\/h2>\n\n<h3 class=\"wp-block-heading\"><strong>3.1. A utiliza\u00e7\u00e3o de \u00e1guas residuais recicladas <\/strong><\/h3>\n\n<p>A reciclagem de \u00e1guas residuais \u00e9 uma abordagem inovadora que <strong>reduz a press\u00e3o sobre os recursos naturais<\/strong> e garante um abastecimento constante de \u00e1gua. Gra\u00e7as aos avan\u00e7os tecnol\u00f3gicos, as esta\u00e7\u00f5es de tratamento de \u00e1gua nas cidades inteligentes s\u00e3o capazes de <strong>tratar e reutilizar a \u00e1gua<\/strong> para uma variedade de utiliza\u00e7\u00f5es n\u00e3o pot\u00e1veis, como a irriga\u00e7\u00e3o de espa\u00e7os verdes, a limpeza de ruas e os sistemas de refrigera\u00e7\u00e3o industrial. Ao integrar estas solu\u00e7\u00f5es nas infra-estruturas urbanas, as autoridades locais podem <strong>reduzir a sua depend\u00eancia dos recursos naturais<\/strong> e proteger o ambiente.  <\/p>\n\n<h3 class=\"wp-block-heading\"><strong>3.2. Gest\u00e3o inteligente das \u00e1guas pluviais <\/strong><\/h3>\n\n<p>A chuva \u00e9 um recurso precioso que \u00e9 frequentemente subaproveitado nas cidades. Nas cidades inteligentes, s\u00e3o criados <a href=\"https:\/\/www.maciterneecolo.fr\/fr\/3-citernes-souples\"><strong>sistemas inteligentes de recolha e armazenamento de<\/strong> \u00e1gua da chuva <\/a>para otimizar a sua utiliza\u00e7\u00e3o. Telhados verdes, bacias de reten\u00e7\u00e3o conectadas e pavimentos drenantes s\u00e3o solu\u00e7\u00f5es que ajudam <strong>a absorver e redistribuir a \u00e1gua de forma eficiente<\/strong> nas \u00e1reas urbanas. Ao reduzir o escoamento e limitar o risco de inunda\u00e7\u00f5es, estas infra-estruturas contribuem para uma gest\u00e3o da \u00e1gua mais <strong>sustent\u00e1vel e resiliente<\/strong>.   <\/p>\n\n<h3 class=\"wp-block-heading\"><strong>3.3. Participa\u00e7\u00e3o do p\u00fablico na gest\u00e3o da \u00e1gua <\/strong><\/h3>\n\n<p>A participa\u00e7\u00e3o dos cidad\u00e3os na gest\u00e3o da \u00e1gua \u00e9 uma alavanca fundamental na transi\u00e7\u00e3o para cidades mais inteligentes e sustent\u00e1veis. Gra\u00e7as a <strong>aplica\u00e7\u00f5es m\u00f3veis e plataformas colaborativas<\/strong>, os residentes podem monitorizar o seu consumo de \u00e1gua, comunicar fugas e adotar um comportamento mais respons\u00e1vel. Alguns munic\u00edpios est\u00e3o a incentivar os residentes a utilizar <strong>colectores de \u00e1guas pluviais<\/strong> e <strong>sistemas dom\u00e9sticos de poupan\u00e7a de \u00e1gua<\/strong>, oferecendo assist\u00eancia financeira e forma\u00e7\u00e3o. Ao incentivar a <strong><a href=\"https:\/\/blog.maciterneecolo.fr\/pt-pt\/iniciativas-comunitarias-para-criar-reservas-locais-de-agua-da-chuva\/\">gest\u00e3o participativa<\/a><\/strong>Ao incentivar a gest\u00e3o participativa, as cidades inteligentes est\u00e3o a ajudar a criar uma sociedade mais respeitadora do ambiente.   <\/p>\n\n<h2 class=\"wp-block-heading\"><strong><mark style=\"background-color:rgba(0, 0, 0, 0)\" class=\"has-inline-color has-vivid-cyan-blue-color\">Conclus\u00e3o<\/mark><\/strong><\/h2>\n\n<p><strong>As cidades inteligentes<\/strong> desempenham um papel crucial na otimiza\u00e7\u00e3o da gest\u00e3o da \u00e1gua, gra\u00e7as \u00e0 integra\u00e7\u00e3o de <strong>tecnologias digitais, sensores inteligentes e ferramentas de intelig\u00eancia artificial<\/strong>. <strong>A recolha de \u00e1guas pluviais<\/strong>, o <strong>armazenamento inteligente<\/strong> e <strong>as redes conectadas<\/strong> s\u00e3o solu\u00e7\u00f5es inovadoras que ajudam a reduzir o desperd\u00edcio e a garantir um abastecimento sustent\u00e1vel. <\/p>\n\n<p>Num mundo em que <strong>os recursos h\u00eddricos s\u00e3o cada vez mais preciosos<\/strong>, \u00e9 imperativo que <strong>as autoridades locais e os cidad\u00e3os<\/strong> trabalhem em conjunto para implementar <strong>estrat\u00e9gias sustent\u00e1veis<\/strong>. A otimiza\u00e7\u00e3o das infra-estruturas e<strong>a utiliza\u00e7\u00e3o respons\u00e1vel da<\/strong> \u00e1gua s\u00e3o <strong>desafios importantes<\/strong> para o futuro das cidades inteligentes. A evolu\u00e7\u00e3o para <strong>uma gest\u00e3o mais eficiente da \u00e1gua<\/strong> exige o investimento em <strong>solu\u00e7\u00f5es digitais e ecol\u00f3gicas<\/strong>, garantindo <strong>um desenvolvimento urbano amigo do ambiente<\/strong> e resiliente face aos desafios clim\u00e1ticos.  <\/p>\n","protected":false},"excerpt":{"rendered":"<p>Num contexto de aquecimento global e decrescente urbaniza\u00e7\u00e3o, a gest\u00e3o sustent\u00e1vel da \u00e1gua \u00e9 uma quest\u00e3o crucial para as cidades modernas. As cidades inteligentes utilizam tecnologias digitais e conectadas para otimizar a distribui\u00e7\u00e3o, o consumo e a conserva\u00e7\u00e3o dos recursos h\u00eddricos. Gra\u00e7as \u00e0s inova\u00e7\u00f5es digitais e ecol\u00f3gicas, podem antecipar melhor as crises, limitar o desperd\u00edcio [&hellip;]<\/p>\n","protected":false},"author":4,"featured_media":13464,"comment_status":"open","ping_status":"closed","sticky":false,"template":"","format":"standard","meta":{"inline_featured_image":false,"footnotes":""},"categories":[2619,3],"tags":[314,67,1487,335],"class_list":["post-13471","post","type-post","status-publish","format-standard","has-post-thumbnail","hentry","category-gestao-da-agua","category-sem-categoria","tag-agua","tag-agua-da-chuva","tag-agua-potavel","tag-armazenamento"],"yoast_head":"<!-- This site is optimized with the Yoast SEO plugin v27.5 - https:\/\/yoast.com\/product\/yoast-seo-wordpress\/ -->\n<title>Os desafios da gest\u00e3o da \u00e1gua nas cidades inteligentes - Blog Ma Citerne Ecolo<\/title>\n<meta name=\"description\" content=\"Descobre como as cidades inteligentes est\u00e3o a melhorar a gest\u00e3o da \u00e1gua com tecnologias inteligentes e ligadas.\" \/>\n<meta name=\"robots\" content=\"index, follow, max-snippet:-1, max-image-preview:large, max-video-preview:-1\" \/>\n<link rel=\"canonical\" href=\"https:\/\/blog.maciterneecolo.fr\/pt-pt\/os-desafios-da-gestao-da-agua-nas-cidades-inteligentes\/\" \/>\n<meta property=\"og:locale\" content=\"pt_PT\" \/>\n<meta property=\"og:type\" content=\"article\" \/>\n<meta property=\"og:title\" content=\"Os desafios da gest\u00e3o da \u00e1gua nas cidades inteligentes - Blog Ma Citerne Ecolo\" \/>\n<meta property=\"og:description\" content=\"Descobre como as cidades inteligentes est\u00e3o a melhorar a gest\u00e3o da \u00e1gua com tecnologias inteligentes e ligadas.\" \/>\n<meta property=\"og:url\" content=\"https:\/\/blog.maciterneecolo.fr\/pt-pt\/os-desafios-da-gestao-da-agua-nas-cidades-inteligentes\/\" \/>\n<meta property=\"og:site_name\" content=\"Blog Ma Citerne Ecolo\" \/>\n<meta property=\"article:published_time\" content=\"2025-03-05T10:00:00+00:00\" \/>\n<meta property=\"og:image\" content=\"https:\/\/blog.maciterneecolo.fr\/wp-content\/uploads\/2025\/02\/smart-cities-scaled.jpg\" \/>\n\t<meta property=\"og:image:width\" content=\"2560\" \/>\n\t<meta property=\"og:image:height\" content=\"1707\" \/>\n\t<meta property=\"og:image:type\" content=\"image\/jpeg\" \/>\n<meta name=\"author\" content=\"B\u00e9n\u00e9dicte Rebolloso\" \/>\n<meta name=\"twitter:card\" content=\"summary_large_image\" \/>\n<meta name=\"twitter:label1\" content=\"Escrito por\" \/>\n\t<meta name=\"twitter:data1\" content=\"B\u00e9n\u00e9dicte Rebolloso\" \/>\n\t<meta name=\"twitter:label2\" content=\"Tempo estimado de leitura\" \/>\n\t<meta name=\"twitter:data2\" content=\"7 minutos\" \/>\n<script type=\"application\/ld+json\" class=\"yoast-schema-graph\">{\"@context\":\"https:\\\/\\\/schema.org\",\"@graph\":[{\"@type\":\"Article\",\"@id\":\"https:\\\/\\\/blog.maciterneecolo.fr\\\/pt-pt\\\/os-desafios-da-gestao-da-agua-nas-cidades-inteligentes\\\/#article\",\"isPartOf\":{\"@id\":\"https:\\\/\\\/blog.maciterneecolo.fr\\\/pt-pt\\\/os-desafios-da-gestao-da-agua-nas-cidades-inteligentes\\\/\"},\"author\":{\"name\":\"B\u00e9n\u00e9dicte Rebolloso\",\"@id\":\"https:\\\/\\\/blog.maciterneecolo.fr\\\/pt-pt\\\/#\\\/schema\\\/person\\\/fe50d00b4e639107698e1ddead236943\"},\"headline\":\"Os desafios da gest\u00e3o da \u00e1gua nas cidades inteligentes\",\"datePublished\":\"2025-03-05T10:00:00+00:00\",\"mainEntityOfPage\":{\"@id\":\"https:\\\/\\\/blog.maciterneecolo.fr\\\/pt-pt\\\/os-desafios-da-gestao-da-agua-nas-cidades-inteligentes\\\/\"},\"wordCount\":1318,\"commentCount\":0,\"publisher\":{\"@id\":\"https:\\\/\\\/blog.maciterneecolo.fr\\\/pt-pt\\\/#organization\"},\"image\":{\"@id\":\"https:\\\/\\\/blog.maciterneecolo.fr\\\/pt-pt\\\/os-desafios-da-gestao-da-agua-nas-cidades-inteligentes\\\/#primaryimage\"},\"thumbnailUrl\":\"https:\\\/\\\/blog.maciterneecolo.fr\\\/wp-content\\\/uploads\\\/2025\\\/02\\\/smart-cities-scaled.jpg\",\"keywords\":[\"\u00e1gua\",\"\u00e1gua da chuva\",\"\u00e1gua pot\u00e1vel\",\"armazenamento\"],\"articleSection\":[\"Gest\u00e3o da \u00e1gua\"],\"inLanguage\":\"pt-PT\",\"potentialAction\":[{\"@type\":\"CommentAction\",\"name\":\"Comment\",\"target\":[\"https:\\\/\\\/blog.maciterneecolo.fr\\\/pt-pt\\\/os-desafios-da-gestao-da-agua-nas-cidades-inteligentes\\\/#respond\"]}]},{\"@type\":\"WebPage\",\"@id\":\"https:\\\/\\\/blog.maciterneecolo.fr\\\/pt-pt\\\/os-desafios-da-gestao-da-agua-nas-cidades-inteligentes\\\/\",\"url\":\"https:\\\/\\\/blog.maciterneecolo.fr\\\/pt-pt\\\/os-desafios-da-gestao-da-agua-nas-cidades-inteligentes\\\/\",\"name\":\"Os desafios da gest\u00e3o da \u00e1gua nas cidades inteligentes - Blog Ma Citerne Ecolo\",\"isPartOf\":{\"@id\":\"https:\\\/\\\/blog.maciterneecolo.fr\\\/pt-pt\\\/#website\"},\"primaryImageOfPage\":{\"@id\":\"https:\\\/\\\/blog.maciterneecolo.fr\\\/pt-pt\\\/os-desafios-da-gestao-da-agua-nas-cidades-inteligentes\\\/#primaryimage\"},\"image\":{\"@id\":\"https:\\\/\\\/blog.maciterneecolo.fr\\\/pt-pt\\\/os-desafios-da-gestao-da-agua-nas-cidades-inteligentes\\\/#primaryimage\"},\"thumbnailUrl\":\"https:\\\/\\\/blog.maciterneecolo.fr\\\/wp-content\\\/uploads\\\/2025\\\/02\\\/smart-cities-scaled.jpg\",\"datePublished\":\"2025-03-05T10:00:00+00:00\",\"description\":\"Descobre como as cidades inteligentes est\u00e3o a melhorar a gest\u00e3o da \u00e1gua com tecnologias inteligentes e ligadas.\",\"breadcrumb\":{\"@id\":\"https:\\\/\\\/blog.maciterneecolo.fr\\\/pt-pt\\\/os-desafios-da-gestao-da-agua-nas-cidades-inteligentes\\\/#breadcrumb\"},\"inLanguage\":\"pt-PT\",\"potentialAction\":[{\"@type\":\"ReadAction\",\"target\":[\"https:\\\/\\\/blog.maciterneecolo.fr\\\/pt-pt\\\/os-desafios-da-gestao-da-agua-nas-cidades-inteligentes\\\/\"]}]},{\"@type\":\"ImageObject\",\"inLanguage\":\"pt-PT\",\"@id\":\"https:\\\/\\\/blog.maciterneecolo.fr\\\/pt-pt\\\/os-desafios-da-gestao-da-agua-nas-cidades-inteligentes\\\/#primaryimage\",\"url\":\"https:\\\/\\\/blog.maciterneecolo.fr\\\/wp-content\\\/uploads\\\/2025\\\/02\\\/smart-cities-scaled.jpg\",\"contentUrl\":\"https:\\\/\\\/blog.maciterneecolo.fr\\\/wp-content\\\/uploads\\\/2025\\\/02\\\/smart-cities-scaled.jpg\",\"width\":2560,\"height\":1707,\"caption\":\"ville intelligente\"},{\"@type\":\"BreadcrumbList\",\"@id\":\"https:\\\/\\\/blog.maciterneecolo.fr\\\/pt-pt\\\/os-desafios-da-gestao-da-agua-nas-cidades-inteligentes\\\/#breadcrumb\",\"itemListElement\":[{\"@type\":\"ListItem\",\"position\":1,\"name\":\"Accueil\",\"item\":\"https:\\\/\\\/blog.maciterneecolo.fr\\\/pt-pt\\\/\"},{\"@type\":\"ListItem\",\"position\":2,\"name\":\"Os desafios da gest\u00e3o da \u00e1gua nas cidades inteligentes\"}]},{\"@type\":\"WebSite\",\"@id\":\"https:\\\/\\\/blog.maciterneecolo.fr\\\/pt-pt\\\/#website\",\"url\":\"https:\\\/\\\/blog.maciterneecolo.fr\\\/pt-pt\\\/\",\"name\":\"Blog Ma Citerne Ecolo\",\"description\":\"Leader dans le domaine de la citerne souple d&#039;eau de pluie\",\"publisher\":{\"@id\":\"https:\\\/\\\/blog.maciterneecolo.fr\\\/pt-pt\\\/#organization\"},\"potentialAction\":[{\"@type\":\"SearchAction\",\"target\":{\"@type\":\"EntryPoint\",\"urlTemplate\":\"https:\\\/\\\/blog.maciterneecolo.fr\\\/pt-pt\\\/?s={search_term_string}\"},\"query-input\":{\"@type\":\"PropertyValueSpecification\",\"valueRequired\":true,\"valueName\":\"search_term_string\"}}],\"inLanguage\":\"pt-PT\"},{\"@type\":\"Organization\",\"@id\":\"https:\\\/\\\/blog.maciterneecolo.fr\\\/pt-pt\\\/#organization\",\"name\":\"Blog Ma Citerne Ecolo\",\"url\":\"https:\\\/\\\/blog.maciterneecolo.fr\\\/pt-pt\\\/\",\"logo\":{\"@type\":\"ImageObject\",\"inLanguage\":\"pt-PT\",\"@id\":\"https:\\\/\\\/blog.maciterneecolo.fr\\\/pt-pt\\\/#\\\/schema\\\/logo\\\/image\\\/\",\"url\":\"https:\\\/\\\/blog.maciterneecolo.fr\\\/wp-content\\\/uploads\\\/2022\\\/12\\\/cropped-favicon-blog.png\",\"contentUrl\":\"https:\\\/\\\/blog.maciterneecolo.fr\\\/wp-content\\\/uploads\\\/2022\\\/12\\\/cropped-favicon-blog.png\",\"width\":512,\"height\":512,\"caption\":\"Blog Ma Citerne Ecolo\"},\"image\":{\"@id\":\"https:\\\/\\\/blog.maciterneecolo.fr\\\/pt-pt\\\/#\\\/schema\\\/logo\\\/image\\\/\"}},{\"@type\":\"Person\",\"@id\":\"https:\\\/\\\/blog.maciterneecolo.fr\\\/pt-pt\\\/#\\\/schema\\\/person\\\/fe50d00b4e639107698e1ddead236943\",\"name\":\"B\u00e9n\u00e9dicte Rebolloso\",\"image\":{\"@type\":\"ImageObject\",\"inLanguage\":\"pt-PT\",\"@id\":\"https:\\\/\\\/secure.gravatar.com\\\/avatar\\\/ffa759db2a4d8ebb52a58b89d3dc2a9f0395a5122bb839045a145d6585de1126?s=96&d=mm&r=g\",\"url\":\"https:\\\/\\\/secure.gravatar.com\\\/avatar\\\/ffa759db2a4d8ebb52a58b89d3dc2a9f0395a5122bb839045a145d6585de1126?s=96&d=mm&r=g\",\"contentUrl\":\"https:\\\/\\\/secure.gravatar.com\\\/avatar\\\/ffa759db2a4d8ebb52a58b89d3dc2a9f0395a5122bb839045a145d6585de1126?s=96&d=mm&r=g\",\"caption\":\"B\u00e9n\u00e9dicte Rebolloso\"},\"url\":\"https:\\\/\\\/blog.maciterneecolo.fr\\\/pt-pt\\\/author\\\/benedicterebolloso\\\/\"}]}<\/script>\n<!-- \/ Yoast SEO plugin. -->","yoast_head_json":{"title":"Os desafios da gest\u00e3o da \u00e1gua nas cidades inteligentes - Blog Ma Citerne Ecolo","description":"Descobre como as cidades inteligentes est\u00e3o a melhorar a gest\u00e3o da \u00e1gua com tecnologias inteligentes e ligadas.","robots":{"index":"index","follow":"follow","max-snippet":"max-snippet:-1","max-image-preview":"max-image-preview:large","max-video-preview":"max-video-preview:-1"},"canonical":"https:\/\/blog.maciterneecolo.fr\/pt-pt\/os-desafios-da-gestao-da-agua-nas-cidades-inteligentes\/","og_locale":"pt_PT","og_type":"article","og_title":"Os desafios da gest\u00e3o da \u00e1gua nas cidades inteligentes - Blog Ma Citerne Ecolo","og_description":"Descobre como as cidades inteligentes est\u00e3o a melhorar a gest\u00e3o da \u00e1gua com tecnologias inteligentes e ligadas.","og_url":"https:\/\/blog.maciterneecolo.fr\/pt-pt\/os-desafios-da-gestao-da-agua-nas-cidades-inteligentes\/","og_site_name":"Blog Ma Citerne Ecolo","article_published_time":"2025-03-05T10:00:00+00:00","og_image":[{"width":2560,"height":1707,"url":"https:\/\/blog.maciterneecolo.fr\/wp-content\/uploads\/2025\/02\/smart-cities-scaled.jpg","type":"image\/jpeg"}],"author":"B\u00e9n\u00e9dicte Rebolloso","twitter_card":"summary_large_image","twitter_misc":{"Escrito por":"B\u00e9n\u00e9dicte Rebolloso","Tempo estimado de leitura":"7 minutos"},"schema":{"@context":"https:\/\/schema.org","@graph":[{"@type":"Article","@id":"https:\/\/blog.maciterneecolo.fr\/pt-pt\/os-desafios-da-gestao-da-agua-nas-cidades-inteligentes\/#article","isPartOf":{"@id":"https:\/\/blog.maciterneecolo.fr\/pt-pt\/os-desafios-da-gestao-da-agua-nas-cidades-inteligentes\/"},"author":{"name":"B\u00e9n\u00e9dicte Rebolloso","@id":"https:\/\/blog.maciterneecolo.fr\/pt-pt\/#\/schema\/person\/fe50d00b4e639107698e1ddead236943"},"headline":"Os desafios da gest\u00e3o da \u00e1gua nas cidades inteligentes","datePublished":"2025-03-05T10:00:00+00:00","mainEntityOfPage":{"@id":"https:\/\/blog.maciterneecolo.fr\/pt-pt\/os-desafios-da-gestao-da-agua-nas-cidades-inteligentes\/"},"wordCount":1318,"commentCount":0,"publisher":{"@id":"https:\/\/blog.maciterneecolo.fr\/pt-pt\/#organization"},"image":{"@id":"https:\/\/blog.maciterneecolo.fr\/pt-pt\/os-desafios-da-gestao-da-agua-nas-cidades-inteligentes\/#primaryimage"},"thumbnailUrl":"https:\/\/blog.maciterneecolo.fr\/wp-content\/uploads\/2025\/02\/smart-cities-scaled.jpg","keywords":["\u00e1gua","\u00e1gua da chuva","\u00e1gua pot\u00e1vel","armazenamento"],"articleSection":["Gest\u00e3o da \u00e1gua"],"inLanguage":"pt-PT","potentialAction":[{"@type":"CommentAction","name":"Comment","target":["https:\/\/blog.maciterneecolo.fr\/pt-pt\/os-desafios-da-gestao-da-agua-nas-cidades-inteligentes\/#respond"]}]},{"@type":"WebPage","@id":"https:\/\/blog.maciterneecolo.fr\/pt-pt\/os-desafios-da-gestao-da-agua-nas-cidades-inteligentes\/","url":"https:\/\/blog.maciterneecolo.fr\/pt-pt\/os-desafios-da-gestao-da-agua-nas-cidades-inteligentes\/","name":"Os desafios da gest\u00e3o da \u00e1gua nas cidades inteligentes - Blog Ma Citerne Ecolo","isPartOf":{"@id":"https:\/\/blog.maciterneecolo.fr\/pt-pt\/#website"},"primaryImageOfPage":{"@id":"https:\/\/blog.maciterneecolo.fr\/pt-pt\/os-desafios-da-gestao-da-agua-nas-cidades-inteligentes\/#primaryimage"},"image":{"@id":"https:\/\/blog.maciterneecolo.fr\/pt-pt\/os-desafios-da-gestao-da-agua-nas-cidades-inteligentes\/#primaryimage"},"thumbnailUrl":"https:\/\/blog.maciterneecolo.fr\/wp-content\/uploads\/2025\/02\/smart-cities-scaled.jpg","datePublished":"2025-03-05T10:00:00+00:00","description":"Descobre como as cidades inteligentes est\u00e3o a melhorar a gest\u00e3o da \u00e1gua com tecnologias inteligentes e ligadas.","breadcrumb":{"@id":"https:\/\/blog.maciterneecolo.fr\/pt-pt\/os-desafios-da-gestao-da-agua-nas-cidades-inteligentes\/#breadcrumb"},"inLanguage":"pt-PT","potentialAction":[{"@type":"ReadAction","target":["https:\/\/blog.maciterneecolo.fr\/pt-pt\/os-desafios-da-gestao-da-agua-nas-cidades-inteligentes\/"]}]},{"@type":"ImageObject","inLanguage":"pt-PT","@id":"https:\/\/blog.maciterneecolo.fr\/pt-pt\/os-desafios-da-gestao-da-agua-nas-cidades-inteligentes\/#primaryimage","url":"https:\/\/blog.maciterneecolo.fr\/wp-content\/uploads\/2025\/02\/smart-cities-scaled.jpg","contentUrl":"https:\/\/blog.maciterneecolo.fr\/wp-content\/uploads\/2025\/02\/smart-cities-scaled.jpg","width":2560,"height":1707,"caption":"ville intelligente"},{"@type":"BreadcrumbList","@id":"https:\/\/blog.maciterneecolo.fr\/pt-pt\/os-desafios-da-gestao-da-agua-nas-cidades-inteligentes\/#breadcrumb","itemListElement":[{"@type":"ListItem","position":1,"name":"Accueil","item":"https:\/\/blog.maciterneecolo.fr\/pt-pt\/"},{"@type":"ListItem","position":2,"name":"Os desafios da gest\u00e3o da \u00e1gua nas cidades inteligentes"}]},{"@type":"WebSite","@id":"https:\/\/blog.maciterneecolo.fr\/pt-pt\/#website","url":"https:\/\/blog.maciterneecolo.fr\/pt-pt\/","name":"Blog Ma Citerne Ecolo","description":"Leader dans le domaine de la citerne souple d&#039;eau de pluie","publisher":{"@id":"https:\/\/blog.maciterneecolo.fr\/pt-pt\/#organization"},"potentialAction":[{"@type":"SearchAction","target":{"@type":"EntryPoint","urlTemplate":"https:\/\/blog.maciterneecolo.fr\/pt-pt\/?s={search_term_string}"},"query-input":{"@type":"PropertyValueSpecification","valueRequired":true,"valueName":"search_term_string"}}],"inLanguage":"pt-PT"},{"@type":"Organization","@id":"https:\/\/blog.maciterneecolo.fr\/pt-pt\/#organization","name":"Blog Ma Citerne Ecolo","url":"https:\/\/blog.maciterneecolo.fr\/pt-pt\/","logo":{"@type":"ImageObject","inLanguage":"pt-PT","@id":"https:\/\/blog.maciterneecolo.fr\/pt-pt\/#\/schema\/logo\/image\/","url":"https:\/\/blog.maciterneecolo.fr\/wp-content\/uploads\/2022\/12\/cropped-favicon-blog.png","contentUrl":"https:\/\/blog.maciterneecolo.fr\/wp-content\/uploads\/2022\/12\/cropped-favicon-blog.png","width":512,"height":512,"caption":"Blog Ma Citerne Ecolo"},"image":{"@id":"https:\/\/blog.maciterneecolo.fr\/pt-pt\/#\/schema\/logo\/image\/"}},{"@type":"Person","@id":"https:\/\/blog.maciterneecolo.fr\/pt-pt\/#\/schema\/person\/fe50d00b4e639107698e1ddead236943","name":"B\u00e9n\u00e9dicte Rebolloso","image":{"@type":"ImageObject","inLanguage":"pt-PT","@id":"https:\/\/secure.gravatar.com\/avatar\/ffa759db2a4d8ebb52a58b89d3dc2a9f0395a5122bb839045a145d6585de1126?s=96&d=mm&r=g","url":"https:\/\/secure.gravatar.com\/avatar\/ffa759db2a4d8ebb52a58b89d3dc2a9f0395a5122bb839045a145d6585de1126?s=96&d=mm&r=g","contentUrl":"https:\/\/secure.gravatar.com\/avatar\/ffa759db2a4d8ebb52a58b89d3dc2a9f0395a5122bb839045a145d6585de1126?s=96&d=mm&r=g","caption":"B\u00e9n\u00e9dicte Rebolloso"},"url":"https:\/\/blog.maciterneecolo.fr\/pt-pt\/author\/benedicterebolloso\/"}]}},"_links":{"self":[{"href":"https:\/\/blog.maciterneecolo.fr\/pt-pt\/wp-json\/wp\/v2\/posts\/13471","targetHints":{"allow":["GET"]}}],"collection":[{"href":"https:\/\/blog.maciterneecolo.fr\/pt-pt\/wp-json\/wp\/v2\/posts"}],"about":[{"href":"https:\/\/blog.maciterneecolo.fr\/pt-pt\/wp-json\/wp\/v2\/types\/post"}],"author":[{"embeddable":true,"href":"https:\/\/blog.maciterneecolo.fr\/pt-pt\/wp-json\/wp\/v2\/users\/4"}],"replies":[{"embeddable":true,"href":"https:\/\/blog.maciterneecolo.fr\/pt-pt\/wp-json\/wp\/v2\/comments?post=13471"}],"version-history":[{"count":1,"href":"https:\/\/blog.maciterneecolo.fr\/pt-pt\/wp-json\/wp\/v2\/posts\/13471\/revisions"}],"predecessor-version":[{"id":13473,"href":"https:\/\/blog.maciterneecolo.fr\/pt-pt\/wp-json\/wp\/v2\/posts\/13471\/revisions\/13473"}],"wp:featuredmedia":[{"embeddable":true,"href":"https:\/\/blog.maciterneecolo.fr\/pt-pt\/wp-json\/wp\/v2\/media\/13464"}],"wp:attachment":[{"href":"https:\/\/blog.maciterneecolo.fr\/pt-pt\/wp-json\/wp\/v2\/media?parent=13471"}],"wp:term":[{"taxonomy":"category","embeddable":true,"href":"https:\/\/blog.maciterneecolo.fr\/pt-pt\/wp-json\/wp\/v2\/categories?post=13471"},{"taxonomy":"post_tag","embeddable":true,"href":"https:\/\/blog.maciterneecolo.fr\/pt-pt\/wp-json\/wp\/v2\/tags?post=13471"}],"curies":[{"name":"wp","href":"https:\/\/api.w.org\/{rel}","templated":true}]}}