{"id":13585,"date":"2025-04-02T10:30:00","date_gmt":"2025-04-02T10:30:00","guid":{"rendered":"https:\/\/blog.maciterneecolo.fr\/?p=13585"},"modified":"2025-02-10T14:37:54","modified_gmt":"2025-02-10T14:37:54","slug":"pegada-hidrica-e-agua-virtual-qual-o-impacto-nos-nossos-recursos-e-como-podemos-atuar","status":"publish","type":"post","link":"https:\/\/blog.maciterneecolo.fr\/pt-pt\/pegada-hidrica-e-agua-virtual-qual-o-impacto-nos-nossos-recursos-e-como-podemos-atuar\/","title":{"rendered":"Pegada h\u00eddrica e \u00e1gua virtual: qual o impacto nos nossos recursos e como podemos atuar?"},"content":{"rendered":"\n<p>A \u00e1gua est\u00e1 em todo o lado na nossa vida quotidiana, mas sabias que tamb\u00e9m est\u00e1 escondida nos objectos que usamos e nos alimentos que comemos? Por detr\u00e1s de cada produto, s\u00e3o necess\u00e1rios litros de \u00e1gua para o fabricar. \u00c9 a isto que chamamos <strong>\u00e1gua virtual<\/strong>. Todos os dias, sem nos apercebermos, consumimos milhares de litros de \u00e1gua atrav\u00e9s do que comemos, do que vestimos e da forma como vivemos.   <\/p>\n\n<p><a href=\"https:\/\/blog.maciterneecolo.fr\/pt-pt\/impacto-das-alteracoes-climaticas-nas-reservas-mundiais-de-agua\/\">Face \u00e0 crescente escassez de \u00e1gua e \u00e0s altera\u00e7\u00f5es clim\u00e1ticas, torna-se essencial compreender a pegada h\u00eddrica das nossas ac\u00e7\u00f5es<\/a>. Mas como \u00e9 que podemos reduzir o nosso impacto? A recolha de \u00e1gua da chuva pode ser uma forma de limitar o nosso consumo de \u00e1gua pot\u00e1vel e preservar este recurso precioso. Em Fran\u00e7a, est\u00e3o a ser adoptados processos cada vez mais sustent\u00e1veis para proteger as fontes de \u00e1gua doce e evitar a sua sobre-explora\u00e7\u00e3o, ao contr\u00e1rio de alguns pa\u00edses, como a \u00cdndia, onde o consumo de \u00e1gua continua a ser excessivo em certos sectores.   <\/p>\n\n<h2 class=\"wp-block-heading\"><strong><mark style=\"background-color:rgba(0, 0, 0, 0)\" class=\"has-inline-color has-vivid-cyan-blue-color\">1. O que \u00e9 a \u00e1gua virtual?<\/mark><\/strong><\/h2>\n\n<h3 class=\"wp-block-heading\"><strong>1.1. Defini\u00e7\u00e3o e origem do conceito <\/strong><\/h3>\n\n<p>A \u00e1gua virtual refere-se \u00e0 \u00e1gua utilizada indiretamente para produzir os bens e servi\u00e7os que consumimos. Inclui toda a \u00e1gua retirada e consumida nos ciclos de produ\u00e7\u00e3o, muitas vezes muito para al\u00e9m do que poder\u00edamos imaginar. <\/p>\n\n<p>Todos os produtos que compramos requerem uma quantidade consider\u00e1vel de \u00e1gua para serem fabricados. A agricultura, que \u00e9 um dos principais consumidores de \u00e1gua do mundo, \u00e9 um exemplo perfeito. O mesmo acontece com a ind\u00fastria t\u00eaxtil, um sector cuja pegada h\u00eddrica \u00e9 muitas vezes ignorada, mas que d\u00e1 um contributo importante para o efeito de carbono global.  <\/p>\n\n<p>A \u00e1gua virtual \u00e9 muitas vezes invis\u00edvel para os consumidores, mas representa um problema importante na gest\u00e3o dos recursos mundiais. Em pa\u00edses com popula\u00e7\u00f5es em r\u00e1pido crescimento, como a \u00cdndia, a press\u00e3o sobre as fontes de \u00e1gua doce est\u00e1 a aumentar. Em Fran\u00e7a, por outro lado, numerosas iniciativas visam reduzir esta pegada atrav\u00e9s da integra\u00e7\u00e3o de processos mais sustent\u00e1veis. Ao compreender este consumo indireto, podemos adotar solu\u00e7\u00f5es eficazes para limitar o impacto sobre as reservas naturais e repensar a nossa rela\u00e7\u00e3o com a \u00e1gua.   <\/p>\n\n<h3 class=\"wp-block-heading\"><strong>1.2 Alguns n\u00fameros preocupantes <\/strong><\/h3>\n\n<p>Consumimos muito mais \u00e1gua do que pensamos. Um par de cal\u00e7as de ganga, por exemplo, requer 7.500 litros de \u00e1gua para ser produzido. Na \u00cdndia, onde a maior parte do algod\u00e3o \u00e9 cultivado, este consumo pesa muito sobre os recursos de \u00e1gua doce dispon\u00edveis. Uma t-shirt de algod\u00e3o tamb\u00e9m consome v\u00e1rios milhares de litros de \u00e1gua.   <\/p>\n\n<p>Ao mesmo tempo, os trili\u00f5es de litros de \u00e1gua consumidos pela pecu\u00e1ria industrial e pela produ\u00e7\u00e3o alimentar est\u00e3o a exercer uma press\u00e3o adicional sobre os len\u00e7\u00f3is fre\u00e1ticos. \u00c0 escala global, torna-se imperativo rever o nosso consumo e promover solu\u00e7\u00f5es inovadoras. <\/p>\n\n<p>Em alguns pa\u00edses, como os da Europa, os regulamentos est\u00e3o a evoluir para encorajar pr\u00e1ticas mais amigas do ambiente e reduzir o volume de \u00e1gua captada. Os processos industriais est\u00e3o a mudar para adotar ciclos mais sustent\u00e1veis, enquanto a recolha de \u00e1gua da chuva come\u00e7a a ser considerada em alguns processos de produ\u00e7\u00e3o. A considera\u00e7\u00e3o da pegada h\u00eddrica tamb\u00e9m tem em conta os efeitos do ciclo da \u00e1gua, que pode ser perturbado por uma capta\u00e7\u00e3o excessiva ou por uma m\u00e1 gest\u00e3o dos recursos.  <\/p>\n\n<h2 class=\"wp-block-heading\"><strong><mark style=\"background-color:rgba(0, 0, 0, 0)\" class=\"has-inline-color has-vivid-cyan-blue-color\">2. O impacto ambiental da \u00e1gua virtual<\/mark><\/strong><\/h2>\n\n<h3 class=\"wp-block-heading\"><strong>2.1. Um recurso sob press\u00e3o <\/strong><\/h3>\n\n<p>A agricultura intensiva e a ind\u00fastria t\u00eaxtil est\u00e3o entre os principais consumidores de \u00e1gua. Em muitos pa\u00edses, o consumo excessivo de \u00e1gua j\u00e1 conduziu a situa\u00e7\u00f5es de escassez cr\u00edtica. Al\u00e9m disso, o ciclo da \u00e1gua \u00e9 gravemente perturbado por estas retiradas maci\u00e7as, impedindo a renova\u00e7\u00e3o natural dos recursos de \u00e1gua doce.  <\/p>\n\n<p>Em alguns pa\u00edses europeus, os governos tomaram consci\u00eancia do problema e est\u00e3o a introduzir pol\u00edticas para reduzir a pegada h\u00eddrica da ind\u00fastria. Em Fran\u00e7a, est\u00e3o a ser encorajadas solu\u00e7\u00f5es como a recolha de \u00e1guas pluviais para reduzir a depend\u00eancia das \u00e1guas subterr\u00e2neas. <\/p>\n\n<h3 class=\"wp-block-heading\"><strong>2.2. Polui\u00e7\u00e3o da \u00e1gua e suas consequ\u00eancias <\/strong><\/h3>\n\n<p>Para al\u00e9m da quantidade de \u00e1gua captada e consumida, a ind\u00fastria mundial descarrega poluentes que degradam os ecossistemas aqu\u00e1ticos. Em muitos pa\u00edses, os rios e os len\u00e7\u00f3is fre\u00e1ticos est\u00e3o contaminados por res\u00edduos qu\u00edmicos e micropl\u00e1sticos provenientes da ind\u00fastria. <\/p>\n\n<p>Por conseguinte, \u00e9 fundamental incentivar processos de produ\u00e7\u00e3o que respeitem mais o ciclo natural da \u00e1gua e promover a reutiliza\u00e7\u00e3o das \u00e1guas residuais tratadas para limitar este impacto.<\/p>\n\n<h2 class=\"wp-block-heading\"><strong><mark style=\"background-color:rgba(0, 0, 0, 0)\" class=\"has-inline-color has-vivid-cyan-blue-color\">3. Como \u00e9 que podemos reduzir a nossa pegada h\u00eddrica?<\/mark><\/strong><\/h2>\n\n<h3 class=\"wp-block-heading\"><strong>3.1 Consumir melhor e adotar alternativas sustent\u00e1veis <\/strong><\/h3>\n\n<p>Podemos reduzir a nossa pegada h\u00eddrica repensando as nossas escolhas de consumo. Ao privilegiarmos os t\u00eaxteis de baixo impacto, podemos reduzir a procura de algod\u00e3o e, consequentemente, a press\u00e3o sobre os recursos h\u00eddricos mundiais. Os consumidores europeus est\u00e3o a tornar-se cada vez mais vigilantes, preferindo roupas produzidas atrav\u00e9s de processos eficientes em termos de \u00e1gua.  <\/p>\n\n<p>No sector alimentar, o consumo de carne vermelha continua a ser um fator-chave na extra\u00e7\u00e3o de \u00e1gua a n\u00edvel mundial. A redu\u00e7\u00e3o do consumo e o favorecimento de alternativas menos consumidoras de \u00e1gua ajudariam a preservar as fontes de \u00e1gua doce. <\/p>\n\n<h3 class=\"wp-block-heading\"><strong>3.2. Reciclagem e recupera\u00e7\u00e3o de \u00e1gua para a ind\u00fastria t\u00eaxtil e para o uso quotidiano <\/strong><\/h3>\n\n<p>Uma solu\u00e7\u00e3o inovadora seria a <a href=\"https:\/\/www.maciterneecolo.fr\/fr\/3-citernes-souples\">recupera\u00e7\u00e3o da \u00e1gua da chuva<\/a> para certas fases da produ\u00e7\u00e3o t\u00eaxtil. Num futuro pr\u00f3ximo, poder\u00edamos imaginar unidades industriais abastecidas em parte por tanques de recupera\u00e7\u00e3o de \u00e1gua, a fim de reduzir a quantidade de \u00e1gua doce necess\u00e1ria para a produ\u00e7\u00e3o. <\/p>\n\n<p>A mesma l\u00f3gica pode ser aplicada aos particulares. Em Fran\u00e7a, a instala\u00e7\u00e3o de sistemas de recolha de \u00e1guas pluviais est\u00e1 cada vez mais generalizada, permitindo uma utiliza\u00e7\u00e3o optimizada para rega, limpeza e certos fins dom\u00e9sticos. Estas solu\u00e7\u00f5es j\u00e1 foram implementadas em v\u00e1rios pa\u00edses europeus, onde a gest\u00e3o da \u00e1gua se tornou uma prioridade.  <\/p>\n\n<h2 class=\"wp-block-heading\"><strong><mark style=\"background-color:rgba(0, 0, 0, 0)\" class=\"has-inline-color has-vivid-cyan-blue-color\">4. Inova\u00e7\u00e3o e solu\u00e7\u00f5es para o futuro<\/mark><\/strong><\/h2>\n\n<h3 class=\"wp-block-heading\"><strong>4.1. Novas tecnologias para otimizar o consumo de \u00e1gua <\/strong><\/h3>\n\n<p>Alguns avan\u00e7os permitiram gerir melhor o nosso consumo de \u00e1gua. Sensores inteligentes, associados a sistemas de irriga\u00e7\u00e3o conectados, ajustam o volume de \u00e1gua consumido de acordo com as necessidades reais. As novas f\u00e1bricas t\u00eaxteis est\u00e3o a experimentar circuitos fechados para tratar e reutilizar as \u00e1guas residuais.  <\/p>\n\n<p>Al\u00e9m disso, o aumento das energias renov\u00e1veis, nomeadamente a solar e a e\u00f3lica, torna estes sistemas mais aut\u00f3nomos e sustent\u00e1veis. Em Fran\u00e7a, v\u00e1rias empresas investem em instala\u00e7\u00f5es de reciclagem de \u00e1gua industrial, limitando assim a quantidade de \u00e1gua doce captada. Estas iniciativas demonstram que \u00e9 poss\u00edvel integrar tecnologias limpas para reduzir a pegada h\u00eddrica, mantendo ao mesmo tempo uma produtividade industrial eficiente.  <\/p>\n\n<p>Alguns avan\u00e7os permitiram gerir melhor o nosso consumo de \u00e1gua. Sensores inteligentes, associados a sistemas de irriga\u00e7\u00e3o conectados, ajustam o volume de \u00e1gua consumido de acordo com as necessidades reais. As novas f\u00e1bricas t\u00eaxteis est\u00e3o a experimentar circuitos fechados para tratar e reutilizar as \u00e1guas residuais.  <\/p>\n\n<h3 class=\"wp-block-heading\"><strong>4.2. Rumo a uma industrializa\u00e7\u00e3o respons\u00e1vel <\/strong><\/h3>\n\n<p>Em alguns pa\u00edses, est\u00e3o a surgir iniciativas para reduzir a press\u00e3o sobre os recursos de \u00e1gua doce. A utiliza\u00e7\u00e3o de sistemas de recolha de \u00e1guas pluviais na ind\u00fastria t\u00eaxtil poderia limitar o impacto do fabrico de vestu\u00e1rio nos recursos. Ao desenvolver estas t\u00e9cnicas, a ind\u00fastria poderia reduzir a sua pegada h\u00eddrica e limitar os danos ambientais.  <\/p>\n\n<p>Al\u00e9m disso, a instala\u00e7\u00e3o de unidades avan\u00e7adas de filtragem nas linhas de produ\u00e7\u00e3o permitiria a purifica\u00e7\u00e3o e reutiliza\u00e7\u00e3o da \u00e1gua diretamente no local. Alguns grandes grupos j\u00e1 est\u00e3o a fazer experi\u00eancias com tecidos feitos de fibras vegetais que requerem menos \u00e1gua, reduzindo assim a press\u00e3o sobre as \u00e1guas subterr\u00e2neas. A inova\u00e7\u00e3o e a responsabilidade ambiental devem andar de m\u00e3os dadas para garantir uma gest\u00e3o sustent\u00e1vel dos recursos.  <\/p>\n\n<h2 class=\"wp-block-heading\"><strong><mark style=\"background-color:rgba(0, 0, 0, 0)\" class=\"has-inline-color has-vivid-cyan-blue-color\">Conclus\u00e3o<\/mark><\/strong><\/h2>\n\n<p>A \u00e1gua virtual representa uma quantidade colossal de \u00e1gua consumida sem que nos apercebamos disso. Cada produto manufaturado e cada alimento que consumimos tem um impacto nos recursos de \u00e1gua doce do planeta. Embora alguns pa\u00edses sejam lentos a implementar pol\u00edticas regulamentares, a Europa j\u00e1 est\u00e1 a avan\u00e7ar para solu\u00e7\u00f5es mais sustent\u00e1veis.  <\/p>\n\n<p>A integra\u00e7\u00e3o da recupera\u00e7\u00e3o das \u00e1guas pluviais nos processos industriais pode ser uma solu\u00e7\u00e3o eficaz para limitar a press\u00e3o sobre os recursos naturais. Uma ind\u00fastria mais respons\u00e1vel e um consumo mais racional assegurariam uma gest\u00e3o sustent\u00e1vel da \u00e1gua, preservando este elemento vital para as gera\u00e7\u00f5es futuras. <\/p>\n\n<p><\/p>\n","protected":false},"excerpt":{"rendered":"<p>A \u00e1gua est\u00e1 em todo o lado na nossa vida quotidiana, mas sabias que tamb\u00e9m est\u00e1 escondida nos objectos que usamos e nos alimentos que comemos? Por detr\u00e1s de cada produto, s\u00e3o necess\u00e1rios litros de \u00e1gua para o fabricar. \u00c9 a isto que chamamos \u00e1gua virtual. Todos os dias, sem nos apercebermos, consumimos milhares de [&hellip;]<\/p>\n","protected":false},"author":4,"featured_media":13577,"comment_status":"open","ping_status":"closed","sticky":false,"template":"","format":"standard","meta":{"inline_featured_image":false,"footnotes":""},"categories":[2619],"tags":[67,335,2652,2651],"class_list":["post-13585","post","type-post","status-publish","format-standard","has-post-thumbnail","hentry","category-gestao-da-agua","tag-agua-da-chuva","tag-armazenamento","tag-economiza-agua-potavel","tag-solucoes-inovadoras"],"yoast_head":"<!-- This site is optimized with the Yoast SEO plugin v27.5 - https:\/\/yoast.com\/product\/yoast-seo-wordpress\/ -->\n<title>Pegada h\u00eddrica e \u00e1gua virtual: qual o impacto nos nossos recursos e como podemos atuar? - Blog Ma Citerne Ecolo<\/title>\n<meta name=\"description\" content=\"A pegada h\u00eddrica revela a quantidade de \u00e1gua escondida por detr\u00e1s de cada produto que consumimos. Por isso, vamos fazer alguma coisa! Vamos reduzir o nosso impacto.\" \/>\n<meta name=\"robots\" content=\"index, follow, max-snippet:-1, max-image-preview:large, max-video-preview:-1\" \/>\n<link rel=\"canonical\" href=\"https:\/\/blog.maciterneecolo.fr\/pt-pt\/pegada-hidrica-e-agua-virtual-qual-o-impacto-nos-nossos-recursos-e-como-podemos-atuar\/\" \/>\n<meta property=\"og:locale\" content=\"pt_PT\" \/>\n<meta property=\"og:type\" content=\"article\" \/>\n<meta property=\"og:title\" content=\"Pegada h\u00eddrica e \u00e1gua virtual: qual o impacto nos nossos recursos e como podemos atuar? - Blog Ma Citerne Ecolo\" \/>\n<meta property=\"og:description\" content=\"A pegada h\u00eddrica revela a quantidade de \u00e1gua escondida por detr\u00e1s de cada produto que consumimos. Por isso, vamos fazer alguma coisa! Vamos reduzir o nosso impacto.\" \/>\n<meta property=\"og:url\" content=\"https:\/\/blog.maciterneecolo.fr\/pt-pt\/pegada-hidrica-e-agua-virtual-qual-o-impacto-nos-nossos-recursos-e-como-podemos-atuar\/\" \/>\n<meta property=\"og:site_name\" content=\"Blog Ma Citerne Ecolo\" \/>\n<meta property=\"article:published_time\" content=\"2025-04-02T10:30:00+00:00\" \/>\n<meta property=\"og:image\" content=\"https:\/\/blog.maciterneecolo.fr\/wp-content\/uploads\/2025\/02\/surconsommation-scaled.jpg\" \/>\n\t<meta property=\"og:image:width\" content=\"1706\" \/>\n\t<meta property=\"og:image:height\" content=\"2560\" \/>\n\t<meta property=\"og:image:type\" content=\"image\/jpeg\" \/>\n<meta name=\"author\" content=\"B\u00e9n\u00e9dicte Rebolloso\" \/>\n<meta name=\"twitter:card\" content=\"summary_large_image\" \/>\n<meta name=\"twitter:label1\" content=\"Escrito por\" \/>\n\t<meta name=\"twitter:data1\" content=\"B\u00e9n\u00e9dicte Rebolloso\" \/>\n\t<meta name=\"twitter:label2\" content=\"Tempo estimado de leitura\" \/>\n\t<meta name=\"twitter:data2\" content=\"8 minutos\" \/>\n<script type=\"application\/ld+json\" class=\"yoast-schema-graph\">{\"@context\":\"https:\\\/\\\/schema.org\",\"@graph\":[{\"@type\":\"Article\",\"@id\":\"https:\\\/\\\/blog.maciterneecolo.fr\\\/pt-pt\\\/pegada-hidrica-e-agua-virtual-qual-o-impacto-nos-nossos-recursos-e-como-podemos-atuar\\\/#article\",\"isPartOf\":{\"@id\":\"https:\\\/\\\/blog.maciterneecolo.fr\\\/pt-pt\\\/pegada-hidrica-e-agua-virtual-qual-o-impacto-nos-nossos-recursos-e-como-podemos-atuar\\\/\"},\"author\":{\"name\":\"B\u00e9n\u00e9dicte Rebolloso\",\"@id\":\"https:\\\/\\\/blog.maciterneecolo.fr\\\/pt-pt\\\/#\\\/schema\\\/person\\\/fe50d00b4e639107698e1ddead236943\"},\"headline\":\"Pegada h\u00eddrica e \u00e1gua virtual: qual o impacto nos nossos recursos e como podemos atuar?\",\"datePublished\":\"2025-04-02T10:30:00+00:00\",\"mainEntityOfPage\":{\"@id\":\"https:\\\/\\\/blog.maciterneecolo.fr\\\/pt-pt\\\/pegada-hidrica-e-agua-virtual-qual-o-impacto-nos-nossos-recursos-e-como-podemos-atuar\\\/\"},\"wordCount\":1524,\"commentCount\":0,\"publisher\":{\"@id\":\"https:\\\/\\\/blog.maciterneecolo.fr\\\/pt-pt\\\/#organization\"},\"image\":{\"@id\":\"https:\\\/\\\/blog.maciterneecolo.fr\\\/pt-pt\\\/pegada-hidrica-e-agua-virtual-qual-o-impacto-nos-nossos-recursos-e-como-podemos-atuar\\\/#primaryimage\"},\"thumbnailUrl\":\"https:\\\/\\\/blog.maciterneecolo.fr\\\/wp-content\\\/uploads\\\/2025\\\/02\\\/surconsommation-scaled.jpg\",\"keywords\":[\"\u00e1gua da chuva\",\"armazenamento\",\"economiza \u00e1gua pot\u00e1vel\",\"solu\u00e7\u00f5es inovadoras\"],\"articleSection\":[\"Gest\u00e3o da \u00e1gua\"],\"inLanguage\":\"pt-PT\",\"potentialAction\":[{\"@type\":\"CommentAction\",\"name\":\"Comment\",\"target\":[\"https:\\\/\\\/blog.maciterneecolo.fr\\\/pt-pt\\\/pegada-hidrica-e-agua-virtual-qual-o-impacto-nos-nossos-recursos-e-como-podemos-atuar\\\/#respond\"]}]},{\"@type\":\"WebPage\",\"@id\":\"https:\\\/\\\/blog.maciterneecolo.fr\\\/pt-pt\\\/pegada-hidrica-e-agua-virtual-qual-o-impacto-nos-nossos-recursos-e-como-podemos-atuar\\\/\",\"url\":\"https:\\\/\\\/blog.maciterneecolo.fr\\\/pt-pt\\\/pegada-hidrica-e-agua-virtual-qual-o-impacto-nos-nossos-recursos-e-como-podemos-atuar\\\/\",\"name\":\"Pegada h\u00eddrica e \u00e1gua virtual: qual o impacto nos nossos recursos e como podemos atuar? - Blog Ma Citerne Ecolo\",\"isPartOf\":{\"@id\":\"https:\\\/\\\/blog.maciterneecolo.fr\\\/pt-pt\\\/#website\"},\"primaryImageOfPage\":{\"@id\":\"https:\\\/\\\/blog.maciterneecolo.fr\\\/pt-pt\\\/pegada-hidrica-e-agua-virtual-qual-o-impacto-nos-nossos-recursos-e-como-podemos-atuar\\\/#primaryimage\"},\"image\":{\"@id\":\"https:\\\/\\\/blog.maciterneecolo.fr\\\/pt-pt\\\/pegada-hidrica-e-agua-virtual-qual-o-impacto-nos-nossos-recursos-e-como-podemos-atuar\\\/#primaryimage\"},\"thumbnailUrl\":\"https:\\\/\\\/blog.maciterneecolo.fr\\\/wp-content\\\/uploads\\\/2025\\\/02\\\/surconsommation-scaled.jpg\",\"datePublished\":\"2025-04-02T10:30:00+00:00\",\"description\":\"A pegada h\u00eddrica revela a quantidade de \u00e1gua escondida por detr\u00e1s de cada produto que consumimos. Por isso, vamos fazer alguma coisa! Vamos reduzir o nosso impacto.\",\"breadcrumb\":{\"@id\":\"https:\\\/\\\/blog.maciterneecolo.fr\\\/pt-pt\\\/pegada-hidrica-e-agua-virtual-qual-o-impacto-nos-nossos-recursos-e-como-podemos-atuar\\\/#breadcrumb\"},\"inLanguage\":\"pt-PT\",\"potentialAction\":[{\"@type\":\"ReadAction\",\"target\":[\"https:\\\/\\\/blog.maciterneecolo.fr\\\/pt-pt\\\/pegada-hidrica-e-agua-virtual-qual-o-impacto-nos-nossos-recursos-e-como-podemos-atuar\\\/\"]}]},{\"@type\":\"ImageObject\",\"inLanguage\":\"pt-PT\",\"@id\":\"https:\\\/\\\/blog.maciterneecolo.fr\\\/pt-pt\\\/pegada-hidrica-e-agua-virtual-qual-o-impacto-nos-nossos-recursos-e-como-podemos-atuar\\\/#primaryimage\",\"url\":\"https:\\\/\\\/blog.maciterneecolo.fr\\\/wp-content\\\/uploads\\\/2025\\\/02\\\/surconsommation-scaled.jpg\",\"contentUrl\":\"https:\\\/\\\/blog.maciterneecolo.fr\\\/wp-content\\\/uploads\\\/2025\\\/02\\\/surconsommation-scaled.jpg\",\"width\":1706,\"height\":2560},{\"@type\":\"BreadcrumbList\",\"@id\":\"https:\\\/\\\/blog.maciterneecolo.fr\\\/pt-pt\\\/pegada-hidrica-e-agua-virtual-qual-o-impacto-nos-nossos-recursos-e-como-podemos-atuar\\\/#breadcrumb\",\"itemListElement\":[{\"@type\":\"ListItem\",\"position\":1,\"name\":\"Accueil\",\"item\":\"https:\\\/\\\/blog.maciterneecolo.fr\\\/pt-pt\\\/\"},{\"@type\":\"ListItem\",\"position\":2,\"name\":\"Pegada h\u00eddrica e \u00e1gua virtual: qual o impacto nos nossos recursos e como podemos atuar?\"}]},{\"@type\":\"WebSite\",\"@id\":\"https:\\\/\\\/blog.maciterneecolo.fr\\\/pt-pt\\\/#website\",\"url\":\"https:\\\/\\\/blog.maciterneecolo.fr\\\/pt-pt\\\/\",\"name\":\"Blog Ma Citerne Ecolo\",\"description\":\"Leader dans le domaine de la citerne souple d&#039;eau de pluie\",\"publisher\":{\"@id\":\"https:\\\/\\\/blog.maciterneecolo.fr\\\/pt-pt\\\/#organization\"},\"potentialAction\":[{\"@type\":\"SearchAction\",\"target\":{\"@type\":\"EntryPoint\",\"urlTemplate\":\"https:\\\/\\\/blog.maciterneecolo.fr\\\/pt-pt\\\/?s={search_term_string}\"},\"query-input\":{\"@type\":\"PropertyValueSpecification\",\"valueRequired\":true,\"valueName\":\"search_term_string\"}}],\"inLanguage\":\"pt-PT\"},{\"@type\":\"Organization\",\"@id\":\"https:\\\/\\\/blog.maciterneecolo.fr\\\/pt-pt\\\/#organization\",\"name\":\"Blog Ma Citerne Ecolo\",\"url\":\"https:\\\/\\\/blog.maciterneecolo.fr\\\/pt-pt\\\/\",\"logo\":{\"@type\":\"ImageObject\",\"inLanguage\":\"pt-PT\",\"@id\":\"https:\\\/\\\/blog.maciterneecolo.fr\\\/pt-pt\\\/#\\\/schema\\\/logo\\\/image\\\/\",\"url\":\"https:\\\/\\\/blog.maciterneecolo.fr\\\/wp-content\\\/uploads\\\/2022\\\/12\\\/cropped-favicon-blog.png\",\"contentUrl\":\"https:\\\/\\\/blog.maciterneecolo.fr\\\/wp-content\\\/uploads\\\/2022\\\/12\\\/cropped-favicon-blog.png\",\"width\":512,\"height\":512,\"caption\":\"Blog Ma Citerne Ecolo\"},\"image\":{\"@id\":\"https:\\\/\\\/blog.maciterneecolo.fr\\\/pt-pt\\\/#\\\/schema\\\/logo\\\/image\\\/\"}},{\"@type\":\"Person\",\"@id\":\"https:\\\/\\\/blog.maciterneecolo.fr\\\/pt-pt\\\/#\\\/schema\\\/person\\\/fe50d00b4e639107698e1ddead236943\",\"name\":\"B\u00e9n\u00e9dicte Rebolloso\",\"image\":{\"@type\":\"ImageObject\",\"inLanguage\":\"pt-PT\",\"@id\":\"https:\\\/\\\/secure.gravatar.com\\\/avatar\\\/ffa759db2a4d8ebb52a58b89d3dc2a9f0395a5122bb839045a145d6585de1126?s=96&d=mm&r=g\",\"url\":\"https:\\\/\\\/secure.gravatar.com\\\/avatar\\\/ffa759db2a4d8ebb52a58b89d3dc2a9f0395a5122bb839045a145d6585de1126?s=96&d=mm&r=g\",\"contentUrl\":\"https:\\\/\\\/secure.gravatar.com\\\/avatar\\\/ffa759db2a4d8ebb52a58b89d3dc2a9f0395a5122bb839045a145d6585de1126?s=96&d=mm&r=g\",\"caption\":\"B\u00e9n\u00e9dicte Rebolloso\"},\"url\":\"https:\\\/\\\/blog.maciterneecolo.fr\\\/pt-pt\\\/author\\\/benedicterebolloso\\\/\"}]}<\/script>\n<!-- \/ Yoast SEO plugin. -->","yoast_head_json":{"title":"Pegada h\u00eddrica e \u00e1gua virtual: qual o impacto nos nossos recursos e como podemos atuar? - Blog Ma Citerne Ecolo","description":"A pegada h\u00eddrica revela a quantidade de \u00e1gua escondida por detr\u00e1s de cada produto que consumimos. Por isso, vamos fazer alguma coisa! Vamos reduzir o nosso impacto.","robots":{"index":"index","follow":"follow","max-snippet":"max-snippet:-1","max-image-preview":"max-image-preview:large","max-video-preview":"max-video-preview:-1"},"canonical":"https:\/\/blog.maciterneecolo.fr\/pt-pt\/pegada-hidrica-e-agua-virtual-qual-o-impacto-nos-nossos-recursos-e-como-podemos-atuar\/","og_locale":"pt_PT","og_type":"article","og_title":"Pegada h\u00eddrica e \u00e1gua virtual: qual o impacto nos nossos recursos e como podemos atuar? - Blog Ma Citerne Ecolo","og_description":"A pegada h\u00eddrica revela a quantidade de \u00e1gua escondida por detr\u00e1s de cada produto que consumimos. Por isso, vamos fazer alguma coisa! Vamos reduzir o nosso impacto.","og_url":"https:\/\/blog.maciterneecolo.fr\/pt-pt\/pegada-hidrica-e-agua-virtual-qual-o-impacto-nos-nossos-recursos-e-como-podemos-atuar\/","og_site_name":"Blog Ma Citerne Ecolo","article_published_time":"2025-04-02T10:30:00+00:00","og_image":[{"width":1706,"height":2560,"url":"https:\/\/blog.maciterneecolo.fr\/wp-content\/uploads\/2025\/02\/surconsommation-scaled.jpg","type":"image\/jpeg"}],"author":"B\u00e9n\u00e9dicte Rebolloso","twitter_card":"summary_large_image","twitter_misc":{"Escrito por":"B\u00e9n\u00e9dicte Rebolloso","Tempo estimado de leitura":"8 minutos"},"schema":{"@context":"https:\/\/schema.org","@graph":[{"@type":"Article","@id":"https:\/\/blog.maciterneecolo.fr\/pt-pt\/pegada-hidrica-e-agua-virtual-qual-o-impacto-nos-nossos-recursos-e-como-podemos-atuar\/#article","isPartOf":{"@id":"https:\/\/blog.maciterneecolo.fr\/pt-pt\/pegada-hidrica-e-agua-virtual-qual-o-impacto-nos-nossos-recursos-e-como-podemos-atuar\/"},"author":{"name":"B\u00e9n\u00e9dicte Rebolloso","@id":"https:\/\/blog.maciterneecolo.fr\/pt-pt\/#\/schema\/person\/fe50d00b4e639107698e1ddead236943"},"headline":"Pegada h\u00eddrica e \u00e1gua virtual: qual o impacto nos nossos recursos e como podemos atuar?","datePublished":"2025-04-02T10:30:00+00:00","mainEntityOfPage":{"@id":"https:\/\/blog.maciterneecolo.fr\/pt-pt\/pegada-hidrica-e-agua-virtual-qual-o-impacto-nos-nossos-recursos-e-como-podemos-atuar\/"},"wordCount":1524,"commentCount":0,"publisher":{"@id":"https:\/\/blog.maciterneecolo.fr\/pt-pt\/#organization"},"image":{"@id":"https:\/\/blog.maciterneecolo.fr\/pt-pt\/pegada-hidrica-e-agua-virtual-qual-o-impacto-nos-nossos-recursos-e-como-podemos-atuar\/#primaryimage"},"thumbnailUrl":"https:\/\/blog.maciterneecolo.fr\/wp-content\/uploads\/2025\/02\/surconsommation-scaled.jpg","keywords":["\u00e1gua da chuva","armazenamento","economiza \u00e1gua pot\u00e1vel","solu\u00e7\u00f5es inovadoras"],"articleSection":["Gest\u00e3o da \u00e1gua"],"inLanguage":"pt-PT","potentialAction":[{"@type":"CommentAction","name":"Comment","target":["https:\/\/blog.maciterneecolo.fr\/pt-pt\/pegada-hidrica-e-agua-virtual-qual-o-impacto-nos-nossos-recursos-e-como-podemos-atuar\/#respond"]}]},{"@type":"WebPage","@id":"https:\/\/blog.maciterneecolo.fr\/pt-pt\/pegada-hidrica-e-agua-virtual-qual-o-impacto-nos-nossos-recursos-e-como-podemos-atuar\/","url":"https:\/\/blog.maciterneecolo.fr\/pt-pt\/pegada-hidrica-e-agua-virtual-qual-o-impacto-nos-nossos-recursos-e-como-podemos-atuar\/","name":"Pegada h\u00eddrica e \u00e1gua virtual: qual o impacto nos nossos recursos e como podemos atuar? - Blog Ma Citerne Ecolo","isPartOf":{"@id":"https:\/\/blog.maciterneecolo.fr\/pt-pt\/#website"},"primaryImageOfPage":{"@id":"https:\/\/blog.maciterneecolo.fr\/pt-pt\/pegada-hidrica-e-agua-virtual-qual-o-impacto-nos-nossos-recursos-e-como-podemos-atuar\/#primaryimage"},"image":{"@id":"https:\/\/blog.maciterneecolo.fr\/pt-pt\/pegada-hidrica-e-agua-virtual-qual-o-impacto-nos-nossos-recursos-e-como-podemos-atuar\/#primaryimage"},"thumbnailUrl":"https:\/\/blog.maciterneecolo.fr\/wp-content\/uploads\/2025\/02\/surconsommation-scaled.jpg","datePublished":"2025-04-02T10:30:00+00:00","description":"A pegada h\u00eddrica revela a quantidade de \u00e1gua escondida por detr\u00e1s de cada produto que consumimos. Por isso, vamos fazer alguma coisa! Vamos reduzir o nosso impacto.","breadcrumb":{"@id":"https:\/\/blog.maciterneecolo.fr\/pt-pt\/pegada-hidrica-e-agua-virtual-qual-o-impacto-nos-nossos-recursos-e-como-podemos-atuar\/#breadcrumb"},"inLanguage":"pt-PT","potentialAction":[{"@type":"ReadAction","target":["https:\/\/blog.maciterneecolo.fr\/pt-pt\/pegada-hidrica-e-agua-virtual-qual-o-impacto-nos-nossos-recursos-e-como-podemos-atuar\/"]}]},{"@type":"ImageObject","inLanguage":"pt-PT","@id":"https:\/\/blog.maciterneecolo.fr\/pt-pt\/pegada-hidrica-e-agua-virtual-qual-o-impacto-nos-nossos-recursos-e-como-podemos-atuar\/#primaryimage","url":"https:\/\/blog.maciterneecolo.fr\/wp-content\/uploads\/2025\/02\/surconsommation-scaled.jpg","contentUrl":"https:\/\/blog.maciterneecolo.fr\/wp-content\/uploads\/2025\/02\/surconsommation-scaled.jpg","width":1706,"height":2560},{"@type":"BreadcrumbList","@id":"https:\/\/blog.maciterneecolo.fr\/pt-pt\/pegada-hidrica-e-agua-virtual-qual-o-impacto-nos-nossos-recursos-e-como-podemos-atuar\/#breadcrumb","itemListElement":[{"@type":"ListItem","position":1,"name":"Accueil","item":"https:\/\/blog.maciterneecolo.fr\/pt-pt\/"},{"@type":"ListItem","position":2,"name":"Pegada h\u00eddrica e \u00e1gua virtual: qual o impacto nos nossos recursos e como podemos atuar?"}]},{"@type":"WebSite","@id":"https:\/\/blog.maciterneecolo.fr\/pt-pt\/#website","url":"https:\/\/blog.maciterneecolo.fr\/pt-pt\/","name":"Blog Ma Citerne Ecolo","description":"Leader dans le domaine de la citerne souple d&#039;eau de pluie","publisher":{"@id":"https:\/\/blog.maciterneecolo.fr\/pt-pt\/#organization"},"potentialAction":[{"@type":"SearchAction","target":{"@type":"EntryPoint","urlTemplate":"https:\/\/blog.maciterneecolo.fr\/pt-pt\/?s={search_term_string}"},"query-input":{"@type":"PropertyValueSpecification","valueRequired":true,"valueName":"search_term_string"}}],"inLanguage":"pt-PT"},{"@type":"Organization","@id":"https:\/\/blog.maciterneecolo.fr\/pt-pt\/#organization","name":"Blog Ma Citerne Ecolo","url":"https:\/\/blog.maciterneecolo.fr\/pt-pt\/","logo":{"@type":"ImageObject","inLanguage":"pt-PT","@id":"https:\/\/blog.maciterneecolo.fr\/pt-pt\/#\/schema\/logo\/image\/","url":"https:\/\/blog.maciterneecolo.fr\/wp-content\/uploads\/2022\/12\/cropped-favicon-blog.png","contentUrl":"https:\/\/blog.maciterneecolo.fr\/wp-content\/uploads\/2022\/12\/cropped-favicon-blog.png","width":512,"height":512,"caption":"Blog Ma Citerne Ecolo"},"image":{"@id":"https:\/\/blog.maciterneecolo.fr\/pt-pt\/#\/schema\/logo\/image\/"}},{"@type":"Person","@id":"https:\/\/blog.maciterneecolo.fr\/pt-pt\/#\/schema\/person\/fe50d00b4e639107698e1ddead236943","name":"B\u00e9n\u00e9dicte Rebolloso","image":{"@type":"ImageObject","inLanguage":"pt-PT","@id":"https:\/\/secure.gravatar.com\/avatar\/ffa759db2a4d8ebb52a58b89d3dc2a9f0395a5122bb839045a145d6585de1126?s=96&d=mm&r=g","url":"https:\/\/secure.gravatar.com\/avatar\/ffa759db2a4d8ebb52a58b89d3dc2a9f0395a5122bb839045a145d6585de1126?s=96&d=mm&r=g","contentUrl":"https:\/\/secure.gravatar.com\/avatar\/ffa759db2a4d8ebb52a58b89d3dc2a9f0395a5122bb839045a145d6585de1126?s=96&d=mm&r=g","caption":"B\u00e9n\u00e9dicte Rebolloso"},"url":"https:\/\/blog.maciterneecolo.fr\/pt-pt\/author\/benedicterebolloso\/"}]}},"_links":{"self":[{"href":"https:\/\/blog.maciterneecolo.fr\/pt-pt\/wp-json\/wp\/v2\/posts\/13585","targetHints":{"allow":["GET"]}}],"collection":[{"href":"https:\/\/blog.maciterneecolo.fr\/pt-pt\/wp-json\/wp\/v2\/posts"}],"about":[{"href":"https:\/\/blog.maciterneecolo.fr\/pt-pt\/wp-json\/wp\/v2\/types\/post"}],"author":[{"embeddable":true,"href":"https:\/\/blog.maciterneecolo.fr\/pt-pt\/wp-json\/wp\/v2\/users\/4"}],"replies":[{"embeddable":true,"href":"https:\/\/blog.maciterneecolo.fr\/pt-pt\/wp-json\/wp\/v2\/comments?post=13585"}],"version-history":[{"count":1,"href":"https:\/\/blog.maciterneecolo.fr\/pt-pt\/wp-json\/wp\/v2\/posts\/13585\/revisions"}],"predecessor-version":[{"id":13587,"href":"https:\/\/blog.maciterneecolo.fr\/pt-pt\/wp-json\/wp\/v2\/posts\/13585\/revisions\/13587"}],"wp:featuredmedia":[{"embeddable":true,"href":"https:\/\/blog.maciterneecolo.fr\/pt-pt\/wp-json\/wp\/v2\/media\/13577"}],"wp:attachment":[{"href":"https:\/\/blog.maciterneecolo.fr\/pt-pt\/wp-json\/wp\/v2\/media?parent=13585"}],"wp:term":[{"taxonomy":"category","embeddable":true,"href":"https:\/\/blog.maciterneecolo.fr\/pt-pt\/wp-json\/wp\/v2\/categories?post=13585"},{"taxonomy":"post_tag","embeddable":true,"href":"https:\/\/blog.maciterneecolo.fr\/pt-pt\/wp-json\/wp\/v2\/tags?post=13585"}],"curies":[{"name":"wp","href":"https:\/\/api.w.org\/{rel}","templated":true}]}}