{"id":13732,"date":"2025-04-30T09:25:46","date_gmt":"2025-04-30T09:25:46","guid":{"rendered":"https:\/\/blog.maciterneecolo.fr\/?p=13732"},"modified":"2025-03-31T10:11:09","modified_gmt":"2025-03-31T10:11:09","slug":"porque-e-que-a-agua-se-vai-tornar-o-ouro-azul-do-seculo-xxi","status":"publish","type":"post","link":"https:\/\/blog.maciterneecolo.fr\/pt-pt\/porque-e-que-a-agua-se-vai-tornar-o-ouro-azul-do-seculo-xxi\/","title":{"rendered":"Porque \u00e9 que a \u00e1gua se vai tornar o ouro azul do s\u00e9culo XXI?"},"content":{"rendered":"\n<p>A \u00e1gua doce \u00e9 essencial \u00e0 vida. Irriga os nossos campos, alimenta as nossas ind\u00fastrias, enche os nossos copos e faz parte de todos os momentos da nossa vida quotidiana. No entanto, \u00e9 cada vez mais cobi\u00e7ada, distribu\u00edda de forma desigual e amea\u00e7ada pela polui\u00e7\u00e3o, pelas altera\u00e7\u00f5es clim\u00e1ticas e pelo consumo excessivo. Nas pr\u00f3ximas d\u00e9cadas, pode muito bem tornar-se o recurso mais precioso da Terra. J\u00e1 lhe chamam ouro azul.     Porqu\u00ea? Como \u00e9 que podemos antecipar esta mudan\u00e7a de paradigma?<\/p>\n\n<h2 class=\"wp-block-heading\"><strong><mark style=\"background-color:rgba(0, 0, 0, 0)\" class=\"has-inline-color has-vivid-cyan-blue-color\">Um recurso vital sob press\u00e3o<\/mark><\/strong><\/h2>\n\n<h3 class=\"wp-block-heading\"><strong><mark style=\"background-color:rgba(0, 0, 0, 0);color:#3248cb\" class=\"has-inline-color\">Disponibilidade natural muito limitada<\/mark><\/strong><\/h3>\n\n<p>Em todos os continentes, a quest\u00e3o do acesso \u00e0 \u00e1gua doce est\u00e1 a tornar-se crucial para a estabilidade das sociedades humanas. Os cursos de \u00e1gua s\u00e3o afectados pela polui\u00e7\u00e3o, pela sobre-explora\u00e7\u00e3o e pelo envelhecimento das infra-estruturas. O planeta n\u00e3o est\u00e1 a produzir mais \u00e1gua doce, mas as necessidades est\u00e3o a aumentar com o crescimento da popula\u00e7\u00e3o e da produ\u00e7\u00e3o agr\u00edcola. Em muitos pa\u00edses, a disponibilidade de \u00e1gua tornou-se uma quest\u00e3o de seguran\u00e7a p\u00fablica e de planeamento estrat\u00e9gico. Menos de 3% da \u00e1gua do mundo \u00e9 \u00e1gua doce. E apenas uma pequena fra\u00e7\u00e3o est\u00e1 acess\u00edvel para as nossas utiliza\u00e7\u00f5es dom\u00e9sticas, agr\u00edcolas e industriais. No entanto, a procura est\u00e1 a aumentar constantemente: crescimento da popula\u00e7\u00e3o, urbaniza\u00e7\u00e3o, necessidades alimentares, etc.      <\/p>\n\n<p>Esta situa\u00e7\u00e3o \u00e9 tanto mais preocupante quanto os recursos h\u00eddricos renov\u00e1veis per capita est\u00e3o a diminuir rapidamente em muitos pa\u00edses. Em Fran\u00e7a, a press\u00e3o sobre as \u00e1guas subterr\u00e2neas aumenta de ano para ano. Alguns departamentos do sul do pa\u00eds enfrentam j\u00e1 uma escassez parcial de \u00e1gua doce durante os meses de ver\u00e3o. O s\u00e9culo XXI poder\u00e1 assistir ao aparecimento de um novo tipo de crise ligada \u00e0 gest\u00e3o da \u00e1gua.   <\/p>\n\n<h3 class=\"wp-block-heading\"><strong><mark style=\"background-color:rgba(0, 0, 0, 0);color:#3248cb\" class=\"has-inline-color\">Press\u00e3o crescente da utiliza\u00e7\u00e3o humana<\/mark><\/strong><\/h3>\n\n<p><a href=\"https:\/\/blog.maciterneecolo.fr\/pt-pt\/os-cortes-de-agua-estao-a-tornar-se-uma-ameaca-real-compreender-as-tensoes-sobre-os-recursos-hidricos\/\">\u00c0 medida que os recursos se tornam cada vez mais escassos, a gest\u00e3o racional da \u00e1gua est\u00e1 a tornar-se uma quest\u00e3o fundamental<\/a>. A sensibiliza\u00e7\u00e3o est\u00e1 a aumentar em v\u00e1rios pa\u00edses, que est\u00e3o a introduzir pol\u00edticas nacionais para melhorar a distribui\u00e7\u00e3o, reduzir as perdas e investir em infra-estruturas. A produ\u00e7\u00e3o de \u00e1gua pot\u00e1vel, bem como a ligada \u00e0s necessidades industriais, exerce uma forte press\u00e3o sobre as reservas. A qualidade da \u00e1gua est\u00e1 tamb\u00e9m amea\u00e7ada, com consequ\u00eancias diretas para a sa\u00fade p\u00fablica e o ambiente. O desafio \u00e9 agora global. O abastecimento, por outro lado, est\u00e1 a estagnar ou a diminuir, afetado pela escassez, pela seca e pelo aumento da evapora\u00e7\u00e3o devido ao aumento das temperaturas. O resultado \u00e9 uma press\u00e3o crescente sobre os recursos h\u00eddricos, em Fran\u00e7a e noutros pa\u00edses. A utiliza\u00e7\u00e3o da \u00e1gua est\u00e1 a intensificar-se, sendo a agricultura ainda respons\u00e1vel por quase 70% do consumo global.       <\/p>\n\n<p>Neste contexto, surgem conflitos de utiliza\u00e7\u00e3o entre sectores: agroalimentar, industrial, autarquias locais, particulares, etc. A situa\u00e7\u00e3o torna-se ainda mais cr\u00edtica nas cidades densamente povoadas, onde os meios t\u00e9cnicos de preserva\u00e7\u00e3o da \u00e1gua s\u00e3o ainda insuficientes. A transi\u00e7\u00e3o para uma melhor gest\u00e3o dos recursos torna-se assim um desafio pol\u00edtico importante. <\/p>\n\n<h2 class=\"wp-block-heading\"><strong><mark style=\"background-color:rgba(0, 0, 0, 0)\" class=\"has-inline-color has-vivid-cyan-blue-color\">As altera\u00e7\u00f5es clim\u00e1ticas como fator agravante<\/mark><\/strong><\/h2>\n\n<h3 class=\"wp-block-heading\"><strong><mark style=\"background-color:rgba(0, 0, 0, 0);color:#3248cb\" class=\"has-inline-color\">Ciclos cada vez mais imprevis\u00edveis<\/mark><\/strong><\/h3>\n\n<p>Os especialistas em ci\u00eancias clim\u00e1ticas alertam para um aumento da frequ\u00eancia de fen\u00f3menos extremos. <a href=\"https:\/\/blog.maciterneecolo.fr\/pt-pt\/impacto-das-alteracoes-climaticas-nas-reservas-mundiais-de-agua\/\">As altera\u00e7\u00f5es clim\u00e1ticas est\u00e3o a causar grandes desequil\u00edbrios nos ciclos naturais da \u00e1gua<\/a>. Em alguns pa\u00edses, a \u00e1gua est\u00e1 a desaparecer de regi\u00f5es inteiras, afectando profundamente as actividades humanas. A liga\u00e7\u00e3o entre as perturba\u00e7\u00f5es clim\u00e1ticas e os problemas de gest\u00e3o dos recursos h\u00eddricos j\u00e1 n\u00e3o \u00e9 discut\u00edvel. Isto acentua o efeito do stress h\u00eddrico \u00e0 escala global. As esta\u00e7\u00f5es do ano est\u00e3o a tornar-se menos previs\u00edveis, a precipita\u00e7\u00e3o mais irregular e os rios mais intermitentes. O ciclo da \u00e1gua est\u00e1 dessincronizado. As altera\u00e7\u00f5es clim\u00e1ticas amplificam este efeito, alterando a distribui\u00e7\u00e3o sazonal da precipita\u00e7\u00e3o, aumentando a evapora\u00e7\u00e3o superficial e reduzindo as reservas dispon\u00edveis. Em Fran\u00e7a, como noutros pa\u00edses, os per\u00edodos de seca s\u00e3o cada vez mais longos, provocando tens\u00f5es crescentes entre os utilizadores.       <\/p>\n\n<h3 class=\"wp-block-heading\"><strong><mark style=\"background-color:rgba(0, 0, 0, 0);color:#3248cb\" class=\"has-inline-color\">Aumento das restri\u00e7\u00f5es e dos conflitos de utiliza\u00e7\u00e3o<\/mark><\/strong><\/h3>\n\n<p>Os conflitos relacionados com a \u00e1gua est\u00e3o a aumentar, mesmo em pa\u00edses historicamente est\u00e1veis. Em Fran\u00e7a, alguns munic\u00edpios j\u00e1 est\u00e3o a impor restri\u00e7\u00f5es de \u00e1gua durante v\u00e1rios meses. Em todo o mundo, as tens\u00f5es est\u00e3o a aumentar em torno das grandes infra-estruturas h\u00eddricas. O controlo dos recursos est\u00e1 a tornar-se uma quest\u00e3o estrat\u00e9gica para muitos governos. Este fen\u00f3meno intensifica-se \u00e0 medida que o acesso \u00e0 \u00e1gua se torna um fator-chave para a estabilidade econ\u00f3mica e social dos pa\u00edses. No ver\u00e3o, as restri\u00e7\u00f5es de \u00e1gua est\u00e3o a tornar-se comuns. Em algumas regi\u00f5es, multiplicam-se os conflitos sobre a utiliza\u00e7\u00e3o da \u00e1gua, com agricultores, autarquias, particulares e ind\u00fastria a disputarem o acesso ao recurso. Estas tens\u00f5es s\u00e3o j\u00e1 vis\u00edveis em Espanha, na Calif\u00f3rnia e em Israel, um pa\u00eds pioneiro na dessaliniza\u00e7\u00e3o e na reutiliza\u00e7\u00e3o de \u00e1guas residuais.       <\/p>\n\n<p>Como explica o ge\u00f3grafo Fr\u00e9d\u00e9ric Lasserre, especialista em conflitos relacionados com a \u00e1gua, estas tens\u00f5es locais podem transformar-se em conflitos internacionais se a coopera\u00e7\u00e3o n\u00e3o for refor\u00e7ada. Neste contexto, a \u00e1gua est\u00e1 a tornar-se uma quest\u00e3o geopol\u00edtica importante. <\/p>\n\n<h2 class=\"wp-block-heading\"><strong><mark style=\"background-color:rgba(0, 0, 0, 0)\" class=\"has-inline-color has-vivid-cyan-blue-color\">Desigualdade mundial no acesso \u00e0 \u00e1gua<\/mark><\/strong><\/h2>\n\n<h3 class=\"wp-block-heading\"><strong><mark style=\"background-color:rgba(0, 0, 0, 0);color:#3248cb\" class=\"has-inline-color\">Acesso desigual a n\u00edvel mundial<\/mark><\/strong><\/h3>\n\n<p>O fosso entre o Norte e o Sul em termos de acesso \u00e0 \u00e1gua pot\u00e1vel \u00e9 gritante. Alguns pa\u00edses ricos beneficiam de servi\u00e7os p\u00fablicos de elevado desempenho, enquanto outros lutam para garantir um abastecimento m\u00ednimo. Esta desigualdade estrutural gera migra\u00e7\u00f5es, alimenta conflitos sociais e impede o desenvolvimento sustent\u00e1vel. A situa\u00e7\u00e3o do acesso \u00e0 \u00e1gua tornou-se um indicador do n\u00edvel de desenvolvimento de um pa\u00eds e \u00e9 atualmente uma quest\u00e3o central nas negocia\u00e7\u00f5es internacionais sobre direitos fundamentais. De acordo com as Na\u00e7\u00f5es Unidas, cerca de 2 mil milh\u00f5es de pessoas n\u00e3o t\u00eam acesso a \u00e1gua pot\u00e1vel. Em 2050, mais de metade da popula\u00e7\u00e3o mundial poder\u00e1 estar a viver em zonas com stress h\u00eddrico. Esta desigualdade existe tanto entre pa\u00edses como no interior dos mesmos. As popula\u00e7\u00f5es rurais s\u00e3o frequentemente as primeiras a ser afectadas.       <\/p>\n\n<p>O acesso \u00e0 \u00e1gua \u00e9 tamb\u00e9m uma quest\u00e3o de direitos. Em v\u00e1rios pa\u00edses, os cidad\u00e3os n\u00e3o disp\u00f5em de um servi\u00e7o p\u00fablico que garanta uma distribui\u00e7\u00e3o equitativa da \u00e1gua. Em Paris e noutras grandes cidades europeias, foram criados modelos de gest\u00e3o p\u00fablica, baseados no princ\u00edpio do acesso universal. Noutros locais, as multinacionais assumiram o controlo do recurso, com efeitos muito diferentes consoante o contexto.   <\/p>\n\n<h3 class=\"wp-block-heading\"><strong><mark style=\"background-color:rgba(0, 0, 0, 0);color:#3248cb\" class=\"has-inline-color\">A \u00e1gua como quest\u00e3o geopol\u00edtica<\/mark><\/strong><\/h3>\n\n<p>Os Estados come\u00e7am a antecipar a futura escassez de \u00e1gua, refor\u00e7ando o seu controlo sobre as fontes dispon\u00edveis. O Nilo, o Tigre, o Eufrates e o Jord\u00e3o tornaram-se zonas de tens\u00e3o onde as rela\u00e7\u00f5es internacionais est\u00e3o a tornar-se cada vez mais tensas. A diplomacia da \u00e1gua est\u00e1 em ascens\u00e3o, combinando interesses estrat\u00e9gicos, econ\u00f3micos e humanit\u00e1rios. As institui\u00e7\u00f5es internacionais s\u00e3o cada vez mais chamadas a criar mecanismos de coopera\u00e7\u00e3o para evitar as guerras da \u00e1gua no s\u00e9culo XXI. Se a \u00e1gua escasseia, torna-se dispendiosa, estrat\u00e9gica e mesmo fonte de tens\u00e3o geopol\u00edtica. V\u00e1rios pa\u00edses j\u00e1 adoptaram pol\u00edticas de reserva de \u00e1gua, de compra de direitos de \u00e1gua ou mesmo de privatiza\u00e7\u00e3o. Em certas regi\u00f5es de \u00c1frica, da \u00c1sia e do M\u00e9dio Oriente, j\u00e1 se assiste a tens\u00f5es entre Estados pelo controlo dos grandes rios ou dos aqu\u00edferos transfronteiri\u00e7os.      <\/p>\n\n<p>A gest\u00e3o das \u00e1guas transfronteiri\u00e7as \u00e9 um desafio para a coopera\u00e7\u00e3o internacional. Os tratados existem, mas a sua aplica\u00e7\u00e3o continua a ser fr\u00e1gil. No s\u00e9culo XXI, a \u00e1gua pode ser o que o petr\u00f3leo foi no s\u00e9culo XX: um fator de influ\u00eancia, uma alavanca de poder, ou mesmo um motivo de guerra.  <\/p>\n\n<h2 class=\"wp-block-heading\"><strong><mark style=\"background-color:rgba(0, 0, 0, 0)\" class=\"has-inline-color has-vivid-cyan-blue-color\">Um recurso que deve ser protegido, valorizado e partilhado<\/mark><\/strong><\/h2>\n\n<h3 class=\"wp-block-heading\"><strong><mark style=\"background-color:rgba(0, 0, 0, 0);color:#3248cb\" class=\"has-inline-color\">Solu\u00e7\u00f5es locais j\u00e1 em a\u00e7\u00e3o<\/mark><\/strong><\/h3>\n\n<p>Em muitas regi\u00f5es, as experi\u00eancias locais mostram que \u00e9 poss\u00edvel tomar medidas eficazes para preservar a \u00e1gua. As colectividades locais, as associa\u00e7\u00f5es e as empresas est\u00e3o a desenvolver sistemas econ\u00f3micos, inovadores e reproduz\u00edveis. A educa\u00e7\u00e3o para a utiliza\u00e7\u00e3o correta da \u00e1gua est\u00e1 tamb\u00e9m a tornar-se uma alavanca poderosa. A abordagem territorial permite adaptar as solu\u00e7\u00f5es \u00e0s realidades locais, associando simultaneamente os cidad\u00e3os \u00e0 governa\u00e7\u00e3o partilhada deste recurso vital para o planeta. Perante esta urg\u00eancia, multiplicam-se as iniciativas locais: <a href=\"https:\/\/www.maciterneecolo.fr\/fr\/3-citernes-souples\">recolha de \u00e1guas pluviais<\/a>, redu\u00e7\u00e3o das fugas, sensibiliza\u00e7\u00e3o para o consumo de \u00e1gua, agricultura menos \u00e1vida de \u00e1gua. Cidades como Paris e Montpellier investem na moderniza\u00e7\u00e3o das suas redes para limitar as perdas e garantir a qualidade da \u00e1gua que distribuem.     <\/p>\n\n<h3 class=\"wp-block-heading\"><strong><mark style=\"background-color:rgba(0, 0, 0, 0);color:#3248cb\" class=\"has-inline-color\">O papel dos reservat\u00f3rios flex\u00edveis na transi\u00e7\u00e3o<\/mark><\/strong><\/h3>\n\n<p>Quer sejam utilizados em grande escala ou em projectos individuais, os autoclismos flex\u00edveis contribuem para a gest\u00e3o inteligente da \u00e1gua n\u00e3o pot\u00e1vel. Permite satisfazer as necessidades dom\u00e9sticas sem aumentar a press\u00e3o sobre as redes p\u00fablicas. Este sistema \u00e9 particularmente importante nas zonas rurais e nas regi\u00f5es sujeitas a um stress h\u00eddrico recorrente. A facilidade de instala\u00e7\u00e3o e a rentabilidade a longo prazo fazem com que se tornem cada vez mais parte integrante dos planos de transi\u00e7\u00e3o ecol\u00f3gica. As cisternas flex\u00edveis, por exemplo, podem ser utilizadas para armazenar \u00e1gua da chuva para uso dom\u00e9stico ou coletivo. Em tempos de seca, oferecem uma alternativa fi\u00e1vel, econ\u00f3mica e f\u00e1cil de utilizar. Em Fran\u00e7a, cada vez mais fam\u00edlias se equipam para garantir o seu abastecimento de \u00e1gua n\u00e3o pot\u00e1vel, reduzindo assim a sua depend\u00eancia dos servi\u00e7os p\u00fablicos.      <\/p>\n\n<h3 class=\"wp-block-heading\"><strong><mark style=\"background-color:rgba(0, 0, 0, 0);color:#3248cb\" class=\"has-inline-color\">Gestos acess\u00edveis a todos<\/mark><\/strong><\/h3>\n\n<p><a href=\"https:\/\/blog.maciterneecolo.fr\/pt-pt\/como-e-que-podemos-reduzir-a-nossa-dependencia-da-agua-potavel\/\">Mesmo a n\u00edvel individual, todos podem desempenhar um papel na preserva\u00e7\u00e3o da \u00e1gua.<\/a>  Equipar a tua casa com arejadores, monitorizar o teu consumo, evitar o desperd\u00edcio e reutilizar a \u00e1gua cinzenta s\u00e3o ac\u00e7\u00f5es simples a tomar. Estes esfor\u00e7os colectivos t\u00eam um efeito cumulativo real. Lembra-nos que a \u00e1gua, embora gratuita na sua forma natural, tem um custo de produ\u00e7\u00e3o elevado e merece uma aten\u00e7\u00e3o constante no nosso estilo de vida. Os indiv\u00edduos tamb\u00e9m podem agir: tomando duches mais curtos, utilizando sistemas eco-respons\u00e1veis, escolhendo produtos que respeitem o recurso, ou simplesmente n\u00e3o desperdi\u00e7ando \u00e1gua. A \u00e1gua n\u00e3o deve continuar a ser vista como um recurso inesgot\u00e1vel. \u00c9 preciosa e fr\u00e1gil, e a sua preserva\u00e7\u00e3o exige ac\u00e7\u00f5es quotidianas.     <\/p>\n\n<h2 class=\"wp-block-heading\"><strong><mark style=\"background-color:rgba(0, 0, 0, 0)\" class=\"has-inline-color has-vivid-cyan-blue-color\">Rumo a um plano de a\u00e7\u00e3o global<\/mark><\/strong><\/h2>\n\n<p>A \u00e1gua doce, h\u00e1 tanto tempo considerada um dado adquirido, est\u00e1 a tornar-se rapidamente uma quest\u00e3o global importante. Tal como o petr\u00f3leo ontem, est\u00e1 agora a moldar as pol\u00edticas, os territ\u00f3rios e os nossos estilos de vida. O ouro azul n\u00e3o \u00e9 um mito: \u00e9 j\u00e1 uma realidade para milh\u00f5es de pessoas.  <\/p>\n\n<p>No centro do desenvolvimento humano, a \u00e1gua merece uma governa\u00e7\u00e3o justa, sustent\u00e1vel e partilhada. A Fran\u00e7a e os outros pa\u00edses devem desempenhar plenamente o seu papel na coopera\u00e7\u00e3o internacional para garantir o direito \u00e0 \u00e1gua para todos. A ci\u00eancia, a pol\u00edtica e os recursos t\u00e9cnicos existem: o que precisamos agora \u00e9 de um plano de a\u00e7\u00e3o verdadeiramente global. Porque o futuro tamb\u00e9m se joga na torneira.   <\/p>\n","protected":false},"excerpt":{"rendered":"<p>A \u00e1gua doce \u00e9 essencial \u00e0 vida. Irriga os nossos campos, alimenta as nossas ind\u00fastrias, enche os nossos copos e faz parte de todos os momentos da nossa vida quotidiana. No entanto, \u00e9 cada vez mais cobi\u00e7ada, distribu\u00edda de forma desigual e amea\u00e7ada pela polui\u00e7\u00e3o, pelas altera\u00e7\u00f5es clim\u00e1ticas e pelo consumo excessivo. Nas pr\u00f3ximas d\u00e9cadas, [&hellip;]<\/p>\n","protected":false},"author":4,"featured_media":13725,"comment_status":"open","ping_status":"closed","sticky":false,"template":"","format":"standard","meta":{"inline_featured_image":false,"footnotes":""},"categories":[2619,88],"tags":[67,2691],"class_list":["post-13732","post","type-post","status-publish","format-standard","has-post-thumbnail","hentry","category-gestao-da-agua","category-tanques-flexiveis","tag-agua-da-chuva","tag-gestao-da-agua"],"yoast_head":"<!-- This site is optimized with the Yoast SEO plugin v27.5 - https:\/\/yoast.com\/product\/yoast-seo-wordpress\/ -->\n<title>Porque \u00e9 que a \u00e1gua se vai tornar o ouro azul do s\u00e9culo XXI? - Blog Ma Citerne Ecolo<\/title>\n<meta name=\"description\" content=\"Descobre porque \u00e9 que o ouro azul est\u00e1 no centro das quest\u00f5es clim\u00e1ticas, pol\u00edticas e geopol\u00edticas do s\u00e9culo XXI.\" \/>\n<meta name=\"robots\" content=\"index, follow, max-snippet:-1, max-image-preview:large, max-video-preview:-1\" \/>\n<link rel=\"canonical\" href=\"https:\/\/blog.maciterneecolo.fr\/pt-pt\/porque-e-que-a-agua-se-vai-tornar-o-ouro-azul-do-seculo-xxi\/\" \/>\n<meta property=\"og:locale\" content=\"pt_PT\" \/>\n<meta property=\"og:type\" content=\"article\" \/>\n<meta property=\"og:title\" content=\"Porque \u00e9 que a \u00e1gua se vai tornar o ouro azul do s\u00e9culo XXI? - Blog Ma Citerne Ecolo\" \/>\n<meta property=\"og:description\" content=\"Descobre porque \u00e9 que o ouro azul est\u00e1 no centro das quest\u00f5es clim\u00e1ticas, pol\u00edticas e geopol\u00edticas do s\u00e9culo XXI.\" \/>\n<meta property=\"og:url\" content=\"https:\/\/blog.maciterneecolo.fr\/pt-pt\/porque-e-que-a-agua-se-vai-tornar-o-ouro-azul-do-seculo-xxi\/\" \/>\n<meta property=\"og:site_name\" content=\"Blog Ma Citerne Ecolo\" \/>\n<meta property=\"article:published_time\" content=\"2025-04-30T09:25:46+00:00\" \/>\n<meta property=\"og:image\" content=\"https:\/\/blog.maciterneecolo.fr\/wp-content\/uploads\/2025\/03\/gold-4333047_1280.jpg\" \/>\n\t<meta property=\"og:image:width\" content=\"1280\" \/>\n\t<meta property=\"og:image:height\" content=\"721\" \/>\n\t<meta property=\"og:image:type\" content=\"image\/jpeg\" \/>\n<meta name=\"author\" content=\"B\u00e9n\u00e9dicte Rebolloso\" \/>\n<meta name=\"twitter:card\" content=\"summary_large_image\" \/>\n<meta name=\"twitter:label1\" content=\"Escrito por\" \/>\n\t<meta name=\"twitter:data1\" content=\"B\u00e9n\u00e9dicte Rebolloso\" \/>\n\t<meta name=\"twitter:label2\" content=\"Tempo estimado de leitura\" \/>\n\t<meta name=\"twitter:data2\" content=\"10 minutos\" \/>\n<script type=\"application\/ld+json\" class=\"yoast-schema-graph\">{\"@context\":\"https:\\\/\\\/schema.org\",\"@graph\":[{\"@type\":\"Article\",\"@id\":\"https:\\\/\\\/blog.maciterneecolo.fr\\\/pt-pt\\\/porque-e-que-a-agua-se-vai-tornar-o-ouro-azul-do-seculo-xxi\\\/#article\",\"isPartOf\":{\"@id\":\"https:\\\/\\\/blog.maciterneecolo.fr\\\/pt-pt\\\/porque-e-que-a-agua-se-vai-tornar-o-ouro-azul-do-seculo-xxi\\\/\"},\"author\":{\"name\":\"B\u00e9n\u00e9dicte Rebolloso\",\"@id\":\"https:\\\/\\\/blog.maciterneecolo.fr\\\/pt-pt\\\/#\\\/schema\\\/person\\\/fe50d00b4e639107698e1ddead236943\"},\"headline\":\"Porque \u00e9 que a \u00e1gua se vai tornar o ouro azul do s\u00e9culo XXI?\",\"datePublished\":\"2025-04-30T09:25:46+00:00\",\"mainEntityOfPage\":{\"@id\":\"https:\\\/\\\/blog.maciterneecolo.fr\\\/pt-pt\\\/porque-e-que-a-agua-se-vai-tornar-o-ouro-azul-do-seculo-xxi\\\/\"},\"wordCount\":2012,\"commentCount\":0,\"publisher\":{\"@id\":\"https:\\\/\\\/blog.maciterneecolo.fr\\\/pt-pt\\\/#organization\"},\"image\":{\"@id\":\"https:\\\/\\\/blog.maciterneecolo.fr\\\/pt-pt\\\/porque-e-que-a-agua-se-vai-tornar-o-ouro-azul-do-seculo-xxi\\\/#primaryimage\"},\"thumbnailUrl\":\"https:\\\/\\\/blog.maciterneecolo.fr\\\/wp-content\\\/uploads\\\/2025\\\/03\\\/gold-4333047_1280.jpg\",\"keywords\":[\"\u00e1gua da chuva\",\"gest\u00e3o da \u00e1gua\"],\"articleSection\":[\"Gest\u00e3o da \u00e1gua\",\"Tanques Flex\u00edveis\"],\"inLanguage\":\"pt-PT\",\"potentialAction\":[{\"@type\":\"CommentAction\",\"name\":\"Comment\",\"target\":[\"https:\\\/\\\/blog.maciterneecolo.fr\\\/pt-pt\\\/porque-e-que-a-agua-se-vai-tornar-o-ouro-azul-do-seculo-xxi\\\/#respond\"]}]},{\"@type\":\"WebPage\",\"@id\":\"https:\\\/\\\/blog.maciterneecolo.fr\\\/pt-pt\\\/porque-e-que-a-agua-se-vai-tornar-o-ouro-azul-do-seculo-xxi\\\/\",\"url\":\"https:\\\/\\\/blog.maciterneecolo.fr\\\/pt-pt\\\/porque-e-que-a-agua-se-vai-tornar-o-ouro-azul-do-seculo-xxi\\\/\",\"name\":\"Porque \u00e9 que a \u00e1gua se vai tornar o ouro azul do s\u00e9culo XXI? - Blog Ma Citerne Ecolo\",\"isPartOf\":{\"@id\":\"https:\\\/\\\/blog.maciterneecolo.fr\\\/pt-pt\\\/#website\"},\"primaryImageOfPage\":{\"@id\":\"https:\\\/\\\/blog.maciterneecolo.fr\\\/pt-pt\\\/porque-e-que-a-agua-se-vai-tornar-o-ouro-azul-do-seculo-xxi\\\/#primaryimage\"},\"image\":{\"@id\":\"https:\\\/\\\/blog.maciterneecolo.fr\\\/pt-pt\\\/porque-e-que-a-agua-se-vai-tornar-o-ouro-azul-do-seculo-xxi\\\/#primaryimage\"},\"thumbnailUrl\":\"https:\\\/\\\/blog.maciterneecolo.fr\\\/wp-content\\\/uploads\\\/2025\\\/03\\\/gold-4333047_1280.jpg\",\"datePublished\":\"2025-04-30T09:25:46+00:00\",\"description\":\"Descobre porque \u00e9 que o ouro azul est\u00e1 no centro das quest\u00f5es clim\u00e1ticas, pol\u00edticas e geopol\u00edticas do s\u00e9culo XXI.\",\"breadcrumb\":{\"@id\":\"https:\\\/\\\/blog.maciterneecolo.fr\\\/pt-pt\\\/porque-e-que-a-agua-se-vai-tornar-o-ouro-azul-do-seculo-xxi\\\/#breadcrumb\"},\"inLanguage\":\"pt-PT\",\"potentialAction\":[{\"@type\":\"ReadAction\",\"target\":[\"https:\\\/\\\/blog.maciterneecolo.fr\\\/pt-pt\\\/porque-e-que-a-agua-se-vai-tornar-o-ouro-azul-do-seculo-xxi\\\/\"]}]},{\"@type\":\"ImageObject\",\"inLanguage\":\"pt-PT\",\"@id\":\"https:\\\/\\\/blog.maciterneecolo.fr\\\/pt-pt\\\/porque-e-que-a-agua-se-vai-tornar-o-ouro-azul-do-seculo-xxi\\\/#primaryimage\",\"url\":\"https:\\\/\\\/blog.maciterneecolo.fr\\\/wp-content\\\/uploads\\\/2025\\\/03\\\/gold-4333047_1280.jpg\",\"contentUrl\":\"https:\\\/\\\/blog.maciterneecolo.fr\\\/wp-content\\\/uploads\\\/2025\\\/03\\\/gold-4333047_1280.jpg\",\"width\":1280,\"height\":721},{\"@type\":\"BreadcrumbList\",\"@id\":\"https:\\\/\\\/blog.maciterneecolo.fr\\\/pt-pt\\\/porque-e-que-a-agua-se-vai-tornar-o-ouro-azul-do-seculo-xxi\\\/#breadcrumb\",\"itemListElement\":[{\"@type\":\"ListItem\",\"position\":1,\"name\":\"Accueil\",\"item\":\"https:\\\/\\\/blog.maciterneecolo.fr\\\/pt-pt\\\/\"},{\"@type\":\"ListItem\",\"position\":2,\"name\":\"Porque \u00e9 que a \u00e1gua se vai tornar o ouro azul do s\u00e9culo XXI?\"}]},{\"@type\":\"WebSite\",\"@id\":\"https:\\\/\\\/blog.maciterneecolo.fr\\\/pt-pt\\\/#website\",\"url\":\"https:\\\/\\\/blog.maciterneecolo.fr\\\/pt-pt\\\/\",\"name\":\"Blog Ma Citerne Ecolo\",\"description\":\"Leader dans le domaine de la citerne souple d&#039;eau de pluie\",\"publisher\":{\"@id\":\"https:\\\/\\\/blog.maciterneecolo.fr\\\/pt-pt\\\/#organization\"},\"potentialAction\":[{\"@type\":\"SearchAction\",\"target\":{\"@type\":\"EntryPoint\",\"urlTemplate\":\"https:\\\/\\\/blog.maciterneecolo.fr\\\/pt-pt\\\/?s={search_term_string}\"},\"query-input\":{\"@type\":\"PropertyValueSpecification\",\"valueRequired\":true,\"valueName\":\"search_term_string\"}}],\"inLanguage\":\"pt-PT\"},{\"@type\":\"Organization\",\"@id\":\"https:\\\/\\\/blog.maciterneecolo.fr\\\/pt-pt\\\/#organization\",\"name\":\"Blog Ma Citerne Ecolo\",\"url\":\"https:\\\/\\\/blog.maciterneecolo.fr\\\/pt-pt\\\/\",\"logo\":{\"@type\":\"ImageObject\",\"inLanguage\":\"pt-PT\",\"@id\":\"https:\\\/\\\/blog.maciterneecolo.fr\\\/pt-pt\\\/#\\\/schema\\\/logo\\\/image\\\/\",\"url\":\"https:\\\/\\\/blog.maciterneecolo.fr\\\/wp-content\\\/uploads\\\/2022\\\/12\\\/cropped-favicon-blog.png\",\"contentUrl\":\"https:\\\/\\\/blog.maciterneecolo.fr\\\/wp-content\\\/uploads\\\/2022\\\/12\\\/cropped-favicon-blog.png\",\"width\":512,\"height\":512,\"caption\":\"Blog Ma Citerne Ecolo\"},\"image\":{\"@id\":\"https:\\\/\\\/blog.maciterneecolo.fr\\\/pt-pt\\\/#\\\/schema\\\/logo\\\/image\\\/\"}},{\"@type\":\"Person\",\"@id\":\"https:\\\/\\\/blog.maciterneecolo.fr\\\/pt-pt\\\/#\\\/schema\\\/person\\\/fe50d00b4e639107698e1ddead236943\",\"name\":\"B\u00e9n\u00e9dicte Rebolloso\",\"image\":{\"@type\":\"ImageObject\",\"inLanguage\":\"pt-PT\",\"@id\":\"https:\\\/\\\/secure.gravatar.com\\\/avatar\\\/ffa759db2a4d8ebb52a58b89d3dc2a9f0395a5122bb839045a145d6585de1126?s=96&d=mm&r=g\",\"url\":\"https:\\\/\\\/secure.gravatar.com\\\/avatar\\\/ffa759db2a4d8ebb52a58b89d3dc2a9f0395a5122bb839045a145d6585de1126?s=96&d=mm&r=g\",\"contentUrl\":\"https:\\\/\\\/secure.gravatar.com\\\/avatar\\\/ffa759db2a4d8ebb52a58b89d3dc2a9f0395a5122bb839045a145d6585de1126?s=96&d=mm&r=g\",\"caption\":\"B\u00e9n\u00e9dicte Rebolloso\"},\"url\":\"https:\\\/\\\/blog.maciterneecolo.fr\\\/pt-pt\\\/author\\\/benedicterebolloso\\\/\"}]}<\/script>\n<!-- \/ Yoast SEO plugin. -->","yoast_head_json":{"title":"Porque \u00e9 que a \u00e1gua se vai tornar o ouro azul do s\u00e9culo XXI? - Blog Ma Citerne Ecolo","description":"Descobre porque \u00e9 que o ouro azul est\u00e1 no centro das quest\u00f5es clim\u00e1ticas, pol\u00edticas e geopol\u00edticas do s\u00e9culo XXI.","robots":{"index":"index","follow":"follow","max-snippet":"max-snippet:-1","max-image-preview":"max-image-preview:large","max-video-preview":"max-video-preview:-1"},"canonical":"https:\/\/blog.maciterneecolo.fr\/pt-pt\/porque-e-que-a-agua-se-vai-tornar-o-ouro-azul-do-seculo-xxi\/","og_locale":"pt_PT","og_type":"article","og_title":"Porque \u00e9 que a \u00e1gua se vai tornar o ouro azul do s\u00e9culo XXI? - Blog Ma Citerne Ecolo","og_description":"Descobre porque \u00e9 que o ouro azul est\u00e1 no centro das quest\u00f5es clim\u00e1ticas, pol\u00edticas e geopol\u00edticas do s\u00e9culo XXI.","og_url":"https:\/\/blog.maciterneecolo.fr\/pt-pt\/porque-e-que-a-agua-se-vai-tornar-o-ouro-azul-do-seculo-xxi\/","og_site_name":"Blog Ma Citerne Ecolo","article_published_time":"2025-04-30T09:25:46+00:00","og_image":[{"width":1280,"height":721,"url":"https:\/\/blog.maciterneecolo.fr\/wp-content\/uploads\/2025\/03\/gold-4333047_1280.jpg","type":"image\/jpeg"}],"author":"B\u00e9n\u00e9dicte Rebolloso","twitter_card":"summary_large_image","twitter_misc":{"Escrito por":"B\u00e9n\u00e9dicte Rebolloso","Tempo estimado de leitura":"10 minutos"},"schema":{"@context":"https:\/\/schema.org","@graph":[{"@type":"Article","@id":"https:\/\/blog.maciterneecolo.fr\/pt-pt\/porque-e-que-a-agua-se-vai-tornar-o-ouro-azul-do-seculo-xxi\/#article","isPartOf":{"@id":"https:\/\/blog.maciterneecolo.fr\/pt-pt\/porque-e-que-a-agua-se-vai-tornar-o-ouro-azul-do-seculo-xxi\/"},"author":{"name":"B\u00e9n\u00e9dicte Rebolloso","@id":"https:\/\/blog.maciterneecolo.fr\/pt-pt\/#\/schema\/person\/fe50d00b4e639107698e1ddead236943"},"headline":"Porque \u00e9 que a \u00e1gua se vai tornar o ouro azul do s\u00e9culo XXI?","datePublished":"2025-04-30T09:25:46+00:00","mainEntityOfPage":{"@id":"https:\/\/blog.maciterneecolo.fr\/pt-pt\/porque-e-que-a-agua-se-vai-tornar-o-ouro-azul-do-seculo-xxi\/"},"wordCount":2012,"commentCount":0,"publisher":{"@id":"https:\/\/blog.maciterneecolo.fr\/pt-pt\/#organization"},"image":{"@id":"https:\/\/blog.maciterneecolo.fr\/pt-pt\/porque-e-que-a-agua-se-vai-tornar-o-ouro-azul-do-seculo-xxi\/#primaryimage"},"thumbnailUrl":"https:\/\/blog.maciterneecolo.fr\/wp-content\/uploads\/2025\/03\/gold-4333047_1280.jpg","keywords":["\u00e1gua da chuva","gest\u00e3o da \u00e1gua"],"articleSection":["Gest\u00e3o da \u00e1gua","Tanques Flex\u00edveis"],"inLanguage":"pt-PT","potentialAction":[{"@type":"CommentAction","name":"Comment","target":["https:\/\/blog.maciterneecolo.fr\/pt-pt\/porque-e-que-a-agua-se-vai-tornar-o-ouro-azul-do-seculo-xxi\/#respond"]}]},{"@type":"WebPage","@id":"https:\/\/blog.maciterneecolo.fr\/pt-pt\/porque-e-que-a-agua-se-vai-tornar-o-ouro-azul-do-seculo-xxi\/","url":"https:\/\/blog.maciterneecolo.fr\/pt-pt\/porque-e-que-a-agua-se-vai-tornar-o-ouro-azul-do-seculo-xxi\/","name":"Porque \u00e9 que a \u00e1gua se vai tornar o ouro azul do s\u00e9culo XXI? - Blog Ma Citerne Ecolo","isPartOf":{"@id":"https:\/\/blog.maciterneecolo.fr\/pt-pt\/#website"},"primaryImageOfPage":{"@id":"https:\/\/blog.maciterneecolo.fr\/pt-pt\/porque-e-que-a-agua-se-vai-tornar-o-ouro-azul-do-seculo-xxi\/#primaryimage"},"image":{"@id":"https:\/\/blog.maciterneecolo.fr\/pt-pt\/porque-e-que-a-agua-se-vai-tornar-o-ouro-azul-do-seculo-xxi\/#primaryimage"},"thumbnailUrl":"https:\/\/blog.maciterneecolo.fr\/wp-content\/uploads\/2025\/03\/gold-4333047_1280.jpg","datePublished":"2025-04-30T09:25:46+00:00","description":"Descobre porque \u00e9 que o ouro azul est\u00e1 no centro das quest\u00f5es clim\u00e1ticas, pol\u00edticas e geopol\u00edticas do s\u00e9culo XXI.","breadcrumb":{"@id":"https:\/\/blog.maciterneecolo.fr\/pt-pt\/porque-e-que-a-agua-se-vai-tornar-o-ouro-azul-do-seculo-xxi\/#breadcrumb"},"inLanguage":"pt-PT","potentialAction":[{"@type":"ReadAction","target":["https:\/\/blog.maciterneecolo.fr\/pt-pt\/porque-e-que-a-agua-se-vai-tornar-o-ouro-azul-do-seculo-xxi\/"]}]},{"@type":"ImageObject","inLanguage":"pt-PT","@id":"https:\/\/blog.maciterneecolo.fr\/pt-pt\/porque-e-que-a-agua-se-vai-tornar-o-ouro-azul-do-seculo-xxi\/#primaryimage","url":"https:\/\/blog.maciterneecolo.fr\/wp-content\/uploads\/2025\/03\/gold-4333047_1280.jpg","contentUrl":"https:\/\/blog.maciterneecolo.fr\/wp-content\/uploads\/2025\/03\/gold-4333047_1280.jpg","width":1280,"height":721},{"@type":"BreadcrumbList","@id":"https:\/\/blog.maciterneecolo.fr\/pt-pt\/porque-e-que-a-agua-se-vai-tornar-o-ouro-azul-do-seculo-xxi\/#breadcrumb","itemListElement":[{"@type":"ListItem","position":1,"name":"Accueil","item":"https:\/\/blog.maciterneecolo.fr\/pt-pt\/"},{"@type":"ListItem","position":2,"name":"Porque \u00e9 que a \u00e1gua se vai tornar o ouro azul do s\u00e9culo XXI?"}]},{"@type":"WebSite","@id":"https:\/\/blog.maciterneecolo.fr\/pt-pt\/#website","url":"https:\/\/blog.maciterneecolo.fr\/pt-pt\/","name":"Blog Ma Citerne Ecolo","description":"Leader dans le domaine de la citerne souple d&#039;eau de pluie","publisher":{"@id":"https:\/\/blog.maciterneecolo.fr\/pt-pt\/#organization"},"potentialAction":[{"@type":"SearchAction","target":{"@type":"EntryPoint","urlTemplate":"https:\/\/blog.maciterneecolo.fr\/pt-pt\/?s={search_term_string}"},"query-input":{"@type":"PropertyValueSpecification","valueRequired":true,"valueName":"search_term_string"}}],"inLanguage":"pt-PT"},{"@type":"Organization","@id":"https:\/\/blog.maciterneecolo.fr\/pt-pt\/#organization","name":"Blog Ma Citerne Ecolo","url":"https:\/\/blog.maciterneecolo.fr\/pt-pt\/","logo":{"@type":"ImageObject","inLanguage":"pt-PT","@id":"https:\/\/blog.maciterneecolo.fr\/pt-pt\/#\/schema\/logo\/image\/","url":"https:\/\/blog.maciterneecolo.fr\/wp-content\/uploads\/2022\/12\/cropped-favicon-blog.png","contentUrl":"https:\/\/blog.maciterneecolo.fr\/wp-content\/uploads\/2022\/12\/cropped-favicon-blog.png","width":512,"height":512,"caption":"Blog Ma Citerne Ecolo"},"image":{"@id":"https:\/\/blog.maciterneecolo.fr\/pt-pt\/#\/schema\/logo\/image\/"}},{"@type":"Person","@id":"https:\/\/blog.maciterneecolo.fr\/pt-pt\/#\/schema\/person\/fe50d00b4e639107698e1ddead236943","name":"B\u00e9n\u00e9dicte Rebolloso","image":{"@type":"ImageObject","inLanguage":"pt-PT","@id":"https:\/\/secure.gravatar.com\/avatar\/ffa759db2a4d8ebb52a58b89d3dc2a9f0395a5122bb839045a145d6585de1126?s=96&d=mm&r=g","url":"https:\/\/secure.gravatar.com\/avatar\/ffa759db2a4d8ebb52a58b89d3dc2a9f0395a5122bb839045a145d6585de1126?s=96&d=mm&r=g","contentUrl":"https:\/\/secure.gravatar.com\/avatar\/ffa759db2a4d8ebb52a58b89d3dc2a9f0395a5122bb839045a145d6585de1126?s=96&d=mm&r=g","caption":"B\u00e9n\u00e9dicte Rebolloso"},"url":"https:\/\/blog.maciterneecolo.fr\/pt-pt\/author\/benedicterebolloso\/"}]}},"_links":{"self":[{"href":"https:\/\/blog.maciterneecolo.fr\/pt-pt\/wp-json\/wp\/v2\/posts\/13732","targetHints":{"allow":["GET"]}}],"collection":[{"href":"https:\/\/blog.maciterneecolo.fr\/pt-pt\/wp-json\/wp\/v2\/posts"}],"about":[{"href":"https:\/\/blog.maciterneecolo.fr\/pt-pt\/wp-json\/wp\/v2\/types\/post"}],"author":[{"embeddable":true,"href":"https:\/\/blog.maciterneecolo.fr\/pt-pt\/wp-json\/wp\/v2\/users\/4"}],"replies":[{"embeddable":true,"href":"https:\/\/blog.maciterneecolo.fr\/pt-pt\/wp-json\/wp\/v2\/comments?post=13732"}],"version-history":[{"count":1,"href":"https:\/\/blog.maciterneecolo.fr\/pt-pt\/wp-json\/wp\/v2\/posts\/13732\/revisions"}],"predecessor-version":[{"id":13734,"href":"https:\/\/blog.maciterneecolo.fr\/pt-pt\/wp-json\/wp\/v2\/posts\/13732\/revisions\/13734"}],"wp:featuredmedia":[{"embeddable":true,"href":"https:\/\/blog.maciterneecolo.fr\/pt-pt\/wp-json\/wp\/v2\/media\/13725"}],"wp:attachment":[{"href":"https:\/\/blog.maciterneecolo.fr\/pt-pt\/wp-json\/wp\/v2\/media?parent=13732"}],"wp:term":[{"taxonomy":"category","embeddable":true,"href":"https:\/\/blog.maciterneecolo.fr\/pt-pt\/wp-json\/wp\/v2\/categories?post=13732"},{"taxonomy":"post_tag","embeddable":true,"href":"https:\/\/blog.maciterneecolo.fr\/pt-pt\/wp-json\/wp\/v2\/tags?post=13732"}],"curies":[{"name":"wp","href":"https:\/\/api.w.org\/{rel}","templated":true}]}}