{"id":14048,"date":"2025-07-22T12:00:00","date_gmt":"2025-07-22T12:00:00","guid":{"rendered":"https:\/\/blog.maciterneecolo.fr\/?p=14048"},"modified":"2025-04-07T13:15:31","modified_gmt":"2025-04-07T13:15:31","slug":"sera-que-ainda-podemos-evitar-uma-falta-de-agua-generalizada-em-franca","status":"publish","type":"post","link":"https:\/\/blog.maciterneecolo.fr\/pt-pt\/sera-que-ainda-podemos-evitar-uma-falta-de-agua-generalizada-em-franca\/","title":{"rendered":"Ser\u00e1 que ainda podemos evitar uma falta de \u00e1gua generalizada em Fran\u00e7a?"},"content":{"rendered":"\n<p>A Fran\u00e7a enfrenta uma nova realidade: a \u00e1gua, um recurso vital que j\u00e1 foi abundante e pot\u00e1vel, est\u00e1 agora sob press\u00e3o. A causa? As altera\u00e7\u00f5es clim\u00e1ticas, o consumo excessivo, por vezes mal gerido, e os riscos crescentes associados a uma escassez generalizada.  <\/p>\n\n<p>Muitos pa\u00edses j\u00e1 est\u00e3o a sofrer as consequ\u00eancias dram\u00e1ticas da crescente escassez de \u00e1gua doce. O mundo est\u00e1 a entrar numa era em que cada gota conta. E a Fran\u00e7a, com a sua riqueza de rios, lagos e len\u00e7\u00f3is fre\u00e1ticos, j\u00e1 n\u00e3o \u00e9 poupada.  <\/p>\n\n<p>Podemos ainda evitar uma cat\u00e1strofe? Sim, se tomarmos medidas imediatas para preservar o nosso ambiente, adaptar os nossos usos, modernizar as nossas infra-estruturas e fazer da \u00e1gua uma prioridade nacional. <\/p>\n\n<h2 class=\"wp-block-heading\"><mark style=\"background-color:rgba(0, 0, 0, 0)\" class=\"has-inline-color has-vivid-cyan-blue-color\">Porque \u00e9 que existe um risco real de falta de \u00e1gua em Fran\u00e7a<\/mark><\/h2>\n\n<h3 class=\"wp-block-heading\"><mark style=\"background-color:rgba(0, 0, 0, 0);color:#2456ee\" class=\"has-inline-color\">Um ciclo da \u00e1gua perturbado pelas altera\u00e7\u00f5es clim\u00e1ticas<\/mark><\/h3>\n\n<p>O ciclo da \u00e1gua est\u00e1 a ficar fora de controlo. O aquecimento global est\u00e1 a provocar secas mais longas, chuvas menos frequentes e uma evapora\u00e7\u00e3o mais r\u00e1pida. Como resultado, os len\u00e7\u00f3is fre\u00e1ticos j\u00e1 n\u00e3o est\u00e3o a ser suficientemente recarregados.  <\/p>\n\n<p>Em Fran\u00e7a, os n\u00edveis de \u00e1gua est\u00e3o a atingir valores alarmantes em v\u00e1rias regi\u00f5es, nomeadamente no sudeste, sudoeste e parte do oeste. Em 2023, mais de 90 departamentos foram sujeitos a restri\u00e7\u00f5es de utiliza\u00e7\u00e3o da \u00e1gua. <\/p>\n\n<p>Os lagos est\u00e3o no seu ponto mais baixo, os rios s\u00e3o fr\u00e1geis e as zonas rurais e urbanas est\u00e3o preocupadas com o seu futuro. Esta situa\u00e7\u00e3o explica-se por uma combina\u00e7\u00e3o de secas sucessivas e de utiliza\u00e7\u00e3o intensiva, mas tamb\u00e9m por uma gest\u00e3o ainda demasiado fragmentada. <\/p>\n\n<h3 class=\"wp-block-heading\"><mark style=\"background-color:rgba(0, 0, 0, 0);color:#2456ee\" class=\"has-inline-color\">Consumo demasiado elevado e mal distribu\u00eddo<\/mark><\/h3>\n\n<p>A agricultura \u00e9 respons\u00e1vel por cerca de 45% do consumo de \u00e1gua em Fran\u00e7a, nomeadamente para a irriga\u00e7\u00e3o de culturas que consomem muita \u00e1gua, como o milho. E estas culturas s\u00e3o por vezes cultivadas em zonas j\u00e1 sob press\u00e3o. <\/p>\n\n<p>Simultaneamente, a popula\u00e7\u00e3o francesa est\u00e1 a crescer, aumentando a procura de \u00e1gua pot\u00e1vel e impermeabilizando o solo, impedindo a infiltra\u00e7\u00e3o natural no len\u00e7ol fre\u00e1tico. Ao mesmo tempo,<a href=\"https:\/\/blog.maciterneecolo.fr\/pt-pt\/recolha-de-agua-da-chuva-uma-solucao-para-as-fugas-de-agua-urbanas\/\"> as redes de \u00e1gua perdem at\u00e9 mil milh\u00f5es de metros c\u00fabicos por ano devido a fugas<\/a>: um verdadeiro desperd\u00edcio que agrava a escassez. <\/p>\n\n<p>A \u00e1gua \u00e9 utilizada de forma indiscriminada em muitos lares: lavar a loi\u00e7a na torneira, regar a meio do dia, tomar duches longos, defici\u00eancias na reutiliza\u00e7\u00e3o das \u00e1guas residuais. Estas utiliza\u00e7\u00f5es contribuem para aumentar a press\u00e3o sobre o recurso. <\/p>\n\n<h2 class=\"wp-block-heading\"><mark style=\"background-color:rgba(0, 0, 0, 0)\" class=\"has-inline-color has-vivid-cyan-blue-color\">Solu\u00e7\u00f5es pr\u00e1ticas para evitar a escassez de \u00e1gua<\/mark><\/h2>\n\n<h3 class=\"wp-block-heading\"><mark style=\"background-color:rgba(0, 0, 0, 0);color:#2456ee\" class=\"has-inline-color\">Reduzir os res\u00edduos e modernizar as redes<\/mark><\/h3>\n\n<p>A redu\u00e7\u00e3o das fugas \u00e9 uma das primeiras alavancas de a\u00e7\u00e3o. Em Fran\u00e7a, estas representam cerca de 20% do consumo total, ou seja, o equivalente a milhares de milh\u00f5es de litros de \u00e1gua pot\u00e1vel perdidos todos os anos. A renova\u00e7\u00e3o das infra-estruturas permitiria poupan\u00e7as imediatas.  <\/p>\n\n<p>\u00c9 tamb\u00e9m urgente :<\/p>\n\n<ul class=\"wp-block-list\">\n<li>desenvolver a reutiliza\u00e7\u00e3o das \u00e1guas residuais,<\/li>\n\n\n\n<li>moderniza o equipamento dos edif\u00edcios p\u00fablicos e privados,<\/li>\n\n\n\n<li>introduzir incentivos para os particulares: descargas de sanitas economizadoras de energia, arejadores, reservat\u00f3rios de recupera\u00e7\u00e3o, etc.<\/li>\n<\/ul>\n\n<p>A n\u00edvel local, algumas regi\u00f5es est\u00e3o a introduzir solu\u00e7\u00f5es ecol\u00f3gicas como bacias de reten\u00e7\u00e3o ou lagos artificiais para armazenar \u00e1gua doce durante os per\u00edodos de chuva.<\/p>\n\n<p>&#x1f449; Pour aller plus loin, d\u00e9couvrez sur <a class=\"\" href=\"https:\/\/www.maciterneecolo.fr\">maciterneecolo.fr<\/a> des syst\u00e8mes de r\u00e9cup\u00e9ration d\u2019eau de pluie efficaces et faciles \u00e0 installer dans votre jardin, votre exploitation ou vos locaux.<\/p>\n\n<h3 class=\"wp-block-heading\"><mark style=\"background-color:rgba(0, 0, 0, 0);color:#2456ee\" class=\"has-inline-color\">Adopter une consommation plus \u00e9cologique et responsable<\/mark><\/h3>\n\n<p>Chaque citoyen peut agir. R\u00e9duire sa consommation d\u2019eau, c\u2019est aussi limiter les risques de p\u00e9nurie. Voici quelques gestes simples et efficaces :<\/p>\n\n<ul class=\"wp-block-list\">\n<li>utiliser l\u2019eau de pluie pour le jardin,<\/li>\n\n\n\n<li>privil\u00e9gier les douches courtes,<\/li>\n\n\n\n<li>\u00e9viter le lavage des voitures avec de l\u2019eau potable,<\/li>\n\n\n\n<li>r\u00e9utiliser l\u2019eau douce de cuisson ou de rin\u00e7age pour arroser les plantes.<\/li>\n<\/ul>\n\n<p>Les collectivit\u00e9s peuvent, elles aussi, agir :<\/p>\n\n<ul class=\"wp-block-list\">\n<li>restreindre l\u2019arrosage public,<\/li>\n\n\n\n<li>v\u00e9g\u00e9taliser les villes avec des esp\u00e8ces r\u00e9sistantes \u00e0 la s\u00e9cheresse,<\/li>\n\n\n\n<li>adapter les horaires d\u2019arrosage pour \u00e9viter l\u2019\u00e9vaporation.<\/li>\n<\/ul>\n\n<p>La gestion de l\u2019eau doit devenir un enjeu \u00e9ducatif, enseign\u00e9 d\u00e8s l\u2019\u00e9cole, int\u00e9gr\u00e9 dans les programmes de sensibilisation, et accompagn\u00e9 de campagnes nationales pour informer sur les risques et les bons usages.<\/p>\n\n<h2 class=\"wp-block-heading\"><mark style=\"background-color:rgba(0, 0, 0, 0)\" class=\"has-inline-color has-vivid-cyan-blue-color\">La France peut-elle devenir un mod\u00e8le de r\u00e9silience hydrique ?<\/mark><\/h2>\n\n<h3 class=\"wp-block-heading\"><mark style=\"background-color:rgba(0, 0, 0, 0);color:#2456ee\" class=\"has-inline-color\">Des territoires exemplaires montrent la voie<\/mark><\/h3>\n\n<p>Certaines r\u00e9gions fran\u00e7aises sont d\u00e9j\u00e0 en avance. En Vend\u00e9e, par exemple, un vaste plan de s\u00e9curisation de l\u2019approvisionnement en eau a \u00e9t\u00e9 mis en \u0153uvre. Cela inclut :<\/p>\n\n<ul class=\"wp-block-list\">\n<li>des stations de traitement avanc\u00e9es,<\/li>\n\n\n\n<li>des interconnexions de r\u00e9seaux,<\/li>\n\n\n\n<li>des campagnes de r\u00e9duction de la consommation.<\/li>\n<\/ul>\n\n<p>D\u2019autres d\u00e9partements d\u00e9veloppent des solutions locales : plantations d\u2019arbres pour maintenir l\u2019humidit\u00e9 dans les sols, r\u00e9am\u00e9nagement de zones humides, ou restauration de zones d\u2019infiltration naturelles.<\/p>\n\n<p>Ces initiatives locales montrent qu\u2019avec une vision \u00e9cologique et une vraie coordination, il est possible de b\u00e2tir un mod\u00e8le r\u00e9silient, capable de r\u00e9pondre aux p\u00e9nuries et d\u2019affronter les al\u00e9as climatiques.<\/p>\n\n<h3 class=\"wp-block-heading\"><mark style=\"background-color:rgba(0, 0, 0, 0);color:#2456ee\" class=\"has-inline-color\">Une gouvernance de l\u2019eau \u00e0 repenser collectivement<\/mark><\/h3>\n\n<p>Aujourd\u2019hui, la gestion de l\u2019eau en France repose sur une multiplicit\u00e9 d\u2019acteurs. Il faut clarifier les responsabilit\u00e9s, mutualiser les moyens, et construire une vision partag\u00e9e.<\/p>\n\n<p>Cela implique :<\/p>\n\n<ul class=\"wp-block-list\">\n<li>des restrictions mieux anticip\u00e9es et mieux comprises,<\/li>\n\n\n\n<li>une r\u00e9vision des priorit\u00e9s entre usages agricoles, industriels et domestiques,<\/li>\n\n\n\n<li>une coop\u00e9ration entre les r\u00e9gions, les d\u00e9partements et l\u2019\u00c9tat.<\/li>\n<\/ul>\n\n<p>Il est \u00e9galement indispensable d\u2019int\u00e9grer l\u2019eau dans toutes les politiques publiques : urbanisme, environnement, sant\u00e9, \u00e9nergie. L\u2019eau ne peut plus \u00eatre pens\u00e9e en silo.<\/p>\n\n<h2 class=\"wp-block-heading\"><mark style=\"background-color:rgba(0, 0, 0, 0)\" class=\"has-inline-color has-vivid-cyan-blue-color\">Chaque goutte compte, chaque action aussi&#8230;<\/mark><\/h2>\n\n<p>La France, comme de nombreux pays, est confront\u00e9e \u00e0 une nouvelle urgence : celle de garantir l\u2019acc\u00e8s \u00e0 une eau douce, propre, accessible \u00e0 tous, et durable dans le temps.<\/p>\n\n<p>Face aux p\u00e9nuries, aux s\u00e9cheresses, aux restrictions, aux fuites, aux usages non ma\u00eetris\u00e9s, la mobilisation doit \u00eatre g\u00e9n\u00e9rale. Ce n\u2019est plus une simple question technique, mais un d\u00e9fi de soci\u00e9t\u00e9, un enjeu de survie \u00e9cologique et de justice territoriale.<\/p>\n\n<p>&#x1f4a7; Plus que jamais, chaque geste pour \u00e9conomiser l\u2019eau est un acte de r\u00e9silience.<br\/>&#x1f30d; Chaque litre pr\u00e9serv\u00e9 est une victoire pour notre environnement.<br\/>&#x1f3de;&#xfe0f; Et chaque solution locale contribue \u00e0 b\u00e2tir un mod\u00e8le fran\u00e7ais de gestion \u00e9cologique de l\u2019eau, reconnu dans le monde entier.<\/p>\n\n<p><\/p>\n","protected":false},"excerpt":{"rendered":"<p>A Fran\u00e7a enfrenta uma nova realidade: a \u00e1gua, um recurso vital que j\u00e1 foi abundante e pot\u00e1vel, est\u00e1 agora sob press\u00e3o. A causa? As altera\u00e7\u00f5es clim\u00e1ticas, o consumo excessivo, por vezes mal gerido, e os riscos crescentes associados a uma escassez generalizada. Muitos pa\u00edses j\u00e1 est\u00e3o a sofrer as consequ\u00eancias dram\u00e1ticas da crescente escassez de [&hellip;]<\/p>\n","protected":false},"author":4,"featured_media":14037,"comment_status":"open","ping_status":"closed","sticky":false,"template":"","format":"standard","meta":{"inline_featured_image":false,"footnotes":""},"categories":[65,105],"tags":[],"class_list":["post-14048","post","type-post","status-publish","format-standard","has-post-thumbnail","hentry","category-colhedores-de-agua-da-chuva","category-tudo-sobre-a-agua-da-chuva"],"yoast_head":"<!-- This site is optimized with the Yoast SEO plugin v27.5 - https:\/\/yoast.com\/product\/yoast-seo-wordpress\/ -->\n<title>Ser\u00e1 que ainda podemos evitar uma falta de \u00e1gua generalizada em Fran\u00e7a? - Blog Ma Citerne Ecolo<\/title>\n<meta name=\"description\" content=\"A Fran\u00e7a est\u00e1 a caminhar para uma escassez de \u00e1gua? Descobre as causas, as solu\u00e7\u00f5es e o que podes fazer para poupar \u00e1gua.\" \/>\n<meta name=\"robots\" content=\"index, follow, max-snippet:-1, max-image-preview:large, max-video-preview:-1\" \/>\n<link rel=\"canonical\" href=\"https:\/\/blog.maciterneecolo.fr\/pt-pt\/sera-que-ainda-podemos-evitar-uma-falta-de-agua-generalizada-em-franca\/\" \/>\n<meta property=\"og:locale\" content=\"pt_PT\" \/>\n<meta property=\"og:type\" content=\"article\" \/>\n<meta property=\"og:title\" content=\"Ser\u00e1 que ainda podemos evitar uma falta de \u00e1gua generalizada em Fran\u00e7a? - Blog Ma Citerne Ecolo\" \/>\n<meta property=\"og:description\" content=\"A Fran\u00e7a est\u00e1 a caminhar para uma escassez de \u00e1gua? Descobre as causas, as solu\u00e7\u00f5es e o que podes fazer para poupar \u00e1gua.\" \/>\n<meta property=\"og:url\" content=\"https:\/\/blog.maciterneecolo.fr\/pt-pt\/sera-que-ainda-podemos-evitar-uma-falta-de-agua-generalizada-em-franca\/\" \/>\n<meta property=\"og:site_name\" content=\"Blog Ma Citerne Ecolo\" \/>\n<meta property=\"article:published_time\" content=\"2025-07-22T12:00:00+00:00\" \/>\n<meta property=\"og:image\" content=\"https:\/\/blog.maciterneecolo.fr\/wp-content\/uploads\/2025\/04\/earth-3545203_1280.jpg\" \/>\n\t<meta property=\"og:image:width\" content=\"1280\" \/>\n\t<meta property=\"og:image:height\" content=\"854\" \/>\n\t<meta property=\"og:image:type\" content=\"image\/jpeg\" \/>\n<meta name=\"author\" content=\"B\u00e9n\u00e9dicte Rebolloso\" \/>\n<meta name=\"twitter:card\" content=\"summary_large_image\" \/>\n<meta name=\"twitter:label1\" content=\"Escrito por\" \/>\n\t<meta name=\"twitter:data1\" content=\"B\u00e9n\u00e9dicte Rebolloso\" \/>\n\t<meta name=\"twitter:label2\" content=\"Tempo estimado de leitura\" \/>\n\t<meta name=\"twitter:data2\" content=\"6 minutos\" \/>\n<script type=\"application\/ld+json\" class=\"yoast-schema-graph\">{\"@context\":\"https:\\\/\\\/schema.org\",\"@graph\":[{\"@type\":\"Article\",\"@id\":\"https:\\\/\\\/blog.maciterneecolo.fr\\\/pt-pt\\\/sera-que-ainda-podemos-evitar-uma-falta-de-agua-generalizada-em-franca\\\/#article\",\"isPartOf\":{\"@id\":\"https:\\\/\\\/blog.maciterneecolo.fr\\\/pt-pt\\\/sera-que-ainda-podemos-evitar-uma-falta-de-agua-generalizada-em-franca\\\/\"},\"author\":{\"name\":\"B\u00e9n\u00e9dicte Rebolloso\",\"@id\":\"https:\\\/\\\/blog.maciterneecolo.fr\\\/pt-pt\\\/#\\\/schema\\\/person\\\/fe50d00b4e639107698e1ddead236943\"},\"headline\":\"Ser\u00e1 que ainda podemos evitar uma falta de \u00e1gua generalizada em Fran\u00e7a?\",\"datePublished\":\"2025-07-22T12:00:00+00:00\",\"mainEntityOfPage\":{\"@id\":\"https:\\\/\\\/blog.maciterneecolo.fr\\\/pt-pt\\\/sera-que-ainda-podemos-evitar-uma-falta-de-agua-generalizada-em-franca\\\/\"},\"wordCount\":1149,\"commentCount\":0,\"publisher\":{\"@id\":\"https:\\\/\\\/blog.maciterneecolo.fr\\\/pt-pt\\\/#organization\"},\"image\":{\"@id\":\"https:\\\/\\\/blog.maciterneecolo.fr\\\/pt-pt\\\/sera-que-ainda-podemos-evitar-uma-falta-de-agua-generalizada-em-franca\\\/#primaryimage\"},\"thumbnailUrl\":\"https:\\\/\\\/blog.maciterneecolo.fr\\\/wp-content\\\/uploads\\\/2025\\\/04\\\/earth-3545203_1280.jpg\",\"articleSection\":[\"Colhedores de \u00e1gua da chuva\",\"Tudo sobre a \u00e1gua da chuva\"],\"inLanguage\":\"pt-PT\",\"potentialAction\":[{\"@type\":\"CommentAction\",\"name\":\"Comment\",\"target\":[\"https:\\\/\\\/blog.maciterneecolo.fr\\\/pt-pt\\\/sera-que-ainda-podemos-evitar-uma-falta-de-agua-generalizada-em-franca\\\/#respond\"]}]},{\"@type\":\"WebPage\",\"@id\":\"https:\\\/\\\/blog.maciterneecolo.fr\\\/pt-pt\\\/sera-que-ainda-podemos-evitar-uma-falta-de-agua-generalizada-em-franca\\\/\",\"url\":\"https:\\\/\\\/blog.maciterneecolo.fr\\\/pt-pt\\\/sera-que-ainda-podemos-evitar-uma-falta-de-agua-generalizada-em-franca\\\/\",\"name\":\"Ser\u00e1 que ainda podemos evitar uma falta de \u00e1gua generalizada em Fran\u00e7a? - Blog Ma Citerne Ecolo\",\"isPartOf\":{\"@id\":\"https:\\\/\\\/blog.maciterneecolo.fr\\\/pt-pt\\\/#website\"},\"primaryImageOfPage\":{\"@id\":\"https:\\\/\\\/blog.maciterneecolo.fr\\\/pt-pt\\\/sera-que-ainda-podemos-evitar-uma-falta-de-agua-generalizada-em-franca\\\/#primaryimage\"},\"image\":{\"@id\":\"https:\\\/\\\/blog.maciterneecolo.fr\\\/pt-pt\\\/sera-que-ainda-podemos-evitar-uma-falta-de-agua-generalizada-em-franca\\\/#primaryimage\"},\"thumbnailUrl\":\"https:\\\/\\\/blog.maciterneecolo.fr\\\/wp-content\\\/uploads\\\/2025\\\/04\\\/earth-3545203_1280.jpg\",\"datePublished\":\"2025-07-22T12:00:00+00:00\",\"description\":\"A Fran\u00e7a est\u00e1 a caminhar para uma escassez de \u00e1gua? Descobre as causas, as solu\u00e7\u00f5es e o que podes fazer para poupar \u00e1gua.\",\"breadcrumb\":{\"@id\":\"https:\\\/\\\/blog.maciterneecolo.fr\\\/pt-pt\\\/sera-que-ainda-podemos-evitar-uma-falta-de-agua-generalizada-em-franca\\\/#breadcrumb\"},\"inLanguage\":\"pt-PT\",\"potentialAction\":[{\"@type\":\"ReadAction\",\"target\":[\"https:\\\/\\\/blog.maciterneecolo.fr\\\/pt-pt\\\/sera-que-ainda-podemos-evitar-uma-falta-de-agua-generalizada-em-franca\\\/\"]}]},{\"@type\":\"ImageObject\",\"inLanguage\":\"pt-PT\",\"@id\":\"https:\\\/\\\/blog.maciterneecolo.fr\\\/pt-pt\\\/sera-que-ainda-podemos-evitar-uma-falta-de-agua-generalizada-em-franca\\\/#primaryimage\",\"url\":\"https:\\\/\\\/blog.maciterneecolo.fr\\\/wp-content\\\/uploads\\\/2025\\\/04\\\/earth-3545203_1280.jpg\",\"contentUrl\":\"https:\\\/\\\/blog.maciterneecolo.fr\\\/wp-content\\\/uploads\\\/2025\\\/04\\\/earth-3545203_1280.jpg\",\"width\":1280,\"height\":854},{\"@type\":\"BreadcrumbList\",\"@id\":\"https:\\\/\\\/blog.maciterneecolo.fr\\\/pt-pt\\\/sera-que-ainda-podemos-evitar-uma-falta-de-agua-generalizada-em-franca\\\/#breadcrumb\",\"itemListElement\":[{\"@type\":\"ListItem\",\"position\":1,\"name\":\"Accueil\",\"item\":\"https:\\\/\\\/blog.maciterneecolo.fr\\\/pt-pt\\\/\"},{\"@type\":\"ListItem\",\"position\":2,\"name\":\"Ser\u00e1 que ainda podemos evitar uma falta de \u00e1gua generalizada em Fran\u00e7a?\"}]},{\"@type\":\"WebSite\",\"@id\":\"https:\\\/\\\/blog.maciterneecolo.fr\\\/pt-pt\\\/#website\",\"url\":\"https:\\\/\\\/blog.maciterneecolo.fr\\\/pt-pt\\\/\",\"name\":\"Blog Ma Citerne Ecolo\",\"description\":\"Leader dans le domaine de la citerne souple d&#039;eau de pluie\",\"publisher\":{\"@id\":\"https:\\\/\\\/blog.maciterneecolo.fr\\\/pt-pt\\\/#organization\"},\"potentialAction\":[{\"@type\":\"SearchAction\",\"target\":{\"@type\":\"EntryPoint\",\"urlTemplate\":\"https:\\\/\\\/blog.maciterneecolo.fr\\\/pt-pt\\\/?s={search_term_string}\"},\"query-input\":{\"@type\":\"PropertyValueSpecification\",\"valueRequired\":true,\"valueName\":\"search_term_string\"}}],\"inLanguage\":\"pt-PT\"},{\"@type\":\"Organization\",\"@id\":\"https:\\\/\\\/blog.maciterneecolo.fr\\\/pt-pt\\\/#organization\",\"name\":\"Blog Ma Citerne Ecolo\",\"url\":\"https:\\\/\\\/blog.maciterneecolo.fr\\\/pt-pt\\\/\",\"logo\":{\"@type\":\"ImageObject\",\"inLanguage\":\"pt-PT\",\"@id\":\"https:\\\/\\\/blog.maciterneecolo.fr\\\/pt-pt\\\/#\\\/schema\\\/logo\\\/image\\\/\",\"url\":\"https:\\\/\\\/blog.maciterneecolo.fr\\\/wp-content\\\/uploads\\\/2022\\\/12\\\/cropped-favicon-blog.png\",\"contentUrl\":\"https:\\\/\\\/blog.maciterneecolo.fr\\\/wp-content\\\/uploads\\\/2022\\\/12\\\/cropped-favicon-blog.png\",\"width\":512,\"height\":512,\"caption\":\"Blog Ma Citerne Ecolo\"},\"image\":{\"@id\":\"https:\\\/\\\/blog.maciterneecolo.fr\\\/pt-pt\\\/#\\\/schema\\\/logo\\\/image\\\/\"}},{\"@type\":\"Person\",\"@id\":\"https:\\\/\\\/blog.maciterneecolo.fr\\\/pt-pt\\\/#\\\/schema\\\/person\\\/fe50d00b4e639107698e1ddead236943\",\"name\":\"B\u00e9n\u00e9dicte Rebolloso\",\"image\":{\"@type\":\"ImageObject\",\"inLanguage\":\"pt-PT\",\"@id\":\"https:\\\/\\\/secure.gravatar.com\\\/avatar\\\/ffa759db2a4d8ebb52a58b89d3dc2a9f0395a5122bb839045a145d6585de1126?s=96&d=mm&r=g\",\"url\":\"https:\\\/\\\/secure.gravatar.com\\\/avatar\\\/ffa759db2a4d8ebb52a58b89d3dc2a9f0395a5122bb839045a145d6585de1126?s=96&d=mm&r=g\",\"contentUrl\":\"https:\\\/\\\/secure.gravatar.com\\\/avatar\\\/ffa759db2a4d8ebb52a58b89d3dc2a9f0395a5122bb839045a145d6585de1126?s=96&d=mm&r=g\",\"caption\":\"B\u00e9n\u00e9dicte Rebolloso\"},\"url\":\"https:\\\/\\\/blog.maciterneecolo.fr\\\/pt-pt\\\/author\\\/benedicterebolloso\\\/\"}]}<\/script>\n<!-- \/ Yoast SEO plugin. -->","yoast_head_json":{"title":"Ser\u00e1 que ainda podemos evitar uma falta de \u00e1gua generalizada em Fran\u00e7a? - Blog Ma Citerne Ecolo","description":"A Fran\u00e7a est\u00e1 a caminhar para uma escassez de \u00e1gua? Descobre as causas, as solu\u00e7\u00f5es e o que podes fazer para poupar \u00e1gua.","robots":{"index":"index","follow":"follow","max-snippet":"max-snippet:-1","max-image-preview":"max-image-preview:large","max-video-preview":"max-video-preview:-1"},"canonical":"https:\/\/blog.maciterneecolo.fr\/pt-pt\/sera-que-ainda-podemos-evitar-uma-falta-de-agua-generalizada-em-franca\/","og_locale":"pt_PT","og_type":"article","og_title":"Ser\u00e1 que ainda podemos evitar uma falta de \u00e1gua generalizada em Fran\u00e7a? - Blog Ma Citerne Ecolo","og_description":"A Fran\u00e7a est\u00e1 a caminhar para uma escassez de \u00e1gua? Descobre as causas, as solu\u00e7\u00f5es e o que podes fazer para poupar \u00e1gua.","og_url":"https:\/\/blog.maciterneecolo.fr\/pt-pt\/sera-que-ainda-podemos-evitar-uma-falta-de-agua-generalizada-em-franca\/","og_site_name":"Blog Ma Citerne Ecolo","article_published_time":"2025-07-22T12:00:00+00:00","og_image":[{"width":1280,"height":854,"url":"https:\/\/blog.maciterneecolo.fr\/wp-content\/uploads\/2025\/04\/earth-3545203_1280.jpg","type":"image\/jpeg"}],"author":"B\u00e9n\u00e9dicte Rebolloso","twitter_card":"summary_large_image","twitter_misc":{"Escrito por":"B\u00e9n\u00e9dicte Rebolloso","Tempo estimado de leitura":"6 minutos"},"schema":{"@context":"https:\/\/schema.org","@graph":[{"@type":"Article","@id":"https:\/\/blog.maciterneecolo.fr\/pt-pt\/sera-que-ainda-podemos-evitar-uma-falta-de-agua-generalizada-em-franca\/#article","isPartOf":{"@id":"https:\/\/blog.maciterneecolo.fr\/pt-pt\/sera-que-ainda-podemos-evitar-uma-falta-de-agua-generalizada-em-franca\/"},"author":{"name":"B\u00e9n\u00e9dicte Rebolloso","@id":"https:\/\/blog.maciterneecolo.fr\/pt-pt\/#\/schema\/person\/fe50d00b4e639107698e1ddead236943"},"headline":"Ser\u00e1 que ainda podemos evitar uma falta de \u00e1gua generalizada em Fran\u00e7a?","datePublished":"2025-07-22T12:00:00+00:00","mainEntityOfPage":{"@id":"https:\/\/blog.maciterneecolo.fr\/pt-pt\/sera-que-ainda-podemos-evitar-uma-falta-de-agua-generalizada-em-franca\/"},"wordCount":1149,"commentCount":0,"publisher":{"@id":"https:\/\/blog.maciterneecolo.fr\/pt-pt\/#organization"},"image":{"@id":"https:\/\/blog.maciterneecolo.fr\/pt-pt\/sera-que-ainda-podemos-evitar-uma-falta-de-agua-generalizada-em-franca\/#primaryimage"},"thumbnailUrl":"https:\/\/blog.maciterneecolo.fr\/wp-content\/uploads\/2025\/04\/earth-3545203_1280.jpg","articleSection":["Colhedores de \u00e1gua da chuva","Tudo sobre a \u00e1gua da chuva"],"inLanguage":"pt-PT","potentialAction":[{"@type":"CommentAction","name":"Comment","target":["https:\/\/blog.maciterneecolo.fr\/pt-pt\/sera-que-ainda-podemos-evitar-uma-falta-de-agua-generalizada-em-franca\/#respond"]}]},{"@type":"WebPage","@id":"https:\/\/blog.maciterneecolo.fr\/pt-pt\/sera-que-ainda-podemos-evitar-uma-falta-de-agua-generalizada-em-franca\/","url":"https:\/\/blog.maciterneecolo.fr\/pt-pt\/sera-que-ainda-podemos-evitar-uma-falta-de-agua-generalizada-em-franca\/","name":"Ser\u00e1 que ainda podemos evitar uma falta de \u00e1gua generalizada em Fran\u00e7a? - Blog Ma Citerne Ecolo","isPartOf":{"@id":"https:\/\/blog.maciterneecolo.fr\/pt-pt\/#website"},"primaryImageOfPage":{"@id":"https:\/\/blog.maciterneecolo.fr\/pt-pt\/sera-que-ainda-podemos-evitar-uma-falta-de-agua-generalizada-em-franca\/#primaryimage"},"image":{"@id":"https:\/\/blog.maciterneecolo.fr\/pt-pt\/sera-que-ainda-podemos-evitar-uma-falta-de-agua-generalizada-em-franca\/#primaryimage"},"thumbnailUrl":"https:\/\/blog.maciterneecolo.fr\/wp-content\/uploads\/2025\/04\/earth-3545203_1280.jpg","datePublished":"2025-07-22T12:00:00+00:00","description":"A Fran\u00e7a est\u00e1 a caminhar para uma escassez de \u00e1gua? Descobre as causas, as solu\u00e7\u00f5es e o que podes fazer para poupar \u00e1gua.","breadcrumb":{"@id":"https:\/\/blog.maciterneecolo.fr\/pt-pt\/sera-que-ainda-podemos-evitar-uma-falta-de-agua-generalizada-em-franca\/#breadcrumb"},"inLanguage":"pt-PT","potentialAction":[{"@type":"ReadAction","target":["https:\/\/blog.maciterneecolo.fr\/pt-pt\/sera-que-ainda-podemos-evitar-uma-falta-de-agua-generalizada-em-franca\/"]}]},{"@type":"ImageObject","inLanguage":"pt-PT","@id":"https:\/\/blog.maciterneecolo.fr\/pt-pt\/sera-que-ainda-podemos-evitar-uma-falta-de-agua-generalizada-em-franca\/#primaryimage","url":"https:\/\/blog.maciterneecolo.fr\/wp-content\/uploads\/2025\/04\/earth-3545203_1280.jpg","contentUrl":"https:\/\/blog.maciterneecolo.fr\/wp-content\/uploads\/2025\/04\/earth-3545203_1280.jpg","width":1280,"height":854},{"@type":"BreadcrumbList","@id":"https:\/\/blog.maciterneecolo.fr\/pt-pt\/sera-que-ainda-podemos-evitar-uma-falta-de-agua-generalizada-em-franca\/#breadcrumb","itemListElement":[{"@type":"ListItem","position":1,"name":"Accueil","item":"https:\/\/blog.maciterneecolo.fr\/pt-pt\/"},{"@type":"ListItem","position":2,"name":"Ser\u00e1 que ainda podemos evitar uma falta de \u00e1gua generalizada em Fran\u00e7a?"}]},{"@type":"WebSite","@id":"https:\/\/blog.maciterneecolo.fr\/pt-pt\/#website","url":"https:\/\/blog.maciterneecolo.fr\/pt-pt\/","name":"Blog Ma Citerne Ecolo","description":"Leader dans le domaine de la citerne souple d&#039;eau de pluie","publisher":{"@id":"https:\/\/blog.maciterneecolo.fr\/pt-pt\/#organization"},"potentialAction":[{"@type":"SearchAction","target":{"@type":"EntryPoint","urlTemplate":"https:\/\/blog.maciterneecolo.fr\/pt-pt\/?s={search_term_string}"},"query-input":{"@type":"PropertyValueSpecification","valueRequired":true,"valueName":"search_term_string"}}],"inLanguage":"pt-PT"},{"@type":"Organization","@id":"https:\/\/blog.maciterneecolo.fr\/pt-pt\/#organization","name":"Blog Ma Citerne Ecolo","url":"https:\/\/blog.maciterneecolo.fr\/pt-pt\/","logo":{"@type":"ImageObject","inLanguage":"pt-PT","@id":"https:\/\/blog.maciterneecolo.fr\/pt-pt\/#\/schema\/logo\/image\/","url":"https:\/\/blog.maciterneecolo.fr\/wp-content\/uploads\/2022\/12\/cropped-favicon-blog.png","contentUrl":"https:\/\/blog.maciterneecolo.fr\/wp-content\/uploads\/2022\/12\/cropped-favicon-blog.png","width":512,"height":512,"caption":"Blog Ma Citerne Ecolo"},"image":{"@id":"https:\/\/blog.maciterneecolo.fr\/pt-pt\/#\/schema\/logo\/image\/"}},{"@type":"Person","@id":"https:\/\/blog.maciterneecolo.fr\/pt-pt\/#\/schema\/person\/fe50d00b4e639107698e1ddead236943","name":"B\u00e9n\u00e9dicte Rebolloso","image":{"@type":"ImageObject","inLanguage":"pt-PT","@id":"https:\/\/secure.gravatar.com\/avatar\/ffa759db2a4d8ebb52a58b89d3dc2a9f0395a5122bb839045a145d6585de1126?s=96&d=mm&r=g","url":"https:\/\/secure.gravatar.com\/avatar\/ffa759db2a4d8ebb52a58b89d3dc2a9f0395a5122bb839045a145d6585de1126?s=96&d=mm&r=g","contentUrl":"https:\/\/secure.gravatar.com\/avatar\/ffa759db2a4d8ebb52a58b89d3dc2a9f0395a5122bb839045a145d6585de1126?s=96&d=mm&r=g","caption":"B\u00e9n\u00e9dicte Rebolloso"},"url":"https:\/\/blog.maciterneecolo.fr\/pt-pt\/author\/benedicterebolloso\/"}]}},"_links":{"self":[{"href":"https:\/\/blog.maciterneecolo.fr\/pt-pt\/wp-json\/wp\/v2\/posts\/14048","targetHints":{"allow":["GET"]}}],"collection":[{"href":"https:\/\/blog.maciterneecolo.fr\/pt-pt\/wp-json\/wp\/v2\/posts"}],"about":[{"href":"https:\/\/blog.maciterneecolo.fr\/pt-pt\/wp-json\/wp\/v2\/types\/post"}],"author":[{"embeddable":true,"href":"https:\/\/blog.maciterneecolo.fr\/pt-pt\/wp-json\/wp\/v2\/users\/4"}],"replies":[{"embeddable":true,"href":"https:\/\/blog.maciterneecolo.fr\/pt-pt\/wp-json\/wp\/v2\/comments?post=14048"}],"version-history":[{"count":1,"href":"https:\/\/blog.maciterneecolo.fr\/pt-pt\/wp-json\/wp\/v2\/posts\/14048\/revisions"}],"predecessor-version":[{"id":14049,"href":"https:\/\/blog.maciterneecolo.fr\/pt-pt\/wp-json\/wp\/v2\/posts\/14048\/revisions\/14049"}],"wp:featuredmedia":[{"embeddable":true,"href":"https:\/\/blog.maciterneecolo.fr\/pt-pt\/wp-json\/wp\/v2\/media\/14037"}],"wp:attachment":[{"href":"https:\/\/blog.maciterneecolo.fr\/pt-pt\/wp-json\/wp\/v2\/media?parent=14048"}],"wp:term":[{"taxonomy":"category","embeddable":true,"href":"https:\/\/blog.maciterneecolo.fr\/pt-pt\/wp-json\/wp\/v2\/categories?post=14048"},{"taxonomy":"post_tag","embeddable":true,"href":"https:\/\/blog.maciterneecolo.fr\/pt-pt\/wp-json\/wp\/v2\/tags?post=14048"}],"curies":[{"name":"wp","href":"https:\/\/api.w.org\/{rel}","templated":true}]}}