{"id":14092,"date":"2025-07-30T13:50:00","date_gmt":"2025-07-30T13:50:00","guid":{"rendered":"https:\/\/blog.maciterneecolo.fr\/?p=14092"},"modified":"2025-04-07T14:22:04","modified_gmt":"2025-04-07T14:22:04","slug":"quais-sao-os-empregos-do-futuro-relacionados-com-a-agua-e-a-ecologia","status":"publish","type":"post","link":"https:\/\/blog.maciterneecolo.fr\/pt-pt\/quais-sao-os-empregos-do-futuro-relacionados-com-a-agua-e-a-ecologia\/","title":{"rendered":"Quais s\u00e3o os empregos do futuro relacionados com a \u00e1gua e a ecologia?"},"content":{"rendered":"\n<p>Perante a urg\u00eancia das altera\u00e7\u00f5es clim\u00e1ticas e o esgotamento dos recursos, o mundo do trabalho est\u00e1 a mudar. Est\u00e3o a surgir novas profiss\u00f5es, impulsionadas pela transi\u00e7\u00e3o ecol\u00f3gica e pelos desafios associados \u00e0 gest\u00e3o da \u00e1gua, \u00e0 prote\u00e7\u00e3o do ambiente e ao desenvolvimento sustent\u00e1vel. Estas profiss\u00f5es do futuro j\u00e1 n\u00e3o s\u00e3o apenas para investigadores ou ecologistas empenhados, mas afectam agora todos os sectores da economia.  <\/p>\n\n<p>Em Fran\u00e7a e noutros pa\u00edses, as empresas e as autarquias locais est\u00e3o a recrutar em massa nestes dom\u00ednios para responder \u00e0 procura crescente de solu\u00e7\u00f5es sustent\u00e1veis. Para os jovens que procuram uma orienta\u00e7\u00e3o profissional, para os adultos que procuram uma reciclagem ou para os profissionais que procuram dar um sentido \u00e0 sua carreira, as profiss\u00f5es ligadas \u00e0 \u00e1gua e \u00e0 ecologia oferecem verdadeiras oportunidades de futuro. <\/p>\n\n<h2 class=\"wp-block-heading\"><mark style=\"background-color:rgba(0, 0, 0, 0)\" class=\"has-inline-color has-vivid-cyan-blue-color\">Porque \u00e9 que as profiss\u00f5es ligadas \u00e0 \u00e1gua e \u00e0 ecologia v\u00e3o explodir nos pr\u00f3ximos anos?<\/mark><\/h2>\n\n<h3 class=\"wp-block-heading\"><mark style=\"background-color:rgba(0, 0, 0, 0);color:#1351d7\" class=\"has-inline-color\">Uma emerg\u00eancia clim\u00e1tica que cria novas necessidades<\/mark><\/h3>\n\n<p>Altera\u00e7\u00f5es clim\u00e1ticas, perda de biodiversidade, escassez de \u00e1gua, acumula\u00e7\u00e3o de res\u00edduos: estes grandes desafios obrigam-nos a repensar o nosso modelo de desenvolvimento. Torna-se indispens\u00e1vel assegurar uma gest\u00e3o sustent\u00e1vel dos recursos naturais, nomeadamente da \u00e1gua, que \u00e9 hoje considerada um bem estrat\u00e9gico. <\/p>\n\n<p>Neste contexto, muitos sectores est\u00e3o a adaptar-se: agricultura, energia, planeamento urbano, tratamento de \u00e1guas, ind\u00fastria, transportes, etc. Cada dom\u00ednio precisa de novos perfis, com compet\u00eancias ecol\u00f3gicas, t\u00e9cnicas ou interdisciplinares, para cumprir os objectivos da transi\u00e7\u00e3o energ\u00e9tica e do respeito pelo planeta. <\/p>\n\n<p>As energias renov\u00e1veis, a gest\u00e3o de res\u00edduos, o tratamento de \u00e1guas residuais, a produ\u00e7\u00e3o de \u00e1gua pot\u00e1vel e a renova\u00e7\u00e3o de edif\u00edcios ecol\u00f3gicos s\u00e3o tarefas que exigem especialistas formados e motivados.<\/p>\n\n<h3 class=\"wp-block-heading\"><mark style=\"background-color:rgba(0, 0, 0, 0);color:#1351d7\" class=\"has-inline-color\">Uma mudan\u00e7a econ\u00f3mica e pol\u00edtica a favor da ecologia<\/mark><\/h3>\n\n<p>A Fran\u00e7a e a Uni\u00e3o Europeia puseram em pr\u00e1tica uma s\u00e9rie de planos ambiciosos para apoiar os empregos verdes. A Lei da Transi\u00e7\u00e3o Energ\u00e9tica, o Pacto Verde Europeu e as pol\u00edticas locais de energia e de ambiente favorecem o aparecimento de forma\u00e7\u00f5es profissionais e de novas oportunidades de emprego. <\/p>\n\n<p>De acordo com a ADEME, mais de um milh\u00e3o de empregos ser\u00e3o afectados pela transi\u00e7\u00e3o ecol\u00f3gica at\u00e9 2030. N\u00e3o s\u00f3 ser\u00e3o criados novos empregos, como os empregos existentes tamb\u00e9m evoluir\u00e3o, tornando-se essenciais as compet\u00eancias ambientais. <\/p>\n\n<p>O sector da \u00e1gua, em particular, est\u00e1 preocupado com a moderniza\u00e7\u00e3o das redes, a luta contra as fugas, a adapta\u00e7\u00e3o ao stress h\u00eddrico, o tratamento da \u00e1gua, etc. Para estas tarefas, s\u00e3o necess\u00e1rios t\u00e9cnicos, engenheiros e operadores no terreno, bem como pessoas com forma\u00e7\u00e3o em gest\u00e3o de projectos, engenharia ou planeamento. <\/p>\n\n<h2 class=\"wp-block-heading\"><mark style=\"background-color:rgba(0, 0, 0, 0)\" class=\"has-inline-color has-vivid-cyan-blue-color\">Quais s\u00e3o as carreiras do futuro no sector da \u00e1gua?<\/mark><\/h2>\n\n<h3 class=\"wp-block-heading\"><mark style=\"background-color:rgba(0, 0, 0, 0);color:#1351d7\" class=\"has-inline-color\">Profiss\u00f5es t\u00e9cnicas e de campo<\/mark><\/h3>\n\n<p>No terreno, a transi\u00e7\u00e3o est\u00e1 a acelerar. Empregos como t\u00e9cnico de tratamento de \u00e1gua, operador de esta\u00e7\u00e3o de tratamento de \u00e1guas residuais ou operador de rede de \u00e1gua pot\u00e1vel est\u00e3o a tornar-se essenciais se quisermos prestar um servi\u00e7o p\u00fablico de alta qualidade face \u00e0s altera\u00e7\u00f5es clim\u00e1ticas. <\/p>\n\n<p>Estas profiss\u00f5es exigem uma forma\u00e7\u00e3o profissional espec\u00edfica, acess\u00edvel a partir do bacharelato ou do bac+2 (BTS GEMEAU, BTSA, etc.). Requerem uma boa resist\u00eancia f\u00edsica, gosto pelo trabalho no campo e uma consci\u00eancia da prote\u00e7\u00e3o do ambiente. <\/p>\n\n<p>O t\u00e9cnico de servi\u00e7o da rede de \u00e1gua \u00e9 respons\u00e1vel pela manuten\u00e7\u00e3o, tratamento, controlo de qualidade e repara\u00e7\u00e3o das instala\u00e7\u00f5es. O agente de fiscaliza\u00e7\u00e3o controla a conformidade das instala\u00e7\u00f5es de tratamento de \u00e1guas residuais. <\/p>\n\n<p>Nestes cargos, a manuten\u00e7\u00e3o regular, o rigor e a capacidade de resposta s\u00e3o qualidades procuradas. Os sal\u00e1rios come\u00e7am em cerca de 1.800 euros l\u00edquidos, com perspectivas de promo\u00e7\u00e3o a chefe de equipa. <\/p>\n\n<h3 class=\"wp-block-heading\"><mark style=\"background-color:rgba(0, 0, 0, 0);color:#1351d7\" class=\"has-inline-color\">Profiss\u00f5es de engenharia e investiga\u00e7\u00e3o<\/mark><\/h3>\n\n<p>Ao mesmo tempo, h\u00e1 uma grande procura de perfis mais especializados. Engenheiros hidr\u00e1ulicos, hidroge\u00f3logos, especialistas em tratamento de \u00e1gua e investigadores do ciclo da \u00e1gua est\u00e3o todos envolvidos na conce\u00e7\u00e3o de solu\u00e7\u00f5es inovadoras para preservar os recursos h\u00eddricos. <\/p>\n\n<p>Est\u00e3o a trabalhar em :<\/p>\n\n<ul class=\"wp-block-list\">\n<li>qualidade da \u00e1gua (dete\u00e7\u00e3o de poluentes, tratamento de micropoluentes),<\/li>\n\n\n\n<li>otimiza\u00e7\u00e3o das redes de irriga\u00e7\u00e3o ou de distribui\u00e7\u00e3o,<\/li>\n\n\n\n<li>modela\u00e7\u00e3o de rios e inunda\u00e7\u00f5es,<\/li>\n\n\n\n<li>bem como projectos de dessaliniza\u00e7\u00e3o e de recupera\u00e7\u00e3o de \u00e1guas pluviais.<\/li>\n<\/ul>\n\n<p>Estes empregos exigem uma forma\u00e7\u00e3o avan\u00e7ada, frequentemente 5 anos de ensino superior (escolas de engenharia, mestrados universit\u00e1rios em ambiente, \u00e1gua ou engenharia sustent\u00e1vel).<\/p>\n\n<p>As oportunidades de carreira s\u00e3o muito variadas: consultoras, empresas de obras p\u00fablicas, autarquias locais, ONG, empresas de tecnologia limpa, etc. Os engenheiros especializados em \u00e1gua e ecologia est\u00e3o entre os perfis mais procurados atualmente. <\/p>\n\n<h2 class=\"wp-block-heading\"><mark style=\"background-color:rgba(0, 0, 0, 0)\" class=\"has-inline-color has-vivid-cyan-blue-color\">Profiss\u00f5es verdes ao servi\u00e7o do planeta: para al\u00e9m da \u00e1gua<\/mark><\/h2>\n\n<h3 class=\"wp-block-heading\"><mark style=\"background-color:rgba(0, 0, 0, 0);color:#1351d7\" class=\"has-inline-color\">Desenvolvimento sustent\u00e1vel, espa\u00e7os verdes, agricultura respons\u00e1vel<\/mark><\/h3>\n\n<p>A ecologia n\u00e3o \u00e9 apenas uma quest\u00e3o de tubos e laborat\u00f3rios. As profiss\u00f5es de planeamento regional tamb\u00e9m est\u00e3o a evoluir. Paisagistas eco-respons\u00e1veis, urbanistas sustent\u00e1veis, engenheiros agr\u00f3nomos especializados na gest\u00e3o da \u00e1gua em zonas rurais e urbanas: todos eles est\u00e3o envolvidos na transforma\u00e7\u00e3o das cidades e do campo.  <\/p>\n\n<p>Os t\u00e9cnicos de permacultura, por exemplo, concebem \u00e1reas agr\u00edcolas que incorporam sistemas de poupan\u00e7a de \u00e1gua baseados na natureza.<\/p>\n\n<p>No sector agr\u00edcola, os agentes de desenvolvimento rural e os conselheiros de agricultura biol\u00f3gica ou ecol\u00f3gica ajudam os agricultores a adotar pr\u00e1ticas mais frugais que respeitem os recursos.<\/p>\n\n<p>Estes sectores recrutam em v\u00e1rios n\u00edveis de ensino, desde diplomas profissionais a mestrados. Representam um desafio estrat\u00e9gico para a soberania alimentar, a transi\u00e7\u00e3o energ\u00e9tica e a resili\u00eancia regional. <\/p>\n\n<h3 class=\"wp-block-heading\"><mark style=\"background-color:rgba(0, 0, 0, 0);color:#1351d7\" class=\"has-inline-color\">Sensibiliza\u00e7\u00e3o, aconselhamento e pol\u00edticas ambientais<\/mark><\/h3>\n\n<p>Por \u00faltimo, o dom\u00ednio da sensibiliza\u00e7\u00e3o e da consultoria ambiental est\u00e1 a desenvolver-se fortemente. Os respons\u00e1veis pelo desenvolvimento sustent\u00e1vel, os conselheiros em mat\u00e9ria de poupan\u00e7a de energia, os formadores em eco-gestos, os monitores de centros naturais e os professores de escolas s\u00e3o profiss\u00f5es com um forte impacto educativo e social. <\/p>\n\n<p>Estes perfis combinam compet\u00eancias t\u00e9cnicas e pedag\u00f3gicas. A sua fun\u00e7\u00e3o \u00e9 transmitir as mensagens certas, explicar a transi\u00e7\u00e3o ecol\u00f3gica e ajudar os cidad\u00e3os e os profissionais a adotar comportamentos mais virtuosos. <\/p>\n\n<p>Nas empresas, o gestor ambiental ou QSE (qualidade-seguran\u00e7a-ambiente) assegura a integra\u00e7\u00e3o das normas ISO, a redu\u00e7\u00e3o dos res\u00edduos e a otimiza\u00e7\u00e3o dos recursos. Esta posi\u00e7\u00e3o tornou-se fundamental em muitos sectores industriais. <\/p>\n\n<h2 class=\"wp-block-heading\"><mark style=\"background-color:rgba(0, 0, 0, 0)\" class=\"has-inline-color has-vivid-cyan-blue-color\">Novas profiss\u00f5es em resposta a um mundo em mudan\u00e7a<\/mark><\/h2>\n\n<p>As carreiras do futuro no dom\u00ednio da \u00e1gua e da ecologia n\u00e3o s\u00e3o apenas uma moda passageira. S\u00e3o a resposta concreta a um mundo em mudan\u00e7a, onde a prote\u00e7\u00e3o do ambiente, a gest\u00e3o dos recursos e a transi\u00e7\u00e3o energ\u00e9tica se tornaram essenciais. <\/p>\n\n<p>Quer sejam t\u00e9cnicos, agentes no terreno, engenheiros, formadores ou consultores, estes profissionais est\u00e3o a trabalhar para um futuro sustent\u00e1vel. Ajudam a reinventar a nossa economia, a refor\u00e7ar a resili\u00eancia das nossas regi\u00f5es e a preservar o nosso planeta. <\/p>\n\n<p>Em Fran\u00e7a, os sectores da \u00e1gua e da ecologia est\u00e3o a recrutar, a inovar e a oferecer empregos significativos. Para os jovens que procuram uma carreira com futuro, e para os adultos que procuram uma mudan\u00e7a de carreira, este \u00e9 o momento ideal para obteres forma\u00e7\u00e3o, desenvolveres as tuas compet\u00eancias e participares num trabalho que nos beneficia a todos. <\/p>\n\n<p>&#x1f331; L\u2019\u00e9cologie est plus qu\u2019un secteur d\u2019activit\u00e9 : c\u2019est une vocation, un cap pour b\u00e2tir le monde de demain.<\/p>\n\n<p><\/p>\n","protected":false},"excerpt":{"rendered":"<p>Perante a urg\u00eancia das altera\u00e7\u00f5es clim\u00e1ticas e o esgotamento dos recursos, o mundo do trabalho est\u00e1 a mudar. Est\u00e3o a surgir novas profiss\u00f5es, impulsionadas pela transi\u00e7\u00e3o ecol\u00f3gica e pelos desafios associados \u00e0 gest\u00e3o da \u00e1gua, \u00e0 prote\u00e7\u00e3o do ambiente e ao desenvolvimento sustent\u00e1vel. Estas profiss\u00f5es do futuro j\u00e1 n\u00e3o s\u00e3o apenas para investigadores ou ecologistas [&hellip;]<\/p>\n","protected":false},"author":4,"featured_media":14081,"comment_status":"open","ping_status":"closed","sticky":false,"template":"","format":"standard","meta":{"inline_featured_image":false,"footnotes":""},"categories":[2619,3],"tags":[67,863,2756],"class_list":["post-14092","post","type-post","status-publish","format-standard","has-post-thumbnail","hentry","category-gestao-da-agua","category-sem-categoria","tag-agua-da-chuva","tag-ecologia","tag-futuros-empregos"],"yoast_head":"<!-- This site is optimized with the Yoast SEO plugin v27.5 - https:\/\/yoast.com\/product\/yoast-seo-wordpress\/ -->\n<title>Quais s\u00e3o os empregos do futuro relacionados com a \u00e1gua e a ecologia? - Blog Ma Citerne Ecolo<\/title>\n<meta name=\"description\" content=\"Descobre os empregos do futuro relacionados com a \u00e1gua e a ecologia: engenheiros, t\u00e9cnicos, formadores; empregos inovadores.\" \/>\n<meta name=\"robots\" content=\"index, follow, max-snippet:-1, max-image-preview:large, max-video-preview:-1\" \/>\n<link rel=\"canonical\" href=\"https:\/\/blog.maciterneecolo.fr\/pt-pt\/quais-sao-os-empregos-do-futuro-relacionados-com-a-agua-e-a-ecologia\/\" \/>\n<meta property=\"og:locale\" content=\"pt_PT\" \/>\n<meta property=\"og:type\" content=\"article\" \/>\n<meta property=\"og:title\" content=\"Quais s\u00e3o os empregos do futuro relacionados com a \u00e1gua e a ecologia? - Blog Ma Citerne Ecolo\" \/>\n<meta property=\"og:description\" content=\"Descobre os empregos do futuro relacionados com a \u00e1gua e a ecologia: engenheiros, t\u00e9cnicos, formadores; empregos inovadores.\" \/>\n<meta property=\"og:url\" content=\"https:\/\/blog.maciterneecolo.fr\/pt-pt\/quais-sao-os-empregos-do-futuro-relacionados-com-a-agua-e-a-ecologia\/\" \/>\n<meta property=\"og:site_name\" content=\"Blog Ma Citerne Ecolo\" \/>\n<meta property=\"article:published_time\" content=\"2025-07-30T13:50:00+00:00\" \/>\n<meta property=\"og:image\" content=\"https:\/\/blog.maciterneecolo.fr\/wp-content\/uploads\/2025\/04\/ChatGPT-Image-7-avr.-2025-16_11_07-1024x683.png\" \/>\n\t<meta property=\"og:image:width\" content=\"1024\" \/>\n\t<meta property=\"og:image:height\" content=\"683\" \/>\n\t<meta property=\"og:image:type\" content=\"image\/png\" \/>\n<meta name=\"author\" content=\"B\u00e9n\u00e9dicte Rebolloso\" \/>\n<meta name=\"twitter:card\" content=\"summary_large_image\" \/>\n<meta name=\"twitter:label1\" content=\"Escrito por\" \/>\n\t<meta name=\"twitter:data1\" content=\"B\u00e9n\u00e9dicte Rebolloso\" \/>\n\t<meta name=\"twitter:label2\" content=\"Tempo estimado de leitura\" \/>\n\t<meta name=\"twitter:data2\" content=\"7 minutos\" \/>\n<script type=\"application\/ld+json\" class=\"yoast-schema-graph\">{\"@context\":\"https:\\\/\\\/schema.org\",\"@graph\":[{\"@type\":\"Article\",\"@id\":\"https:\\\/\\\/blog.maciterneecolo.fr\\\/pt-pt\\\/quais-sao-os-empregos-do-futuro-relacionados-com-a-agua-e-a-ecologia\\\/#article\",\"isPartOf\":{\"@id\":\"https:\\\/\\\/blog.maciterneecolo.fr\\\/pt-pt\\\/quais-sao-os-empregos-do-futuro-relacionados-com-a-agua-e-a-ecologia\\\/\"},\"author\":{\"name\":\"B\u00e9n\u00e9dicte Rebolloso\",\"@id\":\"https:\\\/\\\/blog.maciterneecolo.fr\\\/pt-pt\\\/#\\\/schema\\\/person\\\/fe50d00b4e639107698e1ddead236943\"},\"headline\":\"Quais s\u00e3o os empregos do futuro relacionados com a \u00e1gua e a ecologia?\",\"datePublished\":\"2025-07-30T13:50:00+00:00\",\"mainEntityOfPage\":{\"@id\":\"https:\\\/\\\/blog.maciterneecolo.fr\\\/pt-pt\\\/quais-sao-os-empregos-do-futuro-relacionados-com-a-agua-e-a-ecologia\\\/\"},\"wordCount\":1347,\"commentCount\":0,\"publisher\":{\"@id\":\"https:\\\/\\\/blog.maciterneecolo.fr\\\/pt-pt\\\/#organization\"},\"image\":{\"@id\":\"https:\\\/\\\/blog.maciterneecolo.fr\\\/pt-pt\\\/quais-sao-os-empregos-do-futuro-relacionados-com-a-agua-e-a-ecologia\\\/#primaryimage\"},\"thumbnailUrl\":\"https:\\\/\\\/blog.maciterneecolo.fr\\\/wp-content\\\/uploads\\\/2025\\\/04\\\/ChatGPT-Image-7-avr.-2025-16_11_07.png\",\"keywords\":[\"\u00e1gua da chuva\",\"ecologia\",\"futuros empregos\"],\"articleSection\":[\"Gest\u00e3o da \u00e1gua\"],\"inLanguage\":\"pt-PT\",\"potentialAction\":[{\"@type\":\"CommentAction\",\"name\":\"Comment\",\"target\":[\"https:\\\/\\\/blog.maciterneecolo.fr\\\/pt-pt\\\/quais-sao-os-empregos-do-futuro-relacionados-com-a-agua-e-a-ecologia\\\/#respond\"]}]},{\"@type\":\"WebPage\",\"@id\":\"https:\\\/\\\/blog.maciterneecolo.fr\\\/pt-pt\\\/quais-sao-os-empregos-do-futuro-relacionados-com-a-agua-e-a-ecologia\\\/\",\"url\":\"https:\\\/\\\/blog.maciterneecolo.fr\\\/pt-pt\\\/quais-sao-os-empregos-do-futuro-relacionados-com-a-agua-e-a-ecologia\\\/\",\"name\":\"Quais s\u00e3o os empregos do futuro relacionados com a \u00e1gua e a ecologia? - Blog Ma Citerne Ecolo\",\"isPartOf\":{\"@id\":\"https:\\\/\\\/blog.maciterneecolo.fr\\\/pt-pt\\\/#website\"},\"primaryImageOfPage\":{\"@id\":\"https:\\\/\\\/blog.maciterneecolo.fr\\\/pt-pt\\\/quais-sao-os-empregos-do-futuro-relacionados-com-a-agua-e-a-ecologia\\\/#primaryimage\"},\"image\":{\"@id\":\"https:\\\/\\\/blog.maciterneecolo.fr\\\/pt-pt\\\/quais-sao-os-empregos-do-futuro-relacionados-com-a-agua-e-a-ecologia\\\/#primaryimage\"},\"thumbnailUrl\":\"https:\\\/\\\/blog.maciterneecolo.fr\\\/wp-content\\\/uploads\\\/2025\\\/04\\\/ChatGPT-Image-7-avr.-2025-16_11_07.png\",\"datePublished\":\"2025-07-30T13:50:00+00:00\",\"description\":\"Descobre os empregos do futuro relacionados com a \u00e1gua e a ecologia: engenheiros, t\u00e9cnicos, formadores; empregos inovadores.\",\"breadcrumb\":{\"@id\":\"https:\\\/\\\/blog.maciterneecolo.fr\\\/pt-pt\\\/quais-sao-os-empregos-do-futuro-relacionados-com-a-agua-e-a-ecologia\\\/#breadcrumb\"},\"inLanguage\":\"pt-PT\",\"potentialAction\":[{\"@type\":\"ReadAction\",\"target\":[\"https:\\\/\\\/blog.maciterneecolo.fr\\\/pt-pt\\\/quais-sao-os-empregos-do-futuro-relacionados-com-a-agua-e-a-ecologia\\\/\"]}]},{\"@type\":\"ImageObject\",\"inLanguage\":\"pt-PT\",\"@id\":\"https:\\\/\\\/blog.maciterneecolo.fr\\\/pt-pt\\\/quais-sao-os-empregos-do-futuro-relacionados-com-a-agua-e-a-ecologia\\\/#primaryimage\",\"url\":\"https:\\\/\\\/blog.maciterneecolo.fr\\\/wp-content\\\/uploads\\\/2025\\\/04\\\/ChatGPT-Image-7-avr.-2025-16_11_07.png\",\"contentUrl\":\"https:\\\/\\\/blog.maciterneecolo.fr\\\/wp-content\\\/uploads\\\/2025\\\/04\\\/ChatGPT-Image-7-avr.-2025-16_11_07.png\",\"width\":1536,\"height\":1024},{\"@type\":\"BreadcrumbList\",\"@id\":\"https:\\\/\\\/blog.maciterneecolo.fr\\\/pt-pt\\\/quais-sao-os-empregos-do-futuro-relacionados-com-a-agua-e-a-ecologia\\\/#breadcrumb\",\"itemListElement\":[{\"@type\":\"ListItem\",\"position\":1,\"name\":\"Accueil\",\"item\":\"https:\\\/\\\/blog.maciterneecolo.fr\\\/pt-pt\\\/\"},{\"@type\":\"ListItem\",\"position\":2,\"name\":\"Quais s\u00e3o os empregos do futuro relacionados com a \u00e1gua e a ecologia?\"}]},{\"@type\":\"WebSite\",\"@id\":\"https:\\\/\\\/blog.maciterneecolo.fr\\\/pt-pt\\\/#website\",\"url\":\"https:\\\/\\\/blog.maciterneecolo.fr\\\/pt-pt\\\/\",\"name\":\"Blog Ma Citerne Ecolo\",\"description\":\"Leader dans le domaine de la citerne souple d&#039;eau de pluie\",\"publisher\":{\"@id\":\"https:\\\/\\\/blog.maciterneecolo.fr\\\/pt-pt\\\/#organization\"},\"potentialAction\":[{\"@type\":\"SearchAction\",\"target\":{\"@type\":\"EntryPoint\",\"urlTemplate\":\"https:\\\/\\\/blog.maciterneecolo.fr\\\/pt-pt\\\/?s={search_term_string}\"},\"query-input\":{\"@type\":\"PropertyValueSpecification\",\"valueRequired\":true,\"valueName\":\"search_term_string\"}}],\"inLanguage\":\"pt-PT\"},{\"@type\":\"Organization\",\"@id\":\"https:\\\/\\\/blog.maciterneecolo.fr\\\/pt-pt\\\/#organization\",\"name\":\"Blog Ma Citerne Ecolo\",\"url\":\"https:\\\/\\\/blog.maciterneecolo.fr\\\/pt-pt\\\/\",\"logo\":{\"@type\":\"ImageObject\",\"inLanguage\":\"pt-PT\",\"@id\":\"https:\\\/\\\/blog.maciterneecolo.fr\\\/pt-pt\\\/#\\\/schema\\\/logo\\\/image\\\/\",\"url\":\"https:\\\/\\\/blog.maciterneecolo.fr\\\/wp-content\\\/uploads\\\/2022\\\/12\\\/cropped-favicon-blog.png\",\"contentUrl\":\"https:\\\/\\\/blog.maciterneecolo.fr\\\/wp-content\\\/uploads\\\/2022\\\/12\\\/cropped-favicon-blog.png\",\"width\":512,\"height\":512,\"caption\":\"Blog Ma Citerne Ecolo\"},\"image\":{\"@id\":\"https:\\\/\\\/blog.maciterneecolo.fr\\\/pt-pt\\\/#\\\/schema\\\/logo\\\/image\\\/\"}},{\"@type\":\"Person\",\"@id\":\"https:\\\/\\\/blog.maciterneecolo.fr\\\/pt-pt\\\/#\\\/schema\\\/person\\\/fe50d00b4e639107698e1ddead236943\",\"name\":\"B\u00e9n\u00e9dicte Rebolloso\",\"image\":{\"@type\":\"ImageObject\",\"inLanguage\":\"pt-PT\",\"@id\":\"https:\\\/\\\/secure.gravatar.com\\\/avatar\\\/ffa759db2a4d8ebb52a58b89d3dc2a9f0395a5122bb839045a145d6585de1126?s=96&d=mm&r=g\",\"url\":\"https:\\\/\\\/secure.gravatar.com\\\/avatar\\\/ffa759db2a4d8ebb52a58b89d3dc2a9f0395a5122bb839045a145d6585de1126?s=96&d=mm&r=g\",\"contentUrl\":\"https:\\\/\\\/secure.gravatar.com\\\/avatar\\\/ffa759db2a4d8ebb52a58b89d3dc2a9f0395a5122bb839045a145d6585de1126?s=96&d=mm&r=g\",\"caption\":\"B\u00e9n\u00e9dicte Rebolloso\"},\"url\":\"https:\\\/\\\/blog.maciterneecolo.fr\\\/pt-pt\\\/author\\\/benedicterebolloso\\\/\"}]}<\/script>\n<!-- \/ Yoast SEO plugin. -->","yoast_head_json":{"title":"Quais s\u00e3o os empregos do futuro relacionados com a \u00e1gua e a ecologia? - Blog Ma Citerne Ecolo","description":"Descobre os empregos do futuro relacionados com a \u00e1gua e a ecologia: engenheiros, t\u00e9cnicos, formadores; empregos inovadores.","robots":{"index":"index","follow":"follow","max-snippet":"max-snippet:-1","max-image-preview":"max-image-preview:large","max-video-preview":"max-video-preview:-1"},"canonical":"https:\/\/blog.maciterneecolo.fr\/pt-pt\/quais-sao-os-empregos-do-futuro-relacionados-com-a-agua-e-a-ecologia\/","og_locale":"pt_PT","og_type":"article","og_title":"Quais s\u00e3o os empregos do futuro relacionados com a \u00e1gua e a ecologia? - Blog Ma Citerne Ecolo","og_description":"Descobre os empregos do futuro relacionados com a \u00e1gua e a ecologia: engenheiros, t\u00e9cnicos, formadores; empregos inovadores.","og_url":"https:\/\/blog.maciterneecolo.fr\/pt-pt\/quais-sao-os-empregos-do-futuro-relacionados-com-a-agua-e-a-ecologia\/","og_site_name":"Blog Ma Citerne Ecolo","article_published_time":"2025-07-30T13:50:00+00:00","og_image":[{"width":1024,"height":683,"url":"https:\/\/blog.maciterneecolo.fr\/wp-content\/uploads\/2025\/04\/ChatGPT-Image-7-avr.-2025-16_11_07-1024x683.png","type":"image\/png"}],"author":"B\u00e9n\u00e9dicte Rebolloso","twitter_card":"summary_large_image","twitter_misc":{"Escrito por":"B\u00e9n\u00e9dicte Rebolloso","Tempo estimado de leitura":"7 minutos"},"schema":{"@context":"https:\/\/schema.org","@graph":[{"@type":"Article","@id":"https:\/\/blog.maciterneecolo.fr\/pt-pt\/quais-sao-os-empregos-do-futuro-relacionados-com-a-agua-e-a-ecologia\/#article","isPartOf":{"@id":"https:\/\/blog.maciterneecolo.fr\/pt-pt\/quais-sao-os-empregos-do-futuro-relacionados-com-a-agua-e-a-ecologia\/"},"author":{"name":"B\u00e9n\u00e9dicte Rebolloso","@id":"https:\/\/blog.maciterneecolo.fr\/pt-pt\/#\/schema\/person\/fe50d00b4e639107698e1ddead236943"},"headline":"Quais s\u00e3o os empregos do futuro relacionados com a \u00e1gua e a ecologia?","datePublished":"2025-07-30T13:50:00+00:00","mainEntityOfPage":{"@id":"https:\/\/blog.maciterneecolo.fr\/pt-pt\/quais-sao-os-empregos-do-futuro-relacionados-com-a-agua-e-a-ecologia\/"},"wordCount":1347,"commentCount":0,"publisher":{"@id":"https:\/\/blog.maciterneecolo.fr\/pt-pt\/#organization"},"image":{"@id":"https:\/\/blog.maciterneecolo.fr\/pt-pt\/quais-sao-os-empregos-do-futuro-relacionados-com-a-agua-e-a-ecologia\/#primaryimage"},"thumbnailUrl":"https:\/\/blog.maciterneecolo.fr\/wp-content\/uploads\/2025\/04\/ChatGPT-Image-7-avr.-2025-16_11_07.png","keywords":["\u00e1gua da chuva","ecologia","futuros empregos"],"articleSection":["Gest\u00e3o da \u00e1gua"],"inLanguage":"pt-PT","potentialAction":[{"@type":"CommentAction","name":"Comment","target":["https:\/\/blog.maciterneecolo.fr\/pt-pt\/quais-sao-os-empregos-do-futuro-relacionados-com-a-agua-e-a-ecologia\/#respond"]}]},{"@type":"WebPage","@id":"https:\/\/blog.maciterneecolo.fr\/pt-pt\/quais-sao-os-empregos-do-futuro-relacionados-com-a-agua-e-a-ecologia\/","url":"https:\/\/blog.maciterneecolo.fr\/pt-pt\/quais-sao-os-empregos-do-futuro-relacionados-com-a-agua-e-a-ecologia\/","name":"Quais s\u00e3o os empregos do futuro relacionados com a \u00e1gua e a ecologia? - Blog Ma Citerne Ecolo","isPartOf":{"@id":"https:\/\/blog.maciterneecolo.fr\/pt-pt\/#website"},"primaryImageOfPage":{"@id":"https:\/\/blog.maciterneecolo.fr\/pt-pt\/quais-sao-os-empregos-do-futuro-relacionados-com-a-agua-e-a-ecologia\/#primaryimage"},"image":{"@id":"https:\/\/blog.maciterneecolo.fr\/pt-pt\/quais-sao-os-empregos-do-futuro-relacionados-com-a-agua-e-a-ecologia\/#primaryimage"},"thumbnailUrl":"https:\/\/blog.maciterneecolo.fr\/wp-content\/uploads\/2025\/04\/ChatGPT-Image-7-avr.-2025-16_11_07.png","datePublished":"2025-07-30T13:50:00+00:00","description":"Descobre os empregos do futuro relacionados com a \u00e1gua e a ecologia: engenheiros, t\u00e9cnicos, formadores; empregos inovadores.","breadcrumb":{"@id":"https:\/\/blog.maciterneecolo.fr\/pt-pt\/quais-sao-os-empregos-do-futuro-relacionados-com-a-agua-e-a-ecologia\/#breadcrumb"},"inLanguage":"pt-PT","potentialAction":[{"@type":"ReadAction","target":["https:\/\/blog.maciterneecolo.fr\/pt-pt\/quais-sao-os-empregos-do-futuro-relacionados-com-a-agua-e-a-ecologia\/"]}]},{"@type":"ImageObject","inLanguage":"pt-PT","@id":"https:\/\/blog.maciterneecolo.fr\/pt-pt\/quais-sao-os-empregos-do-futuro-relacionados-com-a-agua-e-a-ecologia\/#primaryimage","url":"https:\/\/blog.maciterneecolo.fr\/wp-content\/uploads\/2025\/04\/ChatGPT-Image-7-avr.-2025-16_11_07.png","contentUrl":"https:\/\/blog.maciterneecolo.fr\/wp-content\/uploads\/2025\/04\/ChatGPT-Image-7-avr.-2025-16_11_07.png","width":1536,"height":1024},{"@type":"BreadcrumbList","@id":"https:\/\/blog.maciterneecolo.fr\/pt-pt\/quais-sao-os-empregos-do-futuro-relacionados-com-a-agua-e-a-ecologia\/#breadcrumb","itemListElement":[{"@type":"ListItem","position":1,"name":"Accueil","item":"https:\/\/blog.maciterneecolo.fr\/pt-pt\/"},{"@type":"ListItem","position":2,"name":"Quais s\u00e3o os empregos do futuro relacionados com a \u00e1gua e a ecologia?"}]},{"@type":"WebSite","@id":"https:\/\/blog.maciterneecolo.fr\/pt-pt\/#website","url":"https:\/\/blog.maciterneecolo.fr\/pt-pt\/","name":"Blog Ma Citerne Ecolo","description":"Leader dans le domaine de la citerne souple d&#039;eau de pluie","publisher":{"@id":"https:\/\/blog.maciterneecolo.fr\/pt-pt\/#organization"},"potentialAction":[{"@type":"SearchAction","target":{"@type":"EntryPoint","urlTemplate":"https:\/\/blog.maciterneecolo.fr\/pt-pt\/?s={search_term_string}"},"query-input":{"@type":"PropertyValueSpecification","valueRequired":true,"valueName":"search_term_string"}}],"inLanguage":"pt-PT"},{"@type":"Organization","@id":"https:\/\/blog.maciterneecolo.fr\/pt-pt\/#organization","name":"Blog Ma Citerne Ecolo","url":"https:\/\/blog.maciterneecolo.fr\/pt-pt\/","logo":{"@type":"ImageObject","inLanguage":"pt-PT","@id":"https:\/\/blog.maciterneecolo.fr\/pt-pt\/#\/schema\/logo\/image\/","url":"https:\/\/blog.maciterneecolo.fr\/wp-content\/uploads\/2022\/12\/cropped-favicon-blog.png","contentUrl":"https:\/\/blog.maciterneecolo.fr\/wp-content\/uploads\/2022\/12\/cropped-favicon-blog.png","width":512,"height":512,"caption":"Blog Ma Citerne Ecolo"},"image":{"@id":"https:\/\/blog.maciterneecolo.fr\/pt-pt\/#\/schema\/logo\/image\/"}},{"@type":"Person","@id":"https:\/\/blog.maciterneecolo.fr\/pt-pt\/#\/schema\/person\/fe50d00b4e639107698e1ddead236943","name":"B\u00e9n\u00e9dicte Rebolloso","image":{"@type":"ImageObject","inLanguage":"pt-PT","@id":"https:\/\/secure.gravatar.com\/avatar\/ffa759db2a4d8ebb52a58b89d3dc2a9f0395a5122bb839045a145d6585de1126?s=96&d=mm&r=g","url":"https:\/\/secure.gravatar.com\/avatar\/ffa759db2a4d8ebb52a58b89d3dc2a9f0395a5122bb839045a145d6585de1126?s=96&d=mm&r=g","contentUrl":"https:\/\/secure.gravatar.com\/avatar\/ffa759db2a4d8ebb52a58b89d3dc2a9f0395a5122bb839045a145d6585de1126?s=96&d=mm&r=g","caption":"B\u00e9n\u00e9dicte Rebolloso"},"url":"https:\/\/blog.maciterneecolo.fr\/pt-pt\/author\/benedicterebolloso\/"}]}},"_links":{"self":[{"href":"https:\/\/blog.maciterneecolo.fr\/pt-pt\/wp-json\/wp\/v2\/posts\/14092","targetHints":{"allow":["GET"]}}],"collection":[{"href":"https:\/\/blog.maciterneecolo.fr\/pt-pt\/wp-json\/wp\/v2\/posts"}],"about":[{"href":"https:\/\/blog.maciterneecolo.fr\/pt-pt\/wp-json\/wp\/v2\/types\/post"}],"author":[{"embeddable":true,"href":"https:\/\/blog.maciterneecolo.fr\/pt-pt\/wp-json\/wp\/v2\/users\/4"}],"replies":[{"embeddable":true,"href":"https:\/\/blog.maciterneecolo.fr\/pt-pt\/wp-json\/wp\/v2\/comments?post=14092"}],"version-history":[{"count":1,"href":"https:\/\/blog.maciterneecolo.fr\/pt-pt\/wp-json\/wp\/v2\/posts\/14092\/revisions"}],"predecessor-version":[{"id":14093,"href":"https:\/\/blog.maciterneecolo.fr\/pt-pt\/wp-json\/wp\/v2\/posts\/14092\/revisions\/14093"}],"wp:featuredmedia":[{"embeddable":true,"href":"https:\/\/blog.maciterneecolo.fr\/pt-pt\/wp-json\/wp\/v2\/media\/14081"}],"wp:attachment":[{"href":"https:\/\/blog.maciterneecolo.fr\/pt-pt\/wp-json\/wp\/v2\/media?parent=14092"}],"wp:term":[{"taxonomy":"category","embeddable":true,"href":"https:\/\/blog.maciterneecolo.fr\/pt-pt\/wp-json\/wp\/v2\/categories?post=14092"},{"taxonomy":"post_tag","embeddable":true,"href":"https:\/\/blog.maciterneecolo.fr\/pt-pt\/wp-json\/wp\/v2\/tags?post=14092"}],"curies":[{"name":"wp","href":"https:\/\/api.w.org\/{rel}","templated":true}]}}