{"id":14248,"date":"2025-06-03T11:00:00","date_gmt":"2025-06-03T11:00:00","guid":{"rendered":"https:\/\/blog.maciterneecolo.fr\/?p=14248"},"modified":"2025-05-05T12:08:19","modified_gmt":"2025-05-05T12:08:19","slug":"tanques-flexiveis-nos-parques-de-campismo-uma-solucao-para-a-gestao-sustentavel-da-agua","status":"publish","type":"post","link":"https:\/\/blog.maciterneecolo.fr\/pt-pt\/tanques-flexiveis-nos-parques-de-campismo-uma-solucao-para-a-gestao-sustentavel-da-agua\/","title":{"rendered":"Tanques flex\u00edveis nos parques de campismo: uma solu\u00e7\u00e3o para a gest\u00e3o sustent\u00e1vel da \u00e1gua"},"content":{"rendered":"\n<p>Confrontados com os desafios ambientais e com o aumento do <strong>consumo de \u00e1gua<\/strong> durante a \u00e9poca alta do turismo, <strong>os parques de campismo<\/strong> est\u00e3o na linha da frente para repensar a sua gest\u00e3o da \u00e1gua. Entre duches, instala\u00e7\u00f5es sanit\u00e1rias, <strong>equipamentos<\/strong> de limpeza, <strong>manuten\u00e7\u00e3o dos<\/strong> espa\u00e7os verdes e enchimento das <strong>piscinas<\/strong>, as necessidades s\u00e3o enormes&#8230; sobretudo <strong>num<\/strong> contexto de seca crescente. <strong>As cisternas flex\u00edveis<\/strong> surgem agora como uma <strong>solu\u00e7\u00e3o ecol\u00f3gica, econ\u00f3mica e pr\u00e1tica<\/strong> para <strong>armazenar<\/strong>, <strong>recuperar<\/strong> e gerir <strong>a \u00e1gua<\/strong> nos estabelecimentos tur\u00edsticos.  <\/p>\n\n<h2 class=\"wp-block-heading\"><mark style=\"background-color:rgba(0, 0, 0, 0)\" class=\"has-inline-color has-vivid-cyan-blue-color\">Porque \u00e9 que os parques de campismo precisam de um sistema eficiente de gest\u00e3o da \u00e1gua?<\/mark><\/h2>\n\n<h3 class=\"wp-block-heading\">Consumo de \u00e1gua nos parques de campismo: uma quest\u00e3o sazonal importante<\/h3>\n\n<p>Durante o ver\u00e3o, um <strong>parque de campismo<\/strong> de m\u00e9dia dimens\u00e3o pode consumir v\u00e1rias centenas de milhares <strong>de litros de \u00e1gua<\/strong> por m\u00eas. Este <strong>consumo<\/strong> maci\u00e7o diz respeito principalmente \u00e0s <strong>instala\u00e7\u00f5es sanit\u00e1rias<\/strong>, aos duches, <strong>ao enchimento<\/strong> da <strong>piscina<\/strong>, \u00e0 rega <strong>do jardim<\/strong> e \u00e0 limpeza do <strong>mobili\u00e1rio<\/strong> de exterior. A utiliza\u00e7\u00e3o de<strong>\u00e1gua pot\u00e1vel<\/strong> para estes fins n\u00e3o alimentares exerce uma press\u00e3o desnecess\u00e1ria sobre as redes.  <\/p>\n\n<p>A instala\u00e7\u00e3o de uma ou mais <strong>cisternas flex\u00edveis<\/strong> permite <strong>recuperar a \u00e1gua da chuva<\/strong>, <strong>armazen\u00e1-la<\/strong><strong>de<\/strong> forma optimizada e abastecer os <strong>sistemas<\/strong> de distribui\u00e7\u00e3o interna em curto-circuito. Com uma <strong>capacidade<\/strong> de v\u00e1rios milhares <strong>de litros<\/strong>, estes <strong><a href=\"https:\/\/www.maciterneecolo.fr\/fr\/3-citernes-souples\">cisternas flex\u00edveis<\/a><\/strong> respondem perfeitamente \u00e0s necessidades sazonais de um s\u00edtio tur\u00edstico. <\/p>\n\n<h3 class=\"wp-block-heading\">Acampamentos confrontados com restri\u00e7\u00f5es de \u00e1gua<\/h3>\n\n<p>Todos os anos, em Fran\u00e7a, muitos departamentos imp\u00f5em <strong>restri\u00e7\u00f5es \u00e0 utiliza\u00e7\u00e3o da \u00e1gua<\/strong> devido \u00e0 seca. Isto dificulta a vida dos <strong>parques de campismo<\/strong> que, no entanto, t\u00eam de manter um n\u00edvel de servi\u00e7o elevado. Neste contexto, a instala\u00e7\u00e3o de <strong>cisternas flex\u00edveis<\/strong>, associada a um bom <strong>sistema de recupera\u00e7\u00e3o<\/strong>, torna-se essencial.  <\/p>\n\n<p>Estes <strong>reservat\u00f3rios desmont\u00e1veis<\/strong> podem conter <strong>l\u00edquidos n\u00e3o pot\u00e1veis<\/strong>, como a<strong>\u00e1gua da chuva<\/strong>, e fornecer um abastecimento alternativo para casas de banho, irriga\u00e7\u00e3o ou lavagem. Este tipo de <strong>reservat\u00f3rio<\/strong> tamb\u00e9m pode ser utilizado para abastecer <strong>equipamentos<\/strong> de emerg\u00eancia <strong>contra inc\u00eandios<\/strong>, uma quest\u00e3o importante em zonas sens\u00edveis. Com os <strong>acess\u00f3rios<\/strong> certos, como uma <strong>mangueira refor\u00e7ada<\/strong> e um filtro adequado, a sua <strong>utiliza\u00e7\u00e3o<\/strong> \u00e9 simples e fi\u00e1vel.  <\/p>\n\n<h3 class=\"wp-block-heading\">Rumo a um turismo mais respons\u00e1vel<\/h3>\n\n<p>Os veraneantes est\u00e3o cada vez mais conscientes da dimens\u00e3o <strong>ecol\u00f3gica<\/strong> do seu destino de f\u00e9rias. A instala\u00e7\u00e3o de uma <strong>cisterna flex\u00edvel<\/strong> num <strong>parque de campismo<\/strong> revela uma vontade real de reduzir o<strong>impacto ambiental<\/strong>, nomeadamente em termos de <strong>gest\u00e3o da \u00e1gua<\/strong>. Pode tamb\u00e9m fazer parte de uma estrat\u00e9gia para obter o r\u00f3tulo de &#8220;eco-respons\u00e1vel&#8221;.  <\/p>\n\n<p>Os <strong>produtos<\/strong> utilizados no fabrico dos <strong>tanques<\/strong> (como <strong>o PVC refor\u00e7ado<\/strong> ou os tecidos t\u00e9cnicos) s\u00e3o concebidos para durar e resistir \u00e0s agress\u00f5es exteriores. Ao real\u00e7ar as <strong>vantagens<\/strong> destas instala\u00e7\u00f5es, um parque de campismo pode melhorar a sua imagem, reduzir os custos e promover a <strong>sustentabilidade<\/strong>. <\/p>\n\n<h2 class=\"wp-block-heading\"><mark style=\"background-color:rgba(0, 0, 0, 0)\" class=\"has-inline-color has-vivid-cyan-blue-color\">As vantagens das cisternas flex\u00edveis para parques de campismo<\/mark><\/h2>\n\n<h3 class=\"wp-block-heading\">Instala\u00e7\u00e3o f\u00e1cil e flex\u00edvel, sem necessidade de autoriza\u00e7\u00e3o de planeamento<\/h3>\n\n<p>O <strong>reservat\u00f3rio flex\u00edvel<\/strong>, tamb\u00e9m conhecido como <strong>reservat\u00f3rio dobr\u00e1vel<\/strong>, pode ser instalado <strong>em<\/strong> quase todos os tipos de espa\u00e7o: debaixo de um abrigo, atr\u00e1s de um edif\u00edcio ou mesmo num terreno n\u00e3o utilizado. N\u00e3o precisas de autoriza\u00e7\u00e3o de planeamento nem de uma laje de bet\u00e3o para o <strong>instalar<\/strong>. Tudo o que precisas \u00e9 de um <strong>solo est\u00e1vel<\/strong>, um tapete de prote\u00e7\u00e3o e, por vezes, algumas cunhas. O equipamento \u00e9 geralmente fornecido com <strong>acess\u00f3rios<\/strong> simples de instalar: v\u00e1lvula, ficha, <strong>mangueira<\/strong>, acoplamento r\u00e1pido.   <\/p>\n\n<p>Gra\u00e7as \u00e0 sua <strong>flexibilidade<\/strong>, estas <strong>cisternas<\/strong> podem ser adaptadas a qualquer <strong>capacidade<\/strong> (de 1.000 a mais de 50.000 <strong>litros<\/strong>) e podem ser utilizadas para <strong>armazenamento<\/strong> tempor\u00e1rio ou permanente. As <strong>cisternas<\/strong> s\u00e3o igualmente resistentes \u00e0s varia\u00e7\u00f5es clim\u00e1ticas, aos <strong>equipamentos<\/strong> de campismo (estacas, postes) e aos raios UV. A sua leveza e o seu design <strong>dobr\u00e1vel<\/strong> facilitam o seu transporte e armazenamento fora de \u00e9poca.  <\/p>\n\n<h3 class=\"wp-block-heading\">Recolha de \u00e1guas pluviais e reutiliza\u00e7\u00e3o de \u00e1guas cinzentas<\/h3>\n\n<p>Uma das <strong>grandes vantagens<\/strong> dos <strong>reservat\u00f3rios flex\u00edveis<\/strong> \u00e9 a sua <strong>versatilidade<\/strong>. Podem recolher<strong>a \u00e1gua da chuva<\/strong> atrav\u00e9s de um <strong>sistema de recolha<\/strong> ligado a um telhado ou a uma lona. Esta <strong>\u00e1gua n\u00e3o pot\u00e1vel<\/strong> pode depois ser utilizada para rega, limpeza de <strong>m\u00f3veis<\/strong> ou descarga de sanitas. Associada a um <strong>sistema de filtra\u00e7\u00e3o<\/strong>, pode mesmo ser utilizada para duches e lavat\u00f3rios.   <\/p>\n\n<p>Alguns parques de campismo tamb\u00e9m utilizam estes <strong>tanques<\/strong> para <strong>armazenar as \u00e1guas cinzentas<\/strong> dos chuveiros ou das m\u00e1quinas de lavar, para fins de<strong>irriga\u00e7\u00e3o<\/strong> ou lavagem. Com o <strong>equipamento<\/strong> adequado (filtros, bombas, redutores de caudal), o sistema \u00e9 de f\u00e1cil<strong>manuten\u00e7\u00e3o<\/strong>, garantindo ao mesmo tempo <strong>uma qualidade de<\/strong> \u00e1gua adequada ao fim a que se destina. <\/p>\n\n<h3 class=\"wp-block-heading\">Um investimento rent\u00e1vel e sustent\u00e1vel<\/h3>\n\n<p>Em termos econ\u00f3micos, <strong>as cisternas flex\u00edveis<\/strong> oferecem uma excelente rela\u00e7\u00e3o <strong>qualidade\/pre\u00e7o<\/strong>. <strong>Os produtos<\/strong> de entrada de gama, adequados para pequenos <strong>parques de campismo<\/strong>, est\u00e3o dispon\u00edveis por apenas algumas centenas de euros, enquanto os modelos maiores oferecem uma <strong>capacidade<\/strong> excecional por um <strong>pre\u00e7o<\/strong> muito inferior ao de uma cisterna r\u00edgida. <\/p>\n\n<p>Al\u00e9m disso, <a href=\"https:\/\/blog.maciterneecolo.fr\/pt-pt\/ajudamo-lo-a-reduzir-o-custo-da-sua-factura-da-agua\/\">estes <strong>sistemas<\/strong> podem reduzir significativamente as facturas de \u00e1gua, limitando a utiliza\u00e7\u00e3o de<strong>\u00e1gua pot\u00e1vel<\/strong> para fins secund\u00e1rios<\/a>. Muitas vezes, pagam-se a si pr\u00f3prios em duas ou tr\u00eas esta\u00e7\u00f5es. Com <strong>uma manuten\u00e7\u00e3o correta<\/strong>, a dura\u00e7\u00e3o de vida pode ultrapassar os 10 anos.  <\/p>\n\n<p>Alguns modelos v\u00eam completos com todos os <strong>acess\u00f3rios necess\u00e1rios<\/strong>: bomba submers\u00edvel, <strong>mangueira<\/strong>, tamp\u00f5es de seguran\u00e7a e vedantes. <strong>Os materiais<\/strong> utilizados (frequentemente provenientes da ind\u00fastria <strong>agr\u00edcola<\/strong>) garantem uma <strong>resist\u00eancia<\/strong> \u00f3ptima \u00e0s intemp\u00e9ries e a uma utiliza\u00e7\u00e3o intensiva. <\/p>\n\n<h2 class=\"wp-block-heading\"><mark style=\"background-color:rgba(0, 0, 0, 0)\" class=\"has-inline-color has-vivid-cyan-blue-color\">Como escolhes e instalas um dep\u00f3sito flex\u00edvel para acampar?<\/mark><\/h2>\n\n<h3 class=\"wp-block-heading\">Avaliar as tuas necessidades e escolher o produto certo<\/h3>\n\n<p>Para escolher o <strong>reservat\u00f3rio flex\u00edvel<\/strong> adequado, tens de analisar :<\/p>\n\n<ul class=\"wp-block-list\">\n<li>Superf\u00edcies dispon\u00edveis para<strong>instala\u00e7\u00e3o<\/strong> e <strong>armazenamento<\/strong>;<\/li>\n\n\n\n<li>Com que frequ\u00eancia a <strong>\u00e1gua para reutiliza\u00e7\u00e3o<\/strong> \u00e9 utilizada (diariamente, semanalmente, dependendo do clima);<\/li>\n\n\n\n<li>O tipo de<strong>equipamento<\/strong> existente: caleiras, telhados, sistemas de drenagem, etc;<\/li>\n\n\n\n<li>A <strong>capacidade<\/strong> necess\u00e1ria em <strong>litros<\/strong>, dependendo do tamanho do <strong>parque de campismo<\/strong>.<\/li>\n<\/ul>\n\n<p>\u00c9 aconselh\u00e1vel escolher um <strong>produto<\/strong> adaptado \u00e0s condi\u00e7\u00f5es exteriores (tecido resistente aos UV, tecido refor\u00e7ado, estrutura <strong>em PVC flex\u00edvel<\/strong>). Recomenda-se frequentemente a utiliza\u00e7\u00e3o de <strong>equipamento<\/strong> adicional, como filtros ou uma bomba. Existem modelos espec\u00edficos para determinadas utiliza\u00e7\u00f5es (por exemplo, enchimento de <strong>piscinas<\/strong>, seguran\u00e7a <strong>contra inc\u00eandios<\/strong>, <strong>agricultura<\/strong>).   <\/p>\n\n<h3 class=\"wp-block-heading\">Instalares-te num parque de campismo<\/h3>\n\n<ol class=\"wp-block-list\">\n<li>Prepara <strong>o local<\/strong>: estabiliza o solo, coloca um tapete de prote\u00e7\u00e3o, verifica a inclina\u00e7\u00e3o ;<\/li>\n\n\n\n<li>Desdobra <strong>o tanque<\/strong>: desenrola-o na horizontal, verifica as costuras e fixa as sa\u00eddas;<\/li>\n\n\n\n<li><strong>Ligar o equipamento<\/strong>: ligar o <strong>coletor<\/strong> <strong>de \u00e1guas pluviais<\/strong>, fixar os <strong>tubos<\/strong>, instalar a bomba;<\/li>\n\n\n\n<li>Efectua <strong>os primeiros testes<\/strong>: enche o <strong>dep\u00f3sito<\/strong>, verifica se h\u00e1 fugas, regula as v\u00e1lvulas;<\/li>\n\n\n\n<li><strong>Formar o pessoal<\/strong>: garantir que os utilizadores estejam familiarizados com as instru\u00e7\u00f5es <strong>de seguran\u00e7a<\/strong> e<strong>manuten\u00e7\u00e3o<\/strong>.<\/li>\n<\/ol>\n\n<p>Uma <strong>instala\u00e7\u00e3o<\/strong> correta garante um funcionamento \u00f3timo, uma melhor <strong>gest\u00e3o dos fluidos<\/strong> e uma durabilidade m\u00e1xima.<\/p>\n\n<h3 class=\"wp-block-heading\">Manuten\u00e7\u00e3o e seguran\u00e7a<\/h3>\n\n<p><strong>A manuten\u00e7\u00e3o<\/strong> regular \u00e9 essencial para garantir a <strong>qualidade da<\/strong><strong>\u00e1gua armazenada<\/strong>, preservar os <strong>reservat\u00f3rios<\/strong> e garantir <strong>a seguran\u00e7a<\/strong> dos utilizadores. Eis os pontos essenciais: <\/p>\n\n<ul class=\"wp-block-list\">\n<li>Esvazia e lava o <strong>dep\u00f3sito<\/strong> no final da \u00e9poca;<\/li>\n\n\n\n<li>Limpa os filtros, os <strong>acess\u00f3rios<\/strong> e os pontos de liga\u00e7\u00e3o;<\/li>\n\n\n\n<li>Verifica o estado do <strong>material flex\u00edvel<\/strong> (fissuras, desgaste);<\/li>\n\n\n\n<li>Protege o <strong>dep\u00f3sito<\/strong> do choque t\u00e9rmico e dos raios UV com uma lona ou um abrigo.<\/li>\n<\/ul>\n\n<p>Alguns <strong>sistemas<\/strong> de controlo ligados podem agora monitorizar os n\u00edveis de <strong>l\u00edquido<\/strong>, a press\u00e3o e os requisitos de <strong>enchimento<\/strong>. Ideal para uma gest\u00e3o moderna e inteligente da \u00e1gua nos <strong>parques de campismo<\/strong>. <\/p>\n","protected":false},"excerpt":{"rendered":"<p>Confrontados com os desafios ambientais e com o aumento do consumo de \u00e1gua durante a \u00e9poca alta do turismo, os parques de campismo est\u00e3o na linha da frente para repensar a sua gest\u00e3o da \u00e1gua. Entre duches, instala\u00e7\u00f5es sanit\u00e1rias, equipamentos de limpeza, manuten\u00e7\u00e3o dos espa\u00e7os verdes e enchimento das piscinas, as necessidades s\u00e3o enormes&#8230; sobretudo [&hellip;]<\/p>\n","protected":false},"author":4,"featured_media":14218,"comment_status":"open","ping_status":"closed","sticky":false,"template":"","format":"standard","meta":{"inline_featured_image":false,"footnotes":""},"categories":[2619,88,387],"tags":[],"class_list":["post-14248","post","type-post","status-publish","format-standard","has-post-thumbnail","hentry","category-gestao-da-agua","category-tanques-flexiveis","category-tudo-o-que-precisa-de-saber-sobre-o-tanque-flexivel"],"yoast_head":"<!-- This site is optimized with the Yoast SEO plugin v27.5 - https:\/\/yoast.com\/product\/yoast-seo-wordpress\/ -->\n<title>Tanques flex\u00edveis nos parques de campismo: uma solu\u00e7\u00e3o para a gest\u00e3o sustent\u00e1vel da \u00e1gua - Blog Ma Citerne Ecolo<\/title>\n<meta name=\"description\" content=\"Descobre porque \u00e9 que os tanques flex\u00edveis s\u00e3o ideais para parques de campismo e como contribuem para uma gest\u00e3o sustent\u00e1vel da \u00e1gua.\" \/>\n<meta name=\"robots\" content=\"index, follow, max-snippet:-1, max-image-preview:large, max-video-preview:-1\" \/>\n<link rel=\"canonical\" href=\"https:\/\/blog.maciterneecolo.fr\/pt-pt\/tanques-flexiveis-nos-parques-de-campismo-uma-solucao-para-a-gestao-sustentavel-da-agua\/\" \/>\n<meta property=\"og:locale\" content=\"pt_PT\" \/>\n<meta property=\"og:type\" content=\"article\" \/>\n<meta property=\"og:title\" content=\"Tanques flex\u00edveis nos parques de campismo: uma solu\u00e7\u00e3o para a gest\u00e3o sustent\u00e1vel da \u00e1gua - Blog Ma Citerne Ecolo\" \/>\n<meta property=\"og:description\" content=\"Descobre porque \u00e9 que os tanques flex\u00edveis s\u00e3o ideais para parques de campismo e como contribuem para uma gest\u00e3o sustent\u00e1vel da \u00e1gua.\" \/>\n<meta property=\"og:url\" content=\"https:\/\/blog.maciterneecolo.fr\/pt-pt\/tanques-flexiveis-nos-parques-de-campismo-uma-solucao-para-a-gestao-sustentavel-da-agua\/\" \/>\n<meta property=\"og:site_name\" content=\"Blog Ma Citerne Ecolo\" \/>\n<meta property=\"article:published_time\" content=\"2025-06-03T11:00:00+00:00\" \/>\n<meta property=\"og:image\" content=\"https:\/\/blog.maciterneecolo.fr\/wp-content\/uploads\/2025\/05\/ChatGPT-Image-5-mai-2025-13_24_28-1024x683.png\" \/>\n\t<meta property=\"og:image:width\" content=\"1024\" \/>\n\t<meta property=\"og:image:height\" content=\"683\" \/>\n\t<meta property=\"og:image:type\" content=\"image\/png\" \/>\n<meta name=\"author\" content=\"B\u00e9n\u00e9dicte Rebolloso\" \/>\n<meta name=\"twitter:card\" content=\"summary_large_image\" \/>\n<meta name=\"twitter:label1\" content=\"Escrito por\" \/>\n\t<meta name=\"twitter:data1\" content=\"B\u00e9n\u00e9dicte Rebolloso\" \/>\n\t<meta name=\"twitter:label2\" content=\"Tempo estimado de leitura\" \/>\n\t<meta name=\"twitter:data2\" content=\"7 minutos\" \/>\n<script type=\"application\/ld+json\" class=\"yoast-schema-graph\">{\"@context\":\"https:\\\/\\\/schema.org\",\"@graph\":[{\"@type\":\"Article\",\"@id\":\"https:\\\/\\\/blog.maciterneecolo.fr\\\/pt-pt\\\/tanques-flexiveis-nos-parques-de-campismo-uma-solucao-para-a-gestao-sustentavel-da-agua\\\/#article\",\"isPartOf\":{\"@id\":\"https:\\\/\\\/blog.maciterneecolo.fr\\\/pt-pt\\\/tanques-flexiveis-nos-parques-de-campismo-uma-solucao-para-a-gestao-sustentavel-da-agua\\\/\"},\"author\":{\"name\":\"B\u00e9n\u00e9dicte Rebolloso\",\"@id\":\"https:\\\/\\\/blog.maciterneecolo.fr\\\/pt-pt\\\/#\\\/schema\\\/person\\\/fe50d00b4e639107698e1ddead236943\"},\"headline\":\"Tanques flex\u00edveis nos parques de campismo: uma solu\u00e7\u00e3o para a gest\u00e3o sustent\u00e1vel da \u00e1gua\",\"datePublished\":\"2025-06-03T11:00:00+00:00\",\"mainEntityOfPage\":{\"@id\":\"https:\\\/\\\/blog.maciterneecolo.fr\\\/pt-pt\\\/tanques-flexiveis-nos-parques-de-campismo-uma-solucao-para-a-gestao-sustentavel-da-agua\\\/\"},\"wordCount\":1378,\"commentCount\":0,\"publisher\":{\"@id\":\"https:\\\/\\\/blog.maciterneecolo.fr\\\/pt-pt\\\/#organization\"},\"image\":{\"@id\":\"https:\\\/\\\/blog.maciterneecolo.fr\\\/pt-pt\\\/tanques-flexiveis-nos-parques-de-campismo-uma-solucao-para-a-gestao-sustentavel-da-agua\\\/#primaryimage\"},\"thumbnailUrl\":\"https:\\\/\\\/blog.maciterneecolo.fr\\\/wp-content\\\/uploads\\\/2025\\\/05\\\/ChatGPT-Image-5-mai-2025-13_24_28.png\",\"articleSection\":[\"Gest\u00e3o da \u00e1gua\",\"Tanques Flex\u00edveis\",\"Tudo o que precisa de saber sobre o tanque flex\u00edvel\"],\"inLanguage\":\"pt-PT\",\"potentialAction\":[{\"@type\":\"CommentAction\",\"name\":\"Comment\",\"target\":[\"https:\\\/\\\/blog.maciterneecolo.fr\\\/pt-pt\\\/tanques-flexiveis-nos-parques-de-campismo-uma-solucao-para-a-gestao-sustentavel-da-agua\\\/#respond\"]}]},{\"@type\":\"WebPage\",\"@id\":\"https:\\\/\\\/blog.maciterneecolo.fr\\\/pt-pt\\\/tanques-flexiveis-nos-parques-de-campismo-uma-solucao-para-a-gestao-sustentavel-da-agua\\\/\",\"url\":\"https:\\\/\\\/blog.maciterneecolo.fr\\\/pt-pt\\\/tanques-flexiveis-nos-parques-de-campismo-uma-solucao-para-a-gestao-sustentavel-da-agua\\\/\",\"name\":\"Tanques flex\u00edveis nos parques de campismo: uma solu\u00e7\u00e3o para a gest\u00e3o sustent\u00e1vel da \u00e1gua - Blog Ma Citerne Ecolo\",\"isPartOf\":{\"@id\":\"https:\\\/\\\/blog.maciterneecolo.fr\\\/pt-pt\\\/#website\"},\"primaryImageOfPage\":{\"@id\":\"https:\\\/\\\/blog.maciterneecolo.fr\\\/pt-pt\\\/tanques-flexiveis-nos-parques-de-campismo-uma-solucao-para-a-gestao-sustentavel-da-agua\\\/#primaryimage\"},\"image\":{\"@id\":\"https:\\\/\\\/blog.maciterneecolo.fr\\\/pt-pt\\\/tanques-flexiveis-nos-parques-de-campismo-uma-solucao-para-a-gestao-sustentavel-da-agua\\\/#primaryimage\"},\"thumbnailUrl\":\"https:\\\/\\\/blog.maciterneecolo.fr\\\/wp-content\\\/uploads\\\/2025\\\/05\\\/ChatGPT-Image-5-mai-2025-13_24_28.png\",\"datePublished\":\"2025-06-03T11:00:00+00:00\",\"description\":\"Descobre porque \u00e9 que os tanques flex\u00edveis s\u00e3o ideais para parques de campismo e como contribuem para uma gest\u00e3o sustent\u00e1vel da \u00e1gua.\",\"breadcrumb\":{\"@id\":\"https:\\\/\\\/blog.maciterneecolo.fr\\\/pt-pt\\\/tanques-flexiveis-nos-parques-de-campismo-uma-solucao-para-a-gestao-sustentavel-da-agua\\\/#breadcrumb\"},\"inLanguage\":\"pt-PT\",\"potentialAction\":[{\"@type\":\"ReadAction\",\"target\":[\"https:\\\/\\\/blog.maciterneecolo.fr\\\/pt-pt\\\/tanques-flexiveis-nos-parques-de-campismo-uma-solucao-para-a-gestao-sustentavel-da-agua\\\/\"]}]},{\"@type\":\"ImageObject\",\"inLanguage\":\"pt-PT\",\"@id\":\"https:\\\/\\\/blog.maciterneecolo.fr\\\/pt-pt\\\/tanques-flexiveis-nos-parques-de-campismo-uma-solucao-para-a-gestao-sustentavel-da-agua\\\/#primaryimage\",\"url\":\"https:\\\/\\\/blog.maciterneecolo.fr\\\/wp-content\\\/uploads\\\/2025\\\/05\\\/ChatGPT-Image-5-mai-2025-13_24_28.png\",\"contentUrl\":\"https:\\\/\\\/blog.maciterneecolo.fr\\\/wp-content\\\/uploads\\\/2025\\\/05\\\/ChatGPT-Image-5-mai-2025-13_24_28.png\",\"width\":1536,\"height\":1024},{\"@type\":\"BreadcrumbList\",\"@id\":\"https:\\\/\\\/blog.maciterneecolo.fr\\\/pt-pt\\\/tanques-flexiveis-nos-parques-de-campismo-uma-solucao-para-a-gestao-sustentavel-da-agua\\\/#breadcrumb\",\"itemListElement\":[{\"@type\":\"ListItem\",\"position\":1,\"name\":\"Accueil\",\"item\":\"https:\\\/\\\/blog.maciterneecolo.fr\\\/pt-pt\\\/\"},{\"@type\":\"ListItem\",\"position\":2,\"name\":\"Tanques flex\u00edveis nos parques de campismo: uma solu\u00e7\u00e3o para a gest\u00e3o sustent\u00e1vel da \u00e1gua\"}]},{\"@type\":\"WebSite\",\"@id\":\"https:\\\/\\\/blog.maciterneecolo.fr\\\/pt-pt\\\/#website\",\"url\":\"https:\\\/\\\/blog.maciterneecolo.fr\\\/pt-pt\\\/\",\"name\":\"Blog Ma Citerne Ecolo\",\"description\":\"Leader dans le domaine de la citerne souple d&#039;eau de pluie\",\"publisher\":{\"@id\":\"https:\\\/\\\/blog.maciterneecolo.fr\\\/pt-pt\\\/#organization\"},\"potentialAction\":[{\"@type\":\"SearchAction\",\"target\":{\"@type\":\"EntryPoint\",\"urlTemplate\":\"https:\\\/\\\/blog.maciterneecolo.fr\\\/pt-pt\\\/?s={search_term_string}\"},\"query-input\":{\"@type\":\"PropertyValueSpecification\",\"valueRequired\":true,\"valueName\":\"search_term_string\"}}],\"inLanguage\":\"pt-PT\"},{\"@type\":\"Organization\",\"@id\":\"https:\\\/\\\/blog.maciterneecolo.fr\\\/pt-pt\\\/#organization\",\"name\":\"Blog Ma Citerne Ecolo\",\"url\":\"https:\\\/\\\/blog.maciterneecolo.fr\\\/pt-pt\\\/\",\"logo\":{\"@type\":\"ImageObject\",\"inLanguage\":\"pt-PT\",\"@id\":\"https:\\\/\\\/blog.maciterneecolo.fr\\\/pt-pt\\\/#\\\/schema\\\/logo\\\/image\\\/\",\"url\":\"https:\\\/\\\/blog.maciterneecolo.fr\\\/wp-content\\\/uploads\\\/2022\\\/12\\\/cropped-favicon-blog.png\",\"contentUrl\":\"https:\\\/\\\/blog.maciterneecolo.fr\\\/wp-content\\\/uploads\\\/2022\\\/12\\\/cropped-favicon-blog.png\",\"width\":512,\"height\":512,\"caption\":\"Blog Ma Citerne Ecolo\"},\"image\":{\"@id\":\"https:\\\/\\\/blog.maciterneecolo.fr\\\/pt-pt\\\/#\\\/schema\\\/logo\\\/image\\\/\"}},{\"@type\":\"Person\",\"@id\":\"https:\\\/\\\/blog.maciterneecolo.fr\\\/pt-pt\\\/#\\\/schema\\\/person\\\/fe50d00b4e639107698e1ddead236943\",\"name\":\"B\u00e9n\u00e9dicte Rebolloso\",\"image\":{\"@type\":\"ImageObject\",\"inLanguage\":\"pt-PT\",\"@id\":\"https:\\\/\\\/secure.gravatar.com\\\/avatar\\\/ffa759db2a4d8ebb52a58b89d3dc2a9f0395a5122bb839045a145d6585de1126?s=96&d=mm&r=g\",\"url\":\"https:\\\/\\\/secure.gravatar.com\\\/avatar\\\/ffa759db2a4d8ebb52a58b89d3dc2a9f0395a5122bb839045a145d6585de1126?s=96&d=mm&r=g\",\"contentUrl\":\"https:\\\/\\\/secure.gravatar.com\\\/avatar\\\/ffa759db2a4d8ebb52a58b89d3dc2a9f0395a5122bb839045a145d6585de1126?s=96&d=mm&r=g\",\"caption\":\"B\u00e9n\u00e9dicte Rebolloso\"},\"url\":\"https:\\\/\\\/blog.maciterneecolo.fr\\\/pt-pt\\\/author\\\/benedicterebolloso\\\/\"}]}<\/script>\n<!-- \/ Yoast SEO plugin. -->","yoast_head_json":{"title":"Tanques flex\u00edveis nos parques de campismo: uma solu\u00e7\u00e3o para a gest\u00e3o sustent\u00e1vel da \u00e1gua - Blog Ma Citerne Ecolo","description":"Descobre porque \u00e9 que os tanques flex\u00edveis s\u00e3o ideais para parques de campismo e como contribuem para uma gest\u00e3o sustent\u00e1vel da \u00e1gua.","robots":{"index":"index","follow":"follow","max-snippet":"max-snippet:-1","max-image-preview":"max-image-preview:large","max-video-preview":"max-video-preview:-1"},"canonical":"https:\/\/blog.maciterneecolo.fr\/pt-pt\/tanques-flexiveis-nos-parques-de-campismo-uma-solucao-para-a-gestao-sustentavel-da-agua\/","og_locale":"pt_PT","og_type":"article","og_title":"Tanques flex\u00edveis nos parques de campismo: uma solu\u00e7\u00e3o para a gest\u00e3o sustent\u00e1vel da \u00e1gua - Blog Ma Citerne Ecolo","og_description":"Descobre porque \u00e9 que os tanques flex\u00edveis s\u00e3o ideais para parques de campismo e como contribuem para uma gest\u00e3o sustent\u00e1vel da \u00e1gua.","og_url":"https:\/\/blog.maciterneecolo.fr\/pt-pt\/tanques-flexiveis-nos-parques-de-campismo-uma-solucao-para-a-gestao-sustentavel-da-agua\/","og_site_name":"Blog Ma Citerne Ecolo","article_published_time":"2025-06-03T11:00:00+00:00","og_image":[{"width":1024,"height":683,"url":"https:\/\/blog.maciterneecolo.fr\/wp-content\/uploads\/2025\/05\/ChatGPT-Image-5-mai-2025-13_24_28-1024x683.png","type":"image\/png"}],"author":"B\u00e9n\u00e9dicte Rebolloso","twitter_card":"summary_large_image","twitter_misc":{"Escrito por":"B\u00e9n\u00e9dicte Rebolloso","Tempo estimado de leitura":"7 minutos"},"schema":{"@context":"https:\/\/schema.org","@graph":[{"@type":"Article","@id":"https:\/\/blog.maciterneecolo.fr\/pt-pt\/tanques-flexiveis-nos-parques-de-campismo-uma-solucao-para-a-gestao-sustentavel-da-agua\/#article","isPartOf":{"@id":"https:\/\/blog.maciterneecolo.fr\/pt-pt\/tanques-flexiveis-nos-parques-de-campismo-uma-solucao-para-a-gestao-sustentavel-da-agua\/"},"author":{"name":"B\u00e9n\u00e9dicte Rebolloso","@id":"https:\/\/blog.maciterneecolo.fr\/pt-pt\/#\/schema\/person\/fe50d00b4e639107698e1ddead236943"},"headline":"Tanques flex\u00edveis nos parques de campismo: uma solu\u00e7\u00e3o para a gest\u00e3o sustent\u00e1vel da \u00e1gua","datePublished":"2025-06-03T11:00:00+00:00","mainEntityOfPage":{"@id":"https:\/\/blog.maciterneecolo.fr\/pt-pt\/tanques-flexiveis-nos-parques-de-campismo-uma-solucao-para-a-gestao-sustentavel-da-agua\/"},"wordCount":1378,"commentCount":0,"publisher":{"@id":"https:\/\/blog.maciterneecolo.fr\/pt-pt\/#organization"},"image":{"@id":"https:\/\/blog.maciterneecolo.fr\/pt-pt\/tanques-flexiveis-nos-parques-de-campismo-uma-solucao-para-a-gestao-sustentavel-da-agua\/#primaryimage"},"thumbnailUrl":"https:\/\/blog.maciterneecolo.fr\/wp-content\/uploads\/2025\/05\/ChatGPT-Image-5-mai-2025-13_24_28.png","articleSection":["Gest\u00e3o da \u00e1gua","Tanques Flex\u00edveis","Tudo o que precisa de saber sobre o tanque flex\u00edvel"],"inLanguage":"pt-PT","potentialAction":[{"@type":"CommentAction","name":"Comment","target":["https:\/\/blog.maciterneecolo.fr\/pt-pt\/tanques-flexiveis-nos-parques-de-campismo-uma-solucao-para-a-gestao-sustentavel-da-agua\/#respond"]}]},{"@type":"WebPage","@id":"https:\/\/blog.maciterneecolo.fr\/pt-pt\/tanques-flexiveis-nos-parques-de-campismo-uma-solucao-para-a-gestao-sustentavel-da-agua\/","url":"https:\/\/blog.maciterneecolo.fr\/pt-pt\/tanques-flexiveis-nos-parques-de-campismo-uma-solucao-para-a-gestao-sustentavel-da-agua\/","name":"Tanques flex\u00edveis nos parques de campismo: uma solu\u00e7\u00e3o para a gest\u00e3o sustent\u00e1vel da \u00e1gua - Blog Ma Citerne Ecolo","isPartOf":{"@id":"https:\/\/blog.maciterneecolo.fr\/pt-pt\/#website"},"primaryImageOfPage":{"@id":"https:\/\/blog.maciterneecolo.fr\/pt-pt\/tanques-flexiveis-nos-parques-de-campismo-uma-solucao-para-a-gestao-sustentavel-da-agua\/#primaryimage"},"image":{"@id":"https:\/\/blog.maciterneecolo.fr\/pt-pt\/tanques-flexiveis-nos-parques-de-campismo-uma-solucao-para-a-gestao-sustentavel-da-agua\/#primaryimage"},"thumbnailUrl":"https:\/\/blog.maciterneecolo.fr\/wp-content\/uploads\/2025\/05\/ChatGPT-Image-5-mai-2025-13_24_28.png","datePublished":"2025-06-03T11:00:00+00:00","description":"Descobre porque \u00e9 que os tanques flex\u00edveis s\u00e3o ideais para parques de campismo e como contribuem para uma gest\u00e3o sustent\u00e1vel da \u00e1gua.","breadcrumb":{"@id":"https:\/\/blog.maciterneecolo.fr\/pt-pt\/tanques-flexiveis-nos-parques-de-campismo-uma-solucao-para-a-gestao-sustentavel-da-agua\/#breadcrumb"},"inLanguage":"pt-PT","potentialAction":[{"@type":"ReadAction","target":["https:\/\/blog.maciterneecolo.fr\/pt-pt\/tanques-flexiveis-nos-parques-de-campismo-uma-solucao-para-a-gestao-sustentavel-da-agua\/"]}]},{"@type":"ImageObject","inLanguage":"pt-PT","@id":"https:\/\/blog.maciterneecolo.fr\/pt-pt\/tanques-flexiveis-nos-parques-de-campismo-uma-solucao-para-a-gestao-sustentavel-da-agua\/#primaryimage","url":"https:\/\/blog.maciterneecolo.fr\/wp-content\/uploads\/2025\/05\/ChatGPT-Image-5-mai-2025-13_24_28.png","contentUrl":"https:\/\/blog.maciterneecolo.fr\/wp-content\/uploads\/2025\/05\/ChatGPT-Image-5-mai-2025-13_24_28.png","width":1536,"height":1024},{"@type":"BreadcrumbList","@id":"https:\/\/blog.maciterneecolo.fr\/pt-pt\/tanques-flexiveis-nos-parques-de-campismo-uma-solucao-para-a-gestao-sustentavel-da-agua\/#breadcrumb","itemListElement":[{"@type":"ListItem","position":1,"name":"Accueil","item":"https:\/\/blog.maciterneecolo.fr\/pt-pt\/"},{"@type":"ListItem","position":2,"name":"Tanques flex\u00edveis nos parques de campismo: uma solu\u00e7\u00e3o para a gest\u00e3o sustent\u00e1vel da \u00e1gua"}]},{"@type":"WebSite","@id":"https:\/\/blog.maciterneecolo.fr\/pt-pt\/#website","url":"https:\/\/blog.maciterneecolo.fr\/pt-pt\/","name":"Blog Ma Citerne Ecolo","description":"Leader dans le domaine de la citerne souple d&#039;eau de pluie","publisher":{"@id":"https:\/\/blog.maciterneecolo.fr\/pt-pt\/#organization"},"potentialAction":[{"@type":"SearchAction","target":{"@type":"EntryPoint","urlTemplate":"https:\/\/blog.maciterneecolo.fr\/pt-pt\/?s={search_term_string}"},"query-input":{"@type":"PropertyValueSpecification","valueRequired":true,"valueName":"search_term_string"}}],"inLanguage":"pt-PT"},{"@type":"Organization","@id":"https:\/\/blog.maciterneecolo.fr\/pt-pt\/#organization","name":"Blog Ma Citerne Ecolo","url":"https:\/\/blog.maciterneecolo.fr\/pt-pt\/","logo":{"@type":"ImageObject","inLanguage":"pt-PT","@id":"https:\/\/blog.maciterneecolo.fr\/pt-pt\/#\/schema\/logo\/image\/","url":"https:\/\/blog.maciterneecolo.fr\/wp-content\/uploads\/2022\/12\/cropped-favicon-blog.png","contentUrl":"https:\/\/blog.maciterneecolo.fr\/wp-content\/uploads\/2022\/12\/cropped-favicon-blog.png","width":512,"height":512,"caption":"Blog Ma Citerne Ecolo"},"image":{"@id":"https:\/\/blog.maciterneecolo.fr\/pt-pt\/#\/schema\/logo\/image\/"}},{"@type":"Person","@id":"https:\/\/blog.maciterneecolo.fr\/pt-pt\/#\/schema\/person\/fe50d00b4e639107698e1ddead236943","name":"B\u00e9n\u00e9dicte Rebolloso","image":{"@type":"ImageObject","inLanguage":"pt-PT","@id":"https:\/\/secure.gravatar.com\/avatar\/ffa759db2a4d8ebb52a58b89d3dc2a9f0395a5122bb839045a145d6585de1126?s=96&d=mm&r=g","url":"https:\/\/secure.gravatar.com\/avatar\/ffa759db2a4d8ebb52a58b89d3dc2a9f0395a5122bb839045a145d6585de1126?s=96&d=mm&r=g","contentUrl":"https:\/\/secure.gravatar.com\/avatar\/ffa759db2a4d8ebb52a58b89d3dc2a9f0395a5122bb839045a145d6585de1126?s=96&d=mm&r=g","caption":"B\u00e9n\u00e9dicte Rebolloso"},"url":"https:\/\/blog.maciterneecolo.fr\/pt-pt\/author\/benedicterebolloso\/"}]}},"_links":{"self":[{"href":"https:\/\/blog.maciterneecolo.fr\/pt-pt\/wp-json\/wp\/v2\/posts\/14248","targetHints":{"allow":["GET"]}}],"collection":[{"href":"https:\/\/blog.maciterneecolo.fr\/pt-pt\/wp-json\/wp\/v2\/posts"}],"about":[{"href":"https:\/\/blog.maciterneecolo.fr\/pt-pt\/wp-json\/wp\/v2\/types\/post"}],"author":[{"embeddable":true,"href":"https:\/\/blog.maciterneecolo.fr\/pt-pt\/wp-json\/wp\/v2\/users\/4"}],"replies":[{"embeddable":true,"href":"https:\/\/blog.maciterneecolo.fr\/pt-pt\/wp-json\/wp\/v2\/comments?post=14248"}],"version-history":[{"count":1,"href":"https:\/\/blog.maciterneecolo.fr\/pt-pt\/wp-json\/wp\/v2\/posts\/14248\/revisions"}],"predecessor-version":[{"id":14250,"href":"https:\/\/blog.maciterneecolo.fr\/pt-pt\/wp-json\/wp\/v2\/posts\/14248\/revisions\/14250"}],"wp:featuredmedia":[{"embeddable":true,"href":"https:\/\/blog.maciterneecolo.fr\/pt-pt\/wp-json\/wp\/v2\/media\/14218"}],"wp:attachment":[{"href":"https:\/\/blog.maciterneecolo.fr\/pt-pt\/wp-json\/wp\/v2\/media?parent=14248"}],"wp:term":[{"taxonomy":"category","embeddable":true,"href":"https:\/\/blog.maciterneecolo.fr\/pt-pt\/wp-json\/wp\/v2\/categories?post=14248"},{"taxonomy":"post_tag","embeddable":true,"href":"https:\/\/blog.maciterneecolo.fr\/pt-pt\/wp-json\/wp\/v2\/tags?post=14248"}],"curies":[{"name":"wp","href":"https:\/\/api.w.org\/{rel}","templated":true}]}}