{"id":14511,"date":"2025-09-03T12:00:00","date_gmt":"2025-09-03T12:00:00","guid":{"rendered":"https:\/\/blog.maciterneecolo.fr\/?p=14511"},"modified":"2025-05-06T14:35:24","modified_gmt":"2025-05-06T14:35:24","slug":"colectores-de-agua-da-chuva-uma-solucao-eficaz-para-reduzir-a-fatura-da-agua-em-habitacoes-colectivas","status":"publish","type":"post","link":"https:\/\/blog.maciterneecolo.fr\/pt-pt\/colectores-de-agua-da-chuva-uma-solucao-eficaz-para-reduzir-a-fatura-da-agua-em-habitacoes-colectivas\/","title":{"rendered":"Colectores de \u00e1gua da chuva: uma solu\u00e7\u00e3o eficaz para reduzir a fatura da \u00e1gua em habita\u00e7\u00f5es colectivas"},"content":{"rendered":"\n<h2 class=\"wp-block-heading\"><mark style=\"background-color:rgba(0, 0, 0, 0)\" class=\"has-inline-color has-vivid-cyan-blue-color\">Porqu\u00ea recuperar a \u00e1gua da chuva num condom\u00ednio?<\/mark><\/h2>\n\n<h3 class=\"wp-block-heading\">Consumo elevado de \u00e1gua nas \u00e1reas comuns<\/h3>\n\n<p>Nas habita\u00e7\u00f5es colectivas, o consumo de \u00e1gua para fins n\u00e3o pot\u00e1veis, como a rega do jardim, a limpeza das \u00e1reas comuns ou a descarga das casas de banho, \u00e9 frequentemente subestimado. No entanto, todos os dias, centenas de litros de \u00e1gua pot\u00e1vel s\u00e3o utilizados, quando poderiam ser substitu\u00eddos por \u00e1gua da chuva, que \u00e9 perfeitamente adequada para essas utiliza\u00e7\u00f5es. <\/p>\n\n<p>Perante o aumento dos pre\u00e7os, muitos condom\u00ednios procuram solu\u00e7\u00f5es sustent\u00e1veis para reduzir as suas facturas. A compra de um sistema de recolha de \u00e1guas pluviais est\u00e1 a tornar-se uma op\u00e7\u00e3o cada vez mais popular para associa\u00e7\u00f5es de moradores, autoridades locais e senhorios sociais. <\/p>\n\n<p>Este tipo de utiliza\u00e7\u00e3o \u00e9 ainda mais crucial durante os per\u00edodos de calor, quando o consumo de \u00e1gua comunit\u00e1ria aumenta. A instala\u00e7\u00e3o de um sistema partilhado tamb\u00e9m sensibiliza o p\u00fablico para a necessidade de uma melhor gest\u00e3o dos recursos. Esta abordagem favorece igualmente a discuss\u00e3o entre os co-propriet\u00e1rios sobre um projeto ambiental unificador que beneficiar\u00e1 todos os habitantes.  <\/p>\n\n<h3 class=\"wp-block-heading\">Custos elevados para os co-propriet\u00e1rios<\/h3>\n\n<p>Entre aquecimento, obras, servi\u00e7os p\u00fablicos e manuten\u00e7\u00e3o, os custos imobili\u00e1rios n\u00e3o param de aumentar. A \u00e1gua representa frequentemente uma parte significativa destes custos. No entanto, com a instala\u00e7\u00e3o relativamente simples de um sistema de recolha de \u00e1guas pluviais, \u00e9 poss\u00edvel poupar v\u00e1rios milhares de litros por ano e reduzir o montante das tuas contas.  <\/p>\n\n<p>Gra\u00e7as aos subs\u00eddios oferecidos por certas colectividades locais ou ag\u00eancias governamentais, o custo inicial de aquisi\u00e7\u00e3o pode ser reduzido. Uma boa utiliza\u00e7\u00e3o colectiva permite amortizar o investimento, colhendo os benef\u00edcios t\u00e9cnicos, ecol\u00f3gicos e financeiros. <\/p>\n\n<p>Esta \u00e9 uma alavanca estrat\u00e9gica, em particular para os propriet\u00e1rios sociais e gestores de im\u00f3veis para arrendamento, que beneficiar\u00e3o a longo prazo, cumprindo simultaneamente os requisitos de efici\u00eancia energ\u00e9tica para habita\u00e7\u00f5es p\u00fablicas e zonas sob press\u00e3o.<\/p>\n\n<h3 class=\"wp-block-heading\">A \u00e1gua da chuva, um recurso gratuito e pouco explorado<\/h3>\n\n<p>A recolha de \u00e1gua da chuva baseia-se num princ\u00edpio simples: recolher a \u00e1gua da chuva atrav\u00e9s das calhas da tua casa ou edif\u00edcio, armazen\u00e1-la num tanque adequado e depois redistribu\u00ed-la para fins n\u00e3o alimentares. Este recurso gratuito, natural e abundante continua a ser largamente subutilizado nas habita\u00e7\u00f5es colectivas em Fran\u00e7a. <\/p>\n\n<p>No entanto, as autarquias locais, os gestores imobili\u00e1rios e as associa\u00e7\u00f5es de condom\u00ednios t\u00eam acesso a subven\u00e7\u00f5es p\u00fablicas, subs\u00eddios e incentivos para equipar os seus edif\u00edcios com sistemas de recupera\u00e7\u00e3o de calor. Uma informa\u00e7\u00e3o clara sobre as vantagens, os custos e a regulamenta\u00e7\u00e3o em vigor pode ajudar a desbloquear muitos projectos, nomeadamente em edif\u00edcios sujeitos a ondas de calor recorrentes. <\/p>\n\n<p>Reduz igualmente a quantidade de \u00e1gua descarregada nos sistemas de esgotos, que est\u00e3o frequentemente saturados. As \u00e1guas infiltradas podem contribuir para melhorar a gest\u00e3o dos solos urbanos e limitar as inunda\u00e7\u00f5es em certas zonas sens\u00edveis. <\/p>\n\n<h2 class=\"wp-block-heading\"><mark style=\"background-color:rgba(0, 0, 0, 0)\" class=\"has-inline-color has-vivid-cyan-blue-color\">Como funciona um sistema de recupera\u00e7\u00e3o de \u00e1gua numa habita\u00e7\u00e3o colectiva?<\/mark><\/h2>\n\n<h3 class=\"wp-block-heading\">O princ\u00edpio da recolha atrav\u00e9s de telhados e caleiras<\/h3>\n\n<p>Um sistema de recolha de \u00e1guas pluviais recolhe a \u00e1gua que cai nos telhados atrav\u00e9s de caleiras e colectores. Esta \u00e1gua \u00e9 depois encaminhada para um ou mais tanques (flex\u00edveis ou r\u00edgidos), onde \u00e9 filtrada para remover os detritos. <\/p>\n\n<p><a href=\"https:\/\/www.maciterneecolo.fr\/fr\/6-nos-kits\">O kit de recupera\u00e7\u00e3o<\/a> pode incluir v\u00e1rios componentes: filtro de folhas, pr\u00e9-filtro, v\u00e1lvula de drenagem, bomba e rede de distribui\u00e7\u00e3o no interior do edif\u00edcio. Os sistemas s\u00e3o adaptados aos espa\u00e7os urbanos, com uma instala\u00e7\u00e3o optimizada no solo, em p\u00e1tios ou mesmo em telhados planos. <\/p>\n\n<p>Este sistema simples pode ser utilizado em todos os tipos de habita\u00e7\u00f5es, sejam elas antigas ou novas. Oferece tamb\u00e9m uma modularidade ideal para edif\u00edcios preparados para o futuro, com extens\u00f5es de capacidade poss\u00edveis conforme necess\u00e1rio. <\/p>\n\n<h3 class=\"wp-block-heading\">Armazenamento: tanques, reservat\u00f3rios e cubas adequados<\/h3>\n\n<p>A capacidade de armazenamento depende do volume do telhado, do clima local e da utiliza\u00e7\u00e3o prevista. Nos edif\u00edcios colectivos, optamos frequentemente por reservat\u00f3rios subterr\u00e2neos, reservat\u00f3rios modulares ou reservat\u00f3rios flex\u00edveis instalados em caves ou \u00e1reas t\u00e9cnicas. <\/p>\n\n<p>Alguns sistemas s\u00e3o concebidos para serem acoplados a instala\u00e7\u00f5es solares t\u00e9rmicas ou fotovoltaicas, o que significa que o recuperador de \u00e1gua pode ser integrado num esquema de poupan\u00e7a de energia mais amplo. Os pain\u00e9is solares podem ser utilizados para aquecer a \u00e1gua, alimentar a bomba ou complementar um sistema de aquecimento termodin\u00e2mico. <\/p>\n\n<p>As vantagens s\u00e3o numerosas: resili\u00eancia face a cortes de \u00e1gua, controlo da temperatura nas zonas de armazenamento e possibilidade de integra\u00e7\u00e3o na arquitetura moderna. Al\u00e9m disso, refor\u00e7a a imagem ecol\u00f3gica do edif\u00edcio aos olhos do p\u00fablico. <\/p>\n\n<h3 class=\"wp-block-heading\">Redistribui\u00e7\u00e3o para fins n\u00e3o pot\u00e1veis<\/h3>\n\n<p>A \u00e1gua recuperada pode ser utilizada para :<\/p>\n\n<ul class=\"wp-block-list\">\n<li>rega os espa\u00e7os verdes e os jardins partilhados,<\/li>\n\n\n\n<li>Limpa pavimentos ou ve\u00edculos de servi\u00e7o,<\/li>\n\n\n\n<li>fornecimento de casas de banho colectivas ou de uma rede sanit\u00e1ria secund\u00e1ria.<\/li>\n<\/ul>\n\n<p>Tudo isto sem afetar a qualidade da \u00e1gua pot\u00e1vel ou o conforto dos habitantes. Os regulamentos exigem uma separa\u00e7\u00e3o rigorosa entre a rede p\u00fablica e o circuito de \u00e1guas pluviais. O sistema deve, portanto, ser seguro e bem mantido para proteger a sa\u00fade p\u00fablica.  <\/p>\n\n<p>A utiliza\u00e7\u00e3o da \u00e1gua da chuva nestas condi\u00e7\u00f5es oferece muitas vantagens pr\u00e1ticas e ambientais. A manuten\u00e7\u00e3o anual \u00e9 geralmente simples e o custo \u00e9 baixo, facilitando a aquisi\u00e7\u00e3o do sistema por parte de propriedades mais pequenas. <\/p>\n\n<h2 class=\"wp-block-heading\"><mark style=\"background-color:rgba(0, 0, 0, 0)\" class=\"has-inline-color has-vivid-cyan-blue-color\">Quais s\u00e3o os benef\u00edcios concretos para os residentes e a comunidade?<\/mark><\/h2>\n\n<h3 class=\"wp-block-heading\">Redu\u00e7\u00e3o direta da fatura da \u00e1gua<\/h3>\n\n<p>Ao reduzir o consumo de \u00e1gua pot\u00e1vel, um sistema de recupera\u00e7\u00e3o de \u00e1gua pode reduzir significativamente a <a href=\"https:\/\/blog.maciterneecolo.fr\/pt-pt\/ajudamo-lo-a-reduzir-o-custo-da-sua-factura-da-agua\/\">tua fatura anual<\/a>. Em m\u00e9dia, um dep\u00f3sito de 5.000 a 10.000 litros pode poupar at\u00e9 30% no custo do uso coletivo. <\/p>\n\n<p>O montante m\u00e9dio poupado numa fatura anual pode cobrir rapidamente a compra inicial do recuperador. Uma boa utiliza\u00e7\u00e3o colectiva permite-te beneficiar de subs\u00eddios p\u00fablicos locais, com vantagens duradouras para toda a copropriedade. <\/p>\n\n<p>Estas poupan\u00e7as contribuem igualmente para uma distribui\u00e7\u00e3o mais justa das tarifas e para uma maior aceita\u00e7\u00e3o dos aumentos regulamentares. Uma informa\u00e7\u00e3o transparente sobre o desempenho motiva os residentes a envolverem-se mais. <\/p>\n\n<h3 class=\"wp-block-heading\">Um impacto ambiental positivo e mensur\u00e1vel<\/h3>\n\n<p>Utilizar a \u00e1gua da chuva para as necessidades quotidianas significa tamb\u00e9m limitar a quantidade de \u00e1gua retirada do len\u00e7ol fre\u00e1tico e reduzir a carga sobre os sistemas p\u00fablicos de esgotos. Evita tamb\u00e9m o aquecimento desnecess\u00e1rio da \u00e1gua pot\u00e1vel, o que reduz o consumo global de energia do edif\u00edcio. <\/p>\n\n<p>Associada ao aquecimento solar ou a um sistema fotovoltaico, a recupera\u00e7\u00e3o de \u00e1gua torna-se uma poderosa alavanca para a transi\u00e7\u00e3o ecol\u00f3gica. Estes sistemas fazem parte de uma abordagem sustent\u00e1vel que responde \u00e0s expectativas das colectividades locais. <\/p>\n\n<p>Estes efeitos cumulativos s\u00e3o particularmente vis\u00edveis em zonas expostas ao stress h\u00eddrico ou ao calor extremo do ver\u00e3o. O p\u00fablico local pode ent\u00e3o ver uma mudan\u00e7a tang\u00edvel e mensur\u00e1vel numa base di\u00e1ria. <\/p>\n\n<h3 class=\"wp-block-heading\">Um argumento a favor do desenvolvimento imobili\u00e1rio sustent\u00e1vel<\/h3>\n\n<p>As habita\u00e7\u00f5es colectivas equipadas com<a href=\"https:\/\/www.maciterneecolo.fr\/fr\/3-citernes-souples\">um sistema de recupera\u00e7\u00e3o de \u00e1guas pluviais<\/a> s\u00e3o vistas como sendo mais bem geridas, mais econ\u00f3micas e mais respeitadoras do ambiente. Isto torna-as mais atractivas no mercado imobili\u00e1rio, nomeadamente para as fam\u00edlias e os jovens profissionais preocupados com a sua pegada energ\u00e9tica. <\/p>\n\n<p>A integra\u00e7\u00e3o de uma unidade de recupera\u00e7\u00e3o de calor, associada a uma informa\u00e7\u00e3o clara sobre as subven\u00e7\u00f5es, subs\u00eddios e benef\u00edcios ecol\u00f3gicos dispon\u00edveis, ajudar\u00e1 a unir a comunidade de co-propriet\u00e1rios em torno de um projeto \u00fatil, pr\u00e1tico e imediatamente rent\u00e1vel.<\/p>\n\n<p>A m\u00e9dio prazo, estes equipamentos melhoram tamb\u00e9m a classifica\u00e7\u00e3o ambiental dos edif\u00edcios, valorizando-os aquando da sua venda ou arrendamento. A compra de um im\u00f3vel torna-se mais tranquila para o p\u00fablico preocupado com o desempenho energ\u00e9tico. <\/p>\n\n<h2 class=\"wp-block-heading\"><mark style=\"background-color:rgba(0, 0, 0, 0)\" class=\"has-inline-color has-vivid-cyan-blue-color\">Uma solu\u00e7\u00e3o econ\u00f3mica, sustent\u00e1vel e colectiva<\/mark><\/h2>\n\n<p>A ado\u00e7\u00e3o de colectores de \u00e1guas pluviais em habita\u00e7\u00f5es colectivas significa fazer a escolha de uma gest\u00e3o inteligente da \u00e1gua, em linha com os desafios do futuro. A recolha de \u00e1guas pluviais ajuda a reduzir as facturas, a proteger o ambiente e a otimizar o consumo de \u00e1gua nas \u00e1reas comuns. <\/p>\n\n<p>Com sistemas fi\u00e1veis, kits adaptados e uma vasta gama de subs\u00eddios p\u00fablicos, a instala\u00e7\u00e3o \u00e9 simples. Quer se trate de um projeto de constru\u00e7\u00e3o nova ou de renova\u00e7\u00e3o, o tanque de recupera\u00e7\u00e3o integra-se perfeitamente no ecossistema energ\u00e9tico e sanit\u00e1rio do edif\u00edcio. <\/p>\n\n<p>Trata-se de uma solu\u00e7\u00e3o pr\u00e1tica, acess\u00edvel e eco-respons\u00e1vel que beneficia toda a comunidade.<\/p>\n","protected":false},"excerpt":{"rendered":"<p>Porqu\u00ea recuperar a \u00e1gua da chuva num condom\u00ednio? Consumo elevado de \u00e1gua nas \u00e1reas comuns Nas habita\u00e7\u00f5es colectivas, o consumo de \u00e1gua para fins n\u00e3o pot\u00e1veis, como a rega do jardim, a limpeza das \u00e1reas comuns ou a descarga das casas de banho, \u00e9 frequentemente subestimado. No entanto, todos os dias, centenas de litros de [&hellip;]<\/p>\n","protected":false},"author":4,"featured_media":14487,"comment_status":"open","ping_status":"closed","sticky":false,"template":"","format":"standard","meta":{"inline_featured_image":false,"footnotes":""},"categories":[88,105],"tags":[],"class_list":["post-14511","post","type-post","status-publish","format-standard","has-post-thumbnail","hentry","category-tanques-flexiveis","category-tudo-sobre-a-agua-da-chuva"],"yoast_head":"<!-- This site is optimized with the Yoast SEO plugin v27.4 - https:\/\/yoast.com\/product\/yoast-seo-wordpress\/ -->\n<title>Colectores de \u00e1gua da chuva: uma solu\u00e7\u00e3o eficaz para reduzir a fatura da \u00e1gua em habita\u00e7\u00f5es colectivas - Blog Ma Citerne Ecolo<\/title>\n<meta name=\"description\" content=\"Instala um coletor de \u00e1gua da chuva na habita\u00e7\u00e3o colectiva para reduzir as tuas contas e limitar o teu consumo de \u00e1gua pot\u00e1vel.\" \/>\n<meta name=\"robots\" content=\"index, follow, max-snippet:-1, max-image-preview:large, max-video-preview:-1\" \/>\n<link rel=\"canonical\" href=\"https:\/\/blog.maciterneecolo.fr\/pt-pt\/colectores-de-agua-da-chuva-uma-solucao-eficaz-para-reduzir-a-fatura-da-agua-em-habitacoes-colectivas\/\" \/>\n<meta property=\"og:locale\" content=\"pt_PT\" \/>\n<meta property=\"og:type\" content=\"article\" \/>\n<meta property=\"og:title\" content=\"Colectores de \u00e1gua da chuva: uma solu\u00e7\u00e3o eficaz para reduzir a fatura da \u00e1gua em habita\u00e7\u00f5es colectivas - Blog Ma Citerne Ecolo\" \/>\n<meta property=\"og:description\" content=\"Instala um coletor de \u00e1gua da chuva na habita\u00e7\u00e3o colectiva para reduzir as tuas contas e limitar o teu consumo de \u00e1gua pot\u00e1vel.\" \/>\n<meta property=\"og:url\" content=\"https:\/\/blog.maciterneecolo.fr\/pt-pt\/colectores-de-agua-da-chuva-uma-solucao-eficaz-para-reduzir-a-fatura-da-agua-em-habitacoes-colectivas\/\" \/>\n<meta property=\"og:site_name\" content=\"Blog Ma Citerne Ecolo\" \/>\n<meta property=\"article:published_time\" content=\"2025-09-03T12:00:00+00:00\" \/>\n<meta property=\"og:image\" content=\"https:\/\/blog.maciterneecolo.fr\/wp-content\/uploads\/2025\/05\/pexels-kyle-miller-169884138-31884672-scaled.jpg\" \/>\n\t<meta property=\"og:image:width\" content=\"1707\" \/>\n\t<meta property=\"og:image:height\" content=\"2560\" \/>\n\t<meta property=\"og:image:type\" content=\"image\/jpeg\" \/>\n<meta name=\"author\" content=\"B\u00e9n\u00e9dicte Rebolloso\" \/>\n<meta name=\"twitter:card\" content=\"summary_large_image\" \/>\n<meta name=\"twitter:label1\" content=\"Escrito por\" \/>\n\t<meta name=\"twitter:data1\" content=\"B\u00e9n\u00e9dicte Rebolloso\" \/>\n\t<meta name=\"twitter:label2\" content=\"Tempo estimado de leitura\" \/>\n\t<meta name=\"twitter:data2\" content=\"8 minutos\" \/>\n<script type=\"application\/ld+json\" class=\"yoast-schema-graph\">{\"@context\":\"https:\\\/\\\/schema.org\",\"@graph\":[{\"@type\":\"Article\",\"@id\":\"https:\\\/\\\/blog.maciterneecolo.fr\\\/pt-pt\\\/colectores-de-agua-da-chuva-uma-solucao-eficaz-para-reduzir-a-fatura-da-agua-em-habitacoes-colectivas\\\/#article\",\"isPartOf\":{\"@id\":\"https:\\\/\\\/blog.maciterneecolo.fr\\\/pt-pt\\\/colectores-de-agua-da-chuva-uma-solucao-eficaz-para-reduzir-a-fatura-da-agua-em-habitacoes-colectivas\\\/\"},\"author\":{\"name\":\"B\u00e9n\u00e9dicte Rebolloso\",\"@id\":\"https:\\\/\\\/blog.maciterneecolo.fr\\\/pt-pt\\\/#\\\/schema\\\/person\\\/fe50d00b4e639107698e1ddead236943\"},\"headline\":\"Colectores de \u00e1gua da chuva: uma solu\u00e7\u00e3o eficaz para reduzir a fatura da \u00e1gua em habita\u00e7\u00f5es colectivas\",\"datePublished\":\"2025-09-03T12:00:00+00:00\",\"mainEntityOfPage\":{\"@id\":\"https:\\\/\\\/blog.maciterneecolo.fr\\\/pt-pt\\\/colectores-de-agua-da-chuva-uma-solucao-eficaz-para-reduzir-a-fatura-da-agua-em-habitacoes-colectivas\\\/\"},\"wordCount\":1551,\"commentCount\":0,\"publisher\":{\"@id\":\"https:\\\/\\\/blog.maciterneecolo.fr\\\/pt-pt\\\/#organization\"},\"image\":{\"@id\":\"https:\\\/\\\/blog.maciterneecolo.fr\\\/pt-pt\\\/colectores-de-agua-da-chuva-uma-solucao-eficaz-para-reduzir-a-fatura-da-agua-em-habitacoes-colectivas\\\/#primaryimage\"},\"thumbnailUrl\":\"https:\\\/\\\/blog.maciterneecolo.fr\\\/wp-content\\\/uploads\\\/2025\\\/05\\\/pexels-kyle-miller-169884138-31884672-scaled.jpg\",\"articleSection\":[\"Tanques Flex\u00edveis\",\"Tudo sobre a \u00e1gua da chuva\"],\"inLanguage\":\"pt-PT\",\"potentialAction\":[{\"@type\":\"CommentAction\",\"name\":\"Comment\",\"target\":[\"https:\\\/\\\/blog.maciterneecolo.fr\\\/pt-pt\\\/colectores-de-agua-da-chuva-uma-solucao-eficaz-para-reduzir-a-fatura-da-agua-em-habitacoes-colectivas\\\/#respond\"]}]},{\"@type\":\"WebPage\",\"@id\":\"https:\\\/\\\/blog.maciterneecolo.fr\\\/pt-pt\\\/colectores-de-agua-da-chuva-uma-solucao-eficaz-para-reduzir-a-fatura-da-agua-em-habitacoes-colectivas\\\/\",\"url\":\"https:\\\/\\\/blog.maciterneecolo.fr\\\/pt-pt\\\/colectores-de-agua-da-chuva-uma-solucao-eficaz-para-reduzir-a-fatura-da-agua-em-habitacoes-colectivas\\\/\",\"name\":\"Colectores de \u00e1gua da chuva: uma solu\u00e7\u00e3o eficaz para reduzir a fatura da \u00e1gua em habita\u00e7\u00f5es colectivas - Blog Ma Citerne Ecolo\",\"isPartOf\":{\"@id\":\"https:\\\/\\\/blog.maciterneecolo.fr\\\/pt-pt\\\/#website\"},\"primaryImageOfPage\":{\"@id\":\"https:\\\/\\\/blog.maciterneecolo.fr\\\/pt-pt\\\/colectores-de-agua-da-chuva-uma-solucao-eficaz-para-reduzir-a-fatura-da-agua-em-habitacoes-colectivas\\\/#primaryimage\"},\"image\":{\"@id\":\"https:\\\/\\\/blog.maciterneecolo.fr\\\/pt-pt\\\/colectores-de-agua-da-chuva-uma-solucao-eficaz-para-reduzir-a-fatura-da-agua-em-habitacoes-colectivas\\\/#primaryimage\"},\"thumbnailUrl\":\"https:\\\/\\\/blog.maciterneecolo.fr\\\/wp-content\\\/uploads\\\/2025\\\/05\\\/pexels-kyle-miller-169884138-31884672-scaled.jpg\",\"datePublished\":\"2025-09-03T12:00:00+00:00\",\"description\":\"Instala um coletor de \u00e1gua da chuva na habita\u00e7\u00e3o colectiva para reduzir as tuas contas e limitar o teu consumo de \u00e1gua pot\u00e1vel.\",\"breadcrumb\":{\"@id\":\"https:\\\/\\\/blog.maciterneecolo.fr\\\/pt-pt\\\/colectores-de-agua-da-chuva-uma-solucao-eficaz-para-reduzir-a-fatura-da-agua-em-habitacoes-colectivas\\\/#breadcrumb\"},\"inLanguage\":\"pt-PT\",\"potentialAction\":[{\"@type\":\"ReadAction\",\"target\":[\"https:\\\/\\\/blog.maciterneecolo.fr\\\/pt-pt\\\/colectores-de-agua-da-chuva-uma-solucao-eficaz-para-reduzir-a-fatura-da-agua-em-habitacoes-colectivas\\\/\"]}]},{\"@type\":\"ImageObject\",\"inLanguage\":\"pt-PT\",\"@id\":\"https:\\\/\\\/blog.maciterneecolo.fr\\\/pt-pt\\\/colectores-de-agua-da-chuva-uma-solucao-eficaz-para-reduzir-a-fatura-da-agua-em-habitacoes-colectivas\\\/#primaryimage\",\"url\":\"https:\\\/\\\/blog.maciterneecolo.fr\\\/wp-content\\\/uploads\\\/2025\\\/05\\\/pexels-kyle-miller-169884138-31884672-scaled.jpg\",\"contentUrl\":\"https:\\\/\\\/blog.maciterneecolo.fr\\\/wp-content\\\/uploads\\\/2025\\\/05\\\/pexels-kyle-miller-169884138-31884672-scaled.jpg\",\"width\":1707,\"height\":2560},{\"@type\":\"BreadcrumbList\",\"@id\":\"https:\\\/\\\/blog.maciterneecolo.fr\\\/pt-pt\\\/colectores-de-agua-da-chuva-uma-solucao-eficaz-para-reduzir-a-fatura-da-agua-em-habitacoes-colectivas\\\/#breadcrumb\",\"itemListElement\":[{\"@type\":\"ListItem\",\"position\":1,\"name\":\"Accueil\",\"item\":\"https:\\\/\\\/blog.maciterneecolo.fr\\\/pt-pt\\\/\"},{\"@type\":\"ListItem\",\"position\":2,\"name\":\"Colectores de \u00e1gua da chuva: uma solu\u00e7\u00e3o eficaz para reduzir a fatura da \u00e1gua em habita\u00e7\u00f5es colectivas\"}]},{\"@type\":\"WebSite\",\"@id\":\"https:\\\/\\\/blog.maciterneecolo.fr\\\/pt-pt\\\/#website\",\"url\":\"https:\\\/\\\/blog.maciterneecolo.fr\\\/pt-pt\\\/\",\"name\":\"Blog Ma Citerne Ecolo\",\"description\":\"Leader dans le domaine de la citerne souple d&#039;eau de pluie\",\"publisher\":{\"@id\":\"https:\\\/\\\/blog.maciterneecolo.fr\\\/pt-pt\\\/#organization\"},\"potentialAction\":[{\"@type\":\"SearchAction\",\"target\":{\"@type\":\"EntryPoint\",\"urlTemplate\":\"https:\\\/\\\/blog.maciterneecolo.fr\\\/pt-pt\\\/?s={search_term_string}\"},\"query-input\":{\"@type\":\"PropertyValueSpecification\",\"valueRequired\":true,\"valueName\":\"search_term_string\"}}],\"inLanguage\":\"pt-PT\"},{\"@type\":\"Organization\",\"@id\":\"https:\\\/\\\/blog.maciterneecolo.fr\\\/pt-pt\\\/#organization\",\"name\":\"Blog Ma Citerne Ecolo\",\"url\":\"https:\\\/\\\/blog.maciterneecolo.fr\\\/pt-pt\\\/\",\"logo\":{\"@type\":\"ImageObject\",\"inLanguage\":\"pt-PT\",\"@id\":\"https:\\\/\\\/blog.maciterneecolo.fr\\\/pt-pt\\\/#\\\/schema\\\/logo\\\/image\\\/\",\"url\":\"https:\\\/\\\/blog.maciterneecolo.fr\\\/wp-content\\\/uploads\\\/2022\\\/12\\\/cropped-favicon-blog.png\",\"contentUrl\":\"https:\\\/\\\/blog.maciterneecolo.fr\\\/wp-content\\\/uploads\\\/2022\\\/12\\\/cropped-favicon-blog.png\",\"width\":512,\"height\":512,\"caption\":\"Blog Ma Citerne Ecolo\"},\"image\":{\"@id\":\"https:\\\/\\\/blog.maciterneecolo.fr\\\/pt-pt\\\/#\\\/schema\\\/logo\\\/image\\\/\"}},{\"@type\":\"Person\",\"@id\":\"https:\\\/\\\/blog.maciterneecolo.fr\\\/pt-pt\\\/#\\\/schema\\\/person\\\/fe50d00b4e639107698e1ddead236943\",\"name\":\"B\u00e9n\u00e9dicte Rebolloso\",\"image\":{\"@type\":\"ImageObject\",\"inLanguage\":\"pt-PT\",\"@id\":\"https:\\\/\\\/secure.gravatar.com\\\/avatar\\\/ffa759db2a4d8ebb52a58b89d3dc2a9f0395a5122bb839045a145d6585de1126?s=96&d=mm&r=g\",\"url\":\"https:\\\/\\\/secure.gravatar.com\\\/avatar\\\/ffa759db2a4d8ebb52a58b89d3dc2a9f0395a5122bb839045a145d6585de1126?s=96&d=mm&r=g\",\"contentUrl\":\"https:\\\/\\\/secure.gravatar.com\\\/avatar\\\/ffa759db2a4d8ebb52a58b89d3dc2a9f0395a5122bb839045a145d6585de1126?s=96&d=mm&r=g\",\"caption\":\"B\u00e9n\u00e9dicte Rebolloso\"},\"url\":\"https:\\\/\\\/blog.maciterneecolo.fr\\\/pt-pt\\\/author\\\/benedicterebolloso\\\/\"}]}<\/script>\n<!-- \/ Yoast SEO plugin. -->","yoast_head_json":{"title":"Colectores de \u00e1gua da chuva: uma solu\u00e7\u00e3o eficaz para reduzir a fatura da \u00e1gua em habita\u00e7\u00f5es colectivas - Blog Ma Citerne Ecolo","description":"Instala um coletor de \u00e1gua da chuva na habita\u00e7\u00e3o colectiva para reduzir as tuas contas e limitar o teu consumo de \u00e1gua pot\u00e1vel.","robots":{"index":"index","follow":"follow","max-snippet":"max-snippet:-1","max-image-preview":"max-image-preview:large","max-video-preview":"max-video-preview:-1"},"canonical":"https:\/\/blog.maciterneecolo.fr\/pt-pt\/colectores-de-agua-da-chuva-uma-solucao-eficaz-para-reduzir-a-fatura-da-agua-em-habitacoes-colectivas\/","og_locale":"pt_PT","og_type":"article","og_title":"Colectores de \u00e1gua da chuva: uma solu\u00e7\u00e3o eficaz para reduzir a fatura da \u00e1gua em habita\u00e7\u00f5es colectivas - Blog Ma Citerne Ecolo","og_description":"Instala um coletor de \u00e1gua da chuva na habita\u00e7\u00e3o colectiva para reduzir as tuas contas e limitar o teu consumo de \u00e1gua pot\u00e1vel.","og_url":"https:\/\/blog.maciterneecolo.fr\/pt-pt\/colectores-de-agua-da-chuva-uma-solucao-eficaz-para-reduzir-a-fatura-da-agua-em-habitacoes-colectivas\/","og_site_name":"Blog Ma Citerne Ecolo","article_published_time":"2025-09-03T12:00:00+00:00","og_image":[{"width":1707,"height":2560,"url":"https:\/\/blog.maciterneecolo.fr\/wp-content\/uploads\/2025\/05\/pexels-kyle-miller-169884138-31884672-scaled.jpg","type":"image\/jpeg"}],"author":"B\u00e9n\u00e9dicte Rebolloso","twitter_card":"summary_large_image","twitter_misc":{"Escrito por":"B\u00e9n\u00e9dicte Rebolloso","Tempo estimado de leitura":"8 minutos"},"schema":{"@context":"https:\/\/schema.org","@graph":[{"@type":"Article","@id":"https:\/\/blog.maciterneecolo.fr\/pt-pt\/colectores-de-agua-da-chuva-uma-solucao-eficaz-para-reduzir-a-fatura-da-agua-em-habitacoes-colectivas\/#article","isPartOf":{"@id":"https:\/\/blog.maciterneecolo.fr\/pt-pt\/colectores-de-agua-da-chuva-uma-solucao-eficaz-para-reduzir-a-fatura-da-agua-em-habitacoes-colectivas\/"},"author":{"name":"B\u00e9n\u00e9dicte Rebolloso","@id":"https:\/\/blog.maciterneecolo.fr\/pt-pt\/#\/schema\/person\/fe50d00b4e639107698e1ddead236943"},"headline":"Colectores de \u00e1gua da chuva: uma solu\u00e7\u00e3o eficaz para reduzir a fatura da \u00e1gua em habita\u00e7\u00f5es colectivas","datePublished":"2025-09-03T12:00:00+00:00","mainEntityOfPage":{"@id":"https:\/\/blog.maciterneecolo.fr\/pt-pt\/colectores-de-agua-da-chuva-uma-solucao-eficaz-para-reduzir-a-fatura-da-agua-em-habitacoes-colectivas\/"},"wordCount":1551,"commentCount":0,"publisher":{"@id":"https:\/\/blog.maciterneecolo.fr\/pt-pt\/#organization"},"image":{"@id":"https:\/\/blog.maciterneecolo.fr\/pt-pt\/colectores-de-agua-da-chuva-uma-solucao-eficaz-para-reduzir-a-fatura-da-agua-em-habitacoes-colectivas\/#primaryimage"},"thumbnailUrl":"https:\/\/blog.maciterneecolo.fr\/wp-content\/uploads\/2025\/05\/pexels-kyle-miller-169884138-31884672-scaled.jpg","articleSection":["Tanques Flex\u00edveis","Tudo sobre a \u00e1gua da chuva"],"inLanguage":"pt-PT","potentialAction":[{"@type":"CommentAction","name":"Comment","target":["https:\/\/blog.maciterneecolo.fr\/pt-pt\/colectores-de-agua-da-chuva-uma-solucao-eficaz-para-reduzir-a-fatura-da-agua-em-habitacoes-colectivas\/#respond"]}]},{"@type":"WebPage","@id":"https:\/\/blog.maciterneecolo.fr\/pt-pt\/colectores-de-agua-da-chuva-uma-solucao-eficaz-para-reduzir-a-fatura-da-agua-em-habitacoes-colectivas\/","url":"https:\/\/blog.maciterneecolo.fr\/pt-pt\/colectores-de-agua-da-chuva-uma-solucao-eficaz-para-reduzir-a-fatura-da-agua-em-habitacoes-colectivas\/","name":"Colectores de \u00e1gua da chuva: uma solu\u00e7\u00e3o eficaz para reduzir a fatura da \u00e1gua em habita\u00e7\u00f5es colectivas - Blog Ma Citerne Ecolo","isPartOf":{"@id":"https:\/\/blog.maciterneecolo.fr\/pt-pt\/#website"},"primaryImageOfPage":{"@id":"https:\/\/blog.maciterneecolo.fr\/pt-pt\/colectores-de-agua-da-chuva-uma-solucao-eficaz-para-reduzir-a-fatura-da-agua-em-habitacoes-colectivas\/#primaryimage"},"image":{"@id":"https:\/\/blog.maciterneecolo.fr\/pt-pt\/colectores-de-agua-da-chuva-uma-solucao-eficaz-para-reduzir-a-fatura-da-agua-em-habitacoes-colectivas\/#primaryimage"},"thumbnailUrl":"https:\/\/blog.maciterneecolo.fr\/wp-content\/uploads\/2025\/05\/pexels-kyle-miller-169884138-31884672-scaled.jpg","datePublished":"2025-09-03T12:00:00+00:00","description":"Instala um coletor de \u00e1gua da chuva na habita\u00e7\u00e3o colectiva para reduzir as tuas contas e limitar o teu consumo de \u00e1gua pot\u00e1vel.","breadcrumb":{"@id":"https:\/\/blog.maciterneecolo.fr\/pt-pt\/colectores-de-agua-da-chuva-uma-solucao-eficaz-para-reduzir-a-fatura-da-agua-em-habitacoes-colectivas\/#breadcrumb"},"inLanguage":"pt-PT","potentialAction":[{"@type":"ReadAction","target":["https:\/\/blog.maciterneecolo.fr\/pt-pt\/colectores-de-agua-da-chuva-uma-solucao-eficaz-para-reduzir-a-fatura-da-agua-em-habitacoes-colectivas\/"]}]},{"@type":"ImageObject","inLanguage":"pt-PT","@id":"https:\/\/blog.maciterneecolo.fr\/pt-pt\/colectores-de-agua-da-chuva-uma-solucao-eficaz-para-reduzir-a-fatura-da-agua-em-habitacoes-colectivas\/#primaryimage","url":"https:\/\/blog.maciterneecolo.fr\/wp-content\/uploads\/2025\/05\/pexels-kyle-miller-169884138-31884672-scaled.jpg","contentUrl":"https:\/\/blog.maciterneecolo.fr\/wp-content\/uploads\/2025\/05\/pexels-kyle-miller-169884138-31884672-scaled.jpg","width":1707,"height":2560},{"@type":"BreadcrumbList","@id":"https:\/\/blog.maciterneecolo.fr\/pt-pt\/colectores-de-agua-da-chuva-uma-solucao-eficaz-para-reduzir-a-fatura-da-agua-em-habitacoes-colectivas\/#breadcrumb","itemListElement":[{"@type":"ListItem","position":1,"name":"Accueil","item":"https:\/\/blog.maciterneecolo.fr\/pt-pt\/"},{"@type":"ListItem","position":2,"name":"Colectores de \u00e1gua da chuva: uma solu\u00e7\u00e3o eficaz para reduzir a fatura da \u00e1gua em habita\u00e7\u00f5es colectivas"}]},{"@type":"WebSite","@id":"https:\/\/blog.maciterneecolo.fr\/pt-pt\/#website","url":"https:\/\/blog.maciterneecolo.fr\/pt-pt\/","name":"Blog Ma Citerne Ecolo","description":"Leader dans le domaine de la citerne souple d&#039;eau de pluie","publisher":{"@id":"https:\/\/blog.maciterneecolo.fr\/pt-pt\/#organization"},"potentialAction":[{"@type":"SearchAction","target":{"@type":"EntryPoint","urlTemplate":"https:\/\/blog.maciterneecolo.fr\/pt-pt\/?s={search_term_string}"},"query-input":{"@type":"PropertyValueSpecification","valueRequired":true,"valueName":"search_term_string"}}],"inLanguage":"pt-PT"},{"@type":"Organization","@id":"https:\/\/blog.maciterneecolo.fr\/pt-pt\/#organization","name":"Blog Ma Citerne Ecolo","url":"https:\/\/blog.maciterneecolo.fr\/pt-pt\/","logo":{"@type":"ImageObject","inLanguage":"pt-PT","@id":"https:\/\/blog.maciterneecolo.fr\/pt-pt\/#\/schema\/logo\/image\/","url":"https:\/\/blog.maciterneecolo.fr\/wp-content\/uploads\/2022\/12\/cropped-favicon-blog.png","contentUrl":"https:\/\/blog.maciterneecolo.fr\/wp-content\/uploads\/2022\/12\/cropped-favicon-blog.png","width":512,"height":512,"caption":"Blog Ma Citerne Ecolo"},"image":{"@id":"https:\/\/blog.maciterneecolo.fr\/pt-pt\/#\/schema\/logo\/image\/"}},{"@type":"Person","@id":"https:\/\/blog.maciterneecolo.fr\/pt-pt\/#\/schema\/person\/fe50d00b4e639107698e1ddead236943","name":"B\u00e9n\u00e9dicte Rebolloso","image":{"@type":"ImageObject","inLanguage":"pt-PT","@id":"https:\/\/secure.gravatar.com\/avatar\/ffa759db2a4d8ebb52a58b89d3dc2a9f0395a5122bb839045a145d6585de1126?s=96&d=mm&r=g","url":"https:\/\/secure.gravatar.com\/avatar\/ffa759db2a4d8ebb52a58b89d3dc2a9f0395a5122bb839045a145d6585de1126?s=96&d=mm&r=g","contentUrl":"https:\/\/secure.gravatar.com\/avatar\/ffa759db2a4d8ebb52a58b89d3dc2a9f0395a5122bb839045a145d6585de1126?s=96&d=mm&r=g","caption":"B\u00e9n\u00e9dicte Rebolloso"},"url":"https:\/\/blog.maciterneecolo.fr\/pt-pt\/author\/benedicterebolloso\/"}]}},"_links":{"self":[{"href":"https:\/\/blog.maciterneecolo.fr\/pt-pt\/wp-json\/wp\/v2\/posts\/14511","targetHints":{"allow":["GET"]}}],"collection":[{"href":"https:\/\/blog.maciterneecolo.fr\/pt-pt\/wp-json\/wp\/v2\/posts"}],"about":[{"href":"https:\/\/blog.maciterneecolo.fr\/pt-pt\/wp-json\/wp\/v2\/types\/post"}],"author":[{"embeddable":true,"href":"https:\/\/blog.maciterneecolo.fr\/pt-pt\/wp-json\/wp\/v2\/users\/4"}],"replies":[{"embeddable":true,"href":"https:\/\/blog.maciterneecolo.fr\/pt-pt\/wp-json\/wp\/v2\/comments?post=14511"}],"version-history":[{"count":1,"href":"https:\/\/blog.maciterneecolo.fr\/pt-pt\/wp-json\/wp\/v2\/posts\/14511\/revisions"}],"predecessor-version":[{"id":14512,"href":"https:\/\/blog.maciterneecolo.fr\/pt-pt\/wp-json\/wp\/v2\/posts\/14511\/revisions\/14512"}],"wp:featuredmedia":[{"embeddable":true,"href":"https:\/\/blog.maciterneecolo.fr\/pt-pt\/wp-json\/wp\/v2\/media\/14487"}],"wp:attachment":[{"href":"https:\/\/blog.maciterneecolo.fr\/pt-pt\/wp-json\/wp\/v2\/media?parent=14511"}],"wp:term":[{"taxonomy":"category","embeddable":true,"href":"https:\/\/blog.maciterneecolo.fr\/pt-pt\/wp-json\/wp\/v2\/categories?post=14511"},{"taxonomy":"post_tag","embeddable":true,"href":"https:\/\/blog.maciterneecolo.fr\/pt-pt\/wp-json\/wp\/v2\/tags?post=14511"}],"curies":[{"name":"wp","href":"https:\/\/api.w.org\/{rel}","templated":true}]}}