{"id":14534,"date":"2025-09-07T13:00:00","date_gmt":"2025-09-07T13:00:00","guid":{"rendered":"https:\/\/blog.maciterneecolo.fr\/?p=14534"},"modified":"2025-05-06T14:36:50","modified_gmt":"2025-05-06T14:36:50","slug":"como-podes-criar-uma-reserva-de-agua-para-fazer-face-a-seca-utilizando-cisternas-flexiveis","status":"publish","type":"post","link":"https:\/\/blog.maciterneecolo.fr\/pt-pt\/como-podes-criar-uma-reserva-de-agua-para-fazer-face-a-seca-utilizando-cisternas-flexiveis\/","title":{"rendered":"Como podes criar uma reserva de \u00e1gua para fazer face \u00e0 seca utilizando cisternas flex\u00edveis?"},"content":{"rendered":"\n<p>Com a intensifica\u00e7\u00e3o dos per\u00edodos de seca, a quest\u00e3o da gest\u00e3o da \u00e1gua est\u00e1 a tornar-se crucial. Em Fran\u00e7a, cada vez mais particulares, autarquias e agricultores procuram solu\u00e7\u00f5es sustent\u00e1veis para armazenar a \u00e1gua de forma eficiente, antecipar as crises clim\u00e1ticas e proteger os seus recursos. Uma das solu\u00e7\u00f5es francesas mais populares \u00e9 o reservat\u00f3rio flex\u00edvel. Este sistema simples, econ\u00f3mico e flex\u00edvel cria uma reserva de \u00e1gua que pode ser utilizada numa grande variedade de situa\u00e7\u00f5es: rega, irriga\u00e7\u00e3o, uso sanit\u00e1rio ou prote\u00e7\u00e3o contra inc\u00eandios.   <\/p>\n\n<h2 class=\"wp-block-heading\"><mark style=\"background-color:rgba(0, 0, 0, 0)\" class=\"has-inline-color has-vivid-cyan-blue-color\">Porqu\u00ea antecipar os per\u00edodos de seca com uma reserva de \u00e1gua?<\/mark><\/h2>\n\n<h3 class=\"wp-block-heading\">Secas mais frequentes e mais longas<\/h3>\n\n<p>Desde h\u00e1 v\u00e1rios anos que a Fran\u00e7a regista um aumento acentuado da seca. As altera\u00e7\u00f5es clim\u00e1ticas est\u00e3o a provocar uma mudan\u00e7a nos padr\u00f5es de precipita\u00e7\u00e3o: menos chuva, concentrada em per\u00edodos curtos, seguida de longos per\u00edodos de seca. Em certas zonas, nomeadamente no Sul, no Leste e no Oeste do pa\u00eds, os len\u00e7\u00f3is fre\u00e1ticos j\u00e1 n\u00e3o t\u00eam tempo para se recarregarem convenientemente.  <\/p>\n\n<p>As consequ\u00eancias s\u00e3o m\u00faltiplas: restri\u00e7\u00f5es h\u00eddricas, perda de rendimentos agr\u00edcolas, impacto na biodiversidade e na sa\u00fade dos solos. Neste contexto, a constitui\u00e7\u00e3o de uma reserva torna-se uma necessidade, n\u00e3o s\u00f3 para uso quotidiano, mas tamb\u00e9m para conservar uma parte da \u00e1gua recolhida durante as esta\u00e7\u00f5es mais h\u00famidas. Um tanque flex\u00edvel, utilizado como reservat\u00f3rio de emerg\u00eancia, \u00e9 uma das solu\u00e7\u00f5es mais fi\u00e1veis para esta emerg\u00eancia.  <\/p>\n\n<h3 class=\"wp-block-heading\">Restri\u00e7\u00f5es de \u00e1gua: uma realidade em Fran\u00e7a<\/h3>\n\n<p>Todos os ver\u00f5es, as prefeituras francesas emitem decretos que imp\u00f5em restri\u00e7\u00f5es \u00e0 utiliza\u00e7\u00e3o da \u00e1gua pot\u00e1vel. Pro\u00edbe-se a rega, limita-se o enchimento de piscinas, pro\u00edbe-se a lavagem de autom\u00f3veis: os particulares, os agricultores e as colectividades locais devem adaptar os seus comportamentos. <\/p>\n\n<p>Dispor de um <a href=\"https:\/\/www.maciterneecolo.fr\/fr\/3-citernes-souples\">reservat\u00f3rio flex\u00edvel<\/a> com \u00e1gua da chuva \u00e9 uma forma de contornar estes constrangimentos legais, desde que seja utilizada para fins n\u00e3o alimentares (limpeza, rega, manuten\u00e7\u00e3o exterior). Neste sentido, os reservat\u00f3rios de \u00e1guas pluviais s\u00e3o solu\u00e7\u00f5es resilientes, flex\u00edveis e ecol\u00f3gicas que permitem manter um certo n\u00edvel de conforto, respeitando a regulamenta\u00e7\u00e3o em vigor. <\/p>\n\n<p>Algumas regi\u00f5es oferecem mesmo ajudas financeiras ou subs\u00eddios para a instala\u00e7\u00e3o de sistemas de recupera\u00e7\u00e3o de \u00e1gua. Estes subs\u00eddios reduzem o pre\u00e7o de compra inicial e tornam esta solu\u00e7\u00e3o ainda mais acess\u00edvel. <\/p>\n\n<h3 class=\"wp-block-heading\">A import\u00e2ncia de armazenar a \u00e1gua da chuva para as necessidades essenciais<\/h3>\n\n<p>Armazenar a \u00e1gua da chuva \u00e9 um ato ecol\u00f3gico, econ\u00f3mico e de grande vis\u00e3o. Cada litro de \u00e1gua recuperado alivia a carga das redes p\u00fablicas, preserva os recursos naturais e reduz o consumo de \u00e1gua pot\u00e1vel. Esta \u00e1gua, que \u00e9 gratuita e abundante em grande parte da Fran\u00e7a, pode ser utilizada para diversos fins:  <\/p>\n\n<ul class=\"wp-block-list\">\n<li><strong>Irriga\u00e7\u00e3o de<\/strong> uma horta ou de um pomar,<\/li>\n\n\n\n<li><strong>limpeza de<\/strong> pavimentos exteriores ou <strong>de<\/strong> ve\u00edculos,<\/li>\n\n\n\n<li><strong>alimentar<\/strong> sanit\u00e1rios ou sistemas de lavagem n\u00e3o alimentares,<\/li>\n\n\n\n<li><strong>combate a inc\u00eandios<\/strong> em zonas de alto risco.<\/li>\n<\/ul>\n\n<p>Ao armazenar \u00e1gua, desenvolvemos uma autonomia parcial, \u00fatil em todas as esta\u00e7\u00f5es e ainda mais preciosa em tempos de crise. \u00c9 uma abordagem pr\u00e1tica que pode ser bem utilizada tanto a n\u00edvel individual como coletivo. <\/p>\n\n<h2 class=\"wp-block-heading\"><mark style=\"background-color:rgba(0, 0, 0, 0)\" class=\"has-inline-color has-vivid-cyan-blue-color\">O dep\u00f3sito flex\u00edvel, uma solu\u00e7\u00e3o de armazenamento pr\u00e1tica e sustent\u00e1vel<\/mark><\/h2>\n\n<h3 class=\"wp-block-heading\">Como funciona um dep\u00f3sito flex\u00edvel?<\/h3>\n\n<p>Um reservat\u00f3rio flex\u00edvel \u00e9 um reservat\u00f3rio fabricado em PVC ou poliuretano, estanque, resistente aos raios UV, \u00e0s varia\u00e7\u00f5es de temperatura e \u00e0s intemp\u00e9ries. Destina-se a armazenar l\u00edquidos &#8211; principalmente \u00e1gua da chuva, mas tamb\u00e9m \u00e1guas cinzentas, \u00e1gua de furos e at\u00e9 certos produtos agr\u00edcolas. <a href=\"https:\/\/blog.maciterneecolo.fr\/pt-pt\/como-e-que-preparo-a-minha-plataforma-de-rececao-para-o-meu-reservatorio-flexivel\/\">Assenta simplesmente sobre uma superf\u00edcie plana<\/a> e estabilizada e \u00e9 enchido por gravidade atrav\u00e9s de um coletor ligado aos algerozes. <\/p>\n\n<p>Os volumes variam de 1.000 a mais de 100.000 litros, consoante o modelo. Alguns vendedores, como a maciterneecolo.fr, oferecem produtos adequados para uso dom\u00e9stico, agr\u00edcola ou municipal, com garantias plurianuais e um elevado n\u00edvel de qualidade. <\/p>\n\n<p>Estes reservat\u00f3rios s\u00e3o utilizados para irriga\u00e7\u00e3o, armazenamento de seguran\u00e7a contra inc\u00eandios ou como reservas de reserva para locais isolados. Enquadram-se perfeitamente numa estrat\u00e9gia local de gest\u00e3o da \u00e1gua. <\/p>\n\n<h3 class=\"wp-block-heading\">Onde e como instalar uma cisterna no teu terreno?<\/h3>\n\n<p>A instala\u00e7\u00e3o \u00e9 acess\u00edvel a todos. N\u00e3o necessita de autoriza\u00e7\u00e3o de planeamento nem de grandes trabalhos de terraplanagem. O reservat\u00f3rio flex\u00edvel deve ser colocado num terreno est\u00e1vel, perto de um telhado ou de uma caleira. Pode ser instalado num jardim, p\u00e1tio, estufa, debaixo de um terra\u00e7o ou num edif\u00edcio agr\u00edcola.   <\/p>\n\n<p>O terreno deve ser preparado (nivelado, livre de pedras e ra\u00edzes) e coberto, se necess\u00e1rio, com um geot\u00eaxtil para proteger o revestimento. A \u00e1gua da chuva \u00e9 canalizada atrav\u00e9s de um coletor com um filtro. S\u00e3o poss\u00edveis utiliza\u00e7\u00f5es secund\u00e1rias atrav\u00e9s de uma torneira ou bomba para redistribuir a \u00e1gua para rega gota a gota, lavagem ou rega manual.  <\/p>\n\n<p>Tamb\u00e9m \u00e9 poss\u00edvel acoplar v\u00e1rias cisternas para aumentar o volume total reservado. Esta modularidade \u00e9 uma das grandes vantagens desta solu\u00e7\u00e3o francesa. <\/p>\n\n<h3 class=\"wp-block-heading\">Vantagens em rela\u00e7\u00e3o \u00e0s cisternas r\u00edgidas e \u00e0s cisternas subterr\u00e2neas<\/h3>\n\n<p>As cisternas flex\u00edveis oferecem muitas vantagens:<\/p>\n\n<ul class=\"wp-block-list\">\n<li><strong>Pre\u00e7o inferior<\/strong> ao das cisternas r\u00edgidas ou subterr\u00e2neas,<\/li>\n\n\n\n<li><strong>N\u00e3o<\/strong> necessita de <strong>autoriza\u00e7\u00e3o administrativa<\/strong>,<\/li>\n\n\n\n<li><strong>N\u00e3o h\u00e1 grandes obras<\/strong> (sem trincheiras, sem gruas),<\/li>\n\n\n\n<li><strong>F\u00e1cil de deslocar e desmontar<\/strong>, se necess\u00e1rio,<\/li>\n\n\n\n<li><strong>A capacidade pode ser ajustada<\/strong> de acordo com a utiliza\u00e7\u00e3o.<\/li>\n<\/ul>\n\n<p>Ao contr\u00e1rio dos sistemas r\u00edgidos, as lonas flex\u00edveis acompanham os movimentos do solo e n\u00e3o est\u00e3o sujeitas a fissuras. \u00c9 a solu\u00e7\u00e3o ideal para as zonas rurais, os jardins urbanos, as colectividades locais com or\u00e7amentos limitados ou para utiliza\u00e7\u00e3o em per\u00edodos espec\u00edficos do ano (ver\u00e3o, rega sazonal, eventos tempor\u00e1rios, etc.). <\/p>\n\n<p>Al\u00e9m disso, o armazenamento fechado evita a prolifera\u00e7\u00e3o de mosquitos e algas, ao contr\u00e1rio de um tanque aberto.<\/p>\n\n<h2 class=\"wp-block-heading\"><mark style=\"background-color:rgba(0, 0, 0, 0)\" class=\"has-inline-color has-vivid-cyan-blue-color\">Dimensiona o teu abastecimento de \u00e1gua para otimizar o teu consumo de \u00e1gua<\/mark><\/h2>\n\n<h3 class=\"wp-block-heading\">Faz uma estimativa das necessidades em fun\u00e7\u00e3o da utiliza\u00e7\u00e3o (jardim, sanit\u00e1rio, agr\u00edcola, etc.)<\/h3>\n\n<p>Antes de escolher um <strong>reservat\u00f3rio flex\u00edvel<\/strong>, \u00e9 importante definir as tuas <strong>utiliza\u00e7\u00f5es<\/strong>:<\/p>\n\n<ul class=\"wp-block-list\">\n<li>Para uma <strong>horta familiar<\/strong>, prev\u00ea entre 1.000 e 5.000 litros,<\/li>\n\n\n\n<li>para a<strong>irriga\u00e7\u00e3o agr\u00edcola<\/strong>, podem ser necess\u00e1rias v\u00e1rias dezenas de milhares de litros,<\/li>\n\n\n\n<li>para uso <strong>sanit\u00e1rio dom\u00e9stico<\/strong> (casas de banho, m\u00e1quina de lavar roupa), estima-se que s\u00e3o utilizados entre 40 e 100 litros de \u00e1gua por pessoa e por dia.<\/li>\n<\/ul>\n\n<p><a href=\"https:\/\/blog.maciterneecolo.fr\/pt-pt\/como-e-que-escolho-o-meu-reservatorio-flexivel\/\">\u00c9 portanto essencial adaptar o volume aos teus h\u00e1bitos<\/a>. Existem simuladores que permitem estimar o volume anual que pode ser recolhido, em fun\u00e7\u00e3o da superf\u00edcie do telhado, da pluviosidade local e das tuas utiliza\u00e7\u00f5es espec\u00edficas. Em Fran\u00e7a, a pluviosidade m\u00e9dia permite recolher at\u00e9 600 litros\/m\u00b2\/ano, um potencial consider\u00e1vel que deve ser explorado.  <\/p>\n\n<h3 class=\"wp-block-heading\">Escolhe o volume certo e o material certo<\/h3>\n\n<p>Existem diferentes gamas de reservat\u00f3rios flex\u00edveis, consoante o volume, a forma e a natureza do l\u00edquido armazenado. As solu\u00e7\u00f5es francesas mais comuns utilizam PVC refor\u00e7ado ou poliuretano, materiais resistentes, flex\u00edveis, duradouros e sem risco para o ambiente. <\/p>\n\n<p>Alguns modelos est\u00e3o certificados para conter \u00e1gua pot\u00e1vel, outros para \u00e1gua da chuva ou \u00e1gua de rega. A escolha depende tamb\u00e9m do teu or\u00e7amento, do n\u00famero de pessoas envolvidas e do espa\u00e7o dispon\u00edvel. Para os profissionais ou as colectividades locais, \u00e9 poss\u00edvel encomendar reservat\u00f3rios feitos \u00e0 medida, com volumes reservados at\u00e9 200 m\u00b3.  <\/p>\n\n<h3 class=\"wp-block-heading\">Manuten\u00e7\u00e3o, durabilidade e seguran\u00e7a do reservat\u00f3rio flex\u00edvel<\/h3>\n\n<p><strong>A manuten\u00e7\u00e3o<\/strong> \u00e9 m\u00ednima, mas essencial:<\/p>\n\n<ul class=\"wp-block-list\">\n<li>Limpa anualmente a cobertura com um produto neutro,<\/li>\n\n\n\n<li>Verifica os acess\u00f3rios, as juntas e os filtros,<\/li>\n\n\n\n<li>Esvazia o dep\u00f3sito no inverno se estiver exposto ao gelo.<\/li>\n<\/ul>\n\n<p>Modelos como os da maciterneecolo.fr t\u00eam uma excelente reputa\u00e7\u00e3o de durabilidade, com uma esperan\u00e7a de vida de 10 a 20 anos, dependendo da utiliza\u00e7\u00e3o. A sua estanquicidade e resist\u00eancia ao choque garantem um armazenamento seguro, mesmo para l\u00edquidos sens\u00edveis ou grandes volumes reservados para uso agr\u00edcola ou sanit\u00e1rio. <\/p>\n\n<h2 class=\"wp-block-heading\"><mark style=\"background-color:rgba(0, 0, 0, 0)\" class=\"has-inline-color has-vivid-cyan-blue-color\">Uma forma simples e sustent\u00e1vel de combater a seca<\/mark><\/h2>\n\n<p>Investir numa cisterna flex\u00edvel significa adotar uma solu\u00e7\u00e3o francesa eficaz e comprovada para fazer face a per\u00edodos de seca cada vez mais frequentes. Esta reserva de \u00e1gua, constru\u00edda a partir da chuva recuperada, torna-se um instrumento de resili\u00eancia local, quer sejas um particular, um agricultor, um munic\u00edpio ou uma institui\u00e7\u00e3o p\u00fablica. <\/p>\n\n<p>F\u00e1cil de instalar, econ\u00f3mico e adapt\u00e1vel a todos os contextos, permite assegurar os volumes reservados \u00e0 rega, \u00e0 manuten\u00e7\u00e3o ou \u00e0 irriga\u00e7\u00e3o, protegendo os recursos naturais. \u00c9 uma escolha ecol\u00f3gica, sustent\u00e1vel e muito pr\u00e1tica, para enfrentar hoje os desafios de amanh\u00e3. <\/p>\n","protected":false},"excerpt":{"rendered":"<p>Com a intensifica\u00e7\u00e3o dos per\u00edodos de seca, a quest\u00e3o da gest\u00e3o da \u00e1gua est\u00e1 a tornar-se crucial. Em Fran\u00e7a, cada vez mais particulares, autarquias e agricultores procuram solu\u00e7\u00f5es sustent\u00e1veis para armazenar a \u00e1gua de forma eficiente, antecipar as crises clim\u00e1ticas e proteger os seus recursos. Uma das solu\u00e7\u00f5es francesas mais populares \u00e9 o reservat\u00f3rio flex\u00edvel. [&hellip;]<\/p>\n","protected":false},"author":4,"featured_media":14498,"comment_status":"open","ping_status":"closed","sticky":false,"template":"","format":"standard","meta":{"inline_featured_image":false,"footnotes":""},"categories":[2264,87],"tags":[],"class_list":["post-14534","post","type-post","status-publish","format-standard","has-post-thumbnail","hentry","category-conselhos-para-escolher-o-reservatorio-flexivel-correto","category-instalacao-de-um-tanque-flexivel"],"yoast_head":"<!-- This site is optimized with the Yoast SEO plugin v27.4 - https:\/\/yoast.com\/product\/yoast-seo-wordpress\/ -->\n<title>Como podes criar uma reserva de \u00e1gua para fazer face \u00e0 seca utilizando cisternas flex\u00edveis? - Blog Ma Citerne Ecolo<\/title>\n<meta name=\"description\" content=\"Perante a seca, o armazenamento de \u00e1gua da chuva \u00e9 uma solu\u00e7\u00e3o simples, sustent\u00e1vel e econ\u00f3mica para particulares e profissionais.\" \/>\n<meta name=\"robots\" content=\"index, follow, max-snippet:-1, max-image-preview:large, max-video-preview:-1\" \/>\n<link rel=\"canonical\" href=\"https:\/\/blog.maciterneecolo.fr\/pt-pt\/como-podes-criar-uma-reserva-de-agua-para-fazer-face-a-seca-utilizando-cisternas-flexiveis\/\" \/>\n<meta property=\"og:locale\" content=\"pt_PT\" \/>\n<meta property=\"og:type\" content=\"article\" \/>\n<meta property=\"og:title\" content=\"Como podes criar uma reserva de \u00e1gua para fazer face \u00e0 seca utilizando cisternas flex\u00edveis? - Blog Ma Citerne Ecolo\" \/>\n<meta property=\"og:description\" content=\"Perante a seca, o armazenamento de \u00e1gua da chuva \u00e9 uma solu\u00e7\u00e3o simples, sustent\u00e1vel e econ\u00f3mica para particulares e profissionais.\" \/>\n<meta property=\"og:url\" content=\"https:\/\/blog.maciterneecolo.fr\/pt-pt\/como-podes-criar-uma-reserva-de-agua-para-fazer-face-a-seca-utilizando-cisternas-flexiveis\/\" \/>\n<meta property=\"og:site_name\" content=\"Blog Ma Citerne Ecolo\" \/>\n<meta property=\"article:published_time\" content=\"2025-09-07T13:00:00+00:00\" \/>\n<meta property=\"og:image\" content=\"https:\/\/blog.maciterneecolo.fr\/wp-content\/uploads\/2025\/05\/pexels-zachtheshoota-1816229-scaled.jpg\" \/>\n\t<meta property=\"og:image:width\" content=\"1707\" \/>\n\t<meta property=\"og:image:height\" content=\"2560\" \/>\n\t<meta property=\"og:image:type\" content=\"image\/jpeg\" \/>\n<meta name=\"author\" content=\"B\u00e9n\u00e9dicte Rebolloso\" \/>\n<meta name=\"twitter:card\" content=\"summary_large_image\" \/>\n<meta name=\"twitter:label1\" content=\"Escrito por\" \/>\n\t<meta name=\"twitter:data1\" content=\"B\u00e9n\u00e9dicte Rebolloso\" \/>\n\t<meta name=\"twitter:label2\" content=\"Tempo estimado de leitura\" \/>\n\t<meta name=\"twitter:data2\" content=\"8 minutos\" \/>\n<script type=\"application\/ld+json\" class=\"yoast-schema-graph\">{\"@context\":\"https:\\\/\\\/schema.org\",\"@graph\":[{\"@type\":\"Article\",\"@id\":\"https:\\\/\\\/blog.maciterneecolo.fr\\\/pt-pt\\\/como-podes-criar-uma-reserva-de-agua-para-fazer-face-a-seca-utilizando-cisternas-flexiveis\\\/#article\",\"isPartOf\":{\"@id\":\"https:\\\/\\\/blog.maciterneecolo.fr\\\/pt-pt\\\/como-podes-criar-uma-reserva-de-agua-para-fazer-face-a-seca-utilizando-cisternas-flexiveis\\\/\"},\"author\":{\"name\":\"B\u00e9n\u00e9dicte Rebolloso\",\"@id\":\"https:\\\/\\\/blog.maciterneecolo.fr\\\/pt-pt\\\/#\\\/schema\\\/person\\\/fe50d00b4e639107698e1ddead236943\"},\"headline\":\"Como podes criar uma reserva de \u00e1gua para fazer face \u00e0 seca utilizando cisternas flex\u00edveis?\",\"datePublished\":\"2025-09-07T13:00:00+00:00\",\"mainEntityOfPage\":{\"@id\":\"https:\\\/\\\/blog.maciterneecolo.fr\\\/pt-pt\\\/como-podes-criar-uma-reserva-de-agua-para-fazer-face-a-seca-utilizando-cisternas-flexiveis\\\/\"},\"wordCount\":1555,\"commentCount\":0,\"publisher\":{\"@id\":\"https:\\\/\\\/blog.maciterneecolo.fr\\\/pt-pt\\\/#organization\"},\"image\":{\"@id\":\"https:\\\/\\\/blog.maciterneecolo.fr\\\/pt-pt\\\/como-podes-criar-uma-reserva-de-agua-para-fazer-face-a-seca-utilizando-cisternas-flexiveis\\\/#primaryimage\"},\"thumbnailUrl\":\"https:\\\/\\\/blog.maciterneecolo.fr\\\/wp-content\\\/uploads\\\/2025\\\/05\\\/pexels-zachtheshoota-1816229-scaled.jpg\",\"articleSection\":[\"conselhos para escolher o reservat\u00f3rio flex\u00edvel correto\",\"Instala\u00e7\u00e3o de um tanque flex\u00edvel\"],\"inLanguage\":\"pt-PT\",\"potentialAction\":[{\"@type\":\"CommentAction\",\"name\":\"Comment\",\"target\":[\"https:\\\/\\\/blog.maciterneecolo.fr\\\/pt-pt\\\/como-podes-criar-uma-reserva-de-agua-para-fazer-face-a-seca-utilizando-cisternas-flexiveis\\\/#respond\"]}]},{\"@type\":\"WebPage\",\"@id\":\"https:\\\/\\\/blog.maciterneecolo.fr\\\/pt-pt\\\/como-podes-criar-uma-reserva-de-agua-para-fazer-face-a-seca-utilizando-cisternas-flexiveis\\\/\",\"url\":\"https:\\\/\\\/blog.maciterneecolo.fr\\\/pt-pt\\\/como-podes-criar-uma-reserva-de-agua-para-fazer-face-a-seca-utilizando-cisternas-flexiveis\\\/\",\"name\":\"Como podes criar uma reserva de \u00e1gua para fazer face \u00e0 seca utilizando cisternas flex\u00edveis? - Blog Ma Citerne Ecolo\",\"isPartOf\":{\"@id\":\"https:\\\/\\\/blog.maciterneecolo.fr\\\/pt-pt\\\/#website\"},\"primaryImageOfPage\":{\"@id\":\"https:\\\/\\\/blog.maciterneecolo.fr\\\/pt-pt\\\/como-podes-criar-uma-reserva-de-agua-para-fazer-face-a-seca-utilizando-cisternas-flexiveis\\\/#primaryimage\"},\"image\":{\"@id\":\"https:\\\/\\\/blog.maciterneecolo.fr\\\/pt-pt\\\/como-podes-criar-uma-reserva-de-agua-para-fazer-face-a-seca-utilizando-cisternas-flexiveis\\\/#primaryimage\"},\"thumbnailUrl\":\"https:\\\/\\\/blog.maciterneecolo.fr\\\/wp-content\\\/uploads\\\/2025\\\/05\\\/pexels-zachtheshoota-1816229-scaled.jpg\",\"datePublished\":\"2025-09-07T13:00:00+00:00\",\"description\":\"Perante a seca, o armazenamento de \u00e1gua da chuva \u00e9 uma solu\u00e7\u00e3o simples, sustent\u00e1vel e econ\u00f3mica para particulares e profissionais.\",\"breadcrumb\":{\"@id\":\"https:\\\/\\\/blog.maciterneecolo.fr\\\/pt-pt\\\/como-podes-criar-uma-reserva-de-agua-para-fazer-face-a-seca-utilizando-cisternas-flexiveis\\\/#breadcrumb\"},\"inLanguage\":\"pt-PT\",\"potentialAction\":[{\"@type\":\"ReadAction\",\"target\":[\"https:\\\/\\\/blog.maciterneecolo.fr\\\/pt-pt\\\/como-podes-criar-uma-reserva-de-agua-para-fazer-face-a-seca-utilizando-cisternas-flexiveis\\\/\"]}]},{\"@type\":\"ImageObject\",\"inLanguage\":\"pt-PT\",\"@id\":\"https:\\\/\\\/blog.maciterneecolo.fr\\\/pt-pt\\\/como-podes-criar-uma-reserva-de-agua-para-fazer-face-a-seca-utilizando-cisternas-flexiveis\\\/#primaryimage\",\"url\":\"https:\\\/\\\/blog.maciterneecolo.fr\\\/wp-content\\\/uploads\\\/2025\\\/05\\\/pexels-zachtheshoota-1816229-scaled.jpg\",\"contentUrl\":\"https:\\\/\\\/blog.maciterneecolo.fr\\\/wp-content\\\/uploads\\\/2025\\\/05\\\/pexels-zachtheshoota-1816229-scaled.jpg\",\"width\":1707,\"height\":2560},{\"@type\":\"BreadcrumbList\",\"@id\":\"https:\\\/\\\/blog.maciterneecolo.fr\\\/pt-pt\\\/como-podes-criar-uma-reserva-de-agua-para-fazer-face-a-seca-utilizando-cisternas-flexiveis\\\/#breadcrumb\",\"itemListElement\":[{\"@type\":\"ListItem\",\"position\":1,\"name\":\"Accueil\",\"item\":\"https:\\\/\\\/blog.maciterneecolo.fr\\\/pt-pt\\\/\"},{\"@type\":\"ListItem\",\"position\":2,\"name\":\"Como podes criar uma reserva de \u00e1gua para fazer face \u00e0 seca utilizando cisternas flex\u00edveis?\"}]},{\"@type\":\"WebSite\",\"@id\":\"https:\\\/\\\/blog.maciterneecolo.fr\\\/pt-pt\\\/#website\",\"url\":\"https:\\\/\\\/blog.maciterneecolo.fr\\\/pt-pt\\\/\",\"name\":\"Blog Ma Citerne Ecolo\",\"description\":\"Leader dans le domaine de la citerne souple d&#039;eau de pluie\",\"publisher\":{\"@id\":\"https:\\\/\\\/blog.maciterneecolo.fr\\\/pt-pt\\\/#organization\"},\"potentialAction\":[{\"@type\":\"SearchAction\",\"target\":{\"@type\":\"EntryPoint\",\"urlTemplate\":\"https:\\\/\\\/blog.maciterneecolo.fr\\\/pt-pt\\\/?s={search_term_string}\"},\"query-input\":{\"@type\":\"PropertyValueSpecification\",\"valueRequired\":true,\"valueName\":\"search_term_string\"}}],\"inLanguage\":\"pt-PT\"},{\"@type\":\"Organization\",\"@id\":\"https:\\\/\\\/blog.maciterneecolo.fr\\\/pt-pt\\\/#organization\",\"name\":\"Blog Ma Citerne Ecolo\",\"url\":\"https:\\\/\\\/blog.maciterneecolo.fr\\\/pt-pt\\\/\",\"logo\":{\"@type\":\"ImageObject\",\"inLanguage\":\"pt-PT\",\"@id\":\"https:\\\/\\\/blog.maciterneecolo.fr\\\/pt-pt\\\/#\\\/schema\\\/logo\\\/image\\\/\",\"url\":\"https:\\\/\\\/blog.maciterneecolo.fr\\\/wp-content\\\/uploads\\\/2022\\\/12\\\/cropped-favicon-blog.png\",\"contentUrl\":\"https:\\\/\\\/blog.maciterneecolo.fr\\\/wp-content\\\/uploads\\\/2022\\\/12\\\/cropped-favicon-blog.png\",\"width\":512,\"height\":512,\"caption\":\"Blog Ma Citerne Ecolo\"},\"image\":{\"@id\":\"https:\\\/\\\/blog.maciterneecolo.fr\\\/pt-pt\\\/#\\\/schema\\\/logo\\\/image\\\/\"}},{\"@type\":\"Person\",\"@id\":\"https:\\\/\\\/blog.maciterneecolo.fr\\\/pt-pt\\\/#\\\/schema\\\/person\\\/fe50d00b4e639107698e1ddead236943\",\"name\":\"B\u00e9n\u00e9dicte Rebolloso\",\"image\":{\"@type\":\"ImageObject\",\"inLanguage\":\"pt-PT\",\"@id\":\"https:\\\/\\\/secure.gravatar.com\\\/avatar\\\/ffa759db2a4d8ebb52a58b89d3dc2a9f0395a5122bb839045a145d6585de1126?s=96&d=mm&r=g\",\"url\":\"https:\\\/\\\/secure.gravatar.com\\\/avatar\\\/ffa759db2a4d8ebb52a58b89d3dc2a9f0395a5122bb839045a145d6585de1126?s=96&d=mm&r=g\",\"contentUrl\":\"https:\\\/\\\/secure.gravatar.com\\\/avatar\\\/ffa759db2a4d8ebb52a58b89d3dc2a9f0395a5122bb839045a145d6585de1126?s=96&d=mm&r=g\",\"caption\":\"B\u00e9n\u00e9dicte Rebolloso\"},\"url\":\"https:\\\/\\\/blog.maciterneecolo.fr\\\/pt-pt\\\/author\\\/benedicterebolloso\\\/\"}]}<\/script>\n<!-- \/ Yoast SEO plugin. -->","yoast_head_json":{"title":"Como podes criar uma reserva de \u00e1gua para fazer face \u00e0 seca utilizando cisternas flex\u00edveis? - Blog Ma Citerne Ecolo","description":"Perante a seca, o armazenamento de \u00e1gua da chuva \u00e9 uma solu\u00e7\u00e3o simples, sustent\u00e1vel e econ\u00f3mica para particulares e profissionais.","robots":{"index":"index","follow":"follow","max-snippet":"max-snippet:-1","max-image-preview":"max-image-preview:large","max-video-preview":"max-video-preview:-1"},"canonical":"https:\/\/blog.maciterneecolo.fr\/pt-pt\/como-podes-criar-uma-reserva-de-agua-para-fazer-face-a-seca-utilizando-cisternas-flexiveis\/","og_locale":"pt_PT","og_type":"article","og_title":"Como podes criar uma reserva de \u00e1gua para fazer face \u00e0 seca utilizando cisternas flex\u00edveis? - Blog Ma Citerne Ecolo","og_description":"Perante a seca, o armazenamento de \u00e1gua da chuva \u00e9 uma solu\u00e7\u00e3o simples, sustent\u00e1vel e econ\u00f3mica para particulares e profissionais.","og_url":"https:\/\/blog.maciterneecolo.fr\/pt-pt\/como-podes-criar-uma-reserva-de-agua-para-fazer-face-a-seca-utilizando-cisternas-flexiveis\/","og_site_name":"Blog Ma Citerne Ecolo","article_published_time":"2025-09-07T13:00:00+00:00","og_image":[{"width":1707,"height":2560,"url":"https:\/\/blog.maciterneecolo.fr\/wp-content\/uploads\/2025\/05\/pexels-zachtheshoota-1816229-scaled.jpg","type":"image\/jpeg"}],"author":"B\u00e9n\u00e9dicte Rebolloso","twitter_card":"summary_large_image","twitter_misc":{"Escrito por":"B\u00e9n\u00e9dicte Rebolloso","Tempo estimado de leitura":"8 minutos"},"schema":{"@context":"https:\/\/schema.org","@graph":[{"@type":"Article","@id":"https:\/\/blog.maciterneecolo.fr\/pt-pt\/como-podes-criar-uma-reserva-de-agua-para-fazer-face-a-seca-utilizando-cisternas-flexiveis\/#article","isPartOf":{"@id":"https:\/\/blog.maciterneecolo.fr\/pt-pt\/como-podes-criar-uma-reserva-de-agua-para-fazer-face-a-seca-utilizando-cisternas-flexiveis\/"},"author":{"name":"B\u00e9n\u00e9dicte Rebolloso","@id":"https:\/\/blog.maciterneecolo.fr\/pt-pt\/#\/schema\/person\/fe50d00b4e639107698e1ddead236943"},"headline":"Como podes criar uma reserva de \u00e1gua para fazer face \u00e0 seca utilizando cisternas flex\u00edveis?","datePublished":"2025-09-07T13:00:00+00:00","mainEntityOfPage":{"@id":"https:\/\/blog.maciterneecolo.fr\/pt-pt\/como-podes-criar-uma-reserva-de-agua-para-fazer-face-a-seca-utilizando-cisternas-flexiveis\/"},"wordCount":1555,"commentCount":0,"publisher":{"@id":"https:\/\/blog.maciterneecolo.fr\/pt-pt\/#organization"},"image":{"@id":"https:\/\/blog.maciterneecolo.fr\/pt-pt\/como-podes-criar-uma-reserva-de-agua-para-fazer-face-a-seca-utilizando-cisternas-flexiveis\/#primaryimage"},"thumbnailUrl":"https:\/\/blog.maciterneecolo.fr\/wp-content\/uploads\/2025\/05\/pexels-zachtheshoota-1816229-scaled.jpg","articleSection":["conselhos para escolher o reservat\u00f3rio flex\u00edvel correto","Instala\u00e7\u00e3o de um tanque flex\u00edvel"],"inLanguage":"pt-PT","potentialAction":[{"@type":"CommentAction","name":"Comment","target":["https:\/\/blog.maciterneecolo.fr\/pt-pt\/como-podes-criar-uma-reserva-de-agua-para-fazer-face-a-seca-utilizando-cisternas-flexiveis\/#respond"]}]},{"@type":"WebPage","@id":"https:\/\/blog.maciterneecolo.fr\/pt-pt\/como-podes-criar-uma-reserva-de-agua-para-fazer-face-a-seca-utilizando-cisternas-flexiveis\/","url":"https:\/\/blog.maciterneecolo.fr\/pt-pt\/como-podes-criar-uma-reserva-de-agua-para-fazer-face-a-seca-utilizando-cisternas-flexiveis\/","name":"Como podes criar uma reserva de \u00e1gua para fazer face \u00e0 seca utilizando cisternas flex\u00edveis? - Blog Ma Citerne Ecolo","isPartOf":{"@id":"https:\/\/blog.maciterneecolo.fr\/pt-pt\/#website"},"primaryImageOfPage":{"@id":"https:\/\/blog.maciterneecolo.fr\/pt-pt\/como-podes-criar-uma-reserva-de-agua-para-fazer-face-a-seca-utilizando-cisternas-flexiveis\/#primaryimage"},"image":{"@id":"https:\/\/blog.maciterneecolo.fr\/pt-pt\/como-podes-criar-uma-reserva-de-agua-para-fazer-face-a-seca-utilizando-cisternas-flexiveis\/#primaryimage"},"thumbnailUrl":"https:\/\/blog.maciterneecolo.fr\/wp-content\/uploads\/2025\/05\/pexels-zachtheshoota-1816229-scaled.jpg","datePublished":"2025-09-07T13:00:00+00:00","description":"Perante a seca, o armazenamento de \u00e1gua da chuva \u00e9 uma solu\u00e7\u00e3o simples, sustent\u00e1vel e econ\u00f3mica para particulares e profissionais.","breadcrumb":{"@id":"https:\/\/blog.maciterneecolo.fr\/pt-pt\/como-podes-criar-uma-reserva-de-agua-para-fazer-face-a-seca-utilizando-cisternas-flexiveis\/#breadcrumb"},"inLanguage":"pt-PT","potentialAction":[{"@type":"ReadAction","target":["https:\/\/blog.maciterneecolo.fr\/pt-pt\/como-podes-criar-uma-reserva-de-agua-para-fazer-face-a-seca-utilizando-cisternas-flexiveis\/"]}]},{"@type":"ImageObject","inLanguage":"pt-PT","@id":"https:\/\/blog.maciterneecolo.fr\/pt-pt\/como-podes-criar-uma-reserva-de-agua-para-fazer-face-a-seca-utilizando-cisternas-flexiveis\/#primaryimage","url":"https:\/\/blog.maciterneecolo.fr\/wp-content\/uploads\/2025\/05\/pexels-zachtheshoota-1816229-scaled.jpg","contentUrl":"https:\/\/blog.maciterneecolo.fr\/wp-content\/uploads\/2025\/05\/pexels-zachtheshoota-1816229-scaled.jpg","width":1707,"height":2560},{"@type":"BreadcrumbList","@id":"https:\/\/blog.maciterneecolo.fr\/pt-pt\/como-podes-criar-uma-reserva-de-agua-para-fazer-face-a-seca-utilizando-cisternas-flexiveis\/#breadcrumb","itemListElement":[{"@type":"ListItem","position":1,"name":"Accueil","item":"https:\/\/blog.maciterneecolo.fr\/pt-pt\/"},{"@type":"ListItem","position":2,"name":"Como podes criar uma reserva de \u00e1gua para fazer face \u00e0 seca utilizando cisternas flex\u00edveis?"}]},{"@type":"WebSite","@id":"https:\/\/blog.maciterneecolo.fr\/pt-pt\/#website","url":"https:\/\/blog.maciterneecolo.fr\/pt-pt\/","name":"Blog Ma Citerne Ecolo","description":"Leader dans le domaine de la citerne souple d&#039;eau de pluie","publisher":{"@id":"https:\/\/blog.maciterneecolo.fr\/pt-pt\/#organization"},"potentialAction":[{"@type":"SearchAction","target":{"@type":"EntryPoint","urlTemplate":"https:\/\/blog.maciterneecolo.fr\/pt-pt\/?s={search_term_string}"},"query-input":{"@type":"PropertyValueSpecification","valueRequired":true,"valueName":"search_term_string"}}],"inLanguage":"pt-PT"},{"@type":"Organization","@id":"https:\/\/blog.maciterneecolo.fr\/pt-pt\/#organization","name":"Blog Ma Citerne Ecolo","url":"https:\/\/blog.maciterneecolo.fr\/pt-pt\/","logo":{"@type":"ImageObject","inLanguage":"pt-PT","@id":"https:\/\/blog.maciterneecolo.fr\/pt-pt\/#\/schema\/logo\/image\/","url":"https:\/\/blog.maciterneecolo.fr\/wp-content\/uploads\/2022\/12\/cropped-favicon-blog.png","contentUrl":"https:\/\/blog.maciterneecolo.fr\/wp-content\/uploads\/2022\/12\/cropped-favicon-blog.png","width":512,"height":512,"caption":"Blog Ma Citerne Ecolo"},"image":{"@id":"https:\/\/blog.maciterneecolo.fr\/pt-pt\/#\/schema\/logo\/image\/"}},{"@type":"Person","@id":"https:\/\/blog.maciterneecolo.fr\/pt-pt\/#\/schema\/person\/fe50d00b4e639107698e1ddead236943","name":"B\u00e9n\u00e9dicte Rebolloso","image":{"@type":"ImageObject","inLanguage":"pt-PT","@id":"https:\/\/secure.gravatar.com\/avatar\/ffa759db2a4d8ebb52a58b89d3dc2a9f0395a5122bb839045a145d6585de1126?s=96&d=mm&r=g","url":"https:\/\/secure.gravatar.com\/avatar\/ffa759db2a4d8ebb52a58b89d3dc2a9f0395a5122bb839045a145d6585de1126?s=96&d=mm&r=g","contentUrl":"https:\/\/secure.gravatar.com\/avatar\/ffa759db2a4d8ebb52a58b89d3dc2a9f0395a5122bb839045a145d6585de1126?s=96&d=mm&r=g","caption":"B\u00e9n\u00e9dicte Rebolloso"},"url":"https:\/\/blog.maciterneecolo.fr\/pt-pt\/author\/benedicterebolloso\/"}]}},"_links":{"self":[{"href":"https:\/\/blog.maciterneecolo.fr\/pt-pt\/wp-json\/wp\/v2\/posts\/14534","targetHints":{"allow":["GET"]}}],"collection":[{"href":"https:\/\/blog.maciterneecolo.fr\/pt-pt\/wp-json\/wp\/v2\/posts"}],"about":[{"href":"https:\/\/blog.maciterneecolo.fr\/pt-pt\/wp-json\/wp\/v2\/types\/post"}],"author":[{"embeddable":true,"href":"https:\/\/blog.maciterneecolo.fr\/pt-pt\/wp-json\/wp\/v2\/users\/4"}],"replies":[{"embeddable":true,"href":"https:\/\/blog.maciterneecolo.fr\/pt-pt\/wp-json\/wp\/v2\/comments?post=14534"}],"version-history":[{"count":1,"href":"https:\/\/blog.maciterneecolo.fr\/pt-pt\/wp-json\/wp\/v2\/posts\/14534\/revisions"}],"predecessor-version":[{"id":14536,"href":"https:\/\/blog.maciterneecolo.fr\/pt-pt\/wp-json\/wp\/v2\/posts\/14534\/revisions\/14536"}],"wp:featuredmedia":[{"embeddable":true,"href":"https:\/\/blog.maciterneecolo.fr\/pt-pt\/wp-json\/wp\/v2\/media\/14498"}],"wp:attachment":[{"href":"https:\/\/blog.maciterneecolo.fr\/pt-pt\/wp-json\/wp\/v2\/media?parent=14534"}],"wp:term":[{"taxonomy":"category","embeddable":true,"href":"https:\/\/blog.maciterneecolo.fr\/pt-pt\/wp-json\/wp\/v2\/categories?post=14534"},{"taxonomy":"post_tag","embeddable":true,"href":"https:\/\/blog.maciterneecolo.fr\/pt-pt\/wp-json\/wp\/v2\/tags?post=14534"}],"curies":[{"name":"wp","href":"https:\/\/api.w.org\/{rel}","templated":true}]}}