{"id":14570,"date":"2025-09-09T11:00:00","date_gmt":"2025-09-09T11:00:00","guid":{"rendered":"https:\/\/blog.maciterneecolo.fr\/?p=14570"},"modified":"2025-05-09T12:30:57","modified_gmt":"2025-05-09T12:30:57","slug":"a-resiliencia-da-agua-nas-autarquias-locais-porque-e-que-estas-tem-de-pensar-como-individuos","status":"publish","type":"post","link":"https:\/\/blog.maciterneecolo.fr\/pt-pt\/a-resiliencia-da-agua-nas-autarquias-locais-porque-e-que-estas-tem-de-pensar-como-individuos\/","title":{"rendered":"A resili\u00eancia da \u00e1gua nas autarquias locais: porque \u00e9 que estas t\u00eam de pensar como indiv\u00edduos"},"content":{"rendered":"\n<h2 class=\"wp-block-heading\"><mark style=\"background-color:rgba(0, 0, 0, 0)\" class=\"has-inline-color has-vivid-cyan-blue-color\">A crise da \u00e1gua: um desafio crescente para as colectividades locais francesas<\/mark><\/h2>\n\n<h3 class=\"wp-block-heading\">Press\u00e3o sem precedentes sobre os recursos h\u00eddricos<\/h3>\n\n<p>Desde h\u00e1 v\u00e1rios anos, a Fran\u00e7a regista um n\u00famero crescente de <a href=\"https:\/\/blog.maciterneecolo.fr\/pt-pt\/o-impacto-da-seca-na-nossa-vida-quotidiana-o-que-precisas-de-saber\/\">secas, que t\u00eam um impacto duradouro nos recursos h\u00eddricos<\/a>. Este fen\u00f3meno, amplificado em grande parte pelas altera\u00e7\u00f5es clim\u00e1ticas, est\u00e1 a prejudicar as regi\u00f5es e as colectividades locais, que se debatem para manter um servi\u00e7o p\u00fablico de gest\u00e3o da \u00e1gua de qualidade. <\/p>\n\n<p>A menor recarga das \u00e1guas subterr\u00e2neas, a redu\u00e7\u00e3o dos caudais dos rios e o aumento da evapora\u00e7\u00e3o das instala\u00e7\u00f5es de armazenamento est\u00e3o a exercer press\u00e3o sobre todo o ciclo da \u00e1gua. As autoridades locais, especialmente nas zonas rurais, est\u00e3o a ter de adaptar rapidamente a sua utiliza\u00e7\u00e3o da \u00e1gua, uma vez que o seu consumo depende muitas vezes de redes envelhecidas e de infra-estruturas menos resistentes. <\/p>\n\n<h3 class=\"wp-block-heading\">Restri\u00e7\u00f5es de utiliza\u00e7\u00e3o cada vez mais frequentes<\/h3>\n\n<p>Todos os anos, um grande n\u00famero de cidades francesas \u00e9 obrigado a publicar decretos que restringem a utiliza\u00e7\u00e3o da \u00e1gua. Quer se trate de limitar a rega, de fechar as fontes ou de restringir o enchimento das piscinas, estas decis\u00f5es s\u00e3o tomadas num contexto de urg\u00eancia. Estas medidas afectam os servi\u00e7os p\u00fablicos, os cidad\u00e3os, as empresas e os agricultores.  <\/p>\n\n<p>A gest\u00e3o da sobriedade da \u00e1gua tornou-se um pilar dos planos de resili\u00eancia. Os actores locais e regionais devem integrar estas quest\u00f5es nos seus projectos de desenvolvimento e rever o papel dos recursos h\u00eddricos nas suas pol\u00edticas. A tarifa\u00e7\u00e3o progressiva da \u00e1gua pot\u00e1vel, por exemplo, \u00e9 uma medida de adapta\u00e7\u00e3o essencial.  <\/p>\n\n<h3 class=\"wp-block-heading\">Depend\u00eancia dispendiosa das redes p\u00fablicas<\/h3>\n\n<p>As redes de \u00e1gua em Fran\u00e7a s\u00e3o geridas principalmente pelas autarquias locais, muitas vezes agrupadas em cons\u00f3rcios ou intermunic\u00edpios. O custo dos investimentos em infra-estruturas &#8211; condutas, esta\u00e7\u00f5es de bombagem, reservat\u00f3rios &#8211; \u00e9 elevado, tal como o custo da sua manuten\u00e7\u00e3o. Al\u00e9m disso, qualquer deteriora\u00e7\u00e3o do servi\u00e7o devido \u00e0 falta de moderniza\u00e7\u00e3o exp\u00f5e os utilizadores ao risco de interrup\u00e7\u00e3o do servi\u00e7o.  <\/p>\n\n<p>Face a estes desafios, o modelo de gest\u00e3o centralizada deve evoluir. As autoridades locais devem considerar solu\u00e7\u00f5es complementares, como as redes secund\u00e1rias, as instala\u00e7\u00f5es de armazenamento local e a recolha de \u00e1guas pluviais. Isto pressup\u00f5e a aplica\u00e7\u00e3o de pol\u00edticas pr\u00f3-activas a n\u00edvel local.  <\/p>\n\n<h2 class=\"wp-block-heading\"><mark style=\"background-color:rgba(0, 0, 0, 0)\" class=\"has-inline-color has-vivid-cyan-blue-color\">Pensar como um particular: uma mudan\u00e7a de paradigma necess\u00e1ria<\/mark><\/h2>\n\n<h3 class=\"wp-block-heading\">O modelo nacional: uma fonte de inspira\u00e7\u00e3o para as autoridades locais<\/h3>\n\n<p>Desde h\u00e1 v\u00e1rios anos, muitas fam\u00edlias francesas adoptam sistemas de recupera\u00e7\u00e3o de \u00e1gua, nomeadamente cisternas flex\u00edveis, para utiliza\u00e7\u00f5es como a rega, a limpeza e as casas de banho. Estas solu\u00e7\u00f5es permitem-lhes reduzir o seu consumo de \u00e1gua pot\u00e1vel, assegurando simultaneamente o seu abastecimento. <\/p>\n\n<p>Este modelo, baseado na sobriedade, na simplicidade e na rapidez de implementa\u00e7\u00e3o, est\u00e1 agora a inspirar algumas colectividades locais. Ao pensar como um particular, uma c\u00e2mara municipal, um centro t\u00e9cnico ou uma escola podem dotar-se de um sistema aut\u00f3nomo. Isto traduz-se em facturas mais baixas, maior resili\u00eancia e ac\u00e7\u00f5es concretas de luta contra as altera\u00e7\u00f5es clim\u00e1ticas.  <\/p>\n\n<h3 class=\"wp-block-heading\">Utiliza\u00e7\u00f5es p\u00fablicas adequadas: espa\u00e7os verdes, escolas, instala\u00e7\u00f5es<\/h3>\n\n<p>A instala\u00e7\u00e3o de <a href=\"https:\/\/www.maciterneecolo.fr\/fr\/3-citernes-souples\">reservat\u00f3rios flex\u00edveis<\/a> nos equipamentos p\u00fablicos \u00e9 uma solu\u00e7\u00e3o eficaz para fazer face aos per\u00edodos de tens\u00e3o. Estes reservat\u00f3rios permitem armazenar a \u00e1gua da chuva nas imedia\u00e7\u00f5es do local onde \u00e9 consumida. Os servi\u00e7os t\u00e9cnicos podem ent\u00e3o recorrer diretamente a estas reservas para manter os espa\u00e7os verdes, lavar as estradas ou abastecer as casas de banho p\u00fablicas.  <\/p>\n\n<p>Estas utiliza\u00e7\u00f5es espec\u00edficas permitem uma melhor distribui\u00e7\u00e3o do recurso e evitam a mobiliza\u00e7\u00e3o da rede de \u00e1gua pot\u00e1vel para necessidades secund\u00e1rias. Ao agrupar projectos, v\u00e1rios munic\u00edpios da mesma \u00e1rea de capta\u00e7\u00e3o podem partilhar o equipamento. Trata-se de uma abordagem flex\u00edvel, rent\u00e1vel e coerente com os objectivos clim\u00e1ticos do pa\u00eds.  <\/p>\n\n<h3 class=\"wp-block-heading\">Benef\u00edcios imediatos para a comunidade e os seus utilizadores<\/h3>\n\n<p>As colectividades locais que implementam estes projectos de \u00e1gua constatam rapidamente uma redu\u00e7\u00e3o do seu consumo, uma diminui\u00e7\u00e3o das suas despesas em euros e uma melhoria da sua imagem. Estas ac\u00e7\u00f5es s\u00e3o vis\u00edveis e concretas e ajudam a mobilizar os utilizadores em torno de um quadro de desenvolvimento sustent\u00e1vel. <\/p>\n\n<p>Isto tamb\u00e9m encoraja o envolvimento dos cidad\u00e3os, que podem inspirar-se na abordagem p\u00fablica para sua pr\u00f3pria utiliza\u00e7\u00e3o. Desta forma, a resili\u00eancia \u00e9 partilhada e contribui para a transforma\u00e7\u00e3o global dos servi\u00e7os de \u00e1gua. Estas iniciativas enquadram-se perfeitamente nos planos regionais clima-ar-energia pilotados pelas ag\u00eancias estatais.  <\/p>\n\n<h2 class=\"wp-block-heading\"><mark style=\"background-color:rgba(0, 0, 0, 0)\" class=\"has-inline-color has-vivid-cyan-blue-color\">Organizar a resili\u00eancia da \u00e1gua a n\u00edvel regional<\/mark><\/h2>\n\n<h3 class=\"wp-block-heading\">Aux\u00edlios dispon\u00edveis para apoiar projectos das autarquias locais<\/h3>\n\n<p>As autoridades locais t\u00eam \u00e0 sua disposi\u00e7\u00e3o uma s\u00e9rie de apoios financeiros para refor\u00e7ar a sua resili\u00eancia \u00e0 \u00e1gua. As ag\u00eancias da \u00e1gua, as regi\u00f5es, os departamentos e os parques naturais regionais lan\u00e7am convites \u00e0 apresenta\u00e7\u00e3o de projectos e concedem subven\u00e7\u00f5es espec\u00edficas. <\/p>\n\n<p>Este aux\u00edlio pode financiar at\u00e9 80% do investimento em ac\u00e7\u00f5es concretas, como a instala\u00e7\u00e3o de sistemas de recupera\u00e7\u00e3o de \u00e1gua, a cria\u00e7\u00e3o de redes secund\u00e1rias e a aplica\u00e7\u00e3o de planos de efici\u00eancia h\u00eddrica. Para serem eleg\u00edveis, as autoridades locais devem elaborar um projeto coerente, incorporar indicadores de qualidade e demonstrar o seu empenho no territ\u00f3rio. <\/p>\n\n<h3 class=\"wp-block-heading\">Projectos partilhados para uma maior efici\u00eancia local<\/h3>\n\n<p>Equipamentos como tanques flex\u00edveis, sistemas de controlo remoto, bombas e filtros podem ser colocados em comum numa regi\u00e3o. Um modelo intermunicipal optimiza a utiliza\u00e7\u00e3o dos recursos, limita as redund\u00e2ncias e garante a sobriedade colectiva. <\/p>\n\n<p>Esta abordagem sist\u00e9mica pode ser integrada num plano global de gest\u00e3o da \u00e1gua, coerente com as redes existentes. As vantagens s\u00e3o muitas: economias de escala, melhor gest\u00e3o das infra-estruturas, coordena\u00e7\u00e3o entre as partes interessadas. Cria-se assim uma din\u00e2mica virtuosa, com cada comunidade a contribuir para a resili\u00eancia da regi\u00e3o como um todo.  <\/p>\n\n<h3 class=\"wp-block-heading\">Autoridades locais exemplares a liderar o caminho<\/h3>\n\n<p>Algumas cidades francesas tornaram-se pioneiras na resili\u00eancia da \u00e1gua. Ao instalarem cisternas, redes secund\u00e1rias e pol\u00edticas de pre\u00e7os progressivos, est\u00e3o a reduzir a sua depend\u00eancia da \u00e1gua pot\u00e1vel e a controlar o seu consumo. <\/p>\n\n<p>Conseguiram tamb\u00e9m integrar estas iniciativas numa pol\u00edtica p\u00fablica global, comunicando os benef\u00edcios das novas pr\u00e1ticas aos residentes locais. Estes modelos locais inspiram outras regi\u00f5es e s\u00e3o regularmente elogiados por ag\u00eancias regionais, pelo governo e por associa\u00e7\u00f5es de representantes eleitos. Demonstram que a resili\u00eancia \u00e9 uma quest\u00e3o de vontade, estrat\u00e9gia e pragmatismo.  <\/p>\n\n<h2 class=\"wp-block-heading\"><mark style=\"background-color:rgba(0, 0, 0, 0)\" class=\"has-inline-color has-vivid-cyan-blue-color\">Para uma nova cultura p\u00fablica da \u00e1gua<\/mark><\/h2>\n\n<p>As colectividades locais francesas encontram-se num ponto de viragem. A resili\u00eancia h\u00eddrica n\u00e3o pode continuar a ser uma vari\u00e1vel de ajustamento. Deve tornar-se uma prioridade pol\u00edtica, integrada em todos os quadros de desenvolvimento, em todos os projectos territoriais e em todos os servi\u00e7os p\u00fablicos.  <\/p>\n\n<p>Pensar como um particular significa adotar uma vis\u00e3o concreta, parcimoniosa e eficiente. Significa p\u00f4r em pr\u00e1tica solu\u00e7\u00f5es simples mas poderosas: cisternas, sistemas de recupera\u00e7\u00e3o, redes independentes, usos diferenciados. Significa tamb\u00e9m encarnar uma pol\u00edtica de sobriedade ambiciosa que encoraje os utilizadores a mudar os seus h\u00e1bitos.  <\/p>\n\n<p>Num contexto de altera\u00e7\u00f5es clim\u00e1ticas, de escassez de recursos e de press\u00e3o crescente sobre as redes, esta transforma\u00e7\u00e3o \u00e9 inevit\u00e1vel. Ao envolver os actores locais, ao ativar as alavancas financeiras e ao promover as melhores pr\u00e1ticas, as autoridades locais podem tornar-se a for\u00e7a motriz de uma nova cultura p\u00fablica da \u00e1gua em Fran\u00e7a. <\/p>\n","protected":false},"excerpt":{"rendered":"<p>A crise da \u00e1gua: um desafio crescente para as colectividades locais francesas Press\u00e3o sem precedentes sobre os recursos h\u00eddricos Desde h\u00e1 v\u00e1rios anos, a Fran\u00e7a regista um n\u00famero crescente de secas, que t\u00eam um impacto duradouro nos recursos h\u00eddricos. Este fen\u00f3meno, amplificado em grande parte pelas altera\u00e7\u00f5es clim\u00e1ticas, est\u00e1 a prejudicar as regi\u00f5es e as [&hellip;]<\/p>\n","protected":false},"author":4,"featured_media":14557,"comment_status":"open","ping_status":"closed","sticky":false,"template":"","format":"standard","meta":{"inline_featured_image":false,"footnotes":""},"categories":[93,2619,88],"tags":[],"class_list":["post-14570","post","type-post","status-publish","format-standard","has-post-thumbnail","hentry","category-como-funciona-um-tanque-flexivel","category-gestao-da-agua","category-tanques-flexiveis"],"yoast_head":"<!-- This site is optimized with the Yoast SEO plugin v27.4 - https:\/\/yoast.com\/product\/yoast-seo-wordpress\/ -->\n<title>A resili\u00eancia da \u00e1gua nas autarquias locais: porque \u00e9 que estas t\u00eam de pensar como indiv\u00edduos - Blog Ma Citerne Ecolo<\/title>\n<meta name=\"description\" content=\"As autoridades locais francesas precisam de pensar como indiv\u00edduos para garantir uma gest\u00e3o resiliente da \u00e1gua face \u00e0 seca.\" \/>\n<meta name=\"robots\" content=\"index, follow, max-snippet:-1, max-image-preview:large, max-video-preview:-1\" \/>\n<link rel=\"canonical\" href=\"https:\/\/blog.maciterneecolo.fr\/pt-pt\/a-resiliencia-da-agua-nas-autarquias-locais-porque-e-que-estas-tem-de-pensar-como-individuos\/\" \/>\n<meta property=\"og:locale\" content=\"pt_PT\" \/>\n<meta property=\"og:type\" content=\"article\" \/>\n<meta property=\"og:title\" content=\"A resili\u00eancia da \u00e1gua nas autarquias locais: porque \u00e9 que estas t\u00eam de pensar como indiv\u00edduos - Blog Ma Citerne Ecolo\" \/>\n<meta property=\"og:description\" content=\"As autoridades locais francesas precisam de pensar como indiv\u00edduos para garantir uma gest\u00e3o resiliente da \u00e1gua face \u00e0 seca.\" \/>\n<meta property=\"og:url\" content=\"https:\/\/blog.maciterneecolo.fr\/pt-pt\/a-resiliencia-da-agua-nas-autarquias-locais-porque-e-que-estas-tem-de-pensar-como-individuos\/\" \/>\n<meta property=\"og:site_name\" content=\"Blog Ma Citerne Ecolo\" \/>\n<meta property=\"article:published_time\" content=\"2025-09-09T11:00:00+00:00\" \/>\n<meta property=\"og:image\" content=\"https:\/\/blog.maciterneecolo.fr\/wp-content\/uploads\/2025\/05\/pexels-scottwebb-137582-scaled.jpg\" \/>\n\t<meta property=\"og:image:width\" content=\"2560\" \/>\n\t<meta property=\"og:image:height\" content=\"1698\" \/>\n\t<meta property=\"og:image:type\" content=\"image\/jpeg\" \/>\n<meta name=\"author\" content=\"B\u00e9n\u00e9dicte Rebolloso\" \/>\n<meta name=\"twitter:card\" content=\"summary_large_image\" \/>\n<meta name=\"twitter:label1\" content=\"Escrito por\" \/>\n\t<meta name=\"twitter:data1\" content=\"B\u00e9n\u00e9dicte Rebolloso\" \/>\n\t<meta name=\"twitter:label2\" content=\"Tempo estimado de leitura\" \/>\n\t<meta name=\"twitter:data2\" content=\"7 minutos\" \/>\n<script type=\"application\/ld+json\" class=\"yoast-schema-graph\">{\"@context\":\"https:\\\/\\\/schema.org\",\"@graph\":[{\"@type\":\"Article\",\"@id\":\"https:\\\/\\\/blog.maciterneecolo.fr\\\/pt-pt\\\/a-resiliencia-da-agua-nas-autarquias-locais-porque-e-que-estas-tem-de-pensar-como-individuos\\\/#article\",\"isPartOf\":{\"@id\":\"https:\\\/\\\/blog.maciterneecolo.fr\\\/pt-pt\\\/a-resiliencia-da-agua-nas-autarquias-locais-porque-e-que-estas-tem-de-pensar-como-individuos\\\/\"},\"author\":{\"name\":\"B\u00e9n\u00e9dicte Rebolloso\",\"@id\":\"https:\\\/\\\/blog.maciterneecolo.fr\\\/pt-pt\\\/#\\\/schema\\\/person\\\/fe50d00b4e639107698e1ddead236943\"},\"headline\":\"A resili\u00eancia da \u00e1gua nas autarquias locais: porque \u00e9 que estas t\u00eam de pensar como indiv\u00edduos\",\"datePublished\":\"2025-09-09T11:00:00+00:00\",\"mainEntityOfPage\":{\"@id\":\"https:\\\/\\\/blog.maciterneecolo.fr\\\/pt-pt\\\/a-resiliencia-da-agua-nas-autarquias-locais-porque-e-que-estas-tem-de-pensar-como-individuos\\\/\"},\"wordCount\":1365,\"commentCount\":0,\"publisher\":{\"@id\":\"https:\\\/\\\/blog.maciterneecolo.fr\\\/pt-pt\\\/#organization\"},\"image\":{\"@id\":\"https:\\\/\\\/blog.maciterneecolo.fr\\\/pt-pt\\\/a-resiliencia-da-agua-nas-autarquias-locais-porque-e-que-estas-tem-de-pensar-como-individuos\\\/#primaryimage\"},\"thumbnailUrl\":\"https:\\\/\\\/blog.maciterneecolo.fr\\\/wp-content\\\/uploads\\\/2025\\\/05\\\/pexels-scottwebb-137582-scaled.jpg\",\"articleSection\":[\"Como funciona um tanque flex\u00edvel\",\"Gest\u00e3o da \u00e1gua\",\"Tanques Flex\u00edveis\"],\"inLanguage\":\"pt-PT\",\"potentialAction\":[{\"@type\":\"CommentAction\",\"name\":\"Comment\",\"target\":[\"https:\\\/\\\/blog.maciterneecolo.fr\\\/pt-pt\\\/a-resiliencia-da-agua-nas-autarquias-locais-porque-e-que-estas-tem-de-pensar-como-individuos\\\/#respond\"]}]},{\"@type\":\"WebPage\",\"@id\":\"https:\\\/\\\/blog.maciterneecolo.fr\\\/pt-pt\\\/a-resiliencia-da-agua-nas-autarquias-locais-porque-e-que-estas-tem-de-pensar-como-individuos\\\/\",\"url\":\"https:\\\/\\\/blog.maciterneecolo.fr\\\/pt-pt\\\/a-resiliencia-da-agua-nas-autarquias-locais-porque-e-que-estas-tem-de-pensar-como-individuos\\\/\",\"name\":\"A resili\u00eancia da \u00e1gua nas autarquias locais: porque \u00e9 que estas t\u00eam de pensar como indiv\u00edduos - Blog Ma Citerne Ecolo\",\"isPartOf\":{\"@id\":\"https:\\\/\\\/blog.maciterneecolo.fr\\\/pt-pt\\\/#website\"},\"primaryImageOfPage\":{\"@id\":\"https:\\\/\\\/blog.maciterneecolo.fr\\\/pt-pt\\\/a-resiliencia-da-agua-nas-autarquias-locais-porque-e-que-estas-tem-de-pensar-como-individuos\\\/#primaryimage\"},\"image\":{\"@id\":\"https:\\\/\\\/blog.maciterneecolo.fr\\\/pt-pt\\\/a-resiliencia-da-agua-nas-autarquias-locais-porque-e-que-estas-tem-de-pensar-como-individuos\\\/#primaryimage\"},\"thumbnailUrl\":\"https:\\\/\\\/blog.maciterneecolo.fr\\\/wp-content\\\/uploads\\\/2025\\\/05\\\/pexels-scottwebb-137582-scaled.jpg\",\"datePublished\":\"2025-09-09T11:00:00+00:00\",\"description\":\"As autoridades locais francesas precisam de pensar como indiv\u00edduos para garantir uma gest\u00e3o resiliente da \u00e1gua face \u00e0 seca.\",\"breadcrumb\":{\"@id\":\"https:\\\/\\\/blog.maciterneecolo.fr\\\/pt-pt\\\/a-resiliencia-da-agua-nas-autarquias-locais-porque-e-que-estas-tem-de-pensar-como-individuos\\\/#breadcrumb\"},\"inLanguage\":\"pt-PT\",\"potentialAction\":[{\"@type\":\"ReadAction\",\"target\":[\"https:\\\/\\\/blog.maciterneecolo.fr\\\/pt-pt\\\/a-resiliencia-da-agua-nas-autarquias-locais-porque-e-que-estas-tem-de-pensar-como-individuos\\\/\"]}]},{\"@type\":\"ImageObject\",\"inLanguage\":\"pt-PT\",\"@id\":\"https:\\\/\\\/blog.maciterneecolo.fr\\\/pt-pt\\\/a-resiliencia-da-agua-nas-autarquias-locais-porque-e-que-estas-tem-de-pensar-como-individuos\\\/#primaryimage\",\"url\":\"https:\\\/\\\/blog.maciterneecolo.fr\\\/wp-content\\\/uploads\\\/2025\\\/05\\\/pexels-scottwebb-137582-scaled.jpg\",\"contentUrl\":\"https:\\\/\\\/blog.maciterneecolo.fr\\\/wp-content\\\/uploads\\\/2025\\\/05\\\/pexels-scottwebb-137582-scaled.jpg\",\"width\":2560,\"height\":1698},{\"@type\":\"BreadcrumbList\",\"@id\":\"https:\\\/\\\/blog.maciterneecolo.fr\\\/pt-pt\\\/a-resiliencia-da-agua-nas-autarquias-locais-porque-e-que-estas-tem-de-pensar-como-individuos\\\/#breadcrumb\",\"itemListElement\":[{\"@type\":\"ListItem\",\"position\":1,\"name\":\"Accueil\",\"item\":\"https:\\\/\\\/blog.maciterneecolo.fr\\\/pt-pt\\\/\"},{\"@type\":\"ListItem\",\"position\":2,\"name\":\"A resili\u00eancia da \u00e1gua nas autarquias locais: porque \u00e9 que estas t\u00eam de pensar como indiv\u00edduos\"}]},{\"@type\":\"WebSite\",\"@id\":\"https:\\\/\\\/blog.maciterneecolo.fr\\\/pt-pt\\\/#website\",\"url\":\"https:\\\/\\\/blog.maciterneecolo.fr\\\/pt-pt\\\/\",\"name\":\"Blog Ma Citerne Ecolo\",\"description\":\"Leader dans le domaine de la citerne souple d&#039;eau de pluie\",\"publisher\":{\"@id\":\"https:\\\/\\\/blog.maciterneecolo.fr\\\/pt-pt\\\/#organization\"},\"potentialAction\":[{\"@type\":\"SearchAction\",\"target\":{\"@type\":\"EntryPoint\",\"urlTemplate\":\"https:\\\/\\\/blog.maciterneecolo.fr\\\/pt-pt\\\/?s={search_term_string}\"},\"query-input\":{\"@type\":\"PropertyValueSpecification\",\"valueRequired\":true,\"valueName\":\"search_term_string\"}}],\"inLanguage\":\"pt-PT\"},{\"@type\":\"Organization\",\"@id\":\"https:\\\/\\\/blog.maciterneecolo.fr\\\/pt-pt\\\/#organization\",\"name\":\"Blog Ma Citerne Ecolo\",\"url\":\"https:\\\/\\\/blog.maciterneecolo.fr\\\/pt-pt\\\/\",\"logo\":{\"@type\":\"ImageObject\",\"inLanguage\":\"pt-PT\",\"@id\":\"https:\\\/\\\/blog.maciterneecolo.fr\\\/pt-pt\\\/#\\\/schema\\\/logo\\\/image\\\/\",\"url\":\"https:\\\/\\\/blog.maciterneecolo.fr\\\/wp-content\\\/uploads\\\/2022\\\/12\\\/cropped-favicon-blog.png\",\"contentUrl\":\"https:\\\/\\\/blog.maciterneecolo.fr\\\/wp-content\\\/uploads\\\/2022\\\/12\\\/cropped-favicon-blog.png\",\"width\":512,\"height\":512,\"caption\":\"Blog Ma Citerne Ecolo\"},\"image\":{\"@id\":\"https:\\\/\\\/blog.maciterneecolo.fr\\\/pt-pt\\\/#\\\/schema\\\/logo\\\/image\\\/\"}},{\"@type\":\"Person\",\"@id\":\"https:\\\/\\\/blog.maciterneecolo.fr\\\/pt-pt\\\/#\\\/schema\\\/person\\\/fe50d00b4e639107698e1ddead236943\",\"name\":\"B\u00e9n\u00e9dicte Rebolloso\",\"image\":{\"@type\":\"ImageObject\",\"inLanguage\":\"pt-PT\",\"@id\":\"https:\\\/\\\/secure.gravatar.com\\\/avatar\\\/ffa759db2a4d8ebb52a58b89d3dc2a9f0395a5122bb839045a145d6585de1126?s=96&d=mm&r=g\",\"url\":\"https:\\\/\\\/secure.gravatar.com\\\/avatar\\\/ffa759db2a4d8ebb52a58b89d3dc2a9f0395a5122bb839045a145d6585de1126?s=96&d=mm&r=g\",\"contentUrl\":\"https:\\\/\\\/secure.gravatar.com\\\/avatar\\\/ffa759db2a4d8ebb52a58b89d3dc2a9f0395a5122bb839045a145d6585de1126?s=96&d=mm&r=g\",\"caption\":\"B\u00e9n\u00e9dicte Rebolloso\"},\"url\":\"https:\\\/\\\/blog.maciterneecolo.fr\\\/pt-pt\\\/author\\\/benedicterebolloso\\\/\"}]}<\/script>\n<!-- \/ Yoast SEO plugin. -->","yoast_head_json":{"title":"A resili\u00eancia da \u00e1gua nas autarquias locais: porque \u00e9 que estas t\u00eam de pensar como indiv\u00edduos - Blog Ma Citerne Ecolo","description":"As autoridades locais francesas precisam de pensar como indiv\u00edduos para garantir uma gest\u00e3o resiliente da \u00e1gua face \u00e0 seca.","robots":{"index":"index","follow":"follow","max-snippet":"max-snippet:-1","max-image-preview":"max-image-preview:large","max-video-preview":"max-video-preview:-1"},"canonical":"https:\/\/blog.maciterneecolo.fr\/pt-pt\/a-resiliencia-da-agua-nas-autarquias-locais-porque-e-que-estas-tem-de-pensar-como-individuos\/","og_locale":"pt_PT","og_type":"article","og_title":"A resili\u00eancia da \u00e1gua nas autarquias locais: porque \u00e9 que estas t\u00eam de pensar como indiv\u00edduos - Blog Ma Citerne Ecolo","og_description":"As autoridades locais francesas precisam de pensar como indiv\u00edduos para garantir uma gest\u00e3o resiliente da \u00e1gua face \u00e0 seca.","og_url":"https:\/\/blog.maciterneecolo.fr\/pt-pt\/a-resiliencia-da-agua-nas-autarquias-locais-porque-e-que-estas-tem-de-pensar-como-individuos\/","og_site_name":"Blog Ma Citerne Ecolo","article_published_time":"2025-09-09T11:00:00+00:00","og_image":[{"width":2560,"height":1698,"url":"https:\/\/blog.maciterneecolo.fr\/wp-content\/uploads\/2025\/05\/pexels-scottwebb-137582-scaled.jpg","type":"image\/jpeg"}],"author":"B\u00e9n\u00e9dicte Rebolloso","twitter_card":"summary_large_image","twitter_misc":{"Escrito por":"B\u00e9n\u00e9dicte Rebolloso","Tempo estimado de leitura":"7 minutos"},"schema":{"@context":"https:\/\/schema.org","@graph":[{"@type":"Article","@id":"https:\/\/blog.maciterneecolo.fr\/pt-pt\/a-resiliencia-da-agua-nas-autarquias-locais-porque-e-que-estas-tem-de-pensar-como-individuos\/#article","isPartOf":{"@id":"https:\/\/blog.maciterneecolo.fr\/pt-pt\/a-resiliencia-da-agua-nas-autarquias-locais-porque-e-que-estas-tem-de-pensar-como-individuos\/"},"author":{"name":"B\u00e9n\u00e9dicte Rebolloso","@id":"https:\/\/blog.maciterneecolo.fr\/pt-pt\/#\/schema\/person\/fe50d00b4e639107698e1ddead236943"},"headline":"A resili\u00eancia da \u00e1gua nas autarquias locais: porque \u00e9 que estas t\u00eam de pensar como indiv\u00edduos","datePublished":"2025-09-09T11:00:00+00:00","mainEntityOfPage":{"@id":"https:\/\/blog.maciterneecolo.fr\/pt-pt\/a-resiliencia-da-agua-nas-autarquias-locais-porque-e-que-estas-tem-de-pensar-como-individuos\/"},"wordCount":1365,"commentCount":0,"publisher":{"@id":"https:\/\/blog.maciterneecolo.fr\/pt-pt\/#organization"},"image":{"@id":"https:\/\/blog.maciterneecolo.fr\/pt-pt\/a-resiliencia-da-agua-nas-autarquias-locais-porque-e-que-estas-tem-de-pensar-como-individuos\/#primaryimage"},"thumbnailUrl":"https:\/\/blog.maciterneecolo.fr\/wp-content\/uploads\/2025\/05\/pexels-scottwebb-137582-scaled.jpg","articleSection":["Como funciona um tanque flex\u00edvel","Gest\u00e3o da \u00e1gua","Tanques Flex\u00edveis"],"inLanguage":"pt-PT","potentialAction":[{"@type":"CommentAction","name":"Comment","target":["https:\/\/blog.maciterneecolo.fr\/pt-pt\/a-resiliencia-da-agua-nas-autarquias-locais-porque-e-que-estas-tem-de-pensar-como-individuos\/#respond"]}]},{"@type":"WebPage","@id":"https:\/\/blog.maciterneecolo.fr\/pt-pt\/a-resiliencia-da-agua-nas-autarquias-locais-porque-e-que-estas-tem-de-pensar-como-individuos\/","url":"https:\/\/blog.maciterneecolo.fr\/pt-pt\/a-resiliencia-da-agua-nas-autarquias-locais-porque-e-que-estas-tem-de-pensar-como-individuos\/","name":"A resili\u00eancia da \u00e1gua nas autarquias locais: porque \u00e9 que estas t\u00eam de pensar como indiv\u00edduos - Blog Ma Citerne Ecolo","isPartOf":{"@id":"https:\/\/blog.maciterneecolo.fr\/pt-pt\/#website"},"primaryImageOfPage":{"@id":"https:\/\/blog.maciterneecolo.fr\/pt-pt\/a-resiliencia-da-agua-nas-autarquias-locais-porque-e-que-estas-tem-de-pensar-como-individuos\/#primaryimage"},"image":{"@id":"https:\/\/blog.maciterneecolo.fr\/pt-pt\/a-resiliencia-da-agua-nas-autarquias-locais-porque-e-que-estas-tem-de-pensar-como-individuos\/#primaryimage"},"thumbnailUrl":"https:\/\/blog.maciterneecolo.fr\/wp-content\/uploads\/2025\/05\/pexels-scottwebb-137582-scaled.jpg","datePublished":"2025-09-09T11:00:00+00:00","description":"As autoridades locais francesas precisam de pensar como indiv\u00edduos para garantir uma gest\u00e3o resiliente da \u00e1gua face \u00e0 seca.","breadcrumb":{"@id":"https:\/\/blog.maciterneecolo.fr\/pt-pt\/a-resiliencia-da-agua-nas-autarquias-locais-porque-e-que-estas-tem-de-pensar-como-individuos\/#breadcrumb"},"inLanguage":"pt-PT","potentialAction":[{"@type":"ReadAction","target":["https:\/\/blog.maciterneecolo.fr\/pt-pt\/a-resiliencia-da-agua-nas-autarquias-locais-porque-e-que-estas-tem-de-pensar-como-individuos\/"]}]},{"@type":"ImageObject","inLanguage":"pt-PT","@id":"https:\/\/blog.maciterneecolo.fr\/pt-pt\/a-resiliencia-da-agua-nas-autarquias-locais-porque-e-que-estas-tem-de-pensar-como-individuos\/#primaryimage","url":"https:\/\/blog.maciterneecolo.fr\/wp-content\/uploads\/2025\/05\/pexels-scottwebb-137582-scaled.jpg","contentUrl":"https:\/\/blog.maciterneecolo.fr\/wp-content\/uploads\/2025\/05\/pexels-scottwebb-137582-scaled.jpg","width":2560,"height":1698},{"@type":"BreadcrumbList","@id":"https:\/\/blog.maciterneecolo.fr\/pt-pt\/a-resiliencia-da-agua-nas-autarquias-locais-porque-e-que-estas-tem-de-pensar-como-individuos\/#breadcrumb","itemListElement":[{"@type":"ListItem","position":1,"name":"Accueil","item":"https:\/\/blog.maciterneecolo.fr\/pt-pt\/"},{"@type":"ListItem","position":2,"name":"A resili\u00eancia da \u00e1gua nas autarquias locais: porque \u00e9 que estas t\u00eam de pensar como indiv\u00edduos"}]},{"@type":"WebSite","@id":"https:\/\/blog.maciterneecolo.fr\/pt-pt\/#website","url":"https:\/\/blog.maciterneecolo.fr\/pt-pt\/","name":"Blog Ma Citerne Ecolo","description":"Leader dans le domaine de la citerne souple d&#039;eau de pluie","publisher":{"@id":"https:\/\/blog.maciterneecolo.fr\/pt-pt\/#organization"},"potentialAction":[{"@type":"SearchAction","target":{"@type":"EntryPoint","urlTemplate":"https:\/\/blog.maciterneecolo.fr\/pt-pt\/?s={search_term_string}"},"query-input":{"@type":"PropertyValueSpecification","valueRequired":true,"valueName":"search_term_string"}}],"inLanguage":"pt-PT"},{"@type":"Organization","@id":"https:\/\/blog.maciterneecolo.fr\/pt-pt\/#organization","name":"Blog Ma Citerne Ecolo","url":"https:\/\/blog.maciterneecolo.fr\/pt-pt\/","logo":{"@type":"ImageObject","inLanguage":"pt-PT","@id":"https:\/\/blog.maciterneecolo.fr\/pt-pt\/#\/schema\/logo\/image\/","url":"https:\/\/blog.maciterneecolo.fr\/wp-content\/uploads\/2022\/12\/cropped-favicon-blog.png","contentUrl":"https:\/\/blog.maciterneecolo.fr\/wp-content\/uploads\/2022\/12\/cropped-favicon-blog.png","width":512,"height":512,"caption":"Blog Ma Citerne Ecolo"},"image":{"@id":"https:\/\/blog.maciterneecolo.fr\/pt-pt\/#\/schema\/logo\/image\/"}},{"@type":"Person","@id":"https:\/\/blog.maciterneecolo.fr\/pt-pt\/#\/schema\/person\/fe50d00b4e639107698e1ddead236943","name":"B\u00e9n\u00e9dicte Rebolloso","image":{"@type":"ImageObject","inLanguage":"pt-PT","@id":"https:\/\/secure.gravatar.com\/avatar\/ffa759db2a4d8ebb52a58b89d3dc2a9f0395a5122bb839045a145d6585de1126?s=96&d=mm&r=g","url":"https:\/\/secure.gravatar.com\/avatar\/ffa759db2a4d8ebb52a58b89d3dc2a9f0395a5122bb839045a145d6585de1126?s=96&d=mm&r=g","contentUrl":"https:\/\/secure.gravatar.com\/avatar\/ffa759db2a4d8ebb52a58b89d3dc2a9f0395a5122bb839045a145d6585de1126?s=96&d=mm&r=g","caption":"B\u00e9n\u00e9dicte Rebolloso"},"url":"https:\/\/blog.maciterneecolo.fr\/pt-pt\/author\/benedicterebolloso\/"}]}},"_links":{"self":[{"href":"https:\/\/blog.maciterneecolo.fr\/pt-pt\/wp-json\/wp\/v2\/posts\/14570","targetHints":{"allow":["GET"]}}],"collection":[{"href":"https:\/\/blog.maciterneecolo.fr\/pt-pt\/wp-json\/wp\/v2\/posts"}],"about":[{"href":"https:\/\/blog.maciterneecolo.fr\/pt-pt\/wp-json\/wp\/v2\/types\/post"}],"author":[{"embeddable":true,"href":"https:\/\/blog.maciterneecolo.fr\/pt-pt\/wp-json\/wp\/v2\/users\/4"}],"replies":[{"embeddable":true,"href":"https:\/\/blog.maciterneecolo.fr\/pt-pt\/wp-json\/wp\/v2\/comments?post=14570"}],"version-history":[{"count":1,"href":"https:\/\/blog.maciterneecolo.fr\/pt-pt\/wp-json\/wp\/v2\/posts\/14570\/revisions"}],"predecessor-version":[{"id":14571,"href":"https:\/\/blog.maciterneecolo.fr\/pt-pt\/wp-json\/wp\/v2\/posts\/14570\/revisions\/14571"}],"wp:featuredmedia":[{"embeddable":true,"href":"https:\/\/blog.maciterneecolo.fr\/pt-pt\/wp-json\/wp\/v2\/media\/14557"}],"wp:attachment":[{"href":"https:\/\/blog.maciterneecolo.fr\/pt-pt\/wp-json\/wp\/v2\/media?parent=14570"}],"wp:term":[{"taxonomy":"category","embeddable":true,"href":"https:\/\/blog.maciterneecolo.fr\/pt-pt\/wp-json\/wp\/v2\/categories?post=14570"},{"taxonomy":"post_tag","embeddable":true,"href":"https:\/\/blog.maciterneecolo.fr\/pt-pt\/wp-json\/wp\/v2\/tags?post=14570"}],"curies":[{"name":"wp","href":"https:\/\/api.w.org\/{rel}","templated":true}]}}