{"id":14599,"date":"2025-09-12T13:00:00","date_gmt":"2025-09-12T13:00:00","guid":{"rendered":"https:\/\/blog.maciterneecolo.fr\/?p=14599"},"modified":"2025-05-09T13:38:44","modified_gmt":"2025-05-09T13:38:44","slug":"a-economia-circular-aplicada-a-agua-dos-recuperadores-de-agua-a-irrigacao-racional","status":"publish","type":"post","link":"https:\/\/blog.maciterneecolo.fr\/pt-pt\/a-economia-circular-aplicada-a-agua-dos-recuperadores-de-agua-a-irrigacao-racional\/","title":{"rendered":"A economia circular aplicada \u00e0 \u00e1gua: dos recuperadores de \u00e1gua \u00e0 irriga\u00e7\u00e3o racional"},"content":{"rendered":"\n<h2 class=\"wp-block-heading\"><mark style=\"background-color:rgba(0, 0, 0, 0)\" class=\"has-inline-color has-vivid-cyan-blue-color\">Repensar a nossa rela\u00e7\u00e3o com a \u00e1gua no \u00e2mbito de uma abordagem circular<\/mark><\/h2>\n\n<h3 class=\"wp-block-heading\">\u00c1gua, um recurso precioso sob press\u00e3o<\/h3>\n\n<p>A \u00e1gua \u00e9 um dos recursos mais amea\u00e7ados do nosso tempo. Face \u00e0s altera\u00e7\u00f5es clim\u00e1ticas, ao crescimento demogr\u00e1fico e \u00e0 artificializa\u00e7\u00e3o do territ\u00f3rio, a gest\u00e3o da \u00e1gua est\u00e1 a tornar-se uma prioridade estrat\u00e9gica. Em toda a Uni\u00e3o Europeia, as pol\u00edticas p\u00fablicas apelam a uma maior efici\u00eancia no consumo de \u00e1gua, \u00e0 redu\u00e7\u00e3o do desperd\u00edcio e \u00e0 recupera\u00e7\u00e3o deste recurso.  <\/p>\n\n<p>A situa\u00e7\u00e3o atual em Fran\u00e7a e noutros pa\u00edses mostra os limites de um modelo baseado na extra\u00e7\u00e3o, utiliza\u00e7\u00e3o e descarga. O aumento do pre\u00e7o da \u00e1gua, a degrada\u00e7\u00e3o da sua qualidade e as crises locais obrigam-nos a repensar a nossa rela\u00e7\u00e3o com esta mat\u00e9ria-prima t\u00e3o vital como fr\u00e1gil. <\/p>\n\n<h3 class=\"wp-block-heading\">Os princ\u00edpios fundamentais da economia circular aplicados \u00e0 \u00e1gua<\/h3>\n\n<p>A economia circular, que j\u00e1 foi aplicada \u00e0 energia, aos res\u00edduos e \u00e0 produ\u00e7\u00e3o agr\u00edcola, est\u00e1 tamb\u00e9m a marcar presen\u00e7a no sector da \u00e1gua. Baseia-se em tr\u00eas alavancas: reduzir o consumo, reutilizar a \u00e1gua (nomeadamente as \u00e1guas residuais tratadas) e reciclar localmente atrav\u00e9s de circuitos fechados. <\/p>\n\n<p>Este modelo circular visa a descarboniza\u00e7\u00e3o, a redu\u00e7\u00e3o da depend\u00eancia dos combust\u00edveis f\u00f3sseis para o tratamento da \u00e1gua e a otimiza\u00e7\u00e3o dos custos para os operadores e os servi\u00e7os p\u00fablicos. Proporciona uma maior resili\u00eancia face \u00e0s ondas de calor, \u00e0 crescente escassez de recursos naturais e ao envelhecimento das infra-estruturas h\u00eddricas. <\/p>\n\n<h3 class=\"wp-block-heading\">Porqu\u00ea passar de um modelo linear para um modelo circular?<\/h3>\n\n<p>O modelo linear &#8211; recolher, utilizar, deitar fora &#8211; gera desperd\u00edcio de \u00e1gua, elevado consumo de energia e fortes emiss\u00f5es de carbono. As redes p\u00fablicas, por vezes degradadas, perdem at\u00e9 20% da \u00e1gua pot\u00e1vel que bombeiam. A isto acrescem os custos de manuten\u00e7\u00e3o e de tratamento, bem como o impacto no ambiente.  <\/p>\n\n<p>A economia circular oferece uma solu\u00e7\u00e3o sustent\u00e1vel: incentiva a reutiliza\u00e7\u00e3o das \u00e1guas residuais, a reciclagem local, a redu\u00e7\u00e3o do consumo e a melhoria da efici\u00eancia energ\u00e9tica. Ao combinar inova\u00e7\u00e3o tecnol\u00f3gica e governa\u00e7\u00e3o local, cumpre os objectivos clim\u00e1ticos da Europa. <\/p>\n\n<h2 class=\"wp-block-heading\"><mark style=\"background-color:rgba(0, 0, 0, 0)\" class=\"has-inline-color has-vivid-cyan-blue-color\">Da recolha de \u00e1gua da chuva \u00e0 reutiliza\u00e7\u00e3o inteligente<\/mark><\/h2>\n\n<h3 class=\"wp-block-heading\">O papel fundamental do recuperador nacional<\/h3>\n\n<p><a href=\"https:\/\/www.maciterneecolo.fr\/fr\/3-citernes-souples\">O sistema de recolha de \u00e1guas pluviais<\/a> \u00e9 o s\u00edmbolo da poupan\u00e7a de \u00e1gua. Recorre a uma fonte renov\u00e1vel, fora das redes, limitando a necessidade de recursos centrais. \u00c9 uma solu\u00e7\u00e3o de baixa tecnologia e rent\u00e1vel que reduz o custo da \u00e1gua e dos res\u00edduos e diminui a press\u00e3o sobre as infra-estruturas p\u00fablicas.  <\/p>\n\n<p>Os sistemas de recupera\u00e7\u00e3o de \u00e1gua (tanques, bacias, cisternas flex\u00edveis) podem agora ser integrados em todos os tipos de habita\u00e7\u00e3o. Permitem que a \u00e1gua n\u00e3o pot\u00e1vel seja utilizada para irriga\u00e7\u00e3o, limpeza ou arrefecimento das fachadas durante os per\u00edodos de ponta. <\/p>\n\n<h3 class=\"wp-block-heading\">Reutilizar a \u00e1gua em casa e no jardim<\/h3>\n\n<p>A \u00e1gua da chuva e as \u00e1guas residuais tratadas podem ser utilizadas para muitos fins dom\u00e9sticos. Utilizando sistemas simples, pode substituir a \u00e1gua pot\u00e1vel para jardinagem, casas de banho, lavagem de carros ou sistemas de arrefecimento urbano. <\/p>\n\n<p>Este tratamento localizado, por vezes integrado no domic\u00edlio, permite valorizar um recurso secund\u00e1rio, reduzindo simultaneamente os custos, a press\u00e3o sobre as redes e a depend\u00eancia dos operadores hist\u00f3ricos. Contribui igualmente para uma gest\u00e3o diferenciada do recurso em fun\u00e7\u00e3o do n\u00edvel de qualidade exigido. <\/p>\n\n<h3 class=\"wp-block-heading\">Integra\u00e7\u00e3o de uma gest\u00e3o ligada e eficiente em termos energ\u00e9ticos<\/h3>\n\n<p>As novas tecnologias est\u00e3o a tornar a gest\u00e3o da \u00e1gua mais eficiente. Gra\u00e7as aos sensores, \u00e0s v\u00e1lvulas autom\u00e1ticas e aos contratos inteligentes, os particulares e os servi\u00e7os municipais podem controlar o seu consumo de \u00e1gua em tempo real, otimizar as entradas em fun\u00e7\u00e3o da natureza do solo ou modular a irriga\u00e7\u00e3o em fun\u00e7\u00e3o das condi\u00e7\u00f5es meteorol\u00f3gicas. <\/p>\n\n<p>Isto permite assegurar a produ\u00e7\u00e3o agr\u00edcola, estabilizar os custos da energia e atingir os objectivos de sustentabilidade, reduzindo simultaneamente a depend\u00eancia de fontes de energia distantes e intensivas. Esta energia circular da \u00e1gua apoia a transi\u00e7\u00e3o energ\u00e9tica global. <\/p>\n\n<h2 class=\"wp-block-heading\"><mark style=\"background-color:rgba(0, 0, 0, 0)\" class=\"has-inline-color has-vivid-cyan-blue-color\">Rumo a uma irriga\u00e7\u00e3o sustent\u00e1vel<\/mark><\/h2>\n\n<h3 class=\"wp-block-heading\">Irriga\u00e7\u00e3o controlada: um m\u00e9todo agr\u00edcola transpon\u00edvel<\/h3>\n\n<p>A agricultura \u00e9 respons\u00e1vel por quase 70% do consumo de \u00e1gua na Europa. <a href=\"https:\/\/blog.maciterneecolo.fr\/pt-pt\/o-impacto-da-agricultura-intensiva-na-agua-e-o-papel-da-recolha-de-aguas-pluviais\/\">A irriga\u00e7\u00e3o racional visa adaptar os factores de produ\u00e7\u00e3o \u00e0s necessidades reais, evitando o desperd\u00edcio<\/a>. Baseia-se numa an\u00e1lise detalhada dos dados agron\u00f3micos, meteorol\u00f3gicos e econ\u00f3micos. <\/p>\n\n<p>Ajuda a reduzir as perdas, limita a utiliza\u00e7\u00e3o de \u00e1gua pot\u00e1vel e melhora a produtividade sem comprometer os recursos. Gra\u00e7as a estas solu\u00e7\u00f5es, os agricultores tornam-se mais auto-suficientes e resilientes e contribuem para o esfor\u00e7o de descarboniza\u00e7\u00e3o da produ\u00e7\u00e3o alimentar. <\/p>\n\n<h3 class=\"wp-block-heading\">Combina a reciclagem com t\u00e9cnicas de rega sustent\u00e1veis<\/h3>\n\n<p>Para maximizar a efici\u00eancia, tens de combinar a recupera\u00e7\u00e3o, o tratamento e a difus\u00e3o lenta. A rega gota a gota, a rega subterr\u00e2nea e os bicos economizadores de \u00e1gua s\u00e3o compat\u00edveis com a \u00e1gua tratada localmente. Os servi\u00e7os t\u00e9cnicos municipais podem utiliz\u00e1-los para manter os espa\u00e7os verdes e reduzir os custos.  <\/p>\n\n<p>Neste quadro circular, cada litro recuperado torna-se um valor acrescentado. Os operadores locais podem integrar estes sistemas nos seus contratos de servi\u00e7os com as colectividades locais, o que melhora a governa\u00e7\u00e3o e a transpar\u00eancia. <\/p>\n\n<h3 class=\"wp-block-heading\">Um modelo virtuoso para as autoridades locais e os cidad\u00e3os<\/h3>\n\n<p><a href=\"https:\/\/blog.maciterneecolo.fr\/pt-pt\/o-consumo-ecologico-nas-nossas-casas-em-franca\/\">A economia circular da \u00e1gua oferece um modelo replic\u00e1vel, adapt\u00e1vel e escal\u00e1vel<\/a>. Atrav\u00e9s de investimentos espec\u00edficos, as autoridades locais podem modernizar as suas infra-estruturas, criar circuitos locais e cumprir os objectivos europeus de redu\u00e7\u00e3o das emiss\u00f5es e de efici\u00eancia energ\u00e9tica. <\/p>\n\n<p>A combina\u00e7\u00e3o de pol\u00edticas p\u00fablicas, participa\u00e7\u00e3o dos cidad\u00e3os e inova\u00e7\u00e3o permite alinhar interesses econ\u00f3micos, ambientais e sociais. A \u00e1gua circular torna-se assim um instrumento de transforma\u00e7\u00e3o profunda do sector da \u00e1gua, ao servi\u00e7o da resili\u00eancia territorial. <\/p>\n\n<h2 class=\"wp-block-heading\"><mark style=\"background-color:rgba(0, 0, 0, 0)\" class=\"has-inline-color has-vivid-cyan-blue-color\">Rumo a uma governa\u00e7\u00e3o circular da \u00e1gua<\/mark><\/h2>\n\n<p>O futuro dos recursos h\u00eddricos passar\u00e1 por uma economia circular, baseada na reutiliza\u00e7\u00e3o, na redu\u00e7\u00e3o dos res\u00edduos e na integra\u00e7\u00e3o das \u00e1guas residuais tratadas nas utiliza\u00e7\u00f5es agr\u00edcolas e urbanas. Isto implica repensar os contratos, os servi\u00e7os e os investimentos. <\/p>\n\n<p>Trata-se de uma mudan\u00e7a de governa\u00e7\u00e3o, de uma nova pol\u00edtica do ciclo da \u00e1gua que liga a energia, a agricultura, as infra-estruturas e o ambiente. O objetivo \u00e9 sincronizar todos os intervenientes &#8211; operadores, utilizadores, colectividades locais, Estado e Europa &#8211; em torno de uma vis\u00e3o comum mais s\u00f3bria, mais justa e mais resiliente. <\/p>\n","protected":false},"excerpt":{"rendered":"<p>Repensar a nossa rela\u00e7\u00e3o com a \u00e1gua no \u00e2mbito de uma abordagem circular \u00c1gua, um recurso precioso sob press\u00e3o A \u00e1gua \u00e9 um dos recursos mais amea\u00e7ados do nosso tempo. Face \u00e0s altera\u00e7\u00f5es clim\u00e1ticas, ao crescimento demogr\u00e1fico e \u00e0 artificializa\u00e7\u00e3o do territ\u00f3rio, a gest\u00e3o da \u00e1gua est\u00e1 a tornar-se uma prioridade estrat\u00e9gica. Em toda a [&hellip;]<\/p>\n","protected":false},"author":4,"featured_media":14584,"comment_status":"open","ping_status":"closed","sticky":false,"template":"","format":"standard","meta":{"inline_featured_image":false,"footnotes":""},"categories":[93,87,105],"tags":[],"class_list":["post-14599","post","type-post","status-publish","format-standard","has-post-thumbnail","hentry","category-como-funciona-um-tanque-flexivel","category-instalacao-de-um-tanque-flexivel","category-tudo-sobre-a-agua-da-chuva"],"yoast_head":"<!-- This site is optimized with the Yoast SEO plugin v27.5 - https:\/\/yoast.com\/product\/yoast-seo-wordpress\/ -->\n<title>A economia circular aplicada \u00e0 \u00e1gua: dos recuperadores de \u00e1gua \u00e0 irriga\u00e7\u00e3o racional - Blog Ma Citerne Ecolo<\/title>\n<meta name=\"description\" content=\"A economia circular da \u00e1gua optimiza a recupera\u00e7\u00e3o, reduz os custos e transforma a irriga\u00e7\u00e3o numa solu\u00e7\u00e3o sustent\u00e1vel e local.\" \/>\n<meta name=\"robots\" content=\"index, follow, max-snippet:-1, max-image-preview:large, max-video-preview:-1\" \/>\n<link rel=\"canonical\" href=\"https:\/\/blog.maciterneecolo.fr\/pt-pt\/a-economia-circular-aplicada-a-agua-dos-recuperadores-de-agua-a-irrigacao-racional\/\" \/>\n<meta property=\"og:locale\" content=\"pt_PT\" \/>\n<meta property=\"og:type\" content=\"article\" \/>\n<meta property=\"og:title\" content=\"A economia circular aplicada \u00e0 \u00e1gua: dos recuperadores de \u00e1gua \u00e0 irriga\u00e7\u00e3o racional - Blog Ma Citerne Ecolo\" \/>\n<meta property=\"og:description\" content=\"A economia circular da \u00e1gua optimiza a recupera\u00e7\u00e3o, reduz os custos e transforma a irriga\u00e7\u00e3o numa solu\u00e7\u00e3o sustent\u00e1vel e local.\" \/>\n<meta property=\"og:url\" content=\"https:\/\/blog.maciterneecolo.fr\/pt-pt\/a-economia-circular-aplicada-a-agua-dos-recuperadores-de-agua-a-irrigacao-racional\/\" \/>\n<meta property=\"og:site_name\" content=\"Blog Ma Citerne Ecolo\" \/>\n<meta property=\"article:published_time\" content=\"2025-09-12T13:00:00+00:00\" \/>\n<meta property=\"og:image\" content=\"https:\/\/blog.maciterneecolo.fr\/wp-content\/uploads\/2025\/05\/pexels-artempodrez-6990568-scaled.jpg\" \/>\n\t<meta property=\"og:image:width\" content=\"2560\" \/>\n\t<meta property=\"og:image:height\" content=\"1440\" \/>\n\t<meta property=\"og:image:type\" content=\"image\/jpeg\" \/>\n<meta name=\"author\" content=\"B\u00e9n\u00e9dicte Rebolloso\" \/>\n<meta name=\"twitter:card\" content=\"summary_large_image\" \/>\n<meta name=\"twitter:label1\" content=\"Escrito por\" \/>\n\t<meta name=\"twitter:data1\" content=\"B\u00e9n\u00e9dicte Rebolloso\" \/>\n\t<meta name=\"twitter:label2\" content=\"Tempo estimado de leitura\" \/>\n\t<meta name=\"twitter:data2\" content=\"6 minutos\" \/>\n<script type=\"application\/ld+json\" class=\"yoast-schema-graph\">{\"@context\":\"https:\\\/\\\/schema.org\",\"@graph\":[{\"@type\":\"Article\",\"@id\":\"https:\\\/\\\/blog.maciterneecolo.fr\\\/pt-pt\\\/a-economia-circular-aplicada-a-agua-dos-recuperadores-de-agua-a-irrigacao-racional\\\/#article\",\"isPartOf\":{\"@id\":\"https:\\\/\\\/blog.maciterneecolo.fr\\\/pt-pt\\\/a-economia-circular-aplicada-a-agua-dos-recuperadores-de-agua-a-irrigacao-racional\\\/\"},\"author\":{\"name\":\"B\u00e9n\u00e9dicte Rebolloso\",\"@id\":\"https:\\\/\\\/blog.maciterneecolo.fr\\\/pt-pt\\\/#\\\/schema\\\/person\\\/fe50d00b4e639107698e1ddead236943\"},\"headline\":\"A economia circular aplicada \u00e0 \u00e1gua: dos recuperadores de \u00e1gua \u00e0 irriga\u00e7\u00e3o racional\",\"datePublished\":\"2025-09-12T13:00:00+00:00\",\"mainEntityOfPage\":{\"@id\":\"https:\\\/\\\/blog.maciterneecolo.fr\\\/pt-pt\\\/a-economia-circular-aplicada-a-agua-dos-recuperadores-de-agua-a-irrigacao-racional\\\/\"},\"wordCount\":1174,\"commentCount\":0,\"publisher\":{\"@id\":\"https:\\\/\\\/blog.maciterneecolo.fr\\\/pt-pt\\\/#organization\"},\"image\":{\"@id\":\"https:\\\/\\\/blog.maciterneecolo.fr\\\/pt-pt\\\/a-economia-circular-aplicada-a-agua-dos-recuperadores-de-agua-a-irrigacao-racional\\\/#primaryimage\"},\"thumbnailUrl\":\"https:\\\/\\\/blog.maciterneecolo.fr\\\/wp-content\\\/uploads\\\/2025\\\/05\\\/pexels-artempodrez-6990568-scaled.jpg\",\"articleSection\":[\"Como funciona um tanque flex\u00edvel\",\"Instala\u00e7\u00e3o de um tanque flex\u00edvel\",\"Tudo sobre a \u00e1gua da chuva\"],\"inLanguage\":\"pt-PT\",\"potentialAction\":[{\"@type\":\"CommentAction\",\"name\":\"Comment\",\"target\":[\"https:\\\/\\\/blog.maciterneecolo.fr\\\/pt-pt\\\/a-economia-circular-aplicada-a-agua-dos-recuperadores-de-agua-a-irrigacao-racional\\\/#respond\"]}]},{\"@type\":\"WebPage\",\"@id\":\"https:\\\/\\\/blog.maciterneecolo.fr\\\/pt-pt\\\/a-economia-circular-aplicada-a-agua-dos-recuperadores-de-agua-a-irrigacao-racional\\\/\",\"url\":\"https:\\\/\\\/blog.maciterneecolo.fr\\\/pt-pt\\\/a-economia-circular-aplicada-a-agua-dos-recuperadores-de-agua-a-irrigacao-racional\\\/\",\"name\":\"A economia circular aplicada \u00e0 \u00e1gua: dos recuperadores de \u00e1gua \u00e0 irriga\u00e7\u00e3o racional - Blog Ma Citerne Ecolo\",\"isPartOf\":{\"@id\":\"https:\\\/\\\/blog.maciterneecolo.fr\\\/pt-pt\\\/#website\"},\"primaryImageOfPage\":{\"@id\":\"https:\\\/\\\/blog.maciterneecolo.fr\\\/pt-pt\\\/a-economia-circular-aplicada-a-agua-dos-recuperadores-de-agua-a-irrigacao-racional\\\/#primaryimage\"},\"image\":{\"@id\":\"https:\\\/\\\/blog.maciterneecolo.fr\\\/pt-pt\\\/a-economia-circular-aplicada-a-agua-dos-recuperadores-de-agua-a-irrigacao-racional\\\/#primaryimage\"},\"thumbnailUrl\":\"https:\\\/\\\/blog.maciterneecolo.fr\\\/wp-content\\\/uploads\\\/2025\\\/05\\\/pexels-artempodrez-6990568-scaled.jpg\",\"datePublished\":\"2025-09-12T13:00:00+00:00\",\"description\":\"A economia circular da \u00e1gua optimiza a recupera\u00e7\u00e3o, reduz os custos e transforma a irriga\u00e7\u00e3o numa solu\u00e7\u00e3o sustent\u00e1vel e local.\",\"breadcrumb\":{\"@id\":\"https:\\\/\\\/blog.maciterneecolo.fr\\\/pt-pt\\\/a-economia-circular-aplicada-a-agua-dos-recuperadores-de-agua-a-irrigacao-racional\\\/#breadcrumb\"},\"inLanguage\":\"pt-PT\",\"potentialAction\":[{\"@type\":\"ReadAction\",\"target\":[\"https:\\\/\\\/blog.maciterneecolo.fr\\\/pt-pt\\\/a-economia-circular-aplicada-a-agua-dos-recuperadores-de-agua-a-irrigacao-racional\\\/\"]}]},{\"@type\":\"ImageObject\",\"inLanguage\":\"pt-PT\",\"@id\":\"https:\\\/\\\/blog.maciterneecolo.fr\\\/pt-pt\\\/a-economia-circular-aplicada-a-agua-dos-recuperadores-de-agua-a-irrigacao-racional\\\/#primaryimage\",\"url\":\"https:\\\/\\\/blog.maciterneecolo.fr\\\/wp-content\\\/uploads\\\/2025\\\/05\\\/pexels-artempodrez-6990568-scaled.jpg\",\"contentUrl\":\"https:\\\/\\\/blog.maciterneecolo.fr\\\/wp-content\\\/uploads\\\/2025\\\/05\\\/pexels-artempodrez-6990568-scaled.jpg\",\"width\":2560,\"height\":1440},{\"@type\":\"BreadcrumbList\",\"@id\":\"https:\\\/\\\/blog.maciterneecolo.fr\\\/pt-pt\\\/a-economia-circular-aplicada-a-agua-dos-recuperadores-de-agua-a-irrigacao-racional\\\/#breadcrumb\",\"itemListElement\":[{\"@type\":\"ListItem\",\"position\":1,\"name\":\"Accueil\",\"item\":\"https:\\\/\\\/blog.maciterneecolo.fr\\\/pt-pt\\\/\"},{\"@type\":\"ListItem\",\"position\":2,\"name\":\"A economia circular aplicada \u00e0 \u00e1gua: dos recuperadores de \u00e1gua \u00e0 irriga\u00e7\u00e3o racional\"}]},{\"@type\":\"WebSite\",\"@id\":\"https:\\\/\\\/blog.maciterneecolo.fr\\\/pt-pt\\\/#website\",\"url\":\"https:\\\/\\\/blog.maciterneecolo.fr\\\/pt-pt\\\/\",\"name\":\"Blog Ma Citerne Ecolo\",\"description\":\"Leader dans le domaine de la citerne souple d&#039;eau de pluie\",\"publisher\":{\"@id\":\"https:\\\/\\\/blog.maciterneecolo.fr\\\/pt-pt\\\/#organization\"},\"potentialAction\":[{\"@type\":\"SearchAction\",\"target\":{\"@type\":\"EntryPoint\",\"urlTemplate\":\"https:\\\/\\\/blog.maciterneecolo.fr\\\/pt-pt\\\/?s={search_term_string}\"},\"query-input\":{\"@type\":\"PropertyValueSpecification\",\"valueRequired\":true,\"valueName\":\"search_term_string\"}}],\"inLanguage\":\"pt-PT\"},{\"@type\":\"Organization\",\"@id\":\"https:\\\/\\\/blog.maciterneecolo.fr\\\/pt-pt\\\/#organization\",\"name\":\"Blog Ma Citerne Ecolo\",\"url\":\"https:\\\/\\\/blog.maciterneecolo.fr\\\/pt-pt\\\/\",\"logo\":{\"@type\":\"ImageObject\",\"inLanguage\":\"pt-PT\",\"@id\":\"https:\\\/\\\/blog.maciterneecolo.fr\\\/pt-pt\\\/#\\\/schema\\\/logo\\\/image\\\/\",\"url\":\"https:\\\/\\\/blog.maciterneecolo.fr\\\/wp-content\\\/uploads\\\/2022\\\/12\\\/cropped-favicon-blog.png\",\"contentUrl\":\"https:\\\/\\\/blog.maciterneecolo.fr\\\/wp-content\\\/uploads\\\/2022\\\/12\\\/cropped-favicon-blog.png\",\"width\":512,\"height\":512,\"caption\":\"Blog Ma Citerne Ecolo\"},\"image\":{\"@id\":\"https:\\\/\\\/blog.maciterneecolo.fr\\\/pt-pt\\\/#\\\/schema\\\/logo\\\/image\\\/\"}},{\"@type\":\"Person\",\"@id\":\"https:\\\/\\\/blog.maciterneecolo.fr\\\/pt-pt\\\/#\\\/schema\\\/person\\\/fe50d00b4e639107698e1ddead236943\",\"name\":\"B\u00e9n\u00e9dicte Rebolloso\",\"image\":{\"@type\":\"ImageObject\",\"inLanguage\":\"pt-PT\",\"@id\":\"https:\\\/\\\/secure.gravatar.com\\\/avatar\\\/ffa759db2a4d8ebb52a58b89d3dc2a9f0395a5122bb839045a145d6585de1126?s=96&d=mm&r=g\",\"url\":\"https:\\\/\\\/secure.gravatar.com\\\/avatar\\\/ffa759db2a4d8ebb52a58b89d3dc2a9f0395a5122bb839045a145d6585de1126?s=96&d=mm&r=g\",\"contentUrl\":\"https:\\\/\\\/secure.gravatar.com\\\/avatar\\\/ffa759db2a4d8ebb52a58b89d3dc2a9f0395a5122bb839045a145d6585de1126?s=96&d=mm&r=g\",\"caption\":\"B\u00e9n\u00e9dicte Rebolloso\"},\"url\":\"https:\\\/\\\/blog.maciterneecolo.fr\\\/pt-pt\\\/author\\\/benedicterebolloso\\\/\"}]}<\/script>\n<!-- \/ Yoast SEO plugin. -->","yoast_head_json":{"title":"A economia circular aplicada \u00e0 \u00e1gua: dos recuperadores de \u00e1gua \u00e0 irriga\u00e7\u00e3o racional - Blog Ma Citerne Ecolo","description":"A economia circular da \u00e1gua optimiza a recupera\u00e7\u00e3o, reduz os custos e transforma a irriga\u00e7\u00e3o numa solu\u00e7\u00e3o sustent\u00e1vel e local.","robots":{"index":"index","follow":"follow","max-snippet":"max-snippet:-1","max-image-preview":"max-image-preview:large","max-video-preview":"max-video-preview:-1"},"canonical":"https:\/\/blog.maciterneecolo.fr\/pt-pt\/a-economia-circular-aplicada-a-agua-dos-recuperadores-de-agua-a-irrigacao-racional\/","og_locale":"pt_PT","og_type":"article","og_title":"A economia circular aplicada \u00e0 \u00e1gua: dos recuperadores de \u00e1gua \u00e0 irriga\u00e7\u00e3o racional - Blog Ma Citerne Ecolo","og_description":"A economia circular da \u00e1gua optimiza a recupera\u00e7\u00e3o, reduz os custos e transforma a irriga\u00e7\u00e3o numa solu\u00e7\u00e3o sustent\u00e1vel e local.","og_url":"https:\/\/blog.maciterneecolo.fr\/pt-pt\/a-economia-circular-aplicada-a-agua-dos-recuperadores-de-agua-a-irrigacao-racional\/","og_site_name":"Blog Ma Citerne Ecolo","article_published_time":"2025-09-12T13:00:00+00:00","og_image":[{"width":2560,"height":1440,"url":"https:\/\/blog.maciterneecolo.fr\/wp-content\/uploads\/2025\/05\/pexels-artempodrez-6990568-scaled.jpg","type":"image\/jpeg"}],"author":"B\u00e9n\u00e9dicte Rebolloso","twitter_card":"summary_large_image","twitter_misc":{"Escrito por":"B\u00e9n\u00e9dicte Rebolloso","Tempo estimado de leitura":"6 minutos"},"schema":{"@context":"https:\/\/schema.org","@graph":[{"@type":"Article","@id":"https:\/\/blog.maciterneecolo.fr\/pt-pt\/a-economia-circular-aplicada-a-agua-dos-recuperadores-de-agua-a-irrigacao-racional\/#article","isPartOf":{"@id":"https:\/\/blog.maciterneecolo.fr\/pt-pt\/a-economia-circular-aplicada-a-agua-dos-recuperadores-de-agua-a-irrigacao-racional\/"},"author":{"name":"B\u00e9n\u00e9dicte Rebolloso","@id":"https:\/\/blog.maciterneecolo.fr\/pt-pt\/#\/schema\/person\/fe50d00b4e639107698e1ddead236943"},"headline":"A economia circular aplicada \u00e0 \u00e1gua: dos recuperadores de \u00e1gua \u00e0 irriga\u00e7\u00e3o racional","datePublished":"2025-09-12T13:00:00+00:00","mainEntityOfPage":{"@id":"https:\/\/blog.maciterneecolo.fr\/pt-pt\/a-economia-circular-aplicada-a-agua-dos-recuperadores-de-agua-a-irrigacao-racional\/"},"wordCount":1174,"commentCount":0,"publisher":{"@id":"https:\/\/blog.maciterneecolo.fr\/pt-pt\/#organization"},"image":{"@id":"https:\/\/blog.maciterneecolo.fr\/pt-pt\/a-economia-circular-aplicada-a-agua-dos-recuperadores-de-agua-a-irrigacao-racional\/#primaryimage"},"thumbnailUrl":"https:\/\/blog.maciterneecolo.fr\/wp-content\/uploads\/2025\/05\/pexels-artempodrez-6990568-scaled.jpg","articleSection":["Como funciona um tanque flex\u00edvel","Instala\u00e7\u00e3o de um tanque flex\u00edvel","Tudo sobre a \u00e1gua da chuva"],"inLanguage":"pt-PT","potentialAction":[{"@type":"CommentAction","name":"Comment","target":["https:\/\/blog.maciterneecolo.fr\/pt-pt\/a-economia-circular-aplicada-a-agua-dos-recuperadores-de-agua-a-irrigacao-racional\/#respond"]}]},{"@type":"WebPage","@id":"https:\/\/blog.maciterneecolo.fr\/pt-pt\/a-economia-circular-aplicada-a-agua-dos-recuperadores-de-agua-a-irrigacao-racional\/","url":"https:\/\/blog.maciterneecolo.fr\/pt-pt\/a-economia-circular-aplicada-a-agua-dos-recuperadores-de-agua-a-irrigacao-racional\/","name":"A economia circular aplicada \u00e0 \u00e1gua: dos recuperadores de \u00e1gua \u00e0 irriga\u00e7\u00e3o racional - Blog Ma Citerne Ecolo","isPartOf":{"@id":"https:\/\/blog.maciterneecolo.fr\/pt-pt\/#website"},"primaryImageOfPage":{"@id":"https:\/\/blog.maciterneecolo.fr\/pt-pt\/a-economia-circular-aplicada-a-agua-dos-recuperadores-de-agua-a-irrigacao-racional\/#primaryimage"},"image":{"@id":"https:\/\/blog.maciterneecolo.fr\/pt-pt\/a-economia-circular-aplicada-a-agua-dos-recuperadores-de-agua-a-irrigacao-racional\/#primaryimage"},"thumbnailUrl":"https:\/\/blog.maciterneecolo.fr\/wp-content\/uploads\/2025\/05\/pexels-artempodrez-6990568-scaled.jpg","datePublished":"2025-09-12T13:00:00+00:00","description":"A economia circular da \u00e1gua optimiza a recupera\u00e7\u00e3o, reduz os custos e transforma a irriga\u00e7\u00e3o numa solu\u00e7\u00e3o sustent\u00e1vel e local.","breadcrumb":{"@id":"https:\/\/blog.maciterneecolo.fr\/pt-pt\/a-economia-circular-aplicada-a-agua-dos-recuperadores-de-agua-a-irrigacao-racional\/#breadcrumb"},"inLanguage":"pt-PT","potentialAction":[{"@type":"ReadAction","target":["https:\/\/blog.maciterneecolo.fr\/pt-pt\/a-economia-circular-aplicada-a-agua-dos-recuperadores-de-agua-a-irrigacao-racional\/"]}]},{"@type":"ImageObject","inLanguage":"pt-PT","@id":"https:\/\/blog.maciterneecolo.fr\/pt-pt\/a-economia-circular-aplicada-a-agua-dos-recuperadores-de-agua-a-irrigacao-racional\/#primaryimage","url":"https:\/\/blog.maciterneecolo.fr\/wp-content\/uploads\/2025\/05\/pexels-artempodrez-6990568-scaled.jpg","contentUrl":"https:\/\/blog.maciterneecolo.fr\/wp-content\/uploads\/2025\/05\/pexels-artempodrez-6990568-scaled.jpg","width":2560,"height":1440},{"@type":"BreadcrumbList","@id":"https:\/\/blog.maciterneecolo.fr\/pt-pt\/a-economia-circular-aplicada-a-agua-dos-recuperadores-de-agua-a-irrigacao-racional\/#breadcrumb","itemListElement":[{"@type":"ListItem","position":1,"name":"Accueil","item":"https:\/\/blog.maciterneecolo.fr\/pt-pt\/"},{"@type":"ListItem","position":2,"name":"A economia circular aplicada \u00e0 \u00e1gua: dos recuperadores de \u00e1gua \u00e0 irriga\u00e7\u00e3o racional"}]},{"@type":"WebSite","@id":"https:\/\/blog.maciterneecolo.fr\/pt-pt\/#website","url":"https:\/\/blog.maciterneecolo.fr\/pt-pt\/","name":"Blog Ma Citerne Ecolo","description":"Leader dans le domaine de la citerne souple d&#039;eau de pluie","publisher":{"@id":"https:\/\/blog.maciterneecolo.fr\/pt-pt\/#organization"},"potentialAction":[{"@type":"SearchAction","target":{"@type":"EntryPoint","urlTemplate":"https:\/\/blog.maciterneecolo.fr\/pt-pt\/?s={search_term_string}"},"query-input":{"@type":"PropertyValueSpecification","valueRequired":true,"valueName":"search_term_string"}}],"inLanguage":"pt-PT"},{"@type":"Organization","@id":"https:\/\/blog.maciterneecolo.fr\/pt-pt\/#organization","name":"Blog Ma Citerne Ecolo","url":"https:\/\/blog.maciterneecolo.fr\/pt-pt\/","logo":{"@type":"ImageObject","inLanguage":"pt-PT","@id":"https:\/\/blog.maciterneecolo.fr\/pt-pt\/#\/schema\/logo\/image\/","url":"https:\/\/blog.maciterneecolo.fr\/wp-content\/uploads\/2022\/12\/cropped-favicon-blog.png","contentUrl":"https:\/\/blog.maciterneecolo.fr\/wp-content\/uploads\/2022\/12\/cropped-favicon-blog.png","width":512,"height":512,"caption":"Blog Ma Citerne Ecolo"},"image":{"@id":"https:\/\/blog.maciterneecolo.fr\/pt-pt\/#\/schema\/logo\/image\/"}},{"@type":"Person","@id":"https:\/\/blog.maciterneecolo.fr\/pt-pt\/#\/schema\/person\/fe50d00b4e639107698e1ddead236943","name":"B\u00e9n\u00e9dicte Rebolloso","image":{"@type":"ImageObject","inLanguage":"pt-PT","@id":"https:\/\/secure.gravatar.com\/avatar\/ffa759db2a4d8ebb52a58b89d3dc2a9f0395a5122bb839045a145d6585de1126?s=96&d=mm&r=g","url":"https:\/\/secure.gravatar.com\/avatar\/ffa759db2a4d8ebb52a58b89d3dc2a9f0395a5122bb839045a145d6585de1126?s=96&d=mm&r=g","contentUrl":"https:\/\/secure.gravatar.com\/avatar\/ffa759db2a4d8ebb52a58b89d3dc2a9f0395a5122bb839045a145d6585de1126?s=96&d=mm&r=g","caption":"B\u00e9n\u00e9dicte Rebolloso"},"url":"https:\/\/blog.maciterneecolo.fr\/pt-pt\/author\/benedicterebolloso\/"}]}},"_links":{"self":[{"href":"https:\/\/blog.maciterneecolo.fr\/pt-pt\/wp-json\/wp\/v2\/posts\/14599","targetHints":{"allow":["GET"]}}],"collection":[{"href":"https:\/\/blog.maciterneecolo.fr\/pt-pt\/wp-json\/wp\/v2\/posts"}],"about":[{"href":"https:\/\/blog.maciterneecolo.fr\/pt-pt\/wp-json\/wp\/v2\/types\/post"}],"author":[{"embeddable":true,"href":"https:\/\/blog.maciterneecolo.fr\/pt-pt\/wp-json\/wp\/v2\/users\/4"}],"replies":[{"embeddable":true,"href":"https:\/\/blog.maciterneecolo.fr\/pt-pt\/wp-json\/wp\/v2\/comments?post=14599"}],"version-history":[{"count":1,"href":"https:\/\/blog.maciterneecolo.fr\/pt-pt\/wp-json\/wp\/v2\/posts\/14599\/revisions"}],"predecessor-version":[{"id":14600,"href":"https:\/\/blog.maciterneecolo.fr\/pt-pt\/wp-json\/wp\/v2\/posts\/14599\/revisions\/14600"}],"wp:featuredmedia":[{"embeddable":true,"href":"https:\/\/blog.maciterneecolo.fr\/pt-pt\/wp-json\/wp\/v2\/media\/14584"}],"wp:attachment":[{"href":"https:\/\/blog.maciterneecolo.fr\/pt-pt\/wp-json\/wp\/v2\/media?parent=14599"}],"wp:term":[{"taxonomy":"category","embeddable":true,"href":"https:\/\/blog.maciterneecolo.fr\/pt-pt\/wp-json\/wp\/v2\/categories?post=14599"},{"taxonomy":"post_tag","embeddable":true,"href":"https:\/\/blog.maciterneecolo.fr\/pt-pt\/wp-json\/wp\/v2\/tags?post=14599"}],"curies":[{"name":"wp","href":"https:\/\/api.w.org\/{rel}","templated":true}]}}