{"id":1469,"date":"2022-12-14T08:35:07","date_gmt":"2022-12-14T08:35:07","guid":{"rendered":"https:\/\/blog.maciterneecolo.fr\/tempo-de-instalacao-de-um-tanque-flexivel\/"},"modified":"2023-01-10T14:21:40","modified_gmt":"2023-01-10T14:21:40","slug":"tempo-de-instalacao-de-um-tanque-flexivel","status":"publish","type":"post","link":"https:\/\/blog.maciterneecolo.fr\/pt-pt\/tempo-de-instalacao-de-um-tanque-flexivel\/","title":{"rendered":"Tempo de instala\u00e7\u00e3o de um tanque flex\u00edvel"},"content":{"rendered":"\n<p>Est\u00e1 \u00e0 procura de solu\u00e7\u00f5es para desperdi\u00e7ar menos \u00e1gua em casa? Todos os anos, cada pessoa de uma casa em Fran\u00e7a consome cerca de 45m\u00b3 de \u00e1gua. Trata-se de 45.000 litros de \u00e1gua pot\u00e1vel para uso higi\u00e9nico e n\u00e3o higi\u00e9nico. Com a instala\u00e7\u00e3o de um tanque de armazenamento de \u00e1gua da chuva, a sua factura de \u00e1gua pode ser significativamente reduzida. Este tipo de tanque \u00e9 um equipamento que \u00e9 colocado na superf\u00edcie do solo (tanque suspenso) ou enterrado a meio caminho do solo (tanque semi-enterrado). O tanque flex\u00edvel MaCiterne\u00c9colo.fr para \u00e1gua da chuva \u00e9 a solu\u00e7\u00e3o que lhe permite recolher \u00e1gua da chuva para limitar a \u00e1gua da torneira. Por outras palavras, \u00e9 um sistema econ\u00f3mico e ecol\u00f3gico de recolha de \u00e1guas pluviais. Depois, o tempo de instala\u00e7\u00e3o de um tanque de armazenamento de \u00e1gua da chuva, interior ou exterior, \u00e9 r\u00e1pido. Pode mesmo utiliz\u00e1-lo para o abastecimento de \u00e1gua de combate a inc\u00eandios!<\/p>\n\n<h2 class=\"wp-block-heading\" id=\"ybc_heading_h2_1\"><strong>Porqu\u00ea instalar um tanque de recolha e armazenamento de \u00e1gua da chuva?<\/strong><\/h2>\n\n<p>A maior parte da \u00e1gua da rede \u00e9 utilizada para a alimenta\u00e7\u00e3o (beber e cozinhar), bem como para a lavagem di\u00e1ria (escovar os dentes, tomar banho, etc.). Mas a \u00e1gua pot\u00e1vel \u00e9 tamb\u00e9m utilizada para regar o jardim, lavar a sanita, lavar a roupa e limpar a casa. A utiliza\u00e7\u00e3o de \u00e1gua consum\u00edvel para estas tarefas \u00e9 quase superficial. De facto, s\u00e3o os usos da \u00e1gua da torneira que podem ser substitu\u00eddos pela \u00e1gua da chuva. Al\u00e9m disso, \u00e9 muito simples, com a ajuda de um <a href=\"https:\/\/www.maciterneecolo.fr\/fr\/\">sistema de recolha da \u00e1gua da chuva<\/a>, criar a sua pr\u00f3pria reserva de \u00e1gua da chuva a baixo custo. \u00c9 necess\u00e1rio um tanque flex\u00edvel, uma caleira de telhado e um colector de filtros.<\/p>\n\n<p>O consumo da rede de \u00e1gua pot\u00e1vel s\u00f3 \u00e9 recomendado em certos casos. Quando se trata de beber, cozinhar ou de uso sanit\u00e1rio (duche, m\u00e1quina de lavar lou\u00e7a). Em alternativa, pode utilizar \u00e1gua da chuva. No entanto, para poder utilizar esta \u00e1gua da chuva, \u00e9 necess\u00e1rio poder recuper\u00e1-la. Depois, para os poder conter num tanque flex\u00edvel de \u00e1gua da chuva. \u00c9 portanto necess\u00e1rio equipar-se com o equipamento adequado para a recupera\u00e7\u00e3o e armazenamento desta \u00e1gua da chuva. O primeiro passo \u00e9 instalar um colector de filtros na caleira do telhado. Ent\u00e3o, como mencionado acima, tamb\u00e9m precisa de um tanque para armazenar a sua \u00e1gua.<\/p>\n\n<h2 class=\"wp-block-heading\" id=\"ybc_heading_h2_2\"><strong>Capacidade de armazenamento e utiliza\u00e7\u00e3o do tanque flex\u00edvel<\/strong><\/h2>\n\n<p>A cisterna flex\u00edvel \u00e9 um tanque auto-sustent\u00e1vel que serve para armazenar a \u00e1gua da chuva nas melhores condi\u00e7\u00f5es poss\u00edveis. Basta escolh\u00ea-lo de acordo com o seu volume, por outras palavras, de acordo com a sua capacidade de armazenamento. Assim que a recolha come\u00e7ar, poder\u00e1 utilizar a \u00e1gua da chuva para regar e para trabalhos no exterior e no interior. A instala\u00e7\u00e3o de uma cisterna flex\u00edvel \u00e9 sem d\u00favida um engenhoso sistema de recolha de \u00e1gua da chuva. Os nossos <a href=\"https:\/\/www.maciterneecolo.fr\/fr\/3-nos-citernes-souples-eau-de-pluie\">tanques<\/a> s\u00e3o adequados tanto para profissionais como para fam\u00edlias.<\/p>\n\n<p>No Ver\u00e3o e no Inverno, um colector de \u00e1gua oferece solu\u00e7\u00f5es interessantes. E o mais importante, a instala\u00e7\u00e3o de um tanque flex\u00edvel de baixo custo leva pouco tempo! Oferecemos cota\u00e7\u00f5es gratuitas para tanques flex\u00edveis que v\u00e3o de 1m\u00b3 a 100m\u00b3. Para al\u00e9m do seu pre\u00e7o competitivo, as vantagens de ter um tanque de \u00e1gua da chuva s\u00e3o numerosas.<\/p>\n\n<p>Os nossos tanques interiores e exteriores podem ser utilizados para muitos fins. Pode instalar um tanque flex\u00edvel de baixo custo para fornecer um grande volume de \u00e1gua de combate a inc\u00eandios ou para armazenar outros l\u00edquidos (fertilizantes, combust\u00edveis, biomassa, etc.). No nosso site pode mesmo obter equipamento adicional, como uma bomba el\u00e9ctrica. Outros acess\u00f3rios podem ser adicionados, tais como um sistema de filtra\u00e7\u00e3o ou um tanque de reten\u00e7\u00e3o a ser colocado entre o ch\u00e3o e o tanque.<\/p>\n\n<h2 class=\"wp-block-heading\" id=\"ybc_heading_h2_3\"><strong>Quanto tempo demora a instala\u00e7\u00e3o de um tanque flex\u00edvel?<\/strong><\/h2>\n\n<p>O tanque flex\u00edvel de \u00e1gua da chuva \u00e9 um produto com muitas vantagens. \u00c9 poss\u00edvel <a href=\"https:\/\/www.maciterneecolo.fr\/fr\/blog\/post\/installer-soi-meme-un-recuperateur-d-eau-de-pluie.html\">instalar voc\u00ea mesmo um sistema de recolha da \u00e1gua da chuva<\/a>. Ent\u00e3o, a raz\u00e3o pela qual muitas fam\u00edlias investem nos nossos produtos \u00e9 que o tempo de instala\u00e7\u00e3o de um tanque flex\u00edvel \u00e9 r\u00e1pido e f\u00e1cil. De facto, o tempo de instala\u00e7\u00e3o de um tanque flex\u00edvel adquirido na nossa loja \u00e9 inferior a 2 horas.<\/p>\n\n<p>No contexto de um projecto de armazenamento de \u00e1gua da chuva para a casa, a compra de um tanque flex\u00edvel MaCiterne\u00c9colo.fr para \u00e1gua da chuva \u00e9 fortemente recomendada para tirar partido de solu\u00e7\u00f5es econ\u00f3micas e ecol\u00f3gicas! Tudo o que tem de fazer \u00e9 visitar o nosso site e adquirir um dos tanques flex\u00edveis mais fi\u00e1veis e rent\u00e1veis do mercado actual. Com MaCiterne\u00c9colo.fr, tem a garantia de encomendar produtos de topo de gama com uma rela\u00e7\u00e3o qualidade\/pre\u00e7o incompar\u00e1vel.<\/p>\n\n<p>Quer seja para uso exterior (rega e lavagem) ou para uso interior (limpeza dom\u00e9stica), a instala\u00e7\u00e3o de uma cisterna flex\u00edvel \u00e9 a solu\u00e7\u00e3o ideal para muitas fam\u00edlias e profissionais em Fran\u00e7a. Instale o seu tanque com ou sem bomba directamente no espa\u00e7o de rastejamento em modo a\u00e9reo ou semi-enterrado no seu jardim. Os tanques flex\u00edveis s\u00e3o pr\u00e1ticos e econ\u00f3micos para todos!<\/p>\n\n<h2 class=\"wp-block-heading\" id=\"ybc_heading_h2_4\"><strong>Entrega do nosso produto e tempo de instala\u00e7\u00e3o de um tanque flex\u00edvel<\/strong><\/h2>\n\n<p>O colector de \u00e1gua flex\u00edvel \u00e9 muito pr\u00e1tico de utilizar! Em primeiro lugar, \u00e9 preciso decidir sobre o seu posicionamento e localiza\u00e7\u00e3o. Isto significa que pode ser instalado semi-enterrado (um tanque flex\u00edvel que \u00e9 meio coberto com terra ou areia debaixo de um terra\u00e7o) ou acima do solo (um tanque que \u00e9 colocado no ch\u00e3o). Depois desdobra-se e em menos de 2 horas tem o seu abastecimento de \u00e1gua.<\/p>\n\n<p>O tanque de armazenamento de \u00e1gua da chuva \u00e9 entregue rapidamente. Pode escolher que o seu tanque seja entregue directamente na sua casa ou escrit\u00f3rio! S\u00e3o propostos tanques flex\u00edveis que v\u00e3o de 1m\u00b3 a 100m\u00b3. N\u00e3o ficar\u00e1 desapontado com a qualidade desta reserva de tecido t\u00e9cnico. Os tanques flex\u00edveis s\u00e3o ideais para recolher, armazenar e reutilizar a sua \u00e1gua da chuva. \u00c9 uma solu\u00e7\u00e3o de baixo custo para a rega do seu jardim!<\/p>\n\n<p>Al\u00e9m da recolha da \u00e1gua da chuva, pode armazenar qualquer outro l\u00edquido. Para tanques flex\u00edveis com uma capacidade de armazenamento superior a 50m\u00b3, convidamo-lo a enviar-nos um pedido de or\u00e7amento. Por favor note que as nossas cota\u00e7\u00f5es para o nosso tanque flex\u00edvel s\u00e3o gratuitas! Al\u00e9m disso, podemos fornecer-lhe conselhos pessoais sobre os tanques independentes que oferecemos para venda.<\/p>\n","protected":false},"excerpt":{"rendered":"<p>Est\u00e1 \u00e0 procura de solu\u00e7\u00f5es para desperdi\u00e7ar menos \u00e1gua em casa? Todos os anos, cada pessoa de uma casa em Fran\u00e7a consome cerca de 45m\u00b3 de \u00e1gua. Trata-se de 45.000 litros de \u00e1gua pot\u00e1vel para uso higi\u00e9nico e n\u00e3o higi\u00e9nico. Com a instala\u00e7\u00e3o de um tanque de armazenamento de \u00e1gua da chuva, a sua factura [&hellip;]<\/p>\n","protected":false},"author":2,"featured_media":622,"comment_status":"closed","ping_status":"closed","sticky":false,"template":"","format":"standard","meta":{"inline_featured_image":false,"footnotes":""},"categories":[87],"tags":[265,264,66],"class_list":["post-1469","post","type-post","status-publish","format-standard","has-post-thumbnail","hentry","category-instalacao-de-um-tanque-flexivel","tag-hora","tag-instalacao","tag-tanque-flexivel"],"yoast_head":"<!-- This site is optimized with the Yoast SEO plugin v27.4 - https:\/\/yoast.com\/product\/yoast-seo-wordpress\/ -->\n<title>Tempo de instala\u00e7\u00e3o de um tanque flex\u00edvel - Blog Ma Citerne Ecolo<\/title>\n<meta name=\"description\" content=\"Est\u00e1 \u00e0 procura de solu\u00e7\u00f5es para desperdi\u00e7ar menos \u00e1gua em casa? Optar pelo tanque flex\u00edvel de recolha da \u00e1gua da chuva!\" \/>\n<meta name=\"robots\" content=\"index, follow, max-snippet:-1, max-image-preview:large, max-video-preview:-1\" \/>\n<link rel=\"canonical\" href=\"https:\/\/blog.maciterneecolo.fr\/pt-pt\/tempo-de-instalacao-de-um-tanque-flexivel\/\" \/>\n<meta property=\"og:locale\" content=\"pt_PT\" \/>\n<meta property=\"og:type\" content=\"article\" \/>\n<meta property=\"og:title\" content=\"Tempo de instala\u00e7\u00e3o de um tanque flex\u00edvel - Blog Ma Citerne Ecolo\" \/>\n<meta property=\"og:description\" content=\"Est\u00e1 \u00e0 procura de solu\u00e7\u00f5es para desperdi\u00e7ar menos \u00e1gua em casa? Optar pelo tanque flex\u00edvel de recolha da \u00e1gua da chuva!\" \/>\n<meta property=\"og:url\" content=\"https:\/\/blog.maciterneecolo.fr\/pt-pt\/tempo-de-instalacao-de-um-tanque-flexivel\/\" \/>\n<meta property=\"og:site_name\" content=\"Blog Ma Citerne Ecolo\" \/>\n<meta property=\"article:published_time\" content=\"2022-12-14T08:35:07+00:00\" \/>\n<meta property=\"article:modified_time\" content=\"2023-01-10T14:21:40+00:00\" \/>\n<meta property=\"og:image\" content=\"https:\/\/blog.maciterneecolo.fr\/wp-content\/uploads\/2022\/12\/citerne-souple-5.jpeg\" \/>\n\t<meta property=\"og:image:width\" content=\"800\" \/>\n\t<meta property=\"og:image:height\" content=\"800\" \/>\n\t<meta property=\"og:image:type\" content=\"image\/jpeg\" \/>\n<meta name=\"author\" content=\"Lucile\" \/>\n<meta name=\"twitter:card\" content=\"summary_large_image\" \/>\n<meta name=\"twitter:label1\" content=\"Escrito por\" \/>\n\t<meta name=\"twitter:data1\" content=\"Lucile\" \/>\n\t<meta name=\"twitter:label2\" content=\"Tempo estimado de leitura\" \/>\n\t<meta name=\"twitter:data2\" content=\"6 minutos\" \/>\n<script type=\"application\/ld+json\" class=\"yoast-schema-graph\">{\"@context\":\"https:\\\/\\\/schema.org\",\"@graph\":[{\"@type\":\"Article\",\"@id\":\"https:\\\/\\\/blog.maciterneecolo.fr\\\/pt-pt\\\/tempo-de-instalacao-de-um-tanque-flexivel\\\/#article\",\"isPartOf\":{\"@id\":\"https:\\\/\\\/blog.maciterneecolo.fr\\\/pt-pt\\\/tempo-de-instalacao-de-um-tanque-flexivel\\\/\"},\"author\":{\"name\":\"Lucile\",\"@id\":\"https:\\\/\\\/blog.maciterneecolo.fr\\\/pt-pt\\\/#\\\/schema\\\/person\\\/cfb93b191140c86292f0707edfd4b6fe\"},\"headline\":\"Tempo de instala\u00e7\u00e3o de um tanque flex\u00edvel\",\"datePublished\":\"2022-12-14T08:35:07+00:00\",\"dateModified\":\"2023-01-10T14:21:40+00:00\",\"mainEntityOfPage\":{\"@id\":\"https:\\\/\\\/blog.maciterneecolo.fr\\\/pt-pt\\\/tempo-de-instalacao-de-um-tanque-flexivel\\\/\"},\"wordCount\":1164,\"publisher\":{\"@id\":\"https:\\\/\\\/blog.maciterneecolo.fr\\\/pt-pt\\\/#organization\"},\"image\":{\"@id\":\"https:\\\/\\\/blog.maciterneecolo.fr\\\/pt-pt\\\/tempo-de-instalacao-de-um-tanque-flexivel\\\/#primaryimage\"},\"thumbnailUrl\":\"https:\\\/\\\/blog.maciterneecolo.fr\\\/wp-content\\\/uploads\\\/2022\\\/12\\\/citerne-souple-5.jpeg\",\"keywords\":[\"hora\",\"instala\u00e7\u00e3o\",\"tanque flex\u00edvel\"],\"articleSection\":[\"Instala\u00e7\u00e3o de um tanque flex\u00edvel\"],\"inLanguage\":\"pt-PT\"},{\"@type\":\"WebPage\",\"@id\":\"https:\\\/\\\/blog.maciterneecolo.fr\\\/pt-pt\\\/tempo-de-instalacao-de-um-tanque-flexivel\\\/\",\"url\":\"https:\\\/\\\/blog.maciterneecolo.fr\\\/pt-pt\\\/tempo-de-instalacao-de-um-tanque-flexivel\\\/\",\"name\":\"Tempo de instala\u00e7\u00e3o de um tanque flex\u00edvel - Blog Ma Citerne Ecolo\",\"isPartOf\":{\"@id\":\"https:\\\/\\\/blog.maciterneecolo.fr\\\/pt-pt\\\/#website\"},\"primaryImageOfPage\":{\"@id\":\"https:\\\/\\\/blog.maciterneecolo.fr\\\/pt-pt\\\/tempo-de-instalacao-de-um-tanque-flexivel\\\/#primaryimage\"},\"image\":{\"@id\":\"https:\\\/\\\/blog.maciterneecolo.fr\\\/pt-pt\\\/tempo-de-instalacao-de-um-tanque-flexivel\\\/#primaryimage\"},\"thumbnailUrl\":\"https:\\\/\\\/blog.maciterneecolo.fr\\\/wp-content\\\/uploads\\\/2022\\\/12\\\/citerne-souple-5.jpeg\",\"datePublished\":\"2022-12-14T08:35:07+00:00\",\"dateModified\":\"2023-01-10T14:21:40+00:00\",\"description\":\"Est\u00e1 \u00e0 procura de solu\u00e7\u00f5es para desperdi\u00e7ar menos \u00e1gua em casa? Optar pelo tanque flex\u00edvel de recolha da \u00e1gua da chuva!\",\"breadcrumb\":{\"@id\":\"https:\\\/\\\/blog.maciterneecolo.fr\\\/pt-pt\\\/tempo-de-instalacao-de-um-tanque-flexivel\\\/#breadcrumb\"},\"inLanguage\":\"pt-PT\",\"potentialAction\":[{\"@type\":\"ReadAction\",\"target\":[\"https:\\\/\\\/blog.maciterneecolo.fr\\\/pt-pt\\\/tempo-de-instalacao-de-um-tanque-flexivel\\\/\"]}]},{\"@type\":\"ImageObject\",\"inLanguage\":\"pt-PT\",\"@id\":\"https:\\\/\\\/blog.maciterneecolo.fr\\\/pt-pt\\\/tempo-de-instalacao-de-um-tanque-flexivel\\\/#primaryimage\",\"url\":\"https:\\\/\\\/blog.maciterneecolo.fr\\\/wp-content\\\/uploads\\\/2022\\\/12\\\/citerne-souple-5.jpeg\",\"contentUrl\":\"https:\\\/\\\/blog.maciterneecolo.fr\\\/wp-content\\\/uploads\\\/2022\\\/12\\\/citerne-souple-5.jpeg\",\"width\":800,\"height\":800},{\"@type\":\"BreadcrumbList\",\"@id\":\"https:\\\/\\\/blog.maciterneecolo.fr\\\/pt-pt\\\/tempo-de-instalacao-de-um-tanque-flexivel\\\/#breadcrumb\",\"itemListElement\":[{\"@type\":\"ListItem\",\"position\":1,\"name\":\"Accueil\",\"item\":\"https:\\\/\\\/blog.maciterneecolo.fr\\\/pt-pt\\\/\"},{\"@type\":\"ListItem\",\"position\":2,\"name\":\"Tempo de instala\u00e7\u00e3o de um tanque flex\u00edvel\"}]},{\"@type\":\"WebSite\",\"@id\":\"https:\\\/\\\/blog.maciterneecolo.fr\\\/pt-pt\\\/#website\",\"url\":\"https:\\\/\\\/blog.maciterneecolo.fr\\\/pt-pt\\\/\",\"name\":\"Blog Ma Citerne Ecolo\",\"description\":\"Leader dans le domaine de la citerne souple d&#039;eau de pluie\",\"publisher\":{\"@id\":\"https:\\\/\\\/blog.maciterneecolo.fr\\\/pt-pt\\\/#organization\"},\"potentialAction\":[{\"@type\":\"SearchAction\",\"target\":{\"@type\":\"EntryPoint\",\"urlTemplate\":\"https:\\\/\\\/blog.maciterneecolo.fr\\\/pt-pt\\\/?s={search_term_string}\"},\"query-input\":{\"@type\":\"PropertyValueSpecification\",\"valueRequired\":true,\"valueName\":\"search_term_string\"}}],\"inLanguage\":\"pt-PT\"},{\"@type\":\"Organization\",\"@id\":\"https:\\\/\\\/blog.maciterneecolo.fr\\\/pt-pt\\\/#organization\",\"name\":\"Blog Ma Citerne Ecolo\",\"url\":\"https:\\\/\\\/blog.maciterneecolo.fr\\\/pt-pt\\\/\",\"logo\":{\"@type\":\"ImageObject\",\"inLanguage\":\"pt-PT\",\"@id\":\"https:\\\/\\\/blog.maciterneecolo.fr\\\/pt-pt\\\/#\\\/schema\\\/logo\\\/image\\\/\",\"url\":\"https:\\\/\\\/blog.maciterneecolo.fr\\\/wp-content\\\/uploads\\\/2022\\\/12\\\/cropped-favicon-blog.png\",\"contentUrl\":\"https:\\\/\\\/blog.maciterneecolo.fr\\\/wp-content\\\/uploads\\\/2022\\\/12\\\/cropped-favicon-blog.png\",\"width\":512,\"height\":512,\"caption\":\"Blog Ma Citerne Ecolo\"},\"image\":{\"@id\":\"https:\\\/\\\/blog.maciterneecolo.fr\\\/pt-pt\\\/#\\\/schema\\\/logo\\\/image\\\/\"}},{\"@type\":\"Person\",\"@id\":\"https:\\\/\\\/blog.maciterneecolo.fr\\\/pt-pt\\\/#\\\/schema\\\/person\\\/cfb93b191140c86292f0707edfd4b6fe\",\"name\":\"Lucile\",\"image\":{\"@type\":\"ImageObject\",\"inLanguage\":\"pt-PT\",\"@id\":\"https:\\\/\\\/secure.gravatar.com\\\/avatar\\\/3c571ab7761bcc142db76a63f33a2a5ebee8b76990a871c9329e3e6df7ae9f3c?s=96&d=mm&r=g\",\"url\":\"https:\\\/\\\/secure.gravatar.com\\\/avatar\\\/3c571ab7761bcc142db76a63f33a2a5ebee8b76990a871c9329e3e6df7ae9f3c?s=96&d=mm&r=g\",\"contentUrl\":\"https:\\\/\\\/secure.gravatar.com\\\/avatar\\\/3c571ab7761bcc142db76a63f33a2a5ebee8b76990a871c9329e3e6df7ae9f3c?s=96&d=mm&r=g\",\"caption\":\"Lucile\"},\"url\":\"https:\\\/\\\/blog.maciterneecolo.fr\\\/pt-pt\\\/author\\\/lucilewerkeyn\\\/\"}]}<\/script>\n<!-- \/ Yoast SEO plugin. -->","yoast_head_json":{"title":"Tempo de instala\u00e7\u00e3o de um tanque flex\u00edvel - Blog Ma Citerne Ecolo","description":"Est\u00e1 \u00e0 procura de solu\u00e7\u00f5es para desperdi\u00e7ar menos \u00e1gua em casa? Optar pelo tanque flex\u00edvel de recolha da \u00e1gua da chuva!","robots":{"index":"index","follow":"follow","max-snippet":"max-snippet:-1","max-image-preview":"max-image-preview:large","max-video-preview":"max-video-preview:-1"},"canonical":"https:\/\/blog.maciterneecolo.fr\/pt-pt\/tempo-de-instalacao-de-um-tanque-flexivel\/","og_locale":"pt_PT","og_type":"article","og_title":"Tempo de instala\u00e7\u00e3o de um tanque flex\u00edvel - Blog Ma Citerne Ecolo","og_description":"Est\u00e1 \u00e0 procura de solu\u00e7\u00f5es para desperdi\u00e7ar menos \u00e1gua em casa? Optar pelo tanque flex\u00edvel de recolha da \u00e1gua da chuva!","og_url":"https:\/\/blog.maciterneecolo.fr\/pt-pt\/tempo-de-instalacao-de-um-tanque-flexivel\/","og_site_name":"Blog Ma Citerne Ecolo","article_published_time":"2022-12-14T08:35:07+00:00","article_modified_time":"2023-01-10T14:21:40+00:00","og_image":[{"width":800,"height":800,"url":"https:\/\/blog.maciterneecolo.fr\/wp-content\/uploads\/2022\/12\/citerne-souple-5.jpeg","type":"image\/jpeg"}],"author":"Lucile","twitter_card":"summary_large_image","twitter_misc":{"Escrito por":"Lucile","Tempo estimado de leitura":"6 minutos"},"schema":{"@context":"https:\/\/schema.org","@graph":[{"@type":"Article","@id":"https:\/\/blog.maciterneecolo.fr\/pt-pt\/tempo-de-instalacao-de-um-tanque-flexivel\/#article","isPartOf":{"@id":"https:\/\/blog.maciterneecolo.fr\/pt-pt\/tempo-de-instalacao-de-um-tanque-flexivel\/"},"author":{"name":"Lucile","@id":"https:\/\/blog.maciterneecolo.fr\/pt-pt\/#\/schema\/person\/cfb93b191140c86292f0707edfd4b6fe"},"headline":"Tempo de instala\u00e7\u00e3o de um tanque flex\u00edvel","datePublished":"2022-12-14T08:35:07+00:00","dateModified":"2023-01-10T14:21:40+00:00","mainEntityOfPage":{"@id":"https:\/\/blog.maciterneecolo.fr\/pt-pt\/tempo-de-instalacao-de-um-tanque-flexivel\/"},"wordCount":1164,"publisher":{"@id":"https:\/\/blog.maciterneecolo.fr\/pt-pt\/#organization"},"image":{"@id":"https:\/\/blog.maciterneecolo.fr\/pt-pt\/tempo-de-instalacao-de-um-tanque-flexivel\/#primaryimage"},"thumbnailUrl":"https:\/\/blog.maciterneecolo.fr\/wp-content\/uploads\/2022\/12\/citerne-souple-5.jpeg","keywords":["hora","instala\u00e7\u00e3o","tanque flex\u00edvel"],"articleSection":["Instala\u00e7\u00e3o de um tanque flex\u00edvel"],"inLanguage":"pt-PT"},{"@type":"WebPage","@id":"https:\/\/blog.maciterneecolo.fr\/pt-pt\/tempo-de-instalacao-de-um-tanque-flexivel\/","url":"https:\/\/blog.maciterneecolo.fr\/pt-pt\/tempo-de-instalacao-de-um-tanque-flexivel\/","name":"Tempo de instala\u00e7\u00e3o de um tanque flex\u00edvel - Blog Ma Citerne Ecolo","isPartOf":{"@id":"https:\/\/blog.maciterneecolo.fr\/pt-pt\/#website"},"primaryImageOfPage":{"@id":"https:\/\/blog.maciterneecolo.fr\/pt-pt\/tempo-de-instalacao-de-um-tanque-flexivel\/#primaryimage"},"image":{"@id":"https:\/\/blog.maciterneecolo.fr\/pt-pt\/tempo-de-instalacao-de-um-tanque-flexivel\/#primaryimage"},"thumbnailUrl":"https:\/\/blog.maciterneecolo.fr\/wp-content\/uploads\/2022\/12\/citerne-souple-5.jpeg","datePublished":"2022-12-14T08:35:07+00:00","dateModified":"2023-01-10T14:21:40+00:00","description":"Est\u00e1 \u00e0 procura de solu\u00e7\u00f5es para desperdi\u00e7ar menos \u00e1gua em casa? Optar pelo tanque flex\u00edvel de recolha da \u00e1gua da chuva!","breadcrumb":{"@id":"https:\/\/blog.maciterneecolo.fr\/pt-pt\/tempo-de-instalacao-de-um-tanque-flexivel\/#breadcrumb"},"inLanguage":"pt-PT","potentialAction":[{"@type":"ReadAction","target":["https:\/\/blog.maciterneecolo.fr\/pt-pt\/tempo-de-instalacao-de-um-tanque-flexivel\/"]}]},{"@type":"ImageObject","inLanguage":"pt-PT","@id":"https:\/\/blog.maciterneecolo.fr\/pt-pt\/tempo-de-instalacao-de-um-tanque-flexivel\/#primaryimage","url":"https:\/\/blog.maciterneecolo.fr\/wp-content\/uploads\/2022\/12\/citerne-souple-5.jpeg","contentUrl":"https:\/\/blog.maciterneecolo.fr\/wp-content\/uploads\/2022\/12\/citerne-souple-5.jpeg","width":800,"height":800},{"@type":"BreadcrumbList","@id":"https:\/\/blog.maciterneecolo.fr\/pt-pt\/tempo-de-instalacao-de-um-tanque-flexivel\/#breadcrumb","itemListElement":[{"@type":"ListItem","position":1,"name":"Accueil","item":"https:\/\/blog.maciterneecolo.fr\/pt-pt\/"},{"@type":"ListItem","position":2,"name":"Tempo de instala\u00e7\u00e3o de um tanque flex\u00edvel"}]},{"@type":"WebSite","@id":"https:\/\/blog.maciterneecolo.fr\/pt-pt\/#website","url":"https:\/\/blog.maciterneecolo.fr\/pt-pt\/","name":"Blog Ma Citerne Ecolo","description":"Leader dans le domaine de la citerne souple d&#039;eau de pluie","publisher":{"@id":"https:\/\/blog.maciterneecolo.fr\/pt-pt\/#organization"},"potentialAction":[{"@type":"SearchAction","target":{"@type":"EntryPoint","urlTemplate":"https:\/\/blog.maciterneecolo.fr\/pt-pt\/?s={search_term_string}"},"query-input":{"@type":"PropertyValueSpecification","valueRequired":true,"valueName":"search_term_string"}}],"inLanguage":"pt-PT"},{"@type":"Organization","@id":"https:\/\/blog.maciterneecolo.fr\/pt-pt\/#organization","name":"Blog Ma Citerne Ecolo","url":"https:\/\/blog.maciterneecolo.fr\/pt-pt\/","logo":{"@type":"ImageObject","inLanguage":"pt-PT","@id":"https:\/\/blog.maciterneecolo.fr\/pt-pt\/#\/schema\/logo\/image\/","url":"https:\/\/blog.maciterneecolo.fr\/wp-content\/uploads\/2022\/12\/cropped-favicon-blog.png","contentUrl":"https:\/\/blog.maciterneecolo.fr\/wp-content\/uploads\/2022\/12\/cropped-favicon-blog.png","width":512,"height":512,"caption":"Blog Ma Citerne Ecolo"},"image":{"@id":"https:\/\/blog.maciterneecolo.fr\/pt-pt\/#\/schema\/logo\/image\/"}},{"@type":"Person","@id":"https:\/\/blog.maciterneecolo.fr\/pt-pt\/#\/schema\/person\/cfb93b191140c86292f0707edfd4b6fe","name":"Lucile","image":{"@type":"ImageObject","inLanguage":"pt-PT","@id":"https:\/\/secure.gravatar.com\/avatar\/3c571ab7761bcc142db76a63f33a2a5ebee8b76990a871c9329e3e6df7ae9f3c?s=96&d=mm&r=g","url":"https:\/\/secure.gravatar.com\/avatar\/3c571ab7761bcc142db76a63f33a2a5ebee8b76990a871c9329e3e6df7ae9f3c?s=96&d=mm&r=g","contentUrl":"https:\/\/secure.gravatar.com\/avatar\/3c571ab7761bcc142db76a63f33a2a5ebee8b76990a871c9329e3e6df7ae9f3c?s=96&d=mm&r=g","caption":"Lucile"},"url":"https:\/\/blog.maciterneecolo.fr\/pt-pt\/author\/lucilewerkeyn\/"}]}},"_links":{"self":[{"href":"https:\/\/blog.maciterneecolo.fr\/pt-pt\/wp-json\/wp\/v2\/posts\/1469","targetHints":{"allow":["GET"]}}],"collection":[{"href":"https:\/\/blog.maciterneecolo.fr\/pt-pt\/wp-json\/wp\/v2\/posts"}],"about":[{"href":"https:\/\/blog.maciterneecolo.fr\/pt-pt\/wp-json\/wp\/v2\/types\/post"}],"author":[{"embeddable":true,"href":"https:\/\/blog.maciterneecolo.fr\/pt-pt\/wp-json\/wp\/v2\/users\/2"}],"replies":[{"embeddable":true,"href":"https:\/\/blog.maciterneecolo.fr\/pt-pt\/wp-json\/wp\/v2\/comments?post=1469"}],"version-history":[{"count":1,"href":"https:\/\/blog.maciterneecolo.fr\/pt-pt\/wp-json\/wp\/v2\/posts\/1469\/revisions"}],"predecessor-version":[{"id":1472,"href":"https:\/\/blog.maciterneecolo.fr\/pt-pt\/wp-json\/wp\/v2\/posts\/1469\/revisions\/1472"}],"wp:featuredmedia":[{"embeddable":true,"href":"https:\/\/blog.maciterneecolo.fr\/pt-pt\/wp-json\/wp\/v2\/media\/622"}],"wp:attachment":[{"href":"https:\/\/blog.maciterneecolo.fr\/pt-pt\/wp-json\/wp\/v2\/media?parent=1469"}],"wp:term":[{"taxonomy":"category","embeddable":true,"href":"https:\/\/blog.maciterneecolo.fr\/pt-pt\/wp-json\/wp\/v2\/categories?post=1469"},{"taxonomy":"post_tag","embeddable":true,"href":"https:\/\/blog.maciterneecolo.fr\/pt-pt\/wp-json\/wp\/v2\/tags?post=1469"}],"curies":[{"name":"wp","href":"https:\/\/api.w.org\/{rel}","templated":true}]}}