{"id":14809,"date":"2025-10-18T13:53:57","date_gmt":"2025-10-18T13:53:57","guid":{"rendered":"https:\/\/blog.maciterneecolo.fr\/?p=14809"},"modified":"2025-09-05T14:12:50","modified_gmt":"2025-09-05T14:12:50","slug":"evaporacao-e-armazenamento-de-agua-como-limitar-as-perdas-em-tanques-flexiveis-e-cisternas","status":"publish","type":"post","link":"https:\/\/blog.maciterneecolo.fr\/pt-pt\/evaporacao-e-armazenamento-de-agua-como-limitar-as-perdas-em-tanques-flexiveis-e-cisternas\/","title":{"rendered":"Evapora\u00e7\u00e3o e armazenamento de \u00e1gua: como limitar as perdas em tanques flex\u00edveis e cisternas?"},"content":{"rendered":"\n<h2 class=\"wp-block-heading\">Introdu\u00e7\u00e3o<\/h2>\n\n<p><strong>A \u00e1gua<\/strong> \u00e9 um recurso vital, mas tamb\u00e9m um recurso fr\u00e1gil. Em <strong>Fran\u00e7a<\/strong>, as secas estivais e o aumento das temperaturas associadas \u00e0s <strong>altera\u00e7\u00f5es clim\u00e1ticas<\/strong> agravam as dificuldades de abastecimento. Os particulares e os profissionais investem cada vez mais em <strong>tanques<\/strong> <strong>flex\u00edveis<\/strong> e <strong>cisternas<\/strong> para a <strong>recolha de \u00e1gua da chuva<\/strong>. Mas um fen\u00f3meno frequentemente ignorado reduz a efic\u00e1cia destes sistemas:<strong>a evapora\u00e7\u00e3o<\/strong>. Invis\u00edvel a olho nu, pode representar uma perda significativa de v\u00e1rias centenas <strong>de litros<\/strong> durante um \u00fanico <strong>per\u00edodo<\/strong> de ver\u00e3o.    <\/p>\n\n<p>Felizmente, existem <strong>solu\u00e7\u00f5es t\u00e9cnicas<\/strong> e <strong>boas pr\u00e1ticas<\/strong> para limitar estas perdas e otimizar <strong>o armazenamento de \u00e1gua<\/strong>. Este artigo explica porque \u00e9 que a evapora\u00e7\u00e3o \u00e9 um problema importante e como pode ser resolvido com <strong>cisternas flex\u00edveis<\/strong>, op\u00e7\u00f5es<strong>de instala\u00e7\u00e3o<\/strong> e <strong>gest\u00e3o<\/strong> inteligente, para que cada <strong>gota<\/strong> preciosa possa ser utilizada em <strong>casa<\/strong> ou no <strong>jardim de<\/strong> uma forma <strong>sustent\u00e1vel<\/strong>. <\/p>\n\n<h2 class=\"wp-block-heading\"><mark style=\"background-color:rgba(0, 0, 0, 0)\" class=\"has-inline-color has-vivid-cyan-blue-color\">Porque \u00e9 que a evapora\u00e7\u00e3o \u00e9 um problema importante para o armazenamento de \u00e1gua?<\/mark><\/h2>\n\n<h3 class=\"wp-block-heading\">O impacto das altera\u00e7\u00f5es clim\u00e1ticas e das vagas de calor<\/h3>\n\n<p><a href=\"https:\/\/blog.maciterneecolo.fr\/pt-pt\/o-impacto-da-seca-na-nossa-vida-quotidiana-o-que-precisas-de-saber\/\">As ondas de calor est\u00e3o a aumentar em Fran\u00e7a e, com elas, o risco de perda de \u00e1gua<\/a>. A evapora\u00e7\u00e3o \u00e9 amplificada pelo aumento das temperaturas e pela diminui\u00e7\u00e3o da humidade. Em certas zonas agr\u00edcolas, estima-se que 15 a 20% das reservas superficiais se perdem por evapora\u00e7\u00e3o todos os anos. Este fen\u00f3meno tem um impacto direto na gest\u00e3o dos recursos h\u00eddricos e na seguran\u00e7a h\u00eddrica dos agregados familiares e das explora\u00e7\u00f5es agr\u00edcolas. Para os particulares, isto significa menos \u00e1gua dispon\u00edvel para regar as suas plantas e, por conseguinte, uma maior depend\u00eancia das redes p\u00fablicas de \u00e1gua.    <\/p>\n\n<h3 class=\"wp-block-heading\">Perdas invis\u00edveis mas significativas em litros por ano<\/h3>\n\n<p>Um tanque ou uma lagoa abertos podem perder v\u00e1rias centenas de litros por m\u00eas durante o ver\u00e3o. Embora isto possa parecer insignificante no dia a dia, acumulado ao longo de uma esta\u00e7\u00e3o, este volume representa um consumo dom\u00e9stico completo ou v\u00e1rios dias de irriga\u00e7\u00e3o para culturas agr\u00edcolas. A evapora\u00e7\u00e3o \u00e9, portanto, um desperd\u00edcio silencioso que reduz a efici\u00eancia dos sistemas de armazenamento. Ao limitar estas perdas, os utilizadores podem realizar verdadeiras economias de \u00e1gua, optimizando a utiliza\u00e7\u00e3o dos seus sistemas de recupera\u00e7\u00e3o de \u00e1gua e das torneiras exteriores.   <\/p>\n\n<h3 class=\"wp-block-heading\">Efeitos sobre a disponibilidade de \u00e1gua para rega e irriga\u00e7\u00e3o<\/h3>\n\n<p>As perdas por evapora\u00e7\u00e3o afectam diretamente as utiliza\u00e7\u00f5es essenciais: a rega do jardim, a irriga\u00e7\u00e3o agr\u00edcola, a lavagem ou a produ\u00e7\u00e3o de \u00e1gua pot\u00e1vel por certos sistemas. Menos \u00e1gua armazenada significa menos margem de manobra em per\u00edodos de seca e maior depend\u00eancia de recursos externos (rede p\u00fablica, bombagem de \u00e1guas subterr\u00e2neas ou de rios). Para um indiv\u00edduo, isto significa menos \u00e1gua para regar as plantas, utilizar a torneira do jardim ou utilizar a rega gota a gota numa pequena horta.  <\/p>\n\n<h2 class=\"wp-block-heading\"><mark style=\"background-color:rgba(0, 0, 0, 0)\" class=\"has-inline-color has-vivid-cyan-blue-color\">Solu\u00e7\u00f5es t\u00e9cnicas para limitar a evapora\u00e7\u00e3o<\/mark><\/h2>\n\n<h3 class=\"wp-block-heading\">As vantagens das cubas fechadas e das cubas flex\u00edveis<\/h3>\n\n<p>Ao contr\u00e1rio dos tanques abertos, os tanques flex\u00edveis s\u00e3o concebidos para limitar a evapora\u00e7\u00e3o. Totalmente fechados, evitam que a \u00e1gua entre em contacto direto com o ar e o calor do exterior. A sua capacidade pode variar de algumas centenas a v\u00e1rias dezenas de milhares de litros, o que os torna uma solu\u00e7\u00e3o ideal tanto para uso privado como para uso agr\u00edcola. Estes modelos podem ser instalados acima ou abaixo do solo, consoante a configura\u00e7\u00e3o da casa, garantindo uma melhor integra\u00e7\u00e3o e uma utiliza\u00e7\u00e3o mais sustent\u00e1vel.   <\/p>\n\n<h3 class=\"wp-block-heading\">A import\u00e2ncia dos materiais<\/h3>\n\n<p>O desempenho de um<a href=\"https:\/\/www.maciterneecolo.fr\/fr\/3-citernes-souples\"> reservat\u00f3rio flex\u00edvel <\/a>depende tamb\u00e9m dos materiais utilizados. As coberturas em PVC refor\u00e7ado, com tratamento anti-UV, reduzem os danos causados pelo sol e preservam a qualidade da \u00e1gua armazenada. Al\u00e9m disso, a sua resist\u00eancia mec\u00e2nica protege contra fugas, mesmo em caso de alta press\u00e3o ou de varia\u00e7\u00f5es na quantidade de \u00e1gua. Os fabricantes tamb\u00e9m est\u00e3o a desenvolver solu\u00e7\u00f5es sustent\u00e1veis que optimizam a utiliza\u00e7\u00e3o do coletor de \u00e1gua e garantem que cada gota \u00e9 conservada para regar as plantas do jardim.   <\/p>\n\n<h3 class=\"wp-block-heading\">Sistemas complementares: telhados, colectores, filtros e bombas<\/h3>\n\n<p>Limitar a evapora\u00e7\u00e3o n\u00e3o \u00e9 apenas uma quest\u00e3o de <strong>tanque<\/strong>. Um bom <strong>sistema de<\/strong> recupera\u00e7\u00e3o inclui : <\/p>\n\n<ul class=\"wp-block-list\">\n<li>um <a href=\"https:\/\/www.maciterneecolo.fr\/fr\/10-collecteur-de-gouttiere-eau-de-pluie-\"><strong>coletor de<\/strong> caleiras<\/a> para otimizar<strong>a utiliza\u00e7\u00e3o da<\/strong> <strong>\u00e1gua da chuva<\/strong>,<\/li>\n\n\n\n<li>um filtro para preservar <strong>a qualidade<\/strong> da \u00e1gua e evitar a prolifera\u00e7\u00e3o de algas,<\/li>\n\n\n\n<li>a <strong><a href=\"https:\/\/www.maciterneecolo.fr\/fr\/11-pompes-electriques\">bomba<\/a><\/strong> para facilitar a redistribui\u00e7\u00e3o no <strong>jardim<\/strong>,<strong>irriga\u00e7\u00e3o<\/strong> ou usos sanit\u00e1rios.<\/li>\n<\/ul>\n\n<p>Estes acess\u00f3rios tiram o m\u00e1ximo partido de cada litro recolhido e evitam desperd\u00edcios desnecess\u00e1rios. Ligados a uma torneira exterior, oferecem uma solu\u00e7\u00e3o pr\u00e1tica para regar as plantas ou alimentar um sistema de rega gota a gota numa pequena horta. <\/p>\n\n<h2 class=\"wp-block-heading\"><mark style=\"background-color:rgba(0, 0, 0, 0)\" class=\"has-inline-color has-vivid-cyan-blue-color\">Boas pr\u00e1ticas de instala\u00e7\u00e3o e utiliza\u00e7\u00e3o<\/mark><\/h2>\n\n<h3 class=\"wp-block-heading\">Escolhe o local ideal<\/h3>\n\n<p>A escolha do local de instala\u00e7\u00e3o \u00e9 crucial. Um reservat\u00f3rio flex\u00edvel colocado numa zona sombreada e protegida do vento limita naturalmente a evapora\u00e7\u00e3o. O terreno deve ser est\u00e1vel, plano e livre de objectos cortantes para garantir a durabilidade do produto. Para as casas mais pequenas, \u00e9 por vezes prefer\u00edvel uma instala\u00e7\u00e3o semi-enterrada, que protege ainda melhor a \u00e1gua, libertando espa\u00e7o no jardim.   <\/p>\n\n<h3 class=\"wp-block-heading\">Adapta\u00e7\u00e3o da capacidade do dep\u00f3sito \u00e0s necessidades reais<\/h3>\n\n<p>Armazenar demasiada \u00e1gua pode, paradoxalmente, levar a perdas, uma vez que parte dela fica por utilizar e aquece, favorecendo a evapora\u00e7\u00e3o e a deteriora\u00e7\u00e3o da qualidade. Por isso, \u00e9 aconselh\u00e1vel dimensionar o reservat\u00f3rio em fun\u00e7\u00e3o do consumo real: superf\u00edcie do telhado, volume de precipita\u00e7\u00e3o previsto, necessidades de rega ou irriga\u00e7\u00e3o. Dimensionado corretamente, um reservat\u00f3rio permite economias reais e garante que cada gota recolhida pelo coletor seja utilizada para regar as plantas.  <\/p>\n\n<h3 class=\"wp-block-heading\">Manuten\u00e7\u00e3o regular para preservar a qualidade da \u00e1gua<\/h3>\n\n<p>Um tanque flex\u00edvel requer uma manuten\u00e7\u00e3o m\u00ednima mas essencial. Limpando o filtro, verificando as liga\u00e7\u00f5es e monitorizando a qualidade da \u00e1gua, \u00e9 poss\u00edvel evitar a contamina\u00e7\u00e3o e a forma\u00e7\u00e3o de algas. Isto garante uma reutiliza\u00e7\u00e3o \u00f3ptima, seja para agricultura, irriga\u00e7\u00e3o ou usos dom\u00e9sticos n\u00e3o alimentares. No \u00e2mbito da procura de solu\u00e7\u00f5es sustent\u00e1veis, esta manuten\u00e7\u00e3o ajuda a prolongar a vida \u00fatil do recuperador, a maximizar as poupan\u00e7as e a garantir uma utiliza\u00e7\u00e3o \u00f3ptima em casa.   <\/p>\n\n<h2 class=\"wp-block-heading\"><mark style=\"background-color:rgba(0, 0, 0, 0)\" class=\"has-inline-color has-vivid-cyan-blue-color\">Gest\u00e3o optimizada da \u00e1gua para a sustentabilidade<\/mark><\/h2>\n\n<h3 class=\"wp-block-heading\">Poupan\u00e7a atrav\u00e9s de uma melhor conserva\u00e7\u00e3o<\/h3>\n\n<p>Cada litro poupado pela redu\u00e7\u00e3o da evapora\u00e7\u00e3o \u00e9 um ganho financeiro e ecol\u00f3gico. Menos depend\u00eancia da rede p\u00fablica, menos bombagem para os len\u00e7\u00f3is fre\u00e1ticos e um consumo mais controlado: a conserva\u00e7\u00e3o torna-se uma alavanca de poupan\u00e7a e de resili\u00eancia. Isto significa mais \u00e1gua dispon\u00edvel para regar as plantas, atrav\u00e9s de uma torneira ou de um sistema de rega gota a gota, para uma gest\u00e3o mais sustent\u00e1vel em casa.  <\/p>\n\n<h3 class=\"wp-block-heading\">Integra\u00e7\u00e3o numa estrat\u00e9gia global de recupera\u00e7\u00e3o de \u00e1guas pluviais<\/h3>\n\n<p>A luta contra a evapora\u00e7\u00e3o n\u00e3o deve ser vista de forma isolada. Faz parte de uma vis\u00e3o global da gest\u00e3o da \u00e1gua: recolha de \u00e1guas pluviais, tratamento de \u00e1guas residuais tratadas (REUT), otimiza\u00e7\u00e3o da irriga\u00e7\u00e3o agr\u00edcola, prote\u00e7\u00e3o dos recursos h\u00eddricos superficiais e subterr\u00e2neos. As cisternas flex\u00edveis, instaladas acima ou abaixo do solo, tornam-se um elo essencial nesta estrat\u00e9gia sustent\u00e1vel, assegurando que cada gota beneficia as plantas e as pessoas em casa.  <\/p>\n\n<h3 class=\"wp-block-heading\">Um gesto ecol\u00f3gico em prol do ambiente<\/h3>\n\n<p>Limitar a evapora\u00e7\u00e3o utilizando tanques flex\u00edveis e pr\u00e1ticas adequadas ajuda a proteger o ambiente. Reduz os res\u00edduos, melhora a resist\u00eancia das culturas agr\u00edcolas e ajuda a proteger o ciclo natural da \u00e1gua. Num pa\u00eds como a Fran\u00e7a, onde cada per\u00edodo de seca recorda a fragilidade dos recursos, trata-se de um gesto pr\u00e1tico e respons\u00e1vel. Este equipamento permite otimizar a utiliza\u00e7\u00e3o do recuperador, realizar economias e preservar o espa\u00e7o e o futuro das gera\u00e7\u00f5es vindouras.   <\/p>\n\n<h2 class=\"wp-block-heading\"><mark style=\"background-color:rgba(0, 0, 0, 0)\" class=\"has-inline-color has-vivid-cyan-blue-color\">Conclus\u00e3o<\/mark><\/h2>\n\n<p>A evapora\u00e7\u00e3o \u00e9 uma amea\u00e7a silenciosa \u00e0 conserva\u00e7\u00e3o da \u00e1gua, mas pode ser eficazmente controlada com as solu\u00e7\u00f5es certas. As cisternas flex\u00edveis e os reservat\u00f3rios fechados oferecem uma prote\u00e7\u00e3o \u00f3ptima contra as perdas, enquanto a escolha dos materiais, uma instala\u00e7\u00e3o judiciosa e uma manuten\u00e7\u00e3o regular completam a estrat\u00e9gia. Desta forma, cada particular ou profissional pode assegurar as suas reservas, preservar a qualidade e otimizar a utiliza\u00e7\u00e3o deste recurso vital.  <\/p>\n\n<p>Num mundo confrontado com as altera\u00e7\u00f5es clim\u00e1ticas e a diminui\u00e7\u00e3o da precipita\u00e7\u00e3o, limitar a evapora\u00e7\u00e3o n\u00e3o \u00e9 um pormenor t\u00e9cnico: \u00e9 um passo essencial para garantir a sustentabilidade da nossa rela\u00e7\u00e3o com a \u00e1gua e proteger os nossos recursos para as gera\u00e7\u00f5es futuras. Quer se trate de regar as tuas plantas, de abrir uma torneira exterior ou de utilizar um sistema de gotejamento num espa\u00e7o pequeno, todos os gestos contam para tornar a tua casa mais sustent\u00e1vel. <\/p>\n","protected":false},"excerpt":{"rendered":"<p>Introdu\u00e7\u00e3o A \u00e1gua \u00e9 um recurso vital, mas tamb\u00e9m um recurso fr\u00e1gil. Em Fran\u00e7a, as secas estivais e o aumento das temperaturas associadas \u00e0s altera\u00e7\u00f5es clim\u00e1ticas agravam as dificuldades de abastecimento. Os particulares e os profissionais investem cada vez mais em tanques flex\u00edveis e cisternas para a recolha de \u00e1gua da chuva. Mas um fen\u00f3meno [&hellip;]<\/p>\n","protected":false},"author":4,"featured_media":14802,"comment_status":"open","ping_status":"closed","sticky":false,"template":"","format":"standard","meta":{"inline_featured_image":false,"footnotes":""},"categories":[65,88,387],"tags":[335,311],"class_list":["post-14809","post","type-post","status-publish","format-standard","has-post-thumbnail","hentry","category-colhedores-de-agua-da-chuva","category-tanques-flexiveis","category-tudo-o-que-precisa-de-saber-sobre-o-tanque-flexivel","tag-armazenamento","tag-colheita-da-agua-da-chuva"],"yoast_head":"<!-- This site is optimized with the Yoast SEO plugin v27.4 - https:\/\/yoast.com\/product\/yoast-seo-wordpress\/ -->\n<title>Evapora\u00e7\u00e3o e armazenamento de \u00e1gua: como limitar as perdas em tanques flex\u00edveis e cisternas? - Blog Ma Citerne Ecolo<\/title>\n<meta name=\"description\" content=\"Reduz a evapora\u00e7\u00e3o e optimiza o armazenamento de \u00e1gua em tanques e cisternas flex\u00edveis para regar as suas plantas e poupar dinheiro a longo prazo.\" \/>\n<meta name=\"robots\" content=\"index, follow, max-snippet:-1, max-image-preview:large, max-video-preview:-1\" \/>\n<link rel=\"canonical\" href=\"https:\/\/blog.maciterneecolo.fr\/pt-pt\/evaporacao-e-armazenamento-de-agua-como-limitar-as-perdas-em-tanques-flexiveis-e-cisternas\/\" \/>\n<meta property=\"og:locale\" content=\"pt_PT\" \/>\n<meta property=\"og:type\" content=\"article\" \/>\n<meta property=\"og:title\" content=\"Evapora\u00e7\u00e3o e armazenamento de \u00e1gua: como limitar as perdas em tanques flex\u00edveis e cisternas? - Blog Ma Citerne Ecolo\" \/>\n<meta property=\"og:description\" content=\"Reduz a evapora\u00e7\u00e3o e optimiza o armazenamento de \u00e1gua em tanques e cisternas flex\u00edveis para regar as suas plantas e poupar dinheiro a longo prazo.\" \/>\n<meta property=\"og:url\" content=\"https:\/\/blog.maciterneecolo.fr\/pt-pt\/evaporacao-e-armazenamento-de-agua-como-limitar-as-perdas-em-tanques-flexiveis-e-cisternas\/\" \/>\n<meta property=\"og:site_name\" content=\"Blog Ma Citerne Ecolo\" \/>\n<meta property=\"article:published_time\" content=\"2025-10-18T13:53:57+00:00\" \/>\n<meta property=\"og:image\" content=\"https:\/\/blog.maciterneecolo.fr\/wp-content\/uploads\/2025\/09\/pexels-darya-grey_owl-132130036-12348287-scaled.jpg\" \/>\n\t<meta property=\"og:image:width\" content=\"1707\" \/>\n\t<meta property=\"og:image:height\" content=\"2560\" \/>\n\t<meta property=\"og:image:type\" content=\"image\/jpeg\" \/>\n<meta name=\"author\" content=\"B\u00e9n\u00e9dicte Rebolloso\" \/>\n<meta name=\"twitter:card\" content=\"summary_large_image\" \/>\n<meta name=\"twitter:label1\" content=\"Escrito por\" \/>\n\t<meta name=\"twitter:data1\" content=\"B\u00e9n\u00e9dicte Rebolloso\" \/>\n\t<meta name=\"twitter:label2\" content=\"Tempo estimado de leitura\" \/>\n\t<meta name=\"twitter:data2\" content=\"8 minutos\" \/>\n<script type=\"application\/ld+json\" class=\"yoast-schema-graph\">{\"@context\":\"https:\\\/\\\/schema.org\",\"@graph\":[{\"@type\":\"Article\",\"@id\":\"https:\\\/\\\/blog.maciterneecolo.fr\\\/pt-pt\\\/evaporacao-e-armazenamento-de-agua-como-limitar-as-perdas-em-tanques-flexiveis-e-cisternas\\\/#article\",\"isPartOf\":{\"@id\":\"https:\\\/\\\/blog.maciterneecolo.fr\\\/pt-pt\\\/evaporacao-e-armazenamento-de-agua-como-limitar-as-perdas-em-tanques-flexiveis-e-cisternas\\\/\"},\"author\":{\"name\":\"B\u00e9n\u00e9dicte Rebolloso\",\"@id\":\"https:\\\/\\\/blog.maciterneecolo.fr\\\/pt-pt\\\/#\\\/schema\\\/person\\\/fe50d00b4e639107698e1ddead236943\"},\"headline\":\"Evapora\u00e7\u00e3o e armazenamento de \u00e1gua: como limitar as perdas em tanques flex\u00edveis e cisternas?\",\"datePublished\":\"2025-10-18T13:53:57+00:00\",\"mainEntityOfPage\":{\"@id\":\"https:\\\/\\\/blog.maciterneecolo.fr\\\/pt-pt\\\/evaporacao-e-armazenamento-de-agua-como-limitar-as-perdas-em-tanques-flexiveis-e-cisternas\\\/\"},\"wordCount\":1578,\"commentCount\":0,\"publisher\":{\"@id\":\"https:\\\/\\\/blog.maciterneecolo.fr\\\/pt-pt\\\/#organization\"},\"image\":{\"@id\":\"https:\\\/\\\/blog.maciterneecolo.fr\\\/pt-pt\\\/evaporacao-e-armazenamento-de-agua-como-limitar-as-perdas-em-tanques-flexiveis-e-cisternas\\\/#primaryimage\"},\"thumbnailUrl\":\"https:\\\/\\\/blog.maciterneecolo.fr\\\/wp-content\\\/uploads\\\/2025\\\/09\\\/pexels-darya-grey_owl-132130036-12348287-scaled.jpg\",\"keywords\":[\"armazenamento\",\"colheita da \u00e1gua da chuva\"],\"articleSection\":[\"Colhedores de \u00e1gua da chuva\",\"Tanques Flex\u00edveis\",\"Tudo o que precisa de saber sobre o tanque flex\u00edvel\"],\"inLanguage\":\"pt-PT\",\"potentialAction\":[{\"@type\":\"CommentAction\",\"name\":\"Comment\",\"target\":[\"https:\\\/\\\/blog.maciterneecolo.fr\\\/pt-pt\\\/evaporacao-e-armazenamento-de-agua-como-limitar-as-perdas-em-tanques-flexiveis-e-cisternas\\\/#respond\"]}]},{\"@type\":\"WebPage\",\"@id\":\"https:\\\/\\\/blog.maciterneecolo.fr\\\/pt-pt\\\/evaporacao-e-armazenamento-de-agua-como-limitar-as-perdas-em-tanques-flexiveis-e-cisternas\\\/\",\"url\":\"https:\\\/\\\/blog.maciterneecolo.fr\\\/pt-pt\\\/evaporacao-e-armazenamento-de-agua-como-limitar-as-perdas-em-tanques-flexiveis-e-cisternas\\\/\",\"name\":\"Evapora\u00e7\u00e3o e armazenamento de \u00e1gua: como limitar as perdas em tanques flex\u00edveis e cisternas? - Blog Ma Citerne Ecolo\",\"isPartOf\":{\"@id\":\"https:\\\/\\\/blog.maciterneecolo.fr\\\/pt-pt\\\/#website\"},\"primaryImageOfPage\":{\"@id\":\"https:\\\/\\\/blog.maciterneecolo.fr\\\/pt-pt\\\/evaporacao-e-armazenamento-de-agua-como-limitar-as-perdas-em-tanques-flexiveis-e-cisternas\\\/#primaryimage\"},\"image\":{\"@id\":\"https:\\\/\\\/blog.maciterneecolo.fr\\\/pt-pt\\\/evaporacao-e-armazenamento-de-agua-como-limitar-as-perdas-em-tanques-flexiveis-e-cisternas\\\/#primaryimage\"},\"thumbnailUrl\":\"https:\\\/\\\/blog.maciterneecolo.fr\\\/wp-content\\\/uploads\\\/2025\\\/09\\\/pexels-darya-grey_owl-132130036-12348287-scaled.jpg\",\"datePublished\":\"2025-10-18T13:53:57+00:00\",\"description\":\"Reduz a evapora\u00e7\u00e3o e optimiza o armazenamento de \u00e1gua em tanques e cisternas flex\u00edveis para regar as suas plantas e poupar dinheiro a longo prazo.\",\"breadcrumb\":{\"@id\":\"https:\\\/\\\/blog.maciterneecolo.fr\\\/pt-pt\\\/evaporacao-e-armazenamento-de-agua-como-limitar-as-perdas-em-tanques-flexiveis-e-cisternas\\\/#breadcrumb\"},\"inLanguage\":\"pt-PT\",\"potentialAction\":[{\"@type\":\"ReadAction\",\"target\":[\"https:\\\/\\\/blog.maciterneecolo.fr\\\/pt-pt\\\/evaporacao-e-armazenamento-de-agua-como-limitar-as-perdas-em-tanques-flexiveis-e-cisternas\\\/\"]}]},{\"@type\":\"ImageObject\",\"inLanguage\":\"pt-PT\",\"@id\":\"https:\\\/\\\/blog.maciterneecolo.fr\\\/pt-pt\\\/evaporacao-e-armazenamento-de-agua-como-limitar-as-perdas-em-tanques-flexiveis-e-cisternas\\\/#primaryimage\",\"url\":\"https:\\\/\\\/blog.maciterneecolo.fr\\\/wp-content\\\/uploads\\\/2025\\\/09\\\/pexels-darya-grey_owl-132130036-12348287-scaled.jpg\",\"contentUrl\":\"https:\\\/\\\/blog.maciterneecolo.fr\\\/wp-content\\\/uploads\\\/2025\\\/09\\\/pexels-darya-grey_owl-132130036-12348287-scaled.jpg\",\"width\":1707,\"height\":2560},{\"@type\":\"BreadcrumbList\",\"@id\":\"https:\\\/\\\/blog.maciterneecolo.fr\\\/pt-pt\\\/evaporacao-e-armazenamento-de-agua-como-limitar-as-perdas-em-tanques-flexiveis-e-cisternas\\\/#breadcrumb\",\"itemListElement\":[{\"@type\":\"ListItem\",\"position\":1,\"name\":\"Accueil\",\"item\":\"https:\\\/\\\/blog.maciterneecolo.fr\\\/pt-pt\\\/\"},{\"@type\":\"ListItem\",\"position\":2,\"name\":\"Evapora\u00e7\u00e3o e armazenamento de \u00e1gua: como limitar as perdas em tanques flex\u00edveis e cisternas?\"}]},{\"@type\":\"WebSite\",\"@id\":\"https:\\\/\\\/blog.maciterneecolo.fr\\\/pt-pt\\\/#website\",\"url\":\"https:\\\/\\\/blog.maciterneecolo.fr\\\/pt-pt\\\/\",\"name\":\"Blog Ma Citerne Ecolo\",\"description\":\"Leader dans le domaine de la citerne souple d&#039;eau de pluie\",\"publisher\":{\"@id\":\"https:\\\/\\\/blog.maciterneecolo.fr\\\/pt-pt\\\/#organization\"},\"potentialAction\":[{\"@type\":\"SearchAction\",\"target\":{\"@type\":\"EntryPoint\",\"urlTemplate\":\"https:\\\/\\\/blog.maciterneecolo.fr\\\/pt-pt\\\/?s={search_term_string}\"},\"query-input\":{\"@type\":\"PropertyValueSpecification\",\"valueRequired\":true,\"valueName\":\"search_term_string\"}}],\"inLanguage\":\"pt-PT\"},{\"@type\":\"Organization\",\"@id\":\"https:\\\/\\\/blog.maciterneecolo.fr\\\/pt-pt\\\/#organization\",\"name\":\"Blog Ma Citerne Ecolo\",\"url\":\"https:\\\/\\\/blog.maciterneecolo.fr\\\/pt-pt\\\/\",\"logo\":{\"@type\":\"ImageObject\",\"inLanguage\":\"pt-PT\",\"@id\":\"https:\\\/\\\/blog.maciterneecolo.fr\\\/pt-pt\\\/#\\\/schema\\\/logo\\\/image\\\/\",\"url\":\"https:\\\/\\\/blog.maciterneecolo.fr\\\/wp-content\\\/uploads\\\/2022\\\/12\\\/cropped-favicon-blog.png\",\"contentUrl\":\"https:\\\/\\\/blog.maciterneecolo.fr\\\/wp-content\\\/uploads\\\/2022\\\/12\\\/cropped-favicon-blog.png\",\"width\":512,\"height\":512,\"caption\":\"Blog Ma Citerne Ecolo\"},\"image\":{\"@id\":\"https:\\\/\\\/blog.maciterneecolo.fr\\\/pt-pt\\\/#\\\/schema\\\/logo\\\/image\\\/\"}},{\"@type\":\"Person\",\"@id\":\"https:\\\/\\\/blog.maciterneecolo.fr\\\/pt-pt\\\/#\\\/schema\\\/person\\\/fe50d00b4e639107698e1ddead236943\",\"name\":\"B\u00e9n\u00e9dicte Rebolloso\",\"image\":{\"@type\":\"ImageObject\",\"inLanguage\":\"pt-PT\",\"@id\":\"https:\\\/\\\/secure.gravatar.com\\\/avatar\\\/ffa759db2a4d8ebb52a58b89d3dc2a9f0395a5122bb839045a145d6585de1126?s=96&d=mm&r=g\",\"url\":\"https:\\\/\\\/secure.gravatar.com\\\/avatar\\\/ffa759db2a4d8ebb52a58b89d3dc2a9f0395a5122bb839045a145d6585de1126?s=96&d=mm&r=g\",\"contentUrl\":\"https:\\\/\\\/secure.gravatar.com\\\/avatar\\\/ffa759db2a4d8ebb52a58b89d3dc2a9f0395a5122bb839045a145d6585de1126?s=96&d=mm&r=g\",\"caption\":\"B\u00e9n\u00e9dicte Rebolloso\"},\"url\":\"https:\\\/\\\/blog.maciterneecolo.fr\\\/pt-pt\\\/author\\\/benedicterebolloso\\\/\"}]}<\/script>\n<!-- \/ Yoast SEO plugin. -->","yoast_head_json":{"title":"Evapora\u00e7\u00e3o e armazenamento de \u00e1gua: como limitar as perdas em tanques flex\u00edveis e cisternas? - Blog Ma Citerne Ecolo","description":"Reduz a evapora\u00e7\u00e3o e optimiza o armazenamento de \u00e1gua em tanques e cisternas flex\u00edveis para regar as suas plantas e poupar dinheiro a longo prazo.","robots":{"index":"index","follow":"follow","max-snippet":"max-snippet:-1","max-image-preview":"max-image-preview:large","max-video-preview":"max-video-preview:-1"},"canonical":"https:\/\/blog.maciterneecolo.fr\/pt-pt\/evaporacao-e-armazenamento-de-agua-como-limitar-as-perdas-em-tanques-flexiveis-e-cisternas\/","og_locale":"pt_PT","og_type":"article","og_title":"Evapora\u00e7\u00e3o e armazenamento de \u00e1gua: como limitar as perdas em tanques flex\u00edveis e cisternas? - Blog Ma Citerne Ecolo","og_description":"Reduz a evapora\u00e7\u00e3o e optimiza o armazenamento de \u00e1gua em tanques e cisternas flex\u00edveis para regar as suas plantas e poupar dinheiro a longo prazo.","og_url":"https:\/\/blog.maciterneecolo.fr\/pt-pt\/evaporacao-e-armazenamento-de-agua-como-limitar-as-perdas-em-tanques-flexiveis-e-cisternas\/","og_site_name":"Blog Ma Citerne Ecolo","article_published_time":"2025-10-18T13:53:57+00:00","og_image":[{"width":1707,"height":2560,"url":"https:\/\/blog.maciterneecolo.fr\/wp-content\/uploads\/2025\/09\/pexels-darya-grey_owl-132130036-12348287-scaled.jpg","type":"image\/jpeg"}],"author":"B\u00e9n\u00e9dicte Rebolloso","twitter_card":"summary_large_image","twitter_misc":{"Escrito por":"B\u00e9n\u00e9dicte Rebolloso","Tempo estimado de leitura":"8 minutos"},"schema":{"@context":"https:\/\/schema.org","@graph":[{"@type":"Article","@id":"https:\/\/blog.maciterneecolo.fr\/pt-pt\/evaporacao-e-armazenamento-de-agua-como-limitar-as-perdas-em-tanques-flexiveis-e-cisternas\/#article","isPartOf":{"@id":"https:\/\/blog.maciterneecolo.fr\/pt-pt\/evaporacao-e-armazenamento-de-agua-como-limitar-as-perdas-em-tanques-flexiveis-e-cisternas\/"},"author":{"name":"B\u00e9n\u00e9dicte Rebolloso","@id":"https:\/\/blog.maciterneecolo.fr\/pt-pt\/#\/schema\/person\/fe50d00b4e639107698e1ddead236943"},"headline":"Evapora\u00e7\u00e3o e armazenamento de \u00e1gua: como limitar as perdas em tanques flex\u00edveis e cisternas?","datePublished":"2025-10-18T13:53:57+00:00","mainEntityOfPage":{"@id":"https:\/\/blog.maciterneecolo.fr\/pt-pt\/evaporacao-e-armazenamento-de-agua-como-limitar-as-perdas-em-tanques-flexiveis-e-cisternas\/"},"wordCount":1578,"commentCount":0,"publisher":{"@id":"https:\/\/blog.maciterneecolo.fr\/pt-pt\/#organization"},"image":{"@id":"https:\/\/blog.maciterneecolo.fr\/pt-pt\/evaporacao-e-armazenamento-de-agua-como-limitar-as-perdas-em-tanques-flexiveis-e-cisternas\/#primaryimage"},"thumbnailUrl":"https:\/\/blog.maciterneecolo.fr\/wp-content\/uploads\/2025\/09\/pexels-darya-grey_owl-132130036-12348287-scaled.jpg","keywords":["armazenamento","colheita da \u00e1gua da chuva"],"articleSection":["Colhedores de \u00e1gua da chuva","Tanques Flex\u00edveis","Tudo o que precisa de saber sobre o tanque flex\u00edvel"],"inLanguage":"pt-PT","potentialAction":[{"@type":"CommentAction","name":"Comment","target":["https:\/\/blog.maciterneecolo.fr\/pt-pt\/evaporacao-e-armazenamento-de-agua-como-limitar-as-perdas-em-tanques-flexiveis-e-cisternas\/#respond"]}]},{"@type":"WebPage","@id":"https:\/\/blog.maciterneecolo.fr\/pt-pt\/evaporacao-e-armazenamento-de-agua-como-limitar-as-perdas-em-tanques-flexiveis-e-cisternas\/","url":"https:\/\/blog.maciterneecolo.fr\/pt-pt\/evaporacao-e-armazenamento-de-agua-como-limitar-as-perdas-em-tanques-flexiveis-e-cisternas\/","name":"Evapora\u00e7\u00e3o e armazenamento de \u00e1gua: como limitar as perdas em tanques flex\u00edveis e cisternas? - Blog Ma Citerne Ecolo","isPartOf":{"@id":"https:\/\/blog.maciterneecolo.fr\/pt-pt\/#website"},"primaryImageOfPage":{"@id":"https:\/\/blog.maciterneecolo.fr\/pt-pt\/evaporacao-e-armazenamento-de-agua-como-limitar-as-perdas-em-tanques-flexiveis-e-cisternas\/#primaryimage"},"image":{"@id":"https:\/\/blog.maciterneecolo.fr\/pt-pt\/evaporacao-e-armazenamento-de-agua-como-limitar-as-perdas-em-tanques-flexiveis-e-cisternas\/#primaryimage"},"thumbnailUrl":"https:\/\/blog.maciterneecolo.fr\/wp-content\/uploads\/2025\/09\/pexels-darya-grey_owl-132130036-12348287-scaled.jpg","datePublished":"2025-10-18T13:53:57+00:00","description":"Reduz a evapora\u00e7\u00e3o e optimiza o armazenamento de \u00e1gua em tanques e cisternas flex\u00edveis para regar as suas plantas e poupar dinheiro a longo prazo.","breadcrumb":{"@id":"https:\/\/blog.maciterneecolo.fr\/pt-pt\/evaporacao-e-armazenamento-de-agua-como-limitar-as-perdas-em-tanques-flexiveis-e-cisternas\/#breadcrumb"},"inLanguage":"pt-PT","potentialAction":[{"@type":"ReadAction","target":["https:\/\/blog.maciterneecolo.fr\/pt-pt\/evaporacao-e-armazenamento-de-agua-como-limitar-as-perdas-em-tanques-flexiveis-e-cisternas\/"]}]},{"@type":"ImageObject","inLanguage":"pt-PT","@id":"https:\/\/blog.maciterneecolo.fr\/pt-pt\/evaporacao-e-armazenamento-de-agua-como-limitar-as-perdas-em-tanques-flexiveis-e-cisternas\/#primaryimage","url":"https:\/\/blog.maciterneecolo.fr\/wp-content\/uploads\/2025\/09\/pexels-darya-grey_owl-132130036-12348287-scaled.jpg","contentUrl":"https:\/\/blog.maciterneecolo.fr\/wp-content\/uploads\/2025\/09\/pexels-darya-grey_owl-132130036-12348287-scaled.jpg","width":1707,"height":2560},{"@type":"BreadcrumbList","@id":"https:\/\/blog.maciterneecolo.fr\/pt-pt\/evaporacao-e-armazenamento-de-agua-como-limitar-as-perdas-em-tanques-flexiveis-e-cisternas\/#breadcrumb","itemListElement":[{"@type":"ListItem","position":1,"name":"Accueil","item":"https:\/\/blog.maciterneecolo.fr\/pt-pt\/"},{"@type":"ListItem","position":2,"name":"Evapora\u00e7\u00e3o e armazenamento de \u00e1gua: como limitar as perdas em tanques flex\u00edveis e cisternas?"}]},{"@type":"WebSite","@id":"https:\/\/blog.maciterneecolo.fr\/pt-pt\/#website","url":"https:\/\/blog.maciterneecolo.fr\/pt-pt\/","name":"Blog Ma Citerne Ecolo","description":"Leader dans le domaine de la citerne souple d&#039;eau de pluie","publisher":{"@id":"https:\/\/blog.maciterneecolo.fr\/pt-pt\/#organization"},"potentialAction":[{"@type":"SearchAction","target":{"@type":"EntryPoint","urlTemplate":"https:\/\/blog.maciterneecolo.fr\/pt-pt\/?s={search_term_string}"},"query-input":{"@type":"PropertyValueSpecification","valueRequired":true,"valueName":"search_term_string"}}],"inLanguage":"pt-PT"},{"@type":"Organization","@id":"https:\/\/blog.maciterneecolo.fr\/pt-pt\/#organization","name":"Blog Ma Citerne Ecolo","url":"https:\/\/blog.maciterneecolo.fr\/pt-pt\/","logo":{"@type":"ImageObject","inLanguage":"pt-PT","@id":"https:\/\/blog.maciterneecolo.fr\/pt-pt\/#\/schema\/logo\/image\/","url":"https:\/\/blog.maciterneecolo.fr\/wp-content\/uploads\/2022\/12\/cropped-favicon-blog.png","contentUrl":"https:\/\/blog.maciterneecolo.fr\/wp-content\/uploads\/2022\/12\/cropped-favicon-blog.png","width":512,"height":512,"caption":"Blog Ma Citerne Ecolo"},"image":{"@id":"https:\/\/blog.maciterneecolo.fr\/pt-pt\/#\/schema\/logo\/image\/"}},{"@type":"Person","@id":"https:\/\/blog.maciterneecolo.fr\/pt-pt\/#\/schema\/person\/fe50d00b4e639107698e1ddead236943","name":"B\u00e9n\u00e9dicte Rebolloso","image":{"@type":"ImageObject","inLanguage":"pt-PT","@id":"https:\/\/secure.gravatar.com\/avatar\/ffa759db2a4d8ebb52a58b89d3dc2a9f0395a5122bb839045a145d6585de1126?s=96&d=mm&r=g","url":"https:\/\/secure.gravatar.com\/avatar\/ffa759db2a4d8ebb52a58b89d3dc2a9f0395a5122bb839045a145d6585de1126?s=96&d=mm&r=g","contentUrl":"https:\/\/secure.gravatar.com\/avatar\/ffa759db2a4d8ebb52a58b89d3dc2a9f0395a5122bb839045a145d6585de1126?s=96&d=mm&r=g","caption":"B\u00e9n\u00e9dicte Rebolloso"},"url":"https:\/\/blog.maciterneecolo.fr\/pt-pt\/author\/benedicterebolloso\/"}]}},"_links":{"self":[{"href":"https:\/\/blog.maciterneecolo.fr\/pt-pt\/wp-json\/wp\/v2\/posts\/14809","targetHints":{"allow":["GET"]}}],"collection":[{"href":"https:\/\/blog.maciterneecolo.fr\/pt-pt\/wp-json\/wp\/v2\/posts"}],"about":[{"href":"https:\/\/blog.maciterneecolo.fr\/pt-pt\/wp-json\/wp\/v2\/types\/post"}],"author":[{"embeddable":true,"href":"https:\/\/blog.maciterneecolo.fr\/pt-pt\/wp-json\/wp\/v2\/users\/4"}],"replies":[{"embeddable":true,"href":"https:\/\/blog.maciterneecolo.fr\/pt-pt\/wp-json\/wp\/v2\/comments?post=14809"}],"version-history":[{"count":1,"href":"https:\/\/blog.maciterneecolo.fr\/pt-pt\/wp-json\/wp\/v2\/posts\/14809\/revisions"}],"predecessor-version":[{"id":14811,"href":"https:\/\/blog.maciterneecolo.fr\/pt-pt\/wp-json\/wp\/v2\/posts\/14809\/revisions\/14811"}],"wp:featuredmedia":[{"embeddable":true,"href":"https:\/\/blog.maciterneecolo.fr\/pt-pt\/wp-json\/wp\/v2\/media\/14802"}],"wp:attachment":[{"href":"https:\/\/blog.maciterneecolo.fr\/pt-pt\/wp-json\/wp\/v2\/media?parent=14809"}],"wp:term":[{"taxonomy":"category","embeddable":true,"href":"https:\/\/blog.maciterneecolo.fr\/pt-pt\/wp-json\/wp\/v2\/categories?post=14809"},{"taxonomy":"post_tag","embeddable":true,"href":"https:\/\/blog.maciterneecolo.fr\/pt-pt\/wp-json\/wp\/v2\/tags?post=14809"}],"curies":[{"name":"wp","href":"https:\/\/api.w.org\/{rel}","templated":true}]}}