{"id":14864,"date":"2025-10-21T08:00:00","date_gmt":"2025-10-21T08:00:00","guid":{"rendered":"https:\/\/blog.maciterneecolo.fr\/?p=14864"},"modified":"2025-09-08T09:41:59","modified_gmt":"2025-09-08T09:41:59","slug":"mapeamento-da-disponibilidade-de-agua-da-chuva-porque-e-que-algumas-regioes-de-franca-estao-melhor-do-que-outras","status":"publish","type":"post","link":"https:\/\/blog.maciterneecolo.fr\/pt-pt\/mapeamento-da-disponibilidade-de-agua-da-chuva-porque-e-que-algumas-regioes-de-franca-estao-melhor-do-que-outras\/","title":{"rendered":"Mapeamento da disponibilidade de \u00e1gua da chuva: porque \u00e9 que algumas regi\u00f5es de Fran\u00e7a est\u00e3o melhor do que outras?"},"content":{"rendered":"\n<p>A \u00e1gua \u00e9 um dos recursos mais preciosos para a vida humana e para os ecossistemas. No entanto, em Fran\u00e7a, a distribui\u00e7\u00e3o deste recurso \u00e9 profundamente afetada pelas altera\u00e7\u00f5es clim\u00e1ticas. O aquecimento global est\u00e1 a aumentar a temperatura da atmosfera, a modificar os fen\u00f3menos atmosf\u00e9ricos e a aumentar o risco de seca. As consequ\u00eancias s\u00e3o vis\u00edveis a v\u00e1rios n\u00edveis: diminui\u00e7\u00e3o dos len\u00e7\u00f3is fre\u00e1ticos, redu\u00e7\u00e3o da qualidade da \u00e1gua, aumento da press\u00e3o sobre as popula\u00e7\u00f5es e as esp\u00e9cies.   <\/p>\n\n<p>Os relat\u00f3rios cient\u00edficos recordam-nos todos os anos que os gases com efeito de estufa produzidos pelas actividades humanas est\u00e3o a perturbar o clima e a perturbar o ciclo da \u00e1gua. Neste contexto, certas regi\u00f5es est\u00e3o em vantagem, enquanto outras sofrem problemas graves. A cartografia \u00e9 uma ferramenta essencial para compreender estes impactos, planear uma melhor gest\u00e3o e antecipar as consequ\u00eancias para a sa\u00fade e o desenvolvimento sustent\u00e1vel.  <\/p>\n\n<p>Este artigo explora em pormenor a raz\u00e3o pela qual algumas regi\u00f5es de Fran\u00e7a t\u00eam mais \u00e1gua da chuva do que outras. Analisamos os fen\u00f3menos clim\u00e1ticos envolvidos, as causas naturais, o impacto nos ecossistemas e as solu\u00e7\u00f5es que podem ser implementadas para gerir melhor este recurso vital. <\/p>\n\n<h2 class=\"wp-block-heading\">Compreender a disponibilidade de \u00e1gua da chuva<\/h2>\n\n<h3 class=\"wp-block-heading\">O papel da precipita\u00e7\u00e3o e do ciclo da \u00e1gua<\/h3>\n\n<p>A precipita\u00e7\u00e3o est\u00e1 no centro do ciclo da \u00e1gua. Determina a quantidade de \u00e1gua superficial e subterr\u00e2nea dispon\u00edvel para as pessoas e os ecossistemas. No entanto, em resultado do aquecimento global, a distribui\u00e7\u00e3o da precipita\u00e7\u00e3o est\u00e1 a mudar radicalmente. Algumas \u00e1reas est\u00e3o a assistir a um aumento da precipita\u00e7\u00e3o, enquanto outras est\u00e3o a sofrer um d\u00e9fice preocupante.   <\/p>\n\n<p><a href=\"https:\/\/blog.maciterneecolo.fr\/pt-pt\/o-impacto-da-seca-na-nossa-vida-quotidiana-o-que-precisas-de-saber\/\">Estas altera\u00e7\u00f5es clim\u00e1ticas t\u00eam consequ\u00eancias diretas<\/a>: altera\u00e7\u00f5es do estado dos len\u00e7\u00f3is fre\u00e1ticos, varia\u00e7\u00f5es do n\u00edvel dos rios e altera\u00e7\u00f5es da qualidade da \u00e1gua. A investiga\u00e7\u00e3o cient\u00edfica evidencia a rela\u00e7\u00e3o entre a atmosfera, os gases com efeito de estufa e o aumento da frequ\u00eancia de fen\u00f3menos meteorol\u00f3gicos extremos. <\/p>\n\n<h3 class=\"wp-block-heading\">Factores naturais: relevo, solo e len\u00e7ol fre\u00e1tico<\/h3>\n\n<p>A disponibilidade de \u00e1gua depende n\u00e3o s\u00f3 do clima, mas tamb\u00e9m do solo e da topografia. Os ecossistemas de montanha, como os Pirin\u00e9us e o Maci\u00e7o Central, captam mais humidade. Em contrapartida, as plan\u00edcies calc\u00e1rias permitem uma infiltra\u00e7\u00e3o r\u00e1pida da \u00e1gua, o que altera o n\u00edvel dos len\u00e7\u00f3is fre\u00e1ticos. Esta situa\u00e7\u00e3o tem consequ\u00eancias importantes tanto para as esp\u00e9cies como para a popula\u00e7\u00e3o: desigualdade de acesso aos recursos, riscos para a sa\u00fade ligados a uma diminui\u00e7\u00e3o da qualidade, tens\u00f5es sobre a utiliza\u00e7\u00e3o agr\u00edcola.   <\/p>\n\n<h3 class=\"wp-block-heading\">A import\u00e2ncia dos dados pluviom\u00e9tricos para a gest\u00e3o<\/h3>\n\n<p>A cartografia baseia-se em dados precisos. Em Fran\u00e7a, a M\u00e9t\u00e9o-France e as ag\u00eancias de bacia hidrogr\u00e1fica produzem relat\u00f3rios cient\u00edficos sobre os fen\u00f3menos clim\u00e1ticos, as altera\u00e7\u00f5es observadas e as consequ\u00eancias em termos de gest\u00e3o. Estes instrumentos permitem compreender melhor a escala em que \u00e9 necess\u00e1rio intervir, como adaptar os padr\u00f5es de consumo e a origem dos problemas.  <\/p>\n\n<h2 class=\"wp-block-heading\">Disparidades regionais acentuadas em Fran\u00e7a<\/h2>\n\n<h3 class=\"wp-block-heading\">Regi\u00f5es ricas em \u00e1gua<\/h3>\n\n<p>Algumas regi\u00f5es s\u00e3o particularmente bem dotadas de recursos. A Bretanha, o Maci\u00e7o Central e os Pirin\u00e9us t\u00eam elevados n\u00edveis de precipita\u00e7\u00e3o. Nestas regi\u00f5es, a disponibilidade de \u00e1gua apoia os ecossistemas, favorece a agricultura e reduz os riscos para a popula\u00e7\u00e3o. Os relat\u00f3rios mostram uma liga\u00e7\u00e3o clara entre o clima oce\u00e2nico, os fen\u00f3menos atmosf\u00e9ricos frequentes e a abund\u00e2ncia de recursos h\u00eddricos.   <\/p>\n\n<h3 class=\"wp-block-heading\">Zonas fr\u00e1geis<\/h3>\n\n<p>O sudeste de Fran\u00e7a ilustra o impacto das altera\u00e7\u00f5es clim\u00e1ticas. A escassez de precipita\u00e7\u00e3o, o aumento das temperaturas e as ondas de calor est\u00e3o a provocar a deteriora\u00e7\u00e3o dos len\u00e7\u00f3is fre\u00e1ticos e a diminui\u00e7\u00e3o dos n\u00edveis dos reservat\u00f3rios. Os ecossistemas est\u00e3o a sofrer, certas esp\u00e9cies est\u00e3o a desaparecer e a popula\u00e7\u00e3o humana sofre restri\u00e7\u00f5es. Os relat\u00f3rios cient\u00edficos sublinham que estes fen\u00f3menos s\u00e3o agravados pelas actividades humanas e pelas emiss\u00f5es de gases com efeito de estufa.   <\/p>\n\n<h3 class=\"wp-block-heading\">O impacto das altera\u00e7\u00f5es clim\u00e1ticas na distribui\u00e7\u00e3o da precipita\u00e7\u00e3o<\/h3>\n\n<p>O aquecimento global \u00e9 um problema grave. As altera\u00e7\u00f5es clim\u00e1ticas est\u00e3o a alterar a frequ\u00eancia e a intensidade da precipita\u00e7\u00e3o. O noroeste regista um aumento significativo, enquanto o sul regista um d\u00e9fice persistente. Em grande escala, as consequ\u00eancias s\u00e3o evidentes: diminui\u00e7\u00e3o dos n\u00edveis de \u00e1gua subterr\u00e2nea, riscos para a sa\u00fade, aumento da press\u00e3o sobre a popula\u00e7\u00e3o e deteriora\u00e7\u00e3o da qualidade da \u00e1gua.   <\/p>\n\n<figure class=\"wp-block-image size-large\"><img fetchpriority=\"high\" decoding=\"async\" width=\"1024\" height=\"610\" src=\"https:\/\/blog.maciterneecolo.fr\/wp-content\/uploads\/2025\/09\/output-1024x610.png\" alt=\"\" class=\"wp-image-14822\" srcset=\"https:\/\/blog.maciterneecolo.fr\/wp-content\/uploads\/2025\/09\/output-1024x610.png 1024w, https:\/\/blog.maciterneecolo.fr\/wp-content\/uploads\/2025\/09\/output-300x179.png 300w, https:\/\/blog.maciterneecolo.fr\/wp-content\/uploads\/2025\/09\/output-768x458.png 768w, https:\/\/blog.maciterneecolo.fr\/wp-content\/uploads\/2025\/09\/output-1536x915.png 1536w, https:\/\/blog.maciterneecolo.fr\/wp-content\/uploads\/2025\/09\/output.png 1980w\" sizes=\"(max-width: 1024px) 100vw, 1024px\" \/><\/figure>\n\n<h2 class=\"wp-block-heading\">As vantagens da cartografia para os indiv\u00edduos e as autoridades locais<\/h2>\n\n<h3 class=\"wp-block-heading\">Dimensiona o teu reservat\u00f3rio flex\u00edvel de acordo com a tua regi\u00e3o<\/h3>\n\n<p>O mapeamento permite que <a href=\"https:\/\/blog.maciterneecolo.fr\/pt-pt\/qual-e-o-tamanho-certo-para-um-coletor-de-aguas-pluviais\/\">as instala\u00e7\u00f5es de armazenamento sejam dimensionadas de forma mais eficaz<\/a>. Em \u00e1reas onde a chuva \u00e9 abundante, um tanque de 5.000 litros \u00e9 suficiente. Nas regi\u00f5es afectadas pelas altera\u00e7\u00f5es clim\u00e1ticas, s\u00e3o necess\u00e1rios reservat\u00f3rios maiores. A gest\u00e3o da \u00e1gua a esta escala \u00e9 essencial para reduzir os riscos de seca.   <\/p>\n\n<h3 class=\"wp-block-heading\">Antecipa-te \u00e0s restri\u00e7\u00f5es e planeia melhor a tua rega<\/h3>\n\n<p>Para a popula\u00e7\u00e3o, a cartografia \u00e9 um instrumento de adapta\u00e7\u00e3o. Permite planear a rega, distribuir melhor os usos e reduzir o impacto das secas. Ao associar os relat\u00f3rios cient\u00edficos \u00e0s pr\u00e1ticas locais, evidencia a rela\u00e7\u00e3o entre as altera\u00e7\u00f5es clim\u00e1ticas e a qualidade de vida humana.  <\/p>\n\n<h3 class=\"wp-block-heading\">Uma ferramenta para sensibilizar e apoiar a tomada de decis\u00f5es ecol\u00f3gicas<\/h3>\n\n<p>A cartografia \u00e9 tamb\u00e9m um instrumento pedag\u00f3gico. Torna vis\u00edveis as consequ\u00eancias das actividades humanas, mostra as origens dos problemas, explica as altera\u00e7\u00f5es clim\u00e1ticas e o seu impacto na popula\u00e7\u00e3o. Utilizada corretamente, incentiva uma melhor gest\u00e3o dos recursos, refor\u00e7a a investiga\u00e7\u00e3o cient\u00edfica e apoia o desenvolvimento sustent\u00e1vel.  <\/p>\n\n<h2 class=\"wp-block-heading\">Para uma gest\u00e3o optimizada das \u00e1guas pluviais em Fran\u00e7a<\/h2>\n\n<h3 class=\"wp-block-heading\">Ferramentas digitais e mapas interactivos dispon\u00edveis<\/h3>\n\n<p>Os mapas interactivos produzidos pelas institui\u00e7\u00f5es em Fran\u00e7a s\u00e3o ferramentas essenciais. Traduzem em imagens os relat\u00f3rios cient\u00edficos e destacam os fen\u00f3menos clim\u00e1ticos, as suas consequ\u00eancias e o seu impacto a n\u00edvel local. Desta forma, as pessoas podem compreender melhor os riscos, antecipar as secas e adaptar o seu modo de consumo.  <\/p>\n\n<h3 class=\"wp-block-heading\">Complementaridade com a recupera\u00e7\u00e3o interna e agr\u00edcola<\/h3>\n\n<p>As solu\u00e7\u00f5es locais, como as <a href=\"https:\/\/www.maciterneecolo.fr\/fr\/3-citernes-souples\">cisternas flex\u00edveis<\/a>, os tanques subterr\u00e2neos e os sistemas de irriga\u00e7\u00e3o, s\u00e3o essenciais. Ajudam a compensar as altera\u00e7\u00f5es clim\u00e1ticas e a melhorar a resili\u00eancia dos ecossistemas e da popula\u00e7\u00e3o humana. A sua ado\u00e7\u00e3o \u00e9 encorajada por relat\u00f3rios cient\u00edficos que demonstram o seu impacto positivo na gest\u00e3o dos recursos.  <\/p>\n\n<h3 class=\"wp-block-heading\">Uma alavanca para te adaptares \u00e0s secas recorrentes<\/h3>\n\n<p>Face \u00e0 seca, a Fran\u00e7a deve apoiar-se na investiga\u00e7\u00e3o cient\u00edfica e no desenvolvimento de novas tecnologias. As altera\u00e7\u00f5es clim\u00e1ticas s\u00e3o um grande problema, mas a adapta\u00e7\u00e3o \u00e9 poss\u00edvel. Combinando a cartografia, reduzindo as emiss\u00f5es de gases, protegendo os ecossistemas e gerindo melhor a \u00e1gua, a sociedade pode reduzir os riscos e garantir uma qualidade de vida aceit\u00e1vel para as gera\u00e7\u00f5es futuras.  <\/p>\n\n<h2 class=\"wp-block-heading\">Conclus\u00e3o<\/h2>\n\n<p>As altera\u00e7\u00f5es clim\u00e1ticas est\u00e3o a transformar a disponibilidade de \u00e1gua em Fran\u00e7a. Algumas regi\u00f5es s\u00e3o abundantes, outras s\u00e3o fr\u00e1geis. A cartografia revela os impactos, explica as consequ\u00eancias e orienta as pessoas para uma melhor gest\u00e3o dos recursos. Gra\u00e7as \u00e0 investiga\u00e7\u00e3o cient\u00edfica, aos relat\u00f3rios e \u00e0s ferramentas digitais, podemos antecipar melhor os problemas, reduzir os riscos, proteger os ecossistemas e melhorar a sa\u00fade humana.   <\/p>\n","protected":false},"excerpt":{"rendered":"<p>A \u00e1gua \u00e9 um dos recursos mais preciosos para a vida humana e para os ecossistemas. No entanto, em Fran\u00e7a, a distribui\u00e7\u00e3o deste recurso \u00e9 profundamente afetada pelas altera\u00e7\u00f5es clim\u00e1ticas. O aquecimento global est\u00e1 a aumentar a temperatura da atmosfera, a modificar os fen\u00f3menos atmosf\u00e9ricos e a aumentar o risco de seca. As consequ\u00eancias s\u00e3o [&hellip;]<\/p>\n","protected":false},"author":4,"featured_media":14838,"comment_status":"open","ping_status":"closed","sticky":false,"template":"","format":"standard","meta":{"inline_featured_image":false,"footnotes":""},"categories":[2264,88],"tags":[],"class_list":["post-14864","post","type-post","status-publish","format-standard","has-post-thumbnail","hentry","category-conselhos-para-escolher-o-reservatorio-flexivel-correto","category-tanques-flexiveis"],"yoast_head":"<!-- This site is optimized with the Yoast SEO plugin v27.4 - https:\/\/yoast.com\/product\/yoast-seo-wordpress\/ -->\n<title>Mapeamento da disponibilidade de \u00e1gua da chuva: porque \u00e9 que algumas regi\u00f5es de Fran\u00e7a est\u00e3o melhor do que outras? - Blog Ma Citerne Ecolo<\/title>\n<meta name=\"description\" content=\"Disponibilidade de \u00e1gua da chuva em Fran\u00e7a: compreender as disparidades regionais, os impactos clim\u00e1ticos e melhorar a gest\u00e3o.\" \/>\n<meta name=\"robots\" content=\"index, follow, max-snippet:-1, max-image-preview:large, max-video-preview:-1\" \/>\n<link rel=\"canonical\" href=\"https:\/\/blog.maciterneecolo.fr\/pt-pt\/mapeamento-da-disponibilidade-de-agua-da-chuva-porque-e-que-algumas-regioes-de-franca-estao-melhor-do-que-outras\/\" \/>\n<meta property=\"og:locale\" content=\"pt_PT\" \/>\n<meta property=\"og:type\" content=\"article\" \/>\n<meta property=\"og:title\" content=\"Mapeamento da disponibilidade de \u00e1gua da chuva: porque \u00e9 que algumas regi\u00f5es de Fran\u00e7a est\u00e3o melhor do que outras? - Blog Ma Citerne Ecolo\" \/>\n<meta property=\"og:description\" content=\"Disponibilidade de \u00e1gua da chuva em Fran\u00e7a: compreender as disparidades regionais, os impactos clim\u00e1ticos e melhorar a gest\u00e3o.\" \/>\n<meta property=\"og:url\" content=\"https:\/\/blog.maciterneecolo.fr\/pt-pt\/mapeamento-da-disponibilidade-de-agua-da-chuva-porque-e-que-algumas-regioes-de-franca-estao-melhor-do-que-outras\/\" \/>\n<meta property=\"og:site_name\" content=\"Blog Ma Citerne Ecolo\" \/>\n<meta property=\"article:published_time\" content=\"2025-10-21T08:00:00+00:00\" \/>\n<meta property=\"og:image\" content=\"https:\/\/blog.maciterneecolo.fr\/wp-content\/uploads\/2025\/09\/ChatGPT-Image-8-sept.-2025-09_59_45.png\" \/>\n\t<meta property=\"og:image:width\" content=\"1024\" \/>\n\t<meta property=\"og:image:height\" content=\"1024\" \/>\n\t<meta property=\"og:image:type\" content=\"image\/png\" \/>\n<meta name=\"author\" content=\"B\u00e9n\u00e9dicte Rebolloso\" \/>\n<meta name=\"twitter:card\" content=\"summary_large_image\" \/>\n<meta name=\"twitter:label1\" content=\"Escrito por\" \/>\n\t<meta name=\"twitter:data1\" content=\"B\u00e9n\u00e9dicte Rebolloso\" \/>\n\t<meta name=\"twitter:label2\" content=\"Tempo estimado de leitura\" \/>\n\t<meta name=\"twitter:data2\" content=\"7 minutos\" \/>\n<script type=\"application\/ld+json\" class=\"yoast-schema-graph\">{\"@context\":\"https:\\\/\\\/schema.org\",\"@graph\":[{\"@type\":\"Article\",\"@id\":\"https:\\\/\\\/blog.maciterneecolo.fr\\\/pt-pt\\\/mapeamento-da-disponibilidade-de-agua-da-chuva-porque-e-que-algumas-regioes-de-franca-estao-melhor-do-que-outras\\\/#article\",\"isPartOf\":{\"@id\":\"https:\\\/\\\/blog.maciterneecolo.fr\\\/pt-pt\\\/mapeamento-da-disponibilidade-de-agua-da-chuva-porque-e-que-algumas-regioes-de-franca-estao-melhor-do-que-outras\\\/\"},\"author\":{\"name\":\"B\u00e9n\u00e9dicte Rebolloso\",\"@id\":\"https:\\\/\\\/blog.maciterneecolo.fr\\\/pt-pt\\\/#\\\/schema\\\/person\\\/fe50d00b4e639107698e1ddead236943\"},\"headline\":\"Mapeamento da disponibilidade de \u00e1gua da chuva: porque \u00e9 que algumas regi\u00f5es de Fran\u00e7a est\u00e3o melhor do que outras?\",\"datePublished\":\"2025-10-21T08:00:00+00:00\",\"mainEntityOfPage\":{\"@id\":\"https:\\\/\\\/blog.maciterneecolo.fr\\\/pt-pt\\\/mapeamento-da-disponibilidade-de-agua-da-chuva-porque-e-que-algumas-regioes-de-franca-estao-melhor-do-que-outras\\\/\"},\"wordCount\":1377,\"commentCount\":0,\"publisher\":{\"@id\":\"https:\\\/\\\/blog.maciterneecolo.fr\\\/pt-pt\\\/#organization\"},\"image\":{\"@id\":\"https:\\\/\\\/blog.maciterneecolo.fr\\\/pt-pt\\\/mapeamento-da-disponibilidade-de-agua-da-chuva-porque-e-que-algumas-regioes-de-franca-estao-melhor-do-que-outras\\\/#primaryimage\"},\"thumbnailUrl\":\"https:\\\/\\\/blog.maciterneecolo.fr\\\/wp-content\\\/uploads\\\/2025\\\/09\\\/ChatGPT-Image-8-sept.-2025-09_59_45.png\",\"articleSection\":[\"conselhos para escolher o reservat\u00f3rio flex\u00edvel correto\",\"Tanques Flex\u00edveis\"],\"inLanguage\":\"pt-PT\",\"potentialAction\":[{\"@type\":\"CommentAction\",\"name\":\"Comment\",\"target\":[\"https:\\\/\\\/blog.maciterneecolo.fr\\\/pt-pt\\\/mapeamento-da-disponibilidade-de-agua-da-chuva-porque-e-que-algumas-regioes-de-franca-estao-melhor-do-que-outras\\\/#respond\"]}]},{\"@type\":\"WebPage\",\"@id\":\"https:\\\/\\\/blog.maciterneecolo.fr\\\/pt-pt\\\/mapeamento-da-disponibilidade-de-agua-da-chuva-porque-e-que-algumas-regioes-de-franca-estao-melhor-do-que-outras\\\/\",\"url\":\"https:\\\/\\\/blog.maciterneecolo.fr\\\/pt-pt\\\/mapeamento-da-disponibilidade-de-agua-da-chuva-porque-e-que-algumas-regioes-de-franca-estao-melhor-do-que-outras\\\/\",\"name\":\"Mapeamento da disponibilidade de \u00e1gua da chuva: porque \u00e9 que algumas regi\u00f5es de Fran\u00e7a est\u00e3o melhor do que outras? - Blog Ma Citerne Ecolo\",\"isPartOf\":{\"@id\":\"https:\\\/\\\/blog.maciterneecolo.fr\\\/pt-pt\\\/#website\"},\"primaryImageOfPage\":{\"@id\":\"https:\\\/\\\/blog.maciterneecolo.fr\\\/pt-pt\\\/mapeamento-da-disponibilidade-de-agua-da-chuva-porque-e-que-algumas-regioes-de-franca-estao-melhor-do-que-outras\\\/#primaryimage\"},\"image\":{\"@id\":\"https:\\\/\\\/blog.maciterneecolo.fr\\\/pt-pt\\\/mapeamento-da-disponibilidade-de-agua-da-chuva-porque-e-que-algumas-regioes-de-franca-estao-melhor-do-que-outras\\\/#primaryimage\"},\"thumbnailUrl\":\"https:\\\/\\\/blog.maciterneecolo.fr\\\/wp-content\\\/uploads\\\/2025\\\/09\\\/ChatGPT-Image-8-sept.-2025-09_59_45.png\",\"datePublished\":\"2025-10-21T08:00:00+00:00\",\"description\":\"Disponibilidade de \u00e1gua da chuva em Fran\u00e7a: compreender as disparidades regionais, os impactos clim\u00e1ticos e melhorar a gest\u00e3o.\",\"breadcrumb\":{\"@id\":\"https:\\\/\\\/blog.maciterneecolo.fr\\\/pt-pt\\\/mapeamento-da-disponibilidade-de-agua-da-chuva-porque-e-que-algumas-regioes-de-franca-estao-melhor-do-que-outras\\\/#breadcrumb\"},\"inLanguage\":\"pt-PT\",\"potentialAction\":[{\"@type\":\"ReadAction\",\"target\":[\"https:\\\/\\\/blog.maciterneecolo.fr\\\/pt-pt\\\/mapeamento-da-disponibilidade-de-agua-da-chuva-porque-e-que-algumas-regioes-de-franca-estao-melhor-do-que-outras\\\/\"]}]},{\"@type\":\"ImageObject\",\"inLanguage\":\"pt-PT\",\"@id\":\"https:\\\/\\\/blog.maciterneecolo.fr\\\/pt-pt\\\/mapeamento-da-disponibilidade-de-agua-da-chuva-porque-e-que-algumas-regioes-de-franca-estao-melhor-do-que-outras\\\/#primaryimage\",\"url\":\"https:\\\/\\\/blog.maciterneecolo.fr\\\/wp-content\\\/uploads\\\/2025\\\/09\\\/ChatGPT-Image-8-sept.-2025-09_59_45.png\",\"contentUrl\":\"https:\\\/\\\/blog.maciterneecolo.fr\\\/wp-content\\\/uploads\\\/2025\\\/09\\\/ChatGPT-Image-8-sept.-2025-09_59_45.png\",\"width\":1024,\"height\":1024},{\"@type\":\"BreadcrumbList\",\"@id\":\"https:\\\/\\\/blog.maciterneecolo.fr\\\/pt-pt\\\/mapeamento-da-disponibilidade-de-agua-da-chuva-porque-e-que-algumas-regioes-de-franca-estao-melhor-do-que-outras\\\/#breadcrumb\",\"itemListElement\":[{\"@type\":\"ListItem\",\"position\":1,\"name\":\"Accueil\",\"item\":\"https:\\\/\\\/blog.maciterneecolo.fr\\\/pt-pt\\\/\"},{\"@type\":\"ListItem\",\"position\":2,\"name\":\"Mapeamento da disponibilidade de \u00e1gua da chuva: porque \u00e9 que algumas regi\u00f5es de Fran\u00e7a est\u00e3o melhor do que outras?\"}]},{\"@type\":\"WebSite\",\"@id\":\"https:\\\/\\\/blog.maciterneecolo.fr\\\/pt-pt\\\/#website\",\"url\":\"https:\\\/\\\/blog.maciterneecolo.fr\\\/pt-pt\\\/\",\"name\":\"Blog Ma Citerne Ecolo\",\"description\":\"Leader dans le domaine de la citerne souple d&#039;eau de pluie\",\"publisher\":{\"@id\":\"https:\\\/\\\/blog.maciterneecolo.fr\\\/pt-pt\\\/#organization\"},\"potentialAction\":[{\"@type\":\"SearchAction\",\"target\":{\"@type\":\"EntryPoint\",\"urlTemplate\":\"https:\\\/\\\/blog.maciterneecolo.fr\\\/pt-pt\\\/?s={search_term_string}\"},\"query-input\":{\"@type\":\"PropertyValueSpecification\",\"valueRequired\":true,\"valueName\":\"search_term_string\"}}],\"inLanguage\":\"pt-PT\"},{\"@type\":\"Organization\",\"@id\":\"https:\\\/\\\/blog.maciterneecolo.fr\\\/pt-pt\\\/#organization\",\"name\":\"Blog Ma Citerne Ecolo\",\"url\":\"https:\\\/\\\/blog.maciterneecolo.fr\\\/pt-pt\\\/\",\"logo\":{\"@type\":\"ImageObject\",\"inLanguage\":\"pt-PT\",\"@id\":\"https:\\\/\\\/blog.maciterneecolo.fr\\\/pt-pt\\\/#\\\/schema\\\/logo\\\/image\\\/\",\"url\":\"https:\\\/\\\/blog.maciterneecolo.fr\\\/wp-content\\\/uploads\\\/2022\\\/12\\\/cropped-favicon-blog.png\",\"contentUrl\":\"https:\\\/\\\/blog.maciterneecolo.fr\\\/wp-content\\\/uploads\\\/2022\\\/12\\\/cropped-favicon-blog.png\",\"width\":512,\"height\":512,\"caption\":\"Blog Ma Citerne Ecolo\"},\"image\":{\"@id\":\"https:\\\/\\\/blog.maciterneecolo.fr\\\/pt-pt\\\/#\\\/schema\\\/logo\\\/image\\\/\"}},{\"@type\":\"Person\",\"@id\":\"https:\\\/\\\/blog.maciterneecolo.fr\\\/pt-pt\\\/#\\\/schema\\\/person\\\/fe50d00b4e639107698e1ddead236943\",\"name\":\"B\u00e9n\u00e9dicte Rebolloso\",\"image\":{\"@type\":\"ImageObject\",\"inLanguage\":\"pt-PT\",\"@id\":\"https:\\\/\\\/secure.gravatar.com\\\/avatar\\\/ffa759db2a4d8ebb52a58b89d3dc2a9f0395a5122bb839045a145d6585de1126?s=96&d=mm&r=g\",\"url\":\"https:\\\/\\\/secure.gravatar.com\\\/avatar\\\/ffa759db2a4d8ebb52a58b89d3dc2a9f0395a5122bb839045a145d6585de1126?s=96&d=mm&r=g\",\"contentUrl\":\"https:\\\/\\\/secure.gravatar.com\\\/avatar\\\/ffa759db2a4d8ebb52a58b89d3dc2a9f0395a5122bb839045a145d6585de1126?s=96&d=mm&r=g\",\"caption\":\"B\u00e9n\u00e9dicte Rebolloso\"},\"url\":\"https:\\\/\\\/blog.maciterneecolo.fr\\\/pt-pt\\\/author\\\/benedicterebolloso\\\/\"}]}<\/script>\n<!-- \/ Yoast SEO plugin. -->","yoast_head_json":{"title":"Mapeamento da disponibilidade de \u00e1gua da chuva: porque \u00e9 que algumas regi\u00f5es de Fran\u00e7a est\u00e3o melhor do que outras? - Blog Ma Citerne Ecolo","description":"Disponibilidade de \u00e1gua da chuva em Fran\u00e7a: compreender as disparidades regionais, os impactos clim\u00e1ticos e melhorar a gest\u00e3o.","robots":{"index":"index","follow":"follow","max-snippet":"max-snippet:-1","max-image-preview":"max-image-preview:large","max-video-preview":"max-video-preview:-1"},"canonical":"https:\/\/blog.maciterneecolo.fr\/pt-pt\/mapeamento-da-disponibilidade-de-agua-da-chuva-porque-e-que-algumas-regioes-de-franca-estao-melhor-do-que-outras\/","og_locale":"pt_PT","og_type":"article","og_title":"Mapeamento da disponibilidade de \u00e1gua da chuva: porque \u00e9 que algumas regi\u00f5es de Fran\u00e7a est\u00e3o melhor do que outras? - Blog Ma Citerne Ecolo","og_description":"Disponibilidade de \u00e1gua da chuva em Fran\u00e7a: compreender as disparidades regionais, os impactos clim\u00e1ticos e melhorar a gest\u00e3o.","og_url":"https:\/\/blog.maciterneecolo.fr\/pt-pt\/mapeamento-da-disponibilidade-de-agua-da-chuva-porque-e-que-algumas-regioes-de-franca-estao-melhor-do-que-outras\/","og_site_name":"Blog Ma Citerne Ecolo","article_published_time":"2025-10-21T08:00:00+00:00","og_image":[{"width":1024,"height":1024,"url":"https:\/\/blog.maciterneecolo.fr\/wp-content\/uploads\/2025\/09\/ChatGPT-Image-8-sept.-2025-09_59_45.png","type":"image\/png"}],"author":"B\u00e9n\u00e9dicte Rebolloso","twitter_card":"summary_large_image","twitter_misc":{"Escrito por":"B\u00e9n\u00e9dicte Rebolloso","Tempo estimado de leitura":"7 minutos"},"schema":{"@context":"https:\/\/schema.org","@graph":[{"@type":"Article","@id":"https:\/\/blog.maciterneecolo.fr\/pt-pt\/mapeamento-da-disponibilidade-de-agua-da-chuva-porque-e-que-algumas-regioes-de-franca-estao-melhor-do-que-outras\/#article","isPartOf":{"@id":"https:\/\/blog.maciterneecolo.fr\/pt-pt\/mapeamento-da-disponibilidade-de-agua-da-chuva-porque-e-que-algumas-regioes-de-franca-estao-melhor-do-que-outras\/"},"author":{"name":"B\u00e9n\u00e9dicte Rebolloso","@id":"https:\/\/blog.maciterneecolo.fr\/pt-pt\/#\/schema\/person\/fe50d00b4e639107698e1ddead236943"},"headline":"Mapeamento da disponibilidade de \u00e1gua da chuva: porque \u00e9 que algumas regi\u00f5es de Fran\u00e7a est\u00e3o melhor do que outras?","datePublished":"2025-10-21T08:00:00+00:00","mainEntityOfPage":{"@id":"https:\/\/blog.maciterneecolo.fr\/pt-pt\/mapeamento-da-disponibilidade-de-agua-da-chuva-porque-e-que-algumas-regioes-de-franca-estao-melhor-do-que-outras\/"},"wordCount":1377,"commentCount":0,"publisher":{"@id":"https:\/\/blog.maciterneecolo.fr\/pt-pt\/#organization"},"image":{"@id":"https:\/\/blog.maciterneecolo.fr\/pt-pt\/mapeamento-da-disponibilidade-de-agua-da-chuva-porque-e-que-algumas-regioes-de-franca-estao-melhor-do-que-outras\/#primaryimage"},"thumbnailUrl":"https:\/\/blog.maciterneecolo.fr\/wp-content\/uploads\/2025\/09\/ChatGPT-Image-8-sept.-2025-09_59_45.png","articleSection":["conselhos para escolher o reservat\u00f3rio flex\u00edvel correto","Tanques Flex\u00edveis"],"inLanguage":"pt-PT","potentialAction":[{"@type":"CommentAction","name":"Comment","target":["https:\/\/blog.maciterneecolo.fr\/pt-pt\/mapeamento-da-disponibilidade-de-agua-da-chuva-porque-e-que-algumas-regioes-de-franca-estao-melhor-do-que-outras\/#respond"]}]},{"@type":"WebPage","@id":"https:\/\/blog.maciterneecolo.fr\/pt-pt\/mapeamento-da-disponibilidade-de-agua-da-chuva-porque-e-que-algumas-regioes-de-franca-estao-melhor-do-que-outras\/","url":"https:\/\/blog.maciterneecolo.fr\/pt-pt\/mapeamento-da-disponibilidade-de-agua-da-chuva-porque-e-que-algumas-regioes-de-franca-estao-melhor-do-que-outras\/","name":"Mapeamento da disponibilidade de \u00e1gua da chuva: porque \u00e9 que algumas regi\u00f5es de Fran\u00e7a est\u00e3o melhor do que outras? - Blog Ma Citerne Ecolo","isPartOf":{"@id":"https:\/\/blog.maciterneecolo.fr\/pt-pt\/#website"},"primaryImageOfPage":{"@id":"https:\/\/blog.maciterneecolo.fr\/pt-pt\/mapeamento-da-disponibilidade-de-agua-da-chuva-porque-e-que-algumas-regioes-de-franca-estao-melhor-do-que-outras\/#primaryimage"},"image":{"@id":"https:\/\/blog.maciterneecolo.fr\/pt-pt\/mapeamento-da-disponibilidade-de-agua-da-chuva-porque-e-que-algumas-regioes-de-franca-estao-melhor-do-que-outras\/#primaryimage"},"thumbnailUrl":"https:\/\/blog.maciterneecolo.fr\/wp-content\/uploads\/2025\/09\/ChatGPT-Image-8-sept.-2025-09_59_45.png","datePublished":"2025-10-21T08:00:00+00:00","description":"Disponibilidade de \u00e1gua da chuva em Fran\u00e7a: compreender as disparidades regionais, os impactos clim\u00e1ticos e melhorar a gest\u00e3o.","breadcrumb":{"@id":"https:\/\/blog.maciterneecolo.fr\/pt-pt\/mapeamento-da-disponibilidade-de-agua-da-chuva-porque-e-que-algumas-regioes-de-franca-estao-melhor-do-que-outras\/#breadcrumb"},"inLanguage":"pt-PT","potentialAction":[{"@type":"ReadAction","target":["https:\/\/blog.maciterneecolo.fr\/pt-pt\/mapeamento-da-disponibilidade-de-agua-da-chuva-porque-e-que-algumas-regioes-de-franca-estao-melhor-do-que-outras\/"]}]},{"@type":"ImageObject","inLanguage":"pt-PT","@id":"https:\/\/blog.maciterneecolo.fr\/pt-pt\/mapeamento-da-disponibilidade-de-agua-da-chuva-porque-e-que-algumas-regioes-de-franca-estao-melhor-do-que-outras\/#primaryimage","url":"https:\/\/blog.maciterneecolo.fr\/wp-content\/uploads\/2025\/09\/ChatGPT-Image-8-sept.-2025-09_59_45.png","contentUrl":"https:\/\/blog.maciterneecolo.fr\/wp-content\/uploads\/2025\/09\/ChatGPT-Image-8-sept.-2025-09_59_45.png","width":1024,"height":1024},{"@type":"BreadcrumbList","@id":"https:\/\/blog.maciterneecolo.fr\/pt-pt\/mapeamento-da-disponibilidade-de-agua-da-chuva-porque-e-que-algumas-regioes-de-franca-estao-melhor-do-que-outras\/#breadcrumb","itemListElement":[{"@type":"ListItem","position":1,"name":"Accueil","item":"https:\/\/blog.maciterneecolo.fr\/pt-pt\/"},{"@type":"ListItem","position":2,"name":"Mapeamento da disponibilidade de \u00e1gua da chuva: porque \u00e9 que algumas regi\u00f5es de Fran\u00e7a est\u00e3o melhor do que outras?"}]},{"@type":"WebSite","@id":"https:\/\/blog.maciterneecolo.fr\/pt-pt\/#website","url":"https:\/\/blog.maciterneecolo.fr\/pt-pt\/","name":"Blog Ma Citerne Ecolo","description":"Leader dans le domaine de la citerne souple d&#039;eau de pluie","publisher":{"@id":"https:\/\/blog.maciterneecolo.fr\/pt-pt\/#organization"},"potentialAction":[{"@type":"SearchAction","target":{"@type":"EntryPoint","urlTemplate":"https:\/\/blog.maciterneecolo.fr\/pt-pt\/?s={search_term_string}"},"query-input":{"@type":"PropertyValueSpecification","valueRequired":true,"valueName":"search_term_string"}}],"inLanguage":"pt-PT"},{"@type":"Organization","@id":"https:\/\/blog.maciterneecolo.fr\/pt-pt\/#organization","name":"Blog Ma Citerne Ecolo","url":"https:\/\/blog.maciterneecolo.fr\/pt-pt\/","logo":{"@type":"ImageObject","inLanguage":"pt-PT","@id":"https:\/\/blog.maciterneecolo.fr\/pt-pt\/#\/schema\/logo\/image\/","url":"https:\/\/blog.maciterneecolo.fr\/wp-content\/uploads\/2022\/12\/cropped-favicon-blog.png","contentUrl":"https:\/\/blog.maciterneecolo.fr\/wp-content\/uploads\/2022\/12\/cropped-favicon-blog.png","width":512,"height":512,"caption":"Blog Ma Citerne Ecolo"},"image":{"@id":"https:\/\/blog.maciterneecolo.fr\/pt-pt\/#\/schema\/logo\/image\/"}},{"@type":"Person","@id":"https:\/\/blog.maciterneecolo.fr\/pt-pt\/#\/schema\/person\/fe50d00b4e639107698e1ddead236943","name":"B\u00e9n\u00e9dicte Rebolloso","image":{"@type":"ImageObject","inLanguage":"pt-PT","@id":"https:\/\/secure.gravatar.com\/avatar\/ffa759db2a4d8ebb52a58b89d3dc2a9f0395a5122bb839045a145d6585de1126?s=96&d=mm&r=g","url":"https:\/\/secure.gravatar.com\/avatar\/ffa759db2a4d8ebb52a58b89d3dc2a9f0395a5122bb839045a145d6585de1126?s=96&d=mm&r=g","contentUrl":"https:\/\/secure.gravatar.com\/avatar\/ffa759db2a4d8ebb52a58b89d3dc2a9f0395a5122bb839045a145d6585de1126?s=96&d=mm&r=g","caption":"B\u00e9n\u00e9dicte Rebolloso"},"url":"https:\/\/blog.maciterneecolo.fr\/pt-pt\/author\/benedicterebolloso\/"}]}},"_links":{"self":[{"href":"https:\/\/blog.maciterneecolo.fr\/pt-pt\/wp-json\/wp\/v2\/posts\/14864","targetHints":{"allow":["GET"]}}],"collection":[{"href":"https:\/\/blog.maciterneecolo.fr\/pt-pt\/wp-json\/wp\/v2\/posts"}],"about":[{"href":"https:\/\/blog.maciterneecolo.fr\/pt-pt\/wp-json\/wp\/v2\/types\/post"}],"author":[{"embeddable":true,"href":"https:\/\/blog.maciterneecolo.fr\/pt-pt\/wp-json\/wp\/v2\/users\/4"}],"replies":[{"embeddable":true,"href":"https:\/\/blog.maciterneecolo.fr\/pt-pt\/wp-json\/wp\/v2\/comments?post=14864"}],"version-history":[{"count":1,"href":"https:\/\/blog.maciterneecolo.fr\/pt-pt\/wp-json\/wp\/v2\/posts\/14864\/revisions"}],"predecessor-version":[{"id":14866,"href":"https:\/\/blog.maciterneecolo.fr\/pt-pt\/wp-json\/wp\/v2\/posts\/14864\/revisions\/14866"}],"wp:featuredmedia":[{"embeddable":true,"href":"https:\/\/blog.maciterneecolo.fr\/pt-pt\/wp-json\/wp\/v2\/media\/14838"}],"wp:attachment":[{"href":"https:\/\/blog.maciterneecolo.fr\/pt-pt\/wp-json\/wp\/v2\/media?parent=14864"}],"wp:term":[{"taxonomy":"category","embeddable":true,"href":"https:\/\/blog.maciterneecolo.fr\/pt-pt\/wp-json\/wp\/v2\/categories?post=14864"},{"taxonomy":"post_tag","embeddable":true,"href":"https:\/\/blog.maciterneecolo.fr\/pt-pt\/wp-json\/wp\/v2\/tags?post=14864"}],"curies":[{"name":"wp","href":"https:\/\/api.w.org\/{rel}","templated":true}]}}