{"id":15019,"date":"2025-11-13T15:00:00","date_gmt":"2025-11-13T15:00:00","guid":{"rendered":"https:\/\/blog.maciterneecolo.fr\/?p=15019"},"modified":"2025-09-09T11:10:07","modified_gmt":"2025-09-09T11:10:07","slug":"quais-sao-as-formas-mais-eficazes-de-armazenar-a-agua-da-chuva-em-zonas-aridas","status":"publish","type":"post","link":"https:\/\/blog.maciterneecolo.fr\/pt-pt\/quais-sao-as-formas-mais-eficazes-de-armazenar-a-agua-da-chuva-em-zonas-aridas\/","title":{"rendered":"Quais s\u00e3o as formas mais eficazes de armazenar a \u00e1gua da chuva em zonas \u00e1ridas?"},"content":{"rendered":"\n<p>Num contexto de secas clim\u00e1ticas cada vez mais frequentes, o armazenamento da \u00e1gua da chuva est\u00e1 a tornar-se uma prioridade para muitas regi\u00f5es \u00e1ridas. Nestas zonas, cada gota \u00e9 preciosa e pode fazer a diferen\u00e7a entre culturas agr\u00edcolas vi\u00e1veis e terras \u00e1ridas. A gest\u00e3o dos recursos h\u00eddricos est\u00e1, portanto, no centro dos projectos sustent\u00e1veis, a fim de garantir a qualidade da \u00e1gua pot\u00e1vel, apoiar a agricultura e preservar o ambiente.  <\/p>\n\n<p>Existe uma vasta gama de t\u00e9cnicas dispon\u00edveis, desde os sistemas tradicionais de recolha at\u00e9 \u00e0s novas tecnologias de filtragem e tratamento. Este artigo explora as melhores solu\u00e7\u00f5es para as zonas \u00e1ridas, para satisfazer as necessidades de irriga\u00e7\u00e3o, conserva\u00e7\u00e3o e consumo. <\/p>\n\n<h2 class=\"wp-block-heading\">Os desafios do armazenamento de \u00e1gua em zonas \u00e1ridas<\/h2>\n\n<h3 class=\"wp-block-heading\">Um recurso escasso face \u00e0s altera\u00e7\u00f5es clim\u00e1ticas<\/h3>\n\n<p>O clima nas zonas \u00e1ridas caracteriza-se por uma precipita\u00e7\u00e3o baixa e irregular. A crescente escassez de recursos h\u00eddricos em resultado das altera\u00e7\u00f5es clim\u00e1ticas acentua esta vulnerabilidade. Em algumas regi\u00f5es, os epis\u00f3dios de precipita\u00e7\u00e3o s\u00e3o curtos mas intensos, o que torna essencial a exist\u00eancia de um sistema de armazenamento eficaz para evitar que a \u00e1gua da chuva se perca no solo seco ou se evapore rapidamente.  <\/p>\n\n<h3 class=\"wp-block-heading\">Necessidades essenciais para a popula\u00e7\u00e3o e a agricultura<\/h3>\n\n<p>Nas zonas \u00e1ridas, a \u00e1gua \u00e9 essencial para a sa\u00fade, a agricultura e a rega das plantas. As culturas agr\u00edcolas dependem diretamente da irriga\u00e7\u00e3o. Sem sistemas de armazenamento adequados, os recursos dispon\u00edveis n\u00e3o s\u00e3o suficientes para cobrir o consumo humano ou para apoiar projectos agr\u00edcolas.  <\/p>\n\n<h3 class=\"wp-block-heading\">Os limites dos recursos tradicionais<\/h3>\n\n<p><a href=\"https:\/\/blog.maciterneecolo.fr\/pt-pt\/sera-que-ainda-podemos-evitar-uma-falta-de-agua-generalizada-em-franca\/\">Os len\u00e7\u00f3is fre\u00e1ticos, muitas vezes sobreexplorados, n\u00e3o s\u00e3o suficientemente recarregados nas regi\u00f5es \u00e1ridas<\/a>. Al\u00e9m disso, o tratamento das \u00e1guas residuais continua a ser limitado pela falta de recursos. A import\u00e2ncia da recolha de \u00e1guas pluviais \u00e9, pois, essencial para a conserva\u00e7\u00e3o dos recursos e a manuten\u00e7\u00e3o de uma qualidade sustent\u00e1vel.  <\/p>\n\n<h2 class=\"wp-block-heading\">T\u00e9cnicas de armazenamento tradicionais<\/h2>\n\n<h3 class=\"wp-block-heading\">Tanques subterr\u00e2neos e bacias de reten\u00e7\u00e3o<\/h3>\n\n<p>H\u00e1 s\u00e9culos que as pessoas que vivem em zonas \u00e1ridas utilizam cisternas subterr\u00e2neas para armazenar a \u00e1gua da chuva. Protegidas da evapora\u00e7\u00e3o e do calor, asseguram uma melhor conserva\u00e7\u00e3o. As bacias de reten\u00e7\u00e3o tamb\u00e9m desempenham um papel fundamental ao permitir que a \u00e1gua se infiltre progressivamente no solo, recarregando as \u00e1guas subterr\u00e2neas e apoiando a gest\u00e3o sustent\u00e1vel dos recursos.  <\/p>\n\n<h3 class=\"wp-block-heading\">Frascos e sistemas ancestrais<\/h3>\n\n<p>Em v\u00e1rios pa\u00edses agr\u00edcolas, as pr\u00e1ticas antigas baseavam-se em jarros ou canais para armazenar a \u00e1gua da chuva. Embora limitadas em termos de capacidade, estas t\u00e9cnicas simples continuam a ser uma fonte de inspira\u00e7\u00e3o para melhorar a gest\u00e3o da \u00e1gua em regi\u00f5es \u00e1ridas. <\/p>\n\n<h3 class=\"wp-block-heading\">Pr\u00e1ticas e conhecimentos locais<\/h3>\n\n<p>Cada zona \u00e1rida desenvolveu os seus pr\u00f3prios sistemas adaptados \u00e0s condi\u00e7\u00f5es climat\u00e9ricas. Pequenas barragens, valas e po\u00e7os foram utilizados para concentrar a \u00e1gua da chuva para irrigar as culturas e proteger as \u00e1rvores. Estes processos tradicionais sublinham a import\u00e2ncia de tirar o m\u00e1ximo partido dos conhecimentos locais em qualquer projeto moderno.  <\/p>\n\n<h2 class=\"wp-block-heading\">Solu\u00e7\u00f5es modernas e inovadoras<\/h2>\n\n<h3 class=\"wp-block-heading\">Dep\u00f3sitos flex\u00edveis: uma alternativa sustent\u00e1vel<\/h3>\n\n<p>Entre as solu\u00e7\u00f5es modernas, a <a href=\"https:\/\/www.maciterneecolo.fr\/fr\/3-citernes-souples\">cisterna flex\u00edvel<\/a> destaca-se pela sua simplicidade e durabilidade. R\u00e1pidas de instalar, podem armazenar v\u00e1rios milhares de litros de \u00e1gua da chuva. A sua prote\u00e7\u00e3o da luz e do ar limita a contamina\u00e7\u00e3o, o que melhora a qualidade da \u00e1gua armazenada. Utilizada tanto para necessidades dom\u00e9sticas como agr\u00edcolas, afirmou-se como uma tecnologia adaptada \u00e0s zonas \u00e1ridas.   <\/p>\n\n<h3 class=\"wp-block-heading\">Tanques modulares e sistemas conectados<\/h3>\n\n<p>Os reservat\u00f3rios modulares oferecem uma grande flexibilidade de instala\u00e7\u00e3o. Em zonas \u00e1ridas, podem ser acoplados a sistemas ligados que monitorizam o consumo, ajustam a rega gota a gota e optimizam a gest\u00e3o dos recursos. Estas t\u00e9cnicas modernas v\u00e3o ao encontro da necessidade de reduzir as perdas de \u00e1gua e apoiar uma agricultura sustent\u00e1vel.  <\/p>\n\n<h3 class=\"wp-block-heading\">Filtra\u00e7\u00e3o e tratamento de \u00e1gua pot\u00e1vel<\/h3>\n\n<p>Um armazenamento eficiente deve ser acompanhado de processos de filtragem para garantir a qualidade da \u00e1gua pot\u00e1vel. Os sistemas de tratamento modernos eliminam as bact\u00e9rias e as part\u00edculas, tornando a \u00e1gua utiliz\u00e1vel para consumo humano. Nas zonas \u00e1ridas, a combina\u00e7\u00e3o de armazenamento e filtra\u00e7\u00e3o \u00e9 essencial para proteger a sa\u00fade das pessoas e reduzir os riscos associados \u00e0s \u00e1guas residuais.  <\/p>\n\n<h2 class=\"wp-block-heading\">A import\u00e2ncia da gest\u00e3o integrada<\/h2>\n\n<h3 class=\"wp-block-heading\">Combina\u00e7\u00e3o de armazenamento e irriga\u00e7\u00e3o por gotejamento<\/h3>\n\n<p>Um sistema de armazenamento n\u00e3o \u00e9 suficiente: deve ser integrado com t\u00e9cnicas de irriga\u00e7\u00e3o econ\u00f3micas, como a irriga\u00e7\u00e3o gota a gota. Este m\u00e9todo de rega preciso reduz o consumo, protege as plantas e melhora a qualidade das culturas em zonas \u00e1ridas. A utiliza\u00e7\u00e3o combinada de armazenamento e irriga\u00e7\u00e3o representa uma solu\u00e7\u00e3o sustent\u00e1vel e eficaz.  <\/p>\n\n<h3 class=\"wp-block-heading\">A contribui\u00e7\u00e3o das energias renov\u00e1veis<\/h3>\n\n<p>Em muitas regi\u00f5es \u00e1ridas, os projectos agr\u00edcolas dependem de bombas alimentadas por fontes renov\u00e1veis. Estas tecnologias energ\u00e9ticas permitem distribuir a \u00e1gua da chuva armazenada, reduzindo o impacto ambiental. A combina\u00e7\u00e3o da gest\u00e3o da \u00e1gua com sistemas energ\u00e9ticos respons\u00e1veis contribui para a sustentabilidade das instala\u00e7\u00f5es.  <\/p>\n\n<h3 class=\"wp-block-heading\">Exemplos de projectos bem sucedidos<\/h3>\n\n<p>Pa\u00edses \u00e1ridos como Israel, \u00cdndia e partes de \u00c1frica desenvolveram projectos-piloto que combinam o armazenamento, a filtragem e a irriga\u00e7\u00e3o das \u00e1guas pluviais. Estas iniciativas mostram que, mesmo em condi\u00e7\u00f5es clim\u00e1ticas dif\u00edceis, \u00e9 poss\u00edvel p\u00f4r em pr\u00e1tica solu\u00e7\u00f5es t\u00e9cnicas adequadas, garantindo a conserva\u00e7\u00e3o dos recursos e a melhoria das terras agr\u00edcolas. <\/p>\n\n<h2 class=\"wp-block-heading\">Perspectivas e desafios para o futuro<\/h2>\n\n<h3 class=\"wp-block-heading\">Adaptar as solu\u00e7\u00f5es ao contexto local<\/h3>\n\n<p>Cada zona \u00e1rida tem os seus condicionalismos espec\u00edficos: solos arenosos, pluviosidade irregular, press\u00f5es demogr\u00e1ficas. Por conseguinte, os sistemas de armazenamento devem ser concebidos de acordo com o contexto. Um projeto sustent\u00e1vel \u00e9 bem sucedido quando tem em conta os recursos dispon\u00edveis, as pr\u00e1ticas locais e as necessidades agr\u00edcolas.  <\/p>\n\n<h3 class=\"wp-block-heading\">O papel das autarquias locais e das pol\u00edticas p\u00fablicas<\/h3>\n\n<p>A implementa\u00e7\u00e3o de solu\u00e7\u00f5es <a href=\"https:\/\/www.maciterneecolo.fr\/fr\/\">de armazenamento de \u00e1guas pluviais<\/a> tamb\u00e9m requer o envolvimento das autoridades locais. As autoridades locais devem apoiar a instala\u00e7\u00e3o de cisternas, promover a utiliza\u00e7\u00e3o da \u00e1gua da chuva e desenvolver programas de gest\u00e3o integrada. Esta aten\u00e7\u00e3o aos recursos h\u00eddricos contribui para a prote\u00e7\u00e3o do ambiente e para a melhoria da sa\u00fade p\u00fablica.  <\/p>\n\n<h3 class=\"wp-block-heading\">Para uma resili\u00eancia sustent\u00e1vel face \u00e0 seca<\/h3>\n\n<p>As zonas \u00e1ridas est\u00e3o na linha da frente no que diz respeito \u00e0s altera\u00e7\u00f5es clim\u00e1ticas. Investir em t\u00e9cnicas de armazenamento de \u00e1guas pluviais \u00e9 uma forma de refor\u00e7ar a sua resili\u00eancia. Os sistemas modernos de conserva\u00e7\u00e3o, combinados com pr\u00e1ticas agr\u00edcolas sustent\u00e1veis, ajudam a garantir a seguran\u00e7a alimentar e a proteger os recursos h\u00eddricos para as gera\u00e7\u00f5es futuras.  <\/p>\n\n<h2 class=\"wp-block-heading\">Conclus\u00e3o<\/h2>\n\n<p>Nas zonas \u00e1ridas, o armazenamento da \u00e1gua da chuva n\u00e3o \u00e9 uma op\u00e7\u00e3o, mas sim uma necessidade. Entre as pr\u00e1ticas tradicionais e as tecnologias modernas, existe uma diversidade de solu\u00e7\u00f5es para responder \u00e0s necessidades das popula\u00e7\u00f5es, da agricultura e do ambiente. As cisternas flex\u00edveis, os reservat\u00f3rios modulares, os sistemas de filtragem e a irriga\u00e7\u00e3o gota a gota mostram que cada projeto pode dar uma resposta adequada.  <\/p>\n\n<p>No futuro, o desafio ser\u00e1 integrar estas t\u00e9cnicas de armazenamento numa gest\u00e3o sustent\u00e1vel e global, de modo a que cada regi\u00e3o \u00e1rida possa enfrentar os desafios da seca clim\u00e1tica, protegendo simultaneamente os seus recursos naturais e a sa\u00fade dos seus habitantes.<\/p>\n","protected":false},"excerpt":{"rendered":"<p>Num contexto de secas clim\u00e1ticas cada vez mais frequentes, o armazenamento da \u00e1gua da chuva est\u00e1 a tornar-se uma prioridade para muitas regi\u00f5es \u00e1ridas. Nestas zonas, cada gota \u00e9 preciosa e pode fazer a diferen\u00e7a entre culturas agr\u00edcolas vi\u00e1veis e terras \u00e1ridas. A gest\u00e3o dos recursos h\u00eddricos est\u00e1, portanto, no centro dos projectos sustent\u00e1veis, a [&hellip;]<\/p>\n","protected":false},"author":4,"featured_media":15000,"comment_status":"open","ping_status":"closed","sticky":false,"template":"","format":"standard","meta":{"inline_featured_image":false,"footnotes":""},"categories":[2763,88],"tags":[],"class_list":["post-15019","post","type-post","status-publish","format-standard","has-post-thumbnail","hentry","category-a-vida-quotidiana-e-a-agua-da-chuva","category-tanques-flexiveis"],"yoast_head":"<!-- This site is optimized with the Yoast SEO plugin v27.4 - https:\/\/yoast.com\/product\/yoast-seo-wordpress\/ -->\n<title>Quais s\u00e3o as formas mais eficazes de armazenar a \u00e1gua da chuva em zonas \u00e1ridas? - Blog Ma Citerne Ecolo<\/title>\n<meta name=\"description\" content=\"Solu\u00e7\u00f5es eficientes de armazenamento de \u00e1gua da chuva em zonas \u00e1ridas: t\u00e9cnicas, sistemas e gest\u00e3o para a agricultura e a sa\u00fade.\" \/>\n<meta name=\"robots\" content=\"index, follow, max-snippet:-1, max-image-preview:large, max-video-preview:-1\" \/>\n<link rel=\"canonical\" href=\"https:\/\/blog.maciterneecolo.fr\/pt-pt\/quais-sao-as-formas-mais-eficazes-de-armazenar-a-agua-da-chuva-em-zonas-aridas\/\" \/>\n<meta property=\"og:locale\" content=\"pt_PT\" \/>\n<meta property=\"og:type\" content=\"article\" \/>\n<meta property=\"og:title\" content=\"Quais s\u00e3o as formas mais eficazes de armazenar a \u00e1gua da chuva em zonas \u00e1ridas? - Blog Ma Citerne Ecolo\" \/>\n<meta property=\"og:description\" content=\"Solu\u00e7\u00f5es eficientes de armazenamento de \u00e1gua da chuva em zonas \u00e1ridas: t\u00e9cnicas, sistemas e gest\u00e3o para a agricultura e a sa\u00fade.\" \/>\n<meta property=\"og:url\" content=\"https:\/\/blog.maciterneecolo.fr\/pt-pt\/quais-sao-as-formas-mais-eficazes-de-armazenar-a-agua-da-chuva-em-zonas-aridas\/\" \/>\n<meta property=\"og:site_name\" content=\"Blog Ma Citerne Ecolo\" \/>\n<meta property=\"article:published_time\" content=\"2025-11-13T15:00:00+00:00\" \/>\n<meta property=\"og:image\" content=\"https:\/\/blog.maciterneecolo.fr\/wp-content\/uploads\/2025\/09\/pexels-brett-buskirk-70981875-33159407-scaled.jpg\" \/>\n\t<meta property=\"og:image:width\" content=\"2560\" \/>\n\t<meta property=\"og:image:height\" content=\"1928\" \/>\n\t<meta property=\"og:image:type\" content=\"image\/jpeg\" \/>\n<meta name=\"author\" content=\"B\u00e9n\u00e9dicte Rebolloso\" \/>\n<meta name=\"twitter:card\" content=\"summary_large_image\" \/>\n<meta name=\"twitter:label1\" content=\"Escrito por\" \/>\n\t<meta name=\"twitter:data1\" content=\"B\u00e9n\u00e9dicte Rebolloso\" \/>\n\t<meta name=\"twitter:label2\" content=\"Tempo estimado de leitura\" \/>\n\t<meta name=\"twitter:data2\" content=\"7 minutos\" \/>\n<script type=\"application\/ld+json\" class=\"yoast-schema-graph\">{\"@context\":\"https:\\\/\\\/schema.org\",\"@graph\":[{\"@type\":\"Article\",\"@id\":\"https:\\\/\\\/blog.maciterneecolo.fr\\\/pt-pt\\\/quais-sao-as-formas-mais-eficazes-de-armazenar-a-agua-da-chuva-em-zonas-aridas\\\/#article\",\"isPartOf\":{\"@id\":\"https:\\\/\\\/blog.maciterneecolo.fr\\\/pt-pt\\\/quais-sao-as-formas-mais-eficazes-de-armazenar-a-agua-da-chuva-em-zonas-aridas\\\/\"},\"author\":{\"name\":\"B\u00e9n\u00e9dicte Rebolloso\",\"@id\":\"https:\\\/\\\/blog.maciterneecolo.fr\\\/pt-pt\\\/#\\\/schema\\\/person\\\/fe50d00b4e639107698e1ddead236943\"},\"headline\":\"Quais s\u00e3o as formas mais eficazes de armazenar a \u00e1gua da chuva em zonas \u00e1ridas?\",\"datePublished\":\"2025-11-13T15:00:00+00:00\",\"mainEntityOfPage\":{\"@id\":\"https:\\\/\\\/blog.maciterneecolo.fr\\\/pt-pt\\\/quais-sao-as-formas-mais-eficazes-de-armazenar-a-agua-da-chuva-em-zonas-aridas\\\/\"},\"wordCount\":1322,\"commentCount\":0,\"publisher\":{\"@id\":\"https:\\\/\\\/blog.maciterneecolo.fr\\\/pt-pt\\\/#organization\"},\"image\":{\"@id\":\"https:\\\/\\\/blog.maciterneecolo.fr\\\/pt-pt\\\/quais-sao-as-formas-mais-eficazes-de-armazenar-a-agua-da-chuva-em-zonas-aridas\\\/#primaryimage\"},\"thumbnailUrl\":\"https:\\\/\\\/blog.maciterneecolo.fr\\\/wp-content\\\/uploads\\\/2025\\\/09\\\/pexels-brett-buskirk-70981875-33159407-scaled.jpg\",\"articleSection\":[\"A vida quotidiana e a \u00e1gua da chuva\",\"Tanques Flex\u00edveis\"],\"inLanguage\":\"pt-PT\",\"potentialAction\":[{\"@type\":\"CommentAction\",\"name\":\"Comment\",\"target\":[\"https:\\\/\\\/blog.maciterneecolo.fr\\\/pt-pt\\\/quais-sao-as-formas-mais-eficazes-de-armazenar-a-agua-da-chuva-em-zonas-aridas\\\/#respond\"]}]},{\"@type\":\"WebPage\",\"@id\":\"https:\\\/\\\/blog.maciterneecolo.fr\\\/pt-pt\\\/quais-sao-as-formas-mais-eficazes-de-armazenar-a-agua-da-chuva-em-zonas-aridas\\\/\",\"url\":\"https:\\\/\\\/blog.maciterneecolo.fr\\\/pt-pt\\\/quais-sao-as-formas-mais-eficazes-de-armazenar-a-agua-da-chuva-em-zonas-aridas\\\/\",\"name\":\"Quais s\u00e3o as formas mais eficazes de armazenar a \u00e1gua da chuva em zonas \u00e1ridas? - Blog Ma Citerne Ecolo\",\"isPartOf\":{\"@id\":\"https:\\\/\\\/blog.maciterneecolo.fr\\\/pt-pt\\\/#website\"},\"primaryImageOfPage\":{\"@id\":\"https:\\\/\\\/blog.maciterneecolo.fr\\\/pt-pt\\\/quais-sao-as-formas-mais-eficazes-de-armazenar-a-agua-da-chuva-em-zonas-aridas\\\/#primaryimage\"},\"image\":{\"@id\":\"https:\\\/\\\/blog.maciterneecolo.fr\\\/pt-pt\\\/quais-sao-as-formas-mais-eficazes-de-armazenar-a-agua-da-chuva-em-zonas-aridas\\\/#primaryimage\"},\"thumbnailUrl\":\"https:\\\/\\\/blog.maciterneecolo.fr\\\/wp-content\\\/uploads\\\/2025\\\/09\\\/pexels-brett-buskirk-70981875-33159407-scaled.jpg\",\"datePublished\":\"2025-11-13T15:00:00+00:00\",\"description\":\"Solu\u00e7\u00f5es eficientes de armazenamento de \u00e1gua da chuva em zonas \u00e1ridas: t\u00e9cnicas, sistemas e gest\u00e3o para a agricultura e a sa\u00fade.\",\"breadcrumb\":{\"@id\":\"https:\\\/\\\/blog.maciterneecolo.fr\\\/pt-pt\\\/quais-sao-as-formas-mais-eficazes-de-armazenar-a-agua-da-chuva-em-zonas-aridas\\\/#breadcrumb\"},\"inLanguage\":\"pt-PT\",\"potentialAction\":[{\"@type\":\"ReadAction\",\"target\":[\"https:\\\/\\\/blog.maciterneecolo.fr\\\/pt-pt\\\/quais-sao-as-formas-mais-eficazes-de-armazenar-a-agua-da-chuva-em-zonas-aridas\\\/\"]}]},{\"@type\":\"ImageObject\",\"inLanguage\":\"pt-PT\",\"@id\":\"https:\\\/\\\/blog.maciterneecolo.fr\\\/pt-pt\\\/quais-sao-as-formas-mais-eficazes-de-armazenar-a-agua-da-chuva-em-zonas-aridas\\\/#primaryimage\",\"url\":\"https:\\\/\\\/blog.maciterneecolo.fr\\\/wp-content\\\/uploads\\\/2025\\\/09\\\/pexels-brett-buskirk-70981875-33159407-scaled.jpg\",\"contentUrl\":\"https:\\\/\\\/blog.maciterneecolo.fr\\\/wp-content\\\/uploads\\\/2025\\\/09\\\/pexels-brett-buskirk-70981875-33159407-scaled.jpg\",\"width\":2560,\"height\":1928},{\"@type\":\"BreadcrumbList\",\"@id\":\"https:\\\/\\\/blog.maciterneecolo.fr\\\/pt-pt\\\/quais-sao-as-formas-mais-eficazes-de-armazenar-a-agua-da-chuva-em-zonas-aridas\\\/#breadcrumb\",\"itemListElement\":[{\"@type\":\"ListItem\",\"position\":1,\"name\":\"Accueil\",\"item\":\"https:\\\/\\\/blog.maciterneecolo.fr\\\/pt-pt\\\/\"},{\"@type\":\"ListItem\",\"position\":2,\"name\":\"Quais s\u00e3o as formas mais eficazes de armazenar a \u00e1gua da chuva em zonas \u00e1ridas?\"}]},{\"@type\":\"WebSite\",\"@id\":\"https:\\\/\\\/blog.maciterneecolo.fr\\\/pt-pt\\\/#website\",\"url\":\"https:\\\/\\\/blog.maciterneecolo.fr\\\/pt-pt\\\/\",\"name\":\"Blog Ma Citerne Ecolo\",\"description\":\"Leader dans le domaine de la citerne souple d&#039;eau de pluie\",\"publisher\":{\"@id\":\"https:\\\/\\\/blog.maciterneecolo.fr\\\/pt-pt\\\/#organization\"},\"potentialAction\":[{\"@type\":\"SearchAction\",\"target\":{\"@type\":\"EntryPoint\",\"urlTemplate\":\"https:\\\/\\\/blog.maciterneecolo.fr\\\/pt-pt\\\/?s={search_term_string}\"},\"query-input\":{\"@type\":\"PropertyValueSpecification\",\"valueRequired\":true,\"valueName\":\"search_term_string\"}}],\"inLanguage\":\"pt-PT\"},{\"@type\":\"Organization\",\"@id\":\"https:\\\/\\\/blog.maciterneecolo.fr\\\/pt-pt\\\/#organization\",\"name\":\"Blog Ma Citerne Ecolo\",\"url\":\"https:\\\/\\\/blog.maciterneecolo.fr\\\/pt-pt\\\/\",\"logo\":{\"@type\":\"ImageObject\",\"inLanguage\":\"pt-PT\",\"@id\":\"https:\\\/\\\/blog.maciterneecolo.fr\\\/pt-pt\\\/#\\\/schema\\\/logo\\\/image\\\/\",\"url\":\"https:\\\/\\\/blog.maciterneecolo.fr\\\/wp-content\\\/uploads\\\/2022\\\/12\\\/cropped-favicon-blog.png\",\"contentUrl\":\"https:\\\/\\\/blog.maciterneecolo.fr\\\/wp-content\\\/uploads\\\/2022\\\/12\\\/cropped-favicon-blog.png\",\"width\":512,\"height\":512,\"caption\":\"Blog Ma Citerne Ecolo\"},\"image\":{\"@id\":\"https:\\\/\\\/blog.maciterneecolo.fr\\\/pt-pt\\\/#\\\/schema\\\/logo\\\/image\\\/\"}},{\"@type\":\"Person\",\"@id\":\"https:\\\/\\\/blog.maciterneecolo.fr\\\/pt-pt\\\/#\\\/schema\\\/person\\\/fe50d00b4e639107698e1ddead236943\",\"name\":\"B\u00e9n\u00e9dicte Rebolloso\",\"image\":{\"@type\":\"ImageObject\",\"inLanguage\":\"pt-PT\",\"@id\":\"https:\\\/\\\/secure.gravatar.com\\\/avatar\\\/ffa759db2a4d8ebb52a58b89d3dc2a9f0395a5122bb839045a145d6585de1126?s=96&d=mm&r=g\",\"url\":\"https:\\\/\\\/secure.gravatar.com\\\/avatar\\\/ffa759db2a4d8ebb52a58b89d3dc2a9f0395a5122bb839045a145d6585de1126?s=96&d=mm&r=g\",\"contentUrl\":\"https:\\\/\\\/secure.gravatar.com\\\/avatar\\\/ffa759db2a4d8ebb52a58b89d3dc2a9f0395a5122bb839045a145d6585de1126?s=96&d=mm&r=g\",\"caption\":\"B\u00e9n\u00e9dicte Rebolloso\"},\"url\":\"https:\\\/\\\/blog.maciterneecolo.fr\\\/pt-pt\\\/author\\\/benedicterebolloso\\\/\"}]}<\/script>\n<!-- \/ Yoast SEO plugin. -->","yoast_head_json":{"title":"Quais s\u00e3o as formas mais eficazes de armazenar a \u00e1gua da chuva em zonas \u00e1ridas? - Blog Ma Citerne Ecolo","description":"Solu\u00e7\u00f5es eficientes de armazenamento de \u00e1gua da chuva em zonas \u00e1ridas: t\u00e9cnicas, sistemas e gest\u00e3o para a agricultura e a sa\u00fade.","robots":{"index":"index","follow":"follow","max-snippet":"max-snippet:-1","max-image-preview":"max-image-preview:large","max-video-preview":"max-video-preview:-1"},"canonical":"https:\/\/blog.maciterneecolo.fr\/pt-pt\/quais-sao-as-formas-mais-eficazes-de-armazenar-a-agua-da-chuva-em-zonas-aridas\/","og_locale":"pt_PT","og_type":"article","og_title":"Quais s\u00e3o as formas mais eficazes de armazenar a \u00e1gua da chuva em zonas \u00e1ridas? - Blog Ma Citerne Ecolo","og_description":"Solu\u00e7\u00f5es eficientes de armazenamento de \u00e1gua da chuva em zonas \u00e1ridas: t\u00e9cnicas, sistemas e gest\u00e3o para a agricultura e a sa\u00fade.","og_url":"https:\/\/blog.maciterneecolo.fr\/pt-pt\/quais-sao-as-formas-mais-eficazes-de-armazenar-a-agua-da-chuva-em-zonas-aridas\/","og_site_name":"Blog Ma Citerne Ecolo","article_published_time":"2025-11-13T15:00:00+00:00","og_image":[{"width":2560,"height":1928,"url":"https:\/\/blog.maciterneecolo.fr\/wp-content\/uploads\/2025\/09\/pexels-brett-buskirk-70981875-33159407-scaled.jpg","type":"image\/jpeg"}],"author":"B\u00e9n\u00e9dicte Rebolloso","twitter_card":"summary_large_image","twitter_misc":{"Escrito por":"B\u00e9n\u00e9dicte Rebolloso","Tempo estimado de leitura":"7 minutos"},"schema":{"@context":"https:\/\/schema.org","@graph":[{"@type":"Article","@id":"https:\/\/blog.maciterneecolo.fr\/pt-pt\/quais-sao-as-formas-mais-eficazes-de-armazenar-a-agua-da-chuva-em-zonas-aridas\/#article","isPartOf":{"@id":"https:\/\/blog.maciterneecolo.fr\/pt-pt\/quais-sao-as-formas-mais-eficazes-de-armazenar-a-agua-da-chuva-em-zonas-aridas\/"},"author":{"name":"B\u00e9n\u00e9dicte Rebolloso","@id":"https:\/\/blog.maciterneecolo.fr\/pt-pt\/#\/schema\/person\/fe50d00b4e639107698e1ddead236943"},"headline":"Quais s\u00e3o as formas mais eficazes de armazenar a \u00e1gua da chuva em zonas \u00e1ridas?","datePublished":"2025-11-13T15:00:00+00:00","mainEntityOfPage":{"@id":"https:\/\/blog.maciterneecolo.fr\/pt-pt\/quais-sao-as-formas-mais-eficazes-de-armazenar-a-agua-da-chuva-em-zonas-aridas\/"},"wordCount":1322,"commentCount":0,"publisher":{"@id":"https:\/\/blog.maciterneecolo.fr\/pt-pt\/#organization"},"image":{"@id":"https:\/\/blog.maciterneecolo.fr\/pt-pt\/quais-sao-as-formas-mais-eficazes-de-armazenar-a-agua-da-chuva-em-zonas-aridas\/#primaryimage"},"thumbnailUrl":"https:\/\/blog.maciterneecolo.fr\/wp-content\/uploads\/2025\/09\/pexels-brett-buskirk-70981875-33159407-scaled.jpg","articleSection":["A vida quotidiana e a \u00e1gua da chuva","Tanques Flex\u00edveis"],"inLanguage":"pt-PT","potentialAction":[{"@type":"CommentAction","name":"Comment","target":["https:\/\/blog.maciterneecolo.fr\/pt-pt\/quais-sao-as-formas-mais-eficazes-de-armazenar-a-agua-da-chuva-em-zonas-aridas\/#respond"]}]},{"@type":"WebPage","@id":"https:\/\/blog.maciterneecolo.fr\/pt-pt\/quais-sao-as-formas-mais-eficazes-de-armazenar-a-agua-da-chuva-em-zonas-aridas\/","url":"https:\/\/blog.maciterneecolo.fr\/pt-pt\/quais-sao-as-formas-mais-eficazes-de-armazenar-a-agua-da-chuva-em-zonas-aridas\/","name":"Quais s\u00e3o as formas mais eficazes de armazenar a \u00e1gua da chuva em zonas \u00e1ridas? - Blog Ma Citerne Ecolo","isPartOf":{"@id":"https:\/\/blog.maciterneecolo.fr\/pt-pt\/#website"},"primaryImageOfPage":{"@id":"https:\/\/blog.maciterneecolo.fr\/pt-pt\/quais-sao-as-formas-mais-eficazes-de-armazenar-a-agua-da-chuva-em-zonas-aridas\/#primaryimage"},"image":{"@id":"https:\/\/blog.maciterneecolo.fr\/pt-pt\/quais-sao-as-formas-mais-eficazes-de-armazenar-a-agua-da-chuva-em-zonas-aridas\/#primaryimage"},"thumbnailUrl":"https:\/\/blog.maciterneecolo.fr\/wp-content\/uploads\/2025\/09\/pexels-brett-buskirk-70981875-33159407-scaled.jpg","datePublished":"2025-11-13T15:00:00+00:00","description":"Solu\u00e7\u00f5es eficientes de armazenamento de \u00e1gua da chuva em zonas \u00e1ridas: t\u00e9cnicas, sistemas e gest\u00e3o para a agricultura e a sa\u00fade.","breadcrumb":{"@id":"https:\/\/blog.maciterneecolo.fr\/pt-pt\/quais-sao-as-formas-mais-eficazes-de-armazenar-a-agua-da-chuva-em-zonas-aridas\/#breadcrumb"},"inLanguage":"pt-PT","potentialAction":[{"@type":"ReadAction","target":["https:\/\/blog.maciterneecolo.fr\/pt-pt\/quais-sao-as-formas-mais-eficazes-de-armazenar-a-agua-da-chuva-em-zonas-aridas\/"]}]},{"@type":"ImageObject","inLanguage":"pt-PT","@id":"https:\/\/blog.maciterneecolo.fr\/pt-pt\/quais-sao-as-formas-mais-eficazes-de-armazenar-a-agua-da-chuva-em-zonas-aridas\/#primaryimage","url":"https:\/\/blog.maciterneecolo.fr\/wp-content\/uploads\/2025\/09\/pexels-brett-buskirk-70981875-33159407-scaled.jpg","contentUrl":"https:\/\/blog.maciterneecolo.fr\/wp-content\/uploads\/2025\/09\/pexels-brett-buskirk-70981875-33159407-scaled.jpg","width":2560,"height":1928},{"@type":"BreadcrumbList","@id":"https:\/\/blog.maciterneecolo.fr\/pt-pt\/quais-sao-as-formas-mais-eficazes-de-armazenar-a-agua-da-chuva-em-zonas-aridas\/#breadcrumb","itemListElement":[{"@type":"ListItem","position":1,"name":"Accueil","item":"https:\/\/blog.maciterneecolo.fr\/pt-pt\/"},{"@type":"ListItem","position":2,"name":"Quais s\u00e3o as formas mais eficazes de armazenar a \u00e1gua da chuva em zonas \u00e1ridas?"}]},{"@type":"WebSite","@id":"https:\/\/blog.maciterneecolo.fr\/pt-pt\/#website","url":"https:\/\/blog.maciterneecolo.fr\/pt-pt\/","name":"Blog Ma Citerne Ecolo","description":"Leader dans le domaine de la citerne souple d&#039;eau de pluie","publisher":{"@id":"https:\/\/blog.maciterneecolo.fr\/pt-pt\/#organization"},"potentialAction":[{"@type":"SearchAction","target":{"@type":"EntryPoint","urlTemplate":"https:\/\/blog.maciterneecolo.fr\/pt-pt\/?s={search_term_string}"},"query-input":{"@type":"PropertyValueSpecification","valueRequired":true,"valueName":"search_term_string"}}],"inLanguage":"pt-PT"},{"@type":"Organization","@id":"https:\/\/blog.maciterneecolo.fr\/pt-pt\/#organization","name":"Blog Ma Citerne Ecolo","url":"https:\/\/blog.maciterneecolo.fr\/pt-pt\/","logo":{"@type":"ImageObject","inLanguage":"pt-PT","@id":"https:\/\/blog.maciterneecolo.fr\/pt-pt\/#\/schema\/logo\/image\/","url":"https:\/\/blog.maciterneecolo.fr\/wp-content\/uploads\/2022\/12\/cropped-favicon-blog.png","contentUrl":"https:\/\/blog.maciterneecolo.fr\/wp-content\/uploads\/2022\/12\/cropped-favicon-blog.png","width":512,"height":512,"caption":"Blog Ma Citerne Ecolo"},"image":{"@id":"https:\/\/blog.maciterneecolo.fr\/pt-pt\/#\/schema\/logo\/image\/"}},{"@type":"Person","@id":"https:\/\/blog.maciterneecolo.fr\/pt-pt\/#\/schema\/person\/fe50d00b4e639107698e1ddead236943","name":"B\u00e9n\u00e9dicte Rebolloso","image":{"@type":"ImageObject","inLanguage":"pt-PT","@id":"https:\/\/secure.gravatar.com\/avatar\/ffa759db2a4d8ebb52a58b89d3dc2a9f0395a5122bb839045a145d6585de1126?s=96&d=mm&r=g","url":"https:\/\/secure.gravatar.com\/avatar\/ffa759db2a4d8ebb52a58b89d3dc2a9f0395a5122bb839045a145d6585de1126?s=96&d=mm&r=g","contentUrl":"https:\/\/secure.gravatar.com\/avatar\/ffa759db2a4d8ebb52a58b89d3dc2a9f0395a5122bb839045a145d6585de1126?s=96&d=mm&r=g","caption":"B\u00e9n\u00e9dicte Rebolloso"},"url":"https:\/\/blog.maciterneecolo.fr\/pt-pt\/author\/benedicterebolloso\/"}]}},"_links":{"self":[{"href":"https:\/\/blog.maciterneecolo.fr\/pt-pt\/wp-json\/wp\/v2\/posts\/15019","targetHints":{"allow":["GET"]}}],"collection":[{"href":"https:\/\/blog.maciterneecolo.fr\/pt-pt\/wp-json\/wp\/v2\/posts"}],"about":[{"href":"https:\/\/blog.maciterneecolo.fr\/pt-pt\/wp-json\/wp\/v2\/types\/post"}],"author":[{"embeddable":true,"href":"https:\/\/blog.maciterneecolo.fr\/pt-pt\/wp-json\/wp\/v2\/users\/4"}],"replies":[{"embeddable":true,"href":"https:\/\/blog.maciterneecolo.fr\/pt-pt\/wp-json\/wp\/v2\/comments?post=15019"}],"version-history":[{"count":1,"href":"https:\/\/blog.maciterneecolo.fr\/pt-pt\/wp-json\/wp\/v2\/posts\/15019\/revisions"}],"predecessor-version":[{"id":15021,"href":"https:\/\/blog.maciterneecolo.fr\/pt-pt\/wp-json\/wp\/v2\/posts\/15019\/revisions\/15021"}],"wp:featuredmedia":[{"embeddable":true,"href":"https:\/\/blog.maciterneecolo.fr\/pt-pt\/wp-json\/wp\/v2\/media\/15000"}],"wp:attachment":[{"href":"https:\/\/blog.maciterneecolo.fr\/pt-pt\/wp-json\/wp\/v2\/media?parent=15019"}],"wp:term":[{"taxonomy":"category","embeddable":true,"href":"https:\/\/blog.maciterneecolo.fr\/pt-pt\/wp-json\/wp\/v2\/categories?post=15019"},{"taxonomy":"post_tag","embeddable":true,"href":"https:\/\/blog.maciterneecolo.fr\/pt-pt\/wp-json\/wp\/v2\/tags?post=15019"}],"curies":[{"name":"wp","href":"https:\/\/api.w.org\/{rel}","templated":true}]}}