{"id":15153,"date":"2025-12-06T12:00:00","date_gmt":"2025-12-06T12:00:00","guid":{"rendered":"https:\/\/blog.maciterneecolo.fr\/?p=15153"},"modified":"2025-09-11T12:19:57","modified_gmt":"2025-09-11T12:19:57","slug":"reservatorios-flexiveis-e-viticultura-gestao-da-agua-adaptada-a-vinha-face-as-alteracoes-climaticas","status":"publish","type":"post","link":"https:\/\/blog.maciterneecolo.fr\/pt-pt\/reservatorios-flexiveis-e-viticultura-gestao-da-agua-adaptada-a-vinha-face-as-alteracoes-climaticas\/","title":{"rendered":"Reservat\u00f3rios flex\u00edveis e viticultura: gest\u00e3o da \u00e1gua adaptada \u00e0 vinha face \u00e0s altera\u00e7\u00f5es clim\u00e1ticas"},"content":{"rendered":"\n<p>A viticultura francesa est\u00e1 diretamente exposta aos efeitos das altera\u00e7\u00f5es clim\u00e1ticas. Com secas repetidas, diminui\u00e7\u00e3o da precipita\u00e7\u00e3o e aumento das temperaturas, a disponibilidade de \u00e1gua est\u00e1 a tornar-se uma quest\u00e3o estrat\u00e9gica para manter a qualidade da uva e a competitividade das explora\u00e7\u00f5es. Face a este desafio, cada vez mais adegas est\u00e3o a recorrer a reservat\u00f3rios flex\u00edveis.  <\/p>\n\n<p>Pr\u00e1ticos, econ\u00f3micos e adapt\u00e1veis, estes equipamentos permitem armazenar a \u00e1gua da chuva e utiliz\u00e1-la racionalmente na rega. Enquadram-se perfeitamente na l\u00f3gica de uma gest\u00e3o sustent\u00e1vel dos recursos e d\u00e3o uma resposta concreta aos viticultores ansiosos por antecipar os pr\u00f3ximos anos clim\u00e1ticos dif\u00edceis. <\/p>\n\n<h2 class=\"wp-block-heading\"><mark style=\"background-color:rgba(0, 0, 0, 0)\" class=\"has-inline-color has-vivid-cyan-blue-color\">Os desafios da \u00e1gua na viticultura moderna<\/mark><\/h2>\n\n<h3 class=\"wp-block-heading\">As altera\u00e7\u00f5es clim\u00e1ticas e o seu impacto nas vinhas<\/h3>\n\n<p>Em Fran\u00e7a, <a href=\"https:\/\/blog.maciterneecolo.fr\/pt-pt\/o-impacto-da-seca-na-nossa-vida-quotidiana-o-que-precisas-de-saber\/\">as secas s\u00e3o cada vez mais frequentes e mais intensas<\/a>. Os solos secam mais rapidamente e os per\u00edodos de calor intenso enfraquecem as vinhas. Quando a chuva cai, \u00e9 por vezes demasiado repentina e nem sempre beneficia as culturas. Assim, os viticultores t\u00eam de encontrar novas solu\u00e7\u00f5es para manter a qualidade e o rendimento das suas parcelas.   <\/p>\n\n<h3 class=\"wp-block-heading\">Aumento das necessidades de \u00e1gua para garantir a qualidade da uva<\/h3>\n\n<p>A \u00e1gua \u00e9 essencial n\u00e3o s\u00f3 para o crescimento da videira, mas tamb\u00e9m para a concentra\u00e7\u00e3o arom\u00e1tica e a matura\u00e7\u00e3o da uva. A falta de \u00e1gua pode levar a uma diminui\u00e7\u00e3o do volume, ao stress h\u00eddrico e a uma deteriora\u00e7\u00e3o do sabor. As pr\u00e1ticas agr\u00edcolas devem, portanto, adaptar-se para conciliar a qualidade da colheita com o respeito pelo ambiente.  <\/p>\n\n<h3 class=\"wp-block-heading\">A necessidade de adapta\u00e7\u00e3o dos viticultores franceses<\/h3>\n\n<p>Nem todos os viticultores franceses t\u00eam a mesma capacidade de adapta\u00e7\u00e3o. As grandes casas podem investir em infra-estruturas pesadas, enquanto as pequenas propriedades procuram solu\u00e7\u00f5es mais flex\u00edveis, modulares e acess\u00edveis. <a href=\"https:\/\/www.maciterneecolo.fr\/fr\/3-citernes-souples\">Os reservat\u00f3rios flex\u00edveis<\/a> oferecem essa flexibilidade, permitindo que cada litro de \u00e1gua dispon\u00edvel seja utilizado da melhor forma poss\u00edvel.  <\/p>\n\n<h2 class=\"wp-block-heading\"><mark style=\"background-color:rgba(0, 0, 0, 0)\" class=\"has-inline-color has-vivid-cyan-blue-color\">Tanques flex\u00edveis: a solu\u00e7\u00e3o certa para as vinhas<\/mark><\/h2>\n\n<h3 class=\"wp-block-heading\">Um sistema que \u00e9 f\u00e1cil de instalar e armazenar<\/h3>\n\n<p>Um reservat\u00f3rio flex\u00edvel \u00e9 f\u00e1cil de instalar. Pode ser instalado numa superf\u00edcie plana e estabilizada, sem necessidade de grandes trabalhos. Esta facilidade de instala\u00e7\u00e3o torna-o uma solu\u00e7\u00e3o particularmente popular para os viticultores. Al\u00e9m disso, pode ser utilizado em zonas rurais isoladas, onde as colectividades locais nem sempre disp\u00f5em de infra-estruturas de drenagem ou de reten\u00e7\u00e3o.   <\/p>\n\n<h3 class=\"wp-block-heading\">Capacidade modular: de pequenas propriedades a grandes vinhas<\/h3>\n\n<p>As cisternas flex\u00edveis est\u00e3o dispon\u00edveis numa gama de tamanhos, desde algumas centenas de litros at\u00e9 v\u00e1rias centenas de metros c\u00fabicos. Isto significa que podem satisfazer as necessidades de qualquer explora\u00e7\u00e3o, desde uma pequena propriedade familiar a uma grande vinha de exporta\u00e7\u00e3o. Os viticultores podem obter um or\u00e7amento personalizado junto dos fabricantes ou dos profissionais para escolher a capacidade mais adequada.  <\/p>\n\n<h3 class=\"wp-block-heading\">Uma solu\u00e7\u00e3o pr\u00e1tica para o apoio \u00e0 \u00e1gua da chuva e \u00e0 irriga\u00e7\u00e3o<\/h3>\n\n<p>Gra\u00e7as \u00e0 sua flexibilidade de utiliza\u00e7\u00e3o, estes tanques podem armazenar \u00e1gua da chuva recolhida atrav\u00e9s de telhados, tanques ou sistemas de recolha de \u00e1gua da chuva. Em seguida, pode ser utilizada para irriga\u00e7\u00e3o controlada a uma taxa controlada. Este sistema oferece uma seguran\u00e7a suplementar em caso de seca e um meio de gerir melhor os recursos locais.  <\/p>\n\n<h2 class=\"wp-block-heading\"><mark style=\"background-color:rgba(0, 0, 0, 0)\" class=\"has-inline-color has-vivid-cyan-blue-color\">Otimiza\u00e7\u00e3o da irriga\u00e7\u00e3o com tanques flex\u00edveis<\/mark><\/h2>\n\n<h3 class=\"wp-block-heading\">Irriga\u00e7\u00e3o por gotejamento para limitar o consumo<\/h3>\n\n<p><a href=\"https:\/\/blog.maciterneecolo.fr\/pt-pt\/rega-gota-a-gota-uma-revolucao-para-o-seu-jardim\/\">A irriga\u00e7\u00e3o por gotejamento \u00e9 o m\u00e9todo mais eficiente de irriga\u00e7\u00e3o de videiras<\/a>. Combinado com um reservat\u00f3rio flex\u00edvel, permite que cada gota de \u00e1gua seja entregue diretamente na base da planta, sem perdas por evapora\u00e7\u00e3o ou escorrimento. Este sistema responde ao desafio de poupar recursos h\u00eddricos, garantindo uma rega regular e controlada.  <\/p>\n\n<h3 class=\"wp-block-heading\">O papel das albufeiras na regula\u00e7\u00e3o do caudal e da qualidade da \u00e1gua<\/h3>\n\n<p>Um tanque flex\u00edvel protege a \u00e1gua da luz e dos contaminantes. Ao contr\u00e1rio das bacias abertas, preserva a qualidade da \u00e1gua e reduz os riscos associados aos efluentes ou res\u00edduos org\u00e2nicos. Ao controlar o fluxo, assegura uma melhor gest\u00e3o da \u00e1gua nas explora\u00e7\u00f5es agr\u00edcolas e nas vinhas.  <\/p>\n\n<h3 class=\"wp-block-heading\">Combina a recolha de \u00e1guas pluviais e a irriga\u00e7\u00e3o racional<\/h3>\n\n<p>Ao instalar colectores de \u00e1guas pluviais nos telhados dos edif\u00edcios agr\u00edcolas, os viticultores podem recolher grandes volumes de \u00e1gua da chuva. Estas reservas s\u00e3o depois armazenadas em tanques flex\u00edveis e utilizadas para uma irriga\u00e7\u00e3o sustent\u00e1vel. Trata-se de uma resposta pr\u00e1tica aos problemas clim\u00e1ticos e de uma forma de otimizar a utiliza\u00e7\u00e3o dos recursos dispon\u00edveis.  <\/p>\n\n<h2 class=\"wp-block-heading\"><mark style=\"background-color:rgba(0, 0, 0, 0)\" class=\"has-inline-color has-vivid-cyan-blue-color\">Benef\u00edcios econ\u00f3micos e ambientais para os viticultores<\/mark><\/h2>\n\n<h3 class=\"wp-block-heading\">Custos de \u00e1gua mais baixos e maior autonomia<\/h3>\n\n<p>Uma das principais vantagens das cubas flex\u00edveis \u00e9 a poupan\u00e7a que permitem. Ao reduzir a sua depend\u00eancia das redes p\u00fablicas, os viticultores tornam-se mais auto-suficientes e a sua atividade mais segura. As solu\u00e7\u00f5es deste tipo podem tamb\u00e9m beneficiar de ajudas locais ou nacionais no \u00e2mbito da transi\u00e7\u00e3o ecol\u00f3gica.  <\/p>\n\n<h3 class=\"wp-block-heading\">Gest\u00e3o sustent\u00e1vel dos recursos locais<\/h3>\n\n<p>Os reservat\u00f3rios flex\u00edveis ajudam a melhorar a gest\u00e3o da \u00e1gua, seja para consumo ou para a agricultura. Permitem limitar a quantidade de \u00e1gua retirada do len\u00e7ol fre\u00e1tico e gerir melhor a irregularidade das chuvas. \u00c9 uma resposta sustent\u00e1vel aos desafios da viticultura francesa.  <\/p>\n\n<h3 class=\"wp-block-heading\">Uma ferramenta compat\u00edvel com os subs\u00eddios agr\u00edcolas e os projectos colectivos<\/h3>\n\n<p>Muitas autarquias locais est\u00e3o agora a encorajar a instala\u00e7\u00e3o de sistemas de armazenamento de \u00e1guas pluviais. Os viticultores podem obter financiamento, apoio t\u00e9cnico e at\u00e9 projectos colectivos baseados em solu\u00e7\u00f5es flex\u00edveis. Isto facilita a integra\u00e7\u00e3o de sistemas de armazenamento de \u00e1guas pluviais nas pr\u00e1ticas agr\u00edcolas modernas.  <\/p>\n\n<h2 class=\"wp-block-heading\"><mark style=\"background-color:rgba(0, 0, 0, 0)\" class=\"has-inline-color has-vivid-cyan-blue-color\">Um aliado duradouro para a viticultura francesa<\/mark><\/h2>\n\n<p>O ciclo da \u00e1gua est\u00e1 no centro do futuro da viticultura. Os tanques flex\u00edveis oferecem uma resposta eficaz e econ\u00f3mica aos desafios das altera\u00e7\u00f5es clim\u00e1ticas. A sua facilidade de instala\u00e7\u00e3o, adaptabilidade e benef\u00edcios econ\u00f3micos tornam-nas uma solu\u00e7\u00e3o essencial para as explora\u00e7\u00f5es agr\u00edcolas.  <\/p>\n\n<p>Ao armazenar a \u00e1gua da chuva e redistribu\u00ed-la de forma inteligente, estes reservat\u00f3rios tornam-se verdadeiros instrumentos de resili\u00eancia. Oferecem aos viticultores franceses a oportunidade de preservar a qualidade das suas colheitas, adoptando uma abordagem sustent\u00e1vel. <\/p>\n\n<p><\/p>\n","protected":false},"excerpt":{"rendered":"<p>A viticultura francesa est\u00e1 diretamente exposta aos efeitos das altera\u00e7\u00f5es clim\u00e1ticas. Com secas repetidas, diminui\u00e7\u00e3o da precipita\u00e7\u00e3o e aumento das temperaturas, a disponibilidade de \u00e1gua est\u00e1 a tornar-se uma quest\u00e3o estrat\u00e9gica para manter a qualidade da uva e a competitividade das explora\u00e7\u00f5es. Face a este desafio, cada vez mais adegas est\u00e3o a recorrer a reservat\u00f3rios [&hellip;]<\/p>\n","protected":false},"author":4,"featured_media":15146,"comment_status":"open","ping_status":"closed","sticky":false,"template":"","format":"standard","meta":{"inline_featured_image":false,"footnotes":""},"categories":[93,88],"tags":[],"class_list":["post-15153","post","type-post","status-publish","format-standard","has-post-thumbnail","hentry","category-como-funciona-um-tanque-flexivel","category-tanques-flexiveis"],"yoast_head":"<!-- This site is optimized with the Yoast SEO plugin v27.4 - https:\/\/yoast.com\/product\/yoast-seo-wordpress\/ -->\n<title>Reservat\u00f3rios flex\u00edveis e viticultura: gest\u00e3o da \u00e1gua adaptada \u00e0 vinha face \u00e0s altera\u00e7\u00f5es clim\u00e1ticas - Blog Ma Citerne Ecolo<\/title>\n<meta name=\"description\" content=\"Os reservat\u00f3rios flex\u00edveis ajudam as vinhas a gerir a \u00e1gua face \u00e0s altera\u00e7\u00f5es clim\u00e1ticas: armazenamento, irriga\u00e7\u00e3o racional e sustentabilidade.\" \/>\n<meta name=\"robots\" content=\"index, follow, max-snippet:-1, max-image-preview:large, max-video-preview:-1\" \/>\n<link rel=\"canonical\" href=\"https:\/\/blog.maciterneecolo.fr\/pt-pt\/reservatorios-flexiveis-e-viticultura-gestao-da-agua-adaptada-a-vinha-face-as-alteracoes-climaticas\/\" \/>\n<meta property=\"og:locale\" content=\"pt_PT\" \/>\n<meta property=\"og:type\" content=\"article\" \/>\n<meta property=\"og:title\" content=\"Reservat\u00f3rios flex\u00edveis e viticultura: gest\u00e3o da \u00e1gua adaptada \u00e0 vinha face \u00e0s altera\u00e7\u00f5es clim\u00e1ticas - Blog Ma Citerne Ecolo\" \/>\n<meta property=\"og:description\" content=\"Os reservat\u00f3rios flex\u00edveis ajudam as vinhas a gerir a \u00e1gua face \u00e0s altera\u00e7\u00f5es clim\u00e1ticas: armazenamento, irriga\u00e7\u00e3o racional e sustentabilidade.\" \/>\n<meta property=\"og:url\" content=\"https:\/\/blog.maciterneecolo.fr\/pt-pt\/reservatorios-flexiveis-e-viticultura-gestao-da-agua-adaptada-a-vinha-face-as-alteracoes-climaticas\/\" \/>\n<meta property=\"og:site_name\" content=\"Blog Ma Citerne Ecolo\" \/>\n<meta property=\"article:published_time\" content=\"2025-12-06T12:00:00+00:00\" \/>\n<meta property=\"og:image\" content=\"https:\/\/blog.maciterneecolo.fr\/wp-content\/uploads\/2025\/09\/pexels-pixabay-39511-scaled.jpg\" \/>\n\t<meta property=\"og:image:width\" content=\"2560\" \/>\n\t<meta property=\"og:image:height\" content=\"1707\" \/>\n\t<meta property=\"og:image:type\" content=\"image\/jpeg\" \/>\n<meta name=\"author\" content=\"B\u00e9n\u00e9dicte Rebolloso\" \/>\n<meta name=\"twitter:card\" content=\"summary_large_image\" \/>\n<meta name=\"twitter:label1\" content=\"Escrito por\" \/>\n\t<meta name=\"twitter:data1\" content=\"B\u00e9n\u00e9dicte Rebolloso\" \/>\n\t<meta name=\"twitter:label2\" content=\"Tempo estimado de leitura\" \/>\n\t<meta name=\"twitter:data2\" content=\"5 minutos\" \/>\n<script type=\"application\/ld+json\" class=\"yoast-schema-graph\">{\"@context\":\"https:\\\/\\\/schema.org\",\"@graph\":[{\"@type\":\"Article\",\"@id\":\"https:\\\/\\\/blog.maciterneecolo.fr\\\/pt-pt\\\/reservatorios-flexiveis-e-viticultura-gestao-da-agua-adaptada-a-vinha-face-as-alteracoes-climaticas\\\/#article\",\"isPartOf\":{\"@id\":\"https:\\\/\\\/blog.maciterneecolo.fr\\\/pt-pt\\\/reservatorios-flexiveis-e-viticultura-gestao-da-agua-adaptada-a-vinha-face-as-alteracoes-climaticas\\\/\"},\"author\":{\"name\":\"B\u00e9n\u00e9dicte Rebolloso\",\"@id\":\"https:\\\/\\\/blog.maciterneecolo.fr\\\/pt-pt\\\/#\\\/schema\\\/person\\\/fe50d00b4e639107698e1ddead236943\"},\"headline\":\"Reservat\u00f3rios flex\u00edveis e viticultura: gest\u00e3o da \u00e1gua adaptada \u00e0 vinha face \u00e0s altera\u00e7\u00f5es clim\u00e1ticas\",\"datePublished\":\"2025-12-06T12:00:00+00:00\",\"mainEntityOfPage\":{\"@id\":\"https:\\\/\\\/blog.maciterneecolo.fr\\\/pt-pt\\\/reservatorios-flexiveis-e-viticultura-gestao-da-agua-adaptada-a-vinha-face-as-alteracoes-climaticas\\\/\"},\"wordCount\":1107,\"commentCount\":0,\"publisher\":{\"@id\":\"https:\\\/\\\/blog.maciterneecolo.fr\\\/pt-pt\\\/#organization\"},\"image\":{\"@id\":\"https:\\\/\\\/blog.maciterneecolo.fr\\\/pt-pt\\\/reservatorios-flexiveis-e-viticultura-gestao-da-agua-adaptada-a-vinha-face-as-alteracoes-climaticas\\\/#primaryimage\"},\"thumbnailUrl\":\"https:\\\/\\\/blog.maciterneecolo.fr\\\/wp-content\\\/uploads\\\/2025\\\/09\\\/pexels-pixabay-39511-scaled.jpg\",\"articleSection\":[\"Como funciona um tanque flex\u00edvel\",\"Tanques Flex\u00edveis\"],\"inLanguage\":\"pt-PT\",\"potentialAction\":[{\"@type\":\"CommentAction\",\"name\":\"Comment\",\"target\":[\"https:\\\/\\\/blog.maciterneecolo.fr\\\/pt-pt\\\/reservatorios-flexiveis-e-viticultura-gestao-da-agua-adaptada-a-vinha-face-as-alteracoes-climaticas\\\/#respond\"]}]},{\"@type\":\"WebPage\",\"@id\":\"https:\\\/\\\/blog.maciterneecolo.fr\\\/pt-pt\\\/reservatorios-flexiveis-e-viticultura-gestao-da-agua-adaptada-a-vinha-face-as-alteracoes-climaticas\\\/\",\"url\":\"https:\\\/\\\/blog.maciterneecolo.fr\\\/pt-pt\\\/reservatorios-flexiveis-e-viticultura-gestao-da-agua-adaptada-a-vinha-face-as-alteracoes-climaticas\\\/\",\"name\":\"Reservat\u00f3rios flex\u00edveis e viticultura: gest\u00e3o da \u00e1gua adaptada \u00e0 vinha face \u00e0s altera\u00e7\u00f5es clim\u00e1ticas - Blog Ma Citerne Ecolo\",\"isPartOf\":{\"@id\":\"https:\\\/\\\/blog.maciterneecolo.fr\\\/pt-pt\\\/#website\"},\"primaryImageOfPage\":{\"@id\":\"https:\\\/\\\/blog.maciterneecolo.fr\\\/pt-pt\\\/reservatorios-flexiveis-e-viticultura-gestao-da-agua-adaptada-a-vinha-face-as-alteracoes-climaticas\\\/#primaryimage\"},\"image\":{\"@id\":\"https:\\\/\\\/blog.maciterneecolo.fr\\\/pt-pt\\\/reservatorios-flexiveis-e-viticultura-gestao-da-agua-adaptada-a-vinha-face-as-alteracoes-climaticas\\\/#primaryimage\"},\"thumbnailUrl\":\"https:\\\/\\\/blog.maciterneecolo.fr\\\/wp-content\\\/uploads\\\/2025\\\/09\\\/pexels-pixabay-39511-scaled.jpg\",\"datePublished\":\"2025-12-06T12:00:00+00:00\",\"description\":\"Os reservat\u00f3rios flex\u00edveis ajudam as vinhas a gerir a \u00e1gua face \u00e0s altera\u00e7\u00f5es clim\u00e1ticas: armazenamento, irriga\u00e7\u00e3o racional e sustentabilidade.\",\"breadcrumb\":{\"@id\":\"https:\\\/\\\/blog.maciterneecolo.fr\\\/pt-pt\\\/reservatorios-flexiveis-e-viticultura-gestao-da-agua-adaptada-a-vinha-face-as-alteracoes-climaticas\\\/#breadcrumb\"},\"inLanguage\":\"pt-PT\",\"potentialAction\":[{\"@type\":\"ReadAction\",\"target\":[\"https:\\\/\\\/blog.maciterneecolo.fr\\\/pt-pt\\\/reservatorios-flexiveis-e-viticultura-gestao-da-agua-adaptada-a-vinha-face-as-alteracoes-climaticas\\\/\"]}]},{\"@type\":\"ImageObject\",\"inLanguage\":\"pt-PT\",\"@id\":\"https:\\\/\\\/blog.maciterneecolo.fr\\\/pt-pt\\\/reservatorios-flexiveis-e-viticultura-gestao-da-agua-adaptada-a-vinha-face-as-alteracoes-climaticas\\\/#primaryimage\",\"url\":\"https:\\\/\\\/blog.maciterneecolo.fr\\\/wp-content\\\/uploads\\\/2025\\\/09\\\/pexels-pixabay-39511-scaled.jpg\",\"contentUrl\":\"https:\\\/\\\/blog.maciterneecolo.fr\\\/wp-content\\\/uploads\\\/2025\\\/09\\\/pexels-pixabay-39511-scaled.jpg\",\"width\":2560,\"height\":1707},{\"@type\":\"BreadcrumbList\",\"@id\":\"https:\\\/\\\/blog.maciterneecolo.fr\\\/pt-pt\\\/reservatorios-flexiveis-e-viticultura-gestao-da-agua-adaptada-a-vinha-face-as-alteracoes-climaticas\\\/#breadcrumb\",\"itemListElement\":[{\"@type\":\"ListItem\",\"position\":1,\"name\":\"Accueil\",\"item\":\"https:\\\/\\\/blog.maciterneecolo.fr\\\/pt-pt\\\/\"},{\"@type\":\"ListItem\",\"position\":2,\"name\":\"Reservat\u00f3rios flex\u00edveis e viticultura: gest\u00e3o da \u00e1gua adaptada \u00e0 vinha face \u00e0s altera\u00e7\u00f5es clim\u00e1ticas\"}]},{\"@type\":\"WebSite\",\"@id\":\"https:\\\/\\\/blog.maciterneecolo.fr\\\/pt-pt\\\/#website\",\"url\":\"https:\\\/\\\/blog.maciterneecolo.fr\\\/pt-pt\\\/\",\"name\":\"Blog Ma Citerne Ecolo\",\"description\":\"Leader dans le domaine de la citerne souple d&#039;eau de pluie\",\"publisher\":{\"@id\":\"https:\\\/\\\/blog.maciterneecolo.fr\\\/pt-pt\\\/#organization\"},\"potentialAction\":[{\"@type\":\"SearchAction\",\"target\":{\"@type\":\"EntryPoint\",\"urlTemplate\":\"https:\\\/\\\/blog.maciterneecolo.fr\\\/pt-pt\\\/?s={search_term_string}\"},\"query-input\":{\"@type\":\"PropertyValueSpecification\",\"valueRequired\":true,\"valueName\":\"search_term_string\"}}],\"inLanguage\":\"pt-PT\"},{\"@type\":\"Organization\",\"@id\":\"https:\\\/\\\/blog.maciterneecolo.fr\\\/pt-pt\\\/#organization\",\"name\":\"Blog Ma Citerne Ecolo\",\"url\":\"https:\\\/\\\/blog.maciterneecolo.fr\\\/pt-pt\\\/\",\"logo\":{\"@type\":\"ImageObject\",\"inLanguage\":\"pt-PT\",\"@id\":\"https:\\\/\\\/blog.maciterneecolo.fr\\\/pt-pt\\\/#\\\/schema\\\/logo\\\/image\\\/\",\"url\":\"https:\\\/\\\/blog.maciterneecolo.fr\\\/wp-content\\\/uploads\\\/2022\\\/12\\\/cropped-favicon-blog.png\",\"contentUrl\":\"https:\\\/\\\/blog.maciterneecolo.fr\\\/wp-content\\\/uploads\\\/2022\\\/12\\\/cropped-favicon-blog.png\",\"width\":512,\"height\":512,\"caption\":\"Blog Ma Citerne Ecolo\"},\"image\":{\"@id\":\"https:\\\/\\\/blog.maciterneecolo.fr\\\/pt-pt\\\/#\\\/schema\\\/logo\\\/image\\\/\"}},{\"@type\":\"Person\",\"@id\":\"https:\\\/\\\/blog.maciterneecolo.fr\\\/pt-pt\\\/#\\\/schema\\\/person\\\/fe50d00b4e639107698e1ddead236943\",\"name\":\"B\u00e9n\u00e9dicte Rebolloso\",\"image\":{\"@type\":\"ImageObject\",\"inLanguage\":\"pt-PT\",\"@id\":\"https:\\\/\\\/secure.gravatar.com\\\/avatar\\\/ffa759db2a4d8ebb52a58b89d3dc2a9f0395a5122bb839045a145d6585de1126?s=96&d=mm&r=g\",\"url\":\"https:\\\/\\\/secure.gravatar.com\\\/avatar\\\/ffa759db2a4d8ebb52a58b89d3dc2a9f0395a5122bb839045a145d6585de1126?s=96&d=mm&r=g\",\"contentUrl\":\"https:\\\/\\\/secure.gravatar.com\\\/avatar\\\/ffa759db2a4d8ebb52a58b89d3dc2a9f0395a5122bb839045a145d6585de1126?s=96&d=mm&r=g\",\"caption\":\"B\u00e9n\u00e9dicte Rebolloso\"},\"url\":\"https:\\\/\\\/blog.maciterneecolo.fr\\\/pt-pt\\\/author\\\/benedicterebolloso\\\/\"}]}<\/script>\n<!-- \/ Yoast SEO plugin. -->","yoast_head_json":{"title":"Reservat\u00f3rios flex\u00edveis e viticultura: gest\u00e3o da \u00e1gua adaptada \u00e0 vinha face \u00e0s altera\u00e7\u00f5es clim\u00e1ticas - Blog Ma Citerne Ecolo","description":"Os reservat\u00f3rios flex\u00edveis ajudam as vinhas a gerir a \u00e1gua face \u00e0s altera\u00e7\u00f5es clim\u00e1ticas: armazenamento, irriga\u00e7\u00e3o racional e sustentabilidade.","robots":{"index":"index","follow":"follow","max-snippet":"max-snippet:-1","max-image-preview":"max-image-preview:large","max-video-preview":"max-video-preview:-1"},"canonical":"https:\/\/blog.maciterneecolo.fr\/pt-pt\/reservatorios-flexiveis-e-viticultura-gestao-da-agua-adaptada-a-vinha-face-as-alteracoes-climaticas\/","og_locale":"pt_PT","og_type":"article","og_title":"Reservat\u00f3rios flex\u00edveis e viticultura: gest\u00e3o da \u00e1gua adaptada \u00e0 vinha face \u00e0s altera\u00e7\u00f5es clim\u00e1ticas - Blog Ma Citerne Ecolo","og_description":"Os reservat\u00f3rios flex\u00edveis ajudam as vinhas a gerir a \u00e1gua face \u00e0s altera\u00e7\u00f5es clim\u00e1ticas: armazenamento, irriga\u00e7\u00e3o racional e sustentabilidade.","og_url":"https:\/\/blog.maciterneecolo.fr\/pt-pt\/reservatorios-flexiveis-e-viticultura-gestao-da-agua-adaptada-a-vinha-face-as-alteracoes-climaticas\/","og_site_name":"Blog Ma Citerne Ecolo","article_published_time":"2025-12-06T12:00:00+00:00","og_image":[{"width":2560,"height":1707,"url":"https:\/\/blog.maciterneecolo.fr\/wp-content\/uploads\/2025\/09\/pexels-pixabay-39511-scaled.jpg","type":"image\/jpeg"}],"author":"B\u00e9n\u00e9dicte Rebolloso","twitter_card":"summary_large_image","twitter_misc":{"Escrito por":"B\u00e9n\u00e9dicte Rebolloso","Tempo estimado de leitura":"5 minutos"},"schema":{"@context":"https:\/\/schema.org","@graph":[{"@type":"Article","@id":"https:\/\/blog.maciterneecolo.fr\/pt-pt\/reservatorios-flexiveis-e-viticultura-gestao-da-agua-adaptada-a-vinha-face-as-alteracoes-climaticas\/#article","isPartOf":{"@id":"https:\/\/blog.maciterneecolo.fr\/pt-pt\/reservatorios-flexiveis-e-viticultura-gestao-da-agua-adaptada-a-vinha-face-as-alteracoes-climaticas\/"},"author":{"name":"B\u00e9n\u00e9dicte Rebolloso","@id":"https:\/\/blog.maciterneecolo.fr\/pt-pt\/#\/schema\/person\/fe50d00b4e639107698e1ddead236943"},"headline":"Reservat\u00f3rios flex\u00edveis e viticultura: gest\u00e3o da \u00e1gua adaptada \u00e0 vinha face \u00e0s altera\u00e7\u00f5es clim\u00e1ticas","datePublished":"2025-12-06T12:00:00+00:00","mainEntityOfPage":{"@id":"https:\/\/blog.maciterneecolo.fr\/pt-pt\/reservatorios-flexiveis-e-viticultura-gestao-da-agua-adaptada-a-vinha-face-as-alteracoes-climaticas\/"},"wordCount":1107,"commentCount":0,"publisher":{"@id":"https:\/\/blog.maciterneecolo.fr\/pt-pt\/#organization"},"image":{"@id":"https:\/\/blog.maciterneecolo.fr\/pt-pt\/reservatorios-flexiveis-e-viticultura-gestao-da-agua-adaptada-a-vinha-face-as-alteracoes-climaticas\/#primaryimage"},"thumbnailUrl":"https:\/\/blog.maciterneecolo.fr\/wp-content\/uploads\/2025\/09\/pexels-pixabay-39511-scaled.jpg","articleSection":["Como funciona um tanque flex\u00edvel","Tanques Flex\u00edveis"],"inLanguage":"pt-PT","potentialAction":[{"@type":"CommentAction","name":"Comment","target":["https:\/\/blog.maciterneecolo.fr\/pt-pt\/reservatorios-flexiveis-e-viticultura-gestao-da-agua-adaptada-a-vinha-face-as-alteracoes-climaticas\/#respond"]}]},{"@type":"WebPage","@id":"https:\/\/blog.maciterneecolo.fr\/pt-pt\/reservatorios-flexiveis-e-viticultura-gestao-da-agua-adaptada-a-vinha-face-as-alteracoes-climaticas\/","url":"https:\/\/blog.maciterneecolo.fr\/pt-pt\/reservatorios-flexiveis-e-viticultura-gestao-da-agua-adaptada-a-vinha-face-as-alteracoes-climaticas\/","name":"Reservat\u00f3rios flex\u00edveis e viticultura: gest\u00e3o da \u00e1gua adaptada \u00e0 vinha face \u00e0s altera\u00e7\u00f5es clim\u00e1ticas - Blog Ma Citerne Ecolo","isPartOf":{"@id":"https:\/\/blog.maciterneecolo.fr\/pt-pt\/#website"},"primaryImageOfPage":{"@id":"https:\/\/blog.maciterneecolo.fr\/pt-pt\/reservatorios-flexiveis-e-viticultura-gestao-da-agua-adaptada-a-vinha-face-as-alteracoes-climaticas\/#primaryimage"},"image":{"@id":"https:\/\/blog.maciterneecolo.fr\/pt-pt\/reservatorios-flexiveis-e-viticultura-gestao-da-agua-adaptada-a-vinha-face-as-alteracoes-climaticas\/#primaryimage"},"thumbnailUrl":"https:\/\/blog.maciterneecolo.fr\/wp-content\/uploads\/2025\/09\/pexels-pixabay-39511-scaled.jpg","datePublished":"2025-12-06T12:00:00+00:00","description":"Os reservat\u00f3rios flex\u00edveis ajudam as vinhas a gerir a \u00e1gua face \u00e0s altera\u00e7\u00f5es clim\u00e1ticas: armazenamento, irriga\u00e7\u00e3o racional e sustentabilidade.","breadcrumb":{"@id":"https:\/\/blog.maciterneecolo.fr\/pt-pt\/reservatorios-flexiveis-e-viticultura-gestao-da-agua-adaptada-a-vinha-face-as-alteracoes-climaticas\/#breadcrumb"},"inLanguage":"pt-PT","potentialAction":[{"@type":"ReadAction","target":["https:\/\/blog.maciterneecolo.fr\/pt-pt\/reservatorios-flexiveis-e-viticultura-gestao-da-agua-adaptada-a-vinha-face-as-alteracoes-climaticas\/"]}]},{"@type":"ImageObject","inLanguage":"pt-PT","@id":"https:\/\/blog.maciterneecolo.fr\/pt-pt\/reservatorios-flexiveis-e-viticultura-gestao-da-agua-adaptada-a-vinha-face-as-alteracoes-climaticas\/#primaryimage","url":"https:\/\/blog.maciterneecolo.fr\/wp-content\/uploads\/2025\/09\/pexels-pixabay-39511-scaled.jpg","contentUrl":"https:\/\/blog.maciterneecolo.fr\/wp-content\/uploads\/2025\/09\/pexels-pixabay-39511-scaled.jpg","width":2560,"height":1707},{"@type":"BreadcrumbList","@id":"https:\/\/blog.maciterneecolo.fr\/pt-pt\/reservatorios-flexiveis-e-viticultura-gestao-da-agua-adaptada-a-vinha-face-as-alteracoes-climaticas\/#breadcrumb","itemListElement":[{"@type":"ListItem","position":1,"name":"Accueil","item":"https:\/\/blog.maciterneecolo.fr\/pt-pt\/"},{"@type":"ListItem","position":2,"name":"Reservat\u00f3rios flex\u00edveis e viticultura: gest\u00e3o da \u00e1gua adaptada \u00e0 vinha face \u00e0s altera\u00e7\u00f5es clim\u00e1ticas"}]},{"@type":"WebSite","@id":"https:\/\/blog.maciterneecolo.fr\/pt-pt\/#website","url":"https:\/\/blog.maciterneecolo.fr\/pt-pt\/","name":"Blog Ma Citerne Ecolo","description":"Leader dans le domaine de la citerne souple d&#039;eau de pluie","publisher":{"@id":"https:\/\/blog.maciterneecolo.fr\/pt-pt\/#organization"},"potentialAction":[{"@type":"SearchAction","target":{"@type":"EntryPoint","urlTemplate":"https:\/\/blog.maciterneecolo.fr\/pt-pt\/?s={search_term_string}"},"query-input":{"@type":"PropertyValueSpecification","valueRequired":true,"valueName":"search_term_string"}}],"inLanguage":"pt-PT"},{"@type":"Organization","@id":"https:\/\/blog.maciterneecolo.fr\/pt-pt\/#organization","name":"Blog Ma Citerne Ecolo","url":"https:\/\/blog.maciterneecolo.fr\/pt-pt\/","logo":{"@type":"ImageObject","inLanguage":"pt-PT","@id":"https:\/\/blog.maciterneecolo.fr\/pt-pt\/#\/schema\/logo\/image\/","url":"https:\/\/blog.maciterneecolo.fr\/wp-content\/uploads\/2022\/12\/cropped-favicon-blog.png","contentUrl":"https:\/\/blog.maciterneecolo.fr\/wp-content\/uploads\/2022\/12\/cropped-favicon-blog.png","width":512,"height":512,"caption":"Blog Ma Citerne Ecolo"},"image":{"@id":"https:\/\/blog.maciterneecolo.fr\/pt-pt\/#\/schema\/logo\/image\/"}},{"@type":"Person","@id":"https:\/\/blog.maciterneecolo.fr\/pt-pt\/#\/schema\/person\/fe50d00b4e639107698e1ddead236943","name":"B\u00e9n\u00e9dicte Rebolloso","image":{"@type":"ImageObject","inLanguage":"pt-PT","@id":"https:\/\/secure.gravatar.com\/avatar\/ffa759db2a4d8ebb52a58b89d3dc2a9f0395a5122bb839045a145d6585de1126?s=96&d=mm&r=g","url":"https:\/\/secure.gravatar.com\/avatar\/ffa759db2a4d8ebb52a58b89d3dc2a9f0395a5122bb839045a145d6585de1126?s=96&d=mm&r=g","contentUrl":"https:\/\/secure.gravatar.com\/avatar\/ffa759db2a4d8ebb52a58b89d3dc2a9f0395a5122bb839045a145d6585de1126?s=96&d=mm&r=g","caption":"B\u00e9n\u00e9dicte Rebolloso"},"url":"https:\/\/blog.maciterneecolo.fr\/pt-pt\/author\/benedicterebolloso\/"}]}},"_links":{"self":[{"href":"https:\/\/blog.maciterneecolo.fr\/pt-pt\/wp-json\/wp\/v2\/posts\/15153","targetHints":{"allow":["GET"]}}],"collection":[{"href":"https:\/\/blog.maciterneecolo.fr\/pt-pt\/wp-json\/wp\/v2\/posts"}],"about":[{"href":"https:\/\/blog.maciterneecolo.fr\/pt-pt\/wp-json\/wp\/v2\/types\/post"}],"author":[{"embeddable":true,"href":"https:\/\/blog.maciterneecolo.fr\/pt-pt\/wp-json\/wp\/v2\/users\/4"}],"replies":[{"embeddable":true,"href":"https:\/\/blog.maciterneecolo.fr\/pt-pt\/wp-json\/wp\/v2\/comments?post=15153"}],"version-history":[{"count":1,"href":"https:\/\/blog.maciterneecolo.fr\/pt-pt\/wp-json\/wp\/v2\/posts\/15153\/revisions"}],"predecessor-version":[{"id":15154,"href":"https:\/\/blog.maciterneecolo.fr\/pt-pt\/wp-json\/wp\/v2\/posts\/15153\/revisions\/15154"}],"wp:featuredmedia":[{"embeddable":true,"href":"https:\/\/blog.maciterneecolo.fr\/pt-pt\/wp-json\/wp\/v2\/media\/15146"}],"wp:attachment":[{"href":"https:\/\/blog.maciterneecolo.fr\/pt-pt\/wp-json\/wp\/v2\/media?parent=15153"}],"wp:term":[{"taxonomy":"category","embeddable":true,"href":"https:\/\/blog.maciterneecolo.fr\/pt-pt\/wp-json\/wp\/v2\/categories?post=15153"},{"taxonomy":"post_tag","embeddable":true,"href":"https:\/\/blog.maciterneecolo.fr\/pt-pt\/wp-json\/wp\/v2\/tags?post=15153"}],"curies":[{"name":"wp","href":"https:\/\/api.w.org\/{rel}","templated":true}]}}