{"id":15175,"date":"2025-12-03T08:00:00","date_gmt":"2025-12-03T08:00:00","guid":{"rendered":"https:\/\/blog.maciterneecolo.fr\/?p=15175"},"modified":"2025-09-11T12:20:17","modified_gmt":"2025-09-11T12:20:17","slug":"qual-e-o-ciclo-de-vida-de-um-reservatorio-flexivel-do-fabrico-a-reciclagem","status":"publish","type":"post","link":"https:\/\/blog.maciterneecolo.fr\/pt-pt\/qual-e-o-ciclo-de-vida-de-um-reservatorio-flexivel-do-fabrico-a-reciclagem\/","title":{"rendered":"Qual \u00e9 o ciclo de vida de um reservat\u00f3rio flex\u00edvel? Do fabrico \u00e0 reciclagem"},"content":{"rendered":"\n<h2 class=\"wp-block-heading\">Introdu\u00e7\u00e3o<\/h2>\n\n<p>O ciclo de vida de um <a href=\"https:\/\/www.maciterneecolo.fr\/fr\/3-citernes-souples\">reservat\u00f3rio flex\u00edvel<\/a> \u00e9 uma quest\u00e3o central na gest\u00e3o da \u00e1gua. Do fabrico \u00e0 reciclagem, cada etapa desempenha um papel essencial. Estes reservat\u00f3rios representam uma solu\u00e7\u00e3o sustent\u00e1vel para armazenar \u00e1gua da chuva ou \u00e1gua pot\u00e1vel. Mas qual \u00e9 o seu verdadeiro ciclo de vida, desde a conce\u00e7\u00e3o at\u00e9 ao fim de vida?   <\/p>\n\n<p>Em Fran\u00e7a, muitos profissionais e particulares j\u00e1 utilizam este equipamento. V\u00eaem-no como uma resposta pr\u00e1tica aos desafios colocados pelas altera\u00e7\u00f5es clim\u00e1ticas e pela necessidade de mais litros de \u00e1gua. Ao compreenderem o ciclo da \u00e1gua, podem otimizar a sua utiliza\u00e7\u00e3o, reduzir os res\u00edduos e melhorar a seguran\u00e7a das suas instala\u00e7\u00f5es.  <\/p>\n\n<h2 class=\"wp-block-heading\">A conce\u00e7\u00e3o de um reservat\u00f3rio flex\u00edvel<\/h2>\n\n<h3 class=\"wp-block-heading\">Materiais utilizados: pl\u00e1stico, t\u00eaxteis e madeira<\/h3>\n\n<p>Um autoclismo flex\u00edvel \u00e9 fabricado com materiais s\u00f3lidos: PVC, t\u00eaxteis t\u00e9cnicos e, por vezes, madeira de refor\u00e7o. Estes produtos garantem a estanquicidade e protegem a \u00e1gua armazenada do calor e da chuva. As inova\u00e7\u00f5es recentes encorajam a utiliza\u00e7\u00e3o de materiais recicl\u00e1veis, limitando os res\u00edduos e melhorando o impacto ambiental.  <\/p>\n\n<h3 class=\"wp-block-heading\">Fases e normas de fabrico<\/h3>\n\n<p>O fabrico segue um processo rigoroso: corte, soldadura, testes de resist\u00eancia e controlo do fluxo. Em Fran\u00e7a, as normas de seguran\u00e7a imp\u00f5em controlos rigorosos. Cada <a href=\"https:\/\/www.maciterneecolo.fr\/fr\/\">reservat\u00f3rio flex\u00edvel<\/a> \u00e9 concebido para durar, desde os modelos de algumas centenas de litros at\u00e9 aos grandes reservat\u00f3rios. Os fabricantes tamb\u00e9m fornecem or\u00e7amentos precisos para o ajudar a escolher a melhor solu\u00e7\u00e3o de armazenamento.   <\/p>\n\n<h3 class=\"wp-block-heading\">Produtos concebidos para a seguran\u00e7a<\/h3>\n\n<p>O projeto inclui os acess\u00f3rios essenciais: escumadores de \u00e1guas pluviais, v\u00e1lvulas e sistemas de infiltra\u00e7\u00e3o. Alguns modelos incorporam m\u00f3dulos IBC, \u00fateis para o transporte e a reten\u00e7\u00e3o de l\u00edquidos. Estas solu\u00e7\u00f5es t\u00e9cnicas garantem uma utiliza\u00e7\u00e3o segura, adaptada \u00e0s diferentes necessidades dos profissionais e\/ou particulares.  <\/p>\n\n<h2 class=\"wp-block-heading\">A utiliza\u00e7\u00e3o e a dura\u00e7\u00e3o de vida de um reservat\u00f3rio flex\u00edvel<\/h2>\n\n<h3 class=\"wp-block-heading\">Instala\u00e7\u00e3o r\u00e1pida e f\u00e1cil<\/h3>\n\n<p><a href=\"https:\/\/blog.maciterneecolo.fr\/pt-pt\/como-e-que-preparo-a-minha-plataforma-de-rececao-para-o-meu-reservatorio-flexivel\/\">A instala\u00e7\u00e3o \u00e9 f\u00e1cil<\/a>. Tudo o que precisas de preparar \u00e9 um terreno est\u00e1vel e uma superf\u00edcie plana. Esta simplicidade torna o reservat\u00f3rio flex\u00edvel ideal para um jardim, uma quinta ou um local industrial. Cada projeto pode beneficiar de um or\u00e7amento claro e de um apoio profissional. Os suportes de madeira ou IBC aumentam a estabilidade e facilitam o transporte.    <\/p>\n\n<h3 class=\"wp-block-heading\">Utiliza\u00e7\u00f5es m\u00faltiplas para otimizar a gest\u00e3o da \u00e1gua<\/h3>\n\n<p>Os dep\u00f3sitos flex\u00edveis satisfazem uma vasta gama de necessidades:<\/p>\n\n<ul class=\"wp-block-list\">\n<li>recupera\u00e7\u00e3o da \u00e1gua da chuva para rega,<\/li>\n\n\n\n<li>abastecimento de \u00e1gua pot\u00e1vel \u00e0s comunidades rurais,<\/li>\n\n\n\n<li>solu\u00e7\u00e3o de seguran\u00e7a contra inc\u00eandios,<\/li>\n\n\n\n<li>reten\u00e7\u00e3o de efluentes ou res\u00edduos l\u00edquidos,<\/li>\n\n\n\n<li>transporte de l\u00edquidos para a ind\u00fastria.<\/li>\n<\/ul>\n\n<p>Estas utiliza\u00e7\u00f5es demonstram a versatilidade deste sistema. Em Fran\u00e7a, \u00e9 uma resposta essencial aos desafios das altera\u00e7\u00f5es clim\u00e1ticas. <\/p>\n\n<h3 class=\"wp-block-heading\">Factores que influenciam a vida \u00fatil<\/h3>\n\n<p>Um tanque bem conservado pode durar 15 a 20 anos. A sua longevidade depende da sua instala\u00e7\u00e3o, da qualidade dos materiais utilizados, do tipo de solo e dos caprichos da chuva. As respostas incluem a instala\u00e7\u00e3o de protec\u00e7\u00f5es de madeira e a utiliza\u00e7\u00e3o de m\u00f3dulos IBC. Com estas t\u00e9cnicas, reduz-se a taxa de falhas e aumenta-se a seguran\u00e7a do armazenamento.   <\/p>\n\n<h2 class=\"wp-block-heading\">Manuten\u00e7\u00e3o para prolongar a vida \u00fatil do dep\u00f3sito<\/h2>\n\n<h3 class=\"wp-block-heading\">Manuten\u00e7\u00e3o regular e preven\u00e7\u00e3o de res\u00edduos<\/h3>\n\n<p>Uma boa manuten\u00e7\u00e3o prolonga a sua vida \u00fatil. Para isso, verifica o caudal, limpa o reservat\u00f3rio e evita a acumula\u00e7\u00e3o de res\u00edduos, como folhas. Solu\u00e7\u00f5es simples s\u00e3o tudo o que precisas para manter uma boa qualidade da \u00e1gua. Os fabricantes at\u00e9 oferecem guias de manuten\u00e7\u00e3o e or\u00e7amentos para apoiar os utilizadores.   <\/p>\n\n<h3 class=\"wp-block-heading\">Repara em vez de substituir<\/h3>\n\n<p>Em caso de fuga, n\u00e3o h\u00e1 necessidade de o substituir imediatamente. Existem remendos e t\u00e9cnicas de repara\u00e7\u00e3o. Os profissionais franceses oferecem respostas r\u00e1pidas para evitar deitar fora uma cisterna ainda funcional. Os refor\u00e7os de madeira ou as bolsas de IBC melhoram a resist\u00eancia e facilitam o transporte.   <\/p>\n\n<h3 class=\"wp-block-heading\">Otimiza\u00e7\u00e3o do desempenho ao longo de v\u00e1rios anos<\/h3>\n\n<p>O desempenho \u00e9 mantido atrav\u00e9s de controlos regulares. A utiliza\u00e7\u00e3o de sistemas de filtragem e a prote\u00e7\u00e3o contra impactos optimizam o armazenamento. As inova\u00e7\u00f5es recentes incluem acess\u00f3rios modulares e suportes de madeira, garantindo uma maior durabilidade, mesmo com chuva intensa.  <\/p>\n\n<h2 class=\"wp-block-heading\">Fim de vida e reciclagem de reservat\u00f3rios flex\u00edveis<\/h2>\n\n<h3 class=\"wp-block-heading\">O que acontece a um dep\u00f3sito usado?<\/h3>\n\n<p>No final do seu ciclo de vida, uma cisterna torna-se menos segura. Mas n\u00e3o se trata apenas de res\u00edduos. Os centros de tratamento recolhem estes produtos e reciclam-nos. As respostas tamb\u00e9m incluem or\u00e7amentos de retoma, permitindo aos utilizadores planear a sua substitui\u00e7\u00e3o.   <\/p>\n\n<h3 class=\"wp-block-heading\">Reciclagem de materiais<\/h3>\n\n<p>Em Fran\u00e7a, empresas especializadas reciclam o pl\u00e1stico e os t\u00eaxteis das cisternas flex\u00edveis. O pl\u00e1stico \u00e9 transformado em novos produtos, enquanto os t\u00eaxteis encontram uma segunda utiliza\u00e7\u00e3o. Os contentores de madeira ou IBC s\u00e3o reutilizados para o transporte. Estas iniciativas reduzem o impacto dos res\u00edduos e d\u00e3o uma verdadeira resposta ambiental.   <\/p>\n\n<h3 class=\"wp-block-heading\">Rumo a uma economia circular sustent\u00e1vel<\/h3>\n\n<p>A tend\u00eancia \u00e9 para uma economia circular. Os fabricantes est\u00e3o a desenvolver solu\u00e7\u00f5es totalmente recicl\u00e1veis. A integra\u00e7\u00e3o de materiais provenientes de res\u00edduos e a utiliza\u00e7\u00e3o de m\u00f3dulos IBC oferecem novas solu\u00e7\u00f5es pr\u00e1ticas. Estas inova\u00e7\u00f5es limitam o impacto das chuvas irregulares e das crises clim\u00e1ticas, ao mesmo tempo que promovem uma melhor gest\u00e3o dos recursos.   <\/p>\n\n<h2 class=\"wp-block-heading\">Conclus\u00e3o<\/h2>\n\n<p>O ciclo de vida de um reservat\u00f3rio flex\u00edvel ilustra um modelo de solu\u00e7\u00e3o sustent\u00e1vel. Do fabrico \u00e0 instala\u00e7\u00e3o, da utiliza\u00e7\u00e3o \u00e0 manuten\u00e7\u00e3o e \u00e0 reciclagem, cada etapa contribui para reduzir os res\u00edduos e aumentar a seguran\u00e7a. <\/p>\n\n<p>Ao escolher estes reservat\u00f3rios, os particulares e os profissionais t\u00eam acesso a uma solu\u00e7\u00e3o fi\u00e1vel para armazenar a \u00e1gua da chuva ou a \u00e1gua pot\u00e1vel. Gra\u00e7as a solu\u00e7\u00f5es inovadoras, or\u00e7amentos claros e canais de recupera\u00e7\u00e3o de materiais, os reservat\u00f3rios flex\u00edveis fazem parte de uma economia circular. <\/p>\n\n<p>Num mundo marcado pelas altera\u00e7\u00f5es clim\u00e1ticas, estas instala\u00e7\u00f5es est\u00e3o a expandir-se. Oferecem solu\u00e7\u00f5es pr\u00e1ticas para uma melhor gest\u00e3o dos recursos em Fran\u00e7a e noutros pa\u00edses. <\/p>\n","protected":false},"excerpt":{"rendered":"<p>Introdu\u00e7\u00e3o O ciclo de vida de um reservat\u00f3rio flex\u00edvel \u00e9 uma quest\u00e3o central na gest\u00e3o da \u00e1gua. Do fabrico \u00e0 reciclagem, cada etapa desempenha um papel essencial. Estes reservat\u00f3rios representam uma solu\u00e7\u00e3o sustent\u00e1vel para armazenar \u00e1gua da chuva ou \u00e1gua pot\u00e1vel. Mas qual \u00e9 o seu verdadeiro ciclo de vida, desde a conce\u00e7\u00e3o at\u00e9 ao [&hellip;]<\/p>\n","protected":false},"author":4,"featured_media":15135,"comment_status":"open","ping_status":"closed","sticky":false,"template":"","format":"standard","meta":{"inline_featured_image":false,"footnotes":""},"categories":[88,387],"tags":[311],"class_list":["post-15175","post","type-post","status-publish","format-standard","has-post-thumbnail","hentry","category-tanques-flexiveis","category-tudo-o-que-precisa-de-saber-sobre-o-tanque-flexivel","tag-colheita-da-agua-da-chuva"],"yoast_head":"<!-- This site is optimized with the Yoast SEO plugin v27.4 - https:\/\/yoast.com\/product\/yoast-seo-wordpress\/ -->\n<title>Qual \u00e9 o ciclo de vida de um reservat\u00f3rio flex\u00edvel? Do fabrico \u00e0 reciclagem - Blog Ma Citerne Ecolo<\/title>\n<meta name=\"description\" content=\"Os reservat\u00f3rios flex\u00edveis podem ser reciclados. Descobre mais sobre o processo de fabrico para saberes como podem ser reciclados.\" \/>\n<meta name=\"robots\" content=\"index, follow, max-snippet:-1, max-image-preview:large, max-video-preview:-1\" \/>\n<link rel=\"canonical\" href=\"https:\/\/blog.maciterneecolo.fr\/pt-pt\/qual-e-o-ciclo-de-vida-de-um-reservatorio-flexivel-do-fabrico-a-reciclagem\/\" \/>\n<meta property=\"og:locale\" content=\"pt_PT\" \/>\n<meta property=\"og:type\" content=\"article\" \/>\n<meta property=\"og:title\" content=\"Qual \u00e9 o ciclo de vida de um reservat\u00f3rio flex\u00edvel? Do fabrico \u00e0 reciclagem - Blog Ma Citerne Ecolo\" \/>\n<meta property=\"og:description\" content=\"Os reservat\u00f3rios flex\u00edveis podem ser reciclados. Descobre mais sobre o processo de fabrico para saberes como podem ser reciclados.\" \/>\n<meta property=\"og:url\" content=\"https:\/\/blog.maciterneecolo.fr\/pt-pt\/qual-e-o-ciclo-de-vida-de-um-reservatorio-flexivel-do-fabrico-a-reciclagem\/\" \/>\n<meta property=\"og:site_name\" content=\"Blog Ma Citerne Ecolo\" \/>\n<meta property=\"article:published_time\" content=\"2025-12-03T08:00:00+00:00\" \/>\n<meta property=\"og:image\" content=\"https:\/\/blog.maciterneecolo.fr\/wp-content\/uploads\/2025\/09\/pexels-cottonbro-6591427-scaled.jpg\" \/>\n\t<meta property=\"og:image:width\" content=\"2560\" \/>\n\t<meta property=\"og:image:height\" content=\"1707\" \/>\n\t<meta property=\"og:image:type\" content=\"image\/jpeg\" \/>\n<meta name=\"author\" content=\"B\u00e9n\u00e9dicte Rebolloso\" \/>\n<meta name=\"twitter:card\" content=\"summary_large_image\" \/>\n<meta name=\"twitter:label1\" content=\"Escrito por\" \/>\n\t<meta name=\"twitter:data1\" content=\"B\u00e9n\u00e9dicte Rebolloso\" \/>\n\t<meta name=\"twitter:label2\" content=\"Tempo estimado de leitura\" \/>\n\t<meta name=\"twitter:data2\" content=\"5 minutos\" \/>\n<script type=\"application\/ld+json\" class=\"yoast-schema-graph\">{\"@context\":\"https:\\\/\\\/schema.org\",\"@graph\":[{\"@type\":\"Article\",\"@id\":\"https:\\\/\\\/blog.maciterneecolo.fr\\\/pt-pt\\\/qual-e-o-ciclo-de-vida-de-um-reservatorio-flexivel-do-fabrico-a-reciclagem\\\/#article\",\"isPartOf\":{\"@id\":\"https:\\\/\\\/blog.maciterneecolo.fr\\\/pt-pt\\\/qual-e-o-ciclo-de-vida-de-um-reservatorio-flexivel-do-fabrico-a-reciclagem\\\/\"},\"author\":{\"name\":\"B\u00e9n\u00e9dicte Rebolloso\",\"@id\":\"https:\\\/\\\/blog.maciterneecolo.fr\\\/pt-pt\\\/#\\\/schema\\\/person\\\/fe50d00b4e639107698e1ddead236943\"},\"headline\":\"Qual \u00e9 o ciclo de vida de um reservat\u00f3rio flex\u00edvel? Do fabrico \u00e0 reciclagem\",\"datePublished\":\"2025-12-03T08:00:00+00:00\",\"mainEntityOfPage\":{\"@id\":\"https:\\\/\\\/blog.maciterneecolo.fr\\\/pt-pt\\\/qual-e-o-ciclo-de-vida-de-um-reservatorio-flexivel-do-fabrico-a-reciclagem\\\/\"},\"wordCount\":1113,\"commentCount\":0,\"publisher\":{\"@id\":\"https:\\\/\\\/blog.maciterneecolo.fr\\\/pt-pt\\\/#organization\"},\"image\":{\"@id\":\"https:\\\/\\\/blog.maciterneecolo.fr\\\/pt-pt\\\/qual-e-o-ciclo-de-vida-de-um-reservatorio-flexivel-do-fabrico-a-reciclagem\\\/#primaryimage\"},\"thumbnailUrl\":\"https:\\\/\\\/blog.maciterneecolo.fr\\\/wp-content\\\/uploads\\\/2025\\\/09\\\/pexels-cottonbro-6591427-scaled.jpg\",\"keywords\":[\"colheita da \u00e1gua da chuva\"],\"articleSection\":[\"Tanques Flex\u00edveis\",\"Tudo o que precisa de saber sobre o tanque flex\u00edvel\"],\"inLanguage\":\"pt-PT\",\"potentialAction\":[{\"@type\":\"CommentAction\",\"name\":\"Comment\",\"target\":[\"https:\\\/\\\/blog.maciterneecolo.fr\\\/pt-pt\\\/qual-e-o-ciclo-de-vida-de-um-reservatorio-flexivel-do-fabrico-a-reciclagem\\\/#respond\"]}]},{\"@type\":\"WebPage\",\"@id\":\"https:\\\/\\\/blog.maciterneecolo.fr\\\/pt-pt\\\/qual-e-o-ciclo-de-vida-de-um-reservatorio-flexivel-do-fabrico-a-reciclagem\\\/\",\"url\":\"https:\\\/\\\/blog.maciterneecolo.fr\\\/pt-pt\\\/qual-e-o-ciclo-de-vida-de-um-reservatorio-flexivel-do-fabrico-a-reciclagem\\\/\",\"name\":\"Qual \u00e9 o ciclo de vida de um reservat\u00f3rio flex\u00edvel? Do fabrico \u00e0 reciclagem - Blog Ma Citerne Ecolo\",\"isPartOf\":{\"@id\":\"https:\\\/\\\/blog.maciterneecolo.fr\\\/pt-pt\\\/#website\"},\"primaryImageOfPage\":{\"@id\":\"https:\\\/\\\/blog.maciterneecolo.fr\\\/pt-pt\\\/qual-e-o-ciclo-de-vida-de-um-reservatorio-flexivel-do-fabrico-a-reciclagem\\\/#primaryimage\"},\"image\":{\"@id\":\"https:\\\/\\\/blog.maciterneecolo.fr\\\/pt-pt\\\/qual-e-o-ciclo-de-vida-de-um-reservatorio-flexivel-do-fabrico-a-reciclagem\\\/#primaryimage\"},\"thumbnailUrl\":\"https:\\\/\\\/blog.maciterneecolo.fr\\\/wp-content\\\/uploads\\\/2025\\\/09\\\/pexels-cottonbro-6591427-scaled.jpg\",\"datePublished\":\"2025-12-03T08:00:00+00:00\",\"description\":\"Os reservat\u00f3rios flex\u00edveis podem ser reciclados. Descobre mais sobre o processo de fabrico para saberes como podem ser reciclados.\",\"breadcrumb\":{\"@id\":\"https:\\\/\\\/blog.maciterneecolo.fr\\\/pt-pt\\\/qual-e-o-ciclo-de-vida-de-um-reservatorio-flexivel-do-fabrico-a-reciclagem\\\/#breadcrumb\"},\"inLanguage\":\"pt-PT\",\"potentialAction\":[{\"@type\":\"ReadAction\",\"target\":[\"https:\\\/\\\/blog.maciterneecolo.fr\\\/pt-pt\\\/qual-e-o-ciclo-de-vida-de-um-reservatorio-flexivel-do-fabrico-a-reciclagem\\\/\"]}]},{\"@type\":\"ImageObject\",\"inLanguage\":\"pt-PT\",\"@id\":\"https:\\\/\\\/blog.maciterneecolo.fr\\\/pt-pt\\\/qual-e-o-ciclo-de-vida-de-um-reservatorio-flexivel-do-fabrico-a-reciclagem\\\/#primaryimage\",\"url\":\"https:\\\/\\\/blog.maciterneecolo.fr\\\/wp-content\\\/uploads\\\/2025\\\/09\\\/pexels-cottonbro-6591427-scaled.jpg\",\"contentUrl\":\"https:\\\/\\\/blog.maciterneecolo.fr\\\/wp-content\\\/uploads\\\/2025\\\/09\\\/pexels-cottonbro-6591427-scaled.jpg\",\"width\":2560,\"height\":1707},{\"@type\":\"BreadcrumbList\",\"@id\":\"https:\\\/\\\/blog.maciterneecolo.fr\\\/pt-pt\\\/qual-e-o-ciclo-de-vida-de-um-reservatorio-flexivel-do-fabrico-a-reciclagem\\\/#breadcrumb\",\"itemListElement\":[{\"@type\":\"ListItem\",\"position\":1,\"name\":\"Accueil\",\"item\":\"https:\\\/\\\/blog.maciterneecolo.fr\\\/pt-pt\\\/\"},{\"@type\":\"ListItem\",\"position\":2,\"name\":\"Qual \u00e9 o ciclo de vida de um reservat\u00f3rio flex\u00edvel? Do fabrico \u00e0 reciclagem\"}]},{\"@type\":\"WebSite\",\"@id\":\"https:\\\/\\\/blog.maciterneecolo.fr\\\/pt-pt\\\/#website\",\"url\":\"https:\\\/\\\/blog.maciterneecolo.fr\\\/pt-pt\\\/\",\"name\":\"Blog Ma Citerne Ecolo\",\"description\":\"Leader dans le domaine de la citerne souple d&#039;eau de pluie\",\"publisher\":{\"@id\":\"https:\\\/\\\/blog.maciterneecolo.fr\\\/pt-pt\\\/#organization\"},\"potentialAction\":[{\"@type\":\"SearchAction\",\"target\":{\"@type\":\"EntryPoint\",\"urlTemplate\":\"https:\\\/\\\/blog.maciterneecolo.fr\\\/pt-pt\\\/?s={search_term_string}\"},\"query-input\":{\"@type\":\"PropertyValueSpecification\",\"valueRequired\":true,\"valueName\":\"search_term_string\"}}],\"inLanguage\":\"pt-PT\"},{\"@type\":\"Organization\",\"@id\":\"https:\\\/\\\/blog.maciterneecolo.fr\\\/pt-pt\\\/#organization\",\"name\":\"Blog Ma Citerne Ecolo\",\"url\":\"https:\\\/\\\/blog.maciterneecolo.fr\\\/pt-pt\\\/\",\"logo\":{\"@type\":\"ImageObject\",\"inLanguage\":\"pt-PT\",\"@id\":\"https:\\\/\\\/blog.maciterneecolo.fr\\\/pt-pt\\\/#\\\/schema\\\/logo\\\/image\\\/\",\"url\":\"https:\\\/\\\/blog.maciterneecolo.fr\\\/wp-content\\\/uploads\\\/2022\\\/12\\\/cropped-favicon-blog.png\",\"contentUrl\":\"https:\\\/\\\/blog.maciterneecolo.fr\\\/wp-content\\\/uploads\\\/2022\\\/12\\\/cropped-favicon-blog.png\",\"width\":512,\"height\":512,\"caption\":\"Blog Ma Citerne Ecolo\"},\"image\":{\"@id\":\"https:\\\/\\\/blog.maciterneecolo.fr\\\/pt-pt\\\/#\\\/schema\\\/logo\\\/image\\\/\"}},{\"@type\":\"Person\",\"@id\":\"https:\\\/\\\/blog.maciterneecolo.fr\\\/pt-pt\\\/#\\\/schema\\\/person\\\/fe50d00b4e639107698e1ddead236943\",\"name\":\"B\u00e9n\u00e9dicte Rebolloso\",\"image\":{\"@type\":\"ImageObject\",\"inLanguage\":\"pt-PT\",\"@id\":\"https:\\\/\\\/secure.gravatar.com\\\/avatar\\\/ffa759db2a4d8ebb52a58b89d3dc2a9f0395a5122bb839045a145d6585de1126?s=96&d=mm&r=g\",\"url\":\"https:\\\/\\\/secure.gravatar.com\\\/avatar\\\/ffa759db2a4d8ebb52a58b89d3dc2a9f0395a5122bb839045a145d6585de1126?s=96&d=mm&r=g\",\"contentUrl\":\"https:\\\/\\\/secure.gravatar.com\\\/avatar\\\/ffa759db2a4d8ebb52a58b89d3dc2a9f0395a5122bb839045a145d6585de1126?s=96&d=mm&r=g\",\"caption\":\"B\u00e9n\u00e9dicte Rebolloso\"},\"url\":\"https:\\\/\\\/blog.maciterneecolo.fr\\\/pt-pt\\\/author\\\/benedicterebolloso\\\/\"}]}<\/script>\n<!-- \/ Yoast SEO plugin. -->","yoast_head_json":{"title":"Qual \u00e9 o ciclo de vida de um reservat\u00f3rio flex\u00edvel? Do fabrico \u00e0 reciclagem - Blog Ma Citerne Ecolo","description":"Os reservat\u00f3rios flex\u00edveis podem ser reciclados. Descobre mais sobre o processo de fabrico para saberes como podem ser reciclados.","robots":{"index":"index","follow":"follow","max-snippet":"max-snippet:-1","max-image-preview":"max-image-preview:large","max-video-preview":"max-video-preview:-1"},"canonical":"https:\/\/blog.maciterneecolo.fr\/pt-pt\/qual-e-o-ciclo-de-vida-de-um-reservatorio-flexivel-do-fabrico-a-reciclagem\/","og_locale":"pt_PT","og_type":"article","og_title":"Qual \u00e9 o ciclo de vida de um reservat\u00f3rio flex\u00edvel? Do fabrico \u00e0 reciclagem - Blog Ma Citerne Ecolo","og_description":"Os reservat\u00f3rios flex\u00edveis podem ser reciclados. Descobre mais sobre o processo de fabrico para saberes como podem ser reciclados.","og_url":"https:\/\/blog.maciterneecolo.fr\/pt-pt\/qual-e-o-ciclo-de-vida-de-um-reservatorio-flexivel-do-fabrico-a-reciclagem\/","og_site_name":"Blog Ma Citerne Ecolo","article_published_time":"2025-12-03T08:00:00+00:00","og_image":[{"width":2560,"height":1707,"url":"https:\/\/blog.maciterneecolo.fr\/wp-content\/uploads\/2025\/09\/pexels-cottonbro-6591427-scaled.jpg","type":"image\/jpeg"}],"author":"B\u00e9n\u00e9dicte Rebolloso","twitter_card":"summary_large_image","twitter_misc":{"Escrito por":"B\u00e9n\u00e9dicte Rebolloso","Tempo estimado de leitura":"5 minutos"},"schema":{"@context":"https:\/\/schema.org","@graph":[{"@type":"Article","@id":"https:\/\/blog.maciterneecolo.fr\/pt-pt\/qual-e-o-ciclo-de-vida-de-um-reservatorio-flexivel-do-fabrico-a-reciclagem\/#article","isPartOf":{"@id":"https:\/\/blog.maciterneecolo.fr\/pt-pt\/qual-e-o-ciclo-de-vida-de-um-reservatorio-flexivel-do-fabrico-a-reciclagem\/"},"author":{"name":"B\u00e9n\u00e9dicte Rebolloso","@id":"https:\/\/blog.maciterneecolo.fr\/pt-pt\/#\/schema\/person\/fe50d00b4e639107698e1ddead236943"},"headline":"Qual \u00e9 o ciclo de vida de um reservat\u00f3rio flex\u00edvel? Do fabrico \u00e0 reciclagem","datePublished":"2025-12-03T08:00:00+00:00","mainEntityOfPage":{"@id":"https:\/\/blog.maciterneecolo.fr\/pt-pt\/qual-e-o-ciclo-de-vida-de-um-reservatorio-flexivel-do-fabrico-a-reciclagem\/"},"wordCount":1113,"commentCount":0,"publisher":{"@id":"https:\/\/blog.maciterneecolo.fr\/pt-pt\/#organization"},"image":{"@id":"https:\/\/blog.maciterneecolo.fr\/pt-pt\/qual-e-o-ciclo-de-vida-de-um-reservatorio-flexivel-do-fabrico-a-reciclagem\/#primaryimage"},"thumbnailUrl":"https:\/\/blog.maciterneecolo.fr\/wp-content\/uploads\/2025\/09\/pexels-cottonbro-6591427-scaled.jpg","keywords":["colheita da \u00e1gua da chuva"],"articleSection":["Tanques Flex\u00edveis","Tudo o que precisa de saber sobre o tanque flex\u00edvel"],"inLanguage":"pt-PT","potentialAction":[{"@type":"CommentAction","name":"Comment","target":["https:\/\/blog.maciterneecolo.fr\/pt-pt\/qual-e-o-ciclo-de-vida-de-um-reservatorio-flexivel-do-fabrico-a-reciclagem\/#respond"]}]},{"@type":"WebPage","@id":"https:\/\/blog.maciterneecolo.fr\/pt-pt\/qual-e-o-ciclo-de-vida-de-um-reservatorio-flexivel-do-fabrico-a-reciclagem\/","url":"https:\/\/blog.maciterneecolo.fr\/pt-pt\/qual-e-o-ciclo-de-vida-de-um-reservatorio-flexivel-do-fabrico-a-reciclagem\/","name":"Qual \u00e9 o ciclo de vida de um reservat\u00f3rio flex\u00edvel? Do fabrico \u00e0 reciclagem - Blog Ma Citerne Ecolo","isPartOf":{"@id":"https:\/\/blog.maciterneecolo.fr\/pt-pt\/#website"},"primaryImageOfPage":{"@id":"https:\/\/blog.maciterneecolo.fr\/pt-pt\/qual-e-o-ciclo-de-vida-de-um-reservatorio-flexivel-do-fabrico-a-reciclagem\/#primaryimage"},"image":{"@id":"https:\/\/blog.maciterneecolo.fr\/pt-pt\/qual-e-o-ciclo-de-vida-de-um-reservatorio-flexivel-do-fabrico-a-reciclagem\/#primaryimage"},"thumbnailUrl":"https:\/\/blog.maciterneecolo.fr\/wp-content\/uploads\/2025\/09\/pexels-cottonbro-6591427-scaled.jpg","datePublished":"2025-12-03T08:00:00+00:00","description":"Os reservat\u00f3rios flex\u00edveis podem ser reciclados. Descobre mais sobre o processo de fabrico para saberes como podem ser reciclados.","breadcrumb":{"@id":"https:\/\/blog.maciterneecolo.fr\/pt-pt\/qual-e-o-ciclo-de-vida-de-um-reservatorio-flexivel-do-fabrico-a-reciclagem\/#breadcrumb"},"inLanguage":"pt-PT","potentialAction":[{"@type":"ReadAction","target":["https:\/\/blog.maciterneecolo.fr\/pt-pt\/qual-e-o-ciclo-de-vida-de-um-reservatorio-flexivel-do-fabrico-a-reciclagem\/"]}]},{"@type":"ImageObject","inLanguage":"pt-PT","@id":"https:\/\/blog.maciterneecolo.fr\/pt-pt\/qual-e-o-ciclo-de-vida-de-um-reservatorio-flexivel-do-fabrico-a-reciclagem\/#primaryimage","url":"https:\/\/blog.maciterneecolo.fr\/wp-content\/uploads\/2025\/09\/pexels-cottonbro-6591427-scaled.jpg","contentUrl":"https:\/\/blog.maciterneecolo.fr\/wp-content\/uploads\/2025\/09\/pexels-cottonbro-6591427-scaled.jpg","width":2560,"height":1707},{"@type":"BreadcrumbList","@id":"https:\/\/blog.maciterneecolo.fr\/pt-pt\/qual-e-o-ciclo-de-vida-de-um-reservatorio-flexivel-do-fabrico-a-reciclagem\/#breadcrumb","itemListElement":[{"@type":"ListItem","position":1,"name":"Accueil","item":"https:\/\/blog.maciterneecolo.fr\/pt-pt\/"},{"@type":"ListItem","position":2,"name":"Qual \u00e9 o ciclo de vida de um reservat\u00f3rio flex\u00edvel? Do fabrico \u00e0 reciclagem"}]},{"@type":"WebSite","@id":"https:\/\/blog.maciterneecolo.fr\/pt-pt\/#website","url":"https:\/\/blog.maciterneecolo.fr\/pt-pt\/","name":"Blog Ma Citerne Ecolo","description":"Leader dans le domaine de la citerne souple d&#039;eau de pluie","publisher":{"@id":"https:\/\/blog.maciterneecolo.fr\/pt-pt\/#organization"},"potentialAction":[{"@type":"SearchAction","target":{"@type":"EntryPoint","urlTemplate":"https:\/\/blog.maciterneecolo.fr\/pt-pt\/?s={search_term_string}"},"query-input":{"@type":"PropertyValueSpecification","valueRequired":true,"valueName":"search_term_string"}}],"inLanguage":"pt-PT"},{"@type":"Organization","@id":"https:\/\/blog.maciterneecolo.fr\/pt-pt\/#organization","name":"Blog Ma Citerne Ecolo","url":"https:\/\/blog.maciterneecolo.fr\/pt-pt\/","logo":{"@type":"ImageObject","inLanguage":"pt-PT","@id":"https:\/\/blog.maciterneecolo.fr\/pt-pt\/#\/schema\/logo\/image\/","url":"https:\/\/blog.maciterneecolo.fr\/wp-content\/uploads\/2022\/12\/cropped-favicon-blog.png","contentUrl":"https:\/\/blog.maciterneecolo.fr\/wp-content\/uploads\/2022\/12\/cropped-favicon-blog.png","width":512,"height":512,"caption":"Blog Ma Citerne Ecolo"},"image":{"@id":"https:\/\/blog.maciterneecolo.fr\/pt-pt\/#\/schema\/logo\/image\/"}},{"@type":"Person","@id":"https:\/\/blog.maciterneecolo.fr\/pt-pt\/#\/schema\/person\/fe50d00b4e639107698e1ddead236943","name":"B\u00e9n\u00e9dicte Rebolloso","image":{"@type":"ImageObject","inLanguage":"pt-PT","@id":"https:\/\/secure.gravatar.com\/avatar\/ffa759db2a4d8ebb52a58b89d3dc2a9f0395a5122bb839045a145d6585de1126?s=96&d=mm&r=g","url":"https:\/\/secure.gravatar.com\/avatar\/ffa759db2a4d8ebb52a58b89d3dc2a9f0395a5122bb839045a145d6585de1126?s=96&d=mm&r=g","contentUrl":"https:\/\/secure.gravatar.com\/avatar\/ffa759db2a4d8ebb52a58b89d3dc2a9f0395a5122bb839045a145d6585de1126?s=96&d=mm&r=g","caption":"B\u00e9n\u00e9dicte Rebolloso"},"url":"https:\/\/blog.maciterneecolo.fr\/pt-pt\/author\/benedicterebolloso\/"}]}},"_links":{"self":[{"href":"https:\/\/blog.maciterneecolo.fr\/pt-pt\/wp-json\/wp\/v2\/posts\/15175","targetHints":{"allow":["GET"]}}],"collection":[{"href":"https:\/\/blog.maciterneecolo.fr\/pt-pt\/wp-json\/wp\/v2\/posts"}],"about":[{"href":"https:\/\/blog.maciterneecolo.fr\/pt-pt\/wp-json\/wp\/v2\/types\/post"}],"author":[{"embeddable":true,"href":"https:\/\/blog.maciterneecolo.fr\/pt-pt\/wp-json\/wp\/v2\/users\/4"}],"replies":[{"embeddable":true,"href":"https:\/\/blog.maciterneecolo.fr\/pt-pt\/wp-json\/wp\/v2\/comments?post=15175"}],"version-history":[{"count":1,"href":"https:\/\/blog.maciterneecolo.fr\/pt-pt\/wp-json\/wp\/v2\/posts\/15175\/revisions"}],"predecessor-version":[{"id":15176,"href":"https:\/\/blog.maciterneecolo.fr\/pt-pt\/wp-json\/wp\/v2\/posts\/15175\/revisions\/15176"}],"wp:featuredmedia":[{"embeddable":true,"href":"https:\/\/blog.maciterneecolo.fr\/pt-pt\/wp-json\/wp\/v2\/media\/15135"}],"wp:attachment":[{"href":"https:\/\/blog.maciterneecolo.fr\/pt-pt\/wp-json\/wp\/v2\/media?parent=15175"}],"wp:term":[{"taxonomy":"category","embeddable":true,"href":"https:\/\/blog.maciterneecolo.fr\/pt-pt\/wp-json\/wp\/v2\/categories?post=15175"},{"taxonomy":"post_tag","embeddable":true,"href":"https:\/\/blog.maciterneecolo.fr\/pt-pt\/wp-json\/wp\/v2\/tags?post=15175"}],"curies":[{"name":"wp","href":"https:\/\/api.w.org\/{rel}","templated":true}]}}