{"id":15199,"date":"2025-12-09T12:00:00","date_gmt":"2025-12-09T12:00:00","guid":{"rendered":"https:\/\/blog.maciterneecolo.fr\/?p=15199"},"modified":"2025-09-11T13:24:19","modified_gmt":"2025-09-11T13:24:19","slug":"tanques-flexiveis-e-avicultura-como-garantir-o-abeberamento-das-aves-durante-as-vagas-de-calor","status":"publish","type":"post","link":"https:\/\/blog.maciterneecolo.fr\/pt-pt\/tanques-flexiveis-e-avicultura-como-garantir-o-abeberamento-das-aves-durante-as-vagas-de-calor\/","title":{"rendered":"Tanques flex\u00edveis e avicultura: como garantir o abeberamento das aves durante as vagas de calor?"},"content":{"rendered":"\n<p>A avicultura em Fran\u00e7a enfrenta uma s\u00e9rie de desafios, amplificados por epis\u00f3dios de calor extremo. Durante as vagas de calor do ver\u00e3o, a temperatura do ar aumenta e as necessidades de \u00e1gua das aves de capoeira n\u00e3o param de aumentar. A mais pequena interrup\u00e7\u00e3o no fornecimento de litros pode p\u00f4r em causa o equil\u00edbrio da explora\u00e7\u00e3o.  <\/p>\n\n<p><a href=\"https:\/\/www.maciterneecolo.fr\/fr\/3-citernes-souples\">Os tanques flex\u00edveis<\/a> e as cisternas constituem uma solu\u00e7\u00e3o moderna e eficaz para este problema vital. Estes produtos de armazenamento, f\u00e1ceis de instalar em qualquer tipo de terreno, garantem um fornecimento cont\u00ednuo de \u00e1gua pot\u00e1vel e protegem a sa\u00fade dos animais. Vamos ver de perto como este equipamento, com paredes refor\u00e7adas, torna mais segura a rega nas explora\u00e7\u00f5es av\u00edcolas.  <\/p>\n\n<h2 class=\"wp-block-heading\"><mark style=\"background-color:rgba(0, 0, 0, 0)\" class=\"has-inline-color has-vivid-cyan-blue-color\">Os desafios da avicultura no calor<\/mark><\/h2>\n\n<h3 class=\"wp-block-heading\">O aumento das necessidades de \u00e1gua das aves de capoeira durante as ondas de calor<\/h3>\n\n<p>Quando a temperatura do ar sobe acima dos n\u00edveis de conforto, as galinhas e outras aves dom\u00e9sticas consomem mais \u00e1gua. Em alguns casos, o consumo di\u00e1rio pode aumentar em 20-30%. Para um galinheiro de tamanho m\u00e9dio, isto significa v\u00e1rias centenas de litros extra por dia.  <\/p>\n\n<p>Os animais precisam de \u00e1gua pot\u00e1vel de qualidade e sempre dispon\u00edvel. A instala\u00e7\u00e3o de uma cisterna ou de um tanque flex\u00edvel num terreno estabilizado torna-se uma necessidade para qualquer explora\u00e7\u00e3o agr\u00edcola que queira garantir a seguran\u00e7a dos seus animais. <\/p>\n\n<h3 class=\"wp-block-heading\">Os riscos da desidrata\u00e7\u00e3o e as suas consequ\u00eancias<\/h3>\n\n<p>Sem um reservat\u00f3rio adequado, o risco de desidrata\u00e7\u00e3o aumenta. A redu\u00e7\u00e3o do consumo de \u00e1gua leva a uma queda na produ\u00e7\u00e3o de ovos e \u00e0 perda de peso. Al\u00e9m disso, o stress t\u00e9rmico enfraquece o sistema imunit\u00e1rio das aves, reduzindo a sua resist\u00eancia \u00e0s doen\u00e7as. Estes efeitos s\u00e3o acentuados durante os per\u00edodos de calor intenso.   <\/p>\n\n<p>A utiliza\u00e7\u00e3o de solu\u00e7\u00f5es flex\u00edveis, como as cisternas com paredes resistentes, reduz consideravelmente estes perigos. Est\u00e3o a tornar-se um produto estrat\u00e9gico para proteger a rentabilidade da cria\u00e7\u00e3o de gado. <\/p>\n\n<h3 class=\"wp-block-heading\">A dificuldade de obter recursos nas zonas rurais<\/h3>\n\n<p>Nas zonas rurais, <a href=\"https:\/\/blog.maciterneecolo.fr\/pt-pt\/o-impacto-da-agricultura-intensiva-na-agua-e-o-papel-da-recolha-de-aguas-pluviais\/\">as explora\u00e7\u00f5es agr\u00edcolas s\u00e3o frequentemente confrontadas com restri\u00e7\u00f5es de utiliza\u00e7\u00e3o ou acesso limitado \u00e0 rede p\u00fablica<\/a>. Os tanques flex\u00edveis e os reservat\u00f3rios em PEAD oferecem uma solu\u00e7\u00e3o fi\u00e1vel para armazenar grandes volumes, por vezes v\u00e1rios milhares de litros, diretamente na explora\u00e7\u00e3o. O facto de estarem totalmente equipados e serem f\u00e1ceis de instalar significa que os agricultores podem estar bem preparados para a procura crescente durante as ondas de calor.  <\/p>\n\n<h2 class=\"wp-block-heading\"><mark style=\"background-color:rgba(0, 0, 0, 0)\" class=\"has-inline-color has-vivid-cyan-blue-color\">Tanques flex\u00edveis: a solu\u00e7\u00e3o certa para as explora\u00e7\u00f5es av\u00edcolas<\/mark><\/h2>\n\n<h3 class=\"wp-block-heading\">Instala\u00e7\u00e3o simples e modular<\/h3>\n\n<p>O reservat\u00f3rio flex\u00edvel \u00e9 um produto concebido para ser f\u00e1cil de instalar. Pode ser colocado num terreno plano, junto a um galinheiro ou num espa\u00e7o dedicado ao armazenamento de \u00e1gua da chuva. As paredes resistentes garantem uma boa veda\u00e7\u00e3o e durabilidade, mesmo em condi\u00e7\u00f5es atmosf\u00e9ricas dif\u00edceis.  <\/p>\n\n<p>Fabricantes como a Beiser oferecem uma vasta gama de reservat\u00f3rios flex\u00edveis equipados com encaixes, v\u00e1lvulas e acess\u00f3rios. Estes elementos facilitam a sua integra\u00e7\u00e3o direta num sistema de rega autom\u00e1tico. Assim, cada explora\u00e7\u00e3o agr\u00edcola pode encontrar uma solu\u00e7\u00e3o \u00e0 medida, adaptada \u00e0 sua dimens\u00e3o e necessidades de crescimento.  <\/p>\n\n<h3 class=\"wp-block-heading\">Capacidade e armazenamento: centenas a milhares de litros<\/h3>\n\n<p>Os tanques flex\u00edveis existem em v\u00e1rios tamanhos. Desde pequenos tanques de apenas algumas centenas de litros a grandes tanques com capacidade para mais de 100.000 litros, h\u00e1 algo que se adequa a cada explora\u00e7\u00e3o agr\u00edcola. Estes produtos oferecem uma flexibilidade inestim\u00e1vel num contexto de necessidades crescentes de \u00e1gua.  <\/p>\n\n<p>Algumas vers\u00f5es incluem paredes de polietileno refor\u00e7ado, ideais para conter n\u00e3o s\u00f3 \u00e1gua pot\u00e1vel, mas tamb\u00e9m solu\u00e7\u00f5es contendo fertilizantes azotados dilu\u00eddos. Este facto ilustra a versatilidade deste equipamento na gest\u00e3o dos recursos agr\u00edcolas. <\/p>\n\n<h3 class=\"wp-block-heading\">Seguran\u00e7a sanit\u00e1ria: preservar a qualidade da \u00e1gua<\/h3>\n\n<p>A prote\u00e7\u00e3o da qualidade da \u00e1gua \u00e9 uma prioridade. Os tanques flex\u00edveis reduzem o risco de contamina\u00e7\u00e3o por poeiras, bact\u00e9rias ou res\u00edduos org\u00e2nicos. O facto de serem fechados e equipados com paredes resistentes protege o recurso contra as varia\u00e7\u00f5es do ar e limita as perdas por evapora\u00e7\u00e3o.  <\/p>\n\n<p>Al\u00e9m disso, algumas solu\u00e7\u00f5es foram concebidas para serem compat\u00edveis com sistemas de tratamento simples, a fim de manter um abastecimento seguro para as aves de capoeira e o cumprimento das normas sanit\u00e1rias em vigor na avicultura.<\/p>\n\n<h2 class=\"wp-block-heading\"><mark style=\"background-color:rgba(0, 0, 0, 0)\" class=\"has-inline-color has-vivid-cyan-blue-color\">Otimiza\u00e7\u00e3o da rega com tanques flex\u00edveis<\/mark><\/h2>\n\n<h3 class=\"wp-block-heading\">Integra os tanques no sistema de rega autom\u00e1tico<\/h3>\n\n<p>Uma das grandes vantagens do reservat\u00f3rio flex\u00edvel \u00e9 a sua compatibilidade com os sistemas modernos. Ligado atrav\u00e9s de uma v\u00e1lvula ou de uma rede de tubos, fornece um abastecimento cont\u00ednuo \u00e0s linhas de distribui\u00e7\u00e3o no galinheiro. Com a sua instala\u00e7\u00e3o completa, o reservat\u00f3rio torna-se um elemento essencial do sistema de rega.  <\/p>\n\n<h3 class=\"wp-block-heading\">Regula o fluxo e evita perdas de \u00e1gua<\/h3>\n\n<p>Os tanques e as cisternas est\u00e3o equipados com dispositivos de regula\u00e7\u00e3o do caudal. Esta fun\u00e7\u00e3o \u00e9 essencial para adaptar a distribui\u00e7\u00e3o da \u00e1gua \u00e0s necessidades crescentes das aves durante os per\u00edodos de calor elevado. Al\u00e9m disso, os reguladores protegem as paredes internas dos tanques, evitando press\u00f5es excessivas e prolongando a dura\u00e7\u00e3o do produto.  <\/p>\n\n<h3 class=\"wp-block-heading\">Antecipar o consumo e abastecer-se antes dos picos de calor<\/h3>\n\n<p>O planeamento \u00e9 a chave do sucesso. Ao encher os reservat\u00f3rios flex\u00edveis a montante, utilizando a recupera\u00e7\u00e3o das \u00e1guas pluviais, os agricultores podem assegurar o seu stock. Estas solu\u00e7\u00f5es reduzem a depend\u00eancia das redes externas e garantem uma autonomia total nos per\u00edodos cr\u00edticos.  <\/p>\n\n<p>Algumas explora\u00e7\u00f5es agr\u00edcolas combinam estes tanques com sistemas de irriga\u00e7\u00e3o agr\u00edcola, em particular para arrefecer o solo \u00e0 volta dos edif\u00edcios. A combina\u00e7\u00e3o da rega e da irriga\u00e7\u00e3o torna-se assim uma resposta global aos desafios do calor. <\/p>\n\n<h2 class=\"wp-block-heading\"><mark style=\"background-color:rgba(0, 0, 0, 0)\" class=\"has-inline-color has-vivid-cyan-blue-color\">Benef\u00edcios econ\u00f3micos e ambientais<\/mark><\/h2>\n\n<h3 class=\"wp-block-heading\">Custos de \u00e1gua mais baixos e maior autonomia<\/h3>\n\n<p>Ao utilizar um reservat\u00f3rio flex\u00edvel para armazenar a \u00e1gua da chuva, as explora\u00e7\u00f5es agr\u00edcolas podem reduzir a sua depend\u00eancia da rede e manter as suas facturas baixas. O pre\u00e7o de um reservat\u00f3rio varia em fun\u00e7\u00e3o da capacidade, do tipo de parede e do material (PVC, polietileno, PEAD). Embora o investimento inicial possa parecer elevado, o retorno do investimento \u00e9 r\u00e1pido gra\u00e7as \u00e0s poupan\u00e7as efectuadas.  <\/p>\n\n<h3 class=\"wp-block-heading\">Uma solu\u00e7\u00e3o sustent\u00e1vel para a seca recorrente<\/h3>\n\n<p>Com o aquecimento global e a seca a aumentar, os tanques flex\u00edveis est\u00e3o a emergir como uma solu\u00e7\u00e3o ecol\u00f3gica e sustent\u00e1vel. Concebidos com paredes refor\u00e7adas, resistem a condi\u00e7\u00f5es atmosf\u00e9ricas extremas e garantem a seguran\u00e7a do recurso. A manuten\u00e7\u00e3o regular, incluindo a limpeza e a verifica\u00e7\u00e3o dos acess\u00f3rios, assegura uma longa vida \u00fatil a estes produtos.  <\/p>\n\n<h3 class=\"wp-block-heading\">Compatibilidade com as ajudas agr\u00edcolas e os projectos colectivos<\/h3>\n\n<p>Muitas autoridades locais est\u00e3o a incentivar a utiliza\u00e7\u00e3o de tanques flex\u00edveis e cisternas para garantir o abastecimento de \u00e1gua. Estes projectos s\u00e3o por vezes integrados em programas mais vastos de gest\u00e3o sustent\u00e1vel dos recursos. Os agricultores podem beneficiar de ajudas financeiras para a compra deste tipo de produtos, tornando a solu\u00e7\u00e3o ainda mais acess\u00edvel.  <\/p>\n\n<h2 class=\"wp-block-heading\"><mark style=\"background-color:rgba(0, 0, 0, 0)\" class=\"has-inline-color has-vivid-cyan-blue-color\">Uma ferramenta de resili\u00eancia para avicultores<\/mark><\/h2>\n\n<p>A \u00e1gua est\u00e1 no centro da cria\u00e7\u00e3o de aves e o calor do ar torna o acesso a ela ainda mais vital. Os tanques e cisternas flex\u00edveis, com as suas paredes robustas, flexibilidade e facilidade de instala\u00e7\u00e3o em qualquer tipo de terreno, s\u00e3o um produto essencial. <\/p>\n\n<p>Perante as necessidades crescentes, estas instala\u00e7\u00f5es totalmente equipadas oferecem uma maior seguran\u00e7a para o abeberamento das aves. Ao incorporar sistemas modernos, limitando o desperd\u00edcio e facilitando a recupera\u00e7\u00e3o da \u00e1gua da chuva, representam uma solu\u00e7\u00e3o sustent\u00e1vel e econ\u00f3mica. <\/p>\n\n<p>Os agricultores franceses que optam por este equipamento proporcionam aos seus animais um conforto essencial, refor\u00e7ando simultaneamente a resist\u00eancia das suas explora\u00e7\u00f5es face \u00e0s vagas de calor.<\/p>\n","protected":false},"excerpt":{"rendered":"<p>A avicultura em Fran\u00e7a enfrenta uma s\u00e9rie de desafios, amplificados por epis\u00f3dios de calor extremo. Durante as vagas de calor do ver\u00e3o, a temperatura do ar aumenta e as necessidades de \u00e1gua das aves de capoeira n\u00e3o param de aumentar. A mais pequena interrup\u00e7\u00e3o no fornecimento de litros pode p\u00f4r em causa o equil\u00edbrio da [&hellip;]<\/p>\n","protected":false},"author":4,"featured_media":15189,"comment_status":"open","ping_status":"closed","sticky":false,"template":"","format":"standard","meta":{"inline_featured_image":false,"footnotes":""},"categories":[88,365],"tags":[67,335],"class_list":["post-15199","post","type-post","status-publish","format-standard","has-post-thumbnail","hentry","category-tanques-flexiveis","category-utilizacao-da-agua-da-chuva","tag-agua-da-chuva","tag-armazenamento"],"yoast_head":"<!-- This site is optimized with the Yoast SEO plugin v27.4 - https:\/\/yoast.com\/product\/yoast-seo-wordpress\/ -->\n<title>Tanques flex\u00edveis e avicultura: como garantir o abeberamento das aves durante as vagas de calor? - Blog Ma Citerne Ecolo<\/title>\n<meta name=\"description\" content=\"Os tanques flex\u00edveis tornam a cria\u00e7\u00e3o de aves mais segura: armazenamento de \u00e1gua, rega fi\u00e1vel das aves e solu\u00e7\u00f5es sustent\u00e1veis para as ondas de calor.\" \/>\n<meta name=\"robots\" content=\"index, follow, max-snippet:-1, max-image-preview:large, max-video-preview:-1\" \/>\n<link rel=\"canonical\" href=\"https:\/\/blog.maciterneecolo.fr\/pt-pt\/tanques-flexiveis-e-avicultura-como-garantir-o-abeberamento-das-aves-durante-as-vagas-de-calor\/\" \/>\n<meta property=\"og:locale\" content=\"pt_PT\" \/>\n<meta property=\"og:type\" content=\"article\" \/>\n<meta property=\"og:title\" content=\"Tanques flex\u00edveis e avicultura: como garantir o abeberamento das aves durante as vagas de calor? - Blog Ma Citerne Ecolo\" \/>\n<meta property=\"og:description\" content=\"Os tanques flex\u00edveis tornam a cria\u00e7\u00e3o de aves mais segura: armazenamento de \u00e1gua, rega fi\u00e1vel das aves e solu\u00e7\u00f5es sustent\u00e1veis para as ondas de calor.\" \/>\n<meta property=\"og:url\" content=\"https:\/\/blog.maciterneecolo.fr\/pt-pt\/tanques-flexiveis-e-avicultura-como-garantir-o-abeberamento-das-aves-durante-as-vagas-de-calor\/\" \/>\n<meta property=\"og:site_name\" content=\"Blog Ma Citerne Ecolo\" \/>\n<meta property=\"article:published_time\" content=\"2025-12-09T12:00:00+00:00\" \/>\n<meta property=\"og:image\" content=\"https:\/\/blog.maciterneecolo.fr\/wp-content\/uploads\/2025\/09\/pexels-nc-farm-bureau-mark-2253583-scaled.jpg\" \/>\n\t<meta property=\"og:image:width\" content=\"1707\" \/>\n\t<meta property=\"og:image:height\" content=\"2560\" \/>\n\t<meta property=\"og:image:type\" content=\"image\/jpeg\" \/>\n<meta name=\"author\" content=\"B\u00e9n\u00e9dicte Rebolloso\" \/>\n<meta name=\"twitter:card\" content=\"summary_large_image\" \/>\n<meta name=\"twitter:label1\" content=\"Escrito por\" \/>\n\t<meta name=\"twitter:data1\" content=\"B\u00e9n\u00e9dicte Rebolloso\" \/>\n\t<meta name=\"twitter:label2\" content=\"Tempo estimado de leitura\" \/>\n\t<meta name=\"twitter:data2\" content=\"7 minutos\" \/>\n<script type=\"application\/ld+json\" class=\"yoast-schema-graph\">{\"@context\":\"https:\\\/\\\/schema.org\",\"@graph\":[{\"@type\":\"Article\",\"@id\":\"https:\\\/\\\/blog.maciterneecolo.fr\\\/pt-pt\\\/tanques-flexiveis-e-avicultura-como-garantir-o-abeberamento-das-aves-durante-as-vagas-de-calor\\\/#article\",\"isPartOf\":{\"@id\":\"https:\\\/\\\/blog.maciterneecolo.fr\\\/pt-pt\\\/tanques-flexiveis-e-avicultura-como-garantir-o-abeberamento-das-aves-durante-as-vagas-de-calor\\\/\"},\"author\":{\"name\":\"B\u00e9n\u00e9dicte Rebolloso\",\"@id\":\"https:\\\/\\\/blog.maciterneecolo.fr\\\/pt-pt\\\/#\\\/schema\\\/person\\\/fe50d00b4e639107698e1ddead236943\"},\"headline\":\"Tanques flex\u00edveis e avicultura: como garantir o abeberamento das aves durante as vagas de calor?\",\"datePublished\":\"2025-12-09T12:00:00+00:00\",\"mainEntityOfPage\":{\"@id\":\"https:\\\/\\\/blog.maciterneecolo.fr\\\/pt-pt\\\/tanques-flexiveis-e-avicultura-como-garantir-o-abeberamento-das-aves-durante-as-vagas-de-calor\\\/\"},\"wordCount\":1412,\"commentCount\":0,\"publisher\":{\"@id\":\"https:\\\/\\\/blog.maciterneecolo.fr\\\/pt-pt\\\/#organization\"},\"image\":{\"@id\":\"https:\\\/\\\/blog.maciterneecolo.fr\\\/pt-pt\\\/tanques-flexiveis-e-avicultura-como-garantir-o-abeberamento-das-aves-durante-as-vagas-de-calor\\\/#primaryimage\"},\"thumbnailUrl\":\"https:\\\/\\\/blog.maciterneecolo.fr\\\/wp-content\\\/uploads\\\/2025\\\/09\\\/pexels-nc-farm-bureau-mark-2253583-scaled.jpg\",\"keywords\":[\"\u00e1gua da chuva\",\"armazenamento\"],\"articleSection\":[\"Tanques Flex\u00edveis\",\"Utiliza\u00e7\u00e3o da \u00e1gua da chuva\"],\"inLanguage\":\"pt-PT\",\"potentialAction\":[{\"@type\":\"CommentAction\",\"name\":\"Comment\",\"target\":[\"https:\\\/\\\/blog.maciterneecolo.fr\\\/pt-pt\\\/tanques-flexiveis-e-avicultura-como-garantir-o-abeberamento-das-aves-durante-as-vagas-de-calor\\\/#respond\"]}]},{\"@type\":\"WebPage\",\"@id\":\"https:\\\/\\\/blog.maciterneecolo.fr\\\/pt-pt\\\/tanques-flexiveis-e-avicultura-como-garantir-o-abeberamento-das-aves-durante-as-vagas-de-calor\\\/\",\"url\":\"https:\\\/\\\/blog.maciterneecolo.fr\\\/pt-pt\\\/tanques-flexiveis-e-avicultura-como-garantir-o-abeberamento-das-aves-durante-as-vagas-de-calor\\\/\",\"name\":\"Tanques flex\u00edveis e avicultura: como garantir o abeberamento das aves durante as vagas de calor? - Blog Ma Citerne Ecolo\",\"isPartOf\":{\"@id\":\"https:\\\/\\\/blog.maciterneecolo.fr\\\/pt-pt\\\/#website\"},\"primaryImageOfPage\":{\"@id\":\"https:\\\/\\\/blog.maciterneecolo.fr\\\/pt-pt\\\/tanques-flexiveis-e-avicultura-como-garantir-o-abeberamento-das-aves-durante-as-vagas-de-calor\\\/#primaryimage\"},\"image\":{\"@id\":\"https:\\\/\\\/blog.maciterneecolo.fr\\\/pt-pt\\\/tanques-flexiveis-e-avicultura-como-garantir-o-abeberamento-das-aves-durante-as-vagas-de-calor\\\/#primaryimage\"},\"thumbnailUrl\":\"https:\\\/\\\/blog.maciterneecolo.fr\\\/wp-content\\\/uploads\\\/2025\\\/09\\\/pexels-nc-farm-bureau-mark-2253583-scaled.jpg\",\"datePublished\":\"2025-12-09T12:00:00+00:00\",\"description\":\"Os tanques flex\u00edveis tornam a cria\u00e7\u00e3o de aves mais segura: armazenamento de \u00e1gua, rega fi\u00e1vel das aves e solu\u00e7\u00f5es sustent\u00e1veis para as ondas de calor.\",\"breadcrumb\":{\"@id\":\"https:\\\/\\\/blog.maciterneecolo.fr\\\/pt-pt\\\/tanques-flexiveis-e-avicultura-como-garantir-o-abeberamento-das-aves-durante-as-vagas-de-calor\\\/#breadcrumb\"},\"inLanguage\":\"pt-PT\",\"potentialAction\":[{\"@type\":\"ReadAction\",\"target\":[\"https:\\\/\\\/blog.maciterneecolo.fr\\\/pt-pt\\\/tanques-flexiveis-e-avicultura-como-garantir-o-abeberamento-das-aves-durante-as-vagas-de-calor\\\/\"]}]},{\"@type\":\"ImageObject\",\"inLanguage\":\"pt-PT\",\"@id\":\"https:\\\/\\\/blog.maciterneecolo.fr\\\/pt-pt\\\/tanques-flexiveis-e-avicultura-como-garantir-o-abeberamento-das-aves-durante-as-vagas-de-calor\\\/#primaryimage\",\"url\":\"https:\\\/\\\/blog.maciterneecolo.fr\\\/wp-content\\\/uploads\\\/2025\\\/09\\\/pexels-nc-farm-bureau-mark-2253583-scaled.jpg\",\"contentUrl\":\"https:\\\/\\\/blog.maciterneecolo.fr\\\/wp-content\\\/uploads\\\/2025\\\/09\\\/pexels-nc-farm-bureau-mark-2253583-scaled.jpg\",\"width\":1707,\"height\":2560},{\"@type\":\"BreadcrumbList\",\"@id\":\"https:\\\/\\\/blog.maciterneecolo.fr\\\/pt-pt\\\/tanques-flexiveis-e-avicultura-como-garantir-o-abeberamento-das-aves-durante-as-vagas-de-calor\\\/#breadcrumb\",\"itemListElement\":[{\"@type\":\"ListItem\",\"position\":1,\"name\":\"Accueil\",\"item\":\"https:\\\/\\\/blog.maciterneecolo.fr\\\/pt-pt\\\/\"},{\"@type\":\"ListItem\",\"position\":2,\"name\":\"Tanques flex\u00edveis e avicultura: como garantir o abeberamento das aves durante as vagas de calor?\"}]},{\"@type\":\"WebSite\",\"@id\":\"https:\\\/\\\/blog.maciterneecolo.fr\\\/pt-pt\\\/#website\",\"url\":\"https:\\\/\\\/blog.maciterneecolo.fr\\\/pt-pt\\\/\",\"name\":\"Blog Ma Citerne Ecolo\",\"description\":\"Leader dans le domaine de la citerne souple d&#039;eau de pluie\",\"publisher\":{\"@id\":\"https:\\\/\\\/blog.maciterneecolo.fr\\\/pt-pt\\\/#organization\"},\"potentialAction\":[{\"@type\":\"SearchAction\",\"target\":{\"@type\":\"EntryPoint\",\"urlTemplate\":\"https:\\\/\\\/blog.maciterneecolo.fr\\\/pt-pt\\\/?s={search_term_string}\"},\"query-input\":{\"@type\":\"PropertyValueSpecification\",\"valueRequired\":true,\"valueName\":\"search_term_string\"}}],\"inLanguage\":\"pt-PT\"},{\"@type\":\"Organization\",\"@id\":\"https:\\\/\\\/blog.maciterneecolo.fr\\\/pt-pt\\\/#organization\",\"name\":\"Blog Ma Citerne Ecolo\",\"url\":\"https:\\\/\\\/blog.maciterneecolo.fr\\\/pt-pt\\\/\",\"logo\":{\"@type\":\"ImageObject\",\"inLanguage\":\"pt-PT\",\"@id\":\"https:\\\/\\\/blog.maciterneecolo.fr\\\/pt-pt\\\/#\\\/schema\\\/logo\\\/image\\\/\",\"url\":\"https:\\\/\\\/blog.maciterneecolo.fr\\\/wp-content\\\/uploads\\\/2022\\\/12\\\/cropped-favicon-blog.png\",\"contentUrl\":\"https:\\\/\\\/blog.maciterneecolo.fr\\\/wp-content\\\/uploads\\\/2022\\\/12\\\/cropped-favicon-blog.png\",\"width\":512,\"height\":512,\"caption\":\"Blog Ma Citerne Ecolo\"},\"image\":{\"@id\":\"https:\\\/\\\/blog.maciterneecolo.fr\\\/pt-pt\\\/#\\\/schema\\\/logo\\\/image\\\/\"}},{\"@type\":\"Person\",\"@id\":\"https:\\\/\\\/blog.maciterneecolo.fr\\\/pt-pt\\\/#\\\/schema\\\/person\\\/fe50d00b4e639107698e1ddead236943\",\"name\":\"B\u00e9n\u00e9dicte Rebolloso\",\"image\":{\"@type\":\"ImageObject\",\"inLanguage\":\"pt-PT\",\"@id\":\"https:\\\/\\\/secure.gravatar.com\\\/avatar\\\/ffa759db2a4d8ebb52a58b89d3dc2a9f0395a5122bb839045a145d6585de1126?s=96&d=mm&r=g\",\"url\":\"https:\\\/\\\/secure.gravatar.com\\\/avatar\\\/ffa759db2a4d8ebb52a58b89d3dc2a9f0395a5122bb839045a145d6585de1126?s=96&d=mm&r=g\",\"contentUrl\":\"https:\\\/\\\/secure.gravatar.com\\\/avatar\\\/ffa759db2a4d8ebb52a58b89d3dc2a9f0395a5122bb839045a145d6585de1126?s=96&d=mm&r=g\",\"caption\":\"B\u00e9n\u00e9dicte Rebolloso\"},\"url\":\"https:\\\/\\\/blog.maciterneecolo.fr\\\/pt-pt\\\/author\\\/benedicterebolloso\\\/\"}]}<\/script>\n<!-- \/ Yoast SEO plugin. -->","yoast_head_json":{"title":"Tanques flex\u00edveis e avicultura: como garantir o abeberamento das aves durante as vagas de calor? - Blog Ma Citerne Ecolo","description":"Os tanques flex\u00edveis tornam a cria\u00e7\u00e3o de aves mais segura: armazenamento de \u00e1gua, rega fi\u00e1vel das aves e solu\u00e7\u00f5es sustent\u00e1veis para as ondas de calor.","robots":{"index":"index","follow":"follow","max-snippet":"max-snippet:-1","max-image-preview":"max-image-preview:large","max-video-preview":"max-video-preview:-1"},"canonical":"https:\/\/blog.maciterneecolo.fr\/pt-pt\/tanques-flexiveis-e-avicultura-como-garantir-o-abeberamento-das-aves-durante-as-vagas-de-calor\/","og_locale":"pt_PT","og_type":"article","og_title":"Tanques flex\u00edveis e avicultura: como garantir o abeberamento das aves durante as vagas de calor? - Blog Ma Citerne Ecolo","og_description":"Os tanques flex\u00edveis tornam a cria\u00e7\u00e3o de aves mais segura: armazenamento de \u00e1gua, rega fi\u00e1vel das aves e solu\u00e7\u00f5es sustent\u00e1veis para as ondas de calor.","og_url":"https:\/\/blog.maciterneecolo.fr\/pt-pt\/tanques-flexiveis-e-avicultura-como-garantir-o-abeberamento-das-aves-durante-as-vagas-de-calor\/","og_site_name":"Blog Ma Citerne Ecolo","article_published_time":"2025-12-09T12:00:00+00:00","og_image":[{"width":1707,"height":2560,"url":"https:\/\/blog.maciterneecolo.fr\/wp-content\/uploads\/2025\/09\/pexels-nc-farm-bureau-mark-2253583-scaled.jpg","type":"image\/jpeg"}],"author":"B\u00e9n\u00e9dicte Rebolloso","twitter_card":"summary_large_image","twitter_misc":{"Escrito por":"B\u00e9n\u00e9dicte Rebolloso","Tempo estimado de leitura":"7 minutos"},"schema":{"@context":"https:\/\/schema.org","@graph":[{"@type":"Article","@id":"https:\/\/blog.maciterneecolo.fr\/pt-pt\/tanques-flexiveis-e-avicultura-como-garantir-o-abeberamento-das-aves-durante-as-vagas-de-calor\/#article","isPartOf":{"@id":"https:\/\/blog.maciterneecolo.fr\/pt-pt\/tanques-flexiveis-e-avicultura-como-garantir-o-abeberamento-das-aves-durante-as-vagas-de-calor\/"},"author":{"name":"B\u00e9n\u00e9dicte Rebolloso","@id":"https:\/\/blog.maciterneecolo.fr\/pt-pt\/#\/schema\/person\/fe50d00b4e639107698e1ddead236943"},"headline":"Tanques flex\u00edveis e avicultura: como garantir o abeberamento das aves durante as vagas de calor?","datePublished":"2025-12-09T12:00:00+00:00","mainEntityOfPage":{"@id":"https:\/\/blog.maciterneecolo.fr\/pt-pt\/tanques-flexiveis-e-avicultura-como-garantir-o-abeberamento-das-aves-durante-as-vagas-de-calor\/"},"wordCount":1412,"commentCount":0,"publisher":{"@id":"https:\/\/blog.maciterneecolo.fr\/pt-pt\/#organization"},"image":{"@id":"https:\/\/blog.maciterneecolo.fr\/pt-pt\/tanques-flexiveis-e-avicultura-como-garantir-o-abeberamento-das-aves-durante-as-vagas-de-calor\/#primaryimage"},"thumbnailUrl":"https:\/\/blog.maciterneecolo.fr\/wp-content\/uploads\/2025\/09\/pexels-nc-farm-bureau-mark-2253583-scaled.jpg","keywords":["\u00e1gua da chuva","armazenamento"],"articleSection":["Tanques Flex\u00edveis","Utiliza\u00e7\u00e3o da \u00e1gua da chuva"],"inLanguage":"pt-PT","potentialAction":[{"@type":"CommentAction","name":"Comment","target":["https:\/\/blog.maciterneecolo.fr\/pt-pt\/tanques-flexiveis-e-avicultura-como-garantir-o-abeberamento-das-aves-durante-as-vagas-de-calor\/#respond"]}]},{"@type":"WebPage","@id":"https:\/\/blog.maciterneecolo.fr\/pt-pt\/tanques-flexiveis-e-avicultura-como-garantir-o-abeberamento-das-aves-durante-as-vagas-de-calor\/","url":"https:\/\/blog.maciterneecolo.fr\/pt-pt\/tanques-flexiveis-e-avicultura-como-garantir-o-abeberamento-das-aves-durante-as-vagas-de-calor\/","name":"Tanques flex\u00edveis e avicultura: como garantir o abeberamento das aves durante as vagas de calor? - Blog Ma Citerne Ecolo","isPartOf":{"@id":"https:\/\/blog.maciterneecolo.fr\/pt-pt\/#website"},"primaryImageOfPage":{"@id":"https:\/\/blog.maciterneecolo.fr\/pt-pt\/tanques-flexiveis-e-avicultura-como-garantir-o-abeberamento-das-aves-durante-as-vagas-de-calor\/#primaryimage"},"image":{"@id":"https:\/\/blog.maciterneecolo.fr\/pt-pt\/tanques-flexiveis-e-avicultura-como-garantir-o-abeberamento-das-aves-durante-as-vagas-de-calor\/#primaryimage"},"thumbnailUrl":"https:\/\/blog.maciterneecolo.fr\/wp-content\/uploads\/2025\/09\/pexels-nc-farm-bureau-mark-2253583-scaled.jpg","datePublished":"2025-12-09T12:00:00+00:00","description":"Os tanques flex\u00edveis tornam a cria\u00e7\u00e3o de aves mais segura: armazenamento de \u00e1gua, rega fi\u00e1vel das aves e solu\u00e7\u00f5es sustent\u00e1veis para as ondas de calor.","breadcrumb":{"@id":"https:\/\/blog.maciterneecolo.fr\/pt-pt\/tanques-flexiveis-e-avicultura-como-garantir-o-abeberamento-das-aves-durante-as-vagas-de-calor\/#breadcrumb"},"inLanguage":"pt-PT","potentialAction":[{"@type":"ReadAction","target":["https:\/\/blog.maciterneecolo.fr\/pt-pt\/tanques-flexiveis-e-avicultura-como-garantir-o-abeberamento-das-aves-durante-as-vagas-de-calor\/"]}]},{"@type":"ImageObject","inLanguage":"pt-PT","@id":"https:\/\/blog.maciterneecolo.fr\/pt-pt\/tanques-flexiveis-e-avicultura-como-garantir-o-abeberamento-das-aves-durante-as-vagas-de-calor\/#primaryimage","url":"https:\/\/blog.maciterneecolo.fr\/wp-content\/uploads\/2025\/09\/pexels-nc-farm-bureau-mark-2253583-scaled.jpg","contentUrl":"https:\/\/blog.maciterneecolo.fr\/wp-content\/uploads\/2025\/09\/pexels-nc-farm-bureau-mark-2253583-scaled.jpg","width":1707,"height":2560},{"@type":"BreadcrumbList","@id":"https:\/\/blog.maciterneecolo.fr\/pt-pt\/tanques-flexiveis-e-avicultura-como-garantir-o-abeberamento-das-aves-durante-as-vagas-de-calor\/#breadcrumb","itemListElement":[{"@type":"ListItem","position":1,"name":"Accueil","item":"https:\/\/blog.maciterneecolo.fr\/pt-pt\/"},{"@type":"ListItem","position":2,"name":"Tanques flex\u00edveis e avicultura: como garantir o abeberamento das aves durante as vagas de calor?"}]},{"@type":"WebSite","@id":"https:\/\/blog.maciterneecolo.fr\/pt-pt\/#website","url":"https:\/\/blog.maciterneecolo.fr\/pt-pt\/","name":"Blog Ma Citerne Ecolo","description":"Leader dans le domaine de la citerne souple d&#039;eau de pluie","publisher":{"@id":"https:\/\/blog.maciterneecolo.fr\/pt-pt\/#organization"},"potentialAction":[{"@type":"SearchAction","target":{"@type":"EntryPoint","urlTemplate":"https:\/\/blog.maciterneecolo.fr\/pt-pt\/?s={search_term_string}"},"query-input":{"@type":"PropertyValueSpecification","valueRequired":true,"valueName":"search_term_string"}}],"inLanguage":"pt-PT"},{"@type":"Organization","@id":"https:\/\/blog.maciterneecolo.fr\/pt-pt\/#organization","name":"Blog Ma Citerne Ecolo","url":"https:\/\/blog.maciterneecolo.fr\/pt-pt\/","logo":{"@type":"ImageObject","inLanguage":"pt-PT","@id":"https:\/\/blog.maciterneecolo.fr\/pt-pt\/#\/schema\/logo\/image\/","url":"https:\/\/blog.maciterneecolo.fr\/wp-content\/uploads\/2022\/12\/cropped-favicon-blog.png","contentUrl":"https:\/\/blog.maciterneecolo.fr\/wp-content\/uploads\/2022\/12\/cropped-favicon-blog.png","width":512,"height":512,"caption":"Blog Ma Citerne Ecolo"},"image":{"@id":"https:\/\/blog.maciterneecolo.fr\/pt-pt\/#\/schema\/logo\/image\/"}},{"@type":"Person","@id":"https:\/\/blog.maciterneecolo.fr\/pt-pt\/#\/schema\/person\/fe50d00b4e639107698e1ddead236943","name":"B\u00e9n\u00e9dicte Rebolloso","image":{"@type":"ImageObject","inLanguage":"pt-PT","@id":"https:\/\/secure.gravatar.com\/avatar\/ffa759db2a4d8ebb52a58b89d3dc2a9f0395a5122bb839045a145d6585de1126?s=96&d=mm&r=g","url":"https:\/\/secure.gravatar.com\/avatar\/ffa759db2a4d8ebb52a58b89d3dc2a9f0395a5122bb839045a145d6585de1126?s=96&d=mm&r=g","contentUrl":"https:\/\/secure.gravatar.com\/avatar\/ffa759db2a4d8ebb52a58b89d3dc2a9f0395a5122bb839045a145d6585de1126?s=96&d=mm&r=g","caption":"B\u00e9n\u00e9dicte Rebolloso"},"url":"https:\/\/blog.maciterneecolo.fr\/pt-pt\/author\/benedicterebolloso\/"}]}},"_links":{"self":[{"href":"https:\/\/blog.maciterneecolo.fr\/pt-pt\/wp-json\/wp\/v2\/posts\/15199","targetHints":{"allow":["GET"]}}],"collection":[{"href":"https:\/\/blog.maciterneecolo.fr\/pt-pt\/wp-json\/wp\/v2\/posts"}],"about":[{"href":"https:\/\/blog.maciterneecolo.fr\/pt-pt\/wp-json\/wp\/v2\/types\/post"}],"author":[{"embeddable":true,"href":"https:\/\/blog.maciterneecolo.fr\/pt-pt\/wp-json\/wp\/v2\/users\/4"}],"replies":[{"embeddable":true,"href":"https:\/\/blog.maciterneecolo.fr\/pt-pt\/wp-json\/wp\/v2\/comments?post=15199"}],"version-history":[{"count":1,"href":"https:\/\/blog.maciterneecolo.fr\/pt-pt\/wp-json\/wp\/v2\/posts\/15199\/revisions"}],"predecessor-version":[{"id":15201,"href":"https:\/\/blog.maciterneecolo.fr\/pt-pt\/wp-json\/wp\/v2\/posts\/15199\/revisions\/15201"}],"wp:featuredmedia":[{"embeddable":true,"href":"https:\/\/blog.maciterneecolo.fr\/pt-pt\/wp-json\/wp\/v2\/media\/15189"}],"wp:attachment":[{"href":"https:\/\/blog.maciterneecolo.fr\/pt-pt\/wp-json\/wp\/v2\/media?parent=15199"}],"wp:term":[{"taxonomy":"category","embeddable":true,"href":"https:\/\/blog.maciterneecolo.fr\/pt-pt\/wp-json\/wp\/v2\/categories?post=15199"},{"taxonomy":"post_tag","embeddable":true,"href":"https:\/\/blog.maciterneecolo.fr\/pt-pt\/wp-json\/wp\/v2\/tags?post=15199"}],"curies":[{"name":"wp","href":"https:\/\/api.w.org\/{rel}","templated":true}]}}