{"id":15235,"date":"2025-12-12T13:00:00","date_gmt":"2025-12-12T13:00:00","guid":{"rendered":"https:\/\/blog.maciterneecolo.fr\/?p=15235"},"modified":"2025-09-15T13:38:20","modified_gmt":"2025-09-15T13:38:20","slug":"recolha-de-agua-da-chuva-nos-parques-de-campismo-uma-solucao-para-as-secas-de-verao","status":"publish","type":"post","link":"https:\/\/blog.maciterneecolo.fr\/pt-pt\/recolha-de-agua-da-chuva-nos-parques-de-campismo-uma-solucao-para-as-secas-de-verao\/","title":{"rendered":"Recolha de \u00e1gua da chuva nos parques de campismo: uma solu\u00e7\u00e3o para as secas de ver\u00e3o?"},"content":{"rendered":"\n<p>Em Fran\u00e7a, os \u00faltimos anos mostraram como a quest\u00e3o da \u00e1gua se tornou central para o sector do turismo. As secas s\u00e3o recorrentes, as restri\u00e7\u00f5es intensificam-se e os gestores de parques de campismo t\u00eam de encontrar novas solu\u00e7\u00f5es para garantir o seu abastecimento. Num contexto ambiental marcado pela crescente escassez de recursos naturais e pela press\u00e3o sobre os len\u00e7\u00f3is fre\u00e1ticos, a recolha de \u00e1guas pluviais surge como uma abordagem ecol\u00f3gica essencial.  <\/p>\n\n<p><a href=\"https:\/\/www.maciterneecolo.fr\/fr\/3-citernes-souples\">As cisternas flex\u00edveis<\/a> e outros sistemas de armazenamento de \u00e1gua da chuva s\u00e3o atualmente uma solu\u00e7\u00e3o pr\u00e1tica e eficaz. Podem armazenar v\u00e1rios milhares de litros, garantem uma gest\u00e3o mais sustent\u00e1vel e respondem aos desafios do elevado consumo de \u00e1gua durante a \u00e9poca estival. S\u00e3o tamb\u00e9m uma forma de reduzir a pegada ambiental dos parques de campismo, afirmando um verdadeiro compromisso com o ambiente e oferecendo aos veraneantes uma experi\u00eancia mais respeitadora da natureza.  <\/p>\n\n<h2 class=\"wp-block-heading\"><mark style=\"background-color:rgba(0, 0, 0, 0)\" class=\"has-inline-color has-vivid-cyan-blue-color\">Consumo de \u00e1gua nos parques de campismo: um desafio crescente<\/mark><\/h2>\n\n<h3 class=\"wp-block-heading\">Necessidades enormes de infra-estruturas<\/h3>\n\n<p>Um parque de campismo \u00e9 como uma pequena aldeia, com as suas pr\u00f3prias instala\u00e7\u00f5es sanit\u00e1rias, cozinhas comunit\u00e1rias, piscinas e espa\u00e7os verdes. O consumo de \u00e1gua \u00e9 particularmente elevado, uma vez que as necessidades de centenas ou mesmo milhares de campistas t\u00eam de ser satisfeitas. Cada duche, cada torneira aberta, cada atividade no parque tem um impacto direto nas redes, sobretudo porque os recursos naturais dispon\u00edveis diminuem todos os anos.  <\/p>\n\n<h3 class=\"wp-block-heading\">Aumento da press\u00e3o no ver\u00e3o<\/h3>\n\n<p>Durante os per\u00edodos de seca, as restri\u00e7\u00f5es impostas pelas autoridades locais obrigam muitas vezes os parques de campismo a reduzir o seu consumo. Mas estes per\u00edodos coincidem com os picos de aflu\u00eancia de visitantes, o que complica a gest\u00e3o. O equil\u00edbrio entre a satisfa\u00e7\u00e3o dos veraneantes e o cumprimento das regras est\u00e1 a tornar-se uma verdadeira dor de cabe\u00e7a. Encontrar uma nova solu\u00e7\u00e3o que respeite o ambiente e se adapte \u00e0s necessidades locais \u00e9 agora essencial.   <\/p>\n\n<h3 class=\"wp-block-heading\">Um desafio econ\u00f3mico e ambiental<\/h3>\n\n<p>A fatura da \u00e1gua pot\u00e1vel pesa muito no or\u00e7amento anual de um parque de campismo. \u00c9 por isso que os gestores de parques de campismo procuram solu\u00e7\u00f5es ecol\u00f3gicas que limitem os custos e conservem os recursos. \u00c9 aqui que entra a recolha de \u00e1gua da chuva, oferecendo produtos inovadores e sustent\u00e1veis que reduzem efetivamente a pegada ambiental.  <\/p>\n\n<h2 class=\"wp-block-heading\"><mark style=\"background-color:rgba(0, 0, 0, 0)\" class=\"has-inline-color has-vivid-cyan-blue-color\">Recolha de \u00e1guas pluviais: uma resposta adaptada \u00e0 realidade dos parques de campismo<\/mark><\/h2>\n\n<h3 class=\"wp-block-heading\">Um m\u00e9todo de gest\u00e3o simples e acess\u00edvel<\/h3>\n\n<p>A instala\u00e7\u00e3o de um sistema de recolha de \u00e1guas pluviais n\u00e3o requer qualquer altera\u00e7\u00e3o estrutural. Ao instalar reservat\u00f3rios flex\u00edveis ligados aos tubos de queda atrav\u00e9s de um <a href=\"https:\/\/www.maciterneecolo.fr\/fr\/10-collecteur-de-gouttiere-eau-de-pluie-\">coletor de caleira<\/a>, podes captar e armazenar \u00e1gua de forma eficiente. Esta solu\u00e7\u00e3o, cada vez mais adoptada, representa um trunfo importante face aos desafios dos parques de campismo modernos, que pretendem aliar a efic\u00e1cia ao respeito pelo ambiente. Abre caminho a uma nova abordagem de gest\u00e3o sustent\u00e1vel, baseada na economia e na reciclagem.   <\/p>\n\n<h3 class=\"wp-block-heading\">Tanques flex\u00edveis: flexibilidade e efici\u00eancia<\/h3>\n\n<p>As cisternas flex\u00edveis distinguem-se pela sua capacidade de adapta\u00e7\u00e3o a todos os tipos de terreno. S\u00e3o r\u00e1pidos de instalar e oferecem uma vasta escolha de volumes, de alguns milhares a v\u00e1rias centenas de milhares de litros. Permitem aos gestores de parques de campismo assegurar o seu abastecimento e reduzir a sua depend\u00eancia da rede p\u00fablica. Estes produtos enquadram-se perfeitamente numa estrat\u00e9gia de redu\u00e7\u00e3o da pegada ambiental, uma vez que limitam a press\u00e3o sobre os recursos locais e favorecem uma utiliza\u00e7\u00e3o mais natural da \u00e1gua.   <\/p>\n\n<h3 class=\"wp-block-heading\">Antecipar os riscos e aumentar a seguran\u00e7a<\/h3>\n\n<p>A recolha de \u00e1guas pluviais n\u00e3o satisfaz apenas as necessidades quotidianas. Estas reservas s\u00e3o tamb\u00e9m uma solu\u00e7\u00e3o de seguran\u00e7a face aos riscos de inc\u00eandio. Em muitas comunidades, a presen\u00e7a de pontos de \u00e1gua nos parques de campismo tornou-se um requisito para proteger os veraneantes e as infra-estruturas dos inc\u00eandios de ver\u00e3o. Esta nova fun\u00e7\u00e3o dos reservat\u00f3rios de \u00e1gua flex\u00edveis sublinha o seu papel na prote\u00e7\u00e3o dos recursos naturais e na resili\u00eancia dos locais tur\u00edsticos face \u00e0s crises.   <\/p>\n\n<h2 class=\"wp-block-heading\"><mark style=\"background-color:rgba(0, 0, 0, 0)\" class=\"has-inline-color has-vivid-cyan-blue-color\">Utiliza\u00e7\u00f5es priorit\u00e1rias num parque de campismo<\/mark><\/h2>\n\n<h3 class=\"wp-block-heading\">Rega e manuten\u00e7\u00e3o dos espa\u00e7os verdes<\/h3>\n\n<p>As plantas, os relvados e os jardins dos parques de campismo precisam de muita \u00e1gua, especialmente no tempo quente. Gra\u00e7as aos reservat\u00f3rios flex\u00edveis, os gestores dos parques de campismo podem regar sem recorrer a \u00e1guas subterr\u00e2neas. Isto ajuda a conservar os recursos e mant\u00e9m a qualidade dos espa\u00e7os exteriores para os veraneantes. Com as altera\u00e7\u00f5es clim\u00e1ticas e a procura de solu\u00e7\u00f5es mais naturais, esta pr\u00e1tica est\u00e1 a tornar-se cada vez mais importante todos os anos.   <\/p>\n\n<h3 class=\"wp-block-heading\">Abastecimento de \u00e1gua n\u00e3o pot\u00e1vel<\/h3>\n\n<p>A \u00e1gua da chuva recuperada pode ser utilizada nas casas de banho, na limpeza do ch\u00e3o e do equipamento. Isto reduz consideravelmente a quantidade de \u00e1gua pot\u00e1vel consumida e limita o impacto ambiental do parque de campismo. Trata-se de uma abordagem pragm\u00e1tica e de um passo ecol\u00f3gico concreto. A introdu\u00e7\u00e3o destes produtos reflecte uma nova vis\u00e3o do consumo de \u00e1gua, em que cada litro se torna um recurso precioso.   <\/p>\n\n<h3 class=\"wp-block-heading\">Reservas de seguran\u00e7a contra inc\u00eandios<\/h3>\n\n<p>A presen\u00e7a de grandes quantidades de \u00e1gua armazenada constitui uma barreira adicional contra o fogo. Atualmente, em alguns parques de campismo, s\u00e3o instalados reservat\u00f3rios flex\u00edveis especificamente para aumentar a seguran\u00e7a. As colectividades locais e os SDIS (servi\u00e7os departamentais de bombeiros e de socorro) encorajam mesmo este tipo de instala\u00e7\u00e3o no \u00e2mbito da preven\u00e7\u00e3o dos riscos. Esta escolha demonstra a vontade de reduzir a pegada ambiental, refor\u00e7ando simultaneamente a prote\u00e7\u00e3o dos habitantes e das instala\u00e7\u00f5es.   <\/p>\n\n<h2 class=\"wp-block-heading\"><mark style=\"background-color:rgba(0, 0, 0, 0)\" class=\"has-inline-color has-vivid-cyan-blue-color\">M\u00faltiplas vantagens para os gestores<\/mark><\/h2>\n\n<h3 class=\"wp-block-heading\">Redu\u00e7\u00e3o de custos e poupan\u00e7as<\/h3>\n\n<p>Ao investir numa cisterna flex\u00edvel ou num sistema de armazenamento de \u00e1gua da chuva, um parque de campismo pode reduzir o seu consumo de \u00e1gua pot\u00e1vel. Uma menor depend\u00eancia da rede significa tamb\u00e9m uma redu\u00e7\u00e3o das facturas, o que \u00e9 essencial numa conjuntura econ\u00f3mica em que cada despesa conta. Estas solu\u00e7\u00f5es representam assim uma alavanca estrat\u00e9gica para o desenvolvimento sustent\u00e1vel, favorecendo uma utiliza\u00e7\u00e3o mais natural dos recursos dispon\u00edveis.  <\/p>\n\n<h3 class=\"wp-block-heading\">Um trunfo de marketing para atrair turistas<\/h3>\n\n<p>Cada vez mais campistas procuram destinos com um verdadeiro compromisso com o ambiente. Comunicar a presen\u00e7a de sistemas de recupera\u00e7\u00e3o de \u00e1gua e de gest\u00e3o respons\u00e1vel refor\u00e7a a imagem de um parque de campismo moderno e sustent\u00e1vel. \u00c9 um argumento de desenvolvimento e de diferencia\u00e7\u00e3o num mercado competitivo. Esta nova abordagem do turismo centra-se na redu\u00e7\u00e3o da pegada ambiental, no respeito pelos produtos locais e numa melhor integra\u00e7\u00e3o com a natureza.   <\/p>\n\n<h3 class=\"wp-block-heading\">Satisfazer as expectativas regulamentares e antecipar o futuro<\/h3>\n\n<p>As autoridades locais est\u00e3o a incentivar a introdu\u00e7\u00e3o de solu\u00e7\u00f5es ecol\u00f3gicas e de sistemas de armazenamento adequados. No futuro, \u00e9 prov\u00e1vel que surjam novas obriga\u00e7\u00f5es que regulem a utiliza\u00e7\u00e3o e a gest\u00e3o das \u00e1guas pluviais nas instala\u00e7\u00f5es tur\u00edsticas. Antecipar estas regras significa antecipar-se e garantir o teu neg\u00f3cio. Al\u00e9m disso, o facto de se envolver desde j\u00e1 neste processo valorizar\u00e1 o seu projeto, colocar\u00e1 o seu parque de campismo numa posi\u00e7\u00e3o de reciclagem e reduzir\u00e1 a sua pegada ambiental.   <\/p>\n\n<h2 class=\"wp-block-heading\"><mark style=\"background-color:rgba(0, 0, 0, 0)\" class=\"has-inline-color has-vivid-cyan-blue-color\">Os parques de campismo de amanh\u00e3 ou ser\u00e3o sustent\u00e1veis ou n\u00e3o o ser\u00e3o<\/mark><\/h2>\n\n<p>Face \u00e0s secas estivais e \u00e0 press\u00e3o crescente sobre os recursos naturais, a recolha de \u00e1guas pluviais \u00e9 muito mais do que uma op\u00e7\u00e3o para os parques de campismo: \u00e9 uma solu\u00e7\u00e3o estrat\u00e9gica. Reduz <a href=\"https:\/\/blog.maciterneecolo.fr\/pt-pt\/como-e-que-podemos-reduzir-a-nossa-dependencia-da-agua-potavel\/\">o consumo de \u00e1gua pot\u00e1vel<\/a>, melhora a seguran\u00e7a contra inc\u00eandios e permite que os gestores adoptem uma abordagem ecol\u00f3gica que \u00e9 valorizada pelos turistas.<\/p>\n\n<p>Em Fran\u00e7a, as autoridades locais, os parques de campismo e a ind\u00fastria do turismo t\u00eam de trabalhar em conjunto para desenvolver estas pr\u00e1ticas. As cisternas flex\u00edveis e outros sistemas de armazenamento representam uma resposta adequada, econ\u00f3mica e sustent\u00e1vel, oferecendo aos parques de campismo uma verdadeira resili\u00eancia face aos desafios clim\u00e1ticos e \u00e0s expectativas das gera\u00e7\u00f5es futuras. Esta nova vis\u00e3o do turismo integra a prote\u00e7\u00e3o do ambiente, a promo\u00e7\u00e3o dos produtos locais e a gest\u00e3o inteligente de todos os recursos.  <\/p>\n","protected":false},"excerpt":{"rendered":"<p>Em Fran\u00e7a, os \u00faltimos anos mostraram como a quest\u00e3o da \u00e1gua se tornou central para o sector do turismo. As secas s\u00e3o recorrentes, as restri\u00e7\u00f5es intensificam-se e os gestores de parques de campismo t\u00eam de encontrar novas solu\u00e7\u00f5es para garantir o seu abastecimento. Num contexto ambiental marcado pela crescente escassez de recursos naturais e pela [&hellip;]<\/p>\n","protected":false},"author":4,"featured_media":15224,"comment_status":"open","ping_status":"closed","sticky":false,"template":"","format":"standard","meta":{"inline_featured_image":false,"footnotes":""},"categories":[65,88],"tags":[67,311],"class_list":["post-15235","post","type-post","status-publish","format-standard","has-post-thumbnail","hentry","category-colhedores-de-agua-da-chuva","category-tanques-flexiveis","tag-agua-da-chuva","tag-colheita-da-agua-da-chuva"],"yoast_head":"<!-- This site is optimized with the Yoast SEO plugin v27.4 - https:\/\/yoast.com\/product\/yoast-seo-wordpress\/ -->\n<title>Recolha de \u00e1gua da chuva nos parques de campismo: uma solu\u00e7\u00e3o para as secas de ver\u00e3o? - Blog Ma Citerne Ecolo<\/title>\n<meta name=\"description\" content=\"A recolha de \u00e1gua da chuva nos parques de campismo, gra\u00e7as \u00e0s cisternas flex\u00edveis, reduz o consumo e protege contra as secas de ver\u00e3o.\" \/>\n<meta name=\"robots\" content=\"index, follow, max-snippet:-1, max-image-preview:large, max-video-preview:-1\" \/>\n<link rel=\"canonical\" href=\"https:\/\/blog.maciterneecolo.fr\/pt-pt\/recolha-de-agua-da-chuva-nos-parques-de-campismo-uma-solucao-para-as-secas-de-verao\/\" \/>\n<meta property=\"og:locale\" content=\"pt_PT\" \/>\n<meta property=\"og:type\" content=\"article\" \/>\n<meta property=\"og:title\" content=\"Recolha de \u00e1gua da chuva nos parques de campismo: uma solu\u00e7\u00e3o para as secas de ver\u00e3o? - Blog Ma Citerne Ecolo\" \/>\n<meta property=\"og:description\" content=\"A recolha de \u00e1gua da chuva nos parques de campismo, gra\u00e7as \u00e0s cisternas flex\u00edveis, reduz o consumo e protege contra as secas de ver\u00e3o.\" \/>\n<meta property=\"og:url\" content=\"https:\/\/blog.maciterneecolo.fr\/pt-pt\/recolha-de-agua-da-chuva-nos-parques-de-campismo-uma-solucao-para-as-secas-de-verao\/\" \/>\n<meta property=\"og:site_name\" content=\"Blog Ma Citerne Ecolo\" \/>\n<meta property=\"article:published_time\" content=\"2025-12-12T13:00:00+00:00\" \/>\n<meta property=\"og:image\" content=\"https:\/\/blog.maciterneecolo.fr\/wp-content\/uploads\/2025\/09\/pexels-destroir-2662816-scaled.jpg\" \/>\n\t<meta property=\"og:image:width\" content=\"2560\" \/>\n\t<meta property=\"og:image:height\" content=\"1707\" \/>\n\t<meta property=\"og:image:type\" content=\"image\/jpeg\" \/>\n<meta name=\"author\" content=\"B\u00e9n\u00e9dicte Rebolloso\" \/>\n<meta name=\"twitter:card\" content=\"summary_large_image\" \/>\n<meta name=\"twitter:label1\" content=\"Escrito por\" \/>\n\t<meta name=\"twitter:data1\" content=\"B\u00e9n\u00e9dicte Rebolloso\" \/>\n\t<meta name=\"twitter:label2\" content=\"Tempo estimado de leitura\" \/>\n\t<meta name=\"twitter:data2\" content=\"7 minutos\" \/>\n<script type=\"application\/ld+json\" class=\"yoast-schema-graph\">{\"@context\":\"https:\\\/\\\/schema.org\",\"@graph\":[{\"@type\":\"Article\",\"@id\":\"https:\\\/\\\/blog.maciterneecolo.fr\\\/pt-pt\\\/recolha-de-agua-da-chuva-nos-parques-de-campismo-uma-solucao-para-as-secas-de-verao\\\/#article\",\"isPartOf\":{\"@id\":\"https:\\\/\\\/blog.maciterneecolo.fr\\\/pt-pt\\\/recolha-de-agua-da-chuva-nos-parques-de-campismo-uma-solucao-para-as-secas-de-verao\\\/\"},\"author\":{\"name\":\"B\u00e9n\u00e9dicte Rebolloso\",\"@id\":\"https:\\\/\\\/blog.maciterneecolo.fr\\\/pt-pt\\\/#\\\/schema\\\/person\\\/fe50d00b4e639107698e1ddead236943\"},\"headline\":\"Recolha de \u00e1gua da chuva nos parques de campismo: uma solu\u00e7\u00e3o para as secas de ver\u00e3o?\",\"datePublished\":\"2025-12-12T13:00:00+00:00\",\"mainEntityOfPage\":{\"@id\":\"https:\\\/\\\/blog.maciterneecolo.fr\\\/pt-pt\\\/recolha-de-agua-da-chuva-nos-parques-de-campismo-uma-solucao-para-as-secas-de-verao\\\/\"},\"wordCount\":1464,\"commentCount\":0,\"publisher\":{\"@id\":\"https:\\\/\\\/blog.maciterneecolo.fr\\\/pt-pt\\\/#organization\"},\"image\":{\"@id\":\"https:\\\/\\\/blog.maciterneecolo.fr\\\/pt-pt\\\/recolha-de-agua-da-chuva-nos-parques-de-campismo-uma-solucao-para-as-secas-de-verao\\\/#primaryimage\"},\"thumbnailUrl\":\"https:\\\/\\\/blog.maciterneecolo.fr\\\/wp-content\\\/uploads\\\/2025\\\/09\\\/pexels-destroir-2662816-scaled.jpg\",\"keywords\":[\"\u00e1gua da chuva\",\"colheita da \u00e1gua da chuva\"],\"articleSection\":[\"Colhedores de \u00e1gua da chuva\",\"Tanques Flex\u00edveis\"],\"inLanguage\":\"pt-PT\",\"potentialAction\":[{\"@type\":\"CommentAction\",\"name\":\"Comment\",\"target\":[\"https:\\\/\\\/blog.maciterneecolo.fr\\\/pt-pt\\\/recolha-de-agua-da-chuva-nos-parques-de-campismo-uma-solucao-para-as-secas-de-verao\\\/#respond\"]}]},{\"@type\":\"WebPage\",\"@id\":\"https:\\\/\\\/blog.maciterneecolo.fr\\\/pt-pt\\\/recolha-de-agua-da-chuva-nos-parques-de-campismo-uma-solucao-para-as-secas-de-verao\\\/\",\"url\":\"https:\\\/\\\/blog.maciterneecolo.fr\\\/pt-pt\\\/recolha-de-agua-da-chuva-nos-parques-de-campismo-uma-solucao-para-as-secas-de-verao\\\/\",\"name\":\"Recolha de \u00e1gua da chuva nos parques de campismo: uma solu\u00e7\u00e3o para as secas de ver\u00e3o? - Blog Ma Citerne Ecolo\",\"isPartOf\":{\"@id\":\"https:\\\/\\\/blog.maciterneecolo.fr\\\/pt-pt\\\/#website\"},\"primaryImageOfPage\":{\"@id\":\"https:\\\/\\\/blog.maciterneecolo.fr\\\/pt-pt\\\/recolha-de-agua-da-chuva-nos-parques-de-campismo-uma-solucao-para-as-secas-de-verao\\\/#primaryimage\"},\"image\":{\"@id\":\"https:\\\/\\\/blog.maciterneecolo.fr\\\/pt-pt\\\/recolha-de-agua-da-chuva-nos-parques-de-campismo-uma-solucao-para-as-secas-de-verao\\\/#primaryimage\"},\"thumbnailUrl\":\"https:\\\/\\\/blog.maciterneecolo.fr\\\/wp-content\\\/uploads\\\/2025\\\/09\\\/pexels-destroir-2662816-scaled.jpg\",\"datePublished\":\"2025-12-12T13:00:00+00:00\",\"description\":\"A recolha de \u00e1gua da chuva nos parques de campismo, gra\u00e7as \u00e0s cisternas flex\u00edveis, reduz o consumo e protege contra as secas de ver\u00e3o.\",\"breadcrumb\":{\"@id\":\"https:\\\/\\\/blog.maciterneecolo.fr\\\/pt-pt\\\/recolha-de-agua-da-chuva-nos-parques-de-campismo-uma-solucao-para-as-secas-de-verao\\\/#breadcrumb\"},\"inLanguage\":\"pt-PT\",\"potentialAction\":[{\"@type\":\"ReadAction\",\"target\":[\"https:\\\/\\\/blog.maciterneecolo.fr\\\/pt-pt\\\/recolha-de-agua-da-chuva-nos-parques-de-campismo-uma-solucao-para-as-secas-de-verao\\\/\"]}]},{\"@type\":\"ImageObject\",\"inLanguage\":\"pt-PT\",\"@id\":\"https:\\\/\\\/blog.maciterneecolo.fr\\\/pt-pt\\\/recolha-de-agua-da-chuva-nos-parques-de-campismo-uma-solucao-para-as-secas-de-verao\\\/#primaryimage\",\"url\":\"https:\\\/\\\/blog.maciterneecolo.fr\\\/wp-content\\\/uploads\\\/2025\\\/09\\\/pexels-destroir-2662816-scaled.jpg\",\"contentUrl\":\"https:\\\/\\\/blog.maciterneecolo.fr\\\/wp-content\\\/uploads\\\/2025\\\/09\\\/pexels-destroir-2662816-scaled.jpg\",\"width\":2560,\"height\":1707},{\"@type\":\"BreadcrumbList\",\"@id\":\"https:\\\/\\\/blog.maciterneecolo.fr\\\/pt-pt\\\/recolha-de-agua-da-chuva-nos-parques-de-campismo-uma-solucao-para-as-secas-de-verao\\\/#breadcrumb\",\"itemListElement\":[{\"@type\":\"ListItem\",\"position\":1,\"name\":\"Accueil\",\"item\":\"https:\\\/\\\/blog.maciterneecolo.fr\\\/pt-pt\\\/\"},{\"@type\":\"ListItem\",\"position\":2,\"name\":\"Recolha de \u00e1gua da chuva nos parques de campismo: uma solu\u00e7\u00e3o para as secas de ver\u00e3o?\"}]},{\"@type\":\"WebSite\",\"@id\":\"https:\\\/\\\/blog.maciterneecolo.fr\\\/pt-pt\\\/#website\",\"url\":\"https:\\\/\\\/blog.maciterneecolo.fr\\\/pt-pt\\\/\",\"name\":\"Blog Ma Citerne Ecolo\",\"description\":\"Leader dans le domaine de la citerne souple d&#039;eau de pluie\",\"publisher\":{\"@id\":\"https:\\\/\\\/blog.maciterneecolo.fr\\\/pt-pt\\\/#organization\"},\"potentialAction\":[{\"@type\":\"SearchAction\",\"target\":{\"@type\":\"EntryPoint\",\"urlTemplate\":\"https:\\\/\\\/blog.maciterneecolo.fr\\\/pt-pt\\\/?s={search_term_string}\"},\"query-input\":{\"@type\":\"PropertyValueSpecification\",\"valueRequired\":true,\"valueName\":\"search_term_string\"}}],\"inLanguage\":\"pt-PT\"},{\"@type\":\"Organization\",\"@id\":\"https:\\\/\\\/blog.maciterneecolo.fr\\\/pt-pt\\\/#organization\",\"name\":\"Blog Ma Citerne Ecolo\",\"url\":\"https:\\\/\\\/blog.maciterneecolo.fr\\\/pt-pt\\\/\",\"logo\":{\"@type\":\"ImageObject\",\"inLanguage\":\"pt-PT\",\"@id\":\"https:\\\/\\\/blog.maciterneecolo.fr\\\/pt-pt\\\/#\\\/schema\\\/logo\\\/image\\\/\",\"url\":\"https:\\\/\\\/blog.maciterneecolo.fr\\\/wp-content\\\/uploads\\\/2022\\\/12\\\/cropped-favicon-blog.png\",\"contentUrl\":\"https:\\\/\\\/blog.maciterneecolo.fr\\\/wp-content\\\/uploads\\\/2022\\\/12\\\/cropped-favicon-blog.png\",\"width\":512,\"height\":512,\"caption\":\"Blog Ma Citerne Ecolo\"},\"image\":{\"@id\":\"https:\\\/\\\/blog.maciterneecolo.fr\\\/pt-pt\\\/#\\\/schema\\\/logo\\\/image\\\/\"}},{\"@type\":\"Person\",\"@id\":\"https:\\\/\\\/blog.maciterneecolo.fr\\\/pt-pt\\\/#\\\/schema\\\/person\\\/fe50d00b4e639107698e1ddead236943\",\"name\":\"B\u00e9n\u00e9dicte Rebolloso\",\"image\":{\"@type\":\"ImageObject\",\"inLanguage\":\"pt-PT\",\"@id\":\"https:\\\/\\\/secure.gravatar.com\\\/avatar\\\/ffa759db2a4d8ebb52a58b89d3dc2a9f0395a5122bb839045a145d6585de1126?s=96&d=mm&r=g\",\"url\":\"https:\\\/\\\/secure.gravatar.com\\\/avatar\\\/ffa759db2a4d8ebb52a58b89d3dc2a9f0395a5122bb839045a145d6585de1126?s=96&d=mm&r=g\",\"contentUrl\":\"https:\\\/\\\/secure.gravatar.com\\\/avatar\\\/ffa759db2a4d8ebb52a58b89d3dc2a9f0395a5122bb839045a145d6585de1126?s=96&d=mm&r=g\",\"caption\":\"B\u00e9n\u00e9dicte Rebolloso\"},\"url\":\"https:\\\/\\\/blog.maciterneecolo.fr\\\/pt-pt\\\/author\\\/benedicterebolloso\\\/\"}]}<\/script>\n<!-- \/ Yoast SEO plugin. -->","yoast_head_json":{"title":"Recolha de \u00e1gua da chuva nos parques de campismo: uma solu\u00e7\u00e3o para as secas de ver\u00e3o? - Blog Ma Citerne Ecolo","description":"A recolha de \u00e1gua da chuva nos parques de campismo, gra\u00e7as \u00e0s cisternas flex\u00edveis, reduz o consumo e protege contra as secas de ver\u00e3o.","robots":{"index":"index","follow":"follow","max-snippet":"max-snippet:-1","max-image-preview":"max-image-preview:large","max-video-preview":"max-video-preview:-1"},"canonical":"https:\/\/blog.maciterneecolo.fr\/pt-pt\/recolha-de-agua-da-chuva-nos-parques-de-campismo-uma-solucao-para-as-secas-de-verao\/","og_locale":"pt_PT","og_type":"article","og_title":"Recolha de \u00e1gua da chuva nos parques de campismo: uma solu\u00e7\u00e3o para as secas de ver\u00e3o? - Blog Ma Citerne Ecolo","og_description":"A recolha de \u00e1gua da chuva nos parques de campismo, gra\u00e7as \u00e0s cisternas flex\u00edveis, reduz o consumo e protege contra as secas de ver\u00e3o.","og_url":"https:\/\/blog.maciterneecolo.fr\/pt-pt\/recolha-de-agua-da-chuva-nos-parques-de-campismo-uma-solucao-para-as-secas-de-verao\/","og_site_name":"Blog Ma Citerne Ecolo","article_published_time":"2025-12-12T13:00:00+00:00","og_image":[{"width":2560,"height":1707,"url":"https:\/\/blog.maciterneecolo.fr\/wp-content\/uploads\/2025\/09\/pexels-destroir-2662816-scaled.jpg","type":"image\/jpeg"}],"author":"B\u00e9n\u00e9dicte Rebolloso","twitter_card":"summary_large_image","twitter_misc":{"Escrito por":"B\u00e9n\u00e9dicte Rebolloso","Tempo estimado de leitura":"7 minutos"},"schema":{"@context":"https:\/\/schema.org","@graph":[{"@type":"Article","@id":"https:\/\/blog.maciterneecolo.fr\/pt-pt\/recolha-de-agua-da-chuva-nos-parques-de-campismo-uma-solucao-para-as-secas-de-verao\/#article","isPartOf":{"@id":"https:\/\/blog.maciterneecolo.fr\/pt-pt\/recolha-de-agua-da-chuva-nos-parques-de-campismo-uma-solucao-para-as-secas-de-verao\/"},"author":{"name":"B\u00e9n\u00e9dicte Rebolloso","@id":"https:\/\/blog.maciterneecolo.fr\/pt-pt\/#\/schema\/person\/fe50d00b4e639107698e1ddead236943"},"headline":"Recolha de \u00e1gua da chuva nos parques de campismo: uma solu\u00e7\u00e3o para as secas de ver\u00e3o?","datePublished":"2025-12-12T13:00:00+00:00","mainEntityOfPage":{"@id":"https:\/\/blog.maciterneecolo.fr\/pt-pt\/recolha-de-agua-da-chuva-nos-parques-de-campismo-uma-solucao-para-as-secas-de-verao\/"},"wordCount":1464,"commentCount":0,"publisher":{"@id":"https:\/\/blog.maciterneecolo.fr\/pt-pt\/#organization"},"image":{"@id":"https:\/\/blog.maciterneecolo.fr\/pt-pt\/recolha-de-agua-da-chuva-nos-parques-de-campismo-uma-solucao-para-as-secas-de-verao\/#primaryimage"},"thumbnailUrl":"https:\/\/blog.maciterneecolo.fr\/wp-content\/uploads\/2025\/09\/pexels-destroir-2662816-scaled.jpg","keywords":["\u00e1gua da chuva","colheita da \u00e1gua da chuva"],"articleSection":["Colhedores de \u00e1gua da chuva","Tanques Flex\u00edveis"],"inLanguage":"pt-PT","potentialAction":[{"@type":"CommentAction","name":"Comment","target":["https:\/\/blog.maciterneecolo.fr\/pt-pt\/recolha-de-agua-da-chuva-nos-parques-de-campismo-uma-solucao-para-as-secas-de-verao\/#respond"]}]},{"@type":"WebPage","@id":"https:\/\/blog.maciterneecolo.fr\/pt-pt\/recolha-de-agua-da-chuva-nos-parques-de-campismo-uma-solucao-para-as-secas-de-verao\/","url":"https:\/\/blog.maciterneecolo.fr\/pt-pt\/recolha-de-agua-da-chuva-nos-parques-de-campismo-uma-solucao-para-as-secas-de-verao\/","name":"Recolha de \u00e1gua da chuva nos parques de campismo: uma solu\u00e7\u00e3o para as secas de ver\u00e3o? - Blog Ma Citerne Ecolo","isPartOf":{"@id":"https:\/\/blog.maciterneecolo.fr\/pt-pt\/#website"},"primaryImageOfPage":{"@id":"https:\/\/blog.maciterneecolo.fr\/pt-pt\/recolha-de-agua-da-chuva-nos-parques-de-campismo-uma-solucao-para-as-secas-de-verao\/#primaryimage"},"image":{"@id":"https:\/\/blog.maciterneecolo.fr\/pt-pt\/recolha-de-agua-da-chuva-nos-parques-de-campismo-uma-solucao-para-as-secas-de-verao\/#primaryimage"},"thumbnailUrl":"https:\/\/blog.maciterneecolo.fr\/wp-content\/uploads\/2025\/09\/pexels-destroir-2662816-scaled.jpg","datePublished":"2025-12-12T13:00:00+00:00","description":"A recolha de \u00e1gua da chuva nos parques de campismo, gra\u00e7as \u00e0s cisternas flex\u00edveis, reduz o consumo e protege contra as secas de ver\u00e3o.","breadcrumb":{"@id":"https:\/\/blog.maciterneecolo.fr\/pt-pt\/recolha-de-agua-da-chuva-nos-parques-de-campismo-uma-solucao-para-as-secas-de-verao\/#breadcrumb"},"inLanguage":"pt-PT","potentialAction":[{"@type":"ReadAction","target":["https:\/\/blog.maciterneecolo.fr\/pt-pt\/recolha-de-agua-da-chuva-nos-parques-de-campismo-uma-solucao-para-as-secas-de-verao\/"]}]},{"@type":"ImageObject","inLanguage":"pt-PT","@id":"https:\/\/blog.maciterneecolo.fr\/pt-pt\/recolha-de-agua-da-chuva-nos-parques-de-campismo-uma-solucao-para-as-secas-de-verao\/#primaryimage","url":"https:\/\/blog.maciterneecolo.fr\/wp-content\/uploads\/2025\/09\/pexels-destroir-2662816-scaled.jpg","contentUrl":"https:\/\/blog.maciterneecolo.fr\/wp-content\/uploads\/2025\/09\/pexels-destroir-2662816-scaled.jpg","width":2560,"height":1707},{"@type":"BreadcrumbList","@id":"https:\/\/blog.maciterneecolo.fr\/pt-pt\/recolha-de-agua-da-chuva-nos-parques-de-campismo-uma-solucao-para-as-secas-de-verao\/#breadcrumb","itemListElement":[{"@type":"ListItem","position":1,"name":"Accueil","item":"https:\/\/blog.maciterneecolo.fr\/pt-pt\/"},{"@type":"ListItem","position":2,"name":"Recolha de \u00e1gua da chuva nos parques de campismo: uma solu\u00e7\u00e3o para as secas de ver\u00e3o?"}]},{"@type":"WebSite","@id":"https:\/\/blog.maciterneecolo.fr\/pt-pt\/#website","url":"https:\/\/blog.maciterneecolo.fr\/pt-pt\/","name":"Blog Ma Citerne Ecolo","description":"Leader dans le domaine de la citerne souple d&#039;eau de pluie","publisher":{"@id":"https:\/\/blog.maciterneecolo.fr\/pt-pt\/#organization"},"potentialAction":[{"@type":"SearchAction","target":{"@type":"EntryPoint","urlTemplate":"https:\/\/blog.maciterneecolo.fr\/pt-pt\/?s={search_term_string}"},"query-input":{"@type":"PropertyValueSpecification","valueRequired":true,"valueName":"search_term_string"}}],"inLanguage":"pt-PT"},{"@type":"Organization","@id":"https:\/\/blog.maciterneecolo.fr\/pt-pt\/#organization","name":"Blog Ma Citerne Ecolo","url":"https:\/\/blog.maciterneecolo.fr\/pt-pt\/","logo":{"@type":"ImageObject","inLanguage":"pt-PT","@id":"https:\/\/blog.maciterneecolo.fr\/pt-pt\/#\/schema\/logo\/image\/","url":"https:\/\/blog.maciterneecolo.fr\/wp-content\/uploads\/2022\/12\/cropped-favicon-blog.png","contentUrl":"https:\/\/blog.maciterneecolo.fr\/wp-content\/uploads\/2022\/12\/cropped-favicon-blog.png","width":512,"height":512,"caption":"Blog Ma Citerne Ecolo"},"image":{"@id":"https:\/\/blog.maciterneecolo.fr\/pt-pt\/#\/schema\/logo\/image\/"}},{"@type":"Person","@id":"https:\/\/blog.maciterneecolo.fr\/pt-pt\/#\/schema\/person\/fe50d00b4e639107698e1ddead236943","name":"B\u00e9n\u00e9dicte Rebolloso","image":{"@type":"ImageObject","inLanguage":"pt-PT","@id":"https:\/\/secure.gravatar.com\/avatar\/ffa759db2a4d8ebb52a58b89d3dc2a9f0395a5122bb839045a145d6585de1126?s=96&d=mm&r=g","url":"https:\/\/secure.gravatar.com\/avatar\/ffa759db2a4d8ebb52a58b89d3dc2a9f0395a5122bb839045a145d6585de1126?s=96&d=mm&r=g","contentUrl":"https:\/\/secure.gravatar.com\/avatar\/ffa759db2a4d8ebb52a58b89d3dc2a9f0395a5122bb839045a145d6585de1126?s=96&d=mm&r=g","caption":"B\u00e9n\u00e9dicte Rebolloso"},"url":"https:\/\/blog.maciterneecolo.fr\/pt-pt\/author\/benedicterebolloso\/"}]}},"_links":{"self":[{"href":"https:\/\/blog.maciterneecolo.fr\/pt-pt\/wp-json\/wp\/v2\/posts\/15235","targetHints":{"allow":["GET"]}}],"collection":[{"href":"https:\/\/blog.maciterneecolo.fr\/pt-pt\/wp-json\/wp\/v2\/posts"}],"about":[{"href":"https:\/\/blog.maciterneecolo.fr\/pt-pt\/wp-json\/wp\/v2\/types\/post"}],"author":[{"embeddable":true,"href":"https:\/\/blog.maciterneecolo.fr\/pt-pt\/wp-json\/wp\/v2\/users\/4"}],"replies":[{"embeddable":true,"href":"https:\/\/blog.maciterneecolo.fr\/pt-pt\/wp-json\/wp\/v2\/comments?post=15235"}],"version-history":[{"count":1,"href":"https:\/\/blog.maciterneecolo.fr\/pt-pt\/wp-json\/wp\/v2\/posts\/15235\/revisions"}],"predecessor-version":[{"id":15236,"href":"https:\/\/blog.maciterneecolo.fr\/pt-pt\/wp-json\/wp\/v2\/posts\/15235\/revisions\/15236"}],"wp:featuredmedia":[{"embeddable":true,"href":"https:\/\/blog.maciterneecolo.fr\/pt-pt\/wp-json\/wp\/v2\/media\/15224"}],"wp:attachment":[{"href":"https:\/\/blog.maciterneecolo.fr\/pt-pt\/wp-json\/wp\/v2\/media?parent=15235"}],"wp:term":[{"taxonomy":"category","embeddable":true,"href":"https:\/\/blog.maciterneecolo.fr\/pt-pt\/wp-json\/wp\/v2\/categories?post=15235"},{"taxonomy":"post_tag","embeddable":true,"href":"https:\/\/blog.maciterneecolo.fr\/pt-pt\/wp-json\/wp\/v2\/tags?post=15235"}],"curies":[{"name":"wp","href":"https:\/\/api.w.org\/{rel}","templated":true}]}}