{"id":1967,"date":"2022-12-14T14:25:27","date_gmt":"2022-12-14T14:25:27","guid":{"rendered":"https:\/\/blog.maciterneecolo.fr\/tanque-flexivel-hermeticamente-selado-maciterneecolo-fr\/"},"modified":"2023-01-10T14:20:51","modified_gmt":"2023-01-10T14:20:51","slug":"tanque-flexivel-hermeticamente-selado-maciterneecolo-fr","status":"publish","type":"post","link":"https:\/\/blog.maciterneecolo.fr\/pt-pt\/tanque-flexivel-hermeticamente-selado-maciterneecolo-fr\/","title":{"rendered":"Tanque flex\u00edvel hermeticamente selado MaCiterneEcolo.fr"},"content":{"rendered":"\n<p>N\u00e3o desperdice o seu dinheiro em tanques flex\u00edveis de baixa qualidade! Aproveite agora o tanque flex\u00edvel hermeticamente selado, revestido a PVC. Com a melhor rela\u00e7\u00e3o qualidade\/pre\u00e7o no mercado actual de tanques de \u00e1gua da chuva, beneficia de uma reten\u00e7\u00e3o de l\u00edquidos ideal. Os nossos modelos de tanques autoportantes s\u00e3o uma pe\u00e7a de equipamento de primeira classe com um servi\u00e7o de entrega r\u00e1pida. A nossa solu\u00e7\u00e3o em tanques flex\u00edveis anti-evapora\u00e7\u00e3o estanques fornece um tanque imperme\u00e1vel para a recolha de \u00e1gua da chuva e armazenamento de efluentes industriais. Poder\u00e1 armazenar muitos litros dos l\u00edquidos da sua escolha com um tecido de resist\u00eancia incompar\u00e1vel! Uma utiliza\u00e7\u00e3o virtualmente indispens\u00e1vel para a casa (lavagem, m\u00e1quina de lavar roupa, limpeza da casa, etc.) bem como para o exterior (rega do jardim, lavagem de ve\u00edculos, limpeza de um quintal, irriga\u00e7\u00e3o de vegetais, etc.).<\/p>\n\n<h2 class=\"wp-block-heading\" id=\"ybc_heading_h2_1\"><strong>Instala\u00e7\u00e3o de tanques de recolha de \u00e1gua da chuva auto-sustent\u00e1veis para a sua casa e jardim<\/strong><\/h2>\n\n<p>Depois de poupar nas suas contas de aquecimento, decidiu agora ter cuidado com o seu consumo de \u00e1gua pot\u00e1vel? Sabia que, em m\u00e9dia, o volume de \u00e1gua consumida por dia e por pessoa \u00e9 de 150 litros? Deve pensar que \u00e9 enorme, certo? Tem toda a raz\u00e3o! Mas n\u00f3s temos uma t\u00e9cnica inteligente para recolher a sua \u00e1gua da chuva. Recomendamos a instala\u00e7\u00e3o de um tanque flex\u00edvel \u00e0 prova de \u00e1gua! Pode recolher \u00e1gua da chuva directamente da sarjeta do seu telhado com o nosso produto de recolha e armazenamento de \u00e1gua.<\/p>\n\n<p>Regar a horta, alimentar a m\u00e1quina de lavar roupa ou encher a sanita com \u00e1gua da chuva \u00e9 a forma ideal de combinar economia e ecologia. Isto \u00e9 confirmado pela maioria dos nossos clientes! As caleiras no seu telhado ligadas a um colector de \u00e1gua ir\u00e3o poupar-lhe muito dinheiro. Por assim dizer, com a compra de um dos nossos tanques flex\u00edveis, estar\u00e1 a armazenar litros de \u00e1gua da chuva a um pre\u00e7o baixo que ser\u00e1 utilizada tanto para a casa como para o jardim.<\/p>\n\n<p>Optimizamos o seu projecto de recolha da \u00e1gua da chuva com a venda de tanques flex\u00edveis de alta qualidade. Por outras palavras, se procura equipamento de topo de gama, veio ao s\u00edtio certo. Com estes produtos, reduzir\u00e1 rapidamente o seu consumo de \u00e1gua da torneira. A utiliza\u00e7\u00e3o de um tanque flex\u00edvel \u00e9 definitivamente para todos! J\u00e1 sabemos que este sistema de recolha da \u00e1gua da chuva \u00e9 exactamente o que procura. Se n\u00e3o comprar o tanque flex\u00edvel como kit, pode adicionar acess\u00f3rios adicionais (bomba el\u00e9ctrica, v\u00e1lvula anti-retorno, etc.) separadamente.<\/p>\n\n<h2 class=\"wp-block-heading\" id=\"ybc_heading_h2_2\"><strong>Porqu\u00ea escolher a cisterna flex\u00edvel hermeticamente selada para armazenar a \u00e1gua da chuva?<\/strong><\/h2>\n\n<p>Esque\u00e7a os tanques de bet\u00e3o ou de a\u00e7o para recolher a sua \u00e1gua da chuva! O tanque flex\u00edvel \u00e9 a solu\u00e7\u00e3o sustent\u00e1vel e econ\u00f3mica de que necessita. Cada vez mais fam\u00edlias em Fran\u00e7a est\u00e3o a optar pela n\u00e3o utiliza\u00e7\u00e3o da cisterna de a\u00e7o ou de bet\u00e3o e a escolher a cisterna flex\u00edvel como alternativa. N\u00e3o s\u00f3 a instala\u00e7\u00e3o destes tipos de tanques \u00e9 cara, como tamb\u00e9m o tanque deve ser tornado estanque. Com os tanques flex\u00edveis de \u00e1gua da chuva n\u00e3o tem este problema, uma vez que j\u00e1 t\u00eam uma t\u00e9cnica de impermeabiliza\u00e7\u00e3o. De facto, o nosso tanque flex\u00edvel j\u00e1 est\u00e1 equipado com um sistema de veda\u00e7\u00e3o integrado.<\/p>\n\n<p>Os nossos modelos de armazenamento de \u00e1gua estanque s\u00e3o concebidos para formar almofadas de \u00e1gua grandes, auto-sustent\u00e1veis e fechadas. Os nossos produtos podem ser instalados no solo ou em bacias especiais. Para um abastecimento de \u00e1gua de combate a inc\u00eandios, \u00e9 ainda mais essencial que os tanques flex\u00edveis sejam hermeticamente fechados. Em primeiro lugar, impede a evapora\u00e7\u00e3o da \u00e1gua da chuva ou de outros l\u00edquidos. Em segundo lugar, a estanquidade \u00e9 necess\u00e1ria para evitar a ocorr\u00eancia de bact\u00e9rias na \u00e1gua. Para a m\u00e1xima efici\u00eancia, os tanques s\u00e3o feitos de tecidos t\u00e9cnicos com revestimento em PVC.<\/p>\n\n<h2 class=\"wp-block-heading\" id=\"ybc_heading_h2_3\"><strong>Quais s\u00e3o as outras vantagens do tanque flex\u00edvel hermeticamente selado?<\/strong><\/h2>\n\n<p>Para al\u00e9m de poder recolher \u00e1gua livre com um colector de \u00e1gua da chuva, aqui est\u00e3o as outras vantagens da <a href=\"https:\/\/www.maciterneecolo.fr\/fr\/3-citernes-souples-recuperation-eau-de-pluie\">cisterna flex\u00edvel<\/a>:<\/p>\n\n<ul class=\"wp-block-list\">\n<li>N\u00e3o requer autoriza\u00e7\u00e3o de planeamento<\/li>\n\n\n\n<li>Adapta-se a todos os seus projectos<\/li>\n\n\n\n<li>\u00c9 adequado para todos os or\u00e7amentos<\/li>\n\n\n\n<li>\u00c9 garantido por 10 anos<\/li>\n\n\n\n<li>\u00c9 resistente a temperaturas extremas (-30\u00b0C\/+70\u00b0C)<\/li>\n\n\n\n<li>\u00c9 tratado contra os raios UV durante o fabrico<\/li>\n\n\n\n<li>\u00c9 totalmente recicl\u00e1vel<\/li>\n\n\n\n<li>N\u00e3o gera contamina\u00e7\u00e3o a partir dos l\u00edquidos contidos<\/li>\n\n\n\n<li>N\u00e3o requer manuten\u00e7\u00e3o<\/li>\n\n\n\n<li>N\u00e3o requer qualquer trabalho de terraplanagem<\/li>\n\n\n\n<li>N\u00e3o causa qualquer altera\u00e7\u00e3o \u00e0 \u00e1gua da chuva recolhida<\/li>\n\n\n\n<li>N\u00e3o provoca a evapora\u00e7\u00e3o de l\u00edquidos<\/li>\n<\/ul>\n\n<p>N\u00e3o espere mais para tirar partido da \u00e1gua gratuita com os nossos produtos econ\u00f3micos para a sua rega ou para a sua m\u00e1quina de lavar roupa, por exemplo! Al\u00e9m do pre\u00e7o baixo do tanque hermeticamente selado, a entrega \u00e9 r\u00e1pida! Dentro de alguns dias ap\u00f3s a encomenda, receber\u00e1 um tanque que poder\u00e1 instalar facilmente. Gostar\u00edamos de lembrar aos nossos clientes que os nossos tanques flex\u00edveis de \u00e1gua e fertilizantes est\u00e3o dispon\u00edveis como unidades aut\u00f3nomas ou como kits.<\/p>\n","protected":false},"excerpt":{"rendered":"<p>N\u00e3o desperdice o seu dinheiro em tanques flex\u00edveis de baixa qualidade! Aproveite agora o tanque flex\u00edvel hermeticamente selado, revestido a PVC. Com a melhor rela\u00e7\u00e3o qualidade\/pre\u00e7o no mercado actual de tanques de \u00e1gua da chuva, beneficia de uma reten\u00e7\u00e3o de l\u00edquidos ideal. Os nossos modelos de tanques autoportantes s\u00e3o uma pe\u00e7a de equipamento de primeira [&hellip;]<\/p>\n","protected":false},"author":2,"featured_media":847,"comment_status":"closed","ping_status":"closed","sticky":false,"template":"","format":"standard","meta":{"inline_featured_image":false,"footnotes":""},"categories":[387],"tags":[463,462],"class_list":["post-1967","post","type-post","status-publish","format-standard","has-post-thumbnail","hentry","category-tudo-o-que-precisa-de-saber-sobre-o-tanque-flexivel","tag-hermetico-pt-pt","tag-tanque-flexivel-pt-pt"],"yoast_head":"<!-- This site is optimized with the Yoast SEO plugin v27.5 - https:\/\/yoast.com\/product\/yoast-seo-wordpress\/ -->\n<title>Tanque flex\u00edvel hermeticamente selado MaCiterneEcolo.fr - Blog Ma Citerne Ecolo<\/title>\n<meta name=\"description\" content=\"N\u00e3o desperdice o seu dinheiro em tanques flex\u00edveis de baixa qualidade! Aproveite agora o tanque macio hermeticamente selado.\" \/>\n<meta name=\"robots\" content=\"index, follow, max-snippet:-1, max-image-preview:large, max-video-preview:-1\" \/>\n<link rel=\"canonical\" href=\"https:\/\/blog.maciterneecolo.fr\/pt-pt\/tanque-flexivel-hermeticamente-selado-maciterneecolo-fr\/\" \/>\n<meta property=\"og:locale\" content=\"pt_PT\" \/>\n<meta property=\"og:type\" content=\"article\" \/>\n<meta property=\"og:title\" content=\"Tanque flex\u00edvel hermeticamente selado MaCiterneEcolo.fr - Blog Ma Citerne Ecolo\" \/>\n<meta property=\"og:description\" content=\"N\u00e3o desperdice o seu dinheiro em tanques flex\u00edveis de baixa qualidade! Aproveite agora o tanque macio hermeticamente selado.\" \/>\n<meta property=\"og:url\" content=\"https:\/\/blog.maciterneecolo.fr\/pt-pt\/tanque-flexivel-hermeticamente-selado-maciterneecolo-fr\/\" \/>\n<meta property=\"og:site_name\" content=\"Blog Ma Citerne Ecolo\" \/>\n<meta property=\"article:published_time\" content=\"2022-12-14T14:25:27+00:00\" \/>\n<meta property=\"article:modified_time\" content=\"2023-01-10T14:20:51+00:00\" \/>\n<meta property=\"og:image\" content=\"https:\/\/blog.maciterneecolo.fr\/wp-content\/uploads\/2022\/12\/citerne-souple-14.jpeg\" \/>\n\t<meta property=\"og:image:width\" content=\"800\" \/>\n\t<meta property=\"og:image:height\" content=\"800\" \/>\n\t<meta property=\"og:image:type\" content=\"image\/jpeg\" \/>\n<meta name=\"author\" content=\"Lucile\" \/>\n<meta name=\"twitter:card\" content=\"summary_large_image\" \/>\n<meta name=\"twitter:label1\" content=\"Escrito por\" \/>\n\t<meta name=\"twitter:data1\" content=\"Lucile\" \/>\n\t<meta name=\"twitter:label2\" content=\"Tempo estimado de leitura\" \/>\n\t<meta name=\"twitter:data2\" content=\"5 minutos\" \/>\n<script type=\"application\/ld+json\" class=\"yoast-schema-graph\">{\"@context\":\"https:\\\/\\\/schema.org\",\"@graph\":[{\"@type\":\"Article\",\"@id\":\"https:\\\/\\\/blog.maciterneecolo.fr\\\/pt-pt\\\/tanque-flexivel-hermeticamente-selado-maciterneecolo-fr\\\/#article\",\"isPartOf\":{\"@id\":\"https:\\\/\\\/blog.maciterneecolo.fr\\\/pt-pt\\\/tanque-flexivel-hermeticamente-selado-maciterneecolo-fr\\\/\"},\"author\":{\"name\":\"Lucile\",\"@id\":\"https:\\\/\\\/blog.maciterneecolo.fr\\\/pt-pt\\\/#\\\/schema\\\/person\\\/cfb93b191140c86292f0707edfd4b6fe\"},\"headline\":\"Tanque flex\u00edvel hermeticamente selado MaCiterneEcolo.fr\",\"datePublished\":\"2022-12-14T14:25:27+00:00\",\"dateModified\":\"2023-01-10T14:20:51+00:00\",\"mainEntityOfPage\":{\"@id\":\"https:\\\/\\\/blog.maciterneecolo.fr\\\/pt-pt\\\/tanque-flexivel-hermeticamente-selado-maciterneecolo-fr\\\/\"},\"wordCount\":920,\"publisher\":{\"@id\":\"https:\\\/\\\/blog.maciterneecolo.fr\\\/pt-pt\\\/#organization\"},\"image\":{\"@id\":\"https:\\\/\\\/blog.maciterneecolo.fr\\\/pt-pt\\\/tanque-flexivel-hermeticamente-selado-maciterneecolo-fr\\\/#primaryimage\"},\"thumbnailUrl\":\"https:\\\/\\\/blog.maciterneecolo.fr\\\/wp-content\\\/uploads\\\/2022\\\/12\\\/citerne-souple-14.jpeg\",\"keywords\":[\"herm\u00e9tico\",\"tanque flex\u00edvel\"],\"articleSection\":[\"Tudo o que precisa de saber sobre o tanque flex\u00edvel\"],\"inLanguage\":\"pt-PT\"},{\"@type\":\"WebPage\",\"@id\":\"https:\\\/\\\/blog.maciterneecolo.fr\\\/pt-pt\\\/tanque-flexivel-hermeticamente-selado-maciterneecolo-fr\\\/\",\"url\":\"https:\\\/\\\/blog.maciterneecolo.fr\\\/pt-pt\\\/tanque-flexivel-hermeticamente-selado-maciterneecolo-fr\\\/\",\"name\":\"Tanque flex\u00edvel hermeticamente selado MaCiterneEcolo.fr - Blog Ma Citerne Ecolo\",\"isPartOf\":{\"@id\":\"https:\\\/\\\/blog.maciterneecolo.fr\\\/pt-pt\\\/#website\"},\"primaryImageOfPage\":{\"@id\":\"https:\\\/\\\/blog.maciterneecolo.fr\\\/pt-pt\\\/tanque-flexivel-hermeticamente-selado-maciterneecolo-fr\\\/#primaryimage\"},\"image\":{\"@id\":\"https:\\\/\\\/blog.maciterneecolo.fr\\\/pt-pt\\\/tanque-flexivel-hermeticamente-selado-maciterneecolo-fr\\\/#primaryimage\"},\"thumbnailUrl\":\"https:\\\/\\\/blog.maciterneecolo.fr\\\/wp-content\\\/uploads\\\/2022\\\/12\\\/citerne-souple-14.jpeg\",\"datePublished\":\"2022-12-14T14:25:27+00:00\",\"dateModified\":\"2023-01-10T14:20:51+00:00\",\"description\":\"N\u00e3o desperdice o seu dinheiro em tanques flex\u00edveis de baixa qualidade! Aproveite agora o tanque macio hermeticamente selado.\",\"breadcrumb\":{\"@id\":\"https:\\\/\\\/blog.maciterneecolo.fr\\\/pt-pt\\\/tanque-flexivel-hermeticamente-selado-maciterneecolo-fr\\\/#breadcrumb\"},\"inLanguage\":\"pt-PT\",\"potentialAction\":[{\"@type\":\"ReadAction\",\"target\":[\"https:\\\/\\\/blog.maciterneecolo.fr\\\/pt-pt\\\/tanque-flexivel-hermeticamente-selado-maciterneecolo-fr\\\/\"]}]},{\"@type\":\"ImageObject\",\"inLanguage\":\"pt-PT\",\"@id\":\"https:\\\/\\\/blog.maciterneecolo.fr\\\/pt-pt\\\/tanque-flexivel-hermeticamente-selado-maciterneecolo-fr\\\/#primaryimage\",\"url\":\"https:\\\/\\\/blog.maciterneecolo.fr\\\/wp-content\\\/uploads\\\/2022\\\/12\\\/citerne-souple-14.jpeg\",\"contentUrl\":\"https:\\\/\\\/blog.maciterneecolo.fr\\\/wp-content\\\/uploads\\\/2022\\\/12\\\/citerne-souple-14.jpeg\",\"width\":800,\"height\":800},{\"@type\":\"BreadcrumbList\",\"@id\":\"https:\\\/\\\/blog.maciterneecolo.fr\\\/pt-pt\\\/tanque-flexivel-hermeticamente-selado-maciterneecolo-fr\\\/#breadcrumb\",\"itemListElement\":[{\"@type\":\"ListItem\",\"position\":1,\"name\":\"Accueil\",\"item\":\"https:\\\/\\\/blog.maciterneecolo.fr\\\/pt-pt\\\/\"},{\"@type\":\"ListItem\",\"position\":2,\"name\":\"Tanque flex\u00edvel hermeticamente selado MaCiterneEcolo.fr\"}]},{\"@type\":\"WebSite\",\"@id\":\"https:\\\/\\\/blog.maciterneecolo.fr\\\/pt-pt\\\/#website\",\"url\":\"https:\\\/\\\/blog.maciterneecolo.fr\\\/pt-pt\\\/\",\"name\":\"Blog Ma Citerne Ecolo\",\"description\":\"Leader dans le domaine de la citerne souple d&#039;eau de pluie\",\"publisher\":{\"@id\":\"https:\\\/\\\/blog.maciterneecolo.fr\\\/pt-pt\\\/#organization\"},\"potentialAction\":[{\"@type\":\"SearchAction\",\"target\":{\"@type\":\"EntryPoint\",\"urlTemplate\":\"https:\\\/\\\/blog.maciterneecolo.fr\\\/pt-pt\\\/?s={search_term_string}\"},\"query-input\":{\"@type\":\"PropertyValueSpecification\",\"valueRequired\":true,\"valueName\":\"search_term_string\"}}],\"inLanguage\":\"pt-PT\"},{\"@type\":\"Organization\",\"@id\":\"https:\\\/\\\/blog.maciterneecolo.fr\\\/pt-pt\\\/#organization\",\"name\":\"Blog Ma Citerne Ecolo\",\"url\":\"https:\\\/\\\/blog.maciterneecolo.fr\\\/pt-pt\\\/\",\"logo\":{\"@type\":\"ImageObject\",\"inLanguage\":\"pt-PT\",\"@id\":\"https:\\\/\\\/blog.maciterneecolo.fr\\\/pt-pt\\\/#\\\/schema\\\/logo\\\/image\\\/\",\"url\":\"https:\\\/\\\/blog.maciterneecolo.fr\\\/wp-content\\\/uploads\\\/2022\\\/12\\\/cropped-favicon-blog.png\",\"contentUrl\":\"https:\\\/\\\/blog.maciterneecolo.fr\\\/wp-content\\\/uploads\\\/2022\\\/12\\\/cropped-favicon-blog.png\",\"width\":512,\"height\":512,\"caption\":\"Blog Ma Citerne Ecolo\"},\"image\":{\"@id\":\"https:\\\/\\\/blog.maciterneecolo.fr\\\/pt-pt\\\/#\\\/schema\\\/logo\\\/image\\\/\"}},{\"@type\":\"Person\",\"@id\":\"https:\\\/\\\/blog.maciterneecolo.fr\\\/pt-pt\\\/#\\\/schema\\\/person\\\/cfb93b191140c86292f0707edfd4b6fe\",\"name\":\"Lucile\",\"image\":{\"@type\":\"ImageObject\",\"inLanguage\":\"pt-PT\",\"@id\":\"https:\\\/\\\/secure.gravatar.com\\\/avatar\\\/3c571ab7761bcc142db76a63f33a2a5ebee8b76990a871c9329e3e6df7ae9f3c?s=96&d=mm&r=g\",\"url\":\"https:\\\/\\\/secure.gravatar.com\\\/avatar\\\/3c571ab7761bcc142db76a63f33a2a5ebee8b76990a871c9329e3e6df7ae9f3c?s=96&d=mm&r=g\",\"contentUrl\":\"https:\\\/\\\/secure.gravatar.com\\\/avatar\\\/3c571ab7761bcc142db76a63f33a2a5ebee8b76990a871c9329e3e6df7ae9f3c?s=96&d=mm&r=g\",\"caption\":\"Lucile\"},\"url\":\"https:\\\/\\\/blog.maciterneecolo.fr\\\/pt-pt\\\/author\\\/lucilewerkeyn\\\/\"}]}<\/script>\n<!-- \/ Yoast SEO plugin. -->","yoast_head_json":{"title":"Tanque flex\u00edvel hermeticamente selado MaCiterneEcolo.fr - Blog Ma Citerne Ecolo","description":"N\u00e3o desperdice o seu dinheiro em tanques flex\u00edveis de baixa qualidade! Aproveite agora o tanque macio hermeticamente selado.","robots":{"index":"index","follow":"follow","max-snippet":"max-snippet:-1","max-image-preview":"max-image-preview:large","max-video-preview":"max-video-preview:-1"},"canonical":"https:\/\/blog.maciterneecolo.fr\/pt-pt\/tanque-flexivel-hermeticamente-selado-maciterneecolo-fr\/","og_locale":"pt_PT","og_type":"article","og_title":"Tanque flex\u00edvel hermeticamente selado MaCiterneEcolo.fr - Blog Ma Citerne Ecolo","og_description":"N\u00e3o desperdice o seu dinheiro em tanques flex\u00edveis de baixa qualidade! Aproveite agora o tanque macio hermeticamente selado.","og_url":"https:\/\/blog.maciterneecolo.fr\/pt-pt\/tanque-flexivel-hermeticamente-selado-maciterneecolo-fr\/","og_site_name":"Blog Ma Citerne Ecolo","article_published_time":"2022-12-14T14:25:27+00:00","article_modified_time":"2023-01-10T14:20:51+00:00","og_image":[{"width":800,"height":800,"url":"https:\/\/blog.maciterneecolo.fr\/wp-content\/uploads\/2022\/12\/citerne-souple-14.jpeg","type":"image\/jpeg"}],"author":"Lucile","twitter_card":"summary_large_image","twitter_misc":{"Escrito por":"Lucile","Tempo estimado de leitura":"5 minutos"},"schema":{"@context":"https:\/\/schema.org","@graph":[{"@type":"Article","@id":"https:\/\/blog.maciterneecolo.fr\/pt-pt\/tanque-flexivel-hermeticamente-selado-maciterneecolo-fr\/#article","isPartOf":{"@id":"https:\/\/blog.maciterneecolo.fr\/pt-pt\/tanque-flexivel-hermeticamente-selado-maciterneecolo-fr\/"},"author":{"name":"Lucile","@id":"https:\/\/blog.maciterneecolo.fr\/pt-pt\/#\/schema\/person\/cfb93b191140c86292f0707edfd4b6fe"},"headline":"Tanque flex\u00edvel hermeticamente selado MaCiterneEcolo.fr","datePublished":"2022-12-14T14:25:27+00:00","dateModified":"2023-01-10T14:20:51+00:00","mainEntityOfPage":{"@id":"https:\/\/blog.maciterneecolo.fr\/pt-pt\/tanque-flexivel-hermeticamente-selado-maciterneecolo-fr\/"},"wordCount":920,"publisher":{"@id":"https:\/\/blog.maciterneecolo.fr\/pt-pt\/#organization"},"image":{"@id":"https:\/\/blog.maciterneecolo.fr\/pt-pt\/tanque-flexivel-hermeticamente-selado-maciterneecolo-fr\/#primaryimage"},"thumbnailUrl":"https:\/\/blog.maciterneecolo.fr\/wp-content\/uploads\/2022\/12\/citerne-souple-14.jpeg","keywords":["herm\u00e9tico","tanque flex\u00edvel"],"articleSection":["Tudo o que precisa de saber sobre o tanque flex\u00edvel"],"inLanguage":"pt-PT"},{"@type":"WebPage","@id":"https:\/\/blog.maciterneecolo.fr\/pt-pt\/tanque-flexivel-hermeticamente-selado-maciterneecolo-fr\/","url":"https:\/\/blog.maciterneecolo.fr\/pt-pt\/tanque-flexivel-hermeticamente-selado-maciterneecolo-fr\/","name":"Tanque flex\u00edvel hermeticamente selado MaCiterneEcolo.fr - Blog Ma Citerne Ecolo","isPartOf":{"@id":"https:\/\/blog.maciterneecolo.fr\/pt-pt\/#website"},"primaryImageOfPage":{"@id":"https:\/\/blog.maciterneecolo.fr\/pt-pt\/tanque-flexivel-hermeticamente-selado-maciterneecolo-fr\/#primaryimage"},"image":{"@id":"https:\/\/blog.maciterneecolo.fr\/pt-pt\/tanque-flexivel-hermeticamente-selado-maciterneecolo-fr\/#primaryimage"},"thumbnailUrl":"https:\/\/blog.maciterneecolo.fr\/wp-content\/uploads\/2022\/12\/citerne-souple-14.jpeg","datePublished":"2022-12-14T14:25:27+00:00","dateModified":"2023-01-10T14:20:51+00:00","description":"N\u00e3o desperdice o seu dinheiro em tanques flex\u00edveis de baixa qualidade! Aproveite agora o tanque macio hermeticamente selado.","breadcrumb":{"@id":"https:\/\/blog.maciterneecolo.fr\/pt-pt\/tanque-flexivel-hermeticamente-selado-maciterneecolo-fr\/#breadcrumb"},"inLanguage":"pt-PT","potentialAction":[{"@type":"ReadAction","target":["https:\/\/blog.maciterneecolo.fr\/pt-pt\/tanque-flexivel-hermeticamente-selado-maciterneecolo-fr\/"]}]},{"@type":"ImageObject","inLanguage":"pt-PT","@id":"https:\/\/blog.maciterneecolo.fr\/pt-pt\/tanque-flexivel-hermeticamente-selado-maciterneecolo-fr\/#primaryimage","url":"https:\/\/blog.maciterneecolo.fr\/wp-content\/uploads\/2022\/12\/citerne-souple-14.jpeg","contentUrl":"https:\/\/blog.maciterneecolo.fr\/wp-content\/uploads\/2022\/12\/citerne-souple-14.jpeg","width":800,"height":800},{"@type":"BreadcrumbList","@id":"https:\/\/blog.maciterneecolo.fr\/pt-pt\/tanque-flexivel-hermeticamente-selado-maciterneecolo-fr\/#breadcrumb","itemListElement":[{"@type":"ListItem","position":1,"name":"Accueil","item":"https:\/\/blog.maciterneecolo.fr\/pt-pt\/"},{"@type":"ListItem","position":2,"name":"Tanque flex\u00edvel hermeticamente selado MaCiterneEcolo.fr"}]},{"@type":"WebSite","@id":"https:\/\/blog.maciterneecolo.fr\/pt-pt\/#website","url":"https:\/\/blog.maciterneecolo.fr\/pt-pt\/","name":"Blog Ma Citerne Ecolo","description":"Leader dans le domaine de la citerne souple d&#039;eau de pluie","publisher":{"@id":"https:\/\/blog.maciterneecolo.fr\/pt-pt\/#organization"},"potentialAction":[{"@type":"SearchAction","target":{"@type":"EntryPoint","urlTemplate":"https:\/\/blog.maciterneecolo.fr\/pt-pt\/?s={search_term_string}"},"query-input":{"@type":"PropertyValueSpecification","valueRequired":true,"valueName":"search_term_string"}}],"inLanguage":"pt-PT"},{"@type":"Organization","@id":"https:\/\/blog.maciterneecolo.fr\/pt-pt\/#organization","name":"Blog Ma Citerne Ecolo","url":"https:\/\/blog.maciterneecolo.fr\/pt-pt\/","logo":{"@type":"ImageObject","inLanguage":"pt-PT","@id":"https:\/\/blog.maciterneecolo.fr\/pt-pt\/#\/schema\/logo\/image\/","url":"https:\/\/blog.maciterneecolo.fr\/wp-content\/uploads\/2022\/12\/cropped-favicon-blog.png","contentUrl":"https:\/\/blog.maciterneecolo.fr\/wp-content\/uploads\/2022\/12\/cropped-favicon-blog.png","width":512,"height":512,"caption":"Blog Ma Citerne Ecolo"},"image":{"@id":"https:\/\/blog.maciterneecolo.fr\/pt-pt\/#\/schema\/logo\/image\/"}},{"@type":"Person","@id":"https:\/\/blog.maciterneecolo.fr\/pt-pt\/#\/schema\/person\/cfb93b191140c86292f0707edfd4b6fe","name":"Lucile","image":{"@type":"ImageObject","inLanguage":"pt-PT","@id":"https:\/\/secure.gravatar.com\/avatar\/3c571ab7761bcc142db76a63f33a2a5ebee8b76990a871c9329e3e6df7ae9f3c?s=96&d=mm&r=g","url":"https:\/\/secure.gravatar.com\/avatar\/3c571ab7761bcc142db76a63f33a2a5ebee8b76990a871c9329e3e6df7ae9f3c?s=96&d=mm&r=g","contentUrl":"https:\/\/secure.gravatar.com\/avatar\/3c571ab7761bcc142db76a63f33a2a5ebee8b76990a871c9329e3e6df7ae9f3c?s=96&d=mm&r=g","caption":"Lucile"},"url":"https:\/\/blog.maciterneecolo.fr\/pt-pt\/author\/lucilewerkeyn\/"}]}},"_links":{"self":[{"href":"https:\/\/blog.maciterneecolo.fr\/pt-pt\/wp-json\/wp\/v2\/posts\/1967","targetHints":{"allow":["GET"]}}],"collection":[{"href":"https:\/\/blog.maciterneecolo.fr\/pt-pt\/wp-json\/wp\/v2\/posts"}],"about":[{"href":"https:\/\/blog.maciterneecolo.fr\/pt-pt\/wp-json\/wp\/v2\/types\/post"}],"author":[{"embeddable":true,"href":"https:\/\/blog.maciterneecolo.fr\/pt-pt\/wp-json\/wp\/v2\/users\/2"}],"replies":[{"embeddable":true,"href":"https:\/\/blog.maciterneecolo.fr\/pt-pt\/wp-json\/wp\/v2\/comments?post=1967"}],"version-history":[{"count":1,"href":"https:\/\/blog.maciterneecolo.fr\/pt-pt\/wp-json\/wp\/v2\/posts\/1967\/revisions"}],"predecessor-version":[{"id":1968,"href":"https:\/\/blog.maciterneecolo.fr\/pt-pt\/wp-json\/wp\/v2\/posts\/1967\/revisions\/1968"}],"wp:featuredmedia":[{"embeddable":true,"href":"https:\/\/blog.maciterneecolo.fr\/pt-pt\/wp-json\/wp\/v2\/media\/847"}],"wp:attachment":[{"href":"https:\/\/blog.maciterneecolo.fr\/pt-pt\/wp-json\/wp\/v2\/media?parent=1967"}],"wp:term":[{"taxonomy":"category","embeddable":true,"href":"https:\/\/blog.maciterneecolo.fr\/pt-pt\/wp-json\/wp\/v2\/categories?post=1967"},{"taxonomy":"post_tag","embeddable":true,"href":"https:\/\/blog.maciterneecolo.fr\/pt-pt\/wp-json\/wp\/v2\/tags?post=1967"}],"curies":[{"name":"wp","href":"https:\/\/api.w.org\/{rel}","templated":true}]}}