{"id":2342,"date":"2022-12-15T12:53:25","date_gmt":"2022-12-15T12:53:25","guid":{"rendered":"https:\/\/blog.maciterneecolo.fr\/reservatorio-flexivel-de-agua-da-chuva-a-favor-ou-contra-a-recolha-da-agua\/"},"modified":"2023-01-10T14:20:00","modified_gmt":"2023-01-10T14:20:00","slug":"reservatorio-flexivel-de-agua-da-chuva-a-favor-ou-contra-a-recolha-da-agua","status":"publish","type":"post","link":"https:\/\/blog.maciterneecolo.fr\/pt-pt\/reservatorio-flexivel-de-agua-da-chuva-a-favor-ou-contra-a-recolha-da-agua\/","title":{"rendered":"Reservat\u00f3rio flex\u00edvel de \u00e1gua da chuva: a favor ou contra a recolha da \u00e1gua?"},"content":{"rendered":"\n<p>Todos est\u00e3o conscientes do problema da \u00e1gua. Seja qual for o pa\u00eds, devem ser encontradas solu\u00e7\u00f5es para <strong>preservar a quantidade de \u00e1gua pot\u00e1vel dispon\u00edvel<\/strong>. Precisamos de \u00e1gua para beber, para lavar e para realizar todas as nossas actividades di\u00e1rias. Como resultado, estamos a ficar cada vez mais dependentes do <strong>fornecimento de \u00e1gua pot\u00e1vel <\/strong>a partir de po\u00e7os e nascentes. No entanto, esta elevada distribui\u00e7\u00e3o de volume di\u00e1rio pode ser evitada. De facto, uma solu\u00e7\u00e3o interessante consiste em <strong>recuperar a \u00e1gua da chuva<\/strong>, como \u00e9 o caso do nosso famoso <strong>tanque flex\u00edvel de \u00e1gua da chuva com colector de caleira e tubo de sa\u00edda de \u00e1gua a um pre\u00e7o baixo<\/strong>. Ent\u00e3o, a favor ou contra esta escolha de estilo de vida gra\u00e7as \u00e0 instala\u00e7\u00e3o de um tanque de recupera\u00e7\u00e3o?<\/p>\n\n<h2 class=\"wp-block-heading\" id=\"ybc_heading_h2_1\"><strong>O problema da \u00e1gua<\/strong><\/h2>\n\n<p>O problema da \u00e1gua! E voc\u00ea, \u00e9 a favor ou contra a escolha de <strong>recolher a \u00e1gua da chuva e armazen\u00e1-la num tanque de recupera\u00e7\u00e3o espec\u00edfico<\/strong>? Tem de admitir que os barris de chuva s\u00e3o um conceito inteligente, uma vez que pode ent\u00e3o utilizar a \u00e1gua da chuva recolhida para o seu jardim e casa! N\u00e3o h\u00e1 d\u00favida de que <strong>a \u00e1gua \u00e9 um elemento vital para a vida na Terra<\/strong>. Precisamos dele principalmente para a hidrata\u00e7\u00e3o, mas n\u00e3o s\u00f3. H\u00e1 outras coisas que podemos fazer com \u00e1gua corrente que podemos substituir por<strong>\u00e1gua da chuva de um tanque de recolha auto-sustent\u00e1vel por uma sa\u00edda de \u00e1gua<\/strong>. As pessoas est\u00e3o cada vez mais conscientes dos problemas associados com a <strong>escassez de \u00e1gua corrente<\/strong>. E as suas prioridades mudaram.<\/p>\n\n<p>Cada vez mais agregados familiares amigos do ambiente e que poupam dinheiro est\u00e3o a utilizar um sistema de recolha de \u00e1gua atrav\u00e9s da compra de um <strong>tanque flex\u00edvel feito de pl\u00e1stico reciclado <\/strong>com um or\u00e7amento gratuito.<\/p>\n\n<h2 class=\"wp-block-heading\" id=\"ybc_heading_h2_2\"><strong>Utiliza\u00e7\u00e3o da \u00e1gua da chuva<\/strong><\/h2>\n\n<p>A <strong>\u00e1gua da chuva<\/strong> pode ser utilizada numa casa? Esta \u00e9 uma quest\u00e3o que divide muitas fam\u00edlias. Algumas pessoas consideram que esta \u00e1gua \u00e9 impura e n\u00e3o deve ser utilizada para a limpeza, lavagem de roupa ou outros fins, enquanto outras pensam que \u00e9 limpa e que deve ser recolhida e utilizada para fins dom\u00e9sticos. As<strong> vantagens da recolha da \u00e1gua da chuva<\/strong> s\u00e3o que pode adicionar acess\u00f3rios ao seu <strong>tanque de <a href=\"https:\/\/www.maciterneecolo.fr\/fr\/\">recolha da \u00e1gua da chuva<\/a><\/strong>, tais como um colector de filtro de caleira de telhado para conseguir uma melhor qualidade da \u00e1gua. Existem tamb\u00e9m <strong>sistemas de filtra\u00e7\u00e3o <\/strong>tais como osmose, filtros cer\u00e2micos, filtros de carv\u00e3o activado ou l\u00e2mpadas UV que podem osmosear, purificar ou desinfectar a \u00e1gua da chuva, dependendo da sua fun\u00e7\u00e3o.<\/p>\n\n<p>Mas ent\u00e3o, para al\u00e9m do facto de<strong>a \u00e1gua da chuva<\/strong> estar sujeita a regulamentos muito rigorosos, quem est\u00e1 certo e quem est\u00e1 errado?<\/p>\n\n<h2 class=\"wp-block-heading\" id=\"ybc_heading_h2_3\"><strong>Instala\u00e7\u00e3o do nosso tanque de recolha da \u00e1gua da chuva<\/strong><\/h2>\n\n<p>Para tirar <strong>o m\u00e1ximo proveito do seu tanque<\/strong>, basta fix\u00e1-lo \u00e0 altura que deseja que ele atinja. Os nossos produtos <strong>flex\u00edveis para tanques de \u00e1gua da chuva<\/strong> s\u00e3o muito pr\u00e1ticos de instalar porque pode coloc\u00e1-los na superf\u00edcie do <strong>solo do seu espa\u00e7o de rastejamento<\/strong> ou jardim, mas tamb\u00e9m organiz\u00e1-los <strong>em modo semi-enterrado<\/strong>. Oferecemos-lhe um modelo de tanque com muitas vantagens, incluindo a praticidade de instala\u00e7\u00e3o e a<strong> simplicidade de utiliza\u00e7\u00e3o!<\/strong> Poder\u00e1 come\u00e7ar a poupar \u00e1gua na sua rede o mais rapidamente poss\u00edvel.<\/p>\n\n<p>Se a sua terra tiver demasiados elementos perfurantes (superf\u00edcie no solo do seu jardim ou no ch\u00e3o da sua fossa s\u00e9ptica), recomenda-se a fixa\u00e7\u00e3o de um <strong>tecido geot\u00eaxtil<\/strong> ou de um<strong> canteiro de areia<\/strong> para que a sua fossa flex\u00edvel n\u00e3o entre em contacto com pedras ou outros objectos. Al\u00e9m disso, pode adicionar um <strong>colector de filtro de caleira<\/strong> que lhe permitir\u00e1 recolher tanta<strong>\u00e1gua da chuva<\/strong> quanto poss\u00edvel<strong>do seu telhado<\/strong>.<\/p>\n\n<h2 class=\"wp-block-heading\" id=\"ybc_heading_h2_4\"><strong>Torne-se verde com o nosso tanque!<\/strong><\/h2>\n\n<p>Se ainda n\u00e3o tiver um dos nossos <strong>tanques flex\u00edveis<\/strong>, aconselhamo-lo a fazer uma encomenda o mais rapidamente poss\u00edvel. Esta solu\u00e7\u00e3o ecol\u00f3gica est\u00e1 em ascens\u00e3o e \u00e9 o momento certo para optar por este tipo de <strong>tanque auto-sustent\u00e1vel <\/strong>(estimativas gratuitas). De facto, a \u00e1gua da chuva \u00e9 um recurso renov\u00e1vel, livre e limpo. Al\u00e9m disso, pode ser utilizado para fins dom\u00e9sticos ou agr\u00edcolas. Gra\u00e7as \u00e0 sua facilidade de instala\u00e7\u00e3o, o nosso<strong> <a href=\"https:\/\/www.maciterneecolo.fr\/fr\/3-citernes-souples-recuperation-eau-de-pluie\">tanque de recolha da \u00e1gua da chuva<\/a><\/strong> dispon\u00edveis na altura, comprimento e largura da sua escolha podem ser utilizados em qualquer casa ou empresa.<\/p>\n\n<p>\u00c9 por isso que recomendamos que compre agora o nosso tanque para come\u00e7ar a <strong>poupar dinheiro<\/strong>. Hoje em dia, a maioria das pessoas tem contadores de \u00e1gua que lhes permitem saber exactamente quanto consomem em cada m\u00eas. Isto encoraja-os a serem mais amigos do ambiente e a implementar estrat\u00e9gias para <strong>reduzir o seu consumo de \u00e1gua da torneira com um dispositivo como um tanque de recolha e reten\u00e7\u00e3o de \u00e1gua auto-sustent\u00e1vel<\/strong>. Se j\u00e1 tem uma <strong>cisterna flex\u00edvel com um<\/strong> <strong>colector de caleira<\/strong> para <strong>recolher a \u00e1gua da chuva<\/strong>, sabe como pode ser \u00fatil. Mas se n\u00e3o tiver um, eis algumas raz\u00f5es pelas quais poder\u00e1 gostar de ter um dos <strong>tanques macios de baixo custo com colector <\/strong>que oferecemos:<\/p>\n\n<ul class=\"wp-block-list\">\n<li>Reserva de defesa contra inc\u00eandios<\/li>\n\n\n\n<li>Rega de plantas e flores verdes no jardim<\/li>\n\n\n\n<li>Enchimento de aqu\u00e1rios e lagoas<\/li>\n\n\n\n<li>Lavagem do seu carro ou ve\u00edculo de 2 rodas<\/li>\n\n\n\n<li>Irriga\u00e7\u00e3o de legumes na horta<\/li>\n\n\n\n<li>Cisterna Sanit\u00e1ria<\/li>\n\n\n\n<li>Alimenta\u00e7\u00e3o da m\u00e1quina de lavar roupa<\/li>\n<\/ul>\n\n<p>Compreendeu agora a import\u00e2ncia ecol\u00f3gica e econ\u00f3mica de armazenar a \u00e1gua da chuva num <strong>tanque flex\u00edvel <\/strong>dedicado a esta recupera\u00e7\u00e3o!<\/p>\n\n<p><strong>Or\u00e7amentos gratuitos<\/strong> para todos os nossos produtos de tanques flex\u00edveis para os quais a capacidade que procura n\u00e3o est\u00e1 dispon\u00edvel na nossa <strong>loja online<\/strong>.  <strong>Entrega gratuita dos nossos tanques independentes<\/strong> em toda a <strong>Fran\u00e7a<\/strong>.  <strong>Devolu\u00e7\u00f5es gratuitas<\/strong> em caso de problemas com o tanque de recupera\u00e7\u00e3o adquirido ou qualquer um dos seus acess\u00f3rios.<\/p>\n","protected":false},"excerpt":{"rendered":"<p>Todos est\u00e3o conscientes do problema da \u00e1gua. Seja qual for o pa\u00eds, devem ser encontradas solu\u00e7\u00f5es para preservar a quantidade de \u00e1gua pot\u00e1vel dispon\u00edvel. Precisamos de \u00e1gua para beber, para lavar e para realizar todas as nossas actividades di\u00e1rias. Como resultado, estamos a ficar cada vez mais dependentes do fornecimento de \u00e1gua pot\u00e1vel a partir [&hellip;]<\/p>\n","protected":false},"author":2,"featured_media":1037,"comment_status":"closed","ping_status":"closed","sticky":false,"template":"","format":"standard","meta":{"inline_featured_image":false,"footnotes":""},"categories":[387],"tags":[67,591,66],"class_list":["post-2342","post","type-post","status-publish","format-standard","has-post-thumbnail","hentry","category-tudo-o-que-precisa-de-saber-sobre-o-tanque-flexivel","tag-agua-da-chuva","tag-recuperacao","tag-tanque-flexivel"],"yoast_head":"<!-- This site is optimized with the Yoast SEO plugin v27.5 - https:\/\/yoast.com\/product\/yoast-seo-wordpress\/ -->\n<title>A favor ou contra a colheita da \u00e1gua da chuva?<\/title>\n<meta name=\"description\" content=\"Os tanques flex\u00edveis s\u00e3o f\u00e1ceis de instalar e utilizar, e poupam \u00e1gua. Ent\u00e3o, porqu\u00ea esperar?\" \/>\n<meta name=\"robots\" content=\"index, follow, max-snippet:-1, max-image-preview:large, max-video-preview:-1\" \/>\n<link rel=\"canonical\" href=\"https:\/\/blog.maciterneecolo.fr\/pt-pt\/reservatorio-flexivel-de-agua-da-chuva-a-favor-ou-contra-a-recolha-da-agua\/\" \/>\n<meta property=\"og:locale\" content=\"pt_PT\" \/>\n<meta property=\"og:type\" content=\"article\" \/>\n<meta property=\"og:title\" content=\"A favor ou contra a colheita da \u00e1gua da chuva?\" \/>\n<meta property=\"og:description\" content=\"Os tanques flex\u00edveis s\u00e3o f\u00e1ceis de instalar e utilizar, e poupam \u00e1gua. Ent\u00e3o, porqu\u00ea esperar?\" \/>\n<meta property=\"og:url\" content=\"https:\/\/blog.maciterneecolo.fr\/pt-pt\/reservatorio-flexivel-de-agua-da-chuva-a-favor-ou-contra-a-recolha-da-agua\/\" \/>\n<meta property=\"og:site_name\" content=\"Blog Ma Citerne Ecolo\" \/>\n<meta property=\"article:published_time\" content=\"2022-12-15T12:53:25+00:00\" \/>\n<meta property=\"article:modified_time\" content=\"2023-01-10T14:20:00+00:00\" \/>\n<meta property=\"og:image\" content=\"https:\/\/blog.maciterneecolo.fr\/wp-content\/uploads\/2022\/12\/recuperation-eau-de-pluie-1.jpeg\" \/>\n\t<meta property=\"og:image:width\" content=\"612\" \/>\n\t<meta property=\"og:image:height\" content=\"407\" \/>\n\t<meta property=\"og:image:type\" content=\"image\/jpeg\" \/>\n<meta name=\"author\" content=\"Lucile\" \/>\n<meta name=\"twitter:card\" content=\"summary_large_image\" \/>\n<meta name=\"twitter:label1\" content=\"Escrito por\" \/>\n\t<meta name=\"twitter:data1\" content=\"Lucile\" \/>\n\t<meta name=\"twitter:label2\" content=\"Tempo estimado de leitura\" \/>\n\t<meta name=\"twitter:data2\" content=\"5 minutos\" \/>\n<script type=\"application\/ld+json\" class=\"yoast-schema-graph\">{\"@context\":\"https:\\\/\\\/schema.org\",\"@graph\":[{\"@type\":\"Article\",\"@id\":\"https:\\\/\\\/blog.maciterneecolo.fr\\\/pt-pt\\\/reservatorio-flexivel-de-agua-da-chuva-a-favor-ou-contra-a-recolha-da-agua\\\/#article\",\"isPartOf\":{\"@id\":\"https:\\\/\\\/blog.maciterneecolo.fr\\\/pt-pt\\\/reservatorio-flexivel-de-agua-da-chuva-a-favor-ou-contra-a-recolha-da-agua\\\/\"},\"author\":{\"name\":\"Lucile\",\"@id\":\"https:\\\/\\\/blog.maciterneecolo.fr\\\/pt-pt\\\/#\\\/schema\\\/person\\\/cfb93b191140c86292f0707edfd4b6fe\"},\"headline\":\"Reservat\u00f3rio flex\u00edvel de \u00e1gua da chuva: a favor ou contra a recolha da \u00e1gua?\",\"datePublished\":\"2022-12-15T12:53:25+00:00\",\"dateModified\":\"2023-01-10T14:20:00+00:00\",\"mainEntityOfPage\":{\"@id\":\"https:\\\/\\\/blog.maciterneecolo.fr\\\/pt-pt\\\/reservatorio-flexivel-de-agua-da-chuva-a-favor-ou-contra-a-recolha-da-agua\\\/\"},\"wordCount\":1061,\"publisher\":{\"@id\":\"https:\\\/\\\/blog.maciterneecolo.fr\\\/pt-pt\\\/#organization\"},\"image\":{\"@id\":\"https:\\\/\\\/blog.maciterneecolo.fr\\\/pt-pt\\\/reservatorio-flexivel-de-agua-da-chuva-a-favor-ou-contra-a-recolha-da-agua\\\/#primaryimage\"},\"thumbnailUrl\":\"https:\\\/\\\/blog.maciterneecolo.fr\\\/wp-content\\\/uploads\\\/2022\\\/12\\\/recuperation-eau-de-pluie-1.jpeg\",\"keywords\":[\"\u00e1gua da chuva\",\"recupera\u00e7\u00e3o\",\"tanque flex\u00edvel\"],\"articleSection\":[\"Tudo o que precisa de saber sobre o tanque flex\u00edvel\"],\"inLanguage\":\"pt-PT\"},{\"@type\":\"WebPage\",\"@id\":\"https:\\\/\\\/blog.maciterneecolo.fr\\\/pt-pt\\\/reservatorio-flexivel-de-agua-da-chuva-a-favor-ou-contra-a-recolha-da-agua\\\/\",\"url\":\"https:\\\/\\\/blog.maciterneecolo.fr\\\/pt-pt\\\/reservatorio-flexivel-de-agua-da-chuva-a-favor-ou-contra-a-recolha-da-agua\\\/\",\"name\":\"A favor ou contra a colheita da \u00e1gua da chuva?\",\"isPartOf\":{\"@id\":\"https:\\\/\\\/blog.maciterneecolo.fr\\\/pt-pt\\\/#website\"},\"primaryImageOfPage\":{\"@id\":\"https:\\\/\\\/blog.maciterneecolo.fr\\\/pt-pt\\\/reservatorio-flexivel-de-agua-da-chuva-a-favor-ou-contra-a-recolha-da-agua\\\/#primaryimage\"},\"image\":{\"@id\":\"https:\\\/\\\/blog.maciterneecolo.fr\\\/pt-pt\\\/reservatorio-flexivel-de-agua-da-chuva-a-favor-ou-contra-a-recolha-da-agua\\\/#primaryimage\"},\"thumbnailUrl\":\"https:\\\/\\\/blog.maciterneecolo.fr\\\/wp-content\\\/uploads\\\/2022\\\/12\\\/recuperation-eau-de-pluie-1.jpeg\",\"datePublished\":\"2022-12-15T12:53:25+00:00\",\"dateModified\":\"2023-01-10T14:20:00+00:00\",\"description\":\"Os tanques flex\u00edveis s\u00e3o f\u00e1ceis de instalar e utilizar, e poupam \u00e1gua. Ent\u00e3o, porqu\u00ea esperar?\",\"breadcrumb\":{\"@id\":\"https:\\\/\\\/blog.maciterneecolo.fr\\\/pt-pt\\\/reservatorio-flexivel-de-agua-da-chuva-a-favor-ou-contra-a-recolha-da-agua\\\/#breadcrumb\"},\"inLanguage\":\"pt-PT\",\"potentialAction\":[{\"@type\":\"ReadAction\",\"target\":[\"https:\\\/\\\/blog.maciterneecolo.fr\\\/pt-pt\\\/reservatorio-flexivel-de-agua-da-chuva-a-favor-ou-contra-a-recolha-da-agua\\\/\"]}]},{\"@type\":\"ImageObject\",\"inLanguage\":\"pt-PT\",\"@id\":\"https:\\\/\\\/blog.maciterneecolo.fr\\\/pt-pt\\\/reservatorio-flexivel-de-agua-da-chuva-a-favor-ou-contra-a-recolha-da-agua\\\/#primaryimage\",\"url\":\"https:\\\/\\\/blog.maciterneecolo.fr\\\/wp-content\\\/uploads\\\/2022\\\/12\\\/recuperation-eau-de-pluie-1.jpeg\",\"contentUrl\":\"https:\\\/\\\/blog.maciterneecolo.fr\\\/wp-content\\\/uploads\\\/2022\\\/12\\\/recuperation-eau-de-pluie-1.jpeg\",\"width\":612,\"height\":407,\"caption\":\"Rain barrel being filled with water from gutters during rain storm.\"},{\"@type\":\"BreadcrumbList\",\"@id\":\"https:\\\/\\\/blog.maciterneecolo.fr\\\/pt-pt\\\/reservatorio-flexivel-de-agua-da-chuva-a-favor-ou-contra-a-recolha-da-agua\\\/#breadcrumb\",\"itemListElement\":[{\"@type\":\"ListItem\",\"position\":1,\"name\":\"Accueil\",\"item\":\"https:\\\/\\\/blog.maciterneecolo.fr\\\/pt-pt\\\/\"},{\"@type\":\"ListItem\",\"position\":2,\"name\":\"Reservat\u00f3rio flex\u00edvel de \u00e1gua da chuva: a favor ou contra a recolha da \u00e1gua?\"}]},{\"@type\":\"WebSite\",\"@id\":\"https:\\\/\\\/blog.maciterneecolo.fr\\\/pt-pt\\\/#website\",\"url\":\"https:\\\/\\\/blog.maciterneecolo.fr\\\/pt-pt\\\/\",\"name\":\"Blog Ma Citerne Ecolo\",\"description\":\"Leader dans le domaine de la citerne souple d&#039;eau de pluie\",\"publisher\":{\"@id\":\"https:\\\/\\\/blog.maciterneecolo.fr\\\/pt-pt\\\/#organization\"},\"potentialAction\":[{\"@type\":\"SearchAction\",\"target\":{\"@type\":\"EntryPoint\",\"urlTemplate\":\"https:\\\/\\\/blog.maciterneecolo.fr\\\/pt-pt\\\/?s={search_term_string}\"},\"query-input\":{\"@type\":\"PropertyValueSpecification\",\"valueRequired\":true,\"valueName\":\"search_term_string\"}}],\"inLanguage\":\"pt-PT\"},{\"@type\":\"Organization\",\"@id\":\"https:\\\/\\\/blog.maciterneecolo.fr\\\/pt-pt\\\/#organization\",\"name\":\"Blog Ma Citerne Ecolo\",\"url\":\"https:\\\/\\\/blog.maciterneecolo.fr\\\/pt-pt\\\/\",\"logo\":{\"@type\":\"ImageObject\",\"inLanguage\":\"pt-PT\",\"@id\":\"https:\\\/\\\/blog.maciterneecolo.fr\\\/pt-pt\\\/#\\\/schema\\\/logo\\\/image\\\/\",\"url\":\"https:\\\/\\\/blog.maciterneecolo.fr\\\/wp-content\\\/uploads\\\/2022\\\/12\\\/cropped-favicon-blog.png\",\"contentUrl\":\"https:\\\/\\\/blog.maciterneecolo.fr\\\/wp-content\\\/uploads\\\/2022\\\/12\\\/cropped-favicon-blog.png\",\"width\":512,\"height\":512,\"caption\":\"Blog Ma Citerne Ecolo\"},\"image\":{\"@id\":\"https:\\\/\\\/blog.maciterneecolo.fr\\\/pt-pt\\\/#\\\/schema\\\/logo\\\/image\\\/\"}},{\"@type\":\"Person\",\"@id\":\"https:\\\/\\\/blog.maciterneecolo.fr\\\/pt-pt\\\/#\\\/schema\\\/person\\\/cfb93b191140c86292f0707edfd4b6fe\",\"name\":\"Lucile\",\"image\":{\"@type\":\"ImageObject\",\"inLanguage\":\"pt-PT\",\"@id\":\"https:\\\/\\\/secure.gravatar.com\\\/avatar\\\/3c571ab7761bcc142db76a63f33a2a5ebee8b76990a871c9329e3e6df7ae9f3c?s=96&d=mm&r=g\",\"url\":\"https:\\\/\\\/secure.gravatar.com\\\/avatar\\\/3c571ab7761bcc142db76a63f33a2a5ebee8b76990a871c9329e3e6df7ae9f3c?s=96&d=mm&r=g\",\"contentUrl\":\"https:\\\/\\\/secure.gravatar.com\\\/avatar\\\/3c571ab7761bcc142db76a63f33a2a5ebee8b76990a871c9329e3e6df7ae9f3c?s=96&d=mm&r=g\",\"caption\":\"Lucile\"},\"url\":\"https:\\\/\\\/blog.maciterneecolo.fr\\\/pt-pt\\\/author\\\/lucilewerkeyn\\\/\"}]}<\/script>\n<!-- \/ Yoast SEO plugin. -->","yoast_head_json":{"title":"A favor ou contra a colheita da \u00e1gua da chuva?","description":"Os tanques flex\u00edveis s\u00e3o f\u00e1ceis de instalar e utilizar, e poupam \u00e1gua. Ent\u00e3o, porqu\u00ea esperar?","robots":{"index":"index","follow":"follow","max-snippet":"max-snippet:-1","max-image-preview":"max-image-preview:large","max-video-preview":"max-video-preview:-1"},"canonical":"https:\/\/blog.maciterneecolo.fr\/pt-pt\/reservatorio-flexivel-de-agua-da-chuva-a-favor-ou-contra-a-recolha-da-agua\/","og_locale":"pt_PT","og_type":"article","og_title":"A favor ou contra a colheita da \u00e1gua da chuva?","og_description":"Os tanques flex\u00edveis s\u00e3o f\u00e1ceis de instalar e utilizar, e poupam \u00e1gua. Ent\u00e3o, porqu\u00ea esperar?","og_url":"https:\/\/blog.maciterneecolo.fr\/pt-pt\/reservatorio-flexivel-de-agua-da-chuva-a-favor-ou-contra-a-recolha-da-agua\/","og_site_name":"Blog Ma Citerne Ecolo","article_published_time":"2022-12-15T12:53:25+00:00","article_modified_time":"2023-01-10T14:20:00+00:00","og_image":[{"width":612,"height":407,"url":"https:\/\/blog.maciterneecolo.fr\/wp-content\/uploads\/2022\/12\/recuperation-eau-de-pluie-1.jpeg","type":"image\/jpeg"}],"author":"Lucile","twitter_card":"summary_large_image","twitter_misc":{"Escrito por":"Lucile","Tempo estimado de leitura":"5 minutos"},"schema":{"@context":"https:\/\/schema.org","@graph":[{"@type":"Article","@id":"https:\/\/blog.maciterneecolo.fr\/pt-pt\/reservatorio-flexivel-de-agua-da-chuva-a-favor-ou-contra-a-recolha-da-agua\/#article","isPartOf":{"@id":"https:\/\/blog.maciterneecolo.fr\/pt-pt\/reservatorio-flexivel-de-agua-da-chuva-a-favor-ou-contra-a-recolha-da-agua\/"},"author":{"name":"Lucile","@id":"https:\/\/blog.maciterneecolo.fr\/pt-pt\/#\/schema\/person\/cfb93b191140c86292f0707edfd4b6fe"},"headline":"Reservat\u00f3rio flex\u00edvel de \u00e1gua da chuva: a favor ou contra a recolha da \u00e1gua?","datePublished":"2022-12-15T12:53:25+00:00","dateModified":"2023-01-10T14:20:00+00:00","mainEntityOfPage":{"@id":"https:\/\/blog.maciterneecolo.fr\/pt-pt\/reservatorio-flexivel-de-agua-da-chuva-a-favor-ou-contra-a-recolha-da-agua\/"},"wordCount":1061,"publisher":{"@id":"https:\/\/blog.maciterneecolo.fr\/pt-pt\/#organization"},"image":{"@id":"https:\/\/blog.maciterneecolo.fr\/pt-pt\/reservatorio-flexivel-de-agua-da-chuva-a-favor-ou-contra-a-recolha-da-agua\/#primaryimage"},"thumbnailUrl":"https:\/\/blog.maciterneecolo.fr\/wp-content\/uploads\/2022\/12\/recuperation-eau-de-pluie-1.jpeg","keywords":["\u00e1gua da chuva","recupera\u00e7\u00e3o","tanque flex\u00edvel"],"articleSection":["Tudo o que precisa de saber sobre o tanque flex\u00edvel"],"inLanguage":"pt-PT"},{"@type":"WebPage","@id":"https:\/\/blog.maciterneecolo.fr\/pt-pt\/reservatorio-flexivel-de-agua-da-chuva-a-favor-ou-contra-a-recolha-da-agua\/","url":"https:\/\/blog.maciterneecolo.fr\/pt-pt\/reservatorio-flexivel-de-agua-da-chuva-a-favor-ou-contra-a-recolha-da-agua\/","name":"A favor ou contra a colheita da \u00e1gua da chuva?","isPartOf":{"@id":"https:\/\/blog.maciterneecolo.fr\/pt-pt\/#website"},"primaryImageOfPage":{"@id":"https:\/\/blog.maciterneecolo.fr\/pt-pt\/reservatorio-flexivel-de-agua-da-chuva-a-favor-ou-contra-a-recolha-da-agua\/#primaryimage"},"image":{"@id":"https:\/\/blog.maciterneecolo.fr\/pt-pt\/reservatorio-flexivel-de-agua-da-chuva-a-favor-ou-contra-a-recolha-da-agua\/#primaryimage"},"thumbnailUrl":"https:\/\/blog.maciterneecolo.fr\/wp-content\/uploads\/2022\/12\/recuperation-eau-de-pluie-1.jpeg","datePublished":"2022-12-15T12:53:25+00:00","dateModified":"2023-01-10T14:20:00+00:00","description":"Os tanques flex\u00edveis s\u00e3o f\u00e1ceis de instalar e utilizar, e poupam \u00e1gua. Ent\u00e3o, porqu\u00ea esperar?","breadcrumb":{"@id":"https:\/\/blog.maciterneecolo.fr\/pt-pt\/reservatorio-flexivel-de-agua-da-chuva-a-favor-ou-contra-a-recolha-da-agua\/#breadcrumb"},"inLanguage":"pt-PT","potentialAction":[{"@type":"ReadAction","target":["https:\/\/blog.maciterneecolo.fr\/pt-pt\/reservatorio-flexivel-de-agua-da-chuva-a-favor-ou-contra-a-recolha-da-agua\/"]}]},{"@type":"ImageObject","inLanguage":"pt-PT","@id":"https:\/\/blog.maciterneecolo.fr\/pt-pt\/reservatorio-flexivel-de-agua-da-chuva-a-favor-ou-contra-a-recolha-da-agua\/#primaryimage","url":"https:\/\/blog.maciterneecolo.fr\/wp-content\/uploads\/2022\/12\/recuperation-eau-de-pluie-1.jpeg","contentUrl":"https:\/\/blog.maciterneecolo.fr\/wp-content\/uploads\/2022\/12\/recuperation-eau-de-pluie-1.jpeg","width":612,"height":407,"caption":"Rain barrel being filled with water from gutters during rain storm."},{"@type":"BreadcrumbList","@id":"https:\/\/blog.maciterneecolo.fr\/pt-pt\/reservatorio-flexivel-de-agua-da-chuva-a-favor-ou-contra-a-recolha-da-agua\/#breadcrumb","itemListElement":[{"@type":"ListItem","position":1,"name":"Accueil","item":"https:\/\/blog.maciterneecolo.fr\/pt-pt\/"},{"@type":"ListItem","position":2,"name":"Reservat\u00f3rio flex\u00edvel de \u00e1gua da chuva: a favor ou contra a recolha da \u00e1gua?"}]},{"@type":"WebSite","@id":"https:\/\/blog.maciterneecolo.fr\/pt-pt\/#website","url":"https:\/\/blog.maciterneecolo.fr\/pt-pt\/","name":"Blog Ma Citerne Ecolo","description":"Leader dans le domaine de la citerne souple d&#039;eau de pluie","publisher":{"@id":"https:\/\/blog.maciterneecolo.fr\/pt-pt\/#organization"},"potentialAction":[{"@type":"SearchAction","target":{"@type":"EntryPoint","urlTemplate":"https:\/\/blog.maciterneecolo.fr\/pt-pt\/?s={search_term_string}"},"query-input":{"@type":"PropertyValueSpecification","valueRequired":true,"valueName":"search_term_string"}}],"inLanguage":"pt-PT"},{"@type":"Organization","@id":"https:\/\/blog.maciterneecolo.fr\/pt-pt\/#organization","name":"Blog Ma Citerne Ecolo","url":"https:\/\/blog.maciterneecolo.fr\/pt-pt\/","logo":{"@type":"ImageObject","inLanguage":"pt-PT","@id":"https:\/\/blog.maciterneecolo.fr\/pt-pt\/#\/schema\/logo\/image\/","url":"https:\/\/blog.maciterneecolo.fr\/wp-content\/uploads\/2022\/12\/cropped-favicon-blog.png","contentUrl":"https:\/\/blog.maciterneecolo.fr\/wp-content\/uploads\/2022\/12\/cropped-favicon-blog.png","width":512,"height":512,"caption":"Blog Ma Citerne Ecolo"},"image":{"@id":"https:\/\/blog.maciterneecolo.fr\/pt-pt\/#\/schema\/logo\/image\/"}},{"@type":"Person","@id":"https:\/\/blog.maciterneecolo.fr\/pt-pt\/#\/schema\/person\/cfb93b191140c86292f0707edfd4b6fe","name":"Lucile","image":{"@type":"ImageObject","inLanguage":"pt-PT","@id":"https:\/\/secure.gravatar.com\/avatar\/3c571ab7761bcc142db76a63f33a2a5ebee8b76990a871c9329e3e6df7ae9f3c?s=96&d=mm&r=g","url":"https:\/\/secure.gravatar.com\/avatar\/3c571ab7761bcc142db76a63f33a2a5ebee8b76990a871c9329e3e6df7ae9f3c?s=96&d=mm&r=g","contentUrl":"https:\/\/secure.gravatar.com\/avatar\/3c571ab7761bcc142db76a63f33a2a5ebee8b76990a871c9329e3e6df7ae9f3c?s=96&d=mm&r=g","caption":"Lucile"},"url":"https:\/\/blog.maciterneecolo.fr\/pt-pt\/author\/lucilewerkeyn\/"}]}},"_links":{"self":[{"href":"https:\/\/blog.maciterneecolo.fr\/pt-pt\/wp-json\/wp\/v2\/posts\/2342","targetHints":{"allow":["GET"]}}],"collection":[{"href":"https:\/\/blog.maciterneecolo.fr\/pt-pt\/wp-json\/wp\/v2\/posts"}],"about":[{"href":"https:\/\/blog.maciterneecolo.fr\/pt-pt\/wp-json\/wp\/v2\/types\/post"}],"author":[{"embeddable":true,"href":"https:\/\/blog.maciterneecolo.fr\/pt-pt\/wp-json\/wp\/v2\/users\/2"}],"replies":[{"embeddable":true,"href":"https:\/\/blog.maciterneecolo.fr\/pt-pt\/wp-json\/wp\/v2\/comments?post=2342"}],"version-history":[{"count":1,"href":"https:\/\/blog.maciterneecolo.fr\/pt-pt\/wp-json\/wp\/v2\/posts\/2342\/revisions"}],"predecessor-version":[{"id":2345,"href":"https:\/\/blog.maciterneecolo.fr\/pt-pt\/wp-json\/wp\/v2\/posts\/2342\/revisions\/2345"}],"wp:featuredmedia":[{"embeddable":true,"href":"https:\/\/blog.maciterneecolo.fr\/pt-pt\/wp-json\/wp\/v2\/media\/1037"}],"wp:attachment":[{"href":"https:\/\/blog.maciterneecolo.fr\/pt-pt\/wp-json\/wp\/v2\/media?parent=2342"}],"wp:term":[{"taxonomy":"category","embeddable":true,"href":"https:\/\/blog.maciterneecolo.fr\/pt-pt\/wp-json\/wp\/v2\/categories?post=2342"},{"taxonomy":"post_tag","embeddable":true,"href":"https:\/\/blog.maciterneecolo.fr\/pt-pt\/wp-json\/wp\/v2\/tags?post=2342"}],"curies":[{"name":"wp","href":"https:\/\/api.w.org\/{rel}","templated":true}]}}