{"id":2722,"date":"2022-12-16T13:17:00","date_gmt":"2022-12-16T13:17:00","guid":{"rendered":"https:\/\/blog.maciterneecolo.fr\/tanque-de-agua-e-ecologia-em-pvc\/"},"modified":"2023-01-10T14:18:37","modified_gmt":"2023-01-10T14:18:37","slug":"tanque-de-agua-e-ecologia-em-pvc","status":"publish","type":"post","link":"https:\/\/blog.maciterneecolo.fr\/pt-pt\/tanque-de-agua-e-ecologia-em-pvc\/","title":{"rendered":"Tanque de \u00e1gua e ecologia em PVC"},"content":{"rendered":"\n<h2 class=\"wp-block-heading\" id=\"ybc_heading_h2_1\"><strong>Recolha de \u00e1gua da chuva PVC feito de pl\u00e1stico reciclado<\/strong><\/h2>\n\n<p>O nosso tanque flex\u00edvel, de volume completo e com <strong>desconto<\/strong> recolhe \u00e1gua facilmente do seu telhado. \u00c9 um sistema de recolha da \u00e1gua da chuva que \u00e9 simultaneamente econ\u00f3mico e ecol\u00f3gico. \u00c9 um sistema de armazenamento e transporte de litros de \u00e1gua da chuva que, de facto, poupa \u00e1gua, tempo e dinheiro. Al\u00e9m disso, a nossa gama de <strong>escumadores flex\u00edveis<\/strong> \u00e9 perfeita para os que t\u00eam consci\u00eancia ambiental! Depois a instala\u00e7\u00e3o do nosso tanque de \u00e1gua da chuva com filtro de caleira \u00e9 muito f\u00e1cil de instalar em qualquer ambiente. Para n\u00e3o mencionar que a nossa solu\u00e7\u00e3o de tanque de recupera\u00e7\u00e3o interior e exterior pode ser utilizada em qualquer lugar. Al\u00e9m disso, a utiliza\u00e7\u00e3o dos nossos <strong>tanques de \u00e1gua da chuva <\/strong>com bomba garante o <strong>armazenamento de \u00e1gua limpa e saud\u00e1vel<\/strong> para manuten\u00e7\u00e3o dom\u00e9stica, rega de plantas ou lavagem do seu carro sem desperdi\u00e7ar \u00e1gua da rede de \u00e1gua pot\u00e1vel.<\/p>\n\n<p><strong>A \u00e1gua da chuva<\/strong> \u00e9 incrivelmente limpa e de melhor qualidade do que a \u00e1gua da torneira porque n\u00e3o cont\u00e9m cloro nem fl\u00faor. A \u00e1gua da chuva tem um pH suave, por isso n\u00e3o \u00e9 \u00e1cida. Tem menos impurezas do que a<strong>\u00e1gua p\u00fablica<\/strong> e \u00e9 consideravelmente melhor para a sua sa\u00fade. Isto porque a \u00e1gua da chuva, na sua forma bruta antes de cair no solo ou no telhado, n\u00e3o cont\u00e9m quaisquer subst\u00e2ncias qu\u00edmicas ou patog\u00e9nicas.<\/p>\n\n<p>Al\u00e9m disso, pode utilizar o nosso <strong>tanque ecol\u00f3gico de recolha da \u00e1gua da chuva<\/strong> para recolher a \u00e1gua da chuva de um colector de filtro de caleira e de um sistema de filtra\u00e7\u00e3o adicional. H\u00e1 apenas vantagens no nosso sistema de recolha e tratamento de \u00e1guas pluviais. Antes de mais, pode <strong>poupar muitos litros de \u00e1gua pot\u00e1vel<\/strong> utilizando o nosso tanque de pl\u00e1stico reciclado de PVC para casa e jardim.<\/p>\n\n<h2 class=\"wp-block-heading\" id=\"ybc_heading_h2_2\"><a><\/a><strong>Porqu\u00ea instalar um tanque de \u00e1gua da chuva?<\/strong><\/h2>\n\n<p>Os produtos <a href=\"https:\/\/www.maciterneecolo.fr\/fr\/3-citernes-souples-recuperation-eau-de-pluie\">flex\u00edveis<\/a> de armazenamento de \u00e1gua da chuva asseguram um abastecimento de \u00e1gua limpa, saud\u00e1vel, fresca e de baixo custo. Al\u00e9m disso, estes <strong>tanques de recolha da \u00e1gua da chuva<\/strong> t\u00eam uma vida \u00fatil muito longa, uma vez que s\u00e3o resistentes aos raios UV e t\u00eam propriedades anti-f\u00fangicas. E finalmente, os nossos <strong>tanques de \u00e1gua da chuva \u00e0 prova de fugas<\/strong> s\u00e3o muito simples e r\u00e1pidos de instalar: basta fixar o tanque de \u00e1gua da chuva ao solo utilizando os parafusos refor\u00e7ados de a\u00e7o inoxid\u00e1vel. Tamb\u00e9m pode instalar o nosso tanque numa <strong>posi\u00e7\u00e3o semi-enterrada<\/strong> sob um terra\u00e7o, por exemplo. Os nossos recuperadores de pl\u00e1stico reciclado s\u00e3o garantidos contra defeitos nos materiais e na m\u00e3o-de-obra.<\/p>\n\n<h3 class=\"wp-block-heading\" id=\"ybc_heading_h3_3\"><a><\/a>Ecologia e produtos para a colheita da \u00e1gua da chuva para casa e jardim<\/h3>\n\n<p><strong>A ecologia<\/strong> \u00e9 uma filosofia que estuda a rela\u00e7\u00e3o entre os seres humanos e o ambiente natural em que vivem. Concentra-se na <strong>conserva\u00e7\u00e3o dos recursos naturais<\/strong>, no equil\u00edbrio dos ecossistemas e na protec\u00e7\u00e3o da vida selvagem. \u00c9 tamb\u00e9m uma quest\u00e3o de estudar a forma como o homem utiliza estes recursos em seu proveito, respeitando o ambiente. Este \u00e9 exactamente o princ\u00edpio do nosso tanque flex\u00edvel de <strong>recolha da \u00e1gua da chuva<\/strong>!<\/p>\n\n<p>Como vimos, a nossa <strong>cisterna de PVC<\/strong> flex\u00edvel permite-lhe recolher litros de \u00e1gua da chuva do seu telhado. \u00c9 feito de <strong>pl\u00e1stico macio 100% reciclado<\/strong> que \u00e9 muito dur\u00e1vel e f\u00e1cil de instalar para uso di\u00e1rio: rega de plantas, rega de canteiros e jardineiras, lavagem de carros, limpeza de janelas, etc.<\/p>\n\n<h3 class=\"wp-block-heading\" id=\"ybc_heading_h3_4\"><a><\/a>Poupan\u00e7as e produtos para a colheita da \u00e1gua da chuva em casa e no jardim<\/h3>\n\n<p>Os colectores de <strong>\u00e1gua da chuva em PVC<\/strong> s\u00e3o um investimento econ\u00f3mico e sustent\u00e1vel. Os nossos tanques permitem-lhe poupar a rede de \u00e1gua pot\u00e1vel utilizando a chuva por apenas algumas centenas de euros. O nosso sistema amigo do ambiente pode ser utilizado todos os dias para rega ou manuten\u00e7\u00e3o dom\u00e9stica.<\/p>\n\n<p>Cerca de 150 litros de \u00e1gua por dia por pessoa s\u00e3o desperdi\u00e7ados no uso superficial da \u00e1gua (lavagem do carro, rega do jardim, enchimento do aqu\u00e1rio, lavagem da roupa,  <strong>puxar o autoclismo<\/strong>(por exemplo, limpeza do terra\u00e7o, etc.). Com o nosso tanque de recupera\u00e7\u00e3o, pode poupar toda esta \u00e1gua m\u00eas ap\u00f3s m\u00eas.<\/p>\n\n<h3 class=\"wp-block-heading\" id=\"ybc_heading_h3_5\"><a><\/a>Conforto e produto desconto flex\u00edvel para \u00e1guas pluviais para casa e jardim<\/h3>\n\n<p>O nosso <strong><a href=\"https:\/\/www.maciterneecolo.fr\/fr\/\">sistema de recolha de \u00e1gua da chuva<\/a><\/strong> \u00e9 uma forma confort\u00e1vel de reduzir o uso de \u00e1gua da rede el\u00e9ctrica na casa, porque pode utilizar a \u00e1gua da chuva para a sua casa de banho, <strong>m\u00e1quina de lavar roupa<\/strong> e limpeza. O nosso tanque flex\u00edvel de recolha de \u00e1gua da chuva em PVC \u00e9 tamb\u00e9m muito mais f\u00e1cil de limpar quando necess\u00e1rio do que um tanque de bet\u00e3o, a\u00e7o ou polietileno. O nosso tanque tem apenas vantagens para o interior e exterior.<\/p>\n\n<p>Os nossos tanques n\u00e3o necessitam de constru\u00e7\u00e3o, nem de <strong>trabalho<\/strong> nem de manuten\u00e7\u00e3o. Os produtos flex\u00edveis do tanque tamb\u00e9m podem ser utilizados para irriga\u00e7\u00e3o e piscinas e no meio da esta\u00e7\u00e3o seca, uma vez que o nosso tanque flex\u00edvel de \u00e1gua da chuva ser\u00e1 utilizado durante as restri\u00e7\u00f5es da \u00e1gua da torneira. Pode, portanto, utilizar \u00e1gua livre no nosso tanque de recupera\u00e7\u00e3o durante o tempo quente, mas tamb\u00e9m quando h\u00e1 geada, pois o nosso tanque est\u00e1 equipado com <strong>tecido t\u00e9cnico<\/strong>.<\/p>\n\n<h3 class=\"wp-block-heading\" id=\"ybc_heading_h3_6\"><a><\/a>Durabilidade e desconto do tanque de recolha de \u00e1gua da chuva para casa e jardim<\/h3>\n\n<p>Os nossos <strong>recuperadores flex\u00edveis de tanques<\/strong> s\u00e3o mais robustos. O nosso tanque de recolha da \u00e1gua da chuva \u00e9 feito de um material de alta qualidade que \u00e9 mais resistente ao desgaste, choque e impacto. As nossas ceifeiras de \u00e1gua de chuva pesada v\u00eam com uma <strong>garantia de 10 anos<\/strong> no caso de ter um problema com a sua utiliza\u00e7\u00e3o todos os anos.<\/p>\n\n<p>O tecido t\u00e9cnico com <strong>revestimento em PVC<\/strong> utilizado no fabrico dos tanques flex\u00edveis foi tamb\u00e9m concebido para ser mais eficiente no seu papel de colector de \u00e1guas pluviais do que os produtos de armazenamento tradicionais. Poder\u00e1 assim desfrutar de um <strong>grande tanque de recolha da \u00e1gua da chuva <\/strong>com uma v\u00e1lvula de drenagem e enchimento que o servir\u00e1 durante muitos anos!<\/p>\n","protected":false},"excerpt":{"rendered":"<p>Recolha de \u00e1gua da chuva PVC feito de pl\u00e1stico reciclado O nosso tanque flex\u00edvel, de volume completo e com desconto recolhe \u00e1gua facilmente do seu telhado. \u00c9 um sistema de recolha da \u00e1gua da chuva que \u00e9 simultaneamente econ\u00f3mico e ecol\u00f3gico. \u00c9 um sistema de armazenamento e transporte de litros de \u00e1gua da chuva que, [&hellip;]<\/p>\n","protected":false},"author":2,"featured_media":1341,"comment_status":"closed","ping_status":"closed","sticky":false,"template":"","format":"standard","meta":{"inline_featured_image":false,"footnotes":""},"categories":[387],"tags":[863,862,861],"class_list":["post-2722","post","type-post","status-publish","format-standard","has-post-thumbnail","hentry","category-tudo-o-que-precisa-de-saber-sobre-o-tanque-flexivel","tag-ecologia","tag-pvc-pt-pt","tag-tanque-de-agua"],"yoast_head":"<!-- This site is optimized with the Yoast SEO plugin v27.5 - https:\/\/yoast.com\/product\/yoast-seo-wordpress\/ -->\n<title>Tanque de \u00e1gua e ecologia em PVC - Blog Ma Citerne Ecolo<\/title>\n<meta name=\"description\" content=\"Est\u00e1 a planear instalar um dep\u00f3sito de \u00e1gua? Est\u00e1 a perguntar-se se a colheita da \u00e1gua \u00e9 amiga do ambiente e boa para o nosso planeta?\" \/>\n<meta name=\"robots\" content=\"index, follow, max-snippet:-1, max-image-preview:large, max-video-preview:-1\" \/>\n<link rel=\"canonical\" href=\"https:\/\/blog.maciterneecolo.fr\/pt-pt\/tanque-de-agua-e-ecologia-em-pvc\/\" \/>\n<meta property=\"og:locale\" content=\"pt_PT\" \/>\n<meta property=\"og:type\" content=\"article\" \/>\n<meta property=\"og:title\" content=\"Tanque de \u00e1gua e ecologia em PVC - Blog Ma Citerne Ecolo\" \/>\n<meta property=\"og:description\" content=\"Est\u00e1 a planear instalar um dep\u00f3sito de \u00e1gua? Est\u00e1 a perguntar-se se a colheita da \u00e1gua \u00e9 amiga do ambiente e boa para o nosso planeta?\" \/>\n<meta property=\"og:url\" content=\"https:\/\/blog.maciterneecolo.fr\/pt-pt\/tanque-de-agua-e-ecologia-em-pvc\/\" \/>\n<meta property=\"og:site_name\" content=\"Blog Ma Citerne Ecolo\" \/>\n<meta property=\"article:published_time\" content=\"2022-12-16T13:17:00+00:00\" \/>\n<meta property=\"article:modified_time\" content=\"2023-01-10T14:18:37+00:00\" \/>\n<meta property=\"og:image\" content=\"https:\/\/blog.maciterneecolo.fr\/wp-content\/uploads\/2022\/12\/cuve-a-eau-ecologie.png\" \/>\n\t<meta property=\"og:image:width\" content=\"1231\" \/>\n\t<meta property=\"og:image:height\" content=\"1280\" \/>\n\t<meta property=\"og:image:type\" content=\"image\/png\" \/>\n<meta name=\"author\" content=\"Lucile\" \/>\n<meta name=\"twitter:card\" content=\"summary_large_image\" \/>\n<meta name=\"twitter:label1\" content=\"Escrito por\" \/>\n\t<meta name=\"twitter:data1\" content=\"Lucile\" \/>\n\t<meta name=\"twitter:label2\" content=\"Tempo estimado de leitura\" \/>\n\t<meta name=\"twitter:data2\" content=\"5 minutos\" \/>\n<script type=\"application\/ld+json\" class=\"yoast-schema-graph\">{\"@context\":\"https:\\\/\\\/schema.org\",\"@graph\":[{\"@type\":\"Article\",\"@id\":\"https:\\\/\\\/blog.maciterneecolo.fr\\\/pt-pt\\\/tanque-de-agua-e-ecologia-em-pvc\\\/#article\",\"isPartOf\":{\"@id\":\"https:\\\/\\\/blog.maciterneecolo.fr\\\/pt-pt\\\/tanque-de-agua-e-ecologia-em-pvc\\\/\"},\"author\":{\"name\":\"Lucile\",\"@id\":\"https:\\\/\\\/blog.maciterneecolo.fr\\\/pt-pt\\\/#\\\/schema\\\/person\\\/cfb93b191140c86292f0707edfd4b6fe\"},\"headline\":\"Tanque de \u00e1gua e ecologia em PVC\",\"datePublished\":\"2022-12-16T13:17:00+00:00\",\"dateModified\":\"2023-01-10T14:18:37+00:00\",\"mainEntityOfPage\":{\"@id\":\"https:\\\/\\\/blog.maciterneecolo.fr\\\/pt-pt\\\/tanque-de-agua-e-ecologia-em-pvc\\\/\"},\"wordCount\":1096,\"publisher\":{\"@id\":\"https:\\\/\\\/blog.maciterneecolo.fr\\\/pt-pt\\\/#organization\"},\"image\":{\"@id\":\"https:\\\/\\\/blog.maciterneecolo.fr\\\/pt-pt\\\/tanque-de-agua-e-ecologia-em-pvc\\\/#primaryimage\"},\"thumbnailUrl\":\"https:\\\/\\\/blog.maciterneecolo.fr\\\/wp-content\\\/uploads\\\/2022\\\/12\\\/cuve-a-eau-ecologie.png\",\"keywords\":[\"ecologia\",\"pvc\",\"tanque de \u00e1gua\"],\"articleSection\":[\"Tudo o que precisa de saber sobre o tanque flex\u00edvel\"],\"inLanguage\":\"pt-PT\"},{\"@type\":\"WebPage\",\"@id\":\"https:\\\/\\\/blog.maciterneecolo.fr\\\/pt-pt\\\/tanque-de-agua-e-ecologia-em-pvc\\\/\",\"url\":\"https:\\\/\\\/blog.maciterneecolo.fr\\\/pt-pt\\\/tanque-de-agua-e-ecologia-em-pvc\\\/\",\"name\":\"Tanque de \u00e1gua e ecologia em PVC - Blog Ma Citerne Ecolo\",\"isPartOf\":{\"@id\":\"https:\\\/\\\/blog.maciterneecolo.fr\\\/pt-pt\\\/#website\"},\"primaryImageOfPage\":{\"@id\":\"https:\\\/\\\/blog.maciterneecolo.fr\\\/pt-pt\\\/tanque-de-agua-e-ecologia-em-pvc\\\/#primaryimage\"},\"image\":{\"@id\":\"https:\\\/\\\/blog.maciterneecolo.fr\\\/pt-pt\\\/tanque-de-agua-e-ecologia-em-pvc\\\/#primaryimage\"},\"thumbnailUrl\":\"https:\\\/\\\/blog.maciterneecolo.fr\\\/wp-content\\\/uploads\\\/2022\\\/12\\\/cuve-a-eau-ecologie.png\",\"datePublished\":\"2022-12-16T13:17:00+00:00\",\"dateModified\":\"2023-01-10T14:18:37+00:00\",\"description\":\"Est\u00e1 a planear instalar um dep\u00f3sito de \u00e1gua? Est\u00e1 a perguntar-se se a colheita da \u00e1gua \u00e9 amiga do ambiente e boa para o nosso planeta?\",\"breadcrumb\":{\"@id\":\"https:\\\/\\\/blog.maciterneecolo.fr\\\/pt-pt\\\/tanque-de-agua-e-ecologia-em-pvc\\\/#breadcrumb\"},\"inLanguage\":\"pt-PT\",\"potentialAction\":[{\"@type\":\"ReadAction\",\"target\":[\"https:\\\/\\\/blog.maciterneecolo.fr\\\/pt-pt\\\/tanque-de-agua-e-ecologia-em-pvc\\\/\"]}]},{\"@type\":\"ImageObject\",\"inLanguage\":\"pt-PT\",\"@id\":\"https:\\\/\\\/blog.maciterneecolo.fr\\\/pt-pt\\\/tanque-de-agua-e-ecologia-em-pvc\\\/#primaryimage\",\"url\":\"https:\\\/\\\/blog.maciterneecolo.fr\\\/wp-content\\\/uploads\\\/2022\\\/12\\\/cuve-a-eau-ecologie.png\",\"contentUrl\":\"https:\\\/\\\/blog.maciterneecolo.fr\\\/wp-content\\\/uploads\\\/2022\\\/12\\\/cuve-a-eau-ecologie.png\",\"width\":1231,\"height\":1280},{\"@type\":\"BreadcrumbList\",\"@id\":\"https:\\\/\\\/blog.maciterneecolo.fr\\\/pt-pt\\\/tanque-de-agua-e-ecologia-em-pvc\\\/#breadcrumb\",\"itemListElement\":[{\"@type\":\"ListItem\",\"position\":1,\"name\":\"Accueil\",\"item\":\"https:\\\/\\\/blog.maciterneecolo.fr\\\/pt-pt\\\/\"},{\"@type\":\"ListItem\",\"position\":2,\"name\":\"Tanque de \u00e1gua e ecologia em PVC\"}]},{\"@type\":\"WebSite\",\"@id\":\"https:\\\/\\\/blog.maciterneecolo.fr\\\/pt-pt\\\/#website\",\"url\":\"https:\\\/\\\/blog.maciterneecolo.fr\\\/pt-pt\\\/\",\"name\":\"Blog Ma Citerne Ecolo\",\"description\":\"Leader dans le domaine de la citerne souple d&#039;eau de pluie\",\"publisher\":{\"@id\":\"https:\\\/\\\/blog.maciterneecolo.fr\\\/pt-pt\\\/#organization\"},\"potentialAction\":[{\"@type\":\"SearchAction\",\"target\":{\"@type\":\"EntryPoint\",\"urlTemplate\":\"https:\\\/\\\/blog.maciterneecolo.fr\\\/pt-pt\\\/?s={search_term_string}\"},\"query-input\":{\"@type\":\"PropertyValueSpecification\",\"valueRequired\":true,\"valueName\":\"search_term_string\"}}],\"inLanguage\":\"pt-PT\"},{\"@type\":\"Organization\",\"@id\":\"https:\\\/\\\/blog.maciterneecolo.fr\\\/pt-pt\\\/#organization\",\"name\":\"Blog Ma Citerne Ecolo\",\"url\":\"https:\\\/\\\/blog.maciterneecolo.fr\\\/pt-pt\\\/\",\"logo\":{\"@type\":\"ImageObject\",\"inLanguage\":\"pt-PT\",\"@id\":\"https:\\\/\\\/blog.maciterneecolo.fr\\\/pt-pt\\\/#\\\/schema\\\/logo\\\/image\\\/\",\"url\":\"https:\\\/\\\/blog.maciterneecolo.fr\\\/wp-content\\\/uploads\\\/2022\\\/12\\\/cropped-favicon-blog.png\",\"contentUrl\":\"https:\\\/\\\/blog.maciterneecolo.fr\\\/wp-content\\\/uploads\\\/2022\\\/12\\\/cropped-favicon-blog.png\",\"width\":512,\"height\":512,\"caption\":\"Blog Ma Citerne Ecolo\"},\"image\":{\"@id\":\"https:\\\/\\\/blog.maciterneecolo.fr\\\/pt-pt\\\/#\\\/schema\\\/logo\\\/image\\\/\"}},{\"@type\":\"Person\",\"@id\":\"https:\\\/\\\/blog.maciterneecolo.fr\\\/pt-pt\\\/#\\\/schema\\\/person\\\/cfb93b191140c86292f0707edfd4b6fe\",\"name\":\"Lucile\",\"image\":{\"@type\":\"ImageObject\",\"inLanguage\":\"pt-PT\",\"@id\":\"https:\\\/\\\/secure.gravatar.com\\\/avatar\\\/3c571ab7761bcc142db76a63f33a2a5ebee8b76990a871c9329e3e6df7ae9f3c?s=96&d=mm&r=g\",\"url\":\"https:\\\/\\\/secure.gravatar.com\\\/avatar\\\/3c571ab7761bcc142db76a63f33a2a5ebee8b76990a871c9329e3e6df7ae9f3c?s=96&d=mm&r=g\",\"contentUrl\":\"https:\\\/\\\/secure.gravatar.com\\\/avatar\\\/3c571ab7761bcc142db76a63f33a2a5ebee8b76990a871c9329e3e6df7ae9f3c?s=96&d=mm&r=g\",\"caption\":\"Lucile\"},\"url\":\"https:\\\/\\\/blog.maciterneecolo.fr\\\/pt-pt\\\/author\\\/lucilewerkeyn\\\/\"}]}<\/script>\n<!-- \/ Yoast SEO plugin. -->","yoast_head_json":{"title":"Tanque de \u00e1gua e ecologia em PVC - Blog Ma Citerne Ecolo","description":"Est\u00e1 a planear instalar um dep\u00f3sito de \u00e1gua? Est\u00e1 a perguntar-se se a colheita da \u00e1gua \u00e9 amiga do ambiente e boa para o nosso planeta?","robots":{"index":"index","follow":"follow","max-snippet":"max-snippet:-1","max-image-preview":"max-image-preview:large","max-video-preview":"max-video-preview:-1"},"canonical":"https:\/\/blog.maciterneecolo.fr\/pt-pt\/tanque-de-agua-e-ecologia-em-pvc\/","og_locale":"pt_PT","og_type":"article","og_title":"Tanque de \u00e1gua e ecologia em PVC - Blog Ma Citerne Ecolo","og_description":"Est\u00e1 a planear instalar um dep\u00f3sito de \u00e1gua? Est\u00e1 a perguntar-se se a colheita da \u00e1gua \u00e9 amiga do ambiente e boa para o nosso planeta?","og_url":"https:\/\/blog.maciterneecolo.fr\/pt-pt\/tanque-de-agua-e-ecologia-em-pvc\/","og_site_name":"Blog Ma Citerne Ecolo","article_published_time":"2022-12-16T13:17:00+00:00","article_modified_time":"2023-01-10T14:18:37+00:00","og_image":[{"width":1231,"height":1280,"url":"https:\/\/blog.maciterneecolo.fr\/wp-content\/uploads\/2022\/12\/cuve-a-eau-ecologie.png","type":"image\/png"}],"author":"Lucile","twitter_card":"summary_large_image","twitter_misc":{"Escrito por":"Lucile","Tempo estimado de leitura":"5 minutos"},"schema":{"@context":"https:\/\/schema.org","@graph":[{"@type":"Article","@id":"https:\/\/blog.maciterneecolo.fr\/pt-pt\/tanque-de-agua-e-ecologia-em-pvc\/#article","isPartOf":{"@id":"https:\/\/blog.maciterneecolo.fr\/pt-pt\/tanque-de-agua-e-ecologia-em-pvc\/"},"author":{"name":"Lucile","@id":"https:\/\/blog.maciterneecolo.fr\/pt-pt\/#\/schema\/person\/cfb93b191140c86292f0707edfd4b6fe"},"headline":"Tanque de \u00e1gua e ecologia em PVC","datePublished":"2022-12-16T13:17:00+00:00","dateModified":"2023-01-10T14:18:37+00:00","mainEntityOfPage":{"@id":"https:\/\/blog.maciterneecolo.fr\/pt-pt\/tanque-de-agua-e-ecologia-em-pvc\/"},"wordCount":1096,"publisher":{"@id":"https:\/\/blog.maciterneecolo.fr\/pt-pt\/#organization"},"image":{"@id":"https:\/\/blog.maciterneecolo.fr\/pt-pt\/tanque-de-agua-e-ecologia-em-pvc\/#primaryimage"},"thumbnailUrl":"https:\/\/blog.maciterneecolo.fr\/wp-content\/uploads\/2022\/12\/cuve-a-eau-ecologie.png","keywords":["ecologia","pvc","tanque de \u00e1gua"],"articleSection":["Tudo o que precisa de saber sobre o tanque flex\u00edvel"],"inLanguage":"pt-PT"},{"@type":"WebPage","@id":"https:\/\/blog.maciterneecolo.fr\/pt-pt\/tanque-de-agua-e-ecologia-em-pvc\/","url":"https:\/\/blog.maciterneecolo.fr\/pt-pt\/tanque-de-agua-e-ecologia-em-pvc\/","name":"Tanque de \u00e1gua e ecologia em PVC - Blog Ma Citerne Ecolo","isPartOf":{"@id":"https:\/\/blog.maciterneecolo.fr\/pt-pt\/#website"},"primaryImageOfPage":{"@id":"https:\/\/blog.maciterneecolo.fr\/pt-pt\/tanque-de-agua-e-ecologia-em-pvc\/#primaryimage"},"image":{"@id":"https:\/\/blog.maciterneecolo.fr\/pt-pt\/tanque-de-agua-e-ecologia-em-pvc\/#primaryimage"},"thumbnailUrl":"https:\/\/blog.maciterneecolo.fr\/wp-content\/uploads\/2022\/12\/cuve-a-eau-ecologie.png","datePublished":"2022-12-16T13:17:00+00:00","dateModified":"2023-01-10T14:18:37+00:00","description":"Est\u00e1 a planear instalar um dep\u00f3sito de \u00e1gua? Est\u00e1 a perguntar-se se a colheita da \u00e1gua \u00e9 amiga do ambiente e boa para o nosso planeta?","breadcrumb":{"@id":"https:\/\/blog.maciterneecolo.fr\/pt-pt\/tanque-de-agua-e-ecologia-em-pvc\/#breadcrumb"},"inLanguage":"pt-PT","potentialAction":[{"@type":"ReadAction","target":["https:\/\/blog.maciterneecolo.fr\/pt-pt\/tanque-de-agua-e-ecologia-em-pvc\/"]}]},{"@type":"ImageObject","inLanguage":"pt-PT","@id":"https:\/\/blog.maciterneecolo.fr\/pt-pt\/tanque-de-agua-e-ecologia-em-pvc\/#primaryimage","url":"https:\/\/blog.maciterneecolo.fr\/wp-content\/uploads\/2022\/12\/cuve-a-eau-ecologie.png","contentUrl":"https:\/\/blog.maciterneecolo.fr\/wp-content\/uploads\/2022\/12\/cuve-a-eau-ecologie.png","width":1231,"height":1280},{"@type":"BreadcrumbList","@id":"https:\/\/blog.maciterneecolo.fr\/pt-pt\/tanque-de-agua-e-ecologia-em-pvc\/#breadcrumb","itemListElement":[{"@type":"ListItem","position":1,"name":"Accueil","item":"https:\/\/blog.maciterneecolo.fr\/pt-pt\/"},{"@type":"ListItem","position":2,"name":"Tanque de \u00e1gua e ecologia em PVC"}]},{"@type":"WebSite","@id":"https:\/\/blog.maciterneecolo.fr\/pt-pt\/#website","url":"https:\/\/blog.maciterneecolo.fr\/pt-pt\/","name":"Blog Ma Citerne Ecolo","description":"Leader dans le domaine de la citerne souple d&#039;eau de pluie","publisher":{"@id":"https:\/\/blog.maciterneecolo.fr\/pt-pt\/#organization"},"potentialAction":[{"@type":"SearchAction","target":{"@type":"EntryPoint","urlTemplate":"https:\/\/blog.maciterneecolo.fr\/pt-pt\/?s={search_term_string}"},"query-input":{"@type":"PropertyValueSpecification","valueRequired":true,"valueName":"search_term_string"}}],"inLanguage":"pt-PT"},{"@type":"Organization","@id":"https:\/\/blog.maciterneecolo.fr\/pt-pt\/#organization","name":"Blog Ma Citerne Ecolo","url":"https:\/\/blog.maciterneecolo.fr\/pt-pt\/","logo":{"@type":"ImageObject","inLanguage":"pt-PT","@id":"https:\/\/blog.maciterneecolo.fr\/pt-pt\/#\/schema\/logo\/image\/","url":"https:\/\/blog.maciterneecolo.fr\/wp-content\/uploads\/2022\/12\/cropped-favicon-blog.png","contentUrl":"https:\/\/blog.maciterneecolo.fr\/wp-content\/uploads\/2022\/12\/cropped-favicon-blog.png","width":512,"height":512,"caption":"Blog Ma Citerne Ecolo"},"image":{"@id":"https:\/\/blog.maciterneecolo.fr\/pt-pt\/#\/schema\/logo\/image\/"}},{"@type":"Person","@id":"https:\/\/blog.maciterneecolo.fr\/pt-pt\/#\/schema\/person\/cfb93b191140c86292f0707edfd4b6fe","name":"Lucile","image":{"@type":"ImageObject","inLanguage":"pt-PT","@id":"https:\/\/secure.gravatar.com\/avatar\/3c571ab7761bcc142db76a63f33a2a5ebee8b76990a871c9329e3e6df7ae9f3c?s=96&d=mm&r=g","url":"https:\/\/secure.gravatar.com\/avatar\/3c571ab7761bcc142db76a63f33a2a5ebee8b76990a871c9329e3e6df7ae9f3c?s=96&d=mm&r=g","contentUrl":"https:\/\/secure.gravatar.com\/avatar\/3c571ab7761bcc142db76a63f33a2a5ebee8b76990a871c9329e3e6df7ae9f3c?s=96&d=mm&r=g","caption":"Lucile"},"url":"https:\/\/blog.maciterneecolo.fr\/pt-pt\/author\/lucilewerkeyn\/"}]}},"_links":{"self":[{"href":"https:\/\/blog.maciterneecolo.fr\/pt-pt\/wp-json\/wp\/v2\/posts\/2722","targetHints":{"allow":["GET"]}}],"collection":[{"href":"https:\/\/blog.maciterneecolo.fr\/pt-pt\/wp-json\/wp\/v2\/posts"}],"about":[{"href":"https:\/\/blog.maciterneecolo.fr\/pt-pt\/wp-json\/wp\/v2\/types\/post"}],"author":[{"embeddable":true,"href":"https:\/\/blog.maciterneecolo.fr\/pt-pt\/wp-json\/wp\/v2\/users\/2"}],"replies":[{"embeddable":true,"href":"https:\/\/blog.maciterneecolo.fr\/pt-pt\/wp-json\/wp\/v2\/comments?post=2722"}],"version-history":[{"count":1,"href":"https:\/\/blog.maciterneecolo.fr\/pt-pt\/wp-json\/wp\/v2\/posts\/2722\/revisions"}],"predecessor-version":[{"id":2724,"href":"https:\/\/blog.maciterneecolo.fr\/pt-pt\/wp-json\/wp\/v2\/posts\/2722\/revisions\/2724"}],"wp:featuredmedia":[{"embeddable":true,"href":"https:\/\/blog.maciterneecolo.fr\/pt-pt\/wp-json\/wp\/v2\/media\/1341"}],"wp:attachment":[{"href":"https:\/\/blog.maciterneecolo.fr\/pt-pt\/wp-json\/wp\/v2\/media?parent=2722"}],"wp:term":[{"taxonomy":"category","embeddable":true,"href":"https:\/\/blog.maciterneecolo.fr\/pt-pt\/wp-json\/wp\/v2\/categories?post=2722"},{"taxonomy":"post_tag","embeddable":true,"href":"https:\/\/blog.maciterneecolo.fr\/pt-pt\/wp-json\/wp\/v2\/tags?post=2722"}],"curies":[{"name":"wp","href":"https:\/\/api.w.org\/{rel}","templated":true}]}}