{"id":2862,"date":"2022-12-16T14:40:03","date_gmt":"2022-12-16T14:40:03","guid":{"rendered":"https:\/\/blog.maciterneecolo.fr\/tanque-de-agua-da-chuva-para-relva-artificial\/"},"modified":"2023-09-05T09:12:34","modified_gmt":"2023-09-05T09:12:34","slug":"tanque-de-agua-da-chuva-para-relva-artificial","status":"publish","type":"post","link":"https:\/\/blog.maciterneecolo.fr\/pt-pt\/tanque-de-agua-da-chuva-para-relva-artificial\/","title":{"rendered":"Tanque de \u00e1gua da chuva para relva artificial"},"content":{"rendered":"\n<p>Descubra como o nosso <strong>reservat\u00f3rio flex\u00edvel <\/strong>de \u00e1gua da chuva pode manter a sua relva artificial neste artigo. Isto \u00e9 poss\u00edvel gra\u00e7as a uma<strong> bomba e a um coletor de caleiras para recolher a \u00e1gua da chuva <\/strong>. \u00c9 o produto de refer\u00eancia que as fam\u00edlias e os profissionais est\u00e3o a adquirir neste momento! Na moda devido ao seu aspeto ecol\u00f3gico e popular devido ao seu aspeto econ\u00f3mico. O nosso coletor de \u00e1gua em PVC flex\u00edvel \u00e9 o sistema de armazenamento mais econ\u00f3mico do <strong>mercado de reservat\u00f3rios flex\u00edveis<\/strong>.<\/p>\n\n<h2 class=\"wp-block-heading\" id=\"ybc_heading_h2_1\"><strong>O reservat\u00f3rio flex\u00edvel de \u00e1gua da chuva para relva artificial de jardim<\/strong><\/h2>\n\n<p>A relva artificial \u00e9 uma bonita cobertura de solo verde de alta qualidade para a sua \u00e1rea exterior. No entanto, continua a ser um produto sens\u00edvel ao calor que precisa de ser regularmente pulverizado com \u00e1gua. <strong>Verter \u00e1gua de um tanque flex\u00edvel sobre a relva sint\u00e9tica<\/strong> \u00e9 a melhor forma de baixar a temperatura. Um simples spray de \u00e1gua com o seu aspersor durante o tempo mais quente ajudar\u00e1 a fibra a arrefecer. E como sabemos todos os meses quando recebemos a nossa fatura da \u00e1gua, a \u00e1gua \u00e9 cara!<\/p>\n\n<p>A menos que use \u00e1gua da chuva para o fazer&#8230; A utiliza\u00e7\u00e3o de um <strong>sistema de recolha de \u00e1guas pluviais com liga\u00e7\u00e3o para mangueira<\/strong> significa que pode regar o seu relvado artificial de forma eficiente. Permite-lhe fazer economias substanciais nas suas contas de \u00e1gua. Agora pode refrescar o seu relvado <strong>sem ter de se preocupar com o desperd\u00edcio de \u00e1gua pot\u00e1vel<\/strong>. E h\u00e1 alturas em que os nossos dep\u00f3sitos e acess\u00f3rios podem ser realmente \u00fateis, como durante as restri\u00e7\u00f5es de \u00e1gua.<\/p>\n\n<h2 class=\"wp-block-heading\" id=\"ybc_heading_h2_2\"><strong>A composi\u00e7\u00e3o t\u00e9cnica do reservat\u00f3rio flex\u00edvel de \u00e1guas pluviais para relva artificial<\/strong><\/h2>\n\n<p>A nossa <strong>gama de reservat\u00f3rios flex\u00edveis <\/strong>e acess\u00f3rios foi cuidadosamente selecionada para garantir a mais elevada qualidade. Feito de um material robusto, o nosso reservat\u00f3rio de \u00e1gua flex\u00edvel com prote\u00e7\u00e3o de ch\u00e3o integrada pode ser instalado tanto no interior como no exterior. Segue-se uma lista de exemplos de locais onde pode instalar o seu coletor de \u00e1guas pluviais:<\/p>\n\n<ul class=\"wp-block-list\">\n<li>No seu espa\u00e7o de rastejamento ;<\/li>\n\n\n\n<li>No seu jardim ;<\/li>\n\n\n\n<li>Sob o seu terra\u00e7o ;<\/li>\n\n\n\n<li>Na sua fossa s\u00e9ptica;<\/li>\n\n\n\n<li>Em qualquer espa\u00e7o que seja nivelado e plano.<\/li>\n<\/ul>\n\n<p>Os nossos kits de <a href=\"https:\/\/www.maciterneecolo.fr\/fr\/\" target=\"_blank\" rel=\"noreferrer noopener\">tanques de \u00e1gua<\/a> ou tanques individuais para telhados, po\u00e7os ou furos s\u00e3o compostos da seguinte forma<\/p>\n\n<ul class=\"wp-block-list\">\n<li>Colector de \u00e1gua da chuva sem cobertura feito de 900 g\/m\u00b2 de tecido de pl\u00e1stico PVC reciclado de alta densidade<\/li>\n\n\n\n<li>Tanque de recolha de \u00e1gua da chuva sem tampa com escotilha de inspec\u00e7\u00e3o de 140 mm de di\u00e2metro com liga\u00e7\u00e3o de mangueira dobrada de 50 mm de di\u00e2metro (dispositivo que se liga para encher o tanque)<\/li>\n\n\n\n<li>Colector de \u00e1gua da chuva sem tampa com cantos refor\u00e7ados por chapa aparafusada de a\u00e7o inoxid\u00e1vel<\/li>\n\n\n\n<li>Tanque de recolha de \u00e1gua da chuva sem tampa com v\u00e1lvula de 1\/4 de volta com 26\/34 mm de di\u00e2metro (dispositivo que se liga para drenar o tanque)<\/li>\n\n\n\n<li>Colectores de \u00e1gua da chuva descobertos com um transbordo de seguran\u00e7a em \u00e2ngulo de 25 mm de di\u00e2metro (um dispositivo que impede o transbordo de \u00e1gua para a cisterna)<\/li>\n\n\n\n<li>Colhedoras de \u00e1gua da chuva sem tampa, concebidas com tecido t\u00e9cnico e a sua soldadura anti-encandeamento no revestimento do tanque<\/li>\n<\/ul>\n\n<h2 class=\"wp-block-heading\" id=\"ybc_heading_h2_3\"><strong>Acess\u00f3rios para tanques de \u00e1guas pluviais<\/strong><\/h2>\n\n<p>A nossa loja web oferece os seguintes <strong>acess\u00f3rios<\/strong> de qualidade para seleccionar para o tanque de armazenamento de \u00e1gua da chuva:<\/p>\n\n<ul class=\"wp-block-list\">\n<li>Venda de bra\u00e7adeiras compat\u00edveis com o nosso <a href=\"https:\/\/www.maciterneecolo.fr\/fr\/3-citernes-souples-recuperation-eau-de-pluie\" target=\"_blank\" rel=\"noreferrer noopener\">tanque de \u00e1gua da chuva<\/a> a pre\u00e7os baixos<\/li>\n\n\n\n<li>Venda de bombas el\u00e9ctricas compat\u00edveis com os tanques de \u00e1gua da chuva a pre\u00e7os baixos<\/li>\n\n\n\n<li>Venda de kit de bomba compat\u00edvel com o nosso tanque de armazenamento de \u00e1gua da chuva a pre\u00e7os baixos<\/li>\n\n\n\n<li>Venda de acess\u00f3rios T-connector 3 compat\u00edveis com o nosso tanque de \u00e1guas pluviais a pre\u00e7os baixos<\/li>\n\n\n\n<li>Venda de v\u00e1lvula anti-retorno compat\u00edvel com o nosso tanque flex\u00edvel de \u00e1guas pluviais a baixo pre\u00e7o<\/li>\n\n\n\n<li>Venda de mangueiras em espiral compat\u00edveis com o nosso tanque de \u00e1guas pluviais a pre\u00e7os baixos<\/li>\n<\/ul>\n\n<h2 class=\"wp-block-heading\" id=\"ybc_heading_h2_4\"><strong>As vantagens do reservat\u00f3rio flex\u00edvel de \u00e1gua da chuva para jardins de relva artificial<\/strong><\/h2>\n\n<p>A precipita\u00e7\u00e3o \u00e9 uma das principais fontes de poupan\u00e7a de \u00e1gua. No entanto, \u00e9 importante<strong> poder recolher toda a \u00e1gua da chuva<\/strong> que cai no telhado da sua casa. Esta \u00e1gua \u00e9 um presente do c\u00e9u, porque \u00e9 ilimitada em quantidade e \u00e9 gratuita em compara\u00e7\u00e3o com a \u00e1gua que se obt\u00e9m da torneira.<\/p>\n\n<p>No nosso s\u00edtio Web, oferecemos solu\u00e7\u00f5es em todos os volumes e tamanhos. Recuperar a \u00e1gua da chuva e recicl\u00e1-la para <strong>manter e refrescar o seu relvado artificial com a sua mangueira de jardim<\/strong>. Com o nosso tanque, n\u00e3o precisa de se preocupar em proteger o solo (solo, laje, t\u00e1bua de madeira, etc.) porque \u00e9 um produto \u00e0 prova de \u00e1gua. Basta ter a certeza de manter a sua lona flex\u00edvel longe de quaisquer arestas \u00e1speras quando a instalar.<\/p>\n\n<p>Al\u00e9m disso, os nossos produtos t\u00eam muitas vantagens, tais como a preven\u00e7\u00e3o da prolifera\u00e7\u00e3o de mosquitos no tanque (larvas) ou a preven\u00e7\u00e3o do aparecimento de fungos, algas e bact\u00e9rias. Estes s\u00e3o produtos anti-evapora\u00e7\u00e3o e anti-fuga de \u00e1guas pluviais de colheita. Feito de 900 g\/m\u00b2 de pl\u00e1stico reciclado em PVC, o nosso tanque \u00e9 feito de material robusto e \u00e0 prova de intemp\u00e9ries.<\/p>\n\n<h2 class=\"wp-block-heading\" id=\"ybc_heading_h2_5\"><strong>As propriedades do reservat\u00f3rio flex\u00edvel para \u00e1guas pluviais<\/strong><\/h2>\n\n<p>A fim de melhor compreender as vantagens e usos do nosso<strong> tanque flex\u00edvel de \u00e1gua da chuva com bomba e <a href=\"https:\/\/www.maciterneecolo.fr\/fr\/10-collecteur-de-gouttiere-eau-de-pluie-\" target=\"_blank\" rel=\"noreferrer noopener\">filtro colector para caleiras<\/a><\/strong>, \u00e9 essencial conhecer as suas propriedades:<\/p>\n\n<ul class=\"wp-block-list\">\n<li>Tanque de \u00e1gua anti-UV<\/li>\n\n\n\n<li>Tanque de \u00e1gua \u00e0 prova de \u00e1gua<\/li>\n\n\n\n<li>Tanque de \u00e1gua antif\u00fangica<\/li>\n\n\n\n<li>Tanque de \u00e1gua estanque<\/li>\n\n\n\n<li>Tanque de \u00e1gua recicl\u00e1vel<\/li>\n\n\n\n<li>Tanque de \u00e1gua em PVC 900 g\/m\u00b2.<\/li>\n<\/ul>\n\n<h2 class=\"wp-block-heading\" id=\"ybc_heading_h2_6\"><strong>Usos do tanque flex\u00edvel de \u00e1gua da chuva para relva artificial<\/strong><\/h2>\n\n<p>Para al\u00e9m de<strong>regar a sua relva artificial<\/strong>, pode fazer muitas outras utiliza\u00e7\u00f5es do nosso tanque flex\u00edvel para litros de \u00e1gua da chuva. Pode agora encher a sua piscina, aqu\u00e1rio ou tanque ornamental (ou tanque Koi). Os nossos tanques s\u00e3o tamb\u00e9m indispens\u00e1veis para poupar \u00e1gua da torneira para<strong>regar as flores e plantas do seu jardim<\/strong> ou para regar os seus legumes. Tamb\u00e9m pode tirar partido da instala\u00e7\u00e3o do nosso tanque para a casa<strong>(fornecimento da m\u00e1quina de lavar roupa,<\/strong> da m\u00e1quina de lavar lou\u00e7a, do autoclismo) mas tamb\u00e9m para fazer a limpeza da casa como lavar o ch\u00e3o ou as janelas da casa.<\/p>\n\n<p><strong><em>Contacte-nos agora e responderemos a todas as suas perguntas sobre a utiliza\u00e7\u00e3o e a conce\u00e7\u00e3o dos nossos reservat\u00f3rios autoportantes de \u00e1gua da chuva para jardins, ou leia os v\u00e1rios artigos do nosso <a href=\"https:\/\/blog.maciterneecolo.fr\/pt-pt\/\" target=\"_blank\" rel=\"noreferrer noopener\">blogue<\/a>, que cobrem uma vasta gama de assuntos.<\/em><\/strong><\/p>\n","protected":false},"excerpt":{"rendered":"<p>Descubra como o nosso reservat\u00f3rio flex\u00edvel de \u00e1gua da chuva pode manter a sua relva artificial neste artigo. Isto \u00e9 poss\u00edvel gra\u00e7as a uma bomba e a um coletor de caleiras para recolher a \u00e1gua da chuva . \u00c9 o produto de refer\u00eancia que as fam\u00edlias e os profissionais est\u00e3o a adquirir neste momento! Na [&hellip;]<\/p>\n","protected":false},"author":2,"featured_media":1406,"comment_status":"closed","ping_status":"closed","sticky":false,"template":"","format":"standard","meta":{"inline_featured_image":false,"footnotes":""},"categories":[387],"tags":[945,66],"class_list":["post-2862","post","type-post","status-publish","format-standard","has-post-thumbnail","hentry","category-tudo-o-que-precisa-de-saber-sobre-o-tanque-flexivel","tag-relva-sintetica","tag-tanque-flexivel"],"yoast_head":"<!-- This site is optimized with the Yoast SEO plugin v27.5 - https:\/\/yoast.com\/product\/yoast-seo-wordpress\/ -->\n<title>Tanque de \u00e1gua da chuva para relva artificial<\/title>\n<meta name=\"description\" content=\"Regue o seu jardim com um reservat\u00f3rio flex\u00edvel de \u00e1gua da chuva para manter a sua relva artificial!\" \/>\n<meta name=\"robots\" content=\"index, follow, max-snippet:-1, max-image-preview:large, max-video-preview:-1\" \/>\n<link rel=\"canonical\" href=\"https:\/\/blog.maciterneecolo.fr\/pt-pt\/tanque-de-agua-da-chuva-para-relva-artificial\/\" \/>\n<meta property=\"og:locale\" content=\"pt_PT\" \/>\n<meta property=\"og:type\" content=\"article\" \/>\n<meta property=\"og:title\" content=\"Tanque de \u00e1gua da chuva para relva artificial\" \/>\n<meta property=\"og:description\" content=\"Regue o seu jardim com um reservat\u00f3rio flex\u00edvel de \u00e1gua da chuva para manter a sua relva artificial!\" \/>\n<meta property=\"og:url\" content=\"https:\/\/blog.maciterneecolo.fr\/pt-pt\/tanque-de-agua-da-chuva-para-relva-artificial\/\" \/>\n<meta property=\"og:site_name\" content=\"Blog Ma Citerne Ecolo\" \/>\n<meta property=\"article:published_time\" content=\"2022-12-16T14:40:03+00:00\" \/>\n<meta property=\"article:modified_time\" content=\"2023-09-05T09:12:34+00:00\" \/>\n<meta property=\"og:image\" content=\"https:\/\/blog.maciterneecolo.fr\/wp-content\/uploads\/2022\/12\/gazon-synthetique-eau-de-pluie.jpg\" \/>\n\t<meta property=\"og:image:width\" content=\"1920\" \/>\n\t<meta property=\"og:image:height\" content=\"1282\" \/>\n\t<meta property=\"og:image:type\" content=\"image\/jpeg\" \/>\n<meta name=\"author\" content=\"Lucile\" \/>\n<meta name=\"twitter:card\" content=\"summary_large_image\" \/>\n<meta name=\"twitter:label1\" content=\"Escrito por\" \/>\n\t<meta name=\"twitter:data1\" content=\"Lucile\" \/>\n\t<meta name=\"twitter:label2\" content=\"Tempo estimado de leitura\" \/>\n\t<meta name=\"twitter:data2\" content=\"6 minutos\" \/>\n<script type=\"application\/ld+json\" class=\"yoast-schema-graph\">{\"@context\":\"https:\\\/\\\/schema.org\",\"@graph\":[{\"@type\":\"Article\",\"@id\":\"https:\\\/\\\/blog.maciterneecolo.fr\\\/pt-pt\\\/tanque-de-agua-da-chuva-para-relva-artificial\\\/#article\",\"isPartOf\":{\"@id\":\"https:\\\/\\\/blog.maciterneecolo.fr\\\/pt-pt\\\/tanque-de-agua-da-chuva-para-relva-artificial\\\/\"},\"author\":{\"name\":\"Lucile\",\"@id\":\"https:\\\/\\\/blog.maciterneecolo.fr\\\/pt-pt\\\/#\\\/schema\\\/person\\\/cfb93b191140c86292f0707edfd4b6fe\"},\"headline\":\"Tanque de \u00e1gua da chuva para relva artificial\",\"datePublished\":\"2022-12-16T14:40:03+00:00\",\"dateModified\":\"2023-09-05T09:12:34+00:00\",\"mainEntityOfPage\":{\"@id\":\"https:\\\/\\\/blog.maciterneecolo.fr\\\/pt-pt\\\/tanque-de-agua-da-chuva-para-relva-artificial\\\/\"},\"wordCount\":1192,\"publisher\":{\"@id\":\"https:\\\/\\\/blog.maciterneecolo.fr\\\/pt-pt\\\/#organization\"},\"image\":{\"@id\":\"https:\\\/\\\/blog.maciterneecolo.fr\\\/pt-pt\\\/tanque-de-agua-da-chuva-para-relva-artificial\\\/#primaryimage\"},\"thumbnailUrl\":\"https:\\\/\\\/blog.maciterneecolo.fr\\\/wp-content\\\/uploads\\\/2022\\\/12\\\/gazon-synthetique-eau-de-pluie.jpg\",\"keywords\":[\"relva sint\u00e9tica\",\"tanque flex\u00edvel\"],\"articleSection\":[\"Tudo o que precisa de saber sobre o tanque flex\u00edvel\"],\"inLanguage\":\"pt-PT\"},{\"@type\":\"WebPage\",\"@id\":\"https:\\\/\\\/blog.maciterneecolo.fr\\\/pt-pt\\\/tanque-de-agua-da-chuva-para-relva-artificial\\\/\",\"url\":\"https:\\\/\\\/blog.maciterneecolo.fr\\\/pt-pt\\\/tanque-de-agua-da-chuva-para-relva-artificial\\\/\",\"name\":\"Tanque de \u00e1gua da chuva para relva artificial\",\"isPartOf\":{\"@id\":\"https:\\\/\\\/blog.maciterneecolo.fr\\\/pt-pt\\\/#website\"},\"primaryImageOfPage\":{\"@id\":\"https:\\\/\\\/blog.maciterneecolo.fr\\\/pt-pt\\\/tanque-de-agua-da-chuva-para-relva-artificial\\\/#primaryimage\"},\"image\":{\"@id\":\"https:\\\/\\\/blog.maciterneecolo.fr\\\/pt-pt\\\/tanque-de-agua-da-chuva-para-relva-artificial\\\/#primaryimage\"},\"thumbnailUrl\":\"https:\\\/\\\/blog.maciterneecolo.fr\\\/wp-content\\\/uploads\\\/2022\\\/12\\\/gazon-synthetique-eau-de-pluie.jpg\",\"datePublished\":\"2022-12-16T14:40:03+00:00\",\"dateModified\":\"2023-09-05T09:12:34+00:00\",\"description\":\"Regue o seu jardim com um reservat\u00f3rio flex\u00edvel de \u00e1gua da chuva para manter a sua relva artificial!\",\"breadcrumb\":{\"@id\":\"https:\\\/\\\/blog.maciterneecolo.fr\\\/pt-pt\\\/tanque-de-agua-da-chuva-para-relva-artificial\\\/#breadcrumb\"},\"inLanguage\":\"pt-PT\",\"potentialAction\":[{\"@type\":\"ReadAction\",\"target\":[\"https:\\\/\\\/blog.maciterneecolo.fr\\\/pt-pt\\\/tanque-de-agua-da-chuva-para-relva-artificial\\\/\"]}]},{\"@type\":\"ImageObject\",\"inLanguage\":\"pt-PT\",\"@id\":\"https:\\\/\\\/blog.maciterneecolo.fr\\\/pt-pt\\\/tanque-de-agua-da-chuva-para-relva-artificial\\\/#primaryimage\",\"url\":\"https:\\\/\\\/blog.maciterneecolo.fr\\\/wp-content\\\/uploads\\\/2022\\\/12\\\/gazon-synthetique-eau-de-pluie.jpg\",\"contentUrl\":\"https:\\\/\\\/blog.maciterneecolo.fr\\\/wp-content\\\/uploads\\\/2022\\\/12\\\/gazon-synthetique-eau-de-pluie.jpg\",\"width\":1920,\"height\":1282,\"caption\":\"D\u00e9couvrez comment la r\u00e9cup\u00e9ration de l'eau de pluie avec une citerne souple peut entretenir votre gazon synth\u00e9tique\"},{\"@type\":\"BreadcrumbList\",\"@id\":\"https:\\\/\\\/blog.maciterneecolo.fr\\\/pt-pt\\\/tanque-de-agua-da-chuva-para-relva-artificial\\\/#breadcrumb\",\"itemListElement\":[{\"@type\":\"ListItem\",\"position\":1,\"name\":\"Accueil\",\"item\":\"https:\\\/\\\/blog.maciterneecolo.fr\\\/pt-pt\\\/\"},{\"@type\":\"ListItem\",\"position\":2,\"name\":\"Tanque de \u00e1gua da chuva para relva artificial\"}]},{\"@type\":\"WebSite\",\"@id\":\"https:\\\/\\\/blog.maciterneecolo.fr\\\/pt-pt\\\/#website\",\"url\":\"https:\\\/\\\/blog.maciterneecolo.fr\\\/pt-pt\\\/\",\"name\":\"Blog Ma Citerne Ecolo\",\"description\":\"Leader dans le domaine de la citerne souple d&#039;eau de pluie\",\"publisher\":{\"@id\":\"https:\\\/\\\/blog.maciterneecolo.fr\\\/pt-pt\\\/#organization\"},\"potentialAction\":[{\"@type\":\"SearchAction\",\"target\":{\"@type\":\"EntryPoint\",\"urlTemplate\":\"https:\\\/\\\/blog.maciterneecolo.fr\\\/pt-pt\\\/?s={search_term_string}\"},\"query-input\":{\"@type\":\"PropertyValueSpecification\",\"valueRequired\":true,\"valueName\":\"search_term_string\"}}],\"inLanguage\":\"pt-PT\"},{\"@type\":\"Organization\",\"@id\":\"https:\\\/\\\/blog.maciterneecolo.fr\\\/pt-pt\\\/#organization\",\"name\":\"Blog Ma Citerne Ecolo\",\"url\":\"https:\\\/\\\/blog.maciterneecolo.fr\\\/pt-pt\\\/\",\"logo\":{\"@type\":\"ImageObject\",\"inLanguage\":\"pt-PT\",\"@id\":\"https:\\\/\\\/blog.maciterneecolo.fr\\\/pt-pt\\\/#\\\/schema\\\/logo\\\/image\\\/\",\"url\":\"https:\\\/\\\/blog.maciterneecolo.fr\\\/wp-content\\\/uploads\\\/2022\\\/12\\\/cropped-favicon-blog.png\",\"contentUrl\":\"https:\\\/\\\/blog.maciterneecolo.fr\\\/wp-content\\\/uploads\\\/2022\\\/12\\\/cropped-favicon-blog.png\",\"width\":512,\"height\":512,\"caption\":\"Blog Ma Citerne Ecolo\"},\"image\":{\"@id\":\"https:\\\/\\\/blog.maciterneecolo.fr\\\/pt-pt\\\/#\\\/schema\\\/logo\\\/image\\\/\"}},{\"@type\":\"Person\",\"@id\":\"https:\\\/\\\/blog.maciterneecolo.fr\\\/pt-pt\\\/#\\\/schema\\\/person\\\/cfb93b191140c86292f0707edfd4b6fe\",\"name\":\"Lucile\",\"image\":{\"@type\":\"ImageObject\",\"inLanguage\":\"pt-PT\",\"@id\":\"https:\\\/\\\/secure.gravatar.com\\\/avatar\\\/3c571ab7761bcc142db76a63f33a2a5ebee8b76990a871c9329e3e6df7ae9f3c?s=96&d=mm&r=g\",\"url\":\"https:\\\/\\\/secure.gravatar.com\\\/avatar\\\/3c571ab7761bcc142db76a63f33a2a5ebee8b76990a871c9329e3e6df7ae9f3c?s=96&d=mm&r=g\",\"contentUrl\":\"https:\\\/\\\/secure.gravatar.com\\\/avatar\\\/3c571ab7761bcc142db76a63f33a2a5ebee8b76990a871c9329e3e6df7ae9f3c?s=96&d=mm&r=g\",\"caption\":\"Lucile\"},\"url\":\"https:\\\/\\\/blog.maciterneecolo.fr\\\/pt-pt\\\/author\\\/lucilewerkeyn\\\/\"}]}<\/script>\n<!-- \/ Yoast SEO plugin. -->","yoast_head_json":{"title":"Tanque de \u00e1gua da chuva para relva artificial","description":"Regue o seu jardim com um reservat\u00f3rio flex\u00edvel de \u00e1gua da chuva para manter a sua relva artificial!","robots":{"index":"index","follow":"follow","max-snippet":"max-snippet:-1","max-image-preview":"max-image-preview:large","max-video-preview":"max-video-preview:-1"},"canonical":"https:\/\/blog.maciterneecolo.fr\/pt-pt\/tanque-de-agua-da-chuva-para-relva-artificial\/","og_locale":"pt_PT","og_type":"article","og_title":"Tanque de \u00e1gua da chuva para relva artificial","og_description":"Regue o seu jardim com um reservat\u00f3rio flex\u00edvel de \u00e1gua da chuva para manter a sua relva artificial!","og_url":"https:\/\/blog.maciterneecolo.fr\/pt-pt\/tanque-de-agua-da-chuva-para-relva-artificial\/","og_site_name":"Blog Ma Citerne Ecolo","article_published_time":"2022-12-16T14:40:03+00:00","article_modified_time":"2023-09-05T09:12:34+00:00","og_image":[{"width":1920,"height":1282,"url":"https:\/\/blog.maciterneecolo.fr\/wp-content\/uploads\/2022\/12\/gazon-synthetique-eau-de-pluie.jpg","type":"image\/jpeg"}],"author":"Lucile","twitter_card":"summary_large_image","twitter_misc":{"Escrito por":"Lucile","Tempo estimado de leitura":"6 minutos"},"schema":{"@context":"https:\/\/schema.org","@graph":[{"@type":"Article","@id":"https:\/\/blog.maciterneecolo.fr\/pt-pt\/tanque-de-agua-da-chuva-para-relva-artificial\/#article","isPartOf":{"@id":"https:\/\/blog.maciterneecolo.fr\/pt-pt\/tanque-de-agua-da-chuva-para-relva-artificial\/"},"author":{"name":"Lucile","@id":"https:\/\/blog.maciterneecolo.fr\/pt-pt\/#\/schema\/person\/cfb93b191140c86292f0707edfd4b6fe"},"headline":"Tanque de \u00e1gua da chuva para relva artificial","datePublished":"2022-12-16T14:40:03+00:00","dateModified":"2023-09-05T09:12:34+00:00","mainEntityOfPage":{"@id":"https:\/\/blog.maciterneecolo.fr\/pt-pt\/tanque-de-agua-da-chuva-para-relva-artificial\/"},"wordCount":1192,"publisher":{"@id":"https:\/\/blog.maciterneecolo.fr\/pt-pt\/#organization"},"image":{"@id":"https:\/\/blog.maciterneecolo.fr\/pt-pt\/tanque-de-agua-da-chuva-para-relva-artificial\/#primaryimage"},"thumbnailUrl":"https:\/\/blog.maciterneecolo.fr\/wp-content\/uploads\/2022\/12\/gazon-synthetique-eau-de-pluie.jpg","keywords":["relva sint\u00e9tica","tanque flex\u00edvel"],"articleSection":["Tudo o que precisa de saber sobre o tanque flex\u00edvel"],"inLanguage":"pt-PT"},{"@type":"WebPage","@id":"https:\/\/blog.maciterneecolo.fr\/pt-pt\/tanque-de-agua-da-chuva-para-relva-artificial\/","url":"https:\/\/blog.maciterneecolo.fr\/pt-pt\/tanque-de-agua-da-chuva-para-relva-artificial\/","name":"Tanque de \u00e1gua da chuva para relva artificial","isPartOf":{"@id":"https:\/\/blog.maciterneecolo.fr\/pt-pt\/#website"},"primaryImageOfPage":{"@id":"https:\/\/blog.maciterneecolo.fr\/pt-pt\/tanque-de-agua-da-chuva-para-relva-artificial\/#primaryimage"},"image":{"@id":"https:\/\/blog.maciterneecolo.fr\/pt-pt\/tanque-de-agua-da-chuva-para-relva-artificial\/#primaryimage"},"thumbnailUrl":"https:\/\/blog.maciterneecolo.fr\/wp-content\/uploads\/2022\/12\/gazon-synthetique-eau-de-pluie.jpg","datePublished":"2022-12-16T14:40:03+00:00","dateModified":"2023-09-05T09:12:34+00:00","description":"Regue o seu jardim com um reservat\u00f3rio flex\u00edvel de \u00e1gua da chuva para manter a sua relva artificial!","breadcrumb":{"@id":"https:\/\/blog.maciterneecolo.fr\/pt-pt\/tanque-de-agua-da-chuva-para-relva-artificial\/#breadcrumb"},"inLanguage":"pt-PT","potentialAction":[{"@type":"ReadAction","target":["https:\/\/blog.maciterneecolo.fr\/pt-pt\/tanque-de-agua-da-chuva-para-relva-artificial\/"]}]},{"@type":"ImageObject","inLanguage":"pt-PT","@id":"https:\/\/blog.maciterneecolo.fr\/pt-pt\/tanque-de-agua-da-chuva-para-relva-artificial\/#primaryimage","url":"https:\/\/blog.maciterneecolo.fr\/wp-content\/uploads\/2022\/12\/gazon-synthetique-eau-de-pluie.jpg","contentUrl":"https:\/\/blog.maciterneecolo.fr\/wp-content\/uploads\/2022\/12\/gazon-synthetique-eau-de-pluie.jpg","width":1920,"height":1282,"caption":"D\u00e9couvrez comment la r\u00e9cup\u00e9ration de l'eau de pluie avec une citerne souple peut entretenir votre gazon synth\u00e9tique"},{"@type":"BreadcrumbList","@id":"https:\/\/blog.maciterneecolo.fr\/pt-pt\/tanque-de-agua-da-chuva-para-relva-artificial\/#breadcrumb","itemListElement":[{"@type":"ListItem","position":1,"name":"Accueil","item":"https:\/\/blog.maciterneecolo.fr\/pt-pt\/"},{"@type":"ListItem","position":2,"name":"Tanque de \u00e1gua da chuva para relva artificial"}]},{"@type":"WebSite","@id":"https:\/\/blog.maciterneecolo.fr\/pt-pt\/#website","url":"https:\/\/blog.maciterneecolo.fr\/pt-pt\/","name":"Blog Ma Citerne Ecolo","description":"Leader dans le domaine de la citerne souple d&#039;eau de pluie","publisher":{"@id":"https:\/\/blog.maciterneecolo.fr\/pt-pt\/#organization"},"potentialAction":[{"@type":"SearchAction","target":{"@type":"EntryPoint","urlTemplate":"https:\/\/blog.maciterneecolo.fr\/pt-pt\/?s={search_term_string}"},"query-input":{"@type":"PropertyValueSpecification","valueRequired":true,"valueName":"search_term_string"}}],"inLanguage":"pt-PT"},{"@type":"Organization","@id":"https:\/\/blog.maciterneecolo.fr\/pt-pt\/#organization","name":"Blog Ma Citerne Ecolo","url":"https:\/\/blog.maciterneecolo.fr\/pt-pt\/","logo":{"@type":"ImageObject","inLanguage":"pt-PT","@id":"https:\/\/blog.maciterneecolo.fr\/pt-pt\/#\/schema\/logo\/image\/","url":"https:\/\/blog.maciterneecolo.fr\/wp-content\/uploads\/2022\/12\/cropped-favicon-blog.png","contentUrl":"https:\/\/blog.maciterneecolo.fr\/wp-content\/uploads\/2022\/12\/cropped-favicon-blog.png","width":512,"height":512,"caption":"Blog Ma Citerne Ecolo"},"image":{"@id":"https:\/\/blog.maciterneecolo.fr\/pt-pt\/#\/schema\/logo\/image\/"}},{"@type":"Person","@id":"https:\/\/blog.maciterneecolo.fr\/pt-pt\/#\/schema\/person\/cfb93b191140c86292f0707edfd4b6fe","name":"Lucile","image":{"@type":"ImageObject","inLanguage":"pt-PT","@id":"https:\/\/secure.gravatar.com\/avatar\/3c571ab7761bcc142db76a63f33a2a5ebee8b76990a871c9329e3e6df7ae9f3c?s=96&d=mm&r=g","url":"https:\/\/secure.gravatar.com\/avatar\/3c571ab7761bcc142db76a63f33a2a5ebee8b76990a871c9329e3e6df7ae9f3c?s=96&d=mm&r=g","contentUrl":"https:\/\/secure.gravatar.com\/avatar\/3c571ab7761bcc142db76a63f33a2a5ebee8b76990a871c9329e3e6df7ae9f3c?s=96&d=mm&r=g","caption":"Lucile"},"url":"https:\/\/blog.maciterneecolo.fr\/pt-pt\/author\/lucilewerkeyn\/"}]}},"_links":{"self":[{"href":"https:\/\/blog.maciterneecolo.fr\/pt-pt\/wp-json\/wp\/v2\/posts\/2862","targetHints":{"allow":["GET"]}}],"collection":[{"href":"https:\/\/blog.maciterneecolo.fr\/pt-pt\/wp-json\/wp\/v2\/posts"}],"about":[{"href":"https:\/\/blog.maciterneecolo.fr\/pt-pt\/wp-json\/wp\/v2\/types\/post"}],"author":[{"embeddable":true,"href":"https:\/\/blog.maciterneecolo.fr\/pt-pt\/wp-json\/wp\/v2\/users\/2"}],"replies":[{"embeddable":true,"href":"https:\/\/blog.maciterneecolo.fr\/pt-pt\/wp-json\/wp\/v2\/comments?post=2862"}],"version-history":[{"count":4,"href":"https:\/\/blog.maciterneecolo.fr\/pt-pt\/wp-json\/wp\/v2\/posts\/2862\/revisions"}],"predecessor-version":[{"id":9224,"href":"https:\/\/blog.maciterneecolo.fr\/pt-pt\/wp-json\/wp\/v2\/posts\/2862\/revisions\/9224"}],"wp:featuredmedia":[{"embeddable":true,"href":"https:\/\/blog.maciterneecolo.fr\/pt-pt\/wp-json\/wp\/v2\/media\/1406"}],"wp:attachment":[{"href":"https:\/\/blog.maciterneecolo.fr\/pt-pt\/wp-json\/wp\/v2\/media?parent=2862"}],"wp:term":[{"taxonomy":"category","embeddable":true,"href":"https:\/\/blog.maciterneecolo.fr\/pt-pt\/wp-json\/wp\/v2\/categories?post=2862"},{"taxonomy":"post_tag","embeddable":true,"href":"https:\/\/blog.maciterneecolo.fr\/pt-pt\/wp-json\/wp\/v2\/tags?post=2862"}],"curies":[{"name":"wp","href":"https:\/\/api.w.org\/{rel}","templated":true}]}}