{"id":2891,"date":"2022-12-16T12:58:28","date_gmt":"2022-12-16T12:58:28","guid":{"rendered":"https:\/\/blog.maciterneecolo.fr\/tanques-de-agua-da-chuva-sem-autorizacao-de-planeamento\/"},"modified":"2023-01-10T14:18:41","modified_gmt":"2023-01-10T14:18:41","slug":"tanques-de-agua-da-chuva-sem-autorizacao-de-planeamento","status":"publish","type":"post","link":"https:\/\/blog.maciterneecolo.fr\/pt-pt\/tanques-de-agua-da-chuva-sem-autorizacao-de-planeamento\/","title":{"rendered":"Tanques de \u00e1gua da chuva sem autoriza\u00e7\u00e3o de planeamento"},"content":{"rendered":"\n<p>A \u00e1gua da chuva \u00e9 uma fonte de \u00e1gua livre, limpa e renov\u00e1vel. O sistema de <a href=\"https:\/\/www.maciterneecolo.fr\/fr\/3-citernes-souples-recuperation-eau-de-pluie\">armazenamento de \u00e1gua da chuva<\/a><strong> de baixo custo <\/strong>para uso interior e exterior \u00e9 isento de manuten\u00e7\u00e3o e n\u00e3o requer qualquer trabalho especial. Al\u00e9m disso, n\u00e3o perturba ningu\u00e9m durante a sua utiliza\u00e7\u00e3o, nem mesmo o seu vizinho! \u00c9 poss\u00edvel <strong>recolher desde 1.000 litros at\u00e9 100.000 litros de \u00e1gua da chuva<\/strong> com os nossos produtos de recolha de \u00e1gua da chuva em conformidade com a ISO, em conformidade com a lei. Al\u00e9m disso, os nossos tanques de \u00e1gua da chuva podem ser colocados perto dos edif\u00edcios para que os profissionais, indiv\u00edduos e comunidades possam facilmente utilizar a \u00e1gua todos os dias do ano em \u00e1reas urbanas ou rurais.<\/p>\n\n<p>Assim, \u00e9 poss\u00edvel utilizar esta <strong>\u00e1gua num tanque flex\u00edvel fora de uma licen\u00e7a de constru\u00e7\u00e3o<\/strong> para regar o jardim, lavar o carro, polir o ch\u00e3o da casa, a sanita, a m\u00e1quina de lavar roupa ou mesmo o po\u00e7o para substituir o seu consumo da rede de \u00e1gua pot\u00e1vel.  <\/p>\n\n<h2 class=\"wp-block-heading\" id=\"ybc_heading_h2_1\"><a><\/a><strong>Escolher o sistema adequado de recolha e gest\u00e3o da \u00e1gua da chuva sem autoriza\u00e7\u00e3o de planeamento<\/strong><\/h2>\n\n<p>Em Fran\u00e7a, existem diferentes <strong>modelos de tanques para um projecto de recolha de \u00e1guas pluviais<\/strong>. Cada tanque tem as suas vantagens e desvantagens, mas a nossa gama de tanques de PVC autoportantes \u00e9 o melhor produto porque s\u00f3 tem vantagens e pode encomend\u00e1-lo ao melhor pre\u00e7o no nosso site! \u00c9 importante definir a quantidade de \u00e1gua que pretende recolher e utilizar para o seu consumo di\u00e1rio. Tamb\u00e9m \u00e9 poss\u00edvel optar por uma solu\u00e7\u00e3o mais robusta, escolhendo um sistema de parede dupla feito de tecido t\u00e9cnico<strong> imperme\u00e1vel<\/strong> e <strong>antif\u00fangico<\/strong>, como o nosso <strong>tanque de \u00e1guas pluviais <\/strong>, que est\u00e1 dispon\u00edvel em v\u00e1rios tamanhos. O nosso tanque de \u00e1gua e outros l\u00edquidos regulados ISO sem constru\u00e7\u00e3o e sem terraplenagem \u00e9 ideal para instalar no seu ambiente e utilizar dia ap\u00f3s dia.<\/p>\n\n<p>A instala\u00e7\u00e3o deste tipo de <strong>tanque de gest\u00e3o de \u00e1guas pluviais <\/strong>\u00e9 muito simples de realizar. Al\u00e9m disso, os nossos produtos de armazenamento de todo o volume n\u00e3o precisam de permiss\u00e3o de planeamento e n\u00e3o h\u00e1 necessidade de os limpar regularmente! Depois pode completar a nossa <strong>solu\u00e7\u00e3o de recolha da \u00e1gua da chuva com uma bomba hidr\u00e1ulica<\/strong> e um colector de filtro de caleira de telhado. Com as nossas ceifeiras de \u00e1gua da chuva, \u00e9 poss\u00edvel armazenar \u00e1gua em caso de seca ou para fins <strong>de combate a inc\u00eandios<\/strong>. Basta escolher o nosso produto flex\u00edvel para casa e jardim de acordo com as suas necessidades, usos e espa\u00e7o. Para um servi\u00e7o \u00f3ptimo, a nossa equipa t\u00e9cnica ir\u00e1 direccion\u00e1-lo para o modelo que melhor se adapta \u00e0s suas necessidades. Basta enviar-nos as suas mensagens e beneficiar\u00e1 de imediato de um servi\u00e7o de qualidade.  <\/p>\n\n<h2 class=\"wp-block-heading\" id=\"ybc_heading_h2_2\"><a><\/a><strong>Instalar uma gama de tanques flex\u00edveis de armazenamento de \u00e1gua da chuva para utiliza\u00e7\u00e3o em casas, edif\u00edcios e jardins<\/strong><\/h2>\n\n<p>O  <strong>colector flex\u00edvel de \u00e1gua da chuva em PVC sem constru\u00e7\u00e3o, baixo pre\u00e7o<\/strong>  com bomba hidr\u00e1ulica e colector de caleira para ser colocado em posi\u00e7\u00e3o a\u00e9rea ou semi-enterrado \u00e9 o modelo ideal tanto no exterior da casa (no jardim, debaixo de um terra\u00e7o, numa varanda) como no interior num espa\u00e7o de rastejamento, mesmo numa \u00e1rea de espa\u00e7o limitado. De facto, os nossos <strong>tanques de recolha de \u00e1gua da chuva <\/strong>s\u00e3o particularmente adequados para \u00e1reas pequenas e m\u00e9dias. Para <strong>uso exterior<\/strong>, nem sequer \u00e9 necess\u00e1rio proteg\u00ea-lo com uma lona porque a sua constru\u00e7\u00e3o premium torna-o extremamente resistente \u00e0s intemp\u00e9ries, da geada ao calor. Pode completar a sua instala\u00e7\u00e3o adicionando outros <strong>equipamentos<\/strong> dispon\u00edveis na nossa loja online <strong>tanques flex\u00edveis em qualquer volume<\/strong>.<\/p>\n\n<p>Este sistema de capta\u00e7\u00e3o de \u00e1gua da chuva substitui o seu abastecimento de \u00e1gua existente e pode ser colocado na sua propriedade em menos de duas horas! Compat\u00edvel com qualquer ambiente, o nosso <strong>tanque de \u00e1gua ISO<\/strong> tamb\u00e9m \u00e9 legalmente compat\u00edvel para permitir versatilidade em todas as circunst\u00e2ncias com o <strong>armazenamento<\/strong> e gest\u00e3o de outros l\u00edquidos e efluentes para <strong>comunidades e profissionais<\/strong>. Muito pr\u00e1tico para aqueles que n\u00e3o t\u00eam acesso a uma <strong>liga\u00e7\u00e3o de esgotos<\/strong>. \u00c9 mesmo poss\u00edvel comprar o kit completo do nosso tanque de \u00e1gua da chuva em PVC em pl\u00e1stico reciclado para as suas necessidades particulares em zonas urbanas e rurais sem necessidade de construir. N\u00e3o se esque\u00e7a de subscrever a nossa newsletter para receber todas as dicas, truques e not\u00edcias sobre os nossos sistemas de recolha de \u00e1guas pluviais.<\/p>\n\n<h2 class=\"wp-block-heading\" id=\"ybc_heading_h2_3\"><a><\/a><strong>Os usos do nosso projecto de sistema flex\u00edvel de recolha de \u00e1gua da chuva em tanques  <\/strong><\/h2>\n\n<p>A instala\u00e7\u00e3o dos nossos tanques flex\u00edveis<strong> numa posi\u00e7\u00e3o acima do solo ou semi-enterrada<\/strong> com equipamento (bomba de press\u00e3o hidr\u00e1ulica e colector de caleira) para casas ou jardins \u00e9 um modelo pr\u00e1tico que se destina a uma <strong>utiliza\u00e7\u00e3o ecol\u00f3gica e econ\u00f3mica<\/strong>. Para al\u00e9m disso, os nossos tanques podem ser parametrizados e s\u00e3o concebidos para serem integrados num sistema de \u00e1guas residuais. Eis alguns exemplos de <strong>consumo do nosso <a href=\"https:\/\/www.maciterneecolo.fr\/fr\/\">tanque de \u00e1gua<\/a> pot\u00e1vel e n\u00e3o pot\u00e1vel volume 1 a 100 m\u00b3, regulamento ISO<\/strong> em conformidade com a lei em Fran\u00e7a e isento do constrangimento de ter de construir um abrigo no seu jardim ou de fazer terraplanagens no seu terreno:<\/p>\n\n<ul class=\"wp-block-list\">\n<li>Utiliza\u00e7\u00e3o de um tanque de recolha de \u00e1gua da chuva para<strong>regar<\/strong> flores e plantas num jardim;<\/li>\n\n\n\n<li>Utiliza\u00e7\u00e3o de tanques de colheita de \u00e1gua da chuva para a irriga\u00e7\u00e3o de legumes, \u00e1rvores de fruto e ervas arom\u00e1ticas na horta;<\/li>\n\n\n\n<li>Utiliza\u00e7\u00e3o de um tanque de recolha de \u00e1gua da chuva para a <strong>limpeza da casa<\/strong> (azulejos, vidro, janelas, pavimentos, portas, etc.);<\/li>\n\n\n\n<li>Utiliza\u00e7\u00e3o de tanques de recupera\u00e7\u00e3o de \u00e1guas pluviais para lavagem de ve\u00edculos (autom\u00f3veis, motociclos, reboques, etc.);<\/li>\n\n\n\n<li>Utiliza\u00e7\u00e3o de um tanque de recolha de \u00e1gua da chuva para o <strong>refresco da relva sint\u00e9tica <\/strong>num campo muito ensolarado;<\/li>\n\n\n\n<li>Utiliza\u00e7\u00e3o de tanque de recupera\u00e7\u00e3o de \u00e1gua da chuva para abastecimento de m\u00e1quinas de lavar;<\/li>\n\n\n\n<li>Utiliza\u00e7\u00e3o de um tanque de recolha da \u00e1gua da chuva para <strong>encher<\/strong> a cisterna da sanita.<\/li>\n<\/ul>\n\n<p><strong><em>N\u00e3o hesite em contactar-nos para mais informa\u00e7\u00f5es e para subscrever a nossa newsletter. Desta forma, pode ter a certeza de n\u00e3o perder nenhuma das nossas novidades e poupar muito dinheiro no seu consumo de \u00e1gua pot\u00e1vel, gra\u00e7as \u00e0 instala\u00e7\u00e3o do nosso tanque de \u00e1gua da chuva! Pode tamb\u00e9m deixar-nos mensagens de satisfa\u00e7\u00e3o depois de receber e utilizar os nossos sistemas de armazenamento de \u00e1gua da chuva em Fran\u00e7a. E n\u00e3o se esque\u00e7a, com o nosso sistema de recolha da \u00e1gua da chuva, n\u00e3o h\u00e1 necessidade de constru\u00e7\u00e3o!<\/em><\/strong><\/p>\n","protected":false},"excerpt":{"rendered":"<p>A \u00e1gua da chuva \u00e9 uma fonte de \u00e1gua livre, limpa e renov\u00e1vel. O sistema de armazenamento de \u00e1gua da chuva de baixo custo para uso interior e exterior \u00e9 isento de manuten\u00e7\u00e3o e n\u00e3o requer qualquer trabalho especial. Al\u00e9m disso, n\u00e3o perturba ningu\u00e9m durante a sua utiliza\u00e7\u00e3o, nem mesmo o seu vizinho! \u00c9 poss\u00edvel [&hellip;]<\/p>\n","protected":false},"author":2,"featured_media":1325,"comment_status":"closed","ping_status":"closed","sticky":false,"template":"","format":"standard","meta":{"inline_featured_image":false,"footnotes":""},"categories":[87],"tags":[264,971,66],"class_list":["post-2891","post","type-post","status-publish","format-standard","has-post-thumbnail","hentry","category-instalacao-de-um-tanque-flexivel","tag-instalacao","tag-licenca-de-construcao","tag-tanque-flexivel"],"yoast_head":"<!-- This site is optimized with the Yoast SEO plugin v27.4 - https:\/\/yoast.com\/product\/yoast-seo-wordpress\/ -->\n<title>Tanques de \u00e1gua da chuva sem autoriza\u00e7\u00e3o de planeamento<\/title>\n<meta name=\"description\" content=\"Est\u00e1 a planear instalar um tanque de recolha da \u00e1gua da chuva? Responderemos \u00e0s suas perguntas.\" \/>\n<meta name=\"robots\" content=\"index, follow, max-snippet:-1, max-image-preview:large, max-video-preview:-1\" \/>\n<link rel=\"canonical\" href=\"https:\/\/blog.maciterneecolo.fr\/pt-pt\/tanques-de-agua-da-chuva-sem-autorizacao-de-planeamento\/\" \/>\n<meta property=\"og:locale\" content=\"pt_PT\" \/>\n<meta property=\"og:type\" content=\"article\" \/>\n<meta property=\"og:title\" content=\"Tanques de \u00e1gua da chuva sem autoriza\u00e7\u00e3o de planeamento\" \/>\n<meta property=\"og:description\" content=\"Est\u00e1 a planear instalar um tanque de recolha da \u00e1gua da chuva? Responderemos \u00e0s suas perguntas.\" \/>\n<meta property=\"og:url\" content=\"https:\/\/blog.maciterneecolo.fr\/pt-pt\/tanques-de-agua-da-chuva-sem-autorizacao-de-planeamento\/\" \/>\n<meta property=\"og:site_name\" content=\"Blog Ma Citerne Ecolo\" \/>\n<meta property=\"article:published_time\" content=\"2022-12-16T12:58:28+00:00\" \/>\n<meta property=\"article:modified_time\" content=\"2023-01-10T14:18:41+00:00\" \/>\n<meta property=\"og:image\" content=\"https:\/\/blog.maciterneecolo.fr\/wp-content\/uploads\/2022\/12\/permis-de-construire-installation-citerne-souple.jpeg\" \/>\n\t<meta property=\"og:image:width\" content=\"612\" \/>\n\t<meta property=\"og:image:height\" content=\"371\" \/>\n\t<meta property=\"og:image:type\" content=\"image\/jpeg\" \/>\n<meta name=\"author\" content=\"Lucile\" \/>\n<meta name=\"twitter:card\" content=\"summary_large_image\" \/>\n<meta name=\"twitter:label1\" content=\"Escrito por\" \/>\n\t<meta name=\"twitter:data1\" content=\"Lucile\" \/>\n\t<meta name=\"twitter:label2\" content=\"Tempo estimado de leitura\" \/>\n\t<meta name=\"twitter:data2\" content=\"6 minutos\" \/>\n<script type=\"application\/ld+json\" class=\"yoast-schema-graph\">{\"@context\":\"https:\\\/\\\/schema.org\",\"@graph\":[{\"@type\":\"Article\",\"@id\":\"https:\\\/\\\/blog.maciterneecolo.fr\\\/pt-pt\\\/tanques-de-agua-da-chuva-sem-autorizacao-de-planeamento\\\/#article\",\"isPartOf\":{\"@id\":\"https:\\\/\\\/blog.maciterneecolo.fr\\\/pt-pt\\\/tanques-de-agua-da-chuva-sem-autorizacao-de-planeamento\\\/\"},\"author\":{\"name\":\"Lucile\",\"@id\":\"https:\\\/\\\/blog.maciterneecolo.fr\\\/pt-pt\\\/#\\\/schema\\\/person\\\/cfb93b191140c86292f0707edfd4b6fe\"},\"headline\":\"Tanques de \u00e1gua da chuva sem autoriza\u00e7\u00e3o de planeamento\",\"datePublished\":\"2022-12-16T12:58:28+00:00\",\"dateModified\":\"2023-01-10T14:18:41+00:00\",\"mainEntityOfPage\":{\"@id\":\"https:\\\/\\\/blog.maciterneecolo.fr\\\/pt-pt\\\/tanques-de-agua-da-chuva-sem-autorizacao-de-planeamento\\\/\"},\"wordCount\":1189,\"publisher\":{\"@id\":\"https:\\\/\\\/blog.maciterneecolo.fr\\\/pt-pt\\\/#organization\"},\"image\":{\"@id\":\"https:\\\/\\\/blog.maciterneecolo.fr\\\/pt-pt\\\/tanques-de-agua-da-chuva-sem-autorizacao-de-planeamento\\\/#primaryimage\"},\"thumbnailUrl\":\"https:\\\/\\\/blog.maciterneecolo.fr\\\/wp-content\\\/uploads\\\/2022\\\/12\\\/permis-de-construire-installation-citerne-souple.jpeg\",\"keywords\":[\"instala\u00e7\u00e3o\",\"licen\u00e7a de constru\u00e7\u00e3o\",\"tanque flex\u00edvel\"],\"articleSection\":[\"Instala\u00e7\u00e3o de um tanque flex\u00edvel\"],\"inLanguage\":\"pt-PT\"},{\"@type\":\"WebPage\",\"@id\":\"https:\\\/\\\/blog.maciterneecolo.fr\\\/pt-pt\\\/tanques-de-agua-da-chuva-sem-autorizacao-de-planeamento\\\/\",\"url\":\"https:\\\/\\\/blog.maciterneecolo.fr\\\/pt-pt\\\/tanques-de-agua-da-chuva-sem-autorizacao-de-planeamento\\\/\",\"name\":\"Tanques de \u00e1gua da chuva sem autoriza\u00e7\u00e3o de planeamento\",\"isPartOf\":{\"@id\":\"https:\\\/\\\/blog.maciterneecolo.fr\\\/pt-pt\\\/#website\"},\"primaryImageOfPage\":{\"@id\":\"https:\\\/\\\/blog.maciterneecolo.fr\\\/pt-pt\\\/tanques-de-agua-da-chuva-sem-autorizacao-de-planeamento\\\/#primaryimage\"},\"image\":{\"@id\":\"https:\\\/\\\/blog.maciterneecolo.fr\\\/pt-pt\\\/tanques-de-agua-da-chuva-sem-autorizacao-de-planeamento\\\/#primaryimage\"},\"thumbnailUrl\":\"https:\\\/\\\/blog.maciterneecolo.fr\\\/wp-content\\\/uploads\\\/2022\\\/12\\\/permis-de-construire-installation-citerne-souple.jpeg\",\"datePublished\":\"2022-12-16T12:58:28+00:00\",\"dateModified\":\"2023-01-10T14:18:41+00:00\",\"description\":\"Est\u00e1 a planear instalar um tanque de recolha da \u00e1gua da chuva? Responderemos \u00e0s suas perguntas.\",\"breadcrumb\":{\"@id\":\"https:\\\/\\\/blog.maciterneecolo.fr\\\/pt-pt\\\/tanques-de-agua-da-chuva-sem-autorizacao-de-planeamento\\\/#breadcrumb\"},\"inLanguage\":\"pt-PT\",\"potentialAction\":[{\"@type\":\"ReadAction\",\"target\":[\"https:\\\/\\\/blog.maciterneecolo.fr\\\/pt-pt\\\/tanques-de-agua-da-chuva-sem-autorizacao-de-planeamento\\\/\"]}]},{\"@type\":\"ImageObject\",\"inLanguage\":\"pt-PT\",\"@id\":\"https:\\\/\\\/blog.maciterneecolo.fr\\\/pt-pt\\\/tanques-de-agua-da-chuva-sem-autorizacao-de-planeamento\\\/#primaryimage\",\"url\":\"https:\\\/\\\/blog.maciterneecolo.fr\\\/wp-content\\\/uploads\\\/2022\\\/12\\\/permis-de-construire-installation-citerne-souple.jpeg\",\"contentUrl\":\"https:\\\/\\\/blog.maciterneecolo.fr\\\/wp-content\\\/uploads\\\/2022\\\/12\\\/permis-de-construire-installation-citerne-souple.jpeg\",\"width\":612,\"height\":371,\"caption\":\"Swiss universal knife with tools on white background.\"},{\"@type\":\"BreadcrumbList\",\"@id\":\"https:\\\/\\\/blog.maciterneecolo.fr\\\/pt-pt\\\/tanques-de-agua-da-chuva-sem-autorizacao-de-planeamento\\\/#breadcrumb\",\"itemListElement\":[{\"@type\":\"ListItem\",\"position\":1,\"name\":\"Accueil\",\"item\":\"https:\\\/\\\/blog.maciterneecolo.fr\\\/pt-pt\\\/\"},{\"@type\":\"ListItem\",\"position\":2,\"name\":\"Tanques de \u00e1gua da chuva sem autoriza\u00e7\u00e3o de planeamento\"}]},{\"@type\":\"WebSite\",\"@id\":\"https:\\\/\\\/blog.maciterneecolo.fr\\\/pt-pt\\\/#website\",\"url\":\"https:\\\/\\\/blog.maciterneecolo.fr\\\/pt-pt\\\/\",\"name\":\"Blog Ma Citerne Ecolo\",\"description\":\"Leader dans le domaine de la citerne souple d&#039;eau de pluie\",\"publisher\":{\"@id\":\"https:\\\/\\\/blog.maciterneecolo.fr\\\/pt-pt\\\/#organization\"},\"potentialAction\":[{\"@type\":\"SearchAction\",\"target\":{\"@type\":\"EntryPoint\",\"urlTemplate\":\"https:\\\/\\\/blog.maciterneecolo.fr\\\/pt-pt\\\/?s={search_term_string}\"},\"query-input\":{\"@type\":\"PropertyValueSpecification\",\"valueRequired\":true,\"valueName\":\"search_term_string\"}}],\"inLanguage\":\"pt-PT\"},{\"@type\":\"Organization\",\"@id\":\"https:\\\/\\\/blog.maciterneecolo.fr\\\/pt-pt\\\/#organization\",\"name\":\"Blog Ma Citerne Ecolo\",\"url\":\"https:\\\/\\\/blog.maciterneecolo.fr\\\/pt-pt\\\/\",\"logo\":{\"@type\":\"ImageObject\",\"inLanguage\":\"pt-PT\",\"@id\":\"https:\\\/\\\/blog.maciterneecolo.fr\\\/pt-pt\\\/#\\\/schema\\\/logo\\\/image\\\/\",\"url\":\"https:\\\/\\\/blog.maciterneecolo.fr\\\/wp-content\\\/uploads\\\/2022\\\/12\\\/cropped-favicon-blog.png\",\"contentUrl\":\"https:\\\/\\\/blog.maciterneecolo.fr\\\/wp-content\\\/uploads\\\/2022\\\/12\\\/cropped-favicon-blog.png\",\"width\":512,\"height\":512,\"caption\":\"Blog Ma Citerne Ecolo\"},\"image\":{\"@id\":\"https:\\\/\\\/blog.maciterneecolo.fr\\\/pt-pt\\\/#\\\/schema\\\/logo\\\/image\\\/\"}},{\"@type\":\"Person\",\"@id\":\"https:\\\/\\\/blog.maciterneecolo.fr\\\/pt-pt\\\/#\\\/schema\\\/person\\\/cfb93b191140c86292f0707edfd4b6fe\",\"name\":\"Lucile\",\"image\":{\"@type\":\"ImageObject\",\"inLanguage\":\"pt-PT\",\"@id\":\"https:\\\/\\\/secure.gravatar.com\\\/avatar\\\/3c571ab7761bcc142db76a63f33a2a5ebee8b76990a871c9329e3e6df7ae9f3c?s=96&d=mm&r=g\",\"url\":\"https:\\\/\\\/secure.gravatar.com\\\/avatar\\\/3c571ab7761bcc142db76a63f33a2a5ebee8b76990a871c9329e3e6df7ae9f3c?s=96&d=mm&r=g\",\"contentUrl\":\"https:\\\/\\\/secure.gravatar.com\\\/avatar\\\/3c571ab7761bcc142db76a63f33a2a5ebee8b76990a871c9329e3e6df7ae9f3c?s=96&d=mm&r=g\",\"caption\":\"Lucile\"},\"url\":\"https:\\\/\\\/blog.maciterneecolo.fr\\\/pt-pt\\\/author\\\/lucilewerkeyn\\\/\"}]}<\/script>\n<!-- \/ Yoast SEO plugin. -->","yoast_head_json":{"title":"Tanques de \u00e1gua da chuva sem autoriza\u00e7\u00e3o de planeamento","description":"Est\u00e1 a planear instalar um tanque de recolha da \u00e1gua da chuva? Responderemos \u00e0s suas perguntas.","robots":{"index":"index","follow":"follow","max-snippet":"max-snippet:-1","max-image-preview":"max-image-preview:large","max-video-preview":"max-video-preview:-1"},"canonical":"https:\/\/blog.maciterneecolo.fr\/pt-pt\/tanques-de-agua-da-chuva-sem-autorizacao-de-planeamento\/","og_locale":"pt_PT","og_type":"article","og_title":"Tanques de \u00e1gua da chuva sem autoriza\u00e7\u00e3o de planeamento","og_description":"Est\u00e1 a planear instalar um tanque de recolha da \u00e1gua da chuva? Responderemos \u00e0s suas perguntas.","og_url":"https:\/\/blog.maciterneecolo.fr\/pt-pt\/tanques-de-agua-da-chuva-sem-autorizacao-de-planeamento\/","og_site_name":"Blog Ma Citerne Ecolo","article_published_time":"2022-12-16T12:58:28+00:00","article_modified_time":"2023-01-10T14:18:41+00:00","og_image":[{"width":612,"height":371,"url":"https:\/\/blog.maciterneecolo.fr\/wp-content\/uploads\/2022\/12\/permis-de-construire-installation-citerne-souple.jpeg","type":"image\/jpeg"}],"author":"Lucile","twitter_card":"summary_large_image","twitter_misc":{"Escrito por":"Lucile","Tempo estimado de leitura":"6 minutos"},"schema":{"@context":"https:\/\/schema.org","@graph":[{"@type":"Article","@id":"https:\/\/blog.maciterneecolo.fr\/pt-pt\/tanques-de-agua-da-chuva-sem-autorizacao-de-planeamento\/#article","isPartOf":{"@id":"https:\/\/blog.maciterneecolo.fr\/pt-pt\/tanques-de-agua-da-chuva-sem-autorizacao-de-planeamento\/"},"author":{"name":"Lucile","@id":"https:\/\/blog.maciterneecolo.fr\/pt-pt\/#\/schema\/person\/cfb93b191140c86292f0707edfd4b6fe"},"headline":"Tanques de \u00e1gua da chuva sem autoriza\u00e7\u00e3o de planeamento","datePublished":"2022-12-16T12:58:28+00:00","dateModified":"2023-01-10T14:18:41+00:00","mainEntityOfPage":{"@id":"https:\/\/blog.maciterneecolo.fr\/pt-pt\/tanques-de-agua-da-chuva-sem-autorizacao-de-planeamento\/"},"wordCount":1189,"publisher":{"@id":"https:\/\/blog.maciterneecolo.fr\/pt-pt\/#organization"},"image":{"@id":"https:\/\/blog.maciterneecolo.fr\/pt-pt\/tanques-de-agua-da-chuva-sem-autorizacao-de-planeamento\/#primaryimage"},"thumbnailUrl":"https:\/\/blog.maciterneecolo.fr\/wp-content\/uploads\/2022\/12\/permis-de-construire-installation-citerne-souple.jpeg","keywords":["instala\u00e7\u00e3o","licen\u00e7a de constru\u00e7\u00e3o","tanque flex\u00edvel"],"articleSection":["Instala\u00e7\u00e3o de um tanque flex\u00edvel"],"inLanguage":"pt-PT"},{"@type":"WebPage","@id":"https:\/\/blog.maciterneecolo.fr\/pt-pt\/tanques-de-agua-da-chuva-sem-autorizacao-de-planeamento\/","url":"https:\/\/blog.maciterneecolo.fr\/pt-pt\/tanques-de-agua-da-chuva-sem-autorizacao-de-planeamento\/","name":"Tanques de \u00e1gua da chuva sem autoriza\u00e7\u00e3o de planeamento","isPartOf":{"@id":"https:\/\/blog.maciterneecolo.fr\/pt-pt\/#website"},"primaryImageOfPage":{"@id":"https:\/\/blog.maciterneecolo.fr\/pt-pt\/tanques-de-agua-da-chuva-sem-autorizacao-de-planeamento\/#primaryimage"},"image":{"@id":"https:\/\/blog.maciterneecolo.fr\/pt-pt\/tanques-de-agua-da-chuva-sem-autorizacao-de-planeamento\/#primaryimage"},"thumbnailUrl":"https:\/\/blog.maciterneecolo.fr\/wp-content\/uploads\/2022\/12\/permis-de-construire-installation-citerne-souple.jpeg","datePublished":"2022-12-16T12:58:28+00:00","dateModified":"2023-01-10T14:18:41+00:00","description":"Est\u00e1 a planear instalar um tanque de recolha da \u00e1gua da chuva? Responderemos \u00e0s suas perguntas.","breadcrumb":{"@id":"https:\/\/blog.maciterneecolo.fr\/pt-pt\/tanques-de-agua-da-chuva-sem-autorizacao-de-planeamento\/#breadcrumb"},"inLanguage":"pt-PT","potentialAction":[{"@type":"ReadAction","target":["https:\/\/blog.maciterneecolo.fr\/pt-pt\/tanques-de-agua-da-chuva-sem-autorizacao-de-planeamento\/"]}]},{"@type":"ImageObject","inLanguage":"pt-PT","@id":"https:\/\/blog.maciterneecolo.fr\/pt-pt\/tanques-de-agua-da-chuva-sem-autorizacao-de-planeamento\/#primaryimage","url":"https:\/\/blog.maciterneecolo.fr\/wp-content\/uploads\/2022\/12\/permis-de-construire-installation-citerne-souple.jpeg","contentUrl":"https:\/\/blog.maciterneecolo.fr\/wp-content\/uploads\/2022\/12\/permis-de-construire-installation-citerne-souple.jpeg","width":612,"height":371,"caption":"Swiss universal knife with tools on white background."},{"@type":"BreadcrumbList","@id":"https:\/\/blog.maciterneecolo.fr\/pt-pt\/tanques-de-agua-da-chuva-sem-autorizacao-de-planeamento\/#breadcrumb","itemListElement":[{"@type":"ListItem","position":1,"name":"Accueil","item":"https:\/\/blog.maciterneecolo.fr\/pt-pt\/"},{"@type":"ListItem","position":2,"name":"Tanques de \u00e1gua da chuva sem autoriza\u00e7\u00e3o de planeamento"}]},{"@type":"WebSite","@id":"https:\/\/blog.maciterneecolo.fr\/pt-pt\/#website","url":"https:\/\/blog.maciterneecolo.fr\/pt-pt\/","name":"Blog Ma Citerne Ecolo","description":"Leader dans le domaine de la citerne souple d&#039;eau de pluie","publisher":{"@id":"https:\/\/blog.maciterneecolo.fr\/pt-pt\/#organization"},"potentialAction":[{"@type":"SearchAction","target":{"@type":"EntryPoint","urlTemplate":"https:\/\/blog.maciterneecolo.fr\/pt-pt\/?s={search_term_string}"},"query-input":{"@type":"PropertyValueSpecification","valueRequired":true,"valueName":"search_term_string"}}],"inLanguage":"pt-PT"},{"@type":"Organization","@id":"https:\/\/blog.maciterneecolo.fr\/pt-pt\/#organization","name":"Blog Ma Citerne Ecolo","url":"https:\/\/blog.maciterneecolo.fr\/pt-pt\/","logo":{"@type":"ImageObject","inLanguage":"pt-PT","@id":"https:\/\/blog.maciterneecolo.fr\/pt-pt\/#\/schema\/logo\/image\/","url":"https:\/\/blog.maciterneecolo.fr\/wp-content\/uploads\/2022\/12\/cropped-favicon-blog.png","contentUrl":"https:\/\/blog.maciterneecolo.fr\/wp-content\/uploads\/2022\/12\/cropped-favicon-blog.png","width":512,"height":512,"caption":"Blog Ma Citerne Ecolo"},"image":{"@id":"https:\/\/blog.maciterneecolo.fr\/pt-pt\/#\/schema\/logo\/image\/"}},{"@type":"Person","@id":"https:\/\/blog.maciterneecolo.fr\/pt-pt\/#\/schema\/person\/cfb93b191140c86292f0707edfd4b6fe","name":"Lucile","image":{"@type":"ImageObject","inLanguage":"pt-PT","@id":"https:\/\/secure.gravatar.com\/avatar\/3c571ab7761bcc142db76a63f33a2a5ebee8b76990a871c9329e3e6df7ae9f3c?s=96&d=mm&r=g","url":"https:\/\/secure.gravatar.com\/avatar\/3c571ab7761bcc142db76a63f33a2a5ebee8b76990a871c9329e3e6df7ae9f3c?s=96&d=mm&r=g","contentUrl":"https:\/\/secure.gravatar.com\/avatar\/3c571ab7761bcc142db76a63f33a2a5ebee8b76990a871c9329e3e6df7ae9f3c?s=96&d=mm&r=g","caption":"Lucile"},"url":"https:\/\/blog.maciterneecolo.fr\/pt-pt\/author\/lucilewerkeyn\/"}]}},"_links":{"self":[{"href":"https:\/\/blog.maciterneecolo.fr\/pt-pt\/wp-json\/wp\/v2\/posts\/2891","targetHints":{"allow":["GET"]}}],"collection":[{"href":"https:\/\/blog.maciterneecolo.fr\/pt-pt\/wp-json\/wp\/v2\/posts"}],"about":[{"href":"https:\/\/blog.maciterneecolo.fr\/pt-pt\/wp-json\/wp\/v2\/types\/post"}],"author":[{"embeddable":true,"href":"https:\/\/blog.maciterneecolo.fr\/pt-pt\/wp-json\/wp\/v2\/users\/2"}],"replies":[{"embeddable":true,"href":"https:\/\/blog.maciterneecolo.fr\/pt-pt\/wp-json\/wp\/v2\/comments?post=2891"}],"version-history":[{"count":1,"href":"https:\/\/blog.maciterneecolo.fr\/pt-pt\/wp-json\/wp\/v2\/posts\/2891\/revisions"}],"predecessor-version":[{"id":2898,"href":"https:\/\/blog.maciterneecolo.fr\/pt-pt\/wp-json\/wp\/v2\/posts\/2891\/revisions\/2898"}],"wp:featuredmedia":[{"embeddable":true,"href":"https:\/\/blog.maciterneecolo.fr\/pt-pt\/wp-json\/wp\/v2\/media\/1325"}],"wp:attachment":[{"href":"https:\/\/blog.maciterneecolo.fr\/pt-pt\/wp-json\/wp\/v2\/media?parent=2891"}],"wp:term":[{"taxonomy":"category","embeddable":true,"href":"https:\/\/blog.maciterneecolo.fr\/pt-pt\/wp-json\/wp\/v2\/categories?post=2891"},{"taxonomy":"post_tag","embeddable":true,"href":"https:\/\/blog.maciterneecolo.fr\/pt-pt\/wp-json\/wp\/v2\/tags?post=2891"}],"curies":[{"name":"wp","href":"https:\/\/api.w.org\/{rel}","templated":true}]}}