{"id":2939,"date":"2022-12-16T13:50:27","date_gmt":"2022-12-16T13:50:27","guid":{"rendered":"https:\/\/blog.maciterneecolo.fr\/tanque-flexivel-anti-fungos-e-amarelecimento-da-agua-da-chuva\/"},"modified":"2023-09-08T10:56:37","modified_gmt":"2023-09-08T10:56:37","slug":"tanque-flexivel-anti-fungos-e-amarelecimento-da-agua-da-chuva","status":"publish","type":"post","link":"https:\/\/blog.maciterneecolo.fr\/pt-pt\/tanque-flexivel-anti-fungos-e-amarelecimento-da-agua-da-chuva\/","title":{"rendered":"Tanque flex\u00edvel anti-fungos e amarelecimento da \u00e1gua da chuva"},"content":{"rendered":"\n<p>Apresentamos um reservat\u00f3rio flex\u00edvel anti-fungos e amarelecimento, com filtro coletor e bomba de press\u00e3o hidr\u00e1ulica, para uma f\u00e1cil recupera\u00e7\u00e3o da \u00e1gua livre em Fran\u00e7a, ao n\u00edvel do telhado, quando chove. Trata-se de um dispositivo fi\u00e1vel e eficiente que lhe permite utilizar \u00e1gua saud\u00e1vel. Foco na solu\u00e7\u00e3o  <strong>tanque flex\u00edvel de \u00e1gua da chuva<\/strong>  anti-amarelamento que  <strong>p\u00e1ra o crescimento de microrganismos mesmo quando expostos \u00e0 luz!<\/strong>  Gra\u00e7as aos nossos produtos para espa\u00e7os e jardins, n\u00e3o s\u00f3 poupar\u00e1 dinheiro, mas tamb\u00e9m um tempo inestim\u00e1vel, porque em menos de 2 horas, a nossa lona para \u00e1guas pluviais pode ser colocada no espa\u00e7o.  <strong>altura desejada<\/strong>  no solo, em posi\u00e7\u00e3o suspensa ou semi-enterrada. Este \u00e9 um tanque muito vantajoso!<\/p>\n\n<h2 class=\"wp-block-heading\" id=\"ybc_heading_h2_1\"><strong>Tanque de \u00e1gua antif\u00fangica contra o amarelecimento da \u00e1gua da chuva<\/strong><\/h2>\n\n<p>Procura tanques que armazenam centenas de litros de \u00e1gua da chuva, bem como litros de \u00e1gua da torneira? A nossa <strong>bexiga autoportante<\/strong> para espa\u00e7os de rastejamento \u00e9 a melhor escolha para todos os tipos de recolha e armazenamento de \u00e1gua. \u00c9 compat\u00edvel com a integra\u00e7\u00e3o de colectores de filtro para caleiras de telhado. Al\u00e9m disso, este produto \u00e9 um <strong>dispositivo de recolha de \u00e1guas pluviais<\/strong> que elimina as impurezas contidas nas mesmas. Com um reservat\u00f3rio anti-f\u00fangico que n\u00e3o permite a passagem de luz ultravioleta, os nossos produtos impedem o crescimento de bact\u00e9rias. Uma vez que o tanque cont\u00e9m a \u00e1gua, n\u00e3o fica amarelo ou verde. De facto, as <strong>propriedades de fabrico dos nossos produtos para aqu\u00e1rios<\/strong> de qualidade superior foram concebidas para n\u00e3o favorecer o aparecimento de musgos, fungos, algas ou a prolifera\u00e7\u00e3o de larvas de mosquitos.<\/p>\n\n<h2 class=\"wp-block-heading\" id=\"ybc_heading_h2_2\"><strong>A composi\u00e7\u00e3o t\u00e9cnica do tanque flex\u00edvel anti-fungos e anti-amarelamento<\/strong><\/h2>\n\n<p>Os nossos<strong> tanques de<\/strong> \u00e1gua da chuva de qualidade superior com <a href=\"https:\/\/www.maciterneecolo.fr\/fr\/\">reservat\u00f3rio de \u00e1gua da chuva<\/a> n\u00e3o oxidante est\u00e3o dispon\u00edveis da seguinte forma:<\/p>\n\n<ul class=\"wp-block-list\">\n<li>uma escotilha de 160 mm para eventos soldados com tampa de rosca<\/li>\n\n\n\n<li>um transbordo roscado com um encaixe de cotovelo roscado<\/li>\n\n\n\n<li>uma sa\u00edda de tanque<\/li>\n\n\n\n<li>uma v\u00e1lvula de sa\u00edda na lateral<\/li>\n\n\n\n<li>cantos refor\u00e7ados com parafusos de a\u00e7o inoxid\u00e1vel<\/li>\n<\/ul>\n\n<h2 class=\"wp-block-heading\" id=\"ybc_heading_h2_3\"><strong>Os acess\u00f3rios do tanque flex\u00edvel anti-fungos e anti-amarelamento<\/strong><\/h2>\n\n<p>O nosso<strong> tanque flex\u00edvel de antif\u00fangicos <\/strong>\u00e9 um saco concebido para a recolha, armazenamento e transporte de \u00e1gua da chuva. Este recuperador de parede dupla \u00e9 tratado <strong>contra os raios UV<\/strong> e est\u00e1 em conformidade com as normas ISO em Fran\u00e7a.<\/p>\n\n<p>Estes s\u00e3o os<strong> acess\u00f3rios<\/strong> para o nosso tanque:<\/p>\n\n<ul class=\"wp-block-list\">\n<li>Bomba el\u00e9ctrica para tanques flex\u00edveis de 1 a 100 m\u00b3;<\/li>\n\n\n\n<li>Mangueiras em espiral para tanques de \u00e1gua de 1 a 100 m\u00b3 ;<\/li>\n\n\n\n<li>Conector T com 3 liga\u00e7\u00f5es para tanques de 1 a 100 m\u00b3;<\/li>\n\n\n\n<li>Kit de bomba para tanques de \u00e1gua de 1 a 100 m\u00b3;<\/li>\n\n\n\n<li>Grampo para tanques de \u00e1gua de 1 a 100 m\u00b3;<\/li>\n\n\n\n<li>V\u00e1lvula anti-retorno para tanques de \u00e1gua de 1 a 100 m\u00b3.<\/li>\n<\/ul>\n\n<p>Se estiver \u00e0 procura de outro <strong>equipamento<\/strong> para acrescentar \u00e0 sua instala\u00e7\u00e3o, por favor contacte-nos.<\/p>\n\n<h2 class=\"wp-block-heading\" id=\"ybc_heading_h2_4\"><strong>As propriedades do tanque flex\u00edvel antif\u00fangico e anti-amarelamento<\/strong><\/h2>\n\n<p>O nosso equipamento tem muitas vantagens para a colheita da \u00e1gua da chuva:<\/p>\n\n<ul class=\"wp-block-list\">\n<li>Tanque anti-evapora\u00e7\u00e3o<\/li>\n\n\n\n<li>Tanque Anti-UV<\/li>\n\n\n\n<li>Antifungal tanker<\/li>\n\n\n\n<li>Tanque anti-fuga<\/li>\n\n\n\n<li>Tanque recicl\u00e1vel<\/li>\n\n\n\n<li>Tanque antialgas<\/li>\n\n\n\n<li>Tanque de tecido t\u00e9cnico<\/li>\n\n\n\n<li>Tanque anti-oxida\u00e7\u00e3o<\/li>\n\n\n\n<li>Tanque imperme\u00e1vel<\/li>\n\n\n\n<li>Tanque polivalente<\/li>\n\n\n\n<li><a href=\"https:\/\/www.maciterneecolo.fr\/fr\/3-citernes-souples-recuperation-eau-de-pluie\">Tanque<\/a> anti-mosquito<\/li>\n<\/ul>\n\n<h2 class=\"wp-block-heading\" id=\"ybc_heading_h2_5\"><strong>Os usos do tanque flex\u00edvel anti-fungos e anti-amarelamento<\/strong><\/h2>\n\n<ul class=\"wp-block-list\">\n<li>Armazenamento de \u00e1gua n\u00e3o pot\u00e1vel para irriga\u00e7\u00e3o e rega de jardins e hortas<\/li>\n\n\n\n<li>Saco de \u00e1gua de emerg\u00eancia para combate a inc\u00eandios e servi\u00e7o p\u00f3s-venda<\/li>\n\n\n\n<li>Colector de \u00e1gua da chuva para piscina, lago e aqu\u00e1rio<\/li>\n\n\n\n<li>Recuperador de \u00e1gua para relvados naturais e <a href=\"https:\/\/thegazonsynthetique.fr\/\">sint\u00e9ticos<\/a><\/li>\n\n\n\n<li>Almofadas de \u00e1gua da chuva macia para a limpeza de carros e outros ve\u00edculos<\/li>\n\n\n\n<li>Distribui\u00e7\u00e3o de uma rede de \u00e1guas pluviais para terrenos agr\u00edcolas<\/li>\n\n\n\n<li>Encerado auto-sustent\u00e1vel para a limpeza da casa<\/li>\n\n\n\n<li>Recuperador para o abastecimento da m\u00e1quina de lavar e o enchimento do tanque do seu WC<\/li>\n\n\n\n<li>Solu\u00e7\u00e3o de abastecimento de \u00e1gua da chuva no local<\/li>\n\n\n\n<li>Tanque de \u00e1gua doce exterior para animais de estima\u00e7\u00e3o e animais de quinta<\/li>\n<\/ul>\n\n<p>Gostar\u00edamos de lembrar aos nossos clientes que, uma vez desdobrado o nosso<strong> tanque<\/strong> e instalado sobre uma <strong>cama de areia ou geot\u00eaxtil<\/strong>, certifique-se de que o faz longe de objectos afiados.<\/p>\n\n<h2 class=\"wp-block-heading\" id=\"ybc_heading_h2_6\"><strong>As vantagens do tanque flex\u00edvel anti-fungos e anti-amarelamento<\/strong><\/h2>\n\n<p>Os nossos tanques de \u00e1gua da chuva opacos s\u00e3o anti-fungos e tratados para impedir a entrada dos raios solares nocivos. \u00c9 o tanque de PVC por excel\u00eancia para a <strong>recolha e armazenamento de \u00e1guas pluviais<\/strong>. O nosso reservat\u00f3rio flex\u00edvel <strong>de pl\u00e1stico reciclado<\/strong> funciona como um saco flex\u00edvel para recolher, armazenar e transportar a \u00e1gua da chuva. O nosso sistema de recolha de \u00e1guas pluviais de baixo custo \u00e9 f\u00e1cil de instalar. Al\u00e9m disso, a nossa bexiga de alta densidade \u00e9 adequada para instala\u00e7\u00e3o a partir do seu <strong>espa\u00e7o de rastejamento<\/strong>. Mas tamb\u00e9m no seu jardim, debaixo do seu terra\u00e7o, na sua varanda, no seu alpendre ou no seu quintal. \u00c9 um tanque que resiste tanto ao frio (mesmo \u00e0 geada) como \u00e0 exposi\u00e7\u00e3o solar (-30\u00b0C a +75\u00b0C).<\/p>\n\n<p>As nossas <strong>almofadas de PVC <\/strong>para pavimentos de <strong>\u00e1guas pluviais <\/strong>foram concebidas para aplica\u00e7\u00f5es dom\u00e9sticas e exteriores. Consulte os nossos diferentes modelos de <strong>tanques de recupera\u00e7\u00e3o<\/strong> para pre\u00e7os unit\u00e1rios e disponibilidade online. Pode escolher entre uma gama de reservat\u00f3rios de 1 m\u00b3 a 100 m\u00b3. Por outras palavras, uma capacidade de armazenamento de 1.000 a 100.000 litros. Estes <strong>reservat\u00f3rios para casas e<\/strong> espa\u00e7os <strong>exteriores<\/strong> s\u00e3o ideais para a recolha de \u00e1gua da chuva. Assim, pode ser utilizado durante os per\u00edodos de restri\u00e7\u00e3o em Fran\u00e7a (rega do jardim, irriga\u00e7\u00e3o da horta, trabalhos dom\u00e9sticos, etc.). Ver o nosso artigo sobre a pluviosidade regional. Isto permitir-lhe-\u00e1 igualmente calcular a capacidade de que disp\u00f5e para todas as suas utiliza\u00e7\u00f5es.<\/p>\n\n<p><strong>Uma marca na venda de tanques flex\u00edveis que o ajuda a poupar dinheiro durante todo o ano!<\/strong><\/p>\n\n<p>Encontre agora o<strong> tanque flex\u00edvel antif\u00fangico com <a href=\"https:\/\/www.maciterneecolo.fr\/fr\/10-collecteur-de-gouttiere-eau-de-pluie-\">colector de caleira<\/a> e bomba hidr\u00e1ulica para colocar \u00e0 altura da sua escolha em qualquer solo<\/strong>! Encomendar com entrega gratuita um super tanque para a colheita da \u00e1gua da chuva em casa e espa\u00e7o verde. Al\u00e9m disso, a miss\u00e3o da nossa equipa de consultores consiste em prestar o melhor servi\u00e7o poss\u00edvel aos nossos clientes. Se tiver alguma d\u00favida sobre a instala\u00e7\u00e3o do nosso <strong>saco flex\u00edvel recicl\u00e1vel com liga\u00e7\u00e3o <\/strong>r\u00e1pida de distribui\u00e7\u00e3o de \u00e1guas pluviais, contacte-nos por e-mail ou telefone. Isto significa que podemos fornecer-lhe um servi\u00e7o completo, desde a informa\u00e7\u00e3o at\u00e9 \u00e0 entrega dos nossos sistemas de recolha. Veja as nossas outras novidades no <a href=\"https:\/\/blog.maciterneecolo.fr\/pt-pt\/\" target=\"_blank\" rel=\"noreferrer noopener\">blogue <\/a>! Uma oferta a n\u00e3o perder&#8230;<\/p>\n","protected":false},"excerpt":{"rendered":"<p>Apresentamos um reservat\u00f3rio flex\u00edvel anti-fungos e amarelecimento, com filtro coletor e bomba de press\u00e3o hidr\u00e1ulica, para uma f\u00e1cil recupera\u00e7\u00e3o da \u00e1gua livre em Fran\u00e7a, ao n\u00edvel do telhado, quando chove. Trata-se de um dispositivo fi\u00e1vel e eficiente que lhe permite utilizar \u00e1gua saud\u00e1vel. Foco na solu\u00e7\u00e3o tanque flex\u00edvel de \u00e1gua da chuva anti-amarelamento que p\u00e1ra [&hellip;]<\/p>\n","protected":false},"author":2,"featured_media":1373,"comment_status":"closed","ping_status":"closed","sticky":false,"template":"","format":"standard","meta":{"inline_featured_image":false,"footnotes":""},"categories":[387],"tags":[67,1005,1004,462],"class_list":["post-2939","post","type-post","status-publish","format-standard","has-post-thumbnail","hentry","category-tudo-o-que-precisa-de-saber-sobre-o-tanque-flexivel","tag-agua-da-chuva","tag-amarelamento","tag-antifungal","tag-tanque-flexivel-pt-pt"],"yoast_head":"<!-- This site is optimized with the Yoast SEO plugin v27.5 - https:\/\/yoast.com\/product\/yoast-seo-wordpress\/ -->\n<title>Tanque flex\u00edvel anti-fungos e amarelecimento da \u00e1gua da chuva<\/title>\n<meta name=\"description\" content=\"O nosso tanque macio antif\u00fangico e anti-amarelamento \u00e9 perfeito para a sua casa gra\u00e7as \u00e0 sua composi\u00e7\u00e3o t\u00e9cnica.\" \/>\n<meta name=\"robots\" content=\"index, follow, max-snippet:-1, max-image-preview:large, max-video-preview:-1\" \/>\n<link rel=\"canonical\" href=\"https:\/\/blog.maciterneecolo.fr\/pt-pt\/tanque-flexivel-anti-fungos-e-amarelecimento-da-agua-da-chuva\/\" \/>\n<meta property=\"og:locale\" content=\"pt_PT\" \/>\n<meta property=\"og:type\" content=\"article\" \/>\n<meta property=\"og:title\" content=\"Tanque flex\u00edvel anti-fungos e amarelecimento da \u00e1gua da chuva\" \/>\n<meta property=\"og:description\" content=\"O nosso tanque macio antif\u00fangico e anti-amarelamento \u00e9 perfeito para a sua casa gra\u00e7as \u00e0 sua composi\u00e7\u00e3o t\u00e9cnica.\" \/>\n<meta property=\"og:url\" content=\"https:\/\/blog.maciterneecolo.fr\/pt-pt\/tanque-flexivel-anti-fungos-e-amarelecimento-da-agua-da-chuva\/\" \/>\n<meta property=\"og:site_name\" content=\"Blog Ma Citerne Ecolo\" \/>\n<meta property=\"article:published_time\" content=\"2022-12-16T13:50:27+00:00\" \/>\n<meta property=\"article:modified_time\" content=\"2023-09-08T10:56:37+00:00\" \/>\n<meta property=\"og:image\" content=\"https:\/\/blog.maciterneecolo.fr\/wp-content\/uploads\/2022\/12\/cuve-souple-antifongique.jpg\" \/>\n\t<meta property=\"og:image:width\" content=\"1920\" \/>\n\t<meta property=\"og:image:height\" content=\"1280\" \/>\n\t<meta property=\"og:image:type\" content=\"image\/jpeg\" \/>\n<meta name=\"author\" content=\"Lucile\" \/>\n<meta name=\"twitter:card\" content=\"summary_large_image\" \/>\n<meta name=\"twitter:label1\" content=\"Escrito por\" \/>\n\t<meta name=\"twitter:data1\" content=\"Lucile\" \/>\n\t<meta name=\"twitter:label2\" content=\"Tempo estimado de leitura\" \/>\n\t<meta name=\"twitter:data2\" content=\"6 minutos\" \/>\n<script type=\"application\/ld+json\" class=\"yoast-schema-graph\">{\"@context\":\"https:\\\/\\\/schema.org\",\"@graph\":[{\"@type\":\"Article\",\"@id\":\"https:\\\/\\\/blog.maciterneecolo.fr\\\/pt-pt\\\/tanque-flexivel-anti-fungos-e-amarelecimento-da-agua-da-chuva\\\/#article\",\"isPartOf\":{\"@id\":\"https:\\\/\\\/blog.maciterneecolo.fr\\\/pt-pt\\\/tanque-flexivel-anti-fungos-e-amarelecimento-da-agua-da-chuva\\\/\"},\"author\":{\"name\":\"Lucile\",\"@id\":\"https:\\\/\\\/blog.maciterneecolo.fr\\\/pt-pt\\\/#\\\/schema\\\/person\\\/cfb93b191140c86292f0707edfd4b6fe\"},\"headline\":\"Tanque flex\u00edvel anti-fungos e amarelecimento da \u00e1gua da chuva\",\"datePublished\":\"2022-12-16T13:50:27+00:00\",\"dateModified\":\"2023-09-08T10:56:37+00:00\",\"mainEntityOfPage\":{\"@id\":\"https:\\\/\\\/blog.maciterneecolo.fr\\\/pt-pt\\\/tanque-flexivel-anti-fungos-e-amarelecimento-da-agua-da-chuva\\\/\"},\"wordCount\":1159,\"publisher\":{\"@id\":\"https:\\\/\\\/blog.maciterneecolo.fr\\\/pt-pt\\\/#organization\"},\"image\":{\"@id\":\"https:\\\/\\\/blog.maciterneecolo.fr\\\/pt-pt\\\/tanque-flexivel-anti-fungos-e-amarelecimento-da-agua-da-chuva\\\/#primaryimage\"},\"thumbnailUrl\":\"https:\\\/\\\/blog.maciterneecolo.fr\\\/wp-content\\\/uploads\\\/2022\\\/12\\\/cuve-souple-antifongique.jpg\",\"keywords\":[\"\u00e1gua da chuva\",\"amarelamento\",\"antifungal\",\"tanque flex\u00edvel\"],\"articleSection\":[\"Tudo o que precisa de saber sobre o tanque flex\u00edvel\"],\"inLanguage\":\"pt-PT\"},{\"@type\":\"WebPage\",\"@id\":\"https:\\\/\\\/blog.maciterneecolo.fr\\\/pt-pt\\\/tanque-flexivel-anti-fungos-e-amarelecimento-da-agua-da-chuva\\\/\",\"url\":\"https:\\\/\\\/blog.maciterneecolo.fr\\\/pt-pt\\\/tanque-flexivel-anti-fungos-e-amarelecimento-da-agua-da-chuva\\\/\",\"name\":\"Tanque flex\u00edvel anti-fungos e amarelecimento da \u00e1gua da chuva\",\"isPartOf\":{\"@id\":\"https:\\\/\\\/blog.maciterneecolo.fr\\\/pt-pt\\\/#website\"},\"primaryImageOfPage\":{\"@id\":\"https:\\\/\\\/blog.maciterneecolo.fr\\\/pt-pt\\\/tanque-flexivel-anti-fungos-e-amarelecimento-da-agua-da-chuva\\\/#primaryimage\"},\"image\":{\"@id\":\"https:\\\/\\\/blog.maciterneecolo.fr\\\/pt-pt\\\/tanque-flexivel-anti-fungos-e-amarelecimento-da-agua-da-chuva\\\/#primaryimage\"},\"thumbnailUrl\":\"https:\\\/\\\/blog.maciterneecolo.fr\\\/wp-content\\\/uploads\\\/2022\\\/12\\\/cuve-souple-antifongique.jpg\",\"datePublished\":\"2022-12-16T13:50:27+00:00\",\"dateModified\":\"2023-09-08T10:56:37+00:00\",\"description\":\"O nosso tanque macio antif\u00fangico e anti-amarelamento \u00e9 perfeito para a sua casa gra\u00e7as \u00e0 sua composi\u00e7\u00e3o t\u00e9cnica.\",\"breadcrumb\":{\"@id\":\"https:\\\/\\\/blog.maciterneecolo.fr\\\/pt-pt\\\/tanque-flexivel-anti-fungos-e-amarelecimento-da-agua-da-chuva\\\/#breadcrumb\"},\"inLanguage\":\"pt-PT\",\"potentialAction\":[{\"@type\":\"ReadAction\",\"target\":[\"https:\\\/\\\/blog.maciterneecolo.fr\\\/pt-pt\\\/tanque-flexivel-anti-fungos-e-amarelecimento-da-agua-da-chuva\\\/\"]}]},{\"@type\":\"ImageObject\",\"inLanguage\":\"pt-PT\",\"@id\":\"https:\\\/\\\/blog.maciterneecolo.fr\\\/pt-pt\\\/tanque-flexivel-anti-fungos-e-amarelecimento-da-agua-da-chuva\\\/#primaryimage\",\"url\":\"https:\\\/\\\/blog.maciterneecolo.fr\\\/wp-content\\\/uploads\\\/2022\\\/12\\\/cuve-souple-antifongique.jpg\",\"contentUrl\":\"https:\\\/\\\/blog.maciterneecolo.fr\\\/wp-content\\\/uploads\\\/2022\\\/12\\\/cuve-souple-antifongique.jpg\",\"width\":1920,\"height\":1280},{\"@type\":\"BreadcrumbList\",\"@id\":\"https:\\\/\\\/blog.maciterneecolo.fr\\\/pt-pt\\\/tanque-flexivel-anti-fungos-e-amarelecimento-da-agua-da-chuva\\\/#breadcrumb\",\"itemListElement\":[{\"@type\":\"ListItem\",\"position\":1,\"name\":\"Accueil\",\"item\":\"https:\\\/\\\/blog.maciterneecolo.fr\\\/pt-pt\\\/\"},{\"@type\":\"ListItem\",\"position\":2,\"name\":\"Tanque flex\u00edvel anti-fungos e amarelecimento da \u00e1gua da chuva\"}]},{\"@type\":\"WebSite\",\"@id\":\"https:\\\/\\\/blog.maciterneecolo.fr\\\/pt-pt\\\/#website\",\"url\":\"https:\\\/\\\/blog.maciterneecolo.fr\\\/pt-pt\\\/\",\"name\":\"Blog Ma Citerne Ecolo\",\"description\":\"Leader dans le domaine de la citerne souple d&#039;eau de pluie\",\"publisher\":{\"@id\":\"https:\\\/\\\/blog.maciterneecolo.fr\\\/pt-pt\\\/#organization\"},\"potentialAction\":[{\"@type\":\"SearchAction\",\"target\":{\"@type\":\"EntryPoint\",\"urlTemplate\":\"https:\\\/\\\/blog.maciterneecolo.fr\\\/pt-pt\\\/?s={search_term_string}\"},\"query-input\":{\"@type\":\"PropertyValueSpecification\",\"valueRequired\":true,\"valueName\":\"search_term_string\"}}],\"inLanguage\":\"pt-PT\"},{\"@type\":\"Organization\",\"@id\":\"https:\\\/\\\/blog.maciterneecolo.fr\\\/pt-pt\\\/#organization\",\"name\":\"Blog Ma Citerne Ecolo\",\"url\":\"https:\\\/\\\/blog.maciterneecolo.fr\\\/pt-pt\\\/\",\"logo\":{\"@type\":\"ImageObject\",\"inLanguage\":\"pt-PT\",\"@id\":\"https:\\\/\\\/blog.maciterneecolo.fr\\\/pt-pt\\\/#\\\/schema\\\/logo\\\/image\\\/\",\"url\":\"https:\\\/\\\/blog.maciterneecolo.fr\\\/wp-content\\\/uploads\\\/2022\\\/12\\\/cropped-favicon-blog.png\",\"contentUrl\":\"https:\\\/\\\/blog.maciterneecolo.fr\\\/wp-content\\\/uploads\\\/2022\\\/12\\\/cropped-favicon-blog.png\",\"width\":512,\"height\":512,\"caption\":\"Blog Ma Citerne Ecolo\"},\"image\":{\"@id\":\"https:\\\/\\\/blog.maciterneecolo.fr\\\/pt-pt\\\/#\\\/schema\\\/logo\\\/image\\\/\"}},{\"@type\":\"Person\",\"@id\":\"https:\\\/\\\/blog.maciterneecolo.fr\\\/pt-pt\\\/#\\\/schema\\\/person\\\/cfb93b191140c86292f0707edfd4b6fe\",\"name\":\"Lucile\",\"image\":{\"@type\":\"ImageObject\",\"inLanguage\":\"pt-PT\",\"@id\":\"https:\\\/\\\/secure.gravatar.com\\\/avatar\\\/3c571ab7761bcc142db76a63f33a2a5ebee8b76990a871c9329e3e6df7ae9f3c?s=96&d=mm&r=g\",\"url\":\"https:\\\/\\\/secure.gravatar.com\\\/avatar\\\/3c571ab7761bcc142db76a63f33a2a5ebee8b76990a871c9329e3e6df7ae9f3c?s=96&d=mm&r=g\",\"contentUrl\":\"https:\\\/\\\/secure.gravatar.com\\\/avatar\\\/3c571ab7761bcc142db76a63f33a2a5ebee8b76990a871c9329e3e6df7ae9f3c?s=96&d=mm&r=g\",\"caption\":\"Lucile\"},\"url\":\"https:\\\/\\\/blog.maciterneecolo.fr\\\/pt-pt\\\/author\\\/lucilewerkeyn\\\/\"}]}<\/script>\n<!-- \/ Yoast SEO plugin. -->","yoast_head_json":{"title":"Tanque flex\u00edvel anti-fungos e amarelecimento da \u00e1gua da chuva","description":"O nosso tanque macio antif\u00fangico e anti-amarelamento \u00e9 perfeito para a sua casa gra\u00e7as \u00e0 sua composi\u00e7\u00e3o t\u00e9cnica.","robots":{"index":"index","follow":"follow","max-snippet":"max-snippet:-1","max-image-preview":"max-image-preview:large","max-video-preview":"max-video-preview:-1"},"canonical":"https:\/\/blog.maciterneecolo.fr\/pt-pt\/tanque-flexivel-anti-fungos-e-amarelecimento-da-agua-da-chuva\/","og_locale":"pt_PT","og_type":"article","og_title":"Tanque flex\u00edvel anti-fungos e amarelecimento da \u00e1gua da chuva","og_description":"O nosso tanque macio antif\u00fangico e anti-amarelamento \u00e9 perfeito para a sua casa gra\u00e7as \u00e0 sua composi\u00e7\u00e3o t\u00e9cnica.","og_url":"https:\/\/blog.maciterneecolo.fr\/pt-pt\/tanque-flexivel-anti-fungos-e-amarelecimento-da-agua-da-chuva\/","og_site_name":"Blog Ma Citerne Ecolo","article_published_time":"2022-12-16T13:50:27+00:00","article_modified_time":"2023-09-08T10:56:37+00:00","og_image":[{"width":1920,"height":1280,"url":"https:\/\/blog.maciterneecolo.fr\/wp-content\/uploads\/2022\/12\/cuve-souple-antifongique.jpg","type":"image\/jpeg"}],"author":"Lucile","twitter_card":"summary_large_image","twitter_misc":{"Escrito por":"Lucile","Tempo estimado de leitura":"6 minutos"},"schema":{"@context":"https:\/\/schema.org","@graph":[{"@type":"Article","@id":"https:\/\/blog.maciterneecolo.fr\/pt-pt\/tanque-flexivel-anti-fungos-e-amarelecimento-da-agua-da-chuva\/#article","isPartOf":{"@id":"https:\/\/blog.maciterneecolo.fr\/pt-pt\/tanque-flexivel-anti-fungos-e-amarelecimento-da-agua-da-chuva\/"},"author":{"name":"Lucile","@id":"https:\/\/blog.maciterneecolo.fr\/pt-pt\/#\/schema\/person\/cfb93b191140c86292f0707edfd4b6fe"},"headline":"Tanque flex\u00edvel anti-fungos e amarelecimento da \u00e1gua da chuva","datePublished":"2022-12-16T13:50:27+00:00","dateModified":"2023-09-08T10:56:37+00:00","mainEntityOfPage":{"@id":"https:\/\/blog.maciterneecolo.fr\/pt-pt\/tanque-flexivel-anti-fungos-e-amarelecimento-da-agua-da-chuva\/"},"wordCount":1159,"publisher":{"@id":"https:\/\/blog.maciterneecolo.fr\/pt-pt\/#organization"},"image":{"@id":"https:\/\/blog.maciterneecolo.fr\/pt-pt\/tanque-flexivel-anti-fungos-e-amarelecimento-da-agua-da-chuva\/#primaryimage"},"thumbnailUrl":"https:\/\/blog.maciterneecolo.fr\/wp-content\/uploads\/2022\/12\/cuve-souple-antifongique.jpg","keywords":["\u00e1gua da chuva","amarelamento","antifungal","tanque flex\u00edvel"],"articleSection":["Tudo o que precisa de saber sobre o tanque flex\u00edvel"],"inLanguage":"pt-PT"},{"@type":"WebPage","@id":"https:\/\/blog.maciterneecolo.fr\/pt-pt\/tanque-flexivel-anti-fungos-e-amarelecimento-da-agua-da-chuva\/","url":"https:\/\/blog.maciterneecolo.fr\/pt-pt\/tanque-flexivel-anti-fungos-e-amarelecimento-da-agua-da-chuva\/","name":"Tanque flex\u00edvel anti-fungos e amarelecimento da \u00e1gua da chuva","isPartOf":{"@id":"https:\/\/blog.maciterneecolo.fr\/pt-pt\/#website"},"primaryImageOfPage":{"@id":"https:\/\/blog.maciterneecolo.fr\/pt-pt\/tanque-flexivel-anti-fungos-e-amarelecimento-da-agua-da-chuva\/#primaryimage"},"image":{"@id":"https:\/\/blog.maciterneecolo.fr\/pt-pt\/tanque-flexivel-anti-fungos-e-amarelecimento-da-agua-da-chuva\/#primaryimage"},"thumbnailUrl":"https:\/\/blog.maciterneecolo.fr\/wp-content\/uploads\/2022\/12\/cuve-souple-antifongique.jpg","datePublished":"2022-12-16T13:50:27+00:00","dateModified":"2023-09-08T10:56:37+00:00","description":"O nosso tanque macio antif\u00fangico e anti-amarelamento \u00e9 perfeito para a sua casa gra\u00e7as \u00e0 sua composi\u00e7\u00e3o t\u00e9cnica.","breadcrumb":{"@id":"https:\/\/blog.maciterneecolo.fr\/pt-pt\/tanque-flexivel-anti-fungos-e-amarelecimento-da-agua-da-chuva\/#breadcrumb"},"inLanguage":"pt-PT","potentialAction":[{"@type":"ReadAction","target":["https:\/\/blog.maciterneecolo.fr\/pt-pt\/tanque-flexivel-anti-fungos-e-amarelecimento-da-agua-da-chuva\/"]}]},{"@type":"ImageObject","inLanguage":"pt-PT","@id":"https:\/\/blog.maciterneecolo.fr\/pt-pt\/tanque-flexivel-anti-fungos-e-amarelecimento-da-agua-da-chuva\/#primaryimage","url":"https:\/\/blog.maciterneecolo.fr\/wp-content\/uploads\/2022\/12\/cuve-souple-antifongique.jpg","contentUrl":"https:\/\/blog.maciterneecolo.fr\/wp-content\/uploads\/2022\/12\/cuve-souple-antifongique.jpg","width":1920,"height":1280},{"@type":"BreadcrumbList","@id":"https:\/\/blog.maciterneecolo.fr\/pt-pt\/tanque-flexivel-anti-fungos-e-amarelecimento-da-agua-da-chuva\/#breadcrumb","itemListElement":[{"@type":"ListItem","position":1,"name":"Accueil","item":"https:\/\/blog.maciterneecolo.fr\/pt-pt\/"},{"@type":"ListItem","position":2,"name":"Tanque flex\u00edvel anti-fungos e amarelecimento da \u00e1gua da chuva"}]},{"@type":"WebSite","@id":"https:\/\/blog.maciterneecolo.fr\/pt-pt\/#website","url":"https:\/\/blog.maciterneecolo.fr\/pt-pt\/","name":"Blog Ma Citerne Ecolo","description":"Leader dans le domaine de la citerne souple d&#039;eau de pluie","publisher":{"@id":"https:\/\/blog.maciterneecolo.fr\/pt-pt\/#organization"},"potentialAction":[{"@type":"SearchAction","target":{"@type":"EntryPoint","urlTemplate":"https:\/\/blog.maciterneecolo.fr\/pt-pt\/?s={search_term_string}"},"query-input":{"@type":"PropertyValueSpecification","valueRequired":true,"valueName":"search_term_string"}}],"inLanguage":"pt-PT"},{"@type":"Organization","@id":"https:\/\/blog.maciterneecolo.fr\/pt-pt\/#organization","name":"Blog Ma Citerne Ecolo","url":"https:\/\/blog.maciterneecolo.fr\/pt-pt\/","logo":{"@type":"ImageObject","inLanguage":"pt-PT","@id":"https:\/\/blog.maciterneecolo.fr\/pt-pt\/#\/schema\/logo\/image\/","url":"https:\/\/blog.maciterneecolo.fr\/wp-content\/uploads\/2022\/12\/cropped-favicon-blog.png","contentUrl":"https:\/\/blog.maciterneecolo.fr\/wp-content\/uploads\/2022\/12\/cropped-favicon-blog.png","width":512,"height":512,"caption":"Blog Ma Citerne Ecolo"},"image":{"@id":"https:\/\/blog.maciterneecolo.fr\/pt-pt\/#\/schema\/logo\/image\/"}},{"@type":"Person","@id":"https:\/\/blog.maciterneecolo.fr\/pt-pt\/#\/schema\/person\/cfb93b191140c86292f0707edfd4b6fe","name":"Lucile","image":{"@type":"ImageObject","inLanguage":"pt-PT","@id":"https:\/\/secure.gravatar.com\/avatar\/3c571ab7761bcc142db76a63f33a2a5ebee8b76990a871c9329e3e6df7ae9f3c?s=96&d=mm&r=g","url":"https:\/\/secure.gravatar.com\/avatar\/3c571ab7761bcc142db76a63f33a2a5ebee8b76990a871c9329e3e6df7ae9f3c?s=96&d=mm&r=g","contentUrl":"https:\/\/secure.gravatar.com\/avatar\/3c571ab7761bcc142db76a63f33a2a5ebee8b76990a871c9329e3e6df7ae9f3c?s=96&d=mm&r=g","caption":"Lucile"},"url":"https:\/\/blog.maciterneecolo.fr\/pt-pt\/author\/lucilewerkeyn\/"}]}},"_links":{"self":[{"href":"https:\/\/blog.maciterneecolo.fr\/pt-pt\/wp-json\/wp\/v2\/posts\/2939","targetHints":{"allow":["GET"]}}],"collection":[{"href":"https:\/\/blog.maciterneecolo.fr\/pt-pt\/wp-json\/wp\/v2\/posts"}],"about":[{"href":"https:\/\/blog.maciterneecolo.fr\/pt-pt\/wp-json\/wp\/v2\/types\/post"}],"author":[{"embeddable":true,"href":"https:\/\/blog.maciterneecolo.fr\/pt-pt\/wp-json\/wp\/v2\/users\/2"}],"replies":[{"embeddable":true,"href":"https:\/\/blog.maciterneecolo.fr\/pt-pt\/wp-json\/wp\/v2\/comments?post=2939"}],"version-history":[{"count":4,"href":"https:\/\/blog.maciterneecolo.fr\/pt-pt\/wp-json\/wp\/v2\/posts\/2939\/revisions"}],"predecessor-version":[{"id":9329,"href":"https:\/\/blog.maciterneecolo.fr\/pt-pt\/wp-json\/wp\/v2\/posts\/2939\/revisions\/9329"}],"wp:featuredmedia":[{"embeddable":true,"href":"https:\/\/blog.maciterneecolo.fr\/pt-pt\/wp-json\/wp\/v2\/media\/1373"}],"wp:attachment":[{"href":"https:\/\/blog.maciterneecolo.fr\/pt-pt\/wp-json\/wp\/v2\/media?parent=2939"}],"wp:term":[{"taxonomy":"category","embeddable":true,"href":"https:\/\/blog.maciterneecolo.fr\/pt-pt\/wp-json\/wp\/v2\/categories?post=2939"},{"taxonomy":"post_tag","embeddable":true,"href":"https:\/\/blog.maciterneecolo.fr\/pt-pt\/wp-json\/wp\/v2\/tags?post=2939"}],"curies":[{"name":"wp","href":"https:\/\/api.w.org\/{rel}","templated":true}]}}