{"id":2941,"date":"2022-12-16T10:44:17","date_gmt":"2022-12-16T10:44:17","guid":{"rendered":"https:\/\/blog.maciterneecolo.fr\/tanque-flexivel-de-20m3\/"},"modified":"2023-01-10T14:19:02","modified_gmt":"2023-01-10T14:19:02","slug":"tanque-flexivel-de-20m3","status":"publish","type":"post","link":"https:\/\/blog.maciterneecolo.fr\/pt-pt\/tanque-flexivel-de-20m3\/","title":{"rendered":"Tanque flex\u00edvel de 20m3"},"content":{"rendered":"\n<p>O nosso<strong> dep\u00f3sito de 20 m\u00b3 de<\/strong> <strong>desconto de<\/strong><strong> \u00e1gua da chuva<\/strong> permite-lhe armazenar <strong>20.000 litros de \u00e1gua da chuva<\/strong> recolhida do seu telhado! O nosso dep\u00f3sito de \u00e1gua \u00e9 mesmo compat\u00edvel com uma bomba de press\u00e3o hidr\u00e1ulica e um colector de filtro de caleira. Com uma v\u00e1lvula para enchimento e esvaziamento, tem um <strong>dep\u00f3sito flex\u00edvel de 20 m\u00b3<\/strong> com uma capacidade muito grande para a manuten\u00e7\u00e3o da sua casa (lavagem da roupa, enchimento dos sanit\u00e1rios, limpeza do ch\u00e3o&#8230;) ou do seu jardim (rega, manuten\u00e7\u00e3o, irriga\u00e7\u00e3o&#8230;) e at\u00e9 para uma unidade de protec\u00e7\u00e3o contra inc\u00eandios. O <strong>tanque de armazenamento e transporte de \u00e1gua da chuva em PVC flex\u00edvel<\/strong> de baixo custo foi concebido para ser instalado no solo ou colocado semi-enterrado sob um terra\u00e7o, por exemplo. O nosso produto de recolha e armazenamento da \u00e1gua da chuva \u00e9 indispens\u00e1vel porque proporciona uma boa conserva\u00e7\u00e3o da \u00e1gua da chuva. O tanque \u00e9 dur\u00e1vel e oferece uma esperan\u00e7a de vida m\u00e1xima.<\/p>\n\n<p>O nosso <strong>tanque pesado de 20.000 litros de jardim e de espa\u00e7o para rastejar<\/strong> tamb\u00e9m garante o armazenamento de l\u00edquidos (azoto l\u00edquido, gas\u00f3leo, fertilizante l\u00edquido e outros tipos de efluentes) e \u00e9 a <strong>solu\u00e7\u00e3o ideal<\/strong> para utiliza\u00e7\u00e3o no Ver\u00e3o e no Inverno em qualquer regi\u00e3o de Fran\u00e7a.<\/p>\n\n<h2 class=\"wp-block-heading\" id=\"ybc_heading_h2_1\"><strong>Especifica\u00e7\u00f5es para a instala\u00e7\u00e3o do tanque flex\u00edvel de 20m3 de jardim e espa\u00e7o para rastejar<\/strong><\/h2>\n\n<p>Dados t\u00e9cnicos do nosso <a href=\"https:\/\/www.maciterneecolo.fr\/fr\/\">reservat\u00f3rio de \u00e1gua de<\/a><strong> 20.000 litros<\/strong> com material robusto para a recolha e armazenamento de \u00e1gua da chuva:<\/p>\n\n<ul class=\"wp-block-list\">\n<li>Tamanho da v\u00e1lvula DN 25 e anteparo;<\/li>\n\n\n\n<li>Cantos refor\u00e7ados com parafusos de inser\u00e7\u00e3o em a\u00e7o inoxid\u00e1vel;<\/li>\n\n\n\n<li>V\u00e1lvula roscada de 1\/4 de volta em 26\/34 ;<\/li>\n\n\n\n<li>100% poli\u00e9ster com 900g\/m\u00b2 de revestimento em PVC;<\/li>\n\n\n\n<li>Transbordo de seguran\u00e7a que \u00e9 angulado a 25mm;<\/li>\n\n\n\n<li>Escotilha de acesso com 140mm de estrias angulares de 50mm.<\/li>\n<\/ul>\n\n<h2 class=\"wp-block-heading\" id=\"ybc_heading_h2_2\"><strong>Porque deve comprar a nossa gama de tanques flex\u00edveis e os seus acess\u00f3rios de qualidade superior?<\/strong><\/h2>\n\n<p>A<strong>instala\u00e7\u00e3o do nosso <a href=\"https:\/\/www.maciterneecolo.fr\/fr\/3-citernes-souples-recuperation-eau-de-pluie\">tanque flex\u00edvel de<\/a> 20.000 litros para recolha e armazenamento da \u00e1gua da chuva<\/strong> \u00e9 o produto essencial a seleccionar para come\u00e7ar a fazer grandes poupan\u00e7as durante todo o ano. O nosso <strong>tanque de<\/strong> recolha de <strong>20 m\u00b3 de<\/strong> \u00e1gua da chuva \u00e9 leve, dobr\u00e1vel, flex\u00edvel e f\u00e1cil de transportar. Sendo uma <strong>cobertura imperme\u00e1vel<\/strong> que tamb\u00e9m impede a penetra\u00e7\u00e3o de raios ultravioleta, a \u00e1gua pot\u00e1vel ou n\u00e3o pot\u00e1vel e outros l\u00edquidos contidos no seu interior n\u00e3o podem drenar ou evaporar para fora do tanque. O reservat\u00f3rio de \u00e1gua de 20 m\u00b3 de alta qualidade e os acess\u00f3rios que lhe entregamos (entrega gratuita) e que<strong>enviamos para todo o lado em Fran\u00e7a<\/strong>N\u00e3o tem uma capa, o que o torna um  <strong>tanque de \u00e1gua flex\u00edvel<\/strong>  20.000 litros (\u00e1gua da chuva, \u00e1gua de po\u00e7os, \u00e1gua de perfura\u00e7\u00e3o, etc.) e l\u00edquidos (efluentes agr\u00edcolas, gas\u00f3leo, azoto l\u00edquido, industrial, fertilizante l\u00edquido, etc.) de primeira escolha.<\/p>\n\n<h2 class=\"wp-block-heading\" id=\"ybc_heading_h2_3\"><strong>Utiliza\u00e7\u00e3o do nosso tanque flex\u00edvel de 20m3 para casa e jardim<\/strong><\/h2>\n\n<p>\u00c9 muito f\u00e1cil<strong>instalar um tanque de armazenamento de \u00e1gua da chuva e acess\u00f3rios no seu jardim ou casa<\/strong>. O mais importante \u00e9 saber como escolher o tanque que deseja colocar na sua propriedade. Alguns tanques, tais como os <strong>de<\/strong> a\u00e7o, bet\u00e3o ou polietileno, t\u00eam vantagens mas tamb\u00e9m desvantagens, tais como o facto de n\u00e3o serem amigos do ambiente. Ao contr\u00e1rio do nosso <strong>tanque flex\u00edvel de PVC de 20m\u00b3 premium<\/strong>, outros tanques n\u00e3o s\u00e3o feitos de <strong>pl\u00e1stico reciclado<\/strong> e n\u00e3o t\u00eam a vantagem de serem amigos do ambiente.<\/p>\n\n<p>Pode arranjar o seu <strong>tanque de<\/strong> <strong>alta reten\u00e7\u00e3o<\/strong> com acess\u00f3rios para que possa ser utilizado tanto dentro como fora da sua casa. Isto significa que \u00e9 equipamento que pode  <strong>lugar no seu espa\u00e7o de rastejamento<\/strong>Pode coloc\u00e1-los numa varanda, numa varanda, num p\u00e1tio,  <strong>debaixo de um conv\u00e9s de madeira em posi\u00e7\u00e3o de ch\u00e3o radiante<\/strong>  por exemplo, ou coloc\u00e1-los no ch\u00e3o.  <strong>superf\u00edcie do solo no seu jardim  <\/strong>ou a sua horta. Isto deixa-lhe uma grande margem de manobra para a instala\u00e7\u00e3o! N\u00e3o \u00e9 o caso de ter uma solu\u00e7\u00e3o \u00f3ptima com um tanque de bet\u00e3o ou de a\u00e7o.<\/p>\n\n<p>Assim que o seu <a href=\"https:\/\/www.maciterneecolo.fr\/fr\/accueil\/14-34-citerne-souple-eau-de-pluie-20m3.html#\/34-option_de_dimension-forme_rectangulaire_575m_x_469m_x_11m\">tanque de armazenamento de \u00e1gua da chuva<\/a><strong> pesado<\/strong> de <a href=\"https:\/\/www.maciterneecolo.fr\/fr\/accueil\/14-34-citerne-souple-eau-de-pluie-20m3.html#\/34-option_de_dimension-forme_rectangulaire_575m_x_469m_x_11m\">20m\u00b3<\/a> com a sua gama de acess\u00f3rios tenha sido instalado no local da sua escolha, pode lig\u00e1-lo ao conector de filtro da sua <strong>caleira de telhado<\/strong>. Uma vez terminada, a \u00e1gua da chuva que recolher\u00e1 no seu tanque flex\u00edvel de alta qualidade permitir\u00e1 a sua utiliza\u00e7\u00e3o em vez de \u00e1gua corrente (rede de \u00e1gua da torneira) para tarefas que n\u00e3o necessitam necessariamente de<strong>\u00e1gua pot\u00e1vel<\/strong>. Estas tarefas s\u00e3o as seguintes:<\/p>\n\n<p>Utiliza\u00e7\u00e3o do tanque flex\u00edvel de 20 m\u00b3 com um volume de 20.000 litros de \u00e1gua da chuva para solu\u00e7\u00f5es interiores:<\/p>\n\n<p>\u25cf Limpeza (ch\u00e3o, vidro, soleira da porta, janela de ba\u00eda, etc.)<\/p>\n\n<p>\u25cf M\u00e1quina de lavar roupa ;<\/p>\n\n<p>\u25cf Fluxo de sanita&#8230;<\/p>\n\n<p>Utiliza\u00e7\u00e3o do tanque flex\u00edvel de 20 m\u00b3 com um volume de 20.000 litros de \u00e1gua da chuva para solu\u00e7\u00f5es ao ar livre:<\/p>\n\n<p>\u25cf Lavagem de autom\u00f3veis ;<\/p>\n\n<p>\u25cf Rega de jardim ;<\/p>\n\n<p>\u25cf Irriga\u00e7\u00e3o de hortali\u00e7as ;<\/p>\n\n<p>\u25cf Limpeza da relva artificial ;<\/p>\n\n<p>\u25cf Unidade de defesa contra inc\u00eandios&#8230;<\/p>\n\n<p>Utiliza\u00e7\u00e3o do tanque flex\u00edvel de 20 m\u00b3 volume 20 000 litros de l\u00edquido para solu\u00e7\u00e3o externa:<\/p>\n\n<p>\u25cf Tanque flex\u00edvel de 20 m\u00b3 de armazenamento e transporte de fertilizantes l\u00edquidos ;<\/p>\n\n<p>\u25cf Tanque flex\u00edvel de 20 m\u00b3 de armazenamento e transporte de nitrog\u00e9nio l\u00edquido ;<\/p>\n\n<p>\u25cf Tanque flex\u00edvel de 20 m\u00b3 de armazenamento e transporte de \u00f3leo mineral ;<\/p>\n\n<p>\u25cf Tanque flex\u00edvel de 20 m\u00b3 de armazenamento e transporte de gas\u00f3leo ;<\/p>\n\n<p>\u25cf Tanque flex\u00edvel de 20 m\u00b3 de armazenamento e transporte de chorume ;<\/p>\n\n<p>\u25cf Tanque flex\u00edvel de 20 m\u00b3 para armazenamento e transporte de biomassa e outros efluentes industriais&#8230;<\/p>\n\n<p>Com uma<strong> cisterna ecol\u00f3gica e econ\u00f3mica flex\u00edvel a um pre\u00e7o com desconto com uma capacidade de 20 m\u00b3<\/strong>, pode recolher at\u00e9 20.000 litros de \u00e1gua da chuva para lhe fornecer \u00e1gua n\u00e3o pot\u00e1vel para as tarefas dom\u00e9sticas, lavar a roupa, encher o dep\u00f3sito da sanita e regar. Se tiver uma pergunta sobre a venda dos nossos <strong>produtos de recolha, armazenamento e transporte de \u00e1gua da chuva<\/strong>, contacte-nos agora!<\/p>\n","protected":false},"excerpt":{"rendered":"<p>O nosso dep\u00f3sito de 20 m\u00b3 de desconto de \u00e1gua da chuva permite-lhe armazenar 20.000 litros de \u00e1gua da chuva recolhida do seu telhado! O nosso dep\u00f3sito de \u00e1gua \u00e9 mesmo compat\u00edvel com uma bomba de press\u00e3o hidr\u00e1ulica e um colector de filtro de caleira. Com uma v\u00e1lvula para enchimento e esvaziamento, tem um dep\u00f3sito [&hellip;]<\/p>\n","protected":false},"author":2,"featured_media":1267,"comment_status":"closed","ping_status":"closed","sticky":false,"template":"","format":"standard","meta":{"inline_featured_image":false,"footnotes":""},"categories":[268],"tags":[1007,66],"class_list":["post-2941","post","type-post","status-publish","format-standard","has-post-thumbnail","hentry","category-os-diferentes-volumes-de-tanques-flexiveis","tag-20m3-pt-pt","tag-tanque-flexivel"],"yoast_head":"<!-- This site is optimized with the Yoast SEO plugin v27.5 - https:\/\/yoast.com\/product\/yoast-seo-wordpress\/ -->\n<title>Tanque flex\u00edvel de 20m3 - Blog Ma Citerne Ecolo<\/title>\n<meta name=\"description\" content=\"Um tanque flex\u00edvel de 20m3 de alta qualidade, f\u00e1cil de instalar e perfeito para a colheita da \u00e1gua da chuva!\" \/>\n<meta name=\"robots\" content=\"index, follow, max-snippet:-1, max-image-preview:large, max-video-preview:-1\" \/>\n<link rel=\"canonical\" href=\"https:\/\/blog.maciterneecolo.fr\/pt-pt\/tanque-flexivel-de-20m3\/\" \/>\n<meta property=\"og:locale\" content=\"pt_PT\" \/>\n<meta property=\"og:type\" content=\"article\" \/>\n<meta property=\"og:title\" content=\"Tanque flex\u00edvel de 20m3 - Blog Ma Citerne Ecolo\" \/>\n<meta property=\"og:description\" content=\"Um tanque flex\u00edvel de 20m3 de alta qualidade, f\u00e1cil de instalar e perfeito para a colheita da \u00e1gua da chuva!\" \/>\n<meta property=\"og:url\" content=\"https:\/\/blog.maciterneecolo.fr\/pt-pt\/tanque-flexivel-de-20m3\/\" \/>\n<meta property=\"og:site_name\" content=\"Blog Ma Citerne Ecolo\" \/>\n<meta property=\"article:published_time\" content=\"2022-12-16T10:44:17+00:00\" \/>\n<meta property=\"article:modified_time\" content=\"2023-01-10T14:19:02+00:00\" \/>\n<meta property=\"og:image\" content=\"https:\/\/blog.maciterneecolo.fr\/wp-content\/uploads\/2022\/12\/citerne-souple-30.jpeg\" \/>\n\t<meta property=\"og:image:width\" content=\"800\" \/>\n\t<meta property=\"og:image:height\" content=\"800\" \/>\n\t<meta property=\"og:image:type\" content=\"image\/jpeg\" \/>\n<meta name=\"author\" content=\"Lucile\" \/>\n<meta name=\"twitter:card\" content=\"summary_large_image\" \/>\n<meta name=\"twitter:label1\" content=\"Escrito por\" \/>\n\t<meta name=\"twitter:data1\" content=\"Lucile\" \/>\n\t<meta name=\"twitter:label2\" content=\"Tempo estimado de leitura\" \/>\n\t<meta name=\"twitter:data2\" content=\"5 minutos\" \/>\n<script type=\"application\/ld+json\" class=\"yoast-schema-graph\">{\"@context\":\"https:\\\/\\\/schema.org\",\"@graph\":[{\"@type\":\"Article\",\"@id\":\"https:\\\/\\\/blog.maciterneecolo.fr\\\/pt-pt\\\/tanque-flexivel-de-20m3\\\/#article\",\"isPartOf\":{\"@id\":\"https:\\\/\\\/blog.maciterneecolo.fr\\\/pt-pt\\\/tanque-flexivel-de-20m3\\\/\"},\"author\":{\"name\":\"Lucile\",\"@id\":\"https:\\\/\\\/blog.maciterneecolo.fr\\\/pt-pt\\\/#\\\/schema\\\/person\\\/cfb93b191140c86292f0707edfd4b6fe\"},\"headline\":\"Tanque flex\u00edvel de 20m3\",\"datePublished\":\"2022-12-16T10:44:17+00:00\",\"dateModified\":\"2023-01-10T14:19:02+00:00\",\"mainEntityOfPage\":{\"@id\":\"https:\\\/\\\/blog.maciterneecolo.fr\\\/pt-pt\\\/tanque-flexivel-de-20m3\\\/\"},\"wordCount\":1087,\"publisher\":{\"@id\":\"https:\\\/\\\/blog.maciterneecolo.fr\\\/pt-pt\\\/#organization\"},\"image\":{\"@id\":\"https:\\\/\\\/blog.maciterneecolo.fr\\\/pt-pt\\\/tanque-flexivel-de-20m3\\\/#primaryimage\"},\"thumbnailUrl\":\"https:\\\/\\\/blog.maciterneecolo.fr\\\/wp-content\\\/uploads\\\/2022\\\/12\\\/citerne-souple-30.jpeg\",\"keywords\":[\"20m3\",\"tanque flex\u00edvel\"],\"articleSection\":[\"Os diferentes volumes de tanques flex\u00edveis\"],\"inLanguage\":\"pt-PT\"},{\"@type\":\"WebPage\",\"@id\":\"https:\\\/\\\/blog.maciterneecolo.fr\\\/pt-pt\\\/tanque-flexivel-de-20m3\\\/\",\"url\":\"https:\\\/\\\/blog.maciterneecolo.fr\\\/pt-pt\\\/tanque-flexivel-de-20m3\\\/\",\"name\":\"Tanque flex\u00edvel de 20m3 - Blog Ma Citerne Ecolo\",\"isPartOf\":{\"@id\":\"https:\\\/\\\/blog.maciterneecolo.fr\\\/pt-pt\\\/#website\"},\"primaryImageOfPage\":{\"@id\":\"https:\\\/\\\/blog.maciterneecolo.fr\\\/pt-pt\\\/tanque-flexivel-de-20m3\\\/#primaryimage\"},\"image\":{\"@id\":\"https:\\\/\\\/blog.maciterneecolo.fr\\\/pt-pt\\\/tanque-flexivel-de-20m3\\\/#primaryimage\"},\"thumbnailUrl\":\"https:\\\/\\\/blog.maciterneecolo.fr\\\/wp-content\\\/uploads\\\/2022\\\/12\\\/citerne-souple-30.jpeg\",\"datePublished\":\"2022-12-16T10:44:17+00:00\",\"dateModified\":\"2023-01-10T14:19:02+00:00\",\"description\":\"Um tanque flex\u00edvel de 20m3 de alta qualidade, f\u00e1cil de instalar e perfeito para a colheita da \u00e1gua da chuva!\",\"breadcrumb\":{\"@id\":\"https:\\\/\\\/blog.maciterneecolo.fr\\\/pt-pt\\\/tanque-flexivel-de-20m3\\\/#breadcrumb\"},\"inLanguage\":\"pt-PT\",\"potentialAction\":[{\"@type\":\"ReadAction\",\"target\":[\"https:\\\/\\\/blog.maciterneecolo.fr\\\/pt-pt\\\/tanque-flexivel-de-20m3\\\/\"]}]},{\"@type\":\"ImageObject\",\"inLanguage\":\"pt-PT\",\"@id\":\"https:\\\/\\\/blog.maciterneecolo.fr\\\/pt-pt\\\/tanque-flexivel-de-20m3\\\/#primaryimage\",\"url\":\"https:\\\/\\\/blog.maciterneecolo.fr\\\/wp-content\\\/uploads\\\/2022\\\/12\\\/citerne-souple-30.jpeg\",\"contentUrl\":\"https:\\\/\\\/blog.maciterneecolo.fr\\\/wp-content\\\/uploads\\\/2022\\\/12\\\/citerne-souple-30.jpeg\",\"width\":800,\"height\":800},{\"@type\":\"BreadcrumbList\",\"@id\":\"https:\\\/\\\/blog.maciterneecolo.fr\\\/pt-pt\\\/tanque-flexivel-de-20m3\\\/#breadcrumb\",\"itemListElement\":[{\"@type\":\"ListItem\",\"position\":1,\"name\":\"Accueil\",\"item\":\"https:\\\/\\\/blog.maciterneecolo.fr\\\/pt-pt\\\/\"},{\"@type\":\"ListItem\",\"position\":2,\"name\":\"Tanque flex\u00edvel de 20m3\"}]},{\"@type\":\"WebSite\",\"@id\":\"https:\\\/\\\/blog.maciterneecolo.fr\\\/pt-pt\\\/#website\",\"url\":\"https:\\\/\\\/blog.maciterneecolo.fr\\\/pt-pt\\\/\",\"name\":\"Blog Ma Citerne Ecolo\",\"description\":\"Leader dans le domaine de la citerne souple d&#039;eau de pluie\",\"publisher\":{\"@id\":\"https:\\\/\\\/blog.maciterneecolo.fr\\\/pt-pt\\\/#organization\"},\"potentialAction\":[{\"@type\":\"SearchAction\",\"target\":{\"@type\":\"EntryPoint\",\"urlTemplate\":\"https:\\\/\\\/blog.maciterneecolo.fr\\\/pt-pt\\\/?s={search_term_string}\"},\"query-input\":{\"@type\":\"PropertyValueSpecification\",\"valueRequired\":true,\"valueName\":\"search_term_string\"}}],\"inLanguage\":\"pt-PT\"},{\"@type\":\"Organization\",\"@id\":\"https:\\\/\\\/blog.maciterneecolo.fr\\\/pt-pt\\\/#organization\",\"name\":\"Blog Ma Citerne Ecolo\",\"url\":\"https:\\\/\\\/blog.maciterneecolo.fr\\\/pt-pt\\\/\",\"logo\":{\"@type\":\"ImageObject\",\"inLanguage\":\"pt-PT\",\"@id\":\"https:\\\/\\\/blog.maciterneecolo.fr\\\/pt-pt\\\/#\\\/schema\\\/logo\\\/image\\\/\",\"url\":\"https:\\\/\\\/blog.maciterneecolo.fr\\\/wp-content\\\/uploads\\\/2022\\\/12\\\/cropped-favicon-blog.png\",\"contentUrl\":\"https:\\\/\\\/blog.maciterneecolo.fr\\\/wp-content\\\/uploads\\\/2022\\\/12\\\/cropped-favicon-blog.png\",\"width\":512,\"height\":512,\"caption\":\"Blog Ma Citerne Ecolo\"},\"image\":{\"@id\":\"https:\\\/\\\/blog.maciterneecolo.fr\\\/pt-pt\\\/#\\\/schema\\\/logo\\\/image\\\/\"}},{\"@type\":\"Person\",\"@id\":\"https:\\\/\\\/blog.maciterneecolo.fr\\\/pt-pt\\\/#\\\/schema\\\/person\\\/cfb93b191140c86292f0707edfd4b6fe\",\"name\":\"Lucile\",\"image\":{\"@type\":\"ImageObject\",\"inLanguage\":\"pt-PT\",\"@id\":\"https:\\\/\\\/secure.gravatar.com\\\/avatar\\\/3c571ab7761bcc142db76a63f33a2a5ebee8b76990a871c9329e3e6df7ae9f3c?s=96&d=mm&r=g\",\"url\":\"https:\\\/\\\/secure.gravatar.com\\\/avatar\\\/3c571ab7761bcc142db76a63f33a2a5ebee8b76990a871c9329e3e6df7ae9f3c?s=96&d=mm&r=g\",\"contentUrl\":\"https:\\\/\\\/secure.gravatar.com\\\/avatar\\\/3c571ab7761bcc142db76a63f33a2a5ebee8b76990a871c9329e3e6df7ae9f3c?s=96&d=mm&r=g\",\"caption\":\"Lucile\"},\"url\":\"https:\\\/\\\/blog.maciterneecolo.fr\\\/pt-pt\\\/author\\\/lucilewerkeyn\\\/\"}]}<\/script>\n<!-- \/ Yoast SEO plugin. -->","yoast_head_json":{"title":"Tanque flex\u00edvel de 20m3 - Blog Ma Citerne Ecolo","description":"Um tanque flex\u00edvel de 20m3 de alta qualidade, f\u00e1cil de instalar e perfeito para a colheita da \u00e1gua da chuva!","robots":{"index":"index","follow":"follow","max-snippet":"max-snippet:-1","max-image-preview":"max-image-preview:large","max-video-preview":"max-video-preview:-1"},"canonical":"https:\/\/blog.maciterneecolo.fr\/pt-pt\/tanque-flexivel-de-20m3\/","og_locale":"pt_PT","og_type":"article","og_title":"Tanque flex\u00edvel de 20m3 - Blog Ma Citerne Ecolo","og_description":"Um tanque flex\u00edvel de 20m3 de alta qualidade, f\u00e1cil de instalar e perfeito para a colheita da \u00e1gua da chuva!","og_url":"https:\/\/blog.maciterneecolo.fr\/pt-pt\/tanque-flexivel-de-20m3\/","og_site_name":"Blog Ma Citerne Ecolo","article_published_time":"2022-12-16T10:44:17+00:00","article_modified_time":"2023-01-10T14:19:02+00:00","og_image":[{"width":800,"height":800,"url":"https:\/\/blog.maciterneecolo.fr\/wp-content\/uploads\/2022\/12\/citerne-souple-30.jpeg","type":"image\/jpeg"}],"author":"Lucile","twitter_card":"summary_large_image","twitter_misc":{"Escrito por":"Lucile","Tempo estimado de leitura":"5 minutos"},"schema":{"@context":"https:\/\/schema.org","@graph":[{"@type":"Article","@id":"https:\/\/blog.maciterneecolo.fr\/pt-pt\/tanque-flexivel-de-20m3\/#article","isPartOf":{"@id":"https:\/\/blog.maciterneecolo.fr\/pt-pt\/tanque-flexivel-de-20m3\/"},"author":{"name":"Lucile","@id":"https:\/\/blog.maciterneecolo.fr\/pt-pt\/#\/schema\/person\/cfb93b191140c86292f0707edfd4b6fe"},"headline":"Tanque flex\u00edvel de 20m3","datePublished":"2022-12-16T10:44:17+00:00","dateModified":"2023-01-10T14:19:02+00:00","mainEntityOfPage":{"@id":"https:\/\/blog.maciterneecolo.fr\/pt-pt\/tanque-flexivel-de-20m3\/"},"wordCount":1087,"publisher":{"@id":"https:\/\/blog.maciterneecolo.fr\/pt-pt\/#organization"},"image":{"@id":"https:\/\/blog.maciterneecolo.fr\/pt-pt\/tanque-flexivel-de-20m3\/#primaryimage"},"thumbnailUrl":"https:\/\/blog.maciterneecolo.fr\/wp-content\/uploads\/2022\/12\/citerne-souple-30.jpeg","keywords":["20m3","tanque flex\u00edvel"],"articleSection":["Os diferentes volumes de tanques flex\u00edveis"],"inLanguage":"pt-PT"},{"@type":"WebPage","@id":"https:\/\/blog.maciterneecolo.fr\/pt-pt\/tanque-flexivel-de-20m3\/","url":"https:\/\/blog.maciterneecolo.fr\/pt-pt\/tanque-flexivel-de-20m3\/","name":"Tanque flex\u00edvel de 20m3 - Blog Ma Citerne Ecolo","isPartOf":{"@id":"https:\/\/blog.maciterneecolo.fr\/pt-pt\/#website"},"primaryImageOfPage":{"@id":"https:\/\/blog.maciterneecolo.fr\/pt-pt\/tanque-flexivel-de-20m3\/#primaryimage"},"image":{"@id":"https:\/\/blog.maciterneecolo.fr\/pt-pt\/tanque-flexivel-de-20m3\/#primaryimage"},"thumbnailUrl":"https:\/\/blog.maciterneecolo.fr\/wp-content\/uploads\/2022\/12\/citerne-souple-30.jpeg","datePublished":"2022-12-16T10:44:17+00:00","dateModified":"2023-01-10T14:19:02+00:00","description":"Um tanque flex\u00edvel de 20m3 de alta qualidade, f\u00e1cil de instalar e perfeito para a colheita da \u00e1gua da chuva!","breadcrumb":{"@id":"https:\/\/blog.maciterneecolo.fr\/pt-pt\/tanque-flexivel-de-20m3\/#breadcrumb"},"inLanguage":"pt-PT","potentialAction":[{"@type":"ReadAction","target":["https:\/\/blog.maciterneecolo.fr\/pt-pt\/tanque-flexivel-de-20m3\/"]}]},{"@type":"ImageObject","inLanguage":"pt-PT","@id":"https:\/\/blog.maciterneecolo.fr\/pt-pt\/tanque-flexivel-de-20m3\/#primaryimage","url":"https:\/\/blog.maciterneecolo.fr\/wp-content\/uploads\/2022\/12\/citerne-souple-30.jpeg","contentUrl":"https:\/\/blog.maciterneecolo.fr\/wp-content\/uploads\/2022\/12\/citerne-souple-30.jpeg","width":800,"height":800},{"@type":"BreadcrumbList","@id":"https:\/\/blog.maciterneecolo.fr\/pt-pt\/tanque-flexivel-de-20m3\/#breadcrumb","itemListElement":[{"@type":"ListItem","position":1,"name":"Accueil","item":"https:\/\/blog.maciterneecolo.fr\/pt-pt\/"},{"@type":"ListItem","position":2,"name":"Tanque flex\u00edvel de 20m3"}]},{"@type":"WebSite","@id":"https:\/\/blog.maciterneecolo.fr\/pt-pt\/#website","url":"https:\/\/blog.maciterneecolo.fr\/pt-pt\/","name":"Blog Ma Citerne Ecolo","description":"Leader dans le domaine de la citerne souple d&#039;eau de pluie","publisher":{"@id":"https:\/\/blog.maciterneecolo.fr\/pt-pt\/#organization"},"potentialAction":[{"@type":"SearchAction","target":{"@type":"EntryPoint","urlTemplate":"https:\/\/blog.maciterneecolo.fr\/pt-pt\/?s={search_term_string}"},"query-input":{"@type":"PropertyValueSpecification","valueRequired":true,"valueName":"search_term_string"}}],"inLanguage":"pt-PT"},{"@type":"Organization","@id":"https:\/\/blog.maciterneecolo.fr\/pt-pt\/#organization","name":"Blog Ma Citerne Ecolo","url":"https:\/\/blog.maciterneecolo.fr\/pt-pt\/","logo":{"@type":"ImageObject","inLanguage":"pt-PT","@id":"https:\/\/blog.maciterneecolo.fr\/pt-pt\/#\/schema\/logo\/image\/","url":"https:\/\/blog.maciterneecolo.fr\/wp-content\/uploads\/2022\/12\/cropped-favicon-blog.png","contentUrl":"https:\/\/blog.maciterneecolo.fr\/wp-content\/uploads\/2022\/12\/cropped-favicon-blog.png","width":512,"height":512,"caption":"Blog Ma Citerne Ecolo"},"image":{"@id":"https:\/\/blog.maciterneecolo.fr\/pt-pt\/#\/schema\/logo\/image\/"}},{"@type":"Person","@id":"https:\/\/blog.maciterneecolo.fr\/pt-pt\/#\/schema\/person\/cfb93b191140c86292f0707edfd4b6fe","name":"Lucile","image":{"@type":"ImageObject","inLanguage":"pt-PT","@id":"https:\/\/secure.gravatar.com\/avatar\/3c571ab7761bcc142db76a63f33a2a5ebee8b76990a871c9329e3e6df7ae9f3c?s=96&d=mm&r=g","url":"https:\/\/secure.gravatar.com\/avatar\/3c571ab7761bcc142db76a63f33a2a5ebee8b76990a871c9329e3e6df7ae9f3c?s=96&d=mm&r=g","contentUrl":"https:\/\/secure.gravatar.com\/avatar\/3c571ab7761bcc142db76a63f33a2a5ebee8b76990a871c9329e3e6df7ae9f3c?s=96&d=mm&r=g","caption":"Lucile"},"url":"https:\/\/blog.maciterneecolo.fr\/pt-pt\/author\/lucilewerkeyn\/"}]}},"_links":{"self":[{"href":"https:\/\/blog.maciterneecolo.fr\/pt-pt\/wp-json\/wp\/v2\/posts\/2941","targetHints":{"allow":["GET"]}}],"collection":[{"href":"https:\/\/blog.maciterneecolo.fr\/pt-pt\/wp-json\/wp\/v2\/posts"}],"about":[{"href":"https:\/\/blog.maciterneecolo.fr\/pt-pt\/wp-json\/wp\/v2\/types\/post"}],"author":[{"embeddable":true,"href":"https:\/\/blog.maciterneecolo.fr\/pt-pt\/wp-json\/wp\/v2\/users\/2"}],"replies":[{"embeddable":true,"href":"https:\/\/blog.maciterneecolo.fr\/pt-pt\/wp-json\/wp\/v2\/comments?post=2941"}],"version-history":[{"count":1,"href":"https:\/\/blog.maciterneecolo.fr\/pt-pt\/wp-json\/wp\/v2\/posts\/2941\/revisions"}],"predecessor-version":[{"id":2948,"href":"https:\/\/blog.maciterneecolo.fr\/pt-pt\/wp-json\/wp\/v2\/posts\/2941\/revisions\/2948"}],"wp:featuredmedia":[{"embeddable":true,"href":"https:\/\/blog.maciterneecolo.fr\/pt-pt\/wp-json\/wp\/v2\/media\/1267"}],"wp:attachment":[{"href":"https:\/\/blog.maciterneecolo.fr\/pt-pt\/wp-json\/wp\/v2\/media?parent=2941"}],"wp:term":[{"taxonomy":"category","embeddable":true,"href":"https:\/\/blog.maciterneecolo.fr\/pt-pt\/wp-json\/wp\/v2\/categories?post=2941"},{"taxonomy":"post_tag","embeddable":true,"href":"https:\/\/blog.maciterneecolo.fr\/pt-pt\/wp-json\/wp\/v2\/tags?post=2941"}],"curies":[{"name":"wp","href":"https:\/\/api.w.org\/{rel}","templated":true}]}}