{"id":4052,"date":"2023-01-18T08:53:21","date_gmt":"2023-01-18T08:53:21","guid":{"rendered":"https:\/\/blog.maciterneecolo.fr\/antecipe-se-a-seca-com-o-seu-tanque-flexivel-de-agua-da-chuva\/"},"modified":"2023-09-01T10:53:35","modified_gmt":"2023-09-01T10:53:35","slug":"antecipe-se-a-seca-com-o-seu-tanque-flexivel-de-agua-da-chuva","status":"publish","type":"post","link":"https:\/\/blog.maciterneecolo.fr\/pt-pt\/antecipe-se-a-seca-com-o-seu-tanque-flexivel-de-agua-da-chuva\/","title":{"rendered":"Antecipe-se \u00e0 seca com o seu tanque flex\u00edvel de \u00e1gua da chuva"},"content":{"rendered":"\n<p>De facto, pode evitar a seca instalando um <strong>tanque flex\u00edvel de \u00e1gua da chuva<\/strong>. Trata-se de uma alternativa ecol\u00f3gica, econ\u00f3mica e fi\u00e1vel para recolher e armazenar a \u00e1gua da chuva para utiliza\u00e7\u00e3o posterior. Tamb\u00e9m pode utilizar o seu armazenamento de \u00e1gua da chuva em vez do sistema de \u00e1gua da torneira. Ajuda tamb\u00e9m <strong>a evitar per\u00edodos de seca, antecipando as vagas de calor<\/strong>. Descubra mais sobre o assunto e a utiliza\u00e7\u00e3o de um tanque de \u00e1gua da chuva auto-sustent\u00e1vel no nosso artigo.<\/p>\n\n<h2 class=\"wp-block-heading\"><a><\/a><strong>Que uso pode dar \u00e0s centenas de litros de \u00e1gua recolhidos no seu sistema de recolha de \u00e1guas pluviais?<\/strong><\/h2>\n\n<p>H\u00e1 v\u00e1rios <strong>usos para a \u00e1gua colhida<\/strong> num projecto de sistema de recolha de \u00e1gua da chuva.<\/p>\n\n<p>Alguns exemplos comuns s\u00e3o<\/p>\n\n<ol class=\"wp-block-list\" type=\"1\" start=\"1\">\n<li><strong>Cisterna ou recuperador em PVC para regar o jardim<\/strong>:\n<ul class=\"wp-block-list\">\n<li>A \u00e1gua do telhado da sua casa pode ser utilizada para regar as plantas e flores do jardim. Isto reduz os custos de rega.<br\/><br\/><\/li>\n<\/ul>\n<\/li>\n\n\n\n<li><strong>Tanque ou recuperador em PVC para a limpeza do seu exterior<\/strong>:  \n<ul class=\"wp-block-list\">\n<li>A \u00e1gua do seu dep\u00f3sito pode ser utilizada para lavar carros, bicicletas, rolos de relva artificial e brinquedos de exterior.<br\/><br\/><\/li>\n<\/ul>\n<\/li>\n\n\n\n<li><strong>Cisterna ou tanque de recupera\u00e7\u00e3o em PVC para encher o tanque da sanita<\/strong>:\n<ul class=\"wp-block-list\">\n<li>A \u00e1gua recolhida pelo tubo de descarga pode ser utilizada para descarregar a sanita. A descarga da sanita \u00e9 uma das utiliza\u00e7\u00f5es que resulta numa grande perda de \u00e1gua pot\u00e1vel.<br\/><br\/><\/li>\n<\/ul>\n<\/li>\n\n\n\n<li><strong>Cisterna ou tanque de recupera\u00e7\u00e3o em PVC para abastecer o seu equipamento sanit\u00e1rio<\/strong>:  \n<ul class=\"wp-block-list\">\n<li>A \u00e1gua do seu sistema de recupera\u00e7\u00e3o e armazenamento pode ser utilizada para fazer funcionar a m\u00e1quina de lavar roupa ou a m\u00e1quina de lavar loi\u00e7a.<br\/><br\/><\/li>\n<\/ul>\n<\/li>\n\n\n\n<li><strong>Tanque ou recuperador em PVC para encher uma bacia de \u00e1gua<\/strong>:  \n<ul class=\"wp-block-list\">\n<li>A \u00e1gua do seu reservat\u00f3rio pode ser utilizada para encher ou<a href=\"https:\/\/blog.maciterneecolo.fr\/pt-pt\/o-tanque-flexivel-para-encher-a-sua-piscina-durante-uma-escassez-de-agua\/\"> manter o n\u00edvel de \u00e1gua da sua piscina<\/a>, lago ornamental ou lago para peixes dourados.<br\/><br\/><\/li>\n<\/ul>\n<\/li>\n\n\n\n<li><strong>Tanque ou recuperador em PVC para rega de hortas: <\/strong> \n<ul class=\"wp-block-list\">\n<li>A \u00e1gua da sua instala\u00e7\u00e3o pode ser utilizada para alimentar um sistema de irriga\u00e7\u00e3o automatizado com os legumes plantados na sua horta.<br\/><br\/><\/li>\n<\/ul>\n<\/li>\n<\/ol>\n\n<h2 class=\"wp-block-heading\"><a><\/a><strong>O impacto do tempo quente no consumo de \u00e1gua na rede de \u00e1gua pot\u00e1vel<\/strong><\/h2>\n\n<p> <strong>O calor pode causar muitos problemas<\/strong> para o consumo de \u00e1gua pot\u00e1vel e a sua utiliza\u00e7\u00e3o:<\/p>\n\n<ol class=\"wp-block-list\" type=\"1\" start=\"1\">\n<li><strong>Aumento da evapora\u00e7\u00e3o<\/strong>:  \n<ul class=\"wp-block-list\">\n<li>Com o aumento da temperatura, a \u00e1gua evapora-se mais rapidamente. As plantas e flores precisam de mais \u00e1gua para se manterem hidratadas. Como resultado, o consumo de \u00e1gua da torneira para usos como a rega est\u00e1 a aumentar e o mesmo acontece com as contas que o acompanham.<br\/><br\/><\/li>\n<\/ul>\n<\/li>\n\n\n\n<li><strong>Seca<\/strong>:  \n<ul class=\"wp-block-list\">\n<li>Durante o calor excessivo, isto pode causar restri\u00e7\u00f5es de \u00e1gua. As fam\u00edlias t\u00eam menos \u00e1gua para plantas, flores e ervas arom\u00e1ticas. Isto causa perdas de colheitas e custos adicionais para a irriga\u00e7\u00e3o.<br\/><br\/><\/li>\n<\/ul>\n<\/li>\n\n\n\n<li><strong>Stress h\u00eddrico<\/strong>:  \n<ul class=\"wp-block-list\">\n<li>As plantas sujeitas a temperaturas elevadas e \u00e0 falta de \u00e1gua podem sofrer de stress h\u00eddrico. As folhas, os caules e as ra\u00edzes sofrer\u00e3o danos potencialmente irrepar\u00e1veis. Se est\u00e1 a tentar limitar a ingest\u00e3o de \u00e1gua para poupar \u00e1gua pot\u00e1vel.<br\/><br\/><\/li>\n<\/ul>\n<\/li>\n\n\n\n<li><strong>Inc\u00eandios florestais ou vinhateiros<\/strong>:  \n<ul class=\"wp-block-list\">\n<li>As temperaturas elevadas podem aumentar o risco de inc\u00eandios florestais. N\u00e3o \u00e9 claro se forneceu um sistema de recolha de \u00e1gua em caso de inc\u00eandio na sua propriedade privada. A antecipa\u00e7\u00e3o da chegada dos bombeiros pode salvar a sua casa ou propriedade!<br\/><br\/><\/li>\n<\/ul>\n<\/li>\n<\/ol>\n\n<h2 class=\"wp-block-heading\"><strong>Antecipar as ondas de calor para melhor prevenir a seca com um tanque flex\u00edvel!<\/strong><\/h2>\n\n<p>O <strong><a href=\"https:\/\/www.maciterneecolo.fr\/fr\/3-citernes-souples\" target=\"_blank\" rel=\"noreferrer noopener\">reservat\u00f3rio flex\u00edvel<\/a><\/strong> para <strong>\u00e1guas pluviais com os seus acess\u00f3rios<\/strong> \u00e9 uma forma eficaz de recolher e armazenar a \u00e1gua da chuva. Isto \u00e9 feito a partir da caleira do telhado para utiliza\u00e7\u00e3o posterior. \u00c9 um <strong>sistema de recolha da \u00e1gua da chuva<\/strong> que ajuda a prevenir a insola\u00e7\u00e3o durante a esta\u00e7\u00e3o do Ver\u00e3o. \u00c9 o caso, nomeadamente, das <strong>regi\u00f5es onde a precipita\u00e7\u00e3o \u00e9 escassa ou incerta<\/strong>. Mas \u00e9 tamb\u00e9m o caso durante os per\u00edodos de seca, quando a utiliza\u00e7\u00e3o de um reservat\u00f3rio flex\u00edvel \u00e9 essencial.<\/p>\n\n<h3 class=\"wp-block-heading\">Flexibilidade e facilidade de instala\u00e7\u00e3o  <\/h3>\n\n<p>O nosso <strong>tanque de \u00e1gua da chuva auto-sustent\u00e1vel <\/strong>\u00e9 feito de materiais flex\u00edveis como o PVC. Este \u00e9 um tipo de escumador flex\u00edvel que \u00e9 leve e f\u00e1cil de instalar. Assim, <strong>os<\/strong> nossos <strong>reservat\u00f3rios<\/strong> podem ser instalados no exterior da casa (espa\u00e7o de rastejamento), no ch\u00e3o de um terra\u00e7o, no ch\u00e3o de uma varanda, perto de uma piscina ou na superf\u00edcie de um telhado plano. O nosso <strong>colector de PVC de grande capacidade<\/strong> tamb\u00e9m pode ser semi-enterrado no jardim para armazenamento discreto de \u00e1gua.<\/p>\n\n<h3 class=\"wp-block-heading\">Poupan\u00e7a e efici\u00eancia<\/h3>\n\n<p>Como j\u00e1 vimos. A \u00e1gua da chuva recolhida num <strong>tanque flex\u00edvel<\/strong> pode ser utilizada para <strong>regar o jardim<\/strong>. Tamb\u00e9m pode ser utilizado para lavar o carro ou encher a sanita. Al\u00e9m disso, reduz <strong>o consumo de \u00e1gua pot\u00e1vel<\/strong> e <strong>permite-lhe<\/strong> poupar dinheiro nas suas contas mensais de \u00e1gua. Em m\u00e9dia, uma casa consome 150 litros de \u00e1gua por dia. Isto \u00e9 enorme, ano ap\u00f3s ano. A<strong> utiliza\u00e7\u00e3o da \u00e1gua da chuva<\/strong> \u00e9 a solu\u00e7\u00e3o mais rent\u00e1vel para o seu <strong>or\u00e7amento<\/strong>.<\/p>\n\n<h3 class=\"wp-block-heading\">Conserva\u00e7\u00e3o da \u00e1gua e preven\u00e7\u00e3o dos riscos ambientais<\/h3>\n\n<p>Para al\u00e9m de evitar o calor extremo,<strong>a utiliza\u00e7\u00e3o de um <a href=\"https:\/\/www.maciterneecolo.fr\/fr\/\" target=\"_blank\" rel=\"noreferrer noopener\">reservat\u00f3rio de \u00e1gua da chuva<\/a><\/strong> tamb\u00e9m ajuda a <strong>proteger o len\u00e7ol fre\u00e1tico<\/strong>. Bem como os cursos de \u00e1gua, reduzindo o escoamento da chuva para os esgotos. Isto tamb\u00e9m pode ajudar a <strong>reduzir as inunda\u00e7\u00f5es durante as chuvas fortes<\/strong>. Pode escolher o tamanho do seu dispositivo de recupera\u00e7\u00e3o mais adequado \u00e0 sua utiliza\u00e7\u00e3o. (volumes dos reservat\u00f3rios de 1 m3 a 100 m3)<\/p>\n\n<h3 class=\"wp-block-heading\">Manuten\u00e7\u00e3o m\u00ednima e conformidade regulamentar<\/h3>\n\n<p>A utiliza\u00e7\u00e3o de <strong>tanques para armazenamento de l\u00edquidos<\/strong> requer uma boa manuten\u00e7\u00e3o para evitar a contamina\u00e7\u00e3o da \u00e1gua armazenada. O nosso tanque de PVC \u00e9 livre de manuten\u00e7\u00e3o. \u00c9 tamb\u00e9m importante <strong>verificar os regulamentos locais<\/strong> antes de o instalar. Alguns munic\u00edpios podem ter regras espec\u00edficas para a utiliza\u00e7\u00e3o de<strong>\u00e1gua da chuva com um sistema de recolha de \u00e1gua da chuva<\/strong>.<\/p>\n\n<h2 class=\"wp-block-heading\">Em conclus\u00e3o<\/h2>\n\n<p>Em suma, os nossos tanques flex\u00edveis s\u00e3o a <strong>forma eficiente de recolher e colher a \u00e1gua da chuva<\/strong> para utiliza\u00e7\u00e3o posterior. Al\u00e9m disso, pode ainda encomendar acess\u00f3rios compat\u00edveis: <strong>bomba el\u00e9ctrica<\/strong>, coletor de calhas, geot\u00eaxtil, etc. Como resultado, poupar\u00e1 nas suas contas de \u00e1gua, limitando o consumo de \u00e1gua da torneira. E tamb\u00e9m pode evitar o per\u00edodo de seca no ver\u00e3o com um dep\u00f3sito flex\u00edvel. E n\u00e3o hesite em consultar o nosso<a href=\"https:\/\/blog.maciterneecolo.fr\/pt-pt\/onde-posso-consultar-a-pluviosidade-das-regioes\/\"> artigo sobre as chuvas regionais<\/a>!<\/p>\n","protected":false},"excerpt":{"rendered":"<p>De facto, pode evitar a seca instalando um tanque flex\u00edvel de \u00e1gua da chuva. Trata-se de uma alternativa ecol\u00f3gica, econ\u00f3mica e fi\u00e1vel para recolher e armazenar a \u00e1gua da chuva para utiliza\u00e7\u00e3o posterior. Tamb\u00e9m pode utilizar o seu armazenamento de \u00e1gua da chuva em vez do sistema de \u00e1gua da torneira. Ajuda tamb\u00e9m a evitar [&hellip;]<\/p>\n","protected":false},"author":2,"featured_media":4022,"comment_status":"closed","ping_status":"closed","sticky":false,"template":"","format":"standard","meta":{"inline_featured_image":false,"footnotes":""},"categories":[387],"tags":[67,1372,66],"class_list":["post-4052","post","type-post","status-publish","format-standard","has-post-thumbnail","hentry","category-tudo-o-que-precisa-de-saber-sobre-o-tanque-flexivel","tag-agua-da-chuva","tag-seca","tag-tanque-flexivel"],"yoast_head":"<!-- This site is optimized with the Yoast SEO plugin v27.5 - https:\/\/yoast.com\/product\/yoast-seo-wordpress\/ -->\n<title>Antecipe-se \u00e0 seca com o seu tanque flex\u00edvel de \u00e1gua da chuva<\/title>\n<meta name=\"description\" content=\"Est\u00e1 preocupado com a falta de \u00e1gua? Antecipe-se \u00e0 seca com um reservat\u00f3rio flex\u00edvel de recolha de \u00e1gua da chuva, que pode ser utilizado para...\" \/>\n<meta name=\"robots\" content=\"index, follow, max-snippet:-1, max-image-preview:large, max-video-preview:-1\" \/>\n<link rel=\"canonical\" href=\"https:\/\/blog.maciterneecolo.fr\/pt-pt\/antecipe-se-a-seca-com-o-seu-tanque-flexivel-de-agua-da-chuva\/\" \/>\n<meta property=\"og:locale\" content=\"pt_PT\" \/>\n<meta property=\"og:type\" content=\"article\" \/>\n<meta property=\"og:title\" content=\"Antecipe-se \u00e0 seca com o seu tanque flex\u00edvel de \u00e1gua da chuva\" \/>\n<meta property=\"og:description\" content=\"Est\u00e1 preocupado com a falta de \u00e1gua? Antecipe-se \u00e0 seca com um reservat\u00f3rio flex\u00edvel de recolha de \u00e1gua da chuva, que pode ser utilizado para...\" \/>\n<meta property=\"og:url\" content=\"https:\/\/blog.maciterneecolo.fr\/pt-pt\/antecipe-se-a-seca-com-o-seu-tanque-flexivel-de-agua-da-chuva\/\" \/>\n<meta property=\"og:site_name\" content=\"Blog Ma Citerne Ecolo\" \/>\n<meta property=\"article:published_time\" content=\"2023-01-18T08:53:21+00:00\" \/>\n<meta property=\"article:modified_time\" content=\"2023-09-01T10:53:35+00:00\" \/>\n<meta property=\"og:image\" content=\"https:\/\/blog.maciterneecolo.fr\/wp-content\/uploads\/2023\/01\/secheresse-eau-citerne-souple.jpg\" \/>\n\t<meta property=\"og:image:width\" content=\"1920\" \/>\n\t<meta property=\"og:image:height\" content=\"1280\" \/>\n\t<meta property=\"og:image:type\" content=\"image\/jpeg\" \/>\n<meta name=\"author\" content=\"Lucile\" \/>\n<meta name=\"twitter:card\" content=\"summary_large_image\" \/>\n<meta name=\"twitter:label1\" content=\"Escrito por\" \/>\n\t<meta name=\"twitter:data1\" content=\"Lucile\" \/>\n\t<meta name=\"twitter:label2\" content=\"Tempo estimado de leitura\" \/>\n\t<meta name=\"twitter:data2\" content=\"6 minutos\" \/>\n<script type=\"application\/ld+json\" class=\"yoast-schema-graph\">{\"@context\":\"https:\\\/\\\/schema.org\",\"@graph\":[{\"@type\":\"Article\",\"@id\":\"https:\\\/\\\/blog.maciterneecolo.fr\\\/pt-pt\\\/antecipe-se-a-seca-com-o-seu-tanque-flexivel-de-agua-da-chuva\\\/#article\",\"isPartOf\":{\"@id\":\"https:\\\/\\\/blog.maciterneecolo.fr\\\/pt-pt\\\/antecipe-se-a-seca-com-o-seu-tanque-flexivel-de-agua-da-chuva\\\/\"},\"author\":{\"name\":\"Lucile\",\"@id\":\"https:\\\/\\\/blog.maciterneecolo.fr\\\/pt-pt\\\/#\\\/schema\\\/person\\\/cfb93b191140c86292f0707edfd4b6fe\"},\"headline\":\"Antecipe-se \u00e0 seca com o seu tanque flex\u00edvel de \u00e1gua da chuva\",\"datePublished\":\"2023-01-18T08:53:21+00:00\",\"dateModified\":\"2023-09-01T10:53:35+00:00\",\"mainEntityOfPage\":{\"@id\":\"https:\\\/\\\/blog.maciterneecolo.fr\\\/pt-pt\\\/antecipe-se-a-seca-com-o-seu-tanque-flexivel-de-agua-da-chuva\\\/\"},\"wordCount\":1150,\"publisher\":{\"@id\":\"https:\\\/\\\/blog.maciterneecolo.fr\\\/pt-pt\\\/#organization\"},\"image\":{\"@id\":\"https:\\\/\\\/blog.maciterneecolo.fr\\\/pt-pt\\\/antecipe-se-a-seca-com-o-seu-tanque-flexivel-de-agua-da-chuva\\\/#primaryimage\"},\"thumbnailUrl\":\"https:\\\/\\\/blog.maciterneecolo.fr\\\/wp-content\\\/uploads\\\/2023\\\/01\\\/secheresse-eau-citerne-souple.jpg\",\"keywords\":[\"\u00e1gua da chuva\",\"seca\",\"tanque flex\u00edvel\"],\"articleSection\":[\"Tudo o que precisa de saber sobre o tanque flex\u00edvel\"],\"inLanguage\":\"pt-PT\"},{\"@type\":\"WebPage\",\"@id\":\"https:\\\/\\\/blog.maciterneecolo.fr\\\/pt-pt\\\/antecipe-se-a-seca-com-o-seu-tanque-flexivel-de-agua-da-chuva\\\/\",\"url\":\"https:\\\/\\\/blog.maciterneecolo.fr\\\/pt-pt\\\/antecipe-se-a-seca-com-o-seu-tanque-flexivel-de-agua-da-chuva\\\/\",\"name\":\"Antecipe-se \u00e0 seca com o seu tanque flex\u00edvel de \u00e1gua da chuva\",\"isPartOf\":{\"@id\":\"https:\\\/\\\/blog.maciterneecolo.fr\\\/pt-pt\\\/#website\"},\"primaryImageOfPage\":{\"@id\":\"https:\\\/\\\/blog.maciterneecolo.fr\\\/pt-pt\\\/antecipe-se-a-seca-com-o-seu-tanque-flexivel-de-agua-da-chuva\\\/#primaryimage\"},\"image\":{\"@id\":\"https:\\\/\\\/blog.maciterneecolo.fr\\\/pt-pt\\\/antecipe-se-a-seca-com-o-seu-tanque-flexivel-de-agua-da-chuva\\\/#primaryimage\"},\"thumbnailUrl\":\"https:\\\/\\\/blog.maciterneecolo.fr\\\/wp-content\\\/uploads\\\/2023\\\/01\\\/secheresse-eau-citerne-souple.jpg\",\"datePublished\":\"2023-01-18T08:53:21+00:00\",\"dateModified\":\"2023-09-01T10:53:35+00:00\",\"description\":\"Est\u00e1 preocupado com a falta de \u00e1gua? Antecipe-se \u00e0 seca com um reservat\u00f3rio flex\u00edvel de recolha de \u00e1gua da chuva, que pode ser utilizado para...\",\"breadcrumb\":{\"@id\":\"https:\\\/\\\/blog.maciterneecolo.fr\\\/pt-pt\\\/antecipe-se-a-seca-com-o-seu-tanque-flexivel-de-agua-da-chuva\\\/#breadcrumb\"},\"inLanguage\":\"pt-PT\",\"potentialAction\":[{\"@type\":\"ReadAction\",\"target\":[\"https:\\\/\\\/blog.maciterneecolo.fr\\\/pt-pt\\\/antecipe-se-a-seca-com-o-seu-tanque-flexivel-de-agua-da-chuva\\\/\"]}]},{\"@type\":\"ImageObject\",\"inLanguage\":\"pt-PT\",\"@id\":\"https:\\\/\\\/blog.maciterneecolo.fr\\\/pt-pt\\\/antecipe-se-a-seca-com-o-seu-tanque-flexivel-de-agua-da-chuva\\\/#primaryimage\",\"url\":\"https:\\\/\\\/blog.maciterneecolo.fr\\\/wp-content\\\/uploads\\\/2023\\\/01\\\/secheresse-eau-citerne-souple.jpg\",\"contentUrl\":\"https:\\\/\\\/blog.maciterneecolo.fr\\\/wp-content\\\/uploads\\\/2023\\\/01\\\/secheresse-eau-citerne-souple.jpg\",\"width\":1920,\"height\":1280,\"caption\":\"Optez pour la r\u00e9cup\u00e9ration des eaux pluviales afin d'anticiper la s\u00e9cheresse avec une citerne souple\"},{\"@type\":\"BreadcrumbList\",\"@id\":\"https:\\\/\\\/blog.maciterneecolo.fr\\\/pt-pt\\\/antecipe-se-a-seca-com-o-seu-tanque-flexivel-de-agua-da-chuva\\\/#breadcrumb\",\"itemListElement\":[{\"@type\":\"ListItem\",\"position\":1,\"name\":\"Accueil\",\"item\":\"https:\\\/\\\/blog.maciterneecolo.fr\\\/pt-pt\\\/\"},{\"@type\":\"ListItem\",\"position\":2,\"name\":\"Antecipe-se \u00e0 seca com o seu tanque flex\u00edvel de \u00e1gua da chuva\"}]},{\"@type\":\"WebSite\",\"@id\":\"https:\\\/\\\/blog.maciterneecolo.fr\\\/pt-pt\\\/#website\",\"url\":\"https:\\\/\\\/blog.maciterneecolo.fr\\\/pt-pt\\\/\",\"name\":\"Blog Ma Citerne Ecolo\",\"description\":\"Leader dans le domaine de la citerne souple d&#039;eau de pluie\",\"publisher\":{\"@id\":\"https:\\\/\\\/blog.maciterneecolo.fr\\\/pt-pt\\\/#organization\"},\"potentialAction\":[{\"@type\":\"SearchAction\",\"target\":{\"@type\":\"EntryPoint\",\"urlTemplate\":\"https:\\\/\\\/blog.maciterneecolo.fr\\\/pt-pt\\\/?s={search_term_string}\"},\"query-input\":{\"@type\":\"PropertyValueSpecification\",\"valueRequired\":true,\"valueName\":\"search_term_string\"}}],\"inLanguage\":\"pt-PT\"},{\"@type\":\"Organization\",\"@id\":\"https:\\\/\\\/blog.maciterneecolo.fr\\\/pt-pt\\\/#organization\",\"name\":\"Blog Ma Citerne Ecolo\",\"url\":\"https:\\\/\\\/blog.maciterneecolo.fr\\\/pt-pt\\\/\",\"logo\":{\"@type\":\"ImageObject\",\"inLanguage\":\"pt-PT\",\"@id\":\"https:\\\/\\\/blog.maciterneecolo.fr\\\/pt-pt\\\/#\\\/schema\\\/logo\\\/image\\\/\",\"url\":\"https:\\\/\\\/blog.maciterneecolo.fr\\\/wp-content\\\/uploads\\\/2022\\\/12\\\/cropped-favicon-blog.png\",\"contentUrl\":\"https:\\\/\\\/blog.maciterneecolo.fr\\\/wp-content\\\/uploads\\\/2022\\\/12\\\/cropped-favicon-blog.png\",\"width\":512,\"height\":512,\"caption\":\"Blog Ma Citerne Ecolo\"},\"image\":{\"@id\":\"https:\\\/\\\/blog.maciterneecolo.fr\\\/pt-pt\\\/#\\\/schema\\\/logo\\\/image\\\/\"}},{\"@type\":\"Person\",\"@id\":\"https:\\\/\\\/blog.maciterneecolo.fr\\\/pt-pt\\\/#\\\/schema\\\/person\\\/cfb93b191140c86292f0707edfd4b6fe\",\"name\":\"Lucile\",\"image\":{\"@type\":\"ImageObject\",\"inLanguage\":\"pt-PT\",\"@id\":\"https:\\\/\\\/secure.gravatar.com\\\/avatar\\\/3c571ab7761bcc142db76a63f33a2a5ebee8b76990a871c9329e3e6df7ae9f3c?s=96&d=mm&r=g\",\"url\":\"https:\\\/\\\/secure.gravatar.com\\\/avatar\\\/3c571ab7761bcc142db76a63f33a2a5ebee8b76990a871c9329e3e6df7ae9f3c?s=96&d=mm&r=g\",\"contentUrl\":\"https:\\\/\\\/secure.gravatar.com\\\/avatar\\\/3c571ab7761bcc142db76a63f33a2a5ebee8b76990a871c9329e3e6df7ae9f3c?s=96&d=mm&r=g\",\"caption\":\"Lucile\"},\"url\":\"https:\\\/\\\/blog.maciterneecolo.fr\\\/pt-pt\\\/author\\\/lucilewerkeyn\\\/\"}]}<\/script>\n<!-- \/ Yoast SEO plugin. -->","yoast_head_json":{"title":"Antecipe-se \u00e0 seca com o seu tanque flex\u00edvel de \u00e1gua da chuva","description":"Est\u00e1 preocupado com a falta de \u00e1gua? Antecipe-se \u00e0 seca com um reservat\u00f3rio flex\u00edvel de recolha de \u00e1gua da chuva, que pode ser utilizado para...","robots":{"index":"index","follow":"follow","max-snippet":"max-snippet:-1","max-image-preview":"max-image-preview:large","max-video-preview":"max-video-preview:-1"},"canonical":"https:\/\/blog.maciterneecolo.fr\/pt-pt\/antecipe-se-a-seca-com-o-seu-tanque-flexivel-de-agua-da-chuva\/","og_locale":"pt_PT","og_type":"article","og_title":"Antecipe-se \u00e0 seca com o seu tanque flex\u00edvel de \u00e1gua da chuva","og_description":"Est\u00e1 preocupado com a falta de \u00e1gua? Antecipe-se \u00e0 seca com um reservat\u00f3rio flex\u00edvel de recolha de \u00e1gua da chuva, que pode ser utilizado para...","og_url":"https:\/\/blog.maciterneecolo.fr\/pt-pt\/antecipe-se-a-seca-com-o-seu-tanque-flexivel-de-agua-da-chuva\/","og_site_name":"Blog Ma Citerne Ecolo","article_published_time":"2023-01-18T08:53:21+00:00","article_modified_time":"2023-09-01T10:53:35+00:00","og_image":[{"width":1920,"height":1280,"url":"https:\/\/blog.maciterneecolo.fr\/wp-content\/uploads\/2023\/01\/secheresse-eau-citerne-souple.jpg","type":"image\/jpeg"}],"author":"Lucile","twitter_card":"summary_large_image","twitter_misc":{"Escrito por":"Lucile","Tempo estimado de leitura":"6 minutos"},"schema":{"@context":"https:\/\/schema.org","@graph":[{"@type":"Article","@id":"https:\/\/blog.maciterneecolo.fr\/pt-pt\/antecipe-se-a-seca-com-o-seu-tanque-flexivel-de-agua-da-chuva\/#article","isPartOf":{"@id":"https:\/\/blog.maciterneecolo.fr\/pt-pt\/antecipe-se-a-seca-com-o-seu-tanque-flexivel-de-agua-da-chuva\/"},"author":{"name":"Lucile","@id":"https:\/\/blog.maciterneecolo.fr\/pt-pt\/#\/schema\/person\/cfb93b191140c86292f0707edfd4b6fe"},"headline":"Antecipe-se \u00e0 seca com o seu tanque flex\u00edvel de \u00e1gua da chuva","datePublished":"2023-01-18T08:53:21+00:00","dateModified":"2023-09-01T10:53:35+00:00","mainEntityOfPage":{"@id":"https:\/\/blog.maciterneecolo.fr\/pt-pt\/antecipe-se-a-seca-com-o-seu-tanque-flexivel-de-agua-da-chuva\/"},"wordCount":1150,"publisher":{"@id":"https:\/\/blog.maciterneecolo.fr\/pt-pt\/#organization"},"image":{"@id":"https:\/\/blog.maciterneecolo.fr\/pt-pt\/antecipe-se-a-seca-com-o-seu-tanque-flexivel-de-agua-da-chuva\/#primaryimage"},"thumbnailUrl":"https:\/\/blog.maciterneecolo.fr\/wp-content\/uploads\/2023\/01\/secheresse-eau-citerne-souple.jpg","keywords":["\u00e1gua da chuva","seca","tanque flex\u00edvel"],"articleSection":["Tudo o que precisa de saber sobre o tanque flex\u00edvel"],"inLanguage":"pt-PT"},{"@type":"WebPage","@id":"https:\/\/blog.maciterneecolo.fr\/pt-pt\/antecipe-se-a-seca-com-o-seu-tanque-flexivel-de-agua-da-chuva\/","url":"https:\/\/blog.maciterneecolo.fr\/pt-pt\/antecipe-se-a-seca-com-o-seu-tanque-flexivel-de-agua-da-chuva\/","name":"Antecipe-se \u00e0 seca com o seu tanque flex\u00edvel de \u00e1gua da chuva","isPartOf":{"@id":"https:\/\/blog.maciterneecolo.fr\/pt-pt\/#website"},"primaryImageOfPage":{"@id":"https:\/\/blog.maciterneecolo.fr\/pt-pt\/antecipe-se-a-seca-com-o-seu-tanque-flexivel-de-agua-da-chuva\/#primaryimage"},"image":{"@id":"https:\/\/blog.maciterneecolo.fr\/pt-pt\/antecipe-se-a-seca-com-o-seu-tanque-flexivel-de-agua-da-chuva\/#primaryimage"},"thumbnailUrl":"https:\/\/blog.maciterneecolo.fr\/wp-content\/uploads\/2023\/01\/secheresse-eau-citerne-souple.jpg","datePublished":"2023-01-18T08:53:21+00:00","dateModified":"2023-09-01T10:53:35+00:00","description":"Est\u00e1 preocupado com a falta de \u00e1gua? Antecipe-se \u00e0 seca com um reservat\u00f3rio flex\u00edvel de recolha de \u00e1gua da chuva, que pode ser utilizado para...","breadcrumb":{"@id":"https:\/\/blog.maciterneecolo.fr\/pt-pt\/antecipe-se-a-seca-com-o-seu-tanque-flexivel-de-agua-da-chuva\/#breadcrumb"},"inLanguage":"pt-PT","potentialAction":[{"@type":"ReadAction","target":["https:\/\/blog.maciterneecolo.fr\/pt-pt\/antecipe-se-a-seca-com-o-seu-tanque-flexivel-de-agua-da-chuva\/"]}]},{"@type":"ImageObject","inLanguage":"pt-PT","@id":"https:\/\/blog.maciterneecolo.fr\/pt-pt\/antecipe-se-a-seca-com-o-seu-tanque-flexivel-de-agua-da-chuva\/#primaryimage","url":"https:\/\/blog.maciterneecolo.fr\/wp-content\/uploads\/2023\/01\/secheresse-eau-citerne-souple.jpg","contentUrl":"https:\/\/blog.maciterneecolo.fr\/wp-content\/uploads\/2023\/01\/secheresse-eau-citerne-souple.jpg","width":1920,"height":1280,"caption":"Optez pour la r\u00e9cup\u00e9ration des eaux pluviales afin d'anticiper la s\u00e9cheresse avec une citerne souple"},{"@type":"BreadcrumbList","@id":"https:\/\/blog.maciterneecolo.fr\/pt-pt\/antecipe-se-a-seca-com-o-seu-tanque-flexivel-de-agua-da-chuva\/#breadcrumb","itemListElement":[{"@type":"ListItem","position":1,"name":"Accueil","item":"https:\/\/blog.maciterneecolo.fr\/pt-pt\/"},{"@type":"ListItem","position":2,"name":"Antecipe-se \u00e0 seca com o seu tanque flex\u00edvel de \u00e1gua da chuva"}]},{"@type":"WebSite","@id":"https:\/\/blog.maciterneecolo.fr\/pt-pt\/#website","url":"https:\/\/blog.maciterneecolo.fr\/pt-pt\/","name":"Blog Ma Citerne Ecolo","description":"Leader dans le domaine de la citerne souple d&#039;eau de pluie","publisher":{"@id":"https:\/\/blog.maciterneecolo.fr\/pt-pt\/#organization"},"potentialAction":[{"@type":"SearchAction","target":{"@type":"EntryPoint","urlTemplate":"https:\/\/blog.maciterneecolo.fr\/pt-pt\/?s={search_term_string}"},"query-input":{"@type":"PropertyValueSpecification","valueRequired":true,"valueName":"search_term_string"}}],"inLanguage":"pt-PT"},{"@type":"Organization","@id":"https:\/\/blog.maciterneecolo.fr\/pt-pt\/#organization","name":"Blog Ma Citerne Ecolo","url":"https:\/\/blog.maciterneecolo.fr\/pt-pt\/","logo":{"@type":"ImageObject","inLanguage":"pt-PT","@id":"https:\/\/blog.maciterneecolo.fr\/pt-pt\/#\/schema\/logo\/image\/","url":"https:\/\/blog.maciterneecolo.fr\/wp-content\/uploads\/2022\/12\/cropped-favicon-blog.png","contentUrl":"https:\/\/blog.maciterneecolo.fr\/wp-content\/uploads\/2022\/12\/cropped-favicon-blog.png","width":512,"height":512,"caption":"Blog Ma Citerne Ecolo"},"image":{"@id":"https:\/\/blog.maciterneecolo.fr\/pt-pt\/#\/schema\/logo\/image\/"}},{"@type":"Person","@id":"https:\/\/blog.maciterneecolo.fr\/pt-pt\/#\/schema\/person\/cfb93b191140c86292f0707edfd4b6fe","name":"Lucile","image":{"@type":"ImageObject","inLanguage":"pt-PT","@id":"https:\/\/secure.gravatar.com\/avatar\/3c571ab7761bcc142db76a63f33a2a5ebee8b76990a871c9329e3e6df7ae9f3c?s=96&d=mm&r=g","url":"https:\/\/secure.gravatar.com\/avatar\/3c571ab7761bcc142db76a63f33a2a5ebee8b76990a871c9329e3e6df7ae9f3c?s=96&d=mm&r=g","contentUrl":"https:\/\/secure.gravatar.com\/avatar\/3c571ab7761bcc142db76a63f33a2a5ebee8b76990a871c9329e3e6df7ae9f3c?s=96&d=mm&r=g","caption":"Lucile"},"url":"https:\/\/blog.maciterneecolo.fr\/pt-pt\/author\/lucilewerkeyn\/"}]}},"_links":{"self":[{"href":"https:\/\/blog.maciterneecolo.fr\/pt-pt\/wp-json\/wp\/v2\/posts\/4052","targetHints":{"allow":["GET"]}}],"collection":[{"href":"https:\/\/blog.maciterneecolo.fr\/pt-pt\/wp-json\/wp\/v2\/posts"}],"about":[{"href":"https:\/\/blog.maciterneecolo.fr\/pt-pt\/wp-json\/wp\/v2\/types\/post"}],"author":[{"embeddable":true,"href":"https:\/\/blog.maciterneecolo.fr\/pt-pt\/wp-json\/wp\/v2\/users\/2"}],"replies":[{"embeddable":true,"href":"https:\/\/blog.maciterneecolo.fr\/pt-pt\/wp-json\/wp\/v2\/comments?post=4052"}],"version-history":[{"count":6,"href":"https:\/\/blog.maciterneecolo.fr\/pt-pt\/wp-json\/wp\/v2\/posts\/4052\/revisions"}],"predecessor-version":[{"id":9089,"href":"https:\/\/blog.maciterneecolo.fr\/pt-pt\/wp-json\/wp\/v2\/posts\/4052\/revisions\/9089"}],"wp:featuredmedia":[{"embeddable":true,"href":"https:\/\/blog.maciterneecolo.fr\/pt-pt\/wp-json\/wp\/v2\/media\/4022"}],"wp:attachment":[{"href":"https:\/\/blog.maciterneecolo.fr\/pt-pt\/wp-json\/wp\/v2\/media?parent=4052"}],"wp:term":[{"taxonomy":"category","embeddable":true,"href":"https:\/\/blog.maciterneecolo.fr\/pt-pt\/wp-json\/wp\/v2\/categories?post=4052"},{"taxonomy":"post_tag","embeddable":true,"href":"https:\/\/blog.maciterneecolo.fr\/pt-pt\/wp-json\/wp\/v2\/tags?post=4052"}],"curies":[{"name":"wp","href":"https:\/\/api.w.org\/{rel}","templated":true}]}}