{"id":4360,"date":"2023-01-18T11:48:20","date_gmt":"2023-01-18T11:48:20","guid":{"rendered":"https:\/\/blog.maciterneecolo.fr\/colheita-de-agua-da-chuva-para-combate-a-incendios\/"},"modified":"2023-08-29T07:29:11","modified_gmt":"2023-08-29T07:29:11","slug":"colheita-de-agua-da-chuva-para-combate-a-incendios","status":"publish","type":"post","link":"https:\/\/blog.maciterneecolo.fr\/pt-pt\/colheita-de-agua-da-chuva-para-combate-a-incendios\/","title":{"rendered":"Recolha de \u00e1gua da chuva para combater os inc\u00eandios"},"content":{"rendered":"\n<p>A recolha da \u00e1gua da chuva consiste em <strong>recolher a \u00e1gua da chuva num ponto de recolha<\/strong> (telhados, po\u00e7os, po\u00e7os, furos, etc.). A \u00e1gua da chuva \u00e9 subsequentemente utilizada para v\u00e1rias aplica\u00e7\u00f5es como um substituto da rede de \u00e1gua pot\u00e1vel. Isto inclui o combate a inc\u00eandios. Isto pode ser feito a partir de um tanque de bet\u00e3o, de um <strong>tanque autoportante<\/strong> ou de um tanque de a\u00e7o. No que respeita \u00e0 utiliza\u00e7\u00e3o como <strong>esta\u00e7\u00e3o<\/strong> de <strong>combate a inc\u00eand<\/strong>ios, a \u00e1gua da chuva recuperada pode ser utilizada para extinguir inc\u00eandios, principalmente em florestas. Mas tamb\u00e9m no campo, em zonas industriais e em edif\u00edcios.<\/p>\n\n<h2 class=\"wp-block-heading\" id=\"ybc_heading_h2_1\"><a><\/a><strong>O que precisa de saber sobre a recolha da \u00e1gua da chuva para protec\u00e7\u00e3o contra inc\u00eandios<\/strong><\/h2>\n\n<p><strong>A recolha de \u00e1gua da chuva<\/strong> \u00e9 uma solu\u00e7\u00e3o muito eficaz para combater os inc\u00eandios em vez de uma unidade de \u00e1gua pot\u00e1vel. Foi instalado um grande n\u00famero de unidades de recolha de \u00e1guas pluviais em Fran\u00e7a. Aumentar o n\u00famero de <strong>reservat\u00f3rios de \u00e1gua dispon\u00edveis para combate a inc\u00eandios<\/strong>. Estes incluem sistemas <strong>de armazenamento de \u00e1guas pluviais <\/strong>em tanques r\u00edgidos e <a href=\"https:\/\/www.maciterneecolo.fr\/fr\/21-citernes-souples-incendie\" target=\"_blank\" rel=\"noreferrer noopener\">reservat\u00f3rios de combate a inc\u00eandios<\/a>.<\/p>\n\n<h3 class=\"wp-block-heading\"><strong>Localiza\u00e7\u00e3o e tipos de instala\u00e7\u00e3o<\/strong><\/h3>\n\n<p>Os colectores de \u00e1guas pluviais podem ser colocados <strong>dentro ou fora de um edif\u00edcio<\/strong>. O nosso tanque pode ser ligado a um telhado, po\u00e7o, lago ou outra unidade independente para recolher e <strong>armazenar \u00e1gua recuperada<\/strong>. Os tanques podem ser semi-enterrados, subterr\u00e2neos ou acima do solo, dependendo das necessidades da instala\u00e7\u00e3o.<\/p>\n\n<h3 class=\"wp-block-heading\"><strong>Utiliza\u00e7\u00f5es m\u00faltiplas para a \u00e1gua da chuva recuperada<\/strong><\/h3>\n\n<p>A <strong>\u00e1gua da chuva recuperada<\/strong> pode ser utilizada para abastecer redes urbanas de inc\u00eandios, postos de extin\u00e7\u00e3o de inc\u00eandios dos bombeiros ou uma unidade de combate a <strong>inc\u00eandios florestais<\/strong>. A \u00e1gua da chuva armazenada pode tamb\u00e9m ser utilizada para fins dom\u00e9sticos. <strong> As bocas de inc\u00eandio flex\u00edveis<\/strong> est\u00e3o agora tamb\u00e9m dispon\u00edveis para as casas.<\/p>\n\n<h3 class=\"wp-block-heading\"><strong>Capacidade e efici\u00eancia<\/strong><\/h3>\n\n<p>Os nossos modelos partem de 1.000 litros de \u00e1gua da chuva, ou seja, um <a href=\"https:\/\/www.maciterneecolo.fr\/fr\/citernes-souples\/4-5-citerne-souple-eau-de-pluie-1m3-1000-litres-.html#\/5-option_de_dimension-forme_rectangulaire_288m_x_146m_x_05m\" target=\"_blank\" rel=\"noreferrer noopener\">dep\u00f3sito de \u00e1gua<\/a> com um volume de 1 m3.  <strong>Tamb\u00e9m reduz a propaga\u00e7\u00e3o de um inc\u00eandio<\/strong> numa propriedade privada, enquanto se espera pela equipa de resgate. Acabou-se a recolha de \u00e1gua de um tanque ou da rede p\u00fablica. Poupe tempo e dinheiro, utilizando o nosso tanque flex\u00edvel.<\/p>\n\n<h3 class=\"wp-block-heading\"><strong>Vantagens dos reservat\u00f3rios de PVC flex\u00edvel<\/strong><\/h3>\n\n<p>No passado, utiliz\u00e1vamos principalmente um tanque de a\u00e7o ou de bet\u00e3o. Para<strong>abastecer um ponto de \u00e1gua ou uma unidade de combate a inc\u00eandios<\/strong>. Hoje em dia, o tanque de PVC flex\u00edvel tornou-se a estrela entre os v\u00e1rios sistemas de recolha e armazenamento de \u00e1gua da chuva. Permite a <strong>recolha r\u00e1pida de centenas de quantidades de \u00e1gua da chuva<\/strong>. Estas s\u00e3o solu\u00e7\u00f5es muito \u00fateis para inc\u00eandios florestais ou inc\u00eandios de constru\u00e7\u00e3o.<\/p>\n\n<h3 class=\"wp-block-heading\"><strong>Capacidade elevada e per\u00edodos sens\u00edveis<\/strong><\/h3>\n\n<p>Na nossa loja, pode encomendar cisternas que podem armazenar at\u00e9 100.000 litros de \u00e1gua da chuva, ou seja, uma <a href=\"https:\/\/www.maciterneecolo.fr\/fr\/accueil\/20-43-citerne-souple-eau-de-pluie-100m3-100000-litres-cuve-reservoir-.html#\/43-option_de_dimension-forme_rectangulaire_12m_x_10m_x_15m\" target=\"_blank\" rel=\"noreferrer noopener\">cisterna de 100 m3<\/a>. \u00c9 uma forma eficaz de <strong>combater um inc\u00eandio<\/strong>, pois um tanque permite o armazenamento de \u00e1gua para utiliza\u00e7\u00e3o em tempos de seca. Al\u00e9m disso, estes s\u00e3o os momentos mais sens\u00edveis quando um inc\u00eandio deflagra.<\/p>\n\n<h3 class=\"wp-block-heading\"><strong>Aspectos ecol\u00f3gicos e sustentabilidade<\/strong><\/h3>\n\n<p>As <strong>ceifeiras de \u00e1guas pluviais independentes<\/strong> s\u00e3o tamb\u00e9m amigas do ambiente. Os nossos sistemas de recolha s\u00e3o feitos de pl\u00e1stico reciclado. N\u00e3o geram qualquer res\u00edduo, uma vez que s\u00e3o recicl\u00e1veis. Al\u00e9m disso, proporcionam um <strong>tratamento ideal da polui\u00e7\u00e3o das \u00e1guas residuais<\/strong>. \u00c9 uma boa protec\u00e7\u00e3o para combater um inc\u00eandio a partir de casa ou da rua.<a href=\"https:\/\/blog.maciterneecolo.fr\/pt-pt\/tanque-de-defesa-contra-incendios-para-um-evento\/\"> <\/a>combater um inc\u00eandio durante um evento.<\/p>\n\n<h2 class=\"wp-block-heading\" id=\"ybc_heading_h2_2\"><a><\/a><strong>Tanque flex\u00edvel para instala\u00e7\u00e3o de uma reserva de \u00e1gua de inc\u00eandio<\/strong><\/h2>\n\n<p>Os reservat\u00f3rios flex\u00edveis s\u00e3o a solu\u00e7\u00e3o de armazenamento de \u00e1gua ideal para a<strong>instala\u00e7\u00e3o de um sistema de recupera\u00e7\u00e3o de \u00e1gua contra inc\u00eandios em Fran\u00e7a<\/strong>. Estes saltos auto-sustent\u00e1veis s\u00e3o feitos de materiais flex\u00edveis e dur\u00e1veis. S\u00e3o mesmo resistentes a temperaturas muito elevadas. Os nossos produtos s\u00e3o f\u00e1ceis de colocar, mover ou transportar. Podem ser utilizados para armazenar grandes quantidades de \u00e1gua, at\u00e9<strong> milhares de litros de \u00e1gua da chuva<\/strong>.<\/p>\n\n<p>Os tanques de \u00e1gua da chuva em PVC tamb\u00e9m est\u00e3o equipados com dispositivos de esvaziamento para facilitar a limpeza. S\u00e3o compat\u00edveis com uma bomba el\u00e9ctrica e com um coletor de calhas de telhado. A bomba assegura uma taxa de fluxo \u00f3ptima. Pode at\u00e9 adicionar um sistema de filtragem para <strong>remover as impurezas<\/strong>. Isto tamb\u00e9m remover\u00e1 os detritos da \u00e1gua da chuva que se acumularam no telhado. Pode instalar as nossas ceifeiras auto-sustentadas de \u00e1guas pluviais dentro ou fora de edif\u00edcios e casas.<\/p>\n\n<p>Ao utilizar <strong>sistemas de armazenamento auto-sustentado para recolher a \u00e1gua recolhida durante a chuva<\/strong>, as reservas de \u00e1gua dispon\u00edveis podem ser aumentadas para combater inc\u00eandios mesmo em tempos de seca ou <strong>temperaturas elevadas<\/strong>. \u00c9 um<a href=\"https:\/\/blog.maciterneecolo.fr\/pt-pt\/tanque-de-agua-e-ecologia-em-pvc\/\"> <\/a>uma alternativa ecol\u00f3gica, econ\u00f3mica e eficaz para proteger os edif\u00edcios, o campo e as florestas contra os inc\u00eandios. Com o nosso tanque, far\u00e1 poupan\u00e7as consider\u00e1veis na rede p\u00fablica e de bebidas alco\u00f3licas em Fran\u00e7a.<\/p>\n\n<h2 class=\"wp-block-heading\" id=\"ybc_heading_h2_3\"><a><\/a><strong>Quais s\u00e3o as propriedades do reservat\u00f3rio flex\u00edvel de \u00e1gua da chuva para armazenamento de \u00e1gua de inc\u00eandio?<\/strong><\/h2>\n\n<p>Os nossos <strong>escumadores em PVC independentes<\/strong> s\u00e3o feitos de <strong>tecidos t\u00e9cnicos robustos <\/strong>para prolongar a sua vida \u00fatil. O policloreto de vinilo oferece grande <strong>flexibilidade e resist\u00eancia <\/strong>, mesmo num ambiente com temperaturas elevadas. S\u00e3o utilizados em<a href=\"https:\/\/blog.maciterneecolo.fr\/pt-pt\/solucao-economica-para-o-armazenamento-de-liquidos-agricolas\/\"> <\/a>armazenamento de efluentes agr\u00edcolas, produtos qu\u00edmicos, g\u00e1s liquefeito e combust\u00edveis, bem como o tratamento de l\u00edquidos como a \u00e1gua pot\u00e1vel, a \u00e1gua da chuva e as \u00e1guas residuais. Estes tanques podem ser facilmente transportados e instalados em \u00e1reas restritas ou de dif\u00edcil acesso (por exemplo, corredor estreito). S\u00e3o tamb\u00e9m <strong>\u00e0 prova de \u00e1gua e resistentes \u00e0 corros\u00e3o<\/strong>. Os nossos artigos de colec\u00e7\u00e3o podem ser fabricados em diferentes tamanhos para <strong>se adequarem a diferentes necessidades de armazenamento<\/strong>.<\/p>\n\n<h3 class=\"wp-block-heading\" id=\"ybc_heading_h3_4\"><a><\/a><strong>Tanques anti-fungos<\/strong><\/h3>\n\n<p>Os tanques anti-f\u00fangicos s\u00e3o tratados para <strong>resistir ao bolor<\/strong>, algas, <strong>fungos<\/strong> e outras bact\u00e9rias. S\u00e3o particularmente \u00fateis em ambientes h\u00famidos ou quentes, mesmo onde <strong>os microrganismos<\/strong> podem facilmente crescer ou tornar a \u00e1gua amarela. O<a href=\"https:\/\/blog.maciterneecolo.fr\/pt-pt\/tanque-flexivel-anti-fungos-e-amarelecimento-da-agua-da-chuva\/\"> <\/a>Os dep\u00f3sitos antif\u00fangicos s\u00e3o ideais para utiliza\u00e7\u00e3o num quartel de bombeiros, uma vez que asseguram a distribui\u00e7\u00e3o de \u00e1gua limpa e n\u00e3o contaminada.<\/p>\n\n<h3 class=\"wp-block-heading\" id=\"ybc_heading_h3_5\"><a><\/a><strong>Tanques de tecido t\u00e9cnico<\/strong><\/h3>\n\n<p>Os nossos saltos auto-sustent\u00e1veis s\u00e3o feitos de tecido t\u00e9cnico. Podem suportar temperaturas muito elevadas de at\u00e9 70\u00b0C. Os <strong>materiais t\u00e9cnicos<\/strong> utilizados na concep\u00e7\u00e3o dos nossos produtos permitem a sua instala\u00e7\u00e3o nas regi\u00f5es mais frias ou mais ensolaradas. O nosso <a href=\"https:\/\/blog.maciterneecolo.fr\/pt-pt\/tanque-flexivel-hermeticamente-selado-maciterneecolo-fr\/\">dep\u00f3sito flex\u00edvel<\/a> altamente resistente resiste \u00e0 neve, ao frio, \u00e0 <strong>geada<\/strong>, ao sol e ao <strong>vento<\/strong>. \u00c9 portanto adequado para a <strong>protec\u00e7\u00e3o<\/strong> da sua \u00e1gua da chuva, mas tamb\u00e9m para a recolha de qualquer l\u00edquido.<\/p>\n\n<h3 class=\"wp-block-heading\" id=\"ybc_heading_h3_6\"><a><\/a><strong>Tanques \u00e0 prova de \u00e1gua<\/strong><\/h3>\n\n<p>Tamb\u00e9m oferecemos um<a href=\"https:\/\/blog.maciterneecolo.fr\/pt-pt\/tanque-flexivel-hermeticamente-selado-maciterneecolo-fr\/\"> <\/a><a href=\"https:\/\/blog.maciterneecolo.fr\/pt-pt\/tanque-flexivel-hermeticamente-selado-maciterneecolo-fr\/\">tanque selado de \u00e1gua da chuva<\/a>. As nossas colhedoras de \u00e1guas pluviais s\u00e3o <strong>estanques<\/strong>. Isto significa que o seu tanque cont\u00e9m \u00e1gua da chuva que n\u00e3o se evaporar\u00e1. Tamb\u00e9m n\u00e3o existe o risco da habitual <strong>fuga de \u00e1gua<\/strong> que pode ocorrer com um produto de gama baixa. Uma vez recolhida,<strong> a \u00e1gua permanece segura<\/strong> na bolsa do tanque, opaca e resistente!<\/p>\n\n<p>Tudo em resumo,  <strong>o nosso tanque de tratamento de \u00e1guas pluviais oferece a m\u00e1xima protec\u00e7\u00e3o<\/strong>  ao seu ambiente  <strong>em caso de inc\u00eandio<\/strong>Especialmente em caso de emerg\u00eancia se o fogo se estiver a propagar a alta velocidade. N\u00e3o hesite em contactar o nosso  <strong>equipa de conselheiros<\/strong>  se precisar de mais informa\u00e7\u00f5es sobre os nossos servi\u00e7os!<\/p>\n","protected":false},"excerpt":{"rendered":"<p>A recolha da \u00e1gua da chuva consiste em recolher a \u00e1gua da chuva num ponto de recolha (telhados, po\u00e7os, po\u00e7os, furos, etc.). A \u00e1gua da chuva \u00e9 subsequentemente utilizada para v\u00e1rias aplica\u00e7\u00f5es como um substituto da rede de \u00e1gua pot\u00e1vel. Isto inclui o combate a inc\u00eandios. Isto pode ser feito a partir de um tanque [&hellip;]<\/p>\n","protected":false},"author":2,"featured_media":4333,"comment_status":"closed","ping_status":"closed","sticky":false,"template":"","format":"standard","meta":{"inline_featured_image":false,"footnotes":""},"categories":[387],"tags":[1451],"class_list":["post-4360","post","type-post","status-publish","format-standard","has-post-thumbnail","hentry","category-tudo-o-que-precisa-de-saber-sobre-o-tanque-flexivel","tag-tanque-de-incendio"],"yoast_head":"<!-- This site is optimized with the Yoast SEO plugin v27.5 - https:\/\/yoast.com\/product\/yoast-seo-wordpress\/ -->\n<title>Recolha de \u00e1gua da chuva para combater os inc\u00eandios<\/title>\n<meta name=\"description\" content=\"Saiba mais sobre a utiliza\u00e7\u00e3o da \u00e1gua da chuva para combater inc\u00eandios no seu plano de resposta a emerg\u00eancias.\" \/>\n<meta name=\"robots\" content=\"index, follow, max-snippet:-1, max-image-preview:large, max-video-preview:-1\" \/>\n<link rel=\"canonical\" href=\"https:\/\/blog.maciterneecolo.fr\/pt-pt\/colheita-de-agua-da-chuva-para-combate-a-incendios\/\" \/>\n<meta property=\"og:locale\" content=\"pt_PT\" \/>\n<meta property=\"og:type\" content=\"article\" \/>\n<meta property=\"og:title\" content=\"Recolha de \u00e1gua da chuva para combater os inc\u00eandios\" \/>\n<meta property=\"og:description\" content=\"Saiba mais sobre a utiliza\u00e7\u00e3o da \u00e1gua da chuva para combater inc\u00eandios no seu plano de resposta a emerg\u00eancias.\" \/>\n<meta property=\"og:url\" content=\"https:\/\/blog.maciterneecolo.fr\/pt-pt\/colheita-de-agua-da-chuva-para-combate-a-incendios\/\" \/>\n<meta property=\"og:site_name\" content=\"Blog Ma Citerne Ecolo\" \/>\n<meta property=\"article:published_time\" content=\"2023-01-18T11:48:20+00:00\" \/>\n<meta property=\"article:modified_time\" content=\"2023-08-29T07:29:11+00:00\" \/>\n<meta property=\"og:image\" content=\"https:\/\/blog.maciterneecolo.fr\/wp-content\/uploads\/2023\/01\/citerne-incendie.jpg\" \/>\n\t<meta property=\"og:image:width\" content=\"1920\" \/>\n\t<meta property=\"og:image:height\" content=\"1280\" \/>\n\t<meta property=\"og:image:type\" content=\"image\/jpeg\" \/>\n<meta name=\"author\" content=\"Lucile\" \/>\n<meta name=\"twitter:card\" content=\"summary_large_image\" \/>\n<meta name=\"twitter:label1\" content=\"Escrito por\" \/>\n\t<meta name=\"twitter:data1\" content=\"Lucile\" \/>\n\t<meta name=\"twitter:label2\" content=\"Tempo estimado de leitura\" \/>\n\t<meta name=\"twitter:data2\" content=\"7 minutos\" \/>\n<script type=\"application\/ld+json\" class=\"yoast-schema-graph\">{\"@context\":\"https:\\\/\\\/schema.org\",\"@graph\":[{\"@type\":\"Article\",\"@id\":\"https:\\\/\\\/blog.maciterneecolo.fr\\\/pt-pt\\\/colheita-de-agua-da-chuva-para-combate-a-incendios\\\/#article\",\"isPartOf\":{\"@id\":\"https:\\\/\\\/blog.maciterneecolo.fr\\\/pt-pt\\\/colheita-de-agua-da-chuva-para-combate-a-incendios\\\/\"},\"author\":{\"name\":\"Lucile\",\"@id\":\"https:\\\/\\\/blog.maciterneecolo.fr\\\/pt-pt\\\/#\\\/schema\\\/person\\\/cfb93b191140c86292f0707edfd4b6fe\"},\"headline\":\"Recolha de \u00e1gua da chuva para combater os inc\u00eandios\",\"datePublished\":\"2023-01-18T11:48:20+00:00\",\"dateModified\":\"2023-08-29T07:29:11+00:00\",\"mainEntityOfPage\":{\"@id\":\"https:\\\/\\\/blog.maciterneecolo.fr\\\/pt-pt\\\/colheita-de-agua-da-chuva-para-combate-a-incendios\\\/\"},\"wordCount\":1364,\"publisher\":{\"@id\":\"https:\\\/\\\/blog.maciterneecolo.fr\\\/pt-pt\\\/#organization\"},\"image\":{\"@id\":\"https:\\\/\\\/blog.maciterneecolo.fr\\\/pt-pt\\\/colheita-de-agua-da-chuva-para-combate-a-incendios\\\/#primaryimage\"},\"thumbnailUrl\":\"https:\\\/\\\/blog.maciterneecolo.fr\\\/wp-content\\\/uploads\\\/2023\\\/01\\\/citerne-incendie.jpg\",\"keywords\":[\"tanque de inc\u00eandio\"],\"articleSection\":[\"Tudo o que precisa de saber sobre o tanque flex\u00edvel\"],\"inLanguage\":\"pt-PT\"},{\"@type\":\"WebPage\",\"@id\":\"https:\\\/\\\/blog.maciterneecolo.fr\\\/pt-pt\\\/colheita-de-agua-da-chuva-para-combate-a-incendios\\\/\",\"url\":\"https:\\\/\\\/blog.maciterneecolo.fr\\\/pt-pt\\\/colheita-de-agua-da-chuva-para-combate-a-incendios\\\/\",\"name\":\"Recolha de \u00e1gua da chuva para combater os inc\u00eandios\",\"isPartOf\":{\"@id\":\"https:\\\/\\\/blog.maciterneecolo.fr\\\/pt-pt\\\/#website\"},\"primaryImageOfPage\":{\"@id\":\"https:\\\/\\\/blog.maciterneecolo.fr\\\/pt-pt\\\/colheita-de-agua-da-chuva-para-combate-a-incendios\\\/#primaryimage\"},\"image\":{\"@id\":\"https:\\\/\\\/blog.maciterneecolo.fr\\\/pt-pt\\\/colheita-de-agua-da-chuva-para-combate-a-incendios\\\/#primaryimage\"},\"thumbnailUrl\":\"https:\\\/\\\/blog.maciterneecolo.fr\\\/wp-content\\\/uploads\\\/2023\\\/01\\\/citerne-incendie.jpg\",\"datePublished\":\"2023-01-18T11:48:20+00:00\",\"dateModified\":\"2023-08-29T07:29:11+00:00\",\"description\":\"Saiba mais sobre a utiliza\u00e7\u00e3o da \u00e1gua da chuva para combater inc\u00eandios no seu plano de resposta a emerg\u00eancias.\",\"breadcrumb\":{\"@id\":\"https:\\\/\\\/blog.maciterneecolo.fr\\\/pt-pt\\\/colheita-de-agua-da-chuva-para-combate-a-incendios\\\/#breadcrumb\"},\"inLanguage\":\"pt-PT\",\"potentialAction\":[{\"@type\":\"ReadAction\",\"target\":[\"https:\\\/\\\/blog.maciterneecolo.fr\\\/pt-pt\\\/colheita-de-agua-da-chuva-para-combate-a-incendios\\\/\"]}]},{\"@type\":\"ImageObject\",\"inLanguage\":\"pt-PT\",\"@id\":\"https:\\\/\\\/blog.maciterneecolo.fr\\\/pt-pt\\\/colheita-de-agua-da-chuva-para-combate-a-incendios\\\/#primaryimage\",\"url\":\"https:\\\/\\\/blog.maciterneecolo.fr\\\/wp-content\\\/uploads\\\/2023\\\/01\\\/citerne-incendie.jpg\",\"contentUrl\":\"https:\\\/\\\/blog.maciterneecolo.fr\\\/wp-content\\\/uploads\\\/2023\\\/01\\\/citerne-incendie.jpg\",\"width\":1920,\"height\":1280},{\"@type\":\"BreadcrumbList\",\"@id\":\"https:\\\/\\\/blog.maciterneecolo.fr\\\/pt-pt\\\/colheita-de-agua-da-chuva-para-combate-a-incendios\\\/#breadcrumb\",\"itemListElement\":[{\"@type\":\"ListItem\",\"position\":1,\"name\":\"Accueil\",\"item\":\"https:\\\/\\\/blog.maciterneecolo.fr\\\/pt-pt\\\/\"},{\"@type\":\"ListItem\",\"position\":2,\"name\":\"Recolha de \u00e1gua da chuva para combater os inc\u00eandios\"}]},{\"@type\":\"WebSite\",\"@id\":\"https:\\\/\\\/blog.maciterneecolo.fr\\\/pt-pt\\\/#website\",\"url\":\"https:\\\/\\\/blog.maciterneecolo.fr\\\/pt-pt\\\/\",\"name\":\"Blog Ma Citerne Ecolo\",\"description\":\"Leader dans le domaine de la citerne souple d&#039;eau de pluie\",\"publisher\":{\"@id\":\"https:\\\/\\\/blog.maciterneecolo.fr\\\/pt-pt\\\/#organization\"},\"potentialAction\":[{\"@type\":\"SearchAction\",\"target\":{\"@type\":\"EntryPoint\",\"urlTemplate\":\"https:\\\/\\\/blog.maciterneecolo.fr\\\/pt-pt\\\/?s={search_term_string}\"},\"query-input\":{\"@type\":\"PropertyValueSpecification\",\"valueRequired\":true,\"valueName\":\"search_term_string\"}}],\"inLanguage\":\"pt-PT\"},{\"@type\":\"Organization\",\"@id\":\"https:\\\/\\\/blog.maciterneecolo.fr\\\/pt-pt\\\/#organization\",\"name\":\"Blog Ma Citerne Ecolo\",\"url\":\"https:\\\/\\\/blog.maciterneecolo.fr\\\/pt-pt\\\/\",\"logo\":{\"@type\":\"ImageObject\",\"inLanguage\":\"pt-PT\",\"@id\":\"https:\\\/\\\/blog.maciterneecolo.fr\\\/pt-pt\\\/#\\\/schema\\\/logo\\\/image\\\/\",\"url\":\"https:\\\/\\\/blog.maciterneecolo.fr\\\/wp-content\\\/uploads\\\/2022\\\/12\\\/cropped-favicon-blog.png\",\"contentUrl\":\"https:\\\/\\\/blog.maciterneecolo.fr\\\/wp-content\\\/uploads\\\/2022\\\/12\\\/cropped-favicon-blog.png\",\"width\":512,\"height\":512,\"caption\":\"Blog Ma Citerne Ecolo\"},\"image\":{\"@id\":\"https:\\\/\\\/blog.maciterneecolo.fr\\\/pt-pt\\\/#\\\/schema\\\/logo\\\/image\\\/\"}},{\"@type\":\"Person\",\"@id\":\"https:\\\/\\\/blog.maciterneecolo.fr\\\/pt-pt\\\/#\\\/schema\\\/person\\\/cfb93b191140c86292f0707edfd4b6fe\",\"name\":\"Lucile\",\"image\":{\"@type\":\"ImageObject\",\"inLanguage\":\"pt-PT\",\"@id\":\"https:\\\/\\\/secure.gravatar.com\\\/avatar\\\/3c571ab7761bcc142db76a63f33a2a5ebee8b76990a871c9329e3e6df7ae9f3c?s=96&d=mm&r=g\",\"url\":\"https:\\\/\\\/secure.gravatar.com\\\/avatar\\\/3c571ab7761bcc142db76a63f33a2a5ebee8b76990a871c9329e3e6df7ae9f3c?s=96&d=mm&r=g\",\"contentUrl\":\"https:\\\/\\\/secure.gravatar.com\\\/avatar\\\/3c571ab7761bcc142db76a63f33a2a5ebee8b76990a871c9329e3e6df7ae9f3c?s=96&d=mm&r=g\",\"caption\":\"Lucile\"},\"url\":\"https:\\\/\\\/blog.maciterneecolo.fr\\\/pt-pt\\\/author\\\/lucilewerkeyn\\\/\"}]}<\/script>\n<!-- \/ Yoast SEO plugin. -->","yoast_head_json":{"title":"Recolha de \u00e1gua da chuva para combater os inc\u00eandios","description":"Saiba mais sobre a utiliza\u00e7\u00e3o da \u00e1gua da chuva para combater inc\u00eandios no seu plano de resposta a emerg\u00eancias.","robots":{"index":"index","follow":"follow","max-snippet":"max-snippet:-1","max-image-preview":"max-image-preview:large","max-video-preview":"max-video-preview:-1"},"canonical":"https:\/\/blog.maciterneecolo.fr\/pt-pt\/colheita-de-agua-da-chuva-para-combate-a-incendios\/","og_locale":"pt_PT","og_type":"article","og_title":"Recolha de \u00e1gua da chuva para combater os inc\u00eandios","og_description":"Saiba mais sobre a utiliza\u00e7\u00e3o da \u00e1gua da chuva para combater inc\u00eandios no seu plano de resposta a emerg\u00eancias.","og_url":"https:\/\/blog.maciterneecolo.fr\/pt-pt\/colheita-de-agua-da-chuva-para-combate-a-incendios\/","og_site_name":"Blog Ma Citerne Ecolo","article_published_time":"2023-01-18T11:48:20+00:00","article_modified_time":"2023-08-29T07:29:11+00:00","og_image":[{"width":1920,"height":1280,"url":"https:\/\/blog.maciterneecolo.fr\/wp-content\/uploads\/2023\/01\/citerne-incendie.jpg","type":"image\/jpeg"}],"author":"Lucile","twitter_card":"summary_large_image","twitter_misc":{"Escrito por":"Lucile","Tempo estimado de leitura":"7 minutos"},"schema":{"@context":"https:\/\/schema.org","@graph":[{"@type":"Article","@id":"https:\/\/blog.maciterneecolo.fr\/pt-pt\/colheita-de-agua-da-chuva-para-combate-a-incendios\/#article","isPartOf":{"@id":"https:\/\/blog.maciterneecolo.fr\/pt-pt\/colheita-de-agua-da-chuva-para-combate-a-incendios\/"},"author":{"name":"Lucile","@id":"https:\/\/blog.maciterneecolo.fr\/pt-pt\/#\/schema\/person\/cfb93b191140c86292f0707edfd4b6fe"},"headline":"Recolha de \u00e1gua da chuva para combater os inc\u00eandios","datePublished":"2023-01-18T11:48:20+00:00","dateModified":"2023-08-29T07:29:11+00:00","mainEntityOfPage":{"@id":"https:\/\/blog.maciterneecolo.fr\/pt-pt\/colheita-de-agua-da-chuva-para-combate-a-incendios\/"},"wordCount":1364,"publisher":{"@id":"https:\/\/blog.maciterneecolo.fr\/pt-pt\/#organization"},"image":{"@id":"https:\/\/blog.maciterneecolo.fr\/pt-pt\/colheita-de-agua-da-chuva-para-combate-a-incendios\/#primaryimage"},"thumbnailUrl":"https:\/\/blog.maciterneecolo.fr\/wp-content\/uploads\/2023\/01\/citerne-incendie.jpg","keywords":["tanque de inc\u00eandio"],"articleSection":["Tudo o que precisa de saber sobre o tanque flex\u00edvel"],"inLanguage":"pt-PT"},{"@type":"WebPage","@id":"https:\/\/blog.maciterneecolo.fr\/pt-pt\/colheita-de-agua-da-chuva-para-combate-a-incendios\/","url":"https:\/\/blog.maciterneecolo.fr\/pt-pt\/colheita-de-agua-da-chuva-para-combate-a-incendios\/","name":"Recolha de \u00e1gua da chuva para combater os inc\u00eandios","isPartOf":{"@id":"https:\/\/blog.maciterneecolo.fr\/pt-pt\/#website"},"primaryImageOfPage":{"@id":"https:\/\/blog.maciterneecolo.fr\/pt-pt\/colheita-de-agua-da-chuva-para-combate-a-incendios\/#primaryimage"},"image":{"@id":"https:\/\/blog.maciterneecolo.fr\/pt-pt\/colheita-de-agua-da-chuva-para-combate-a-incendios\/#primaryimage"},"thumbnailUrl":"https:\/\/blog.maciterneecolo.fr\/wp-content\/uploads\/2023\/01\/citerne-incendie.jpg","datePublished":"2023-01-18T11:48:20+00:00","dateModified":"2023-08-29T07:29:11+00:00","description":"Saiba mais sobre a utiliza\u00e7\u00e3o da \u00e1gua da chuva para combater inc\u00eandios no seu plano de resposta a emerg\u00eancias.","breadcrumb":{"@id":"https:\/\/blog.maciterneecolo.fr\/pt-pt\/colheita-de-agua-da-chuva-para-combate-a-incendios\/#breadcrumb"},"inLanguage":"pt-PT","potentialAction":[{"@type":"ReadAction","target":["https:\/\/blog.maciterneecolo.fr\/pt-pt\/colheita-de-agua-da-chuva-para-combate-a-incendios\/"]}]},{"@type":"ImageObject","inLanguage":"pt-PT","@id":"https:\/\/blog.maciterneecolo.fr\/pt-pt\/colheita-de-agua-da-chuva-para-combate-a-incendios\/#primaryimage","url":"https:\/\/blog.maciterneecolo.fr\/wp-content\/uploads\/2023\/01\/citerne-incendie.jpg","contentUrl":"https:\/\/blog.maciterneecolo.fr\/wp-content\/uploads\/2023\/01\/citerne-incendie.jpg","width":1920,"height":1280},{"@type":"BreadcrumbList","@id":"https:\/\/blog.maciterneecolo.fr\/pt-pt\/colheita-de-agua-da-chuva-para-combate-a-incendios\/#breadcrumb","itemListElement":[{"@type":"ListItem","position":1,"name":"Accueil","item":"https:\/\/blog.maciterneecolo.fr\/pt-pt\/"},{"@type":"ListItem","position":2,"name":"Recolha de \u00e1gua da chuva para combater os inc\u00eandios"}]},{"@type":"WebSite","@id":"https:\/\/blog.maciterneecolo.fr\/pt-pt\/#website","url":"https:\/\/blog.maciterneecolo.fr\/pt-pt\/","name":"Blog Ma Citerne Ecolo","description":"Leader dans le domaine de la citerne souple d&#039;eau de pluie","publisher":{"@id":"https:\/\/blog.maciterneecolo.fr\/pt-pt\/#organization"},"potentialAction":[{"@type":"SearchAction","target":{"@type":"EntryPoint","urlTemplate":"https:\/\/blog.maciterneecolo.fr\/pt-pt\/?s={search_term_string}"},"query-input":{"@type":"PropertyValueSpecification","valueRequired":true,"valueName":"search_term_string"}}],"inLanguage":"pt-PT"},{"@type":"Organization","@id":"https:\/\/blog.maciterneecolo.fr\/pt-pt\/#organization","name":"Blog Ma Citerne Ecolo","url":"https:\/\/blog.maciterneecolo.fr\/pt-pt\/","logo":{"@type":"ImageObject","inLanguage":"pt-PT","@id":"https:\/\/blog.maciterneecolo.fr\/pt-pt\/#\/schema\/logo\/image\/","url":"https:\/\/blog.maciterneecolo.fr\/wp-content\/uploads\/2022\/12\/cropped-favicon-blog.png","contentUrl":"https:\/\/blog.maciterneecolo.fr\/wp-content\/uploads\/2022\/12\/cropped-favicon-blog.png","width":512,"height":512,"caption":"Blog Ma Citerne Ecolo"},"image":{"@id":"https:\/\/blog.maciterneecolo.fr\/pt-pt\/#\/schema\/logo\/image\/"}},{"@type":"Person","@id":"https:\/\/blog.maciterneecolo.fr\/pt-pt\/#\/schema\/person\/cfb93b191140c86292f0707edfd4b6fe","name":"Lucile","image":{"@type":"ImageObject","inLanguage":"pt-PT","@id":"https:\/\/secure.gravatar.com\/avatar\/3c571ab7761bcc142db76a63f33a2a5ebee8b76990a871c9329e3e6df7ae9f3c?s=96&d=mm&r=g","url":"https:\/\/secure.gravatar.com\/avatar\/3c571ab7761bcc142db76a63f33a2a5ebee8b76990a871c9329e3e6df7ae9f3c?s=96&d=mm&r=g","contentUrl":"https:\/\/secure.gravatar.com\/avatar\/3c571ab7761bcc142db76a63f33a2a5ebee8b76990a871c9329e3e6df7ae9f3c?s=96&d=mm&r=g","caption":"Lucile"},"url":"https:\/\/blog.maciterneecolo.fr\/pt-pt\/author\/lucilewerkeyn\/"}]}},"_links":{"self":[{"href":"https:\/\/blog.maciterneecolo.fr\/pt-pt\/wp-json\/wp\/v2\/posts\/4360","targetHints":{"allow":["GET"]}}],"collection":[{"href":"https:\/\/blog.maciterneecolo.fr\/pt-pt\/wp-json\/wp\/v2\/posts"}],"about":[{"href":"https:\/\/blog.maciterneecolo.fr\/pt-pt\/wp-json\/wp\/v2\/types\/post"}],"author":[{"embeddable":true,"href":"https:\/\/blog.maciterneecolo.fr\/pt-pt\/wp-json\/wp\/v2\/users\/2"}],"replies":[{"embeddable":true,"href":"https:\/\/blog.maciterneecolo.fr\/pt-pt\/wp-json\/wp\/v2\/comments?post=4360"}],"version-history":[{"count":7,"href":"https:\/\/blog.maciterneecolo.fr\/pt-pt\/wp-json\/wp\/v2\/posts\/4360\/revisions"}],"predecessor-version":[{"id":8846,"href":"https:\/\/blog.maciterneecolo.fr\/pt-pt\/wp-json\/wp\/v2\/posts\/4360\/revisions\/8846"}],"wp:featuredmedia":[{"embeddable":true,"href":"https:\/\/blog.maciterneecolo.fr\/pt-pt\/wp-json\/wp\/v2\/media\/4333"}],"wp:attachment":[{"href":"https:\/\/blog.maciterneecolo.fr\/pt-pt\/wp-json\/wp\/v2\/media?parent=4360"}],"wp:term":[{"taxonomy":"category","embeddable":true,"href":"https:\/\/blog.maciterneecolo.fr\/pt-pt\/wp-json\/wp\/v2\/categories?post=4360"},{"taxonomy":"post_tag","embeddable":true,"href":"https:\/\/blog.maciterneecolo.fr\/pt-pt\/wp-json\/wp\/v2\/tags?post=4360"}],"curies":[{"name":"wp","href":"https:\/\/api.w.org\/{rel}","templated":true}]}}