{"id":4708,"date":"2023-01-30T08:55:38","date_gmt":"2023-01-30T08:55:38","guid":{"rendered":"https:\/\/blog.maciterneecolo.fr\/os-nossos-tanques-flexiveis-de-pvc-sao-multifuncionais\/"},"modified":"2023-08-04T09:34:22","modified_gmt":"2023-08-04T09:34:22","slug":"os-nossos-tanques-flexiveis-de-pvc-sao-multifuncionais","status":"publish","type":"post","link":"https:\/\/blog.maciterneecolo.fr\/pt-pt\/os-nossos-tanques-flexiveis-de-pvc-sao-multifuncionais\/","title":{"rendered":"Os nossos tanques flex\u00edveis de PVC s\u00e3o multifuncionais?"},"content":{"rendered":"\n<h2 class=\"wp-block-heading\"><strong>Versatilidade dos reservat\u00f3rios flex\u00edveis de PVC para uma variedade de l\u00edquidos<\/strong><\/h2>\n\n<p>As cisternas flex\u00edveis em PVC<strong>(policloreto de vinilo)<\/strong> s\u00e3o solu\u00e7\u00f5es de armazenamento multifuncionais. \u00c9 poss\u00edvel recolher muitos tipos de l\u00edquidos. No entanto, trata-se sobretudo de reservat\u00f3rios concebidos para a <strong>recupera\u00e7\u00e3o e o armazenamento de \u00e1guas pluviais e de \u00e1gua pot\u00e1vel<\/strong>. Mas estes tanques tamb\u00e9m podem ser utilizados para defender a sua propriedade contra inc\u00eandios. Al\u00e9m disso, o armazenamento de \u00e1guas residuais, \u00e1guas industriais, \u00e1guas de irriga\u00e7\u00e3o, fertilizantes agr\u00edcolas e at\u00e9 produtos qu\u00edmicos, como os efluentes. Estes s\u00e3o tanques de enchimento que s\u00e3o multifuncionais.<\/p>\n\n<p>O <a href=\"https:\/\/www.maciterneecolo.fr\/fr\/21-citernes-souples-incendie\" target=\"_blank\" rel=\"noreferrer noopener\">coletor flex\u00edvel de \u00e1guas pluviais<\/a> \u00e9 a <strong>solu\u00e7\u00e3o perfeita para fam\u00edlias, fabricantes e agricultores <\/strong>. Por outras palavras, para qualquer pessoa que queira armazenar \u00e1gua e efluentes. Al\u00e9m disso, um reservat\u00f3rio com todas as fun\u00e7\u00f5es \u00e9 a escolha ideal. Porque se trata de um produto com v\u00e1rias dimens\u00f5es poss\u00edveis! Este \u00e9 o caso do nosso tanque de \u00e1gua da chuva auto-sustent\u00e1vel, que pode escolher um <strong>volume de 1 m\u00b3 a 100 m\u00b3<\/strong>.<\/p>\n\n<h3 class=\"wp-block-heading\"><strong>Solu\u00e7\u00f5es sem manuten\u00e7\u00e3o para uma grande variedade de clientes gra\u00e7as ao nosso dep\u00f3sito autoportante refor\u00e7ado<\/strong><\/h3>\n\n<p>Os <strong>fabricantes de tanques flex\u00edveis<\/strong> oferecem agora uma vasta gama de produtos que n\u00e3o necessitam de manuten\u00e7\u00e3o e, em particular, de pouca manuten\u00e7\u00e3o. O nosso produto satisfaz as necessidades de armazenamento de diferentes tipos de clientes, desde casas familiares a pequenos agricultores e grandes empresas industriais. Os nossos <strong>tanques auto-sustent\u00e1veis<\/strong> s\u00e3o feitos de um tecido t\u00e9cnico refor\u00e7ado. Este tecido t\u00e9cnico \u00e9 depois revestido para aumentar a sua resist\u00eancia \u00e0 utiliza\u00e7\u00e3o de <strong>produtos qu\u00edmicos<\/strong>. Mas tamb\u00e9m<strong> agr\u00edcolas e efluentes<\/strong> no tanque. A isto chama-se revestimento em PVC. Al\u00e9m disso, o nosso tanque de \u00e1gua \u00e9 bastante robusto, uma vez que tem sido <strong>tratado contra a radia\u00e7\u00e3o UV <\/strong>. O nosso tanque tamb\u00e9m est\u00e1 <strong>protegido contra algas<\/strong>, fungos e larvas de mosquito (tanque de antif\u00fangicos).<\/p>\n\n<h3 class=\"wp-block-heading\"><strong>Conformidade com as normas ISO para garantir o desempenho e a seguran\u00e7a dos nossos reservat\u00f3rios flex\u00edveis<\/strong><\/h3>\n\n<p>Os <strong>tanques flex\u00edveis com normas ISO<\/strong> s\u00e3o tanques de tecido t\u00e9cnico. Por conseguinte, isto explica porque \u00e9 que a nossa gama de tanques pode ser utilizada para o armazenamento de l\u00edquidos e g\u00e1s liquefeito. Os certificados ISO definem as <strong>especifica\u00e7\u00f5es para o fabrico <\/strong>. Tamb\u00e9m definem o desempenho e a seguran\u00e7a do tanque. O tanque autoportante padr\u00e3o ISO \u00e9 feito de materiais como o Policloreto de Vinilo que \u00e9 especificamente adaptado para o <strong>transporte e armazenamento<\/strong> de \u00e1gua e efluentes. Pode utiliz\u00e1-lo para um tanque de combate a inc\u00eandios, um tanque de produtos qu\u00edmicos ou um tanque de fertilizantes l\u00edquidos, tais como chorume.<\/p>\n\n<h3 class=\"wp-block-heading\"><strong>F\u00e1cil instala\u00e7\u00e3o e adaptabilidade das cisternas autoportantes para todas as aplica\u00e7\u00f5es<\/strong><\/h3>\n\n<p>Os tanques auto-sustent\u00e1veis s\u00e3o tamb\u00e9m muito f\u00e1ceis de instalar. Estes <strong>tanques<\/strong> podem ser instalados directamente em qualquer tipo de solo, sem a necessidade de funda\u00e7\u00f5es ou estruturas de apoio adicionais. As bexigas de pl\u00e1stico reciclado est\u00e3o tamb\u00e9m dispon\u00edveis numa <strong>variedade de tamanhos e volumes<\/strong>. A nossa gama de tanques de servi\u00e7o pesado varia de algumas centenas de litros a v\u00e1rios milhares de litros de capacidade de armazenamento. Estes s\u00e3o tanques flex\u00edveis concebidos para se adequarem a todas as <strong>aplica\u00e7\u00f5es de recolha e pavimentos em interiores e exteriores<\/strong>. O fabrico deste tanque oferece uma solu\u00e7\u00e3o adequada. O nosso coleccionador \u00e9 adequado para ambos <strong>\n  <a href=\"https:\/\/www.maciterneecolo.fr\/fr\/21-citernes-souples-incendie\" target=\"_blank\" rel=\"noreferrer noopener\">reserva de \u00e1gua da chuva para protec\u00e7\u00e3o contra inc\u00eandios<\/a>\n<\/strong>As nossas colhedoras de \u00e1gua da chuva s\u00e3o adequadas para utiliza\u00e7\u00e3o num reservat\u00f3rio de \u00e1gua da chuva de combate a inc\u00eandios, numa quinta ou num<strong> sistema de rega de <\/strong>jardim.<\/p>\n\n<h3 class=\"wp-block-heading\"><strong>Manuten\u00e7\u00e3o r\u00e1pida e f\u00e1cil dos dep\u00f3sitos flex\u00edveis de policloreto de vinilo<\/strong><\/h3>\n\n<p>Em termos de manuten\u00e7\u00e3o, <strong>tanques flex\u00edveis feitos de policloreto de vinilo<\/strong> s\u00e3o muito simples e, sobretudo, de manuten\u00e7\u00e3o r\u00e1pida. \u00c9 um tanque de alta qualidade, sem manuten\u00e7\u00e3o, que \u00e9 conveniente para muitos utilizadores. O tanque flex\u00edvel feito de <strong>tecidos t\u00e9cnicos<\/strong> pode ser limpo e desinfectado muito facilmente. Al\u00e9m disso, os <a href=\"https:\/\/www.maciterneecolo.fr\/fr\/3-citernes-souples\" target=\"_blank\" rel=\"noreferrer noopener\">tanques flex\u00edveis<\/a> podem ser utilizados para armazenar l\u00edquidos de diferentes qualidades. Este <strong>enchimento<\/strong> inclui l\u00edquidos alimentares, o que os torna ideais para alimentos e higiene, mas tamb\u00e9m para qualquer l\u00edquido de uma explora\u00e7\u00e3o animal, como o leite. O nosso petroleiro multifuncional auto-sustent\u00e1vel \u00e9 uma <strong>escolha de primeira qualidade com certificado ISO!<\/strong><\/p>\n\n<h2 class=\"wp-block-heading\"><a><\/a><strong>Que equipamento diferente pode ser combinado com o tanque flex\u00edvel revestido a PVC?<\/strong><\/h2>\n\n<p>Os seguintes <strong>equipamentos<\/strong> est\u00e3o dispon\u00edveis para um reservat\u00f3rio flex\u00edvel:<\/p>\n\n<ul class=\"wp-block-list\">\n<li>Um tubo de entrada para encher o tanque (enchimento);<\/li>\n\n\n\n<li>Um tubo de sa\u00edda para drenar o excesso de \u00e1gua pot\u00e1vel ou \u00e1gua da chuva (esvaziamento);<\/li>\n\n\n\n<li>Um sistema de v\u00e1lvula de reten\u00e7\u00e3o de \u00e1gua pot\u00e1vel ou pluvial para controlar a entrada e sa\u00edda;<\/li>\n\n\n\n<li>Um sistema de filtra\u00e7\u00e3o para eliminar impurezas (filtro de carbono, filtro de cer\u00e2mica, etc.);<\/li>\n\n\n\n<li>Um suporte para proteger a parte inferior do tanque no local (lona geot\u00eaxtil ou relva artificial);<\/li>\n\n\n\n<li>Um sistema de drenagem para facilitar a limpeza do tanque;<\/li>\n\n\n\n<li>Tiras reflectoras para uma melhor visibilidade do tanque no escuro;<\/li>\n\n\n\n<li>Um sistema de monitoriza\u00e7\u00e3o de n\u00edvel para monitorizar o stock no tanque (alarme);<\/li>\n\n\n\n<li>Um sistema de aquecimento para manter o l\u00edquido a uma temperatura est\u00e1vel (no caso de ter de ser mantido a uma determinada temperatura).<\/li>\n<\/ul>\n\n<h2 class=\"wp-block-heading\"><strong>Instala\u00e7\u00e3o do reservat\u00f3rio flex\u00edvel no ch\u00e3o do seu espa\u00e7o de rastejamento ou no ch\u00e3o da sua propriedade<\/strong><\/h2>\n\n<p>Est\u00e1 a pensar onde pode <strong>instalar um <a href=\"https:\/\/www.maciterneecolo.fr\/fr\/\" target=\"_blank\" rel=\"noreferrer noopener\">reservat\u00f3rio flex\u00edvel<\/a> multifuncional?<\/strong><\/p>\n\n<p>Pode instalar a nossa <strong>solu\u00e7\u00e3o de armazenamento de \u00e1guas pluviais e efluentes<\/strong> nos seguintes locais:<\/p>\n\n<ul class=\"wp-block-list\">\n<li>Instala\u00e7\u00e3o num espa\u00e7o de rastejamento ;<\/li>\n\n\n\n<li>Instala\u00e7\u00e3o no solo da sua propriedade;<\/li>\n\n\n\n<li>Instala\u00e7\u00e3o numa cave ;<\/li>\n\n\n\n<li>Instala\u00e7\u00e3o numa garagem ;<\/li>\n\n\n\n<li>Instala\u00e7\u00e3o num barrac\u00e3o ;<\/li>\n\n\n\n<li>Instala\u00e7\u00e3o em edif\u00edcios industriais, etc.<\/li>\n<\/ul>\n\n<p>\u00c9 importante notar que a<strong>concep\u00e7\u00e3o do tanque e do seu equipamento<\/strong> deve obedecer \u00e0s normas e regulamentos actuais em mat\u00e9ria de seguran\u00e7a e ambiente. Por conseguinte, \u00e9 importante encomendar um produto adequado, como os nossos <strong>tanques multifuncionais<\/strong>, que garantem uma higiene \u00f3ptima. Deve verificar os <strong>pavimentos das suas v\u00e1rias superf\u00edcies<\/strong> antes de instalar o seu sistema.<\/p>\n","protected":false},"excerpt":{"rendered":"<p>Versatilidade dos reservat\u00f3rios flex\u00edveis de PVC para uma variedade de l\u00edquidos As cisternas flex\u00edveis em PVC(policloreto de vinilo) s\u00e3o solu\u00e7\u00f5es de armazenamento multifuncionais. \u00c9 poss\u00edvel recolher muitos tipos de l\u00edquidos. No entanto, trata-se sobretudo de reservat\u00f3rios concebidos para a recupera\u00e7\u00e3o e o armazenamento de \u00e1guas pluviais e de \u00e1gua pot\u00e1vel. Mas estes tanques tamb\u00e9m podem [&hellip;]<\/p>\n","protected":false},"author":2,"featured_media":4682,"comment_status":"closed","ping_status":"closed","sticky":false,"template":"","format":"standard","meta":{"inline_featured_image":false,"footnotes":""},"categories":[387],"tags":[1559,862,1558],"class_list":["post-4708","post","type-post","status-publish","format-standard","has-post-thumbnail","hentry","category-tudo-o-que-precisa-de-saber-sobre-o-tanque-flexivel","tag-multifuncional","tag-pvc-pt-pt","tag-tanques-flexiveis"],"yoast_head":"<!-- This site is optimized with the Yoast SEO plugin v27.4 - https:\/\/yoast.com\/product\/yoast-seo-wordpress\/ -->\n<title>Os nossos tanques flex\u00edveis de PVC s\u00e3o multifuncionais?<\/title>\n<meta name=\"description\" content=\"As cisternas flex\u00edveis em PVC s\u00e3o solu\u00e7\u00f5es de armazenamento multifuncionais. \u00c9 poss\u00edvel recolher muitos tipos de l\u00edquidos.\" \/>\n<meta name=\"robots\" content=\"index, follow, max-snippet:-1, max-image-preview:large, max-video-preview:-1\" \/>\n<link rel=\"canonical\" href=\"https:\/\/blog.maciterneecolo.fr\/pt-pt\/os-nossos-tanques-flexiveis-de-pvc-sao-multifuncionais\/\" \/>\n<meta property=\"og:locale\" content=\"pt_PT\" \/>\n<meta property=\"og:type\" content=\"article\" \/>\n<meta property=\"og:title\" content=\"Os nossos tanques flex\u00edveis de PVC s\u00e3o multifuncionais?\" \/>\n<meta property=\"og:description\" content=\"As cisternas flex\u00edveis em PVC s\u00e3o solu\u00e7\u00f5es de armazenamento multifuncionais. \u00c9 poss\u00edvel recolher muitos tipos de l\u00edquidos.\" \/>\n<meta property=\"og:url\" content=\"https:\/\/blog.maciterneecolo.fr\/pt-pt\/os-nossos-tanques-flexiveis-de-pvc-sao-multifuncionais\/\" \/>\n<meta property=\"og:site_name\" content=\"Blog Ma Citerne Ecolo\" \/>\n<meta property=\"article:published_time\" content=\"2023-01-30T08:55:38+00:00\" \/>\n<meta property=\"article:modified_time\" content=\"2023-08-04T09:34:22+00:00\" \/>\n<meta property=\"og:image\" content=\"https:\/\/blog.maciterneecolo.fr\/wp-content\/uploads\/2023\/01\/citerne-souple-3.jpeg\" \/>\n\t<meta property=\"og:image:width\" content=\"800\" \/>\n\t<meta property=\"og:image:height\" content=\"800\" \/>\n\t<meta property=\"og:image:type\" content=\"image\/jpeg\" \/>\n<meta name=\"author\" content=\"Lucile\" \/>\n<meta name=\"twitter:card\" content=\"summary_large_image\" \/>\n<meta name=\"twitter:label1\" content=\"Escrito por\" \/>\n\t<meta name=\"twitter:data1\" content=\"Lucile\" \/>\n\t<meta name=\"twitter:label2\" content=\"Tempo estimado de leitura\" \/>\n\t<meta name=\"twitter:data2\" content=\"5 minutos\" \/>\n<script type=\"application\/ld+json\" class=\"yoast-schema-graph\">{\"@context\":\"https:\\\/\\\/schema.org\",\"@graph\":[{\"@type\":\"Article\",\"@id\":\"https:\\\/\\\/blog.maciterneecolo.fr\\\/pt-pt\\\/os-nossos-tanques-flexiveis-de-pvc-sao-multifuncionais\\\/#article\",\"isPartOf\":{\"@id\":\"https:\\\/\\\/blog.maciterneecolo.fr\\\/pt-pt\\\/os-nossos-tanques-flexiveis-de-pvc-sao-multifuncionais\\\/\"},\"author\":{\"name\":\"Lucile\",\"@id\":\"https:\\\/\\\/blog.maciterneecolo.fr\\\/pt-pt\\\/#\\\/schema\\\/person\\\/cfb93b191140c86292f0707edfd4b6fe\"},\"headline\":\"Os nossos tanques flex\u00edveis de PVC s\u00e3o multifuncionais?\",\"datePublished\":\"2023-01-30T08:55:38+00:00\",\"dateModified\":\"2023-08-04T09:34:22+00:00\",\"mainEntityOfPage\":{\"@id\":\"https:\\\/\\\/blog.maciterneecolo.fr\\\/pt-pt\\\/os-nossos-tanques-flexiveis-de-pvc-sao-multifuncionais\\\/\"},\"wordCount\":1104,\"publisher\":{\"@id\":\"https:\\\/\\\/blog.maciterneecolo.fr\\\/pt-pt\\\/#organization\"},\"image\":{\"@id\":\"https:\\\/\\\/blog.maciterneecolo.fr\\\/pt-pt\\\/os-nossos-tanques-flexiveis-de-pvc-sao-multifuncionais\\\/#primaryimage\"},\"thumbnailUrl\":\"https:\\\/\\\/blog.maciterneecolo.fr\\\/wp-content\\\/uploads\\\/2023\\\/01\\\/citerne-souple-3.jpeg\",\"keywords\":[\"multifuncional\",\"pvc\",\"tanques flex\u00edveis\"],\"articleSection\":[\"Tudo o que precisa de saber sobre o tanque flex\u00edvel\"],\"inLanguage\":\"pt-PT\"},{\"@type\":\"WebPage\",\"@id\":\"https:\\\/\\\/blog.maciterneecolo.fr\\\/pt-pt\\\/os-nossos-tanques-flexiveis-de-pvc-sao-multifuncionais\\\/\",\"url\":\"https:\\\/\\\/blog.maciterneecolo.fr\\\/pt-pt\\\/os-nossos-tanques-flexiveis-de-pvc-sao-multifuncionais\\\/\",\"name\":\"Os nossos tanques flex\u00edveis de PVC s\u00e3o multifuncionais?\",\"isPartOf\":{\"@id\":\"https:\\\/\\\/blog.maciterneecolo.fr\\\/pt-pt\\\/#website\"},\"primaryImageOfPage\":{\"@id\":\"https:\\\/\\\/blog.maciterneecolo.fr\\\/pt-pt\\\/os-nossos-tanques-flexiveis-de-pvc-sao-multifuncionais\\\/#primaryimage\"},\"image\":{\"@id\":\"https:\\\/\\\/blog.maciterneecolo.fr\\\/pt-pt\\\/os-nossos-tanques-flexiveis-de-pvc-sao-multifuncionais\\\/#primaryimage\"},\"thumbnailUrl\":\"https:\\\/\\\/blog.maciterneecolo.fr\\\/wp-content\\\/uploads\\\/2023\\\/01\\\/citerne-souple-3.jpeg\",\"datePublished\":\"2023-01-30T08:55:38+00:00\",\"dateModified\":\"2023-08-04T09:34:22+00:00\",\"description\":\"As cisternas flex\u00edveis em PVC s\u00e3o solu\u00e7\u00f5es de armazenamento multifuncionais. \u00c9 poss\u00edvel recolher muitos tipos de l\u00edquidos.\",\"breadcrumb\":{\"@id\":\"https:\\\/\\\/blog.maciterneecolo.fr\\\/pt-pt\\\/os-nossos-tanques-flexiveis-de-pvc-sao-multifuncionais\\\/#breadcrumb\"},\"inLanguage\":\"pt-PT\",\"potentialAction\":[{\"@type\":\"ReadAction\",\"target\":[\"https:\\\/\\\/blog.maciterneecolo.fr\\\/pt-pt\\\/os-nossos-tanques-flexiveis-de-pvc-sao-multifuncionais\\\/\"]}]},{\"@type\":\"ImageObject\",\"inLanguage\":\"pt-PT\",\"@id\":\"https:\\\/\\\/blog.maciterneecolo.fr\\\/pt-pt\\\/os-nossos-tanques-flexiveis-de-pvc-sao-multifuncionais\\\/#primaryimage\",\"url\":\"https:\\\/\\\/blog.maciterneecolo.fr\\\/wp-content\\\/uploads\\\/2023\\\/01\\\/citerne-souple-3.jpeg\",\"contentUrl\":\"https:\\\/\\\/blog.maciterneecolo.fr\\\/wp-content\\\/uploads\\\/2023\\\/01\\\/citerne-souple-3.jpeg\",\"width\":800,\"height\":800},{\"@type\":\"BreadcrumbList\",\"@id\":\"https:\\\/\\\/blog.maciterneecolo.fr\\\/pt-pt\\\/os-nossos-tanques-flexiveis-de-pvc-sao-multifuncionais\\\/#breadcrumb\",\"itemListElement\":[{\"@type\":\"ListItem\",\"position\":1,\"name\":\"Accueil\",\"item\":\"https:\\\/\\\/blog.maciterneecolo.fr\\\/pt-pt\\\/\"},{\"@type\":\"ListItem\",\"position\":2,\"name\":\"Os nossos tanques flex\u00edveis de PVC s\u00e3o multifuncionais?\"}]},{\"@type\":\"WebSite\",\"@id\":\"https:\\\/\\\/blog.maciterneecolo.fr\\\/pt-pt\\\/#website\",\"url\":\"https:\\\/\\\/blog.maciterneecolo.fr\\\/pt-pt\\\/\",\"name\":\"Blog Ma Citerne Ecolo\",\"description\":\"Leader dans le domaine de la citerne souple d&#039;eau de pluie\",\"publisher\":{\"@id\":\"https:\\\/\\\/blog.maciterneecolo.fr\\\/pt-pt\\\/#organization\"},\"potentialAction\":[{\"@type\":\"SearchAction\",\"target\":{\"@type\":\"EntryPoint\",\"urlTemplate\":\"https:\\\/\\\/blog.maciterneecolo.fr\\\/pt-pt\\\/?s={search_term_string}\"},\"query-input\":{\"@type\":\"PropertyValueSpecification\",\"valueRequired\":true,\"valueName\":\"search_term_string\"}}],\"inLanguage\":\"pt-PT\"},{\"@type\":\"Organization\",\"@id\":\"https:\\\/\\\/blog.maciterneecolo.fr\\\/pt-pt\\\/#organization\",\"name\":\"Blog Ma Citerne Ecolo\",\"url\":\"https:\\\/\\\/blog.maciterneecolo.fr\\\/pt-pt\\\/\",\"logo\":{\"@type\":\"ImageObject\",\"inLanguage\":\"pt-PT\",\"@id\":\"https:\\\/\\\/blog.maciterneecolo.fr\\\/pt-pt\\\/#\\\/schema\\\/logo\\\/image\\\/\",\"url\":\"https:\\\/\\\/blog.maciterneecolo.fr\\\/wp-content\\\/uploads\\\/2022\\\/12\\\/cropped-favicon-blog.png\",\"contentUrl\":\"https:\\\/\\\/blog.maciterneecolo.fr\\\/wp-content\\\/uploads\\\/2022\\\/12\\\/cropped-favicon-blog.png\",\"width\":512,\"height\":512,\"caption\":\"Blog Ma Citerne Ecolo\"},\"image\":{\"@id\":\"https:\\\/\\\/blog.maciterneecolo.fr\\\/pt-pt\\\/#\\\/schema\\\/logo\\\/image\\\/\"}},{\"@type\":\"Person\",\"@id\":\"https:\\\/\\\/blog.maciterneecolo.fr\\\/pt-pt\\\/#\\\/schema\\\/person\\\/cfb93b191140c86292f0707edfd4b6fe\",\"name\":\"Lucile\",\"image\":{\"@type\":\"ImageObject\",\"inLanguage\":\"pt-PT\",\"@id\":\"https:\\\/\\\/secure.gravatar.com\\\/avatar\\\/3c571ab7761bcc142db76a63f33a2a5ebee8b76990a871c9329e3e6df7ae9f3c?s=96&d=mm&r=g\",\"url\":\"https:\\\/\\\/secure.gravatar.com\\\/avatar\\\/3c571ab7761bcc142db76a63f33a2a5ebee8b76990a871c9329e3e6df7ae9f3c?s=96&d=mm&r=g\",\"contentUrl\":\"https:\\\/\\\/secure.gravatar.com\\\/avatar\\\/3c571ab7761bcc142db76a63f33a2a5ebee8b76990a871c9329e3e6df7ae9f3c?s=96&d=mm&r=g\",\"caption\":\"Lucile\"},\"url\":\"https:\\\/\\\/blog.maciterneecolo.fr\\\/pt-pt\\\/author\\\/lucilewerkeyn\\\/\"}]}<\/script>\n<!-- \/ Yoast SEO plugin. -->","yoast_head_json":{"title":"Os nossos tanques flex\u00edveis de PVC s\u00e3o multifuncionais?","description":"As cisternas flex\u00edveis em PVC s\u00e3o solu\u00e7\u00f5es de armazenamento multifuncionais. \u00c9 poss\u00edvel recolher muitos tipos de l\u00edquidos.","robots":{"index":"index","follow":"follow","max-snippet":"max-snippet:-1","max-image-preview":"max-image-preview:large","max-video-preview":"max-video-preview:-1"},"canonical":"https:\/\/blog.maciterneecolo.fr\/pt-pt\/os-nossos-tanques-flexiveis-de-pvc-sao-multifuncionais\/","og_locale":"pt_PT","og_type":"article","og_title":"Os nossos tanques flex\u00edveis de PVC s\u00e3o multifuncionais?","og_description":"As cisternas flex\u00edveis em PVC s\u00e3o solu\u00e7\u00f5es de armazenamento multifuncionais. \u00c9 poss\u00edvel recolher muitos tipos de l\u00edquidos.","og_url":"https:\/\/blog.maciterneecolo.fr\/pt-pt\/os-nossos-tanques-flexiveis-de-pvc-sao-multifuncionais\/","og_site_name":"Blog Ma Citerne Ecolo","article_published_time":"2023-01-30T08:55:38+00:00","article_modified_time":"2023-08-04T09:34:22+00:00","og_image":[{"width":800,"height":800,"url":"https:\/\/blog.maciterneecolo.fr\/wp-content\/uploads\/2023\/01\/citerne-souple-3.jpeg","type":"image\/jpeg"}],"author":"Lucile","twitter_card":"summary_large_image","twitter_misc":{"Escrito por":"Lucile","Tempo estimado de leitura":"5 minutos"},"schema":{"@context":"https:\/\/schema.org","@graph":[{"@type":"Article","@id":"https:\/\/blog.maciterneecolo.fr\/pt-pt\/os-nossos-tanques-flexiveis-de-pvc-sao-multifuncionais\/#article","isPartOf":{"@id":"https:\/\/blog.maciterneecolo.fr\/pt-pt\/os-nossos-tanques-flexiveis-de-pvc-sao-multifuncionais\/"},"author":{"name":"Lucile","@id":"https:\/\/blog.maciterneecolo.fr\/pt-pt\/#\/schema\/person\/cfb93b191140c86292f0707edfd4b6fe"},"headline":"Os nossos tanques flex\u00edveis de PVC s\u00e3o multifuncionais?","datePublished":"2023-01-30T08:55:38+00:00","dateModified":"2023-08-04T09:34:22+00:00","mainEntityOfPage":{"@id":"https:\/\/blog.maciterneecolo.fr\/pt-pt\/os-nossos-tanques-flexiveis-de-pvc-sao-multifuncionais\/"},"wordCount":1104,"publisher":{"@id":"https:\/\/blog.maciterneecolo.fr\/pt-pt\/#organization"},"image":{"@id":"https:\/\/blog.maciterneecolo.fr\/pt-pt\/os-nossos-tanques-flexiveis-de-pvc-sao-multifuncionais\/#primaryimage"},"thumbnailUrl":"https:\/\/blog.maciterneecolo.fr\/wp-content\/uploads\/2023\/01\/citerne-souple-3.jpeg","keywords":["multifuncional","pvc","tanques flex\u00edveis"],"articleSection":["Tudo o que precisa de saber sobre o tanque flex\u00edvel"],"inLanguage":"pt-PT"},{"@type":"WebPage","@id":"https:\/\/blog.maciterneecolo.fr\/pt-pt\/os-nossos-tanques-flexiveis-de-pvc-sao-multifuncionais\/","url":"https:\/\/blog.maciterneecolo.fr\/pt-pt\/os-nossos-tanques-flexiveis-de-pvc-sao-multifuncionais\/","name":"Os nossos tanques flex\u00edveis de PVC s\u00e3o multifuncionais?","isPartOf":{"@id":"https:\/\/blog.maciterneecolo.fr\/pt-pt\/#website"},"primaryImageOfPage":{"@id":"https:\/\/blog.maciterneecolo.fr\/pt-pt\/os-nossos-tanques-flexiveis-de-pvc-sao-multifuncionais\/#primaryimage"},"image":{"@id":"https:\/\/blog.maciterneecolo.fr\/pt-pt\/os-nossos-tanques-flexiveis-de-pvc-sao-multifuncionais\/#primaryimage"},"thumbnailUrl":"https:\/\/blog.maciterneecolo.fr\/wp-content\/uploads\/2023\/01\/citerne-souple-3.jpeg","datePublished":"2023-01-30T08:55:38+00:00","dateModified":"2023-08-04T09:34:22+00:00","description":"As cisternas flex\u00edveis em PVC s\u00e3o solu\u00e7\u00f5es de armazenamento multifuncionais. \u00c9 poss\u00edvel recolher muitos tipos de l\u00edquidos.","breadcrumb":{"@id":"https:\/\/blog.maciterneecolo.fr\/pt-pt\/os-nossos-tanques-flexiveis-de-pvc-sao-multifuncionais\/#breadcrumb"},"inLanguage":"pt-PT","potentialAction":[{"@type":"ReadAction","target":["https:\/\/blog.maciterneecolo.fr\/pt-pt\/os-nossos-tanques-flexiveis-de-pvc-sao-multifuncionais\/"]}]},{"@type":"ImageObject","inLanguage":"pt-PT","@id":"https:\/\/blog.maciterneecolo.fr\/pt-pt\/os-nossos-tanques-flexiveis-de-pvc-sao-multifuncionais\/#primaryimage","url":"https:\/\/blog.maciterneecolo.fr\/wp-content\/uploads\/2023\/01\/citerne-souple-3.jpeg","contentUrl":"https:\/\/blog.maciterneecolo.fr\/wp-content\/uploads\/2023\/01\/citerne-souple-3.jpeg","width":800,"height":800},{"@type":"BreadcrumbList","@id":"https:\/\/blog.maciterneecolo.fr\/pt-pt\/os-nossos-tanques-flexiveis-de-pvc-sao-multifuncionais\/#breadcrumb","itemListElement":[{"@type":"ListItem","position":1,"name":"Accueil","item":"https:\/\/blog.maciterneecolo.fr\/pt-pt\/"},{"@type":"ListItem","position":2,"name":"Os nossos tanques flex\u00edveis de PVC s\u00e3o multifuncionais?"}]},{"@type":"WebSite","@id":"https:\/\/blog.maciterneecolo.fr\/pt-pt\/#website","url":"https:\/\/blog.maciterneecolo.fr\/pt-pt\/","name":"Blog Ma Citerne Ecolo","description":"Leader dans le domaine de la citerne souple d&#039;eau de pluie","publisher":{"@id":"https:\/\/blog.maciterneecolo.fr\/pt-pt\/#organization"},"potentialAction":[{"@type":"SearchAction","target":{"@type":"EntryPoint","urlTemplate":"https:\/\/blog.maciterneecolo.fr\/pt-pt\/?s={search_term_string}"},"query-input":{"@type":"PropertyValueSpecification","valueRequired":true,"valueName":"search_term_string"}}],"inLanguage":"pt-PT"},{"@type":"Organization","@id":"https:\/\/blog.maciterneecolo.fr\/pt-pt\/#organization","name":"Blog Ma Citerne Ecolo","url":"https:\/\/blog.maciterneecolo.fr\/pt-pt\/","logo":{"@type":"ImageObject","inLanguage":"pt-PT","@id":"https:\/\/blog.maciterneecolo.fr\/pt-pt\/#\/schema\/logo\/image\/","url":"https:\/\/blog.maciterneecolo.fr\/wp-content\/uploads\/2022\/12\/cropped-favicon-blog.png","contentUrl":"https:\/\/blog.maciterneecolo.fr\/wp-content\/uploads\/2022\/12\/cropped-favicon-blog.png","width":512,"height":512,"caption":"Blog Ma Citerne Ecolo"},"image":{"@id":"https:\/\/blog.maciterneecolo.fr\/pt-pt\/#\/schema\/logo\/image\/"}},{"@type":"Person","@id":"https:\/\/blog.maciterneecolo.fr\/pt-pt\/#\/schema\/person\/cfb93b191140c86292f0707edfd4b6fe","name":"Lucile","image":{"@type":"ImageObject","inLanguage":"pt-PT","@id":"https:\/\/secure.gravatar.com\/avatar\/3c571ab7761bcc142db76a63f33a2a5ebee8b76990a871c9329e3e6df7ae9f3c?s=96&d=mm&r=g","url":"https:\/\/secure.gravatar.com\/avatar\/3c571ab7761bcc142db76a63f33a2a5ebee8b76990a871c9329e3e6df7ae9f3c?s=96&d=mm&r=g","contentUrl":"https:\/\/secure.gravatar.com\/avatar\/3c571ab7761bcc142db76a63f33a2a5ebee8b76990a871c9329e3e6df7ae9f3c?s=96&d=mm&r=g","caption":"Lucile"},"url":"https:\/\/blog.maciterneecolo.fr\/pt-pt\/author\/lucilewerkeyn\/"}]}},"_links":{"self":[{"href":"https:\/\/blog.maciterneecolo.fr\/pt-pt\/wp-json\/wp\/v2\/posts\/4708","targetHints":{"allow":["GET"]}}],"collection":[{"href":"https:\/\/blog.maciterneecolo.fr\/pt-pt\/wp-json\/wp\/v2\/posts"}],"about":[{"href":"https:\/\/blog.maciterneecolo.fr\/pt-pt\/wp-json\/wp\/v2\/types\/post"}],"author":[{"embeddable":true,"href":"https:\/\/blog.maciterneecolo.fr\/pt-pt\/wp-json\/wp\/v2\/users\/2"}],"replies":[{"embeddable":true,"href":"https:\/\/blog.maciterneecolo.fr\/pt-pt\/wp-json\/wp\/v2\/comments?post=4708"}],"version-history":[{"count":6,"href":"https:\/\/blog.maciterneecolo.fr\/pt-pt\/wp-json\/wp\/v2\/posts\/4708\/revisions"}],"predecessor-version":[{"id":8475,"href":"https:\/\/blog.maciterneecolo.fr\/pt-pt\/wp-json\/wp\/v2\/posts\/4708\/revisions\/8475"}],"wp:featuredmedia":[{"embeddable":true,"href":"https:\/\/blog.maciterneecolo.fr\/pt-pt\/wp-json\/wp\/v2\/media\/4682"}],"wp:attachment":[{"href":"https:\/\/blog.maciterneecolo.fr\/pt-pt\/wp-json\/wp\/v2\/media?parent=4708"}],"wp:term":[{"taxonomy":"category","embeddable":true,"href":"https:\/\/blog.maciterneecolo.fr\/pt-pt\/wp-json\/wp\/v2\/categories?post=4708"},{"taxonomy":"post_tag","embeddable":true,"href":"https:\/\/blog.maciterneecolo.fr\/pt-pt\/wp-json\/wp\/v2\/tags?post=4708"}],"curies":[{"name":"wp","href":"https:\/\/api.w.org\/{rel}","templated":true}]}}