{"id":5903,"date":"2023-02-02T13:40:56","date_gmt":"2023-02-02T13:40:56","guid":{"rendered":"https:\/\/blog.maciterneecolo.fr\/o-consumo-ecologico-nas-nossas-casas-em-franca\/"},"modified":"2023-07-28T11:18:22","modified_gmt":"2023-07-28T11:18:22","slug":"o-consumo-ecologico-nas-nossas-casas-em-franca","status":"publish","type":"post","link":"https:\/\/blog.maciterneecolo.fr\/pt-pt\/o-consumo-ecologico-nas-nossas-casas-em-franca\/","title":{"rendered":"O consumo ecol\u00f3gico nas nossas casas em Fran\u00e7a"},"content":{"rendered":"\n<p>O<strong>consumo ecol\u00f3gico<\/strong> est\u00e1 cada vez mais presente nas nossas <strong>casas em Fran\u00e7a<\/strong>. Isto reflecte-se na crescente sensibiliza\u00e7\u00e3o das fam\u00edlias envolvidas. Quanto ao seu impacto ambiental e ao desejo de adotar <strong>um comportamento mais sustent\u00e1vel<\/strong>. Em m\u00e9dia, isto traduz-se em despesas mais eco-respons\u00e1veis. Estas incluem a compra de <strong>produtos ecol\u00f3gicos<\/strong>, a utiliza\u00e7\u00e3o de aparelhos mais eficientes do ponto de vista energ\u00e9tico e uma aten\u00e7\u00e3o especial ao consumo de \u00e1gua e \u00e0 gest\u00e3o dos res\u00edduos em casa e no jardim.<\/p>\n\n<p>De acordo com os <strong>dados do INSEE<\/strong> baseados em bili\u00f5es de consumidores em todo o mundo. <strong>As despesas das fam\u00edlias<\/strong> com o ambiente aumentaram nos \u00faltimos anos. Apesar de uma crise econ\u00f3mica que levou a uma queda do rendimento m\u00e9dio das fam\u00edlias em euros. Este n\u00edvel de compromisso para <strong>um consumo mais sustent\u00e1vel de \u00e1gua ou electricidade<\/strong> pode ser visto como uma tend\u00eancia ascendente, que se espera que se mantenha nos pr\u00f3ximos anos. Como a <a href=\"https:\/\/www.maciterneecolo.fr\/fr\/\" target=\"_blank\" rel=\"noreferrer noopener\">recolha de \u00e1guas pluviais<\/a>.  <\/p>\n\n<p>O consumo ecol\u00f3gico pode ter um impacto significativo no planeta. Com redu\u00e7\u00f5es no consumo de energia, \u00e1gua e res\u00edduos. Al\u00e9m disso, ao escolher <strong>produtos verdes ou renov\u00e1veis<\/strong>, as fam\u00edlias podem apoiar uma economia mais respons\u00e1vel e contribuir para o desenvolvimento de novas tecnologias verdes.<\/p>\n\n<p>No entanto, o consumo ecol\u00f3gico pode tamb\u00e9m levar a um aumento do pre\u00e7o dos produtos e <strong>servi\u00e7os relacionados com o ambiente<\/strong>. Este facto pode constituir um problema para os agregados familiares comprometidos com os rendimentos mais baixos. Conv\u00e9m igualmente sublinhar que o consumo ecol\u00f3gico n\u00e3o pode ser visto como uma solu\u00e7\u00e3o definitiva para a crise ambiental. Mas sim como um aspeto de uma <strong>estrat\u00e9gia mais global para o desenvolvimento sustent\u00e1vel em Fran\u00e7a<\/strong>.<\/p>\n\n<h2 class=\"wp-block-heading\"><a><\/a><strong>O que \u00e9 o ecoconsumo?<\/strong><\/h2>\n\n<h3 class=\"wp-block-heading\"><a><\/a><strong>O consumo dom\u00e9stico em Fran\u00e7a<\/strong><\/h3>\n\n<p><strong>O acto de consumir<\/strong> \u00e9 uma parte importante da vida no nosso pa\u00eds durante todo o ano. O objectivo \u00e9 satisfazer as necessidades e desejos dos agregados familiares. Isto pode ser feito por empresas, comunidades e indiv\u00edduos empenhados.<\/p>\n\n<p>H\u00e1 dois tipos de consumo: <strong>consumo interm\u00e9dio<\/strong> e <strong>consumo final<\/strong>. O consumo interm\u00e9dio refere-se a produtos e servi\u00e7os que s\u00e3o utilizados para a produ\u00e7\u00e3o de outros bens e servi\u00e7os. O consumo final refere-se \u00e0 utiliza\u00e7\u00e3o directa de produtos e servi\u00e7os para satisfazer as necessidades e desejos dos indiv\u00edduos, fam\u00edlias e comunidades.<\/p>\n\n<p>Por outras palavras, o consumo \u00e9 um<strong> elemento chave da nossa sociedade<\/strong>. Tem um enorme impacto no <strong>crescimento econ\u00f3mico<\/strong>, no nosso planeta e no nosso bem-estar. Por conseguinte, \u00e9 importante assegurar um<strong> consumo respons\u00e1vel e sustent\u00e1vel <\/strong>, a fim de proteger o nosso futuro.<\/p>\n\n<h3 class=\"wp-block-heading\"><a><\/a><strong>Consumo sustent\u00e1vel nos lares franceses<\/strong><\/h3>\n\n<p>O consumo sustent\u00e1vel significa ter em conta as <strong>consequ\u00eancias das nossas escolhas de consumo sobre o ambiente<\/strong>, a sociedade e o nosso pr\u00f3prio bem-estar. Trata-se de adoptar uma abordagem consciente, assegurando que o ambiente, a sa\u00fade e os direitos humanos s\u00e3o respeitados. Ao consumirmos desta forma, temos em conta os <strong>desequil\u00edbrios ambientais globais e as desigualdades econ\u00f3micas<\/strong>, sociais e culturais. Queremos evitar comprometer a capacidade das gera\u00e7\u00f5es futuras de satisfazer as suas pr\u00f3prias necessidades, ao mesmo tempo que satisfazemos as nossas.<\/p>\n\n<p>Isto pode reflectir-se nas escolhas dos consumidores, tais como a compra de aparelhos eficientes em termos energ\u00e9ticos, a <strong>redu\u00e7\u00e3o do desperd\u00edcio <\/strong>e o apoio a neg\u00f3cios \u00e9ticos. Em \u00faltima an\u00e1lise, o consumo sustent\u00e1vel consiste em minimizar o impacto negativo do nosso consumo no ambiente e <strong>contribuir para um futuro mais saud\u00e1vel e mais sustent\u00e1vel para todos<\/strong>. A compra da nossa<strong><a href=\"https:\/\/www.maciterneecolo.fr\/fr\/3-citernes-souples\" target=\"_blank\" rel=\"noreferrer noopener\">cisterna<\/a><\/strong> para armazenar \u00e1gua da chuva em substitui\u00e7\u00e3o da \u00e1gua pot\u00e1vel \u00e9 o exemplo perfeito!<\/p>\n\n<p>Ao adoptar uma <strong>abordagem respons\u00e1vel do consumo em habita\u00e7\u00e3o<\/strong>, podemos fazer uma diferen\u00e7a concreta na luta por um futuro mais respons\u00e1vel. Ao reduzir <strong>os custos energ\u00e9ticos associados \u00e0 \u00e1gua ou \u00e0 electricidade<\/strong>, estamos em harmonia com o planeta e os seus recursos naturais. Este \u00e9 um passo importante que diz respeito a cada um de n\u00f3s e requer um <strong>compromisso cont\u00ednuo<\/strong> para melhorar o nosso comportamento de consumo.  <\/p>\n\n<h3 class=\"wp-block-heading\"><a><\/a><strong>Consumo ecol\u00f3gico nos lares franceses<\/strong><\/h3>\n\n<p>O consumo ecol\u00f3gico est\u00e1 cada vez mais presente no nosso pa\u00eds e diz respeito \u00e0 forma como as fam\u00edlias compram e utilizam produtos e servi\u00e7os, tendo em conta o seu<strong> impacto ambiental<\/strong>. Esta tend\u00eancia de fam\u00edlias empenhadas faz parte de um movimento mais amplo para reduzir a pegada ecol\u00f3gica das actividades humanas. As <strong>fam\u00edlias francesas<\/strong> est\u00e3o cada vez mais <strong>conscientes destas quest\u00f5es<\/strong>.<\/p>\n\n<p><strong>As fam\u00edlias em todo o <\/strong>mundo est\u00e3o cada vez mais conscientes da import\u00e2ncia das suas escolhas de compra na preserva\u00e7\u00e3o do ambiente. Cada vez mais pessoas est\u00e3o a optar por produtos amigos do planeta, <strong>produtos de com\u00e9rcio justo <\/strong>ou aparelhos de marca \u00e9tica. Al\u00e9m disso, cada vez mais consumidores optam por comprar localmente para apoiar a economia local e reduzir os custos ambientais associados ao<strong> transporte de produtos<\/strong>.<\/p>\n\n<p>As empresas francesas est\u00e3o tamb\u00e9m cada vez mais conscientes da import\u00e2ncia de proteger o ambiente e adoptam cada vez mais <strong>pr\u00e1ticas sustent\u00e1veis<\/strong>. Muitas empresas est\u00e3o a implementar programas de responsabilidade social e ambiental para reduzir o seu impacto ambiental, e muitas est\u00e3o a fazer esfor\u00e7os para utilizar <strong>mat\u00e9rias-primas sustent\u00e1veis<\/strong> e para desenvolver <strong>produtos amigos do ambiente<\/strong>.<\/p>\n\n<p>A Fran\u00e7a \u00e9 tamb\u00e9m<strong> l\u00edder em pol\u00edticas ambientais<\/strong>, com muitas iniciativas para encorajar as fam\u00edlias a adoptarem pr\u00e1ticas amigas do ambiente. Por exemplo, o governo franc\u00eas introduziu incentivos fiscais para encorajar os consumidores a escolher produtos que sejam bons para o planeta. Mas tamb\u00e9m regulamentos rigorosos na lei (circular) para <strong>reduzir as emiss\u00f5es de gases com efeito de estufa<\/strong> e para proteger a biodiversidade.<\/p>\n\n<h2 class=\"wp-block-heading\"><a><\/a><strong>Fazer um gesto sobre os gastos energ\u00e9ticos para os pr\u00f3ximos anos<\/strong><\/h2>\n\n<p>Em resumo, o consumo ecol\u00f3gico nos pa\u00edses do mundo \u00e9 um conceito que implica <strong>consumir de forma respons\u00e1vel<\/strong>, tendo em conta os impactos ambientais e sociais das nossas escolhas de consumo. Isto pode incluir pr\u00e1ticas como a <strong>escolha de aparelhos amigos do ambiente <\/strong>, a redu\u00e7\u00e3o de res\u00edduos e o apoio a <strong>neg\u00f3cios \u00e9ticos<\/strong>. O objectivo \u00e9 minimizar o impacto negativo do nosso consumo sobre o ambiente. Se tamb\u00e9m quer ajudar a reduzir o consumo de energia na sua casa ou jardim, ent\u00e3o o nosso <a href=\"https:\/\/www.maciterneecolo.fr\/fr\/3-citernes-souples\">reservat\u00f3rio flex\u00edvel<\/a> <a href=\"https:\/\/www.maciterneecolo.fr\/fr\/\" target=\"_blank\" rel=\"noreferrer noopener\">de recolha de \u00e1guas pluviais<\/a> \u00e9 para si. Os nossos produtos correspondem aos seus compromissos!<\/p>\n","protected":false},"excerpt":{"rendered":"<p>Oconsumo ecol\u00f3gico est\u00e1 cada vez mais presente nas nossas casas em Fran\u00e7a. Isto reflecte-se na crescente sensibiliza\u00e7\u00e3o das fam\u00edlias envolvidas. Quanto ao seu impacto ambiental e ao desejo de adotar um comportamento mais sustent\u00e1vel. Em m\u00e9dia, isto traduz-se em despesas mais eco-respons\u00e1veis. Estas incluem a compra de produtos ecol\u00f3gicos, a utiliza\u00e7\u00e3o de aparelhos mais eficientes [&hellip;]<\/p>\n","protected":false},"author":2,"featured_media":5878,"comment_status":"closed","ping_status":"closed","sticky":false,"template":"","format":"standard","meta":{"inline_featured_image":false,"footnotes":""},"categories":[387],"tags":[1905,863,1906,66],"class_list":["post-5903","post","type-post","status-publish","format-standard","has-post-thumbnail","hentry","category-tudo-o-que-precisa-de-saber-sobre-o-tanque-flexivel","tag-ecoconsumidorismo","tag-ecologia","tag-proteccao-ambiental","tag-tanque-flexivel"],"yoast_head":"<!-- This site is optimized with the Yoast SEO plugin v27.4 - https:\/\/yoast.com\/product\/yoast-seo-wordpress\/ -->\n<title>O consumo ecol\u00f3gico nas nossas casas em Fran\u00e7a<\/title>\n<meta name=\"description\" content=\"O consumo ecol\u00f3gico est\u00e1 cada vez mais presente nas nossas casas em Fran\u00e7a com uma consci\u00eancia crescente por parte das fam\u00edlias!\" \/>\n<meta name=\"robots\" content=\"index, follow, max-snippet:-1, max-image-preview:large, max-video-preview:-1\" \/>\n<link rel=\"canonical\" href=\"https:\/\/blog.maciterneecolo.fr\/pt-pt\/o-consumo-ecologico-nas-nossas-casas-em-franca\/\" \/>\n<meta property=\"og:locale\" content=\"pt_PT\" \/>\n<meta property=\"og:type\" content=\"article\" \/>\n<meta property=\"og:title\" content=\"O consumo ecol\u00f3gico nas nossas casas em Fran\u00e7a\" \/>\n<meta property=\"og:description\" content=\"O consumo ecol\u00f3gico est\u00e1 cada vez mais presente nas nossas casas em Fran\u00e7a com uma consci\u00eancia crescente por parte das fam\u00edlias!\" \/>\n<meta property=\"og:url\" content=\"https:\/\/blog.maciterneecolo.fr\/pt-pt\/o-consumo-ecologico-nas-nossas-casas-em-franca\/\" \/>\n<meta property=\"og:site_name\" content=\"Blog Ma Citerne Ecolo\" \/>\n<meta property=\"article:published_time\" content=\"2023-02-02T13:40:56+00:00\" \/>\n<meta property=\"article:modified_time\" content=\"2023-07-28T11:18:22+00:00\" \/>\n<meta property=\"og:image\" content=\"https:\/\/blog.maciterneecolo.fr\/wp-content\/uploads\/2023\/02\/protection-environnement-ecologie.jpg\" \/>\n\t<meta property=\"og:image:width\" content=\"1920\" \/>\n\t<meta property=\"og:image:height\" content=\"1280\" \/>\n\t<meta property=\"og:image:type\" content=\"image\/jpeg\" \/>\n<meta name=\"author\" content=\"Lucile\" \/>\n<meta name=\"twitter:card\" content=\"summary_large_image\" \/>\n<meta name=\"twitter:label1\" content=\"Escrito por\" \/>\n\t<meta name=\"twitter:data1\" content=\"Lucile\" \/>\n\t<meta name=\"twitter:label2\" content=\"Tempo estimado de leitura\" \/>\n\t<meta name=\"twitter:data2\" content=\"6 minutos\" \/>\n<script type=\"application\/ld+json\" class=\"yoast-schema-graph\">{\"@context\":\"https:\\\/\\\/schema.org\",\"@graph\":[{\"@type\":\"Article\",\"@id\":\"https:\\\/\\\/blog.maciterneecolo.fr\\\/pt-pt\\\/o-consumo-ecologico-nas-nossas-casas-em-franca\\\/#article\",\"isPartOf\":{\"@id\":\"https:\\\/\\\/blog.maciterneecolo.fr\\\/pt-pt\\\/o-consumo-ecologico-nas-nossas-casas-em-franca\\\/\"},\"author\":{\"name\":\"Lucile\",\"@id\":\"https:\\\/\\\/blog.maciterneecolo.fr\\\/pt-pt\\\/#\\\/schema\\\/person\\\/cfb93b191140c86292f0707edfd4b6fe\"},\"headline\":\"O consumo ecol\u00f3gico nas nossas casas em Fran\u00e7a\",\"datePublished\":\"2023-02-02T13:40:56+00:00\",\"dateModified\":\"2023-07-28T11:18:22+00:00\",\"mainEntityOfPage\":{\"@id\":\"https:\\\/\\\/blog.maciterneecolo.fr\\\/pt-pt\\\/o-consumo-ecologico-nas-nossas-casas-em-franca\\\/\"},\"wordCount\":1139,\"publisher\":{\"@id\":\"https:\\\/\\\/blog.maciterneecolo.fr\\\/pt-pt\\\/#organization\"},\"image\":{\"@id\":\"https:\\\/\\\/blog.maciterneecolo.fr\\\/pt-pt\\\/o-consumo-ecologico-nas-nossas-casas-em-franca\\\/#primaryimage\"},\"thumbnailUrl\":\"https:\\\/\\\/blog.maciterneecolo.fr\\\/wp-content\\\/uploads\\\/2023\\\/02\\\/protection-environnement-ecologie.jpg\",\"keywords\":[\"ecoconsumidorismo\",\"ecologia\",\"protec\u00e7\u00e3o ambiental\",\"tanque flex\u00edvel\"],\"articleSection\":[\"Tudo o que precisa de saber sobre o tanque flex\u00edvel\"],\"inLanguage\":\"pt-PT\"},{\"@type\":\"WebPage\",\"@id\":\"https:\\\/\\\/blog.maciterneecolo.fr\\\/pt-pt\\\/o-consumo-ecologico-nas-nossas-casas-em-franca\\\/\",\"url\":\"https:\\\/\\\/blog.maciterneecolo.fr\\\/pt-pt\\\/o-consumo-ecologico-nas-nossas-casas-em-franca\\\/\",\"name\":\"O consumo ecol\u00f3gico nas nossas casas em Fran\u00e7a\",\"isPartOf\":{\"@id\":\"https:\\\/\\\/blog.maciterneecolo.fr\\\/pt-pt\\\/#website\"},\"primaryImageOfPage\":{\"@id\":\"https:\\\/\\\/blog.maciterneecolo.fr\\\/pt-pt\\\/o-consumo-ecologico-nas-nossas-casas-em-franca\\\/#primaryimage\"},\"image\":{\"@id\":\"https:\\\/\\\/blog.maciterneecolo.fr\\\/pt-pt\\\/o-consumo-ecologico-nas-nossas-casas-em-franca\\\/#primaryimage\"},\"thumbnailUrl\":\"https:\\\/\\\/blog.maciterneecolo.fr\\\/wp-content\\\/uploads\\\/2023\\\/02\\\/protection-environnement-ecologie.jpg\",\"datePublished\":\"2023-02-02T13:40:56+00:00\",\"dateModified\":\"2023-07-28T11:18:22+00:00\",\"description\":\"O consumo ecol\u00f3gico est\u00e1 cada vez mais presente nas nossas casas em Fran\u00e7a com uma consci\u00eancia crescente por parte das fam\u00edlias!\",\"breadcrumb\":{\"@id\":\"https:\\\/\\\/blog.maciterneecolo.fr\\\/pt-pt\\\/o-consumo-ecologico-nas-nossas-casas-em-franca\\\/#breadcrumb\"},\"inLanguage\":\"pt-PT\",\"potentialAction\":[{\"@type\":\"ReadAction\",\"target\":[\"https:\\\/\\\/blog.maciterneecolo.fr\\\/pt-pt\\\/o-consumo-ecologico-nas-nossas-casas-em-franca\\\/\"]}]},{\"@type\":\"ImageObject\",\"inLanguage\":\"pt-PT\",\"@id\":\"https:\\\/\\\/blog.maciterneecolo.fr\\\/pt-pt\\\/o-consumo-ecologico-nas-nossas-casas-em-franca\\\/#primaryimage\",\"url\":\"https:\\\/\\\/blog.maciterneecolo.fr\\\/wp-content\\\/uploads\\\/2023\\\/02\\\/protection-environnement-ecologie.jpg\",\"contentUrl\":\"https:\\\/\\\/blog.maciterneecolo.fr\\\/wp-content\\\/uploads\\\/2023\\\/02\\\/protection-environnement-ecologie.jpg\",\"width\":1920,\"height\":1280},{\"@type\":\"BreadcrumbList\",\"@id\":\"https:\\\/\\\/blog.maciterneecolo.fr\\\/pt-pt\\\/o-consumo-ecologico-nas-nossas-casas-em-franca\\\/#breadcrumb\",\"itemListElement\":[{\"@type\":\"ListItem\",\"position\":1,\"name\":\"Accueil\",\"item\":\"https:\\\/\\\/blog.maciterneecolo.fr\\\/pt-pt\\\/\"},{\"@type\":\"ListItem\",\"position\":2,\"name\":\"O consumo ecol\u00f3gico nas nossas casas em Fran\u00e7a\"}]},{\"@type\":\"WebSite\",\"@id\":\"https:\\\/\\\/blog.maciterneecolo.fr\\\/pt-pt\\\/#website\",\"url\":\"https:\\\/\\\/blog.maciterneecolo.fr\\\/pt-pt\\\/\",\"name\":\"Blog Ma Citerne Ecolo\",\"description\":\"Leader dans le domaine de la citerne souple d&#039;eau de pluie\",\"publisher\":{\"@id\":\"https:\\\/\\\/blog.maciterneecolo.fr\\\/pt-pt\\\/#organization\"},\"potentialAction\":[{\"@type\":\"SearchAction\",\"target\":{\"@type\":\"EntryPoint\",\"urlTemplate\":\"https:\\\/\\\/blog.maciterneecolo.fr\\\/pt-pt\\\/?s={search_term_string}\"},\"query-input\":{\"@type\":\"PropertyValueSpecification\",\"valueRequired\":true,\"valueName\":\"search_term_string\"}}],\"inLanguage\":\"pt-PT\"},{\"@type\":\"Organization\",\"@id\":\"https:\\\/\\\/blog.maciterneecolo.fr\\\/pt-pt\\\/#organization\",\"name\":\"Blog Ma Citerne Ecolo\",\"url\":\"https:\\\/\\\/blog.maciterneecolo.fr\\\/pt-pt\\\/\",\"logo\":{\"@type\":\"ImageObject\",\"inLanguage\":\"pt-PT\",\"@id\":\"https:\\\/\\\/blog.maciterneecolo.fr\\\/pt-pt\\\/#\\\/schema\\\/logo\\\/image\\\/\",\"url\":\"https:\\\/\\\/blog.maciterneecolo.fr\\\/wp-content\\\/uploads\\\/2022\\\/12\\\/cropped-favicon-blog.png\",\"contentUrl\":\"https:\\\/\\\/blog.maciterneecolo.fr\\\/wp-content\\\/uploads\\\/2022\\\/12\\\/cropped-favicon-blog.png\",\"width\":512,\"height\":512,\"caption\":\"Blog Ma Citerne Ecolo\"},\"image\":{\"@id\":\"https:\\\/\\\/blog.maciterneecolo.fr\\\/pt-pt\\\/#\\\/schema\\\/logo\\\/image\\\/\"}},{\"@type\":\"Person\",\"@id\":\"https:\\\/\\\/blog.maciterneecolo.fr\\\/pt-pt\\\/#\\\/schema\\\/person\\\/cfb93b191140c86292f0707edfd4b6fe\",\"name\":\"Lucile\",\"image\":{\"@type\":\"ImageObject\",\"inLanguage\":\"pt-PT\",\"@id\":\"https:\\\/\\\/secure.gravatar.com\\\/avatar\\\/3c571ab7761bcc142db76a63f33a2a5ebee8b76990a871c9329e3e6df7ae9f3c?s=96&d=mm&r=g\",\"url\":\"https:\\\/\\\/secure.gravatar.com\\\/avatar\\\/3c571ab7761bcc142db76a63f33a2a5ebee8b76990a871c9329e3e6df7ae9f3c?s=96&d=mm&r=g\",\"contentUrl\":\"https:\\\/\\\/secure.gravatar.com\\\/avatar\\\/3c571ab7761bcc142db76a63f33a2a5ebee8b76990a871c9329e3e6df7ae9f3c?s=96&d=mm&r=g\",\"caption\":\"Lucile\"},\"url\":\"https:\\\/\\\/blog.maciterneecolo.fr\\\/pt-pt\\\/author\\\/lucilewerkeyn\\\/\"}]}<\/script>\n<!-- \/ Yoast SEO plugin. -->","yoast_head_json":{"title":"O consumo ecol\u00f3gico nas nossas casas em Fran\u00e7a","description":"O consumo ecol\u00f3gico est\u00e1 cada vez mais presente nas nossas casas em Fran\u00e7a com uma consci\u00eancia crescente por parte das fam\u00edlias!","robots":{"index":"index","follow":"follow","max-snippet":"max-snippet:-1","max-image-preview":"max-image-preview:large","max-video-preview":"max-video-preview:-1"},"canonical":"https:\/\/blog.maciterneecolo.fr\/pt-pt\/o-consumo-ecologico-nas-nossas-casas-em-franca\/","og_locale":"pt_PT","og_type":"article","og_title":"O consumo ecol\u00f3gico nas nossas casas em Fran\u00e7a","og_description":"O consumo ecol\u00f3gico est\u00e1 cada vez mais presente nas nossas casas em Fran\u00e7a com uma consci\u00eancia crescente por parte das fam\u00edlias!","og_url":"https:\/\/blog.maciterneecolo.fr\/pt-pt\/o-consumo-ecologico-nas-nossas-casas-em-franca\/","og_site_name":"Blog Ma Citerne Ecolo","article_published_time":"2023-02-02T13:40:56+00:00","article_modified_time":"2023-07-28T11:18:22+00:00","og_image":[{"width":1920,"height":1280,"url":"https:\/\/blog.maciterneecolo.fr\/wp-content\/uploads\/2023\/02\/protection-environnement-ecologie.jpg","type":"image\/jpeg"}],"author":"Lucile","twitter_card":"summary_large_image","twitter_misc":{"Escrito por":"Lucile","Tempo estimado de leitura":"6 minutos"},"schema":{"@context":"https:\/\/schema.org","@graph":[{"@type":"Article","@id":"https:\/\/blog.maciterneecolo.fr\/pt-pt\/o-consumo-ecologico-nas-nossas-casas-em-franca\/#article","isPartOf":{"@id":"https:\/\/blog.maciterneecolo.fr\/pt-pt\/o-consumo-ecologico-nas-nossas-casas-em-franca\/"},"author":{"name":"Lucile","@id":"https:\/\/blog.maciterneecolo.fr\/pt-pt\/#\/schema\/person\/cfb93b191140c86292f0707edfd4b6fe"},"headline":"O consumo ecol\u00f3gico nas nossas casas em Fran\u00e7a","datePublished":"2023-02-02T13:40:56+00:00","dateModified":"2023-07-28T11:18:22+00:00","mainEntityOfPage":{"@id":"https:\/\/blog.maciterneecolo.fr\/pt-pt\/o-consumo-ecologico-nas-nossas-casas-em-franca\/"},"wordCount":1139,"publisher":{"@id":"https:\/\/blog.maciterneecolo.fr\/pt-pt\/#organization"},"image":{"@id":"https:\/\/blog.maciterneecolo.fr\/pt-pt\/o-consumo-ecologico-nas-nossas-casas-em-franca\/#primaryimage"},"thumbnailUrl":"https:\/\/blog.maciterneecolo.fr\/wp-content\/uploads\/2023\/02\/protection-environnement-ecologie.jpg","keywords":["ecoconsumidorismo","ecologia","protec\u00e7\u00e3o ambiental","tanque flex\u00edvel"],"articleSection":["Tudo o que precisa de saber sobre o tanque flex\u00edvel"],"inLanguage":"pt-PT"},{"@type":"WebPage","@id":"https:\/\/blog.maciterneecolo.fr\/pt-pt\/o-consumo-ecologico-nas-nossas-casas-em-franca\/","url":"https:\/\/blog.maciterneecolo.fr\/pt-pt\/o-consumo-ecologico-nas-nossas-casas-em-franca\/","name":"O consumo ecol\u00f3gico nas nossas casas em Fran\u00e7a","isPartOf":{"@id":"https:\/\/blog.maciterneecolo.fr\/pt-pt\/#website"},"primaryImageOfPage":{"@id":"https:\/\/blog.maciterneecolo.fr\/pt-pt\/o-consumo-ecologico-nas-nossas-casas-em-franca\/#primaryimage"},"image":{"@id":"https:\/\/blog.maciterneecolo.fr\/pt-pt\/o-consumo-ecologico-nas-nossas-casas-em-franca\/#primaryimage"},"thumbnailUrl":"https:\/\/blog.maciterneecolo.fr\/wp-content\/uploads\/2023\/02\/protection-environnement-ecologie.jpg","datePublished":"2023-02-02T13:40:56+00:00","dateModified":"2023-07-28T11:18:22+00:00","description":"O consumo ecol\u00f3gico est\u00e1 cada vez mais presente nas nossas casas em Fran\u00e7a com uma consci\u00eancia crescente por parte das fam\u00edlias!","breadcrumb":{"@id":"https:\/\/blog.maciterneecolo.fr\/pt-pt\/o-consumo-ecologico-nas-nossas-casas-em-franca\/#breadcrumb"},"inLanguage":"pt-PT","potentialAction":[{"@type":"ReadAction","target":["https:\/\/blog.maciterneecolo.fr\/pt-pt\/o-consumo-ecologico-nas-nossas-casas-em-franca\/"]}]},{"@type":"ImageObject","inLanguage":"pt-PT","@id":"https:\/\/blog.maciterneecolo.fr\/pt-pt\/o-consumo-ecologico-nas-nossas-casas-em-franca\/#primaryimage","url":"https:\/\/blog.maciterneecolo.fr\/wp-content\/uploads\/2023\/02\/protection-environnement-ecologie.jpg","contentUrl":"https:\/\/blog.maciterneecolo.fr\/wp-content\/uploads\/2023\/02\/protection-environnement-ecologie.jpg","width":1920,"height":1280},{"@type":"BreadcrumbList","@id":"https:\/\/blog.maciterneecolo.fr\/pt-pt\/o-consumo-ecologico-nas-nossas-casas-em-franca\/#breadcrumb","itemListElement":[{"@type":"ListItem","position":1,"name":"Accueil","item":"https:\/\/blog.maciterneecolo.fr\/pt-pt\/"},{"@type":"ListItem","position":2,"name":"O consumo ecol\u00f3gico nas nossas casas em Fran\u00e7a"}]},{"@type":"WebSite","@id":"https:\/\/blog.maciterneecolo.fr\/pt-pt\/#website","url":"https:\/\/blog.maciterneecolo.fr\/pt-pt\/","name":"Blog Ma Citerne Ecolo","description":"Leader dans le domaine de la citerne souple d&#039;eau de pluie","publisher":{"@id":"https:\/\/blog.maciterneecolo.fr\/pt-pt\/#organization"},"potentialAction":[{"@type":"SearchAction","target":{"@type":"EntryPoint","urlTemplate":"https:\/\/blog.maciterneecolo.fr\/pt-pt\/?s={search_term_string}"},"query-input":{"@type":"PropertyValueSpecification","valueRequired":true,"valueName":"search_term_string"}}],"inLanguage":"pt-PT"},{"@type":"Organization","@id":"https:\/\/blog.maciterneecolo.fr\/pt-pt\/#organization","name":"Blog Ma Citerne Ecolo","url":"https:\/\/blog.maciterneecolo.fr\/pt-pt\/","logo":{"@type":"ImageObject","inLanguage":"pt-PT","@id":"https:\/\/blog.maciterneecolo.fr\/pt-pt\/#\/schema\/logo\/image\/","url":"https:\/\/blog.maciterneecolo.fr\/wp-content\/uploads\/2022\/12\/cropped-favicon-blog.png","contentUrl":"https:\/\/blog.maciterneecolo.fr\/wp-content\/uploads\/2022\/12\/cropped-favicon-blog.png","width":512,"height":512,"caption":"Blog Ma Citerne Ecolo"},"image":{"@id":"https:\/\/blog.maciterneecolo.fr\/pt-pt\/#\/schema\/logo\/image\/"}},{"@type":"Person","@id":"https:\/\/blog.maciterneecolo.fr\/pt-pt\/#\/schema\/person\/cfb93b191140c86292f0707edfd4b6fe","name":"Lucile","image":{"@type":"ImageObject","inLanguage":"pt-PT","@id":"https:\/\/secure.gravatar.com\/avatar\/3c571ab7761bcc142db76a63f33a2a5ebee8b76990a871c9329e3e6df7ae9f3c?s=96&d=mm&r=g","url":"https:\/\/secure.gravatar.com\/avatar\/3c571ab7761bcc142db76a63f33a2a5ebee8b76990a871c9329e3e6df7ae9f3c?s=96&d=mm&r=g","contentUrl":"https:\/\/secure.gravatar.com\/avatar\/3c571ab7761bcc142db76a63f33a2a5ebee8b76990a871c9329e3e6df7ae9f3c?s=96&d=mm&r=g","caption":"Lucile"},"url":"https:\/\/blog.maciterneecolo.fr\/pt-pt\/author\/lucilewerkeyn\/"}]}},"_links":{"self":[{"href":"https:\/\/blog.maciterneecolo.fr\/pt-pt\/wp-json\/wp\/v2\/posts\/5903","targetHints":{"allow":["GET"]}}],"collection":[{"href":"https:\/\/blog.maciterneecolo.fr\/pt-pt\/wp-json\/wp\/v2\/posts"}],"about":[{"href":"https:\/\/blog.maciterneecolo.fr\/pt-pt\/wp-json\/wp\/v2\/types\/post"}],"author":[{"embeddable":true,"href":"https:\/\/blog.maciterneecolo.fr\/pt-pt\/wp-json\/wp\/v2\/users\/2"}],"replies":[{"embeddable":true,"href":"https:\/\/blog.maciterneecolo.fr\/pt-pt\/wp-json\/wp\/v2\/comments?post=5903"}],"version-history":[{"count":4,"href":"https:\/\/blog.maciterneecolo.fr\/pt-pt\/wp-json\/wp\/v2\/posts\/5903\/revisions"}],"predecessor-version":[{"id":7693,"href":"https:\/\/blog.maciterneecolo.fr\/pt-pt\/wp-json\/wp\/v2\/posts\/5903\/revisions\/7693"}],"wp:featuredmedia":[{"embeddable":true,"href":"https:\/\/blog.maciterneecolo.fr\/pt-pt\/wp-json\/wp\/v2\/media\/5878"}],"wp:attachment":[{"href":"https:\/\/blog.maciterneecolo.fr\/pt-pt\/wp-json\/wp\/v2\/media?parent=5903"}],"wp:term":[{"taxonomy":"category","embeddable":true,"href":"https:\/\/blog.maciterneecolo.fr\/pt-pt\/wp-json\/wp\/v2\/categories?post=5903"},{"taxonomy":"post_tag","embeddable":true,"href":"https:\/\/blog.maciterneecolo.fr\/pt-pt\/wp-json\/wp\/v2\/tags?post=5903"}],"curies":[{"name":"wp","href":"https:\/\/api.w.org\/{rel}","templated":true}]}}