{"id":6292,"date":"2023-03-22T10:56:09","date_gmt":"2023-03-22T10:56:09","guid":{"rendered":"https:\/\/blog.maciterneecolo.fr\/e-possivel-beneficiar-de-ajuda-e-ou-creditos-fiscais-para-financiar-um-tanque-flexivel\/"},"modified":"2023-07-28T09:22:02","modified_gmt":"2023-07-28T09:22:02","slug":"e-possivel-beneficiar-de-ajuda-e-ou-creditos-fiscais-para-financiar-um-tanque-flexivel","status":"publish","type":"post","link":"https:\/\/blog.maciterneecolo.fr\/pt-pt\/e-possivel-beneficiar-de-ajuda-e-ou-creditos-fiscais-para-financiar-um-tanque-flexivel\/","title":{"rendered":"\u00c9 poss\u00edvel beneficiar de ajuda e\/ou cr\u00e9ditos fiscais para financiar um tanque flex\u00edvel?"},"content":{"rendered":"\n<p>A colheita da \u00e1gua da chuva tornou-se uma quest\u00e3o importante. As autoridades locais e regionais e outras institui\u00e7\u00f5es p\u00fablicas est\u00e3o conscientes desta quest\u00e3o e desejam contribuir ao seu n\u00edvel para o financiamento de equipamento de poupan\u00e7a de energia.  <\/p>\n\n<h2 class=\"wp-block-heading has-large-font-size\"><strong>Subven\u00e7\u00f5es das autarquias locais para a aquisi\u00e7\u00e3o de cisternas.<\/strong><\/h2>\n\n<p>Muitas autarquias locais concedem subs\u00eddios. S\u00e3o utilizados para financiar a compra e a instala\u00e7\u00e3o dos <a href=\"https:\/\/www.maciterneecolo.fr\/fr\/3-citernes-souples\" target=\"_blank\" rel=\"noreferrer noopener\">reservat\u00f3rios flex\u00edveis<\/a>. Consequentemente, tornou-se mais f\u00e1cil reduzir o consumo de \u00e1gua pot\u00e1vel. Para saber como \u00e9 concedida esta ajuda, deve contactar a sua c\u00e2mara municipal ou autoridade intercomunal. A exemplo de certas comunas francesas ou estabelecimentos de coopera\u00e7\u00e3o intercomunit\u00e1ria. Como o Grand Paris Seine Ouest, que financia certas instala\u00e7\u00f5es at\u00e9 50% do custo, incluindo impostos, do equipamento. A sua autarquia local tamb\u00e9m pode ajudar a financiar o seu projeto, dentro dos limites das suas compet\u00eancias.  <\/p>\n\n<p>Os pedidos para tais subs\u00eddios devem ser apresentados aos departamentos competentes do munic\u00edpio em quest\u00e3o, se o munic\u00edpio conceder subs\u00eddios.  <\/p>\n\n<p>Na maioria dos casos, o montante da ajuda concedida depende do rendimento do seu agregado familiar fiscal e baseia-se na apresenta\u00e7\u00e3o de uma factura liquidada.  <\/p>\n\n<p>Esta ajuda pode ser complementar \u00e0 ajuda que pode ser fornecida pelo conselho departamental ou regional.  <\/p>\n\n<p>Tal como a sua autarquia local, o departamento ou a regi\u00e3o incentiva a gest\u00e3o sustent\u00e1vel dos recursos h\u00eddricos. \u00c9 por isso que ambos podem fornecer-lhe apoio financeiro para a compra do seu <a href=\"https:\/\/www.maciterneecolo.fr\/fr\/3-citernes-souples\" target=\"_blank\" rel=\"noreferrer noopener\">sistema de recolha de \u00e1guas pluviais<\/a>. Pense em perguntar-lhes!  <\/p>\n\n<h2 class=\"wp-block-heading has-large-font-size\"><strong>Ajuda dos organismos p\u00fablicos para a compra de uma cisterna.  <\/strong> <\/h2>\n\n<p><strong><a href=\"https:\/\/www.anah.fr\/\" target=\"_blank\" rel=\"noreferrer noopener\">A Anah<\/a><\/strong><\/p>\n\n<p>A Agence Nationale pour l&#8217;Am\u00e9lioration de l&#8217;Habitat ajuda-o a financiar o seu equipamento de recolha de \u00e1guas pluviais. Se preencher as condi\u00e7\u00f5es para ter direito ao subs\u00eddio. N\u00e3o hesite em consultar o seu s\u00edtio web para mais informa\u00e7\u00f5es.  <\/p>\n\n<p><strong>Finalmente, at\u00e9 2021 houve um cr\u00e9dito fiscal para a compra e instala\u00e7\u00e3o de um sistema de recolha de \u00e1guas pluviais que foi abolido. \u00c9 bem poss\u00edvel que seja reintroduzido num novo &#8220;formato&#8221; nos pr\u00f3ximos meses.<\/strong>.<strong> <\/strong>N\u00e3o se<strong>esque\u00e7a de consultar regularmente o s\u00edtio Web do Governo para obter mais<\/strong> informa\u00e7\u00f5es.<\/p>\n\n<p><\/p>\n\n<p>N\u00e3o hesite em visitar o nosso site MaCiterneEcolo.fr ou ler os v\u00e1rios artigos do nosso<a href=\"https:\/\/blog.maciterneecolo.fr\/pt-pt\/\">blogue<\/a> para saber mais sobre os nossos reservat\u00f3rios flex\u00edveis.<\/p>\n<div class=\"wp-block-image\">\n<figure class=\"aligncenter size-large is-resized\"><img fetchpriority=\"high\" decoding=\"async\" src=\"https:\/\/blog.maciterneecolo.fr\/wp-content\/uploads\/2023\/03\/Anticipez-les-futures-penuries-deaux-11-1024x858.png\" alt=\"Reciclar a &#xE1;gua da chuva&#10;Subven&#xE7;&#xF5;es e subs&#xED;dios  \" class=\"wp-image-6053\" width=\"558\" height=\"467\" srcset=\"https:\/\/blog.maciterneecolo.fr\/wp-content\/uploads\/2023\/03\/Anticipez-les-futures-penuries-deaux-11-1024x858.png 1024w, https:\/\/blog.maciterneecolo.fr\/wp-content\/uploads\/2023\/03\/Anticipez-les-futures-penuries-deaux-11-300x251.png 300w, https:\/\/blog.maciterneecolo.fr\/wp-content\/uploads\/2023\/03\/Anticipez-les-futures-penuries-deaux-11-768x644.png 768w, https:\/\/blog.maciterneecolo.fr\/wp-content\/uploads\/2023\/03\/Anticipez-les-futures-penuries-deaux-11-1536x1288.png 1536w, https:\/\/blog.maciterneecolo.fr\/wp-content\/uploads\/2023\/03\/Anticipez-les-futures-penuries-deaux-11-2048x1717.png 2048w\" sizes=\"(max-width: 558px) 100vw, 558px\" \/><\/figure><\/div>","protected":false},"excerpt":{"rendered":"<p>A colheita da \u00e1gua da chuva tornou-se uma quest\u00e3o importante. As autoridades locais e regionais e outras institui\u00e7\u00f5es p\u00fablicas est\u00e3o conscientes desta quest\u00e3o e desejam contribuir ao seu n\u00edvel para o financiamento de equipamento de poupan\u00e7a de energia. Subven\u00e7\u00f5es das autarquias locais para a aquisi\u00e7\u00e3o de cisternas. Muitas autarquias locais concedem subs\u00eddios. S\u00e3o utilizados para [&hellip;]<\/p>\n","protected":false},"author":5,"featured_media":6041,"comment_status":"closed","ping_status":"closed","sticky":false,"template":"","format":"standard","meta":{"inline_featured_image":false,"footnotes":""},"categories":[1959,3],"tags":[67,1960,1961,66],"class_list":["post-6292","post","type-post","status-publish","format-standard","has-post-thumbnail","hentry","category-ajuda-e-subsidios","category-sem-categoria","tag-agua-da-chuva","tag-ajudas","tag-subsidios","tag-tanque-flexivel"],"yoast_head":"<!-- This site is optimized with the Yoast SEO plugin v27.5 - https:\/\/yoast.com\/product\/yoast-seo-wordpress\/ -->\n<title>Existe alguma assist\u00eancia dispon\u00edvel para o financiamento de um tanque flex\u00edvel?<\/title>\n<meta name=\"description\" content=\"Ajuda e cr\u00e9ditos fiscais para tanques flex\u00edveis. Descubra como pode financiar o seu reservat\u00f3rio flex\u00edvel!\" \/>\n<meta name=\"robots\" content=\"index, follow, max-snippet:-1, max-image-preview:large, max-video-preview:-1\" \/>\n<link rel=\"canonical\" href=\"https:\/\/blog.maciterneecolo.fr\/pt-pt\/e-possivel-beneficiar-de-ajuda-e-ou-creditos-fiscais-para-financiar-um-tanque-flexivel\/\" \/>\n<meta property=\"og:locale\" content=\"pt_PT\" \/>\n<meta property=\"og:type\" content=\"article\" \/>\n<meta property=\"og:title\" content=\"Existe alguma assist\u00eancia dispon\u00edvel para o financiamento de um tanque flex\u00edvel?\" \/>\n<meta property=\"og:description\" content=\"Ajuda e cr\u00e9ditos fiscais para tanques flex\u00edveis. Descubra como pode financiar o seu reservat\u00f3rio flex\u00edvel!\" \/>\n<meta property=\"og:url\" content=\"https:\/\/blog.maciterneecolo.fr\/pt-pt\/e-possivel-beneficiar-de-ajuda-e-ou-creditos-fiscais-para-financiar-um-tanque-flexivel\/\" \/>\n<meta property=\"og:site_name\" content=\"Blog Ma Citerne Ecolo\" \/>\n<meta property=\"article:published_time\" content=\"2023-03-22T10:56:09+00:00\" \/>\n<meta property=\"article:modified_time\" content=\"2023-07-28T09:22:02+00:00\" \/>\n<meta property=\"og:image\" content=\"https:\/\/blog.maciterneecolo.fr\/wp-content\/uploads\/2023\/03\/aides-et-subv.png\" \/>\n\t<meta property=\"og:image:width\" content=\"1156\" \/>\n\t<meta property=\"og:image:height\" content=\"768\" \/>\n\t<meta property=\"og:image:type\" content=\"image\/png\" \/>\n<meta name=\"author\" content=\"Alexis DANG\" \/>\n<meta name=\"twitter:card\" content=\"summary_large_image\" \/>\n<meta name=\"twitter:label1\" content=\"Escrito por\" \/>\n\t<meta name=\"twitter:data1\" content=\"Alexis DANG\" \/>\n\t<meta name=\"twitter:label2\" content=\"Tempo estimado de leitura\" \/>\n\t<meta name=\"twitter:data2\" content=\"2 minutos\" \/>\n<script type=\"application\/ld+json\" class=\"yoast-schema-graph\">{\"@context\":\"https:\\\/\\\/schema.org\",\"@graph\":[{\"@type\":\"Article\",\"@id\":\"https:\\\/\\\/blog.maciterneecolo.fr\\\/pt-pt\\\/e-possivel-beneficiar-de-ajuda-e-ou-creditos-fiscais-para-financiar-um-tanque-flexivel\\\/#article\",\"isPartOf\":{\"@id\":\"https:\\\/\\\/blog.maciterneecolo.fr\\\/pt-pt\\\/e-possivel-beneficiar-de-ajuda-e-ou-creditos-fiscais-para-financiar-um-tanque-flexivel\\\/\"},\"author\":{\"name\":\"Alexis DANG\",\"@id\":\"https:\\\/\\\/blog.maciterneecolo.fr\\\/pt-pt\\\/#\\\/schema\\\/person\\\/5155970109fa48d9d3d76c40bba36979\"},\"headline\":\"\u00c9 poss\u00edvel beneficiar de ajuda e\\\/ou cr\u00e9ditos fiscais para financiar um tanque flex\u00edvel?\",\"datePublished\":\"2023-03-22T10:56:09+00:00\",\"dateModified\":\"2023-07-28T09:22:02+00:00\",\"mainEntityOfPage\":{\"@id\":\"https:\\\/\\\/blog.maciterneecolo.fr\\\/pt-pt\\\/e-possivel-beneficiar-de-ajuda-e-ou-creditos-fiscais-para-financiar-um-tanque-flexivel\\\/\"},\"wordCount\":425,\"publisher\":{\"@id\":\"https:\\\/\\\/blog.maciterneecolo.fr\\\/pt-pt\\\/#organization\"},\"image\":{\"@id\":\"https:\\\/\\\/blog.maciterneecolo.fr\\\/pt-pt\\\/e-possivel-beneficiar-de-ajuda-e-ou-creditos-fiscais-para-financiar-um-tanque-flexivel\\\/#primaryimage\"},\"thumbnailUrl\":\"https:\\\/\\\/blog.maciterneecolo.fr\\\/wp-content\\\/uploads\\\/2023\\\/03\\\/aides-et-subv.png\",\"keywords\":[\"\u00e1gua da chuva\",\"Ajudas\",\"Subs\u00eddios\",\"tanque flex\u00edvel\"],\"articleSection\":[\"Ajuda e subs\u00eddios\"],\"inLanguage\":\"pt-PT\"},{\"@type\":\"WebPage\",\"@id\":\"https:\\\/\\\/blog.maciterneecolo.fr\\\/pt-pt\\\/e-possivel-beneficiar-de-ajuda-e-ou-creditos-fiscais-para-financiar-um-tanque-flexivel\\\/\",\"url\":\"https:\\\/\\\/blog.maciterneecolo.fr\\\/pt-pt\\\/e-possivel-beneficiar-de-ajuda-e-ou-creditos-fiscais-para-financiar-um-tanque-flexivel\\\/\",\"name\":\"Existe alguma assist\u00eancia dispon\u00edvel para o financiamento de um tanque flex\u00edvel?\",\"isPartOf\":{\"@id\":\"https:\\\/\\\/blog.maciterneecolo.fr\\\/pt-pt\\\/#website\"},\"primaryImageOfPage\":{\"@id\":\"https:\\\/\\\/blog.maciterneecolo.fr\\\/pt-pt\\\/e-possivel-beneficiar-de-ajuda-e-ou-creditos-fiscais-para-financiar-um-tanque-flexivel\\\/#primaryimage\"},\"image\":{\"@id\":\"https:\\\/\\\/blog.maciterneecolo.fr\\\/pt-pt\\\/e-possivel-beneficiar-de-ajuda-e-ou-creditos-fiscais-para-financiar-um-tanque-flexivel\\\/#primaryimage\"},\"thumbnailUrl\":\"https:\\\/\\\/blog.maciterneecolo.fr\\\/wp-content\\\/uploads\\\/2023\\\/03\\\/aides-et-subv.png\",\"datePublished\":\"2023-03-22T10:56:09+00:00\",\"dateModified\":\"2023-07-28T09:22:02+00:00\",\"description\":\"Ajuda e cr\u00e9ditos fiscais para tanques flex\u00edveis. Descubra como pode financiar o seu reservat\u00f3rio flex\u00edvel!\",\"breadcrumb\":{\"@id\":\"https:\\\/\\\/blog.maciterneecolo.fr\\\/pt-pt\\\/e-possivel-beneficiar-de-ajuda-e-ou-creditos-fiscais-para-financiar-um-tanque-flexivel\\\/#breadcrumb\"},\"inLanguage\":\"pt-PT\",\"potentialAction\":[{\"@type\":\"ReadAction\",\"target\":[\"https:\\\/\\\/blog.maciterneecolo.fr\\\/pt-pt\\\/e-possivel-beneficiar-de-ajuda-e-ou-creditos-fiscais-para-financiar-um-tanque-flexivel\\\/\"]}]},{\"@type\":\"ImageObject\",\"inLanguage\":\"pt-PT\",\"@id\":\"https:\\\/\\\/blog.maciterneecolo.fr\\\/pt-pt\\\/e-possivel-beneficiar-de-ajuda-e-ou-creditos-fiscais-para-financiar-um-tanque-flexivel\\\/#primaryimage\",\"url\":\"https:\\\/\\\/blog.maciterneecolo.fr\\\/wp-content\\\/uploads\\\/2023\\\/03\\\/aides-et-subv.png\",\"contentUrl\":\"https:\\\/\\\/blog.maciterneecolo.fr\\\/wp-content\\\/uploads\\\/2023\\\/03\\\/aides-et-subv.png\",\"width\":1156,\"height\":768,\"caption\":\"Aides financi\u00e8res \\\/ subventions de l'\u00e9tat pour r\u00e9cup\u00e9rer les eaux de pluie\"},{\"@type\":\"BreadcrumbList\",\"@id\":\"https:\\\/\\\/blog.maciterneecolo.fr\\\/pt-pt\\\/e-possivel-beneficiar-de-ajuda-e-ou-creditos-fiscais-para-financiar-um-tanque-flexivel\\\/#breadcrumb\",\"itemListElement\":[{\"@type\":\"ListItem\",\"position\":1,\"name\":\"Accueil\",\"item\":\"https:\\\/\\\/blog.maciterneecolo.fr\\\/pt-pt\\\/\"},{\"@type\":\"ListItem\",\"position\":2,\"name\":\"\u00c9 poss\u00edvel beneficiar de ajuda e\\\/ou cr\u00e9ditos fiscais para financiar um tanque flex\u00edvel?\"}]},{\"@type\":\"WebSite\",\"@id\":\"https:\\\/\\\/blog.maciterneecolo.fr\\\/pt-pt\\\/#website\",\"url\":\"https:\\\/\\\/blog.maciterneecolo.fr\\\/pt-pt\\\/\",\"name\":\"Blog Ma Citerne Ecolo\",\"description\":\"Leader dans le domaine de la citerne souple d&#039;eau de pluie\",\"publisher\":{\"@id\":\"https:\\\/\\\/blog.maciterneecolo.fr\\\/pt-pt\\\/#organization\"},\"potentialAction\":[{\"@type\":\"SearchAction\",\"target\":{\"@type\":\"EntryPoint\",\"urlTemplate\":\"https:\\\/\\\/blog.maciterneecolo.fr\\\/pt-pt\\\/?s={search_term_string}\"},\"query-input\":{\"@type\":\"PropertyValueSpecification\",\"valueRequired\":true,\"valueName\":\"search_term_string\"}}],\"inLanguage\":\"pt-PT\"},{\"@type\":\"Organization\",\"@id\":\"https:\\\/\\\/blog.maciterneecolo.fr\\\/pt-pt\\\/#organization\",\"name\":\"Blog Ma Citerne Ecolo\",\"url\":\"https:\\\/\\\/blog.maciterneecolo.fr\\\/pt-pt\\\/\",\"logo\":{\"@type\":\"ImageObject\",\"inLanguage\":\"pt-PT\",\"@id\":\"https:\\\/\\\/blog.maciterneecolo.fr\\\/pt-pt\\\/#\\\/schema\\\/logo\\\/image\\\/\",\"url\":\"https:\\\/\\\/blog.maciterneecolo.fr\\\/wp-content\\\/uploads\\\/2022\\\/12\\\/cropped-favicon-blog.png\",\"contentUrl\":\"https:\\\/\\\/blog.maciterneecolo.fr\\\/wp-content\\\/uploads\\\/2022\\\/12\\\/cropped-favicon-blog.png\",\"width\":512,\"height\":512,\"caption\":\"Blog Ma Citerne Ecolo\"},\"image\":{\"@id\":\"https:\\\/\\\/blog.maciterneecolo.fr\\\/pt-pt\\\/#\\\/schema\\\/logo\\\/image\\\/\"}},{\"@type\":\"Person\",\"@id\":\"https:\\\/\\\/blog.maciterneecolo.fr\\\/pt-pt\\\/#\\\/schema\\\/person\\\/5155970109fa48d9d3d76c40bba36979\",\"name\":\"Alexis DANG\",\"image\":{\"@type\":\"ImageObject\",\"inLanguage\":\"pt-PT\",\"@id\":\"https:\\\/\\\/secure.gravatar.com\\\/avatar\\\/24c2478f0bab29db5e937d0340f0c4cac15d0b1d9a9adf0853c6bf3f9d885c94?s=96&d=mm&r=g\",\"url\":\"https:\\\/\\\/secure.gravatar.com\\\/avatar\\\/24c2478f0bab29db5e937d0340f0c4cac15d0b1d9a9adf0853c6bf3f9d885c94?s=96&d=mm&r=g\",\"contentUrl\":\"https:\\\/\\\/secure.gravatar.com\\\/avatar\\\/24c2478f0bab29db5e937d0340f0c4cac15d0b1d9a9adf0853c6bf3f9d885c94?s=96&d=mm&r=g\",\"caption\":\"Alexis DANG\"},\"url\":\"https:\\\/\\\/blog.maciterneecolo.fr\\\/pt-pt\\\/author\\\/alexis-dang\\\/\"}]}<\/script>\n<!-- \/ Yoast SEO plugin. -->","yoast_head_json":{"title":"Existe alguma assist\u00eancia dispon\u00edvel para o financiamento de um tanque flex\u00edvel?","description":"Ajuda e cr\u00e9ditos fiscais para tanques flex\u00edveis. Descubra como pode financiar o seu reservat\u00f3rio flex\u00edvel!","robots":{"index":"index","follow":"follow","max-snippet":"max-snippet:-1","max-image-preview":"max-image-preview:large","max-video-preview":"max-video-preview:-1"},"canonical":"https:\/\/blog.maciterneecolo.fr\/pt-pt\/e-possivel-beneficiar-de-ajuda-e-ou-creditos-fiscais-para-financiar-um-tanque-flexivel\/","og_locale":"pt_PT","og_type":"article","og_title":"Existe alguma assist\u00eancia dispon\u00edvel para o financiamento de um tanque flex\u00edvel?","og_description":"Ajuda e cr\u00e9ditos fiscais para tanques flex\u00edveis. Descubra como pode financiar o seu reservat\u00f3rio flex\u00edvel!","og_url":"https:\/\/blog.maciterneecolo.fr\/pt-pt\/e-possivel-beneficiar-de-ajuda-e-ou-creditos-fiscais-para-financiar-um-tanque-flexivel\/","og_site_name":"Blog Ma Citerne Ecolo","article_published_time":"2023-03-22T10:56:09+00:00","article_modified_time":"2023-07-28T09:22:02+00:00","og_image":[{"width":1156,"height":768,"url":"https:\/\/blog.maciterneecolo.fr\/wp-content\/uploads\/2023\/03\/aides-et-subv.png","type":"image\/png"}],"author":"Alexis DANG","twitter_card":"summary_large_image","twitter_misc":{"Escrito por":"Alexis DANG","Tempo estimado de leitura":"2 minutos"},"schema":{"@context":"https:\/\/schema.org","@graph":[{"@type":"Article","@id":"https:\/\/blog.maciterneecolo.fr\/pt-pt\/e-possivel-beneficiar-de-ajuda-e-ou-creditos-fiscais-para-financiar-um-tanque-flexivel\/#article","isPartOf":{"@id":"https:\/\/blog.maciterneecolo.fr\/pt-pt\/e-possivel-beneficiar-de-ajuda-e-ou-creditos-fiscais-para-financiar-um-tanque-flexivel\/"},"author":{"name":"Alexis DANG","@id":"https:\/\/blog.maciterneecolo.fr\/pt-pt\/#\/schema\/person\/5155970109fa48d9d3d76c40bba36979"},"headline":"\u00c9 poss\u00edvel beneficiar de ajuda e\/ou cr\u00e9ditos fiscais para financiar um tanque flex\u00edvel?","datePublished":"2023-03-22T10:56:09+00:00","dateModified":"2023-07-28T09:22:02+00:00","mainEntityOfPage":{"@id":"https:\/\/blog.maciterneecolo.fr\/pt-pt\/e-possivel-beneficiar-de-ajuda-e-ou-creditos-fiscais-para-financiar-um-tanque-flexivel\/"},"wordCount":425,"publisher":{"@id":"https:\/\/blog.maciterneecolo.fr\/pt-pt\/#organization"},"image":{"@id":"https:\/\/blog.maciterneecolo.fr\/pt-pt\/e-possivel-beneficiar-de-ajuda-e-ou-creditos-fiscais-para-financiar-um-tanque-flexivel\/#primaryimage"},"thumbnailUrl":"https:\/\/blog.maciterneecolo.fr\/wp-content\/uploads\/2023\/03\/aides-et-subv.png","keywords":["\u00e1gua da chuva","Ajudas","Subs\u00eddios","tanque flex\u00edvel"],"articleSection":["Ajuda e subs\u00eddios"],"inLanguage":"pt-PT"},{"@type":"WebPage","@id":"https:\/\/blog.maciterneecolo.fr\/pt-pt\/e-possivel-beneficiar-de-ajuda-e-ou-creditos-fiscais-para-financiar-um-tanque-flexivel\/","url":"https:\/\/blog.maciterneecolo.fr\/pt-pt\/e-possivel-beneficiar-de-ajuda-e-ou-creditos-fiscais-para-financiar-um-tanque-flexivel\/","name":"Existe alguma assist\u00eancia dispon\u00edvel para o financiamento de um tanque flex\u00edvel?","isPartOf":{"@id":"https:\/\/blog.maciterneecolo.fr\/pt-pt\/#website"},"primaryImageOfPage":{"@id":"https:\/\/blog.maciterneecolo.fr\/pt-pt\/e-possivel-beneficiar-de-ajuda-e-ou-creditos-fiscais-para-financiar-um-tanque-flexivel\/#primaryimage"},"image":{"@id":"https:\/\/blog.maciterneecolo.fr\/pt-pt\/e-possivel-beneficiar-de-ajuda-e-ou-creditos-fiscais-para-financiar-um-tanque-flexivel\/#primaryimage"},"thumbnailUrl":"https:\/\/blog.maciterneecolo.fr\/wp-content\/uploads\/2023\/03\/aides-et-subv.png","datePublished":"2023-03-22T10:56:09+00:00","dateModified":"2023-07-28T09:22:02+00:00","description":"Ajuda e cr\u00e9ditos fiscais para tanques flex\u00edveis. Descubra como pode financiar o seu reservat\u00f3rio flex\u00edvel!","breadcrumb":{"@id":"https:\/\/blog.maciterneecolo.fr\/pt-pt\/e-possivel-beneficiar-de-ajuda-e-ou-creditos-fiscais-para-financiar-um-tanque-flexivel\/#breadcrumb"},"inLanguage":"pt-PT","potentialAction":[{"@type":"ReadAction","target":["https:\/\/blog.maciterneecolo.fr\/pt-pt\/e-possivel-beneficiar-de-ajuda-e-ou-creditos-fiscais-para-financiar-um-tanque-flexivel\/"]}]},{"@type":"ImageObject","inLanguage":"pt-PT","@id":"https:\/\/blog.maciterneecolo.fr\/pt-pt\/e-possivel-beneficiar-de-ajuda-e-ou-creditos-fiscais-para-financiar-um-tanque-flexivel\/#primaryimage","url":"https:\/\/blog.maciterneecolo.fr\/wp-content\/uploads\/2023\/03\/aides-et-subv.png","contentUrl":"https:\/\/blog.maciterneecolo.fr\/wp-content\/uploads\/2023\/03\/aides-et-subv.png","width":1156,"height":768,"caption":"Aides financi\u00e8res \/ subventions de l'\u00e9tat pour r\u00e9cup\u00e9rer les eaux de pluie"},{"@type":"BreadcrumbList","@id":"https:\/\/blog.maciterneecolo.fr\/pt-pt\/e-possivel-beneficiar-de-ajuda-e-ou-creditos-fiscais-para-financiar-um-tanque-flexivel\/#breadcrumb","itemListElement":[{"@type":"ListItem","position":1,"name":"Accueil","item":"https:\/\/blog.maciterneecolo.fr\/pt-pt\/"},{"@type":"ListItem","position":2,"name":"\u00c9 poss\u00edvel beneficiar de ajuda e\/ou cr\u00e9ditos fiscais para financiar um tanque flex\u00edvel?"}]},{"@type":"WebSite","@id":"https:\/\/blog.maciterneecolo.fr\/pt-pt\/#website","url":"https:\/\/blog.maciterneecolo.fr\/pt-pt\/","name":"Blog Ma Citerne Ecolo","description":"Leader dans le domaine de la citerne souple d&#039;eau de pluie","publisher":{"@id":"https:\/\/blog.maciterneecolo.fr\/pt-pt\/#organization"},"potentialAction":[{"@type":"SearchAction","target":{"@type":"EntryPoint","urlTemplate":"https:\/\/blog.maciterneecolo.fr\/pt-pt\/?s={search_term_string}"},"query-input":{"@type":"PropertyValueSpecification","valueRequired":true,"valueName":"search_term_string"}}],"inLanguage":"pt-PT"},{"@type":"Organization","@id":"https:\/\/blog.maciterneecolo.fr\/pt-pt\/#organization","name":"Blog Ma Citerne Ecolo","url":"https:\/\/blog.maciterneecolo.fr\/pt-pt\/","logo":{"@type":"ImageObject","inLanguage":"pt-PT","@id":"https:\/\/blog.maciterneecolo.fr\/pt-pt\/#\/schema\/logo\/image\/","url":"https:\/\/blog.maciterneecolo.fr\/wp-content\/uploads\/2022\/12\/cropped-favicon-blog.png","contentUrl":"https:\/\/blog.maciterneecolo.fr\/wp-content\/uploads\/2022\/12\/cropped-favicon-blog.png","width":512,"height":512,"caption":"Blog Ma Citerne Ecolo"},"image":{"@id":"https:\/\/blog.maciterneecolo.fr\/pt-pt\/#\/schema\/logo\/image\/"}},{"@type":"Person","@id":"https:\/\/blog.maciterneecolo.fr\/pt-pt\/#\/schema\/person\/5155970109fa48d9d3d76c40bba36979","name":"Alexis DANG","image":{"@type":"ImageObject","inLanguage":"pt-PT","@id":"https:\/\/secure.gravatar.com\/avatar\/24c2478f0bab29db5e937d0340f0c4cac15d0b1d9a9adf0853c6bf3f9d885c94?s=96&d=mm&r=g","url":"https:\/\/secure.gravatar.com\/avatar\/24c2478f0bab29db5e937d0340f0c4cac15d0b1d9a9adf0853c6bf3f9d885c94?s=96&d=mm&r=g","contentUrl":"https:\/\/secure.gravatar.com\/avatar\/24c2478f0bab29db5e937d0340f0c4cac15d0b1d9a9adf0853c6bf3f9d885c94?s=96&d=mm&r=g","caption":"Alexis DANG"},"url":"https:\/\/blog.maciterneecolo.fr\/pt-pt\/author\/alexis-dang\/"}]}},"_links":{"self":[{"href":"https:\/\/blog.maciterneecolo.fr\/pt-pt\/wp-json\/wp\/v2\/posts\/6292","targetHints":{"allow":["GET"]}}],"collection":[{"href":"https:\/\/blog.maciterneecolo.fr\/pt-pt\/wp-json\/wp\/v2\/posts"}],"about":[{"href":"https:\/\/blog.maciterneecolo.fr\/pt-pt\/wp-json\/wp\/v2\/types\/post"}],"author":[{"embeddable":true,"href":"https:\/\/blog.maciterneecolo.fr\/pt-pt\/wp-json\/wp\/v2\/users\/5"}],"replies":[{"embeddable":true,"href":"https:\/\/blog.maciterneecolo.fr\/pt-pt\/wp-json\/wp\/v2\/comments?post=6292"}],"version-history":[{"count":4,"href":"https:\/\/blog.maciterneecolo.fr\/pt-pt\/wp-json\/wp\/v2\/posts\/6292\/revisions"}],"predecessor-version":[{"id":7619,"href":"https:\/\/blog.maciterneecolo.fr\/pt-pt\/wp-json\/wp\/v2\/posts\/6292\/revisions\/7619"}],"wp:featuredmedia":[{"embeddable":true,"href":"https:\/\/blog.maciterneecolo.fr\/pt-pt\/wp-json\/wp\/v2\/media\/6041"}],"wp:attachment":[{"href":"https:\/\/blog.maciterneecolo.fr\/pt-pt\/wp-json\/wp\/v2\/media?parent=6292"}],"wp:term":[{"taxonomy":"category","embeddable":true,"href":"https:\/\/blog.maciterneecolo.fr\/pt-pt\/wp-json\/wp\/v2\/categories?post=6292"},{"taxonomy":"post_tag","embeddable":true,"href":"https:\/\/blog.maciterneecolo.fr\/pt-pt\/wp-json\/wp\/v2\/tags?post=6292"}],"curies":[{"name":"wp","href":"https:\/\/api.w.org\/{rel}","templated":true}]}}