{"id":6366,"date":"2023-03-22T12:27:27","date_gmt":"2023-03-22T12:27:27","guid":{"rendered":"https:\/\/blog.maciterneecolo.fr\/posso-ligar-a-minha-cisterna-flexivel-para-fornecer-o-autoclismo-da-minha-sanita-e-para-a-minha-maquina-de-lavar\/"},"modified":"2023-07-28T09:12:36","modified_gmt":"2023-07-28T09:12:36","slug":"posso-ligar-a-minha-cisterna-flexivel-para-fornecer-o-autoclismo-da-minha-sanita-e-para-a-minha-maquina-de-lavar","status":"publish","type":"post","link":"https:\/\/blog.maciterneecolo.fr\/pt-pt\/posso-ligar-a-minha-cisterna-flexivel-para-fornecer-o-autoclismo-da-minha-sanita-e-para-a-minha-maquina-de-lavar\/","title":{"rendered":"Posso ligar a minha cisterna flex\u00edvel para fornecer o autoclismo da minha sanita? e para a minha m\u00e1quina de lavar?"},"content":{"rendered":"\n<p>Muitos propriet\u00e1rios de <a href=\"https:\/\/www.maciterneecolo.fr\/fr\/3-citernes-souples\" target=\"_blank\" rel=\"noreferrer noopener\">reservat\u00f3rios flex<\/a> \u00edveis perguntam-se se podem ligar o seu reservat\u00f3rio flex\u00edvel ao abastecimento de \u00e1gua para a descarga da sanita ou para a m\u00e1quina de lavar roupa. Al\u00e9m de ter um <strong>interesse econ\u00f3mico real<\/strong>. Se considerarmos que uma descarga de sanita consome em m\u00e9dia 46 litros por pessoa e por dia. Este tipo de liga\u00e7\u00e3o \u00e9 <strong>totalmente amigo do ambiente<\/strong>. J\u00e1 n\u00e3o se utiliza \u00e1gua pot\u00e1vel para estes fins. Em Fran\u00e7a, estima-se que 50% da \u00e1gua utilizada n\u00e3o precisa de ser pot\u00e1vel.  <\/p>\n\n<p>O custo da \u00e1gua continua a aumentar, em parte devido ao trabalho empreendido para melhorar a rede p\u00fablica de \u00e1gua. Estima-se que a \u00e1gua ir\u00e1 aumentar em m\u00e9dia 10% durante a pr\u00f3xima d\u00e9cada. Utilizar a \u00e1gua da chuva para lavar a sanita ou m\u00e1quina de lavar \u00e9 uma \u00f3ptima forma de reduzir as suas contas de \u00e1gua e ajudar o planeta.  <\/p>\n\n<p>Por conseguinte, \u00e9 naturalmente poss\u00edvel ligar o seu tanque flex\u00edvel ao abastecimento do seu autoclismo, ou ao abastecimento da sua m\u00e1quina de lavar roupa.  <\/p>\n\n<p>No entanto, para tais utiliza\u00e7\u00f5es, \u00e9 necess\u00e1rio respeitar certas condi\u00e7\u00f5es.  <\/p>\n\n<p> <\/p>\n\n<h2 class=\"wp-block-heading has-text-align-center\">O que diz a lei?  <\/h2>\n\n<p>O uso de \u00e1gua da chuva \u00e9 permitido dentro de casa apenas para :  <\/p>\n\n<p>&#8211; Encher o autoclismo  <\/p>\n\n<p>&#8211; Lavagem de roupa, desde que seja utilizado previamente um dispositivo de tratamento de \u00e1gua adequado  <\/p>\n\n<p>&#8211; Lavagem de pavimentos<\/p>\n\n<h2 class=\"wp-block-heading\" style=\"font-size:25px\"><strong>  &#8211; Instala\u00e7\u00e3o e declara\u00e7\u00e3o do seu equipamento.<\/strong> <\/h2>\n\n<p>A \u00e1gua da chuva s\u00f3 deve ser recolhida de um telhado que n\u00e3o seja acess\u00edvel (excepto para manuten\u00e7\u00e3o e conserva\u00e7\u00e3o). A \u00e1gua utilizada deve ser armazenada num reservat\u00f3rio acima do solo<a href=\"https:\/\/www.maciterneecolo.fr\/fr\/3-citernes-souples\" target=\"_blank\" rel=\"noreferrer noopener\">(reservat\u00f3rio flex\u00edvel<\/a>, reservat\u00f3rio de recupera\u00e7\u00e3o) ou subterr\u00e2neo. N\u00e3o deve ser aplicado anticongelante ao tanque de armazenamento.<\/p>\n\n<p>Se a sua instala\u00e7\u00e3o estiver ligada a um sistema de saneamento independente. N\u00e3o \u00e9 necess\u00e1rio efetuar qualquer declara\u00e7\u00e3o. Por outro lado, se a sua instala\u00e7\u00e3o estiver ligada \u00e0 rede p\u00fablica de esgotos, ter\u00e1 de pagar os custos. \u00c9 obrigat\u00f3rio declarar \u00e0 C\u00e2mara Municipal a utiliza\u00e7\u00e3o de \u00e1gua da chuva dentro de casa. (Artigo R2224-19-4 do c\u00f3digo geral das autoridades locais).<\/p>\n\n<h2 class=\"wp-block-heading\" style=\"font-size:25px\"> <strong>  &#8211; Seguran\u00e7a da instala\u00e7\u00e3o<\/strong><\/h2>\n\n<p>Ao utilizar \u00e1gua da chuva dentro de casa, deve identificar as torneiras de acesso. De facto, um sinal especial deve ser colocado com as palavras &#8220;\u00c1gua n\u00e3o pot\u00e1vel&#8221;. Este sinal destina-se a distinguir a sua rede de \u00e1gua n\u00e3o pot\u00e1vel da sua rede de \u00e1gua pot\u00e1vel. Podem ser facilmente encontrados em lojas de bricolage.  <\/p>\n\n<p>As torneiras de \u00e1gua da chuva devem ser bloque\u00e1veis e devem ser abertas com uma ferramenta especial.  <\/p>\n\n<p>As redes de \u00e1gua pot\u00e1vel e de \u00e1gua da chuva devem ser separadas, e as duas redes n\u00e3o devem ser capazes de comunicar.  <\/p>\n\n<h2 class=\"wp-block-heading\" style=\"font-size:25px\"><strong>&#8211; Manuten\u00e7\u00e3o<\/strong><\/h2>\n\n<p>Se a instala\u00e7\u00e3o for inspeccionada por um  <a href=\"https:\/\/www.maciterneecolo.fr\/fr\/3-citernes-souples\" target=\"_blank\" rel=\"noreferrer noopener\">reservat\u00f3rio flex\u00edvel<\/a>Se tiver um sistema de recolha de \u00e1guas pluviais, deve manter atualizado um livro de registo de manuten\u00e7\u00e3o sanit\u00e1ria, que inclua um plano pormenorizado do equipamento de recolha de \u00e1guas pluviais e as datas em que s\u00e3o efectuadas as verifica\u00e7\u00f5es (limpeza do filtro, esvaziamento, limpeza e desinfe\u00e7\u00e3o do reservat\u00f3rio e verifica\u00e7\u00e3o das v\u00e1lvulas e torneiras). Tamb\u00e9m ser\u00e1 necess\u00e1rio manter um \u00edndice dos volumes de \u00e1gua da chuva utilizados apenas para edif\u00edcios ligados \u00e0 rede colectiva.  <\/p>\n\n<p>Para efectuar esta manuten\u00e7\u00e3o, pode contratar uma empresa para preencher o seu folheto de manuten\u00e7\u00e3o sanit\u00e1ria ou pode faz\u00ea-lo voc\u00ea mesmo e preench\u00ea-lo por si mesmo, anotando os elementos necess\u00e1rios.  <\/p>\n\n<p>Para saber mais sobre a legisla\u00e7\u00e3o actual relativa \u00e0 utiliza\u00e7\u00e3o da \u00e1gua da chuva dentro da sua casa, pode ir <a href=\"https:\/\/www.service-public.fr\/particuliers\/vosdroits\/F31481\" target=\"_blank\" rel=\"noreferrer noopener\">aqui<\/a>.  <\/p>\n\n<p>Convidamo-lo a visitar o nosso site MaCiterneEcolo.fr ou o nosso <a href=\"https:\/\/blog.maciterneecolo.fr\/pt-pt\/\" target=\"_blank\" rel=\"noreferrer noopener\">blogue<\/a> para saber mais sobre a recolha de \u00e1guas pluviais e as nossas cisternas.<\/p>\n\n<p> <\/p>\n<div class=\"wp-block-image\">\n<figure class=\"aligncenter size-large is-resized\"><img fetchpriority=\"high\" decoding=\"async\" src=\"https:\/\/blog.maciterneecolo.fr\/wp-content\/uploads\/2023\/03\/Anticipez-les-futures-penuries-deaux-1-1-1024x858.png\" alt=\"Recupere a sua &#xE1;gua da chuva com os nossos reservat&#xF3;rios flex&#xED;veis\" class=\"wp-image-6127\" width=\"463\" height=\"387\" srcset=\"https:\/\/blog.maciterneecolo.fr\/wp-content\/uploads\/2023\/03\/Anticipez-les-futures-penuries-deaux-1-1-1024x858.png 1024w, https:\/\/blog.maciterneecolo.fr\/wp-content\/uploads\/2023\/03\/Anticipez-les-futures-penuries-deaux-1-1-300x251.png 300w, https:\/\/blog.maciterneecolo.fr\/wp-content\/uploads\/2023\/03\/Anticipez-les-futures-penuries-deaux-1-1-768x644.png 768w, https:\/\/blog.maciterneecolo.fr\/wp-content\/uploads\/2023\/03\/Anticipez-les-futures-penuries-deaux-1-1-1536x1288.png 1536w, https:\/\/blog.maciterneecolo.fr\/wp-content\/uploads\/2023\/03\/Anticipez-les-futures-penuries-deaux-1-1-2048x1717.png 2048w\" sizes=\"(max-width: 463px) 100vw, 463px\" \/><\/figure><\/div>","protected":false},"excerpt":{"rendered":"<p>Muitos propriet\u00e1rios de reservat\u00f3rios flex \u00edveis perguntam-se se podem ligar o seu reservat\u00f3rio flex\u00edvel ao abastecimento de \u00e1gua para a descarga da sanita ou para a m\u00e1quina de lavar roupa. Al\u00e9m de ter um interesse econ\u00f3mico real. Se considerarmos que uma descarga de sanita consome em m\u00e9dia 46 litros por pessoa e por dia. Este [&hellip;]<\/p>\n","protected":false},"author":5,"featured_media":6116,"comment_status":"closed","ping_status":"closed","sticky":false,"template":"","format":"standard","meta":{"inline_featured_image":false,"footnotes":""},"categories":[88],"tags":[67,2018,2017,802,2016,66,378],"class_list":["post-6366","post","type-post","status-publish","format-standard","has-post-thumbnail","hentry","category-tanques-flexiveis","tag-agua-da-chuva","tag-artigo","tag-legislacao","tag-maquina-de-lavar-roupa-pt-pt","tag-regulamentos","tag-tanque-flexivel","tag-wc-pt-pt"],"yoast_head":"<!-- This site is optimized with the Yoast SEO plugin v27.5 - https:\/\/yoast.com\/product\/yoast-seo-wordpress\/ -->\n<title>Posso usar \u00e1gua da chuva na minha sanita e m\u00e1quina de lavar roupa?<\/title>\n<meta name=\"description\" content=\"Ligar um autoclismo flex\u00edvel a uma sanita ou a uma m\u00e1quina de lavar roupa: o que diz a lei sobre o aproveitamento da \u00e1gua da chuva.\" \/>\n<meta name=\"robots\" content=\"index, follow, max-snippet:-1, max-image-preview:large, max-video-preview:-1\" \/>\n<link rel=\"canonical\" href=\"https:\/\/blog.maciterneecolo.fr\/pt-pt\/posso-ligar-a-minha-cisterna-flexivel-para-fornecer-o-autoclismo-da-minha-sanita-e-para-a-minha-maquina-de-lavar\/\" \/>\n<meta property=\"og:locale\" content=\"pt_PT\" \/>\n<meta property=\"og:type\" content=\"article\" \/>\n<meta property=\"og:title\" content=\"Posso usar \u00e1gua da chuva na minha sanita e m\u00e1quina de lavar roupa?\" \/>\n<meta property=\"og:description\" content=\"Ligar um autoclismo flex\u00edvel a uma sanita ou a uma m\u00e1quina de lavar roupa: o que diz a lei sobre o aproveitamento da \u00e1gua da chuva.\" \/>\n<meta property=\"og:url\" content=\"https:\/\/blog.maciterneecolo.fr\/pt-pt\/posso-ligar-a-minha-cisterna-flexivel-para-fornecer-o-autoclismo-da-minha-sanita-e-para-a-minha-maquina-de-lavar\/\" \/>\n<meta property=\"og:site_name\" content=\"Blog Ma Citerne Ecolo\" \/>\n<meta property=\"article:published_time\" content=\"2023-03-22T12:27:27+00:00\" \/>\n<meta property=\"article:modified_time\" content=\"2023-07-28T09:12:36+00:00\" \/>\n<meta property=\"og:image\" content=\"https:\/\/blog.maciterneecolo.fr\/wp-content\/uploads\/2023\/03\/pexels-karolina-grabowska-4239015-scaled.jpg\" \/>\n\t<meta property=\"og:image:width\" content=\"2560\" \/>\n\t<meta property=\"og:image:height\" content=\"1707\" \/>\n\t<meta property=\"og:image:type\" content=\"image\/jpeg\" \/>\n<meta name=\"author\" content=\"Alexis DANG\" \/>\n<meta name=\"twitter:card\" content=\"summary_large_image\" \/>\n<meta name=\"twitter:label1\" content=\"Escrito por\" \/>\n\t<meta name=\"twitter:data1\" content=\"Alexis DANG\" \/>\n\t<meta name=\"twitter:label2\" content=\"Tempo estimado de leitura\" \/>\n\t<meta name=\"twitter:data2\" content=\"3 minutos\" \/>\n<script type=\"application\/ld+json\" class=\"yoast-schema-graph\">{\"@context\":\"https:\\\/\\\/schema.org\",\"@graph\":[{\"@type\":\"Article\",\"@id\":\"https:\\\/\\\/blog.maciterneecolo.fr\\\/pt-pt\\\/posso-ligar-a-minha-cisterna-flexivel-para-fornecer-o-autoclismo-da-minha-sanita-e-para-a-minha-maquina-de-lavar\\\/#article\",\"isPartOf\":{\"@id\":\"https:\\\/\\\/blog.maciterneecolo.fr\\\/pt-pt\\\/posso-ligar-a-minha-cisterna-flexivel-para-fornecer-o-autoclismo-da-minha-sanita-e-para-a-minha-maquina-de-lavar\\\/\"},\"author\":{\"name\":\"Alexis DANG\",\"@id\":\"https:\\\/\\\/blog.maciterneecolo.fr\\\/pt-pt\\\/#\\\/schema\\\/person\\\/5155970109fa48d9d3d76c40bba36979\"},\"headline\":\"Posso ligar a minha cisterna flex\u00edvel para fornecer o autoclismo da minha sanita? e para a minha m\u00e1quina de lavar?\",\"datePublished\":\"2023-03-22T12:27:27+00:00\",\"dateModified\":\"2023-07-28T09:12:36+00:00\",\"mainEntityOfPage\":{\"@id\":\"https:\\\/\\\/blog.maciterneecolo.fr\\\/pt-pt\\\/posso-ligar-a-minha-cisterna-flexivel-para-fornecer-o-autoclismo-da-minha-sanita-e-para-a-minha-maquina-de-lavar\\\/\"},\"wordCount\":686,\"publisher\":{\"@id\":\"https:\\\/\\\/blog.maciterneecolo.fr\\\/pt-pt\\\/#organization\"},\"image\":{\"@id\":\"https:\\\/\\\/blog.maciterneecolo.fr\\\/pt-pt\\\/posso-ligar-a-minha-cisterna-flexivel-para-fornecer-o-autoclismo-da-minha-sanita-e-para-a-minha-maquina-de-lavar\\\/#primaryimage\"},\"thumbnailUrl\":\"https:\\\/\\\/blog.maciterneecolo.fr\\\/wp-content\\\/uploads\\\/2023\\\/03\\\/pexels-karolina-grabowska-4239015-scaled.jpg\",\"keywords\":[\"\u00e1gua da chuva\",\"Artigo\",\"Legisla\u00e7\u00e3o\",\"m\u00e1quina de lavar roupa\",\"Regulamentos\",\"tanque flex\u00edvel\",\"wc\"],\"articleSection\":[\"Tanques Flex\u00edveis\"],\"inLanguage\":\"pt-PT\"},{\"@type\":\"WebPage\",\"@id\":\"https:\\\/\\\/blog.maciterneecolo.fr\\\/pt-pt\\\/posso-ligar-a-minha-cisterna-flexivel-para-fornecer-o-autoclismo-da-minha-sanita-e-para-a-minha-maquina-de-lavar\\\/\",\"url\":\"https:\\\/\\\/blog.maciterneecolo.fr\\\/pt-pt\\\/posso-ligar-a-minha-cisterna-flexivel-para-fornecer-o-autoclismo-da-minha-sanita-e-para-a-minha-maquina-de-lavar\\\/\",\"name\":\"Posso usar \u00e1gua da chuva na minha sanita e m\u00e1quina de lavar roupa?\",\"isPartOf\":{\"@id\":\"https:\\\/\\\/blog.maciterneecolo.fr\\\/pt-pt\\\/#website\"},\"primaryImageOfPage\":{\"@id\":\"https:\\\/\\\/blog.maciterneecolo.fr\\\/pt-pt\\\/posso-ligar-a-minha-cisterna-flexivel-para-fornecer-o-autoclismo-da-minha-sanita-e-para-a-minha-maquina-de-lavar\\\/#primaryimage\"},\"image\":{\"@id\":\"https:\\\/\\\/blog.maciterneecolo.fr\\\/pt-pt\\\/posso-ligar-a-minha-cisterna-flexivel-para-fornecer-o-autoclismo-da-minha-sanita-e-para-a-minha-maquina-de-lavar\\\/#primaryimage\"},\"thumbnailUrl\":\"https:\\\/\\\/blog.maciterneecolo.fr\\\/wp-content\\\/uploads\\\/2023\\\/03\\\/pexels-karolina-grabowska-4239015-scaled.jpg\",\"datePublished\":\"2023-03-22T12:27:27+00:00\",\"dateModified\":\"2023-07-28T09:12:36+00:00\",\"description\":\"Ligar um autoclismo flex\u00edvel a uma sanita ou a uma m\u00e1quina de lavar roupa: o que diz a lei sobre o aproveitamento da \u00e1gua da chuva.\",\"breadcrumb\":{\"@id\":\"https:\\\/\\\/blog.maciterneecolo.fr\\\/pt-pt\\\/posso-ligar-a-minha-cisterna-flexivel-para-fornecer-o-autoclismo-da-minha-sanita-e-para-a-minha-maquina-de-lavar\\\/#breadcrumb\"},\"inLanguage\":\"pt-PT\",\"potentialAction\":[{\"@type\":\"ReadAction\",\"target\":[\"https:\\\/\\\/blog.maciterneecolo.fr\\\/pt-pt\\\/posso-ligar-a-minha-cisterna-flexivel-para-fornecer-o-autoclismo-da-minha-sanita-e-para-a-minha-maquina-de-lavar\\\/\"]}]},{\"@type\":\"ImageObject\",\"inLanguage\":\"pt-PT\",\"@id\":\"https:\\\/\\\/blog.maciterneecolo.fr\\\/pt-pt\\\/posso-ligar-a-minha-cisterna-flexivel-para-fornecer-o-autoclismo-da-minha-sanita-e-para-a-minha-maquina-de-lavar\\\/#primaryimage\",\"url\":\"https:\\\/\\\/blog.maciterneecolo.fr\\\/wp-content\\\/uploads\\\/2023\\\/03\\\/pexels-karolina-grabowska-4239015-scaled.jpg\",\"contentUrl\":\"https:\\\/\\\/blog.maciterneecolo.fr\\\/wp-content\\\/uploads\\\/2023\\\/03\\\/pexels-karolina-grabowska-4239015-scaled.jpg\",\"width\":2560,\"height\":1707,\"caption\":\"R\u00e9cup\u00e9rez vos eaux de pluie pour alimenter vos toilettes et votre lave-linge\"},{\"@type\":\"BreadcrumbList\",\"@id\":\"https:\\\/\\\/blog.maciterneecolo.fr\\\/pt-pt\\\/posso-ligar-a-minha-cisterna-flexivel-para-fornecer-o-autoclismo-da-minha-sanita-e-para-a-minha-maquina-de-lavar\\\/#breadcrumb\",\"itemListElement\":[{\"@type\":\"ListItem\",\"position\":1,\"name\":\"Accueil\",\"item\":\"https:\\\/\\\/blog.maciterneecolo.fr\\\/pt-pt\\\/\"},{\"@type\":\"ListItem\",\"position\":2,\"name\":\"Posso ligar a minha cisterna flex\u00edvel para fornecer o autoclismo da minha sanita? e para a minha m\u00e1quina de lavar?\"}]},{\"@type\":\"WebSite\",\"@id\":\"https:\\\/\\\/blog.maciterneecolo.fr\\\/pt-pt\\\/#website\",\"url\":\"https:\\\/\\\/blog.maciterneecolo.fr\\\/pt-pt\\\/\",\"name\":\"Blog Ma Citerne Ecolo\",\"description\":\"Leader dans le domaine de la citerne souple d&#039;eau de pluie\",\"publisher\":{\"@id\":\"https:\\\/\\\/blog.maciterneecolo.fr\\\/pt-pt\\\/#organization\"},\"potentialAction\":[{\"@type\":\"SearchAction\",\"target\":{\"@type\":\"EntryPoint\",\"urlTemplate\":\"https:\\\/\\\/blog.maciterneecolo.fr\\\/pt-pt\\\/?s={search_term_string}\"},\"query-input\":{\"@type\":\"PropertyValueSpecification\",\"valueRequired\":true,\"valueName\":\"search_term_string\"}}],\"inLanguage\":\"pt-PT\"},{\"@type\":\"Organization\",\"@id\":\"https:\\\/\\\/blog.maciterneecolo.fr\\\/pt-pt\\\/#organization\",\"name\":\"Blog Ma Citerne Ecolo\",\"url\":\"https:\\\/\\\/blog.maciterneecolo.fr\\\/pt-pt\\\/\",\"logo\":{\"@type\":\"ImageObject\",\"inLanguage\":\"pt-PT\",\"@id\":\"https:\\\/\\\/blog.maciterneecolo.fr\\\/pt-pt\\\/#\\\/schema\\\/logo\\\/image\\\/\",\"url\":\"https:\\\/\\\/blog.maciterneecolo.fr\\\/wp-content\\\/uploads\\\/2022\\\/12\\\/cropped-favicon-blog.png\",\"contentUrl\":\"https:\\\/\\\/blog.maciterneecolo.fr\\\/wp-content\\\/uploads\\\/2022\\\/12\\\/cropped-favicon-blog.png\",\"width\":512,\"height\":512,\"caption\":\"Blog Ma Citerne Ecolo\"},\"image\":{\"@id\":\"https:\\\/\\\/blog.maciterneecolo.fr\\\/pt-pt\\\/#\\\/schema\\\/logo\\\/image\\\/\"}},{\"@type\":\"Person\",\"@id\":\"https:\\\/\\\/blog.maciterneecolo.fr\\\/pt-pt\\\/#\\\/schema\\\/person\\\/5155970109fa48d9d3d76c40bba36979\",\"name\":\"Alexis DANG\",\"image\":{\"@type\":\"ImageObject\",\"inLanguage\":\"pt-PT\",\"@id\":\"https:\\\/\\\/secure.gravatar.com\\\/avatar\\\/24c2478f0bab29db5e937d0340f0c4cac15d0b1d9a9adf0853c6bf3f9d885c94?s=96&d=mm&r=g\",\"url\":\"https:\\\/\\\/secure.gravatar.com\\\/avatar\\\/24c2478f0bab29db5e937d0340f0c4cac15d0b1d9a9adf0853c6bf3f9d885c94?s=96&d=mm&r=g\",\"contentUrl\":\"https:\\\/\\\/secure.gravatar.com\\\/avatar\\\/24c2478f0bab29db5e937d0340f0c4cac15d0b1d9a9adf0853c6bf3f9d885c94?s=96&d=mm&r=g\",\"caption\":\"Alexis DANG\"},\"url\":\"https:\\\/\\\/blog.maciterneecolo.fr\\\/pt-pt\\\/author\\\/alexis-dang\\\/\"}]}<\/script>\n<!-- \/ Yoast SEO plugin. -->","yoast_head_json":{"title":"Posso usar \u00e1gua da chuva na minha sanita e m\u00e1quina de lavar roupa?","description":"Ligar um autoclismo flex\u00edvel a uma sanita ou a uma m\u00e1quina de lavar roupa: o que diz a lei sobre o aproveitamento da \u00e1gua da chuva.","robots":{"index":"index","follow":"follow","max-snippet":"max-snippet:-1","max-image-preview":"max-image-preview:large","max-video-preview":"max-video-preview:-1"},"canonical":"https:\/\/blog.maciterneecolo.fr\/pt-pt\/posso-ligar-a-minha-cisterna-flexivel-para-fornecer-o-autoclismo-da-minha-sanita-e-para-a-minha-maquina-de-lavar\/","og_locale":"pt_PT","og_type":"article","og_title":"Posso usar \u00e1gua da chuva na minha sanita e m\u00e1quina de lavar roupa?","og_description":"Ligar um autoclismo flex\u00edvel a uma sanita ou a uma m\u00e1quina de lavar roupa: o que diz a lei sobre o aproveitamento da \u00e1gua da chuva.","og_url":"https:\/\/blog.maciterneecolo.fr\/pt-pt\/posso-ligar-a-minha-cisterna-flexivel-para-fornecer-o-autoclismo-da-minha-sanita-e-para-a-minha-maquina-de-lavar\/","og_site_name":"Blog Ma Citerne Ecolo","article_published_time":"2023-03-22T12:27:27+00:00","article_modified_time":"2023-07-28T09:12:36+00:00","og_image":[{"width":2560,"height":1707,"url":"https:\/\/blog.maciterneecolo.fr\/wp-content\/uploads\/2023\/03\/pexels-karolina-grabowska-4239015-scaled.jpg","type":"image\/jpeg"}],"author":"Alexis DANG","twitter_card":"summary_large_image","twitter_misc":{"Escrito por":"Alexis DANG","Tempo estimado de leitura":"3 minutos"},"schema":{"@context":"https:\/\/schema.org","@graph":[{"@type":"Article","@id":"https:\/\/blog.maciterneecolo.fr\/pt-pt\/posso-ligar-a-minha-cisterna-flexivel-para-fornecer-o-autoclismo-da-minha-sanita-e-para-a-minha-maquina-de-lavar\/#article","isPartOf":{"@id":"https:\/\/blog.maciterneecolo.fr\/pt-pt\/posso-ligar-a-minha-cisterna-flexivel-para-fornecer-o-autoclismo-da-minha-sanita-e-para-a-minha-maquina-de-lavar\/"},"author":{"name":"Alexis DANG","@id":"https:\/\/blog.maciterneecolo.fr\/pt-pt\/#\/schema\/person\/5155970109fa48d9d3d76c40bba36979"},"headline":"Posso ligar a minha cisterna flex\u00edvel para fornecer o autoclismo da minha sanita? e para a minha m\u00e1quina de lavar?","datePublished":"2023-03-22T12:27:27+00:00","dateModified":"2023-07-28T09:12:36+00:00","mainEntityOfPage":{"@id":"https:\/\/blog.maciterneecolo.fr\/pt-pt\/posso-ligar-a-minha-cisterna-flexivel-para-fornecer-o-autoclismo-da-minha-sanita-e-para-a-minha-maquina-de-lavar\/"},"wordCount":686,"publisher":{"@id":"https:\/\/blog.maciterneecolo.fr\/pt-pt\/#organization"},"image":{"@id":"https:\/\/blog.maciterneecolo.fr\/pt-pt\/posso-ligar-a-minha-cisterna-flexivel-para-fornecer-o-autoclismo-da-minha-sanita-e-para-a-minha-maquina-de-lavar\/#primaryimage"},"thumbnailUrl":"https:\/\/blog.maciterneecolo.fr\/wp-content\/uploads\/2023\/03\/pexels-karolina-grabowska-4239015-scaled.jpg","keywords":["\u00e1gua da chuva","Artigo","Legisla\u00e7\u00e3o","m\u00e1quina de lavar roupa","Regulamentos","tanque flex\u00edvel","wc"],"articleSection":["Tanques Flex\u00edveis"],"inLanguage":"pt-PT"},{"@type":"WebPage","@id":"https:\/\/blog.maciterneecolo.fr\/pt-pt\/posso-ligar-a-minha-cisterna-flexivel-para-fornecer-o-autoclismo-da-minha-sanita-e-para-a-minha-maquina-de-lavar\/","url":"https:\/\/blog.maciterneecolo.fr\/pt-pt\/posso-ligar-a-minha-cisterna-flexivel-para-fornecer-o-autoclismo-da-minha-sanita-e-para-a-minha-maquina-de-lavar\/","name":"Posso usar \u00e1gua da chuva na minha sanita e m\u00e1quina de lavar roupa?","isPartOf":{"@id":"https:\/\/blog.maciterneecolo.fr\/pt-pt\/#website"},"primaryImageOfPage":{"@id":"https:\/\/blog.maciterneecolo.fr\/pt-pt\/posso-ligar-a-minha-cisterna-flexivel-para-fornecer-o-autoclismo-da-minha-sanita-e-para-a-minha-maquina-de-lavar\/#primaryimage"},"image":{"@id":"https:\/\/blog.maciterneecolo.fr\/pt-pt\/posso-ligar-a-minha-cisterna-flexivel-para-fornecer-o-autoclismo-da-minha-sanita-e-para-a-minha-maquina-de-lavar\/#primaryimage"},"thumbnailUrl":"https:\/\/blog.maciterneecolo.fr\/wp-content\/uploads\/2023\/03\/pexels-karolina-grabowska-4239015-scaled.jpg","datePublished":"2023-03-22T12:27:27+00:00","dateModified":"2023-07-28T09:12:36+00:00","description":"Ligar um autoclismo flex\u00edvel a uma sanita ou a uma m\u00e1quina de lavar roupa: o que diz a lei sobre o aproveitamento da \u00e1gua da chuva.","breadcrumb":{"@id":"https:\/\/blog.maciterneecolo.fr\/pt-pt\/posso-ligar-a-minha-cisterna-flexivel-para-fornecer-o-autoclismo-da-minha-sanita-e-para-a-minha-maquina-de-lavar\/#breadcrumb"},"inLanguage":"pt-PT","potentialAction":[{"@type":"ReadAction","target":["https:\/\/blog.maciterneecolo.fr\/pt-pt\/posso-ligar-a-minha-cisterna-flexivel-para-fornecer-o-autoclismo-da-minha-sanita-e-para-a-minha-maquina-de-lavar\/"]}]},{"@type":"ImageObject","inLanguage":"pt-PT","@id":"https:\/\/blog.maciterneecolo.fr\/pt-pt\/posso-ligar-a-minha-cisterna-flexivel-para-fornecer-o-autoclismo-da-minha-sanita-e-para-a-minha-maquina-de-lavar\/#primaryimage","url":"https:\/\/blog.maciterneecolo.fr\/wp-content\/uploads\/2023\/03\/pexels-karolina-grabowska-4239015-scaled.jpg","contentUrl":"https:\/\/blog.maciterneecolo.fr\/wp-content\/uploads\/2023\/03\/pexels-karolina-grabowska-4239015-scaled.jpg","width":2560,"height":1707,"caption":"R\u00e9cup\u00e9rez vos eaux de pluie pour alimenter vos toilettes et votre lave-linge"},{"@type":"BreadcrumbList","@id":"https:\/\/blog.maciterneecolo.fr\/pt-pt\/posso-ligar-a-minha-cisterna-flexivel-para-fornecer-o-autoclismo-da-minha-sanita-e-para-a-minha-maquina-de-lavar\/#breadcrumb","itemListElement":[{"@type":"ListItem","position":1,"name":"Accueil","item":"https:\/\/blog.maciterneecolo.fr\/pt-pt\/"},{"@type":"ListItem","position":2,"name":"Posso ligar a minha cisterna flex\u00edvel para fornecer o autoclismo da minha sanita? e para a minha m\u00e1quina de lavar?"}]},{"@type":"WebSite","@id":"https:\/\/blog.maciterneecolo.fr\/pt-pt\/#website","url":"https:\/\/blog.maciterneecolo.fr\/pt-pt\/","name":"Blog Ma Citerne Ecolo","description":"Leader dans le domaine de la citerne souple d&#039;eau de pluie","publisher":{"@id":"https:\/\/blog.maciterneecolo.fr\/pt-pt\/#organization"},"potentialAction":[{"@type":"SearchAction","target":{"@type":"EntryPoint","urlTemplate":"https:\/\/blog.maciterneecolo.fr\/pt-pt\/?s={search_term_string}"},"query-input":{"@type":"PropertyValueSpecification","valueRequired":true,"valueName":"search_term_string"}}],"inLanguage":"pt-PT"},{"@type":"Organization","@id":"https:\/\/blog.maciterneecolo.fr\/pt-pt\/#organization","name":"Blog Ma Citerne Ecolo","url":"https:\/\/blog.maciterneecolo.fr\/pt-pt\/","logo":{"@type":"ImageObject","inLanguage":"pt-PT","@id":"https:\/\/blog.maciterneecolo.fr\/pt-pt\/#\/schema\/logo\/image\/","url":"https:\/\/blog.maciterneecolo.fr\/wp-content\/uploads\/2022\/12\/cropped-favicon-blog.png","contentUrl":"https:\/\/blog.maciterneecolo.fr\/wp-content\/uploads\/2022\/12\/cropped-favicon-blog.png","width":512,"height":512,"caption":"Blog Ma Citerne Ecolo"},"image":{"@id":"https:\/\/blog.maciterneecolo.fr\/pt-pt\/#\/schema\/logo\/image\/"}},{"@type":"Person","@id":"https:\/\/blog.maciterneecolo.fr\/pt-pt\/#\/schema\/person\/5155970109fa48d9d3d76c40bba36979","name":"Alexis DANG","image":{"@type":"ImageObject","inLanguage":"pt-PT","@id":"https:\/\/secure.gravatar.com\/avatar\/24c2478f0bab29db5e937d0340f0c4cac15d0b1d9a9adf0853c6bf3f9d885c94?s=96&d=mm&r=g","url":"https:\/\/secure.gravatar.com\/avatar\/24c2478f0bab29db5e937d0340f0c4cac15d0b1d9a9adf0853c6bf3f9d885c94?s=96&d=mm&r=g","contentUrl":"https:\/\/secure.gravatar.com\/avatar\/24c2478f0bab29db5e937d0340f0c4cac15d0b1d9a9adf0853c6bf3f9d885c94?s=96&d=mm&r=g","caption":"Alexis DANG"},"url":"https:\/\/blog.maciterneecolo.fr\/pt-pt\/author\/alexis-dang\/"}]}},"_links":{"self":[{"href":"https:\/\/blog.maciterneecolo.fr\/pt-pt\/wp-json\/wp\/v2\/posts\/6366","targetHints":{"allow":["GET"]}}],"collection":[{"href":"https:\/\/blog.maciterneecolo.fr\/pt-pt\/wp-json\/wp\/v2\/posts"}],"about":[{"href":"https:\/\/blog.maciterneecolo.fr\/pt-pt\/wp-json\/wp\/v2\/types\/post"}],"author":[{"embeddable":true,"href":"https:\/\/blog.maciterneecolo.fr\/pt-pt\/wp-json\/wp\/v2\/users\/5"}],"replies":[{"embeddable":true,"href":"https:\/\/blog.maciterneecolo.fr\/pt-pt\/wp-json\/wp\/v2\/comments?post=6366"}],"version-history":[{"count":4,"href":"https:\/\/blog.maciterneecolo.fr\/pt-pt\/wp-json\/wp\/v2\/posts\/6366\/revisions"}],"predecessor-version":[{"id":7581,"href":"https:\/\/blog.maciterneecolo.fr\/pt-pt\/wp-json\/wp\/v2\/posts\/6366\/revisions\/7581"}],"wp:featuredmedia":[{"embeddable":true,"href":"https:\/\/blog.maciterneecolo.fr\/pt-pt\/wp-json\/wp\/v2\/media\/6116"}],"wp:attachment":[{"href":"https:\/\/blog.maciterneecolo.fr\/pt-pt\/wp-json\/wp\/v2\/media?parent=6366"}],"wp:term":[{"taxonomy":"category","embeddable":true,"href":"https:\/\/blog.maciterneecolo.fr\/pt-pt\/wp-json\/wp\/v2\/categories?post=6366"},{"taxonomy":"post_tag","embeddable":true,"href":"https:\/\/blog.maciterneecolo.fr\/pt-pt\/wp-json\/wp\/v2\/tags?post=6366"}],"curies":[{"name":"wp","href":"https:\/\/api.w.org\/{rel}","templated":true}]}}