{"id":6483,"date":"2023-03-30T12:18:55","date_gmt":"2023-03-30T12:18:55","guid":{"rendered":"https:\/\/blog.maciterneecolo.fr\/?p=6483"},"modified":"2023-07-28T08:00:43","modified_gmt":"2023-07-28T08:00:43","slug":"como-posso-recolher-agua-de-varias-caleiras","status":"publish","type":"post","link":"https:\/\/blog.maciterneecolo.fr\/pt-pt\/como-posso-recolher-agua-de-varias-caleiras\/","title":{"rendered":"Como posso recolher \u00e1gua de v\u00e1rias caleiras"},"content":{"rendered":"\n<h2 class=\"wp-block-heading\">Um guia pr\u00e1tico para recolher a \u00e1gua da chuva de v\u00e1rias caleiras<\/h2>\n\n<p>  Em primeiro lugar, a recolha de \u00e1gua da chuva \u00e9 uma forma ecol\u00f3gica e econ\u00f3mica de reduzir o consumo de \u00e1gua pot\u00e1vel. Neste artigo, vamos explicar como recolher eficazmente a \u00e1gua da chuva de v\u00e1rias caleiras. Para maximizar a quantidade de \u00e1gua recuperada no seu <a href=\"https:\/\/www.maciterneecolo.fr\/fr\/3-citernes-souples\" target=\"_blank\" rel=\"noreferrer noopener\">\n  <strong>reservat\u00f3rio flex\u00edvel<\/strong>\n<\/a>. Siga os nossos conselhos para optimizar o seu sistema de recolha e tirar o m\u00e1ximo partido deste recurso natural. Com um sistema de recolha da \u00e1gua da chuva, pode facilmente recuperar at\u00e9 70 m\u00b3 de \u00e1gua da chuva para um telhado de 100 m\u00b2.  <\/p>\n\n<p> <\/p>\n\n<h3 class=\"wp-block-heading\">An\u00e1lise das necessidades e capacidade de armazenamento :  <\/h3>\n\n<p>No entanto, antes de instalar um sistema de recolha de \u00e1guas pluviais. Ter\u00e1 de avaliar as suas necessidades de \u00e1gua e determinar a capacidade de armazenamento necess\u00e1ria. Ter\u00e1 de identificar as utiliza\u00e7\u00f5es que deseja dar \u00e0 \u00e1gua recolhida do seu telhado. Se est\u00e1 a planear regar o seu jardim ou horta, lavar o seu carro ou ligar o seu dep\u00f3sito flex\u00edvel ao abastecimento de \u00e1gua da sua casa de banho. Nesse caso, \u00e9 necess\u00e1rio optar por um <a href=\"https:\/\/www.maciterneecolo.fr\/fr\/3-citernes-souples\" target=\"_blank\" rel=\"noreferrer noopener\">reservat\u00f3rio flex\u00edvel<\/a> de grande capacidade. Eis como escolher o seu reservat\u00f3rio de \u00e1gua da chuva. Deve tamb\u00e9m ter em conta a \u00e1rea de superf\u00edcie do seu telhado e a precipita\u00e7\u00e3o m\u00e9dia na sua regi\u00e3o. Quanto maior for a \u00e1rea do telhado, mais \u00e1gua pode ser recuperada. No entanto, se tiver a \u00e1rea de superf\u00edcie correcta. Nesse caso, \u00e9 melhor optar por um sistema de recolha de \u00e1guas pluviais que possa armazenar v\u00e1rios milhares de litros.  <\/p>\n\n<p><\/p>\n\n<h4 class=\"wp-block-heading\">Escolher o material certo :  <\/h4>\n\n<p>Para recolher a \u00e1gua de v\u00e1rias caleiras, \u00e9 necess\u00e1rio o equipamento adequado. Por exemplo, um coletor de caleira, tubos de liga\u00e7\u00e3o e um tanque de armazenamento. Certifique-se de que escolhe equipamento de alta qualidade, resistente \u00e0s intemp\u00e9ries e em conformidade com as normas actuais. Como a que propomos em MaCiterneEcolo.fr. \u00c9 tamb\u00e9m importante seleccionar o colector de caleiras adequado para a forma das suas caleiras. Oferecemos 4 modelos de colectores que podem ser facilmente adaptados a todas as configura\u00e7\u00f5es. Encontre todos os nossos modelos <strong>\n  <a href=\"https:\/\/www.maciterneecolo.fr\/fr\/10-collecteur-de-gouttiere-eau-de-pluie-\" target=\"_blank\" rel=\"noreferrer noopener\">aqui<\/a>\n<\/strong>.  <\/p>\n\n<p> <\/p>\n\n<figure class=\"wp-block-image size-full\"><img fetchpriority=\"high\" decoding=\"async\" width=\"981\" height=\"842\" src=\"https:\/\/blog.maciterneecolo.fr\/wp-content\/uploads\/2023\/03\/raccordement-plusieurs-gouttiere.png\" alt=\"\" class=\"wp-image-6446\" srcset=\"https:\/\/blog.maciterneecolo.fr\/wp-content\/uploads\/2023\/03\/raccordement-plusieurs-gouttiere.png 981w, https:\/\/blog.maciterneecolo.fr\/wp-content\/uploads\/2023\/03\/raccordement-plusieurs-gouttiere-300x257.png 300w, https:\/\/blog.maciterneecolo.fr\/wp-content\/uploads\/2023\/03\/raccordement-plusieurs-gouttiere-768x659.png 768w\" sizes=\"(max-width: 981px) 100vw, 981px\" \/><\/figure>\n<p> <\/p>\n\n<h4 class=\"wp-block-heading\">Instala\u00e7\u00e3o de pontos de venda de sarjetas :  <\/h4>\n\n<p>Se quiser recolher a \u00e1gua da chuva de v\u00e1rias calhas. \u00c9 necess\u00e1rio instalar um coletor de caleira para cada caleira utilizada para fornecer \u00e1gua da chuva \u00e0 sua cisterna flex\u00edvel. Estes dispositivos filtram os detritos e dirigem a \u00e1gua da chuva para o seu dep\u00f3sito de \u00e1gua. Certifique-se de que s\u00e3o instalados a uma altura adequada. O coletor deve ser colocado pelo menos 20 cent\u00edmetros mais alto do que o seu <a href=\"https:\/\/www.maciterneecolo.fr\/fr\/3-citernes-souples\" target=\"_blank\" rel=\"noreferrer noopener\">coletor de \u00e1gua flex\u00edvel<\/a> para que a gravidade funcione e a \u00e1gua dos seus tubos de queda seja direccionada para o tanque atrav\u00e9s do tubo em espiral. Ter\u00e1 tamb\u00e9m de ter em conta o declive do terreno \u00e0 volta da sua casa e a dist\u00e2ncia at\u00e9 ao dep\u00f3sito de armazenamento.  <\/p>\n\n<p> <\/p>\n\n<h4 class=\"wp-block-heading\">Liga\u00e7\u00e3o de caleiras :  <\/h4>\n\n<p>Ligar as sa\u00eddas de sarjeta umas \u00e0s outras utilizando tubos adequados. Escolher tubos de PVC ou HDPE, que s\u00e3o fortes e dur\u00e1veis. Certifique-se de que est\u00e3o bem fixados e ligeiramente inclinados para facilitar o fluxo de \u00e1gua. A rede de tubagens deve convergir num ponto central para um encaminhamento eficiente para o tanque de armazenamento. Se houver v\u00e1rios tubos de queda a encaminhar a \u00e1gua da chuva para o dep\u00f3sito de \u00e1gua. Pode utilizar um conetor em T para ligar os tubos das v\u00e1rias sa\u00eddas da caleira ao cotovelo de enchimento.  <\/p>\n\n<p> <\/p>\n\n<h4 class=\"wp-block-heading\">Instala\u00e7\u00e3o do tanque de armazenamento :  <\/h4>\n\n<p>Escolha um tanque de armazenamento que se adapte \u00e0s suas necessidades em termos de capacidade e materiais. A maior parte das cisternas de MaCiterneEcolo.fr s\u00e3o de PVC. S\u00e3o tamb\u00e9m particularmente populares pela sua resist\u00eancia e leveza. Colocar o reservat\u00f3rio numa superf\u00edcie est\u00e1vel e plana. Deixar espa\u00e7o suficiente para a manuten\u00e7\u00e3o e a limpeza. Em particular, quando o tanque \u00e9 instalado debaixo de um espa\u00e7o de rastejamento ou terra\u00e7o, deve deixar uma m\u00e9dia de 20 cent\u00edmetros entre o tanque e as paredes do espa\u00e7o de rastejamento ou terra\u00e7o. Este espa\u00e7o \u00e9 necess\u00e1rio para um acesso f\u00e1cil e seguro \u00e0s v\u00e1rias liga\u00e7\u00f5es (v\u00e1lvula, tubo, ou tampa de rosca).  <\/p>\n\n<p> <\/p>\n\n<h4 class=\"wp-block-heading\">Manuten\u00e7\u00e3o do sistema de recolha :  <\/h4>\n\n<p>Para garantir que o seu sistema de recolha de \u00e1gua da chuva funcione correctamente, \u00e9 essencial uma manuten\u00e7\u00e3o regular. Inspeccionar caleiras, colectores e tubagens para detectar sinais de desgaste, deforma\u00e7\u00e3o ou bloqueio. Limpar algerozes e colectores de detritos, folhas e outros detritos para assegurar um fluxo de \u00e1gua \u00f3ptimo. Alguns dos nossos colectores de caleira t\u00eam filtros incorporados que lhe permitem pr\u00e9-filtrar a \u00e1gua recolhida na sua cisterna. Dependendo do sistema que escolher, n\u00e3o \u00e9 necess\u00e1rio instalar um sistema de filtragem de \u00e1gua a montante da sua cisterna. No entanto, recomenda-se a limpeza das caleiras envolvidas na recolha da \u00e1gua da chuva uma vez por ano. Se isto n\u00e3o for feito, recomendamos a instala\u00e7\u00e3o de uma capta\u00e7\u00e3o de \u00e1gua da chuva para assegurar a filtragem adequada da \u00e1gua da chuva recolhida no tanque de \u00e1gua.  <\/p>\n\n<p> <\/p>\n\n<h4 class=\"wp-block-heading\">Utiliza\u00e7\u00e3o da \u00e1gua recolhida :  <\/h4>\n\n<p>A \u00e1gua da chuva recuperada pode ser utilizada para regar o jardim, lavar o carro, ou para fins sanit\u00e1rios e de lavandaria, desde que seja devidamente tratada e filtrada. Considerar os regulamentos locais e normas de qualidade da \u00e1gua para determinar as utiliza\u00e7\u00f5es permitidas da \u00e1gua recolhida.  <\/p>\n\n<p> <\/p>\n\n<h3 class=\"wp-block-heading\">Conclus\u00e3o:  <\/h3>\n\n<p>Seguindo estas etapas, pode criar um sistema eficiente para recolher a \u00e1gua da chuva de v\u00e1rias caleiras. Isto permitir-lhe-\u00e1 desfrutar dos benef\u00edcios econ\u00f3micos e ecol\u00f3gicos deste recurso natural, ajudando ao mesmo tempo a preservar o ambiente e a reduzir a sua pegada de \u00e1gua. N\u00e3o hesite em contactar-nos para o ajudar a implementar o seu projeto <a href=\"https:\/\/www.maciterneecolo.fr\/fr\/3-citernes-souples\" target=\"_blank\" rel=\"noreferrer noopener\">de recolha de \u00e1guas pluviais<\/a> e garantir o sucesso da sua instala\u00e7\u00e3o.  <\/p>\n","protected":false},"excerpt":{"rendered":"<p>Um guia pr\u00e1tico para recolher a \u00e1gua da chuva de v\u00e1rias caleiras Em primeiro lugar, a recolha de \u00e1gua da chuva \u00e9 uma forma ecol\u00f3gica e econ\u00f3mica de reduzir o consumo de \u00e1gua pot\u00e1vel. Neste artigo, vamos explicar como recolher eficazmente a \u00e1gua da chuva de v\u00e1rias caleiras. Para maximizar a quantidade de \u00e1gua recuperada [&hellip;]<\/p>\n","protected":false},"author":5,"featured_media":6464,"comment_status":"closed","ping_status":"closed","sticky":false,"template":"","format":"standard","meta":{"inline_featured_image":false,"footnotes":""},"categories":[88],"tags":[2051,2052,66],"class_list":["post-6483","post","type-post","status-publish","format-standard","has-post-thumbnail","hentry","category-tanques-flexiveis","tag-gutter","tag-recolher","tag-tanque-flexivel"],"yoast_head":"<!-- This site is optimized with the Yoast SEO plugin v27.5 - https:\/\/yoast.com\/product\/yoast-seo-wordpress\/ -->\n<title>Como posso recolher \u00e1gua de v\u00e1rias caleiras?<\/title>\n<meta name=\"description\" content=\"Descubra as melhores t\u00e9cnicas para recolher eficazmente as \u00e1guas pluviais de v\u00e1rias caleiras...\" \/>\n<meta name=\"robots\" content=\"index, follow, max-snippet:-1, max-image-preview:large, max-video-preview:-1\" \/>\n<link rel=\"canonical\" href=\"https:\/\/blog.maciterneecolo.fr\/pt-pt\/como-posso-recolher-agua-de-varias-caleiras\/\" \/>\n<meta property=\"og:locale\" content=\"pt_PT\" \/>\n<meta property=\"og:type\" content=\"article\" \/>\n<meta property=\"og:title\" content=\"Como posso recolher \u00e1gua de v\u00e1rias caleiras?\" \/>\n<meta property=\"og:description\" content=\"Descubra as melhores t\u00e9cnicas para recolher eficazmente as \u00e1guas pluviais de v\u00e1rias caleiras...\" \/>\n<meta property=\"og:url\" content=\"https:\/\/blog.maciterneecolo.fr\/pt-pt\/como-posso-recolher-agua-de-varias-caleiras\/\" \/>\n<meta property=\"og:site_name\" content=\"Blog Ma Citerne Ecolo\" \/>\n<meta property=\"article:published_time\" content=\"2023-03-30T12:18:55+00:00\" \/>\n<meta property=\"article:modified_time\" content=\"2023-07-28T08:00:43+00:00\" \/>\n<meta property=\"og:image\" content=\"https:\/\/blog.maciterneecolo.fr\/wp-content\/uploads\/2023\/03\/pexels-pixabay-276593-scaled.jpg\" \/>\n\t<meta property=\"og:image:width\" content=\"2560\" \/>\n\t<meta property=\"og:image:height\" content=\"1920\" \/>\n\t<meta property=\"og:image:type\" content=\"image\/jpeg\" \/>\n<meta name=\"author\" content=\"Alexis DANG\" \/>\n<meta name=\"twitter:card\" content=\"summary_large_image\" \/>\n<meta name=\"twitter:label1\" content=\"Escrito por\" \/>\n\t<meta name=\"twitter:data1\" content=\"Alexis DANG\" \/>\n\t<meta name=\"twitter:label2\" content=\"Tempo estimado de leitura\" \/>\n\t<meta name=\"twitter:data2\" content=\"5 minutos\" \/>\n<script type=\"application\/ld+json\" class=\"yoast-schema-graph\">{\"@context\":\"https:\\\/\\\/schema.org\",\"@graph\":[{\"@type\":\"Article\",\"@id\":\"https:\\\/\\\/blog.maciterneecolo.fr\\\/pt-pt\\\/como-posso-recolher-agua-de-varias-caleiras\\\/#article\",\"isPartOf\":{\"@id\":\"https:\\\/\\\/blog.maciterneecolo.fr\\\/pt-pt\\\/como-posso-recolher-agua-de-varias-caleiras\\\/\"},\"author\":{\"name\":\"Alexis DANG\",\"@id\":\"https:\\\/\\\/blog.maciterneecolo.fr\\\/pt-pt\\\/#\\\/schema\\\/person\\\/5155970109fa48d9d3d76c40bba36979\"},\"headline\":\"Como posso recolher \u00e1gua de v\u00e1rias caleiras\",\"datePublished\":\"2023-03-30T12:18:55+00:00\",\"dateModified\":\"2023-07-28T08:00:43+00:00\",\"mainEntityOfPage\":{\"@id\":\"https:\\\/\\\/blog.maciterneecolo.fr\\\/pt-pt\\\/como-posso-recolher-agua-de-varias-caleiras\\\/\"},\"wordCount\":1030,\"publisher\":{\"@id\":\"https:\\\/\\\/blog.maciterneecolo.fr\\\/pt-pt\\\/#organization\"},\"image\":{\"@id\":\"https:\\\/\\\/blog.maciterneecolo.fr\\\/pt-pt\\\/como-posso-recolher-agua-de-varias-caleiras\\\/#primaryimage\"},\"thumbnailUrl\":\"https:\\\/\\\/blog.maciterneecolo.fr\\\/wp-content\\\/uploads\\\/2023\\\/03\\\/pexels-pixabay-276593-scaled.jpg\",\"keywords\":[\"Gutter\",\"Recolher\",\"tanque flex\u00edvel\"],\"articleSection\":[\"Tanques Flex\u00edveis\"],\"inLanguage\":\"pt-PT\"},{\"@type\":\"WebPage\",\"@id\":\"https:\\\/\\\/blog.maciterneecolo.fr\\\/pt-pt\\\/como-posso-recolher-agua-de-varias-caleiras\\\/\",\"url\":\"https:\\\/\\\/blog.maciterneecolo.fr\\\/pt-pt\\\/como-posso-recolher-agua-de-varias-caleiras\\\/\",\"name\":\"Como posso recolher \u00e1gua de v\u00e1rias caleiras?\",\"isPartOf\":{\"@id\":\"https:\\\/\\\/blog.maciterneecolo.fr\\\/pt-pt\\\/#website\"},\"primaryImageOfPage\":{\"@id\":\"https:\\\/\\\/blog.maciterneecolo.fr\\\/pt-pt\\\/como-posso-recolher-agua-de-varias-caleiras\\\/#primaryimage\"},\"image\":{\"@id\":\"https:\\\/\\\/blog.maciterneecolo.fr\\\/pt-pt\\\/como-posso-recolher-agua-de-varias-caleiras\\\/#primaryimage\"},\"thumbnailUrl\":\"https:\\\/\\\/blog.maciterneecolo.fr\\\/wp-content\\\/uploads\\\/2023\\\/03\\\/pexels-pixabay-276593-scaled.jpg\",\"datePublished\":\"2023-03-30T12:18:55+00:00\",\"dateModified\":\"2023-07-28T08:00:43+00:00\",\"description\":\"Descubra as melhores t\u00e9cnicas para recolher eficazmente as \u00e1guas pluviais de v\u00e1rias caleiras...\",\"breadcrumb\":{\"@id\":\"https:\\\/\\\/blog.maciterneecolo.fr\\\/pt-pt\\\/como-posso-recolher-agua-de-varias-caleiras\\\/#breadcrumb\"},\"inLanguage\":\"pt-PT\",\"potentialAction\":[{\"@type\":\"ReadAction\",\"target\":[\"https:\\\/\\\/blog.maciterneecolo.fr\\\/pt-pt\\\/como-posso-recolher-agua-de-varias-caleiras\\\/\"]}]},{\"@type\":\"ImageObject\",\"inLanguage\":\"pt-PT\",\"@id\":\"https:\\\/\\\/blog.maciterneecolo.fr\\\/pt-pt\\\/como-posso-recolher-agua-de-varias-caleiras\\\/#primaryimage\",\"url\":\"https:\\\/\\\/blog.maciterneecolo.fr\\\/wp-content\\\/uploads\\\/2023\\\/03\\\/pexels-pixabay-276593-scaled.jpg\",\"contentUrl\":\"https:\\\/\\\/blog.maciterneecolo.fr\\\/wp-content\\\/uploads\\\/2023\\\/03\\\/pexels-pixabay-276593-scaled.jpg\",\"width\":2560,\"height\":1920,\"caption\":\"Comment collecter l'eau de pluie provenant de plusieurs goutti\u00e8res\"},{\"@type\":\"BreadcrumbList\",\"@id\":\"https:\\\/\\\/blog.maciterneecolo.fr\\\/pt-pt\\\/como-posso-recolher-agua-de-varias-caleiras\\\/#breadcrumb\",\"itemListElement\":[{\"@type\":\"ListItem\",\"position\":1,\"name\":\"Accueil\",\"item\":\"https:\\\/\\\/blog.maciterneecolo.fr\\\/pt-pt\\\/\"},{\"@type\":\"ListItem\",\"position\":2,\"name\":\"Como posso recolher \u00e1gua de v\u00e1rias caleiras\"}]},{\"@type\":\"WebSite\",\"@id\":\"https:\\\/\\\/blog.maciterneecolo.fr\\\/pt-pt\\\/#website\",\"url\":\"https:\\\/\\\/blog.maciterneecolo.fr\\\/pt-pt\\\/\",\"name\":\"Blog Ma Citerne Ecolo\",\"description\":\"Leader dans le domaine de la citerne souple d&#039;eau de pluie\",\"publisher\":{\"@id\":\"https:\\\/\\\/blog.maciterneecolo.fr\\\/pt-pt\\\/#organization\"},\"potentialAction\":[{\"@type\":\"SearchAction\",\"target\":{\"@type\":\"EntryPoint\",\"urlTemplate\":\"https:\\\/\\\/blog.maciterneecolo.fr\\\/pt-pt\\\/?s={search_term_string}\"},\"query-input\":{\"@type\":\"PropertyValueSpecification\",\"valueRequired\":true,\"valueName\":\"search_term_string\"}}],\"inLanguage\":\"pt-PT\"},{\"@type\":\"Organization\",\"@id\":\"https:\\\/\\\/blog.maciterneecolo.fr\\\/pt-pt\\\/#organization\",\"name\":\"Blog Ma Citerne Ecolo\",\"url\":\"https:\\\/\\\/blog.maciterneecolo.fr\\\/pt-pt\\\/\",\"logo\":{\"@type\":\"ImageObject\",\"inLanguage\":\"pt-PT\",\"@id\":\"https:\\\/\\\/blog.maciterneecolo.fr\\\/pt-pt\\\/#\\\/schema\\\/logo\\\/image\\\/\",\"url\":\"https:\\\/\\\/blog.maciterneecolo.fr\\\/wp-content\\\/uploads\\\/2022\\\/12\\\/cropped-favicon-blog.png\",\"contentUrl\":\"https:\\\/\\\/blog.maciterneecolo.fr\\\/wp-content\\\/uploads\\\/2022\\\/12\\\/cropped-favicon-blog.png\",\"width\":512,\"height\":512,\"caption\":\"Blog Ma Citerne Ecolo\"},\"image\":{\"@id\":\"https:\\\/\\\/blog.maciterneecolo.fr\\\/pt-pt\\\/#\\\/schema\\\/logo\\\/image\\\/\"}},{\"@type\":\"Person\",\"@id\":\"https:\\\/\\\/blog.maciterneecolo.fr\\\/pt-pt\\\/#\\\/schema\\\/person\\\/5155970109fa48d9d3d76c40bba36979\",\"name\":\"Alexis DANG\",\"image\":{\"@type\":\"ImageObject\",\"inLanguage\":\"pt-PT\",\"@id\":\"https:\\\/\\\/secure.gravatar.com\\\/avatar\\\/24c2478f0bab29db5e937d0340f0c4cac15d0b1d9a9adf0853c6bf3f9d885c94?s=96&d=mm&r=g\",\"url\":\"https:\\\/\\\/secure.gravatar.com\\\/avatar\\\/24c2478f0bab29db5e937d0340f0c4cac15d0b1d9a9adf0853c6bf3f9d885c94?s=96&d=mm&r=g\",\"contentUrl\":\"https:\\\/\\\/secure.gravatar.com\\\/avatar\\\/24c2478f0bab29db5e937d0340f0c4cac15d0b1d9a9adf0853c6bf3f9d885c94?s=96&d=mm&r=g\",\"caption\":\"Alexis DANG\"},\"url\":\"https:\\\/\\\/blog.maciterneecolo.fr\\\/pt-pt\\\/author\\\/alexis-dang\\\/\"}]}<\/script>\n<!-- \/ Yoast SEO plugin. -->","yoast_head_json":{"title":"Como posso recolher \u00e1gua de v\u00e1rias caleiras?","description":"Descubra as melhores t\u00e9cnicas para recolher eficazmente as \u00e1guas pluviais de v\u00e1rias caleiras...","robots":{"index":"index","follow":"follow","max-snippet":"max-snippet:-1","max-image-preview":"max-image-preview:large","max-video-preview":"max-video-preview:-1"},"canonical":"https:\/\/blog.maciterneecolo.fr\/pt-pt\/como-posso-recolher-agua-de-varias-caleiras\/","og_locale":"pt_PT","og_type":"article","og_title":"Como posso recolher \u00e1gua de v\u00e1rias caleiras?","og_description":"Descubra as melhores t\u00e9cnicas para recolher eficazmente as \u00e1guas pluviais de v\u00e1rias caleiras...","og_url":"https:\/\/blog.maciterneecolo.fr\/pt-pt\/como-posso-recolher-agua-de-varias-caleiras\/","og_site_name":"Blog Ma Citerne Ecolo","article_published_time":"2023-03-30T12:18:55+00:00","article_modified_time":"2023-07-28T08:00:43+00:00","og_image":[{"width":2560,"height":1920,"url":"https:\/\/blog.maciterneecolo.fr\/wp-content\/uploads\/2023\/03\/pexels-pixabay-276593-scaled.jpg","type":"image\/jpeg"}],"author":"Alexis DANG","twitter_card":"summary_large_image","twitter_misc":{"Escrito por":"Alexis DANG","Tempo estimado de leitura":"5 minutos"},"schema":{"@context":"https:\/\/schema.org","@graph":[{"@type":"Article","@id":"https:\/\/blog.maciterneecolo.fr\/pt-pt\/como-posso-recolher-agua-de-varias-caleiras\/#article","isPartOf":{"@id":"https:\/\/blog.maciterneecolo.fr\/pt-pt\/como-posso-recolher-agua-de-varias-caleiras\/"},"author":{"name":"Alexis DANG","@id":"https:\/\/blog.maciterneecolo.fr\/pt-pt\/#\/schema\/person\/5155970109fa48d9d3d76c40bba36979"},"headline":"Como posso recolher \u00e1gua de v\u00e1rias caleiras","datePublished":"2023-03-30T12:18:55+00:00","dateModified":"2023-07-28T08:00:43+00:00","mainEntityOfPage":{"@id":"https:\/\/blog.maciterneecolo.fr\/pt-pt\/como-posso-recolher-agua-de-varias-caleiras\/"},"wordCount":1030,"publisher":{"@id":"https:\/\/blog.maciterneecolo.fr\/pt-pt\/#organization"},"image":{"@id":"https:\/\/blog.maciterneecolo.fr\/pt-pt\/como-posso-recolher-agua-de-varias-caleiras\/#primaryimage"},"thumbnailUrl":"https:\/\/blog.maciterneecolo.fr\/wp-content\/uploads\/2023\/03\/pexels-pixabay-276593-scaled.jpg","keywords":["Gutter","Recolher","tanque flex\u00edvel"],"articleSection":["Tanques Flex\u00edveis"],"inLanguage":"pt-PT"},{"@type":"WebPage","@id":"https:\/\/blog.maciterneecolo.fr\/pt-pt\/como-posso-recolher-agua-de-varias-caleiras\/","url":"https:\/\/blog.maciterneecolo.fr\/pt-pt\/como-posso-recolher-agua-de-varias-caleiras\/","name":"Como posso recolher \u00e1gua de v\u00e1rias caleiras?","isPartOf":{"@id":"https:\/\/blog.maciterneecolo.fr\/pt-pt\/#website"},"primaryImageOfPage":{"@id":"https:\/\/blog.maciterneecolo.fr\/pt-pt\/como-posso-recolher-agua-de-varias-caleiras\/#primaryimage"},"image":{"@id":"https:\/\/blog.maciterneecolo.fr\/pt-pt\/como-posso-recolher-agua-de-varias-caleiras\/#primaryimage"},"thumbnailUrl":"https:\/\/blog.maciterneecolo.fr\/wp-content\/uploads\/2023\/03\/pexels-pixabay-276593-scaled.jpg","datePublished":"2023-03-30T12:18:55+00:00","dateModified":"2023-07-28T08:00:43+00:00","description":"Descubra as melhores t\u00e9cnicas para recolher eficazmente as \u00e1guas pluviais de v\u00e1rias caleiras...","breadcrumb":{"@id":"https:\/\/blog.maciterneecolo.fr\/pt-pt\/como-posso-recolher-agua-de-varias-caleiras\/#breadcrumb"},"inLanguage":"pt-PT","potentialAction":[{"@type":"ReadAction","target":["https:\/\/blog.maciterneecolo.fr\/pt-pt\/como-posso-recolher-agua-de-varias-caleiras\/"]}]},{"@type":"ImageObject","inLanguage":"pt-PT","@id":"https:\/\/blog.maciterneecolo.fr\/pt-pt\/como-posso-recolher-agua-de-varias-caleiras\/#primaryimage","url":"https:\/\/blog.maciterneecolo.fr\/wp-content\/uploads\/2023\/03\/pexels-pixabay-276593-scaled.jpg","contentUrl":"https:\/\/blog.maciterneecolo.fr\/wp-content\/uploads\/2023\/03\/pexels-pixabay-276593-scaled.jpg","width":2560,"height":1920,"caption":"Comment collecter l'eau de pluie provenant de plusieurs goutti\u00e8res"},{"@type":"BreadcrumbList","@id":"https:\/\/blog.maciterneecolo.fr\/pt-pt\/como-posso-recolher-agua-de-varias-caleiras\/#breadcrumb","itemListElement":[{"@type":"ListItem","position":1,"name":"Accueil","item":"https:\/\/blog.maciterneecolo.fr\/pt-pt\/"},{"@type":"ListItem","position":2,"name":"Como posso recolher \u00e1gua de v\u00e1rias caleiras"}]},{"@type":"WebSite","@id":"https:\/\/blog.maciterneecolo.fr\/pt-pt\/#website","url":"https:\/\/blog.maciterneecolo.fr\/pt-pt\/","name":"Blog Ma Citerne Ecolo","description":"Leader dans le domaine de la citerne souple d&#039;eau de pluie","publisher":{"@id":"https:\/\/blog.maciterneecolo.fr\/pt-pt\/#organization"},"potentialAction":[{"@type":"SearchAction","target":{"@type":"EntryPoint","urlTemplate":"https:\/\/blog.maciterneecolo.fr\/pt-pt\/?s={search_term_string}"},"query-input":{"@type":"PropertyValueSpecification","valueRequired":true,"valueName":"search_term_string"}}],"inLanguage":"pt-PT"},{"@type":"Organization","@id":"https:\/\/blog.maciterneecolo.fr\/pt-pt\/#organization","name":"Blog Ma Citerne Ecolo","url":"https:\/\/blog.maciterneecolo.fr\/pt-pt\/","logo":{"@type":"ImageObject","inLanguage":"pt-PT","@id":"https:\/\/blog.maciterneecolo.fr\/pt-pt\/#\/schema\/logo\/image\/","url":"https:\/\/blog.maciterneecolo.fr\/wp-content\/uploads\/2022\/12\/cropped-favicon-blog.png","contentUrl":"https:\/\/blog.maciterneecolo.fr\/wp-content\/uploads\/2022\/12\/cropped-favicon-blog.png","width":512,"height":512,"caption":"Blog Ma Citerne Ecolo"},"image":{"@id":"https:\/\/blog.maciterneecolo.fr\/pt-pt\/#\/schema\/logo\/image\/"}},{"@type":"Person","@id":"https:\/\/blog.maciterneecolo.fr\/pt-pt\/#\/schema\/person\/5155970109fa48d9d3d76c40bba36979","name":"Alexis DANG","image":{"@type":"ImageObject","inLanguage":"pt-PT","@id":"https:\/\/secure.gravatar.com\/avatar\/24c2478f0bab29db5e937d0340f0c4cac15d0b1d9a9adf0853c6bf3f9d885c94?s=96&d=mm&r=g","url":"https:\/\/secure.gravatar.com\/avatar\/24c2478f0bab29db5e937d0340f0c4cac15d0b1d9a9adf0853c6bf3f9d885c94?s=96&d=mm&r=g","contentUrl":"https:\/\/secure.gravatar.com\/avatar\/24c2478f0bab29db5e937d0340f0c4cac15d0b1d9a9adf0853c6bf3f9d885c94?s=96&d=mm&r=g","caption":"Alexis DANG"},"url":"https:\/\/blog.maciterneecolo.fr\/pt-pt\/author\/alexis-dang\/"}]}},"_links":{"self":[{"href":"https:\/\/blog.maciterneecolo.fr\/pt-pt\/wp-json\/wp\/v2\/posts\/6483","targetHints":{"allow":["GET"]}}],"collection":[{"href":"https:\/\/blog.maciterneecolo.fr\/pt-pt\/wp-json\/wp\/v2\/posts"}],"about":[{"href":"https:\/\/blog.maciterneecolo.fr\/pt-pt\/wp-json\/wp\/v2\/types\/post"}],"author":[{"embeddable":true,"href":"https:\/\/blog.maciterneecolo.fr\/pt-pt\/wp-json\/wp\/v2\/users\/5"}],"replies":[{"embeddable":true,"href":"https:\/\/blog.maciterneecolo.fr\/pt-pt\/wp-json\/wp\/v2\/comments?post=6483"}],"version-history":[{"count":5,"href":"https:\/\/blog.maciterneecolo.fr\/pt-pt\/wp-json\/wp\/v2\/posts\/6483\/revisions"}],"predecessor-version":[{"id":7465,"href":"https:\/\/blog.maciterneecolo.fr\/pt-pt\/wp-json\/wp\/v2\/posts\/6483\/revisions\/7465"}],"wp:featuredmedia":[{"embeddable":true,"href":"https:\/\/blog.maciterneecolo.fr\/pt-pt\/wp-json\/wp\/v2\/media\/6464"}],"wp:attachment":[{"href":"https:\/\/blog.maciterneecolo.fr\/pt-pt\/wp-json\/wp\/v2\/media?parent=6483"}],"wp:term":[{"taxonomy":"category","embeddable":true,"href":"https:\/\/blog.maciterneecolo.fr\/pt-pt\/wp-json\/wp\/v2\/categories?post=6483"},{"taxonomy":"post_tag","embeddable":true,"href":"https:\/\/blog.maciterneecolo.fr\/pt-pt\/wp-json\/wp\/v2\/tags?post=6483"}],"curies":[{"name":"wp","href":"https:\/\/api.w.org\/{rel}","templated":true}]}}